{"id":684482,"date":"2025-12-19T13:48:41","date_gmt":"2025-12-19T12:48:41","guid":{"rendered":"https:\/\/www.uges-isere.fr\/?p=684482"},"modified":"2025-12-19T13:48:41","modified_gmt":"2025-12-19T12:48:41","slug":"agir-pour-leducation-a-la-sexualite","status":"publish","type":"post","link":"https:\/\/www.uges-isere.fr\/index.php\/2025\/12\/19\/agir-pour-leducation-a-la-sexualite\/","title":{"rendered":"Agir pour l&rsquo;\u00e9ducation \u00e0 la sexualit\u00e9"},"content":{"rendered":"\n<p><strong><em>Le groupe UGES a souhait\u00e9, lors des d\u00e9bats budg\u00e9taires 2026, porter une pr\u00e9occupation forte des jeunes : celui de l\u2019\u00e9ducation \u00e0 la vie affective et relationnelle, et \u00e0 la sexualit\u00e9. <\/em><\/strong><\/p>\n\n\n\n<p>D\u00e9but d\u00e9cembre se d\u00e9roulait la journ\u00e9e de lutte contre le Sida. 5100 Fran\u00e7aises et Fran\u00e7ais ont \u00e9t\u00e9 diagnostiqu\u00e9s porteur du VIH en 2024, et parmi eux 15% de jeunes de moins de 24 ans. Pourtant, <strong>17% des 15-24 ans d\u00e9clarent n&rsquo;avoir jamais b\u00e9n\u00e9fici\u00e9 d&rsquo;une seule s\u00e9ance d\u2019\u00c9ducation \u00e0 la Vie Affective et relationnelle, et \u00e0 la sexualit\u00e9, lors de leur scolarit\u00e9.<\/strong><\/p>\n\n\n\n<p>C\u2019est pourquoi,<strong> il nous semble important que le D\u00e9partement de l\u2019Is\u00e8re puisse poursuivre et accroitre son aide \u00e0 l\u2019\u00e9ducation sexuelle <\/strong>en soutenant plus fortement les acteurs engag\u00e9s sur champ pour :<\/p>\n\n\n\n<ul class=\"wp-block-list\">\n<li>Pr\u00e9venir les violences sexistes et sexuelles,<\/li>\n\n\n\n<li>Lutter contre toutes les formes de discrimination,<\/li>\n\n\n\n<li>Promouvoir l\u2019\u00e9galit\u00e9 entre les femmes et les hommes<\/li>\n\n\n\n<li>R\u00e9duire les risques li\u00e9s \u00e0 la sant\u00e9 (notamment en mati\u00e8re de grossesses pr\u00e9coces et d\u2019Infections Sexuellement Transmissibles),<\/li>\n\n\n\n<li>Promouvoir une culture du respect et de la bienveillance.<\/li>\n<\/ul>\n\n\n\n<p>Nous pensons qu\u2019\u00e0 l\u2019heure o\u00f9 l\u2019\u00c9tat vient d\u2019\u00eatre condamn\u00e9 par le Tribunal Administratif de Paris, pour avoir\u00a0\u00abmanqu\u00e9 \u00e0 son obligation d\u2019organiser les s\u00e9ances d\u2019<a href=\"https:\/\/www.liberation.fr\/societe\/education\/education-sexuelle-a-lecole-un-programme-progressiste-adopte-en-depit-de-la-croisade-des-reactionnaires-20250130_JDSQZHC5B5CU5ETHJIDTEAH5YE\/?redirected=1\" target=\"_blank\" rel=\"noreferrer noopener\">information et d\u2019\u00e9ducation \u00e0 la sexualit\u00e9<\/a>\u00a0pr\u00e9vues par la loi du 4\u00a0juillet 2001 dans les \u00e9tablissements d\u2019enseignements\u00a0\u00bb, il est du devoir du D\u00e9partement de<strong> soutenir, plus que jamais, financi\u00e8rement, les associations sp\u00e9cialis\u00e9es et les \u00e9quipes scolaires assurant les missions de l\u2019\u00c9ducation \u00e0 la Vie affective, et relationnelle et \u00e0 la sexualit\u00e9.<\/strong><\/p>\n\n\n\n<p>Au d\u00e9but de l\u2019\u00e9t\u00e9 2025, <strong><a href=\"https:\/\/www.uges-isere.fr\/index.php\/2025\/07\/07\/voeu-de-soutien-au-planning-familial-de-lisere\/\">le groupe UGES soumettait un v\u0153u pour soutenir financi\u00e8rement le Planning familial de l\u2019Is\u00e8re<\/a>,<\/strong> une association qui est justement agr\u00e9\u00e9e pour les formations sur l\u2019\u00c9ducation \u00e0 la Vie affective, et relationnelle et \u00e0 la sexualit\u00e9 (EVARS), et qui subit actuellement d\u2019importantes difficult\u00e9s financi\u00e8res. La majorit\u00e9 d\u00e9partementale indiquait alors \u00eatre en accord sur le fond mais vouloir retravailler ce v\u0153u et l\u2019\u00e9largir \u00e0 d\u2019autres structures pour nous le pr\u00e9senter en cette fin d\u2019ann\u00e9e. Malheureusement, force est de constater que, plus de 4 mois plus tard, nous n\u2019avons pas encore vu r\u00e9apparaitre cette intention. Dont acte<strong>. <\/strong><\/p>\n\n\n\n<p>Pour 2026,<strong> le groupe UGES r\u00e9it\u00e8re sa demande d&rsquo;un engagement fort de la part du D\u00e9partement, envers les partenaires de la pr\u00e9vention sexuelle qui \u0153uvrent aupr\u00e8s de la jeunesse et particuli\u00e8rement des coll\u00e9giens is\u00e9rois.<\/strong><\/p>\n\n\n\n<p><\/p>\n","protected":false},"excerpt":{"rendered":"<p>Le groupe UGES a souhait\u00e9, lors des d\u00e9bats budg\u00e9taires 2026, porter une pr\u00e9occupation forte des jeunes : celui &hellip; <\/p>\n","protected":false},"author":8,"featured_media":684406,"comment_status":"open","ping_status":"open","sticky":false,"template":"","format":"standard","meta":{"footnotes":""},"categories":[347,11,393,15],"tags":[136,119,407,373],"class_list":["post-684482","post","type-post","status-publish","format-standard","has-post-thumbnail","hentry","category-347","category-education-jeunesse-et-sports","category-seance-publique-budget-primitif-2026-decembre-2025","category-seances-publiques","tag-education","tag-education-a-la-sexualite","tag-evar","tag-planning-familial"],"yoast_head":"<!-- This site is optimized with the Yoast SEO plugin v27.5 - https:\/\/yoast.com\/product\/yoast-seo-wordpress\/ -->\n<title>Agir pour l&#039;\u00e9ducation \u00e0 la sexualit\u00e9 - D\u00e9partement de l&#039;Is\u00e8re<\/title>\n<meta name=\"robots\" content=\"index, follow, max-snippet:-1, max-image-preview:large, max-video-preview:-1\" \/>\n<link rel=\"canonical\" href=\"https:\/\/www.uges-isere.fr\/index.php\/2025\/12\/19\/agir-pour-leducation-a-la-sexualite\/\" \/>\n<meta property=\"og:locale\" content=\"fr_FR\" \/>\n<meta property=\"og:type\" content=\"article\" \/>\n<meta property=\"og:title\" content=\"Agir pour l&#039;\u00e9ducation \u00e0 la sexualit\u00e9 - D\u00e9partement de l&#039;Is\u00e8re\" \/>\n<meta property=\"og:description\" content=\"Le groupe UGES a souhait\u00e9, lors des d\u00e9bats budg\u00e9taires 2026, porter une pr\u00e9occupation forte des jeunes : celui &hellip;\" \/>\n<meta property=\"og:url\" content=\"https:\/\/www.uges-isere.fr\/index.php\/2025\/12\/19\/agir-pour-leducation-a-la-sexualite\/\" \/>\n<meta property=\"og:site_name\" content=\"D\u00e9partement de l&#039;Is\u00e8re\" \/>\n<meta property=\"article:publisher\" content=\"https:\/\/www.facebook.com\/LePrintemps38\" \/>\n<meta property=\"article:published_time\" content=\"2025-12-19T12:48:41+00:00\" \/>\n<meta property=\"og:image\" content=\"https:\/\/www.uges-isere.fr\/wp-content\/uploads\/2025\/07\/Planning-familial.png\" \/>\n\t<meta property=\"og:image:width\" content=\"1080\" \/>\n\t<meta property=\"og:image:height\" content=\"675\" \/>\n\t<meta property=\"og:image:type\" content=\"image\/png\" \/>\n<meta name=\"author\" content=\"ThibaudUGES38\" \/>\n<meta name=\"twitter:card\" content=\"summary_large_image\" \/>\n<meta name=\"twitter:creator\" content=\"@GroupeUGES38\" \/>\n<meta name=\"twitter:site\" content=\"@GroupeUGES38\" \/>\n<meta name=\"twitter:label1\" content=\"\u00c9crit par\" \/>\n\t<meta name=\"twitter:data1\" content=\"ThibaudUGES38\" \/>\n\t<meta name=\"twitter:label2\" content=\"Dur\u00e9e de lecture estim\u00e9e\" \/>\n\t<meta name=\"twitter:data2\" content=\"3 minutes\" \/>\n<script type=\"application\/ld+json\" class=\"yoast-schema-graph\">{\"@context\":\"https:\\\/\\\/schema.org\",\"@graph\":[{\"@type\":\"Article\",\"@id\":\"https:\\\/\\\/www.uges-isere.fr\\\/index.php\\\/2025\\\/12\\\/19\\\/agir-pour-leducation-a-la-sexualite\\\/#article\",\"isPartOf\":{\"@id\":\"https:\\\/\\\/www.uges-isere.fr\\\/index.php\\\/2025\\\/12\\\/19\\\/agir-pour-leducation-a-la-sexualite\\\/\"},\"author\":{\"name\":\"ThibaudUGES38\",\"@id\":\"https:\\\/\\\/www.uges-isere.fr\\\/#\\\/schema\\\/person\\\/a200926d67119314e8837b6a085de83a\"},\"headline\":\"Agir pour l&rsquo;\u00e9ducation \u00e0 la sexualit\u00e9\",\"datePublished\":\"2025-12-19T12:48:41+00:00\",\"mainEntityOfPage\":{\"@id\":\"https:\\\/\\\/www.uges-isere.fr\\\/index.php\\\/2025\\\/12\\\/19\\\/agir-pour-leducation-a-la-sexualite\\\/\"},\"wordCount\":429,\"commentCount\":0,\"publisher\":{\"@id\":\"https:\\\/\\\/www.uges-isere.fr\\\/#organization\"},\"image\":{\"@id\":\"https:\\\/\\\/www.uges-isere.fr\\\/index.php\\\/2025\\\/12\\\/19\\\/agir-pour-leducation-a-la-sexualite\\\/#primaryimage\"},\"thumbnailUrl\":\"https:\\\/\\\/www.uges-isere.fr\\\/wp-content\\\/uploads\\\/2025\\\/07\\\/Planning-familial.png\",\"keywords\":[\"\u00e9ducation\",\"\u00e9ducation \u00e0 la sexualit\u00e9\",\"EVAR\",\"planning familial\"],\"articleSection\":[\"2025\",\"Education, jeunesse et sports\",\"S\u00e9ance publique (Budget primitif 2026) - D\u00e9cembre 2025\",\"S\u00e9ances publiques\"],\"inLanguage\":\"fr-FR\",\"potentialAction\":[{\"@type\":\"CommentAction\",\"name\":\"Comment\",\"target\":[\"https:\\\/\\\/www.uges-isere.fr\\\/index.php\\\/2025\\\/12\\\/19\\\/agir-pour-leducation-a-la-sexualite\\\/#respond\"]}]},{\"@type\":\"WebPage\",\"@id\":\"https:\\\/\\\/www.uges-isere.fr\\\/index.php\\\/2025\\\/12\\\/19\\\/agir-pour-leducation-a-la-sexualite\\\/\",\"url\":\"https:\\\/\\\/www.uges-isere.fr\\\/index.php\\\/2025\\\/12\\\/19\\\/agir-pour-leducation-a-la-sexualite\\\/\",\"name\":\"Agir pour l'\u00e9ducation \u00e0 la sexualit\u00e9 - D\u00e9partement de l&#039;Is\u00e8re\",\"isPartOf\":{\"@id\":\"https:\\\/\\\/www.uges-isere.fr\\\/#website\"},\"primaryImageOfPage\":{\"@id\":\"https:\\\/\\\/www.uges-isere.fr\\\/index.php\\\/2025\\\/12\\\/19\\\/agir-pour-leducation-a-la-sexualite\\\/#primaryimage\"},\"image\":{\"@id\":\"https:\\\/\\\/www.uges-isere.fr\\\/index.php\\\/2025\\\/12\\\/19\\\/agir-pour-leducation-a-la-sexualite\\\/#primaryimage\"},\"thumbnailUrl\":\"https:\\\/\\\/www.uges-isere.fr\\\/wp-content\\\/uploads\\\/2025\\\/07\\\/Planning-familial.png\",\"datePublished\":\"2025-12-19T12:48:41+00:00\",\"breadcrumb\":{\"@id\":\"https:\\\/\\\/www.uges-isere.fr\\\/index.php\\\/2025\\\/12\\\/19\\\/agir-pour-leducation-a-la-sexualite\\\/#breadcrumb\"},\"inLanguage\":\"fr-FR\",\"potentialAction\":[{\"@type\":\"ReadAction\",\"target\":[\"https:\\\/\\\/www.uges-isere.fr\\\/index.php\\\/2025\\\/12\\\/19\\\/agir-pour-leducation-a-la-sexualite\\\/\"]}]},{\"@type\":\"ImageObject\",\"inLanguage\":\"fr-FR\",\"@id\":\"https:\\\/\\\/www.uges-isere.fr\\\/index.php\\\/2025\\\/12\\\/19\\\/agir-pour-leducation-a-la-sexualite\\\/#primaryimage\",\"url\":\"https:\\\/\\\/www.uges-isere.fr\\\/wp-content\\\/uploads\\\/2025\\\/07\\\/Planning-familial.png\",\"contentUrl\":\"https:\\\/\\\/www.uges-isere.fr\\\/wp-content\\\/uploads\\\/2025\\\/07\\\/Planning-familial.png\",\"width\":1080,\"height\":675},{\"@type\":\"BreadcrumbList\",\"@id\":\"https:\\\/\\\/www.uges-isere.fr\\\/index.php\\\/2025\\\/12\\\/19\\\/agir-pour-leducation-a-la-sexualite\\\/#breadcrumb\",\"itemListElement\":[{\"@type\":\"ListItem\",\"position\":1,\"name\":\"Accueil\",\"item\":\"https:\\\/\\\/www.uges-isere.fr\\\/\"},{\"@type\":\"ListItem\",\"position\":2,\"name\":\"Agir pour l&rsquo;\u00e9ducation \u00e0 la sexualit\u00e9\"}]},{\"@type\":\"WebSite\",\"@id\":\"https:\\\/\\\/www.uges-isere.fr\\\/#website\",\"url\":\"https:\\\/\\\/www.uges-isere.fr\\\/\",\"name\":\"D\u00e9partement de l&#039;Is\u00e8re\",\"description\":\"Groupe d&#039;opposition UGES\",\"publisher\":{\"@id\":\"https:\\\/\\\/www.uges-isere.fr\\\/#organization\"},\"potentialAction\":[{\"@type\":\"SearchAction\",\"target\":{\"@type\":\"EntryPoint\",\"urlTemplate\":\"https:\\\/\\\/www.uges-isere.fr\\\/?s={search_term_string}\"},\"query-input\":{\"@type\":\"PropertyValueSpecification\",\"valueRequired\":true,\"valueName\":\"search_term_string\"}}],\"inLanguage\":\"fr-FR\"},{\"@type\":\"Organization\",\"@id\":\"https:\\\/\\\/www.uges-isere.fr\\\/#organization\",\"name\":\"D\u00e9partement de l'Is\u00e8re\",\"url\":\"https:\\\/\\\/www.uges-isere.fr\\\/\",\"logo\":{\"@type\":\"ImageObject\",\"inLanguage\":\"fr-FR\",\"@id\":\"https:\\\/\\\/www.uges-isere.fr\\\/#\\\/schema\\\/logo\\\/image\\\/\",\"url\":\"https:\\\/\\\/www.uges-isere.fr\\\/wp-content\\\/uploads\\\/2021\\\/10\\\/logo-ok.png\",\"contentUrl\":\"https:\\\/\\\/www.uges-isere.fr\\\/wp-content\\\/uploads\\\/2021\\\/10\\\/logo-ok.png\",\"width\":2859,\"height\":1816,\"caption\":\"D\u00e9partement de l'Is\u00e8re\"},\"image\":{\"@id\":\"https:\\\/\\\/www.uges-isere.fr\\\/#\\\/schema\\\/logo\\\/image\\\/\"},\"sameAs\":[\"https:\\\/\\\/www.facebook.com\\\/LePrintemps38\",\"https:\\\/\\\/x.com\\\/GroupeUGES38\"]},{\"@type\":\"Person\",\"@id\":\"https:\\\/\\\/www.uges-isere.fr\\\/#\\\/schema\\\/person\\\/a200926d67119314e8837b6a085de83a\",\"name\":\"ThibaudUGES38\",\"image\":{\"@type\":\"ImageObject\",\"inLanguage\":\"fr-FR\",\"@id\":\"https:\\\/\\\/secure.gravatar.com\\\/avatar\\\/e182ebfe597e409aafe3378f828607b2b757ed94a3489b20112818296e03b151?s=96&d=mm&r=g\",\"url\":\"https:\\\/\\\/secure.gravatar.com\\\/avatar\\\/e182ebfe597e409aafe3378f828607b2b757ed94a3489b20112818296e03b151?s=96&d=mm&r=g\",\"contentUrl\":\"https:\\\/\\\/secure.gravatar.com\\\/avatar\\\/e182ebfe597e409aafe3378f828607b2b757ed94a3489b20112818296e03b151?s=96&d=mm&r=g\",\"caption\":\"ThibaudUGES38\"},\"url\":\"https:\\\/\\\/www.uges-isere.fr\\\/index.php\\\/author\\\/thibauduges38\\\/\"}]}<\/script>\n<!-- \/ Yoast SEO plugin. -->","yoast_head_json":{"title":"Agir pour l'\u00e9ducation \u00e0 la sexualit\u00e9 - D\u00e9partement de l&#039;Is\u00e8re","robots":{"index":"index","follow":"follow","max-snippet":"max-snippet:-1","max-image-preview":"max-image-preview:large","max-video-preview":"max-video-preview:-1"},"canonical":"https:\/\/www.uges-isere.fr\/index.php\/2025\/12\/19\/agir-pour-leducation-a-la-sexualite\/","og_locale":"fr_FR","og_type":"article","og_title":"Agir pour l'\u00e9ducation \u00e0 la sexualit\u00e9 - D\u00e9partement de l&#039;Is\u00e8re","og_description":"Le groupe UGES a souhait\u00e9, lors des d\u00e9bats budg\u00e9taires 2026, porter une pr\u00e9occupation forte des jeunes : celui &hellip;","og_url":"https:\/\/www.uges-isere.fr\/index.php\/2025\/12\/19\/agir-pour-leducation-a-la-sexualite\/","og_site_name":"D\u00e9partement de l&#039;Is\u00e8re","article_publisher":"https:\/\/www.facebook.com\/LePrintemps38","article_published_time":"2025-12-19T12:48:41+00:00","og_image":[{"width":1080,"height":675,"url":"https:\/\/www.uges-isere.fr\/wp-content\/uploads\/2025\/07\/Planning-familial.png","type":"image\/png"}],"author":"ThibaudUGES38","twitter_card":"summary_large_image","twitter_creator":"@GroupeUGES38","twitter_site":"@GroupeUGES38","twitter_misc":{"\u00c9crit par":"ThibaudUGES38","Dur\u00e9e de lecture estim\u00e9e":"3 minutes"},"schema":{"@context":"https:\/\/schema.org","@graph":[{"@type":"Article","@id":"https:\/\/www.uges-isere.fr\/index.php\/2025\/12\/19\/agir-pour-leducation-a-la-sexualite\/#article","isPartOf":{"@id":"https:\/\/www.uges-isere.fr\/index.php\/2025\/12\/19\/agir-pour-leducation-a-la-sexualite\/"},"author":{"name":"ThibaudUGES38","@id":"https:\/\/www.uges-isere.fr\/#\/schema\/person\/a200926d67119314e8837b6a085de83a"},"headline":"Agir pour l&rsquo;\u00e9ducation \u00e0 la sexualit\u00e9","datePublished":"2025-12-19T12:48:41+00:00","mainEntityOfPage":{"@id":"https:\/\/www.uges-isere.fr\/index.php\/2025\/12\/19\/agir-pour-leducation-a-la-sexualite\/"},"wordCount":429,"commentCount":0,"publisher":{"@id":"https:\/\/www.uges-isere.fr\/#organization"},"image":{"@id":"https:\/\/www.uges-isere.fr\/index.php\/2025\/12\/19\/agir-pour-leducation-a-la-sexualite\/#primaryimage"},"thumbnailUrl":"https:\/\/www.uges-isere.fr\/wp-content\/uploads\/2025\/07\/Planning-familial.png","keywords":["\u00e9ducation","\u00e9ducation \u00e0 la sexualit\u00e9","EVAR","planning familial"],"articleSection":["2025","Education, jeunesse et sports","S\u00e9ance publique (Budget primitif 2026) - D\u00e9cembre 2025","S\u00e9ances publiques"],"inLanguage":"fr-FR","potentialAction":[{"@type":"CommentAction","name":"Comment","target":["https:\/\/www.uges-isere.fr\/index.php\/2025\/12\/19\/agir-pour-leducation-a-la-sexualite\/#respond"]}]},{"@type":"WebPage","@id":"https:\/\/www.uges-isere.fr\/index.php\/2025\/12\/19\/agir-pour-leducation-a-la-sexualite\/","url":"https:\/\/www.uges-isere.fr\/index.php\/2025\/12\/19\/agir-pour-leducation-a-la-sexualite\/","name":"Agir pour l'\u00e9ducation \u00e0 la sexualit\u00e9 - D\u00e9partement de l&#039;Is\u00e8re","isPartOf":{"@id":"https:\/\/www.uges-isere.fr\/#website"},"primaryImageOfPage":{"@id":"https:\/\/www.uges-isere.fr\/index.php\/2025\/12\/19\/agir-pour-leducation-a-la-sexualite\/#primaryimage"},"image":{"@id":"https:\/\/www.uges-isere.fr\/index.php\/2025\/12\/19\/agir-pour-leducation-a-la-sexualite\/#primaryimage"},"thumbnailUrl":"https:\/\/www.uges-isere.fr\/wp-content\/uploads\/2025\/07\/Planning-familial.png","datePublished":"2025-12-19T12:48:41+00:00","breadcrumb":{"@id":"https:\/\/www.uges-isere.fr\/index.php\/2025\/12\/19\/agir-pour-leducation-a-la-sexualite\/#breadcrumb"},"inLanguage":"fr-FR","potentialAction":[{"@type":"ReadAction","target":["https:\/\/www.uges-isere.fr\/index.php\/2025\/12\/19\/agir-pour-leducation-a-la-sexualite\/"]}]},{"@type":"ImageObject","inLanguage":"fr-FR","@id":"https:\/\/www.uges-isere.fr\/index.php\/2025\/12\/19\/agir-pour-leducation-a-la-sexualite\/#primaryimage","url":"https:\/\/www.uges-isere.fr\/wp-content\/uploads\/2025\/07\/Planning-familial.png","contentUrl":"https:\/\/www.uges-isere.fr\/wp-content\/uploads\/2025\/07\/Planning-familial.png","width":1080,"height":675},{"@type":"BreadcrumbList","@id":"https:\/\/www.uges-isere.fr\/index.php\/2025\/12\/19\/agir-pour-leducation-a-la-sexualite\/#breadcrumb","itemListElement":[{"@type":"ListItem","position":1,"name":"Accueil","item":"https:\/\/www.uges-isere.fr\/"},{"@type":"ListItem","position":2,"name":"Agir pour l&rsquo;\u00e9ducation \u00e0 la sexualit\u00e9"}]},{"@type":"WebSite","@id":"https:\/\/www.uges-isere.fr\/#website","url":"https:\/\/www.uges-isere.fr\/","name":"D\u00e9partement de l&#039;Is\u00e8re","description":"Groupe d&#039;opposition UGES","publisher":{"@id":"https:\/\/www.uges-isere.fr\/#organization"},"potentialAction":[{"@type":"SearchAction","target":{"@type":"EntryPoint","urlTemplate":"https:\/\/www.uges-isere.fr\/?s={search_term_string}"},"query-input":{"@type":"PropertyValueSpecification","valueRequired":true,"valueName":"search_term_string"}}],"inLanguage":"fr-FR"},{"@type":"Organization","@id":"https:\/\/www.uges-isere.fr\/#organization","name":"D\u00e9partement de l'Is\u00e8re","url":"https:\/\/www.uges-isere.fr\/","logo":{"@type":"ImageObject","inLanguage":"fr-FR","@id":"https:\/\/www.uges-isere.fr\/#\/schema\/logo\/image\/","url":"https:\/\/www.uges-isere.fr\/wp-content\/uploads\/2021\/10\/logo-ok.png","contentUrl":"https:\/\/www.uges-isere.fr\/wp-content\/uploads\/2021\/10\/logo-ok.png","width":2859,"height":1816,"caption":"D\u00e9partement de l'Is\u00e8re"},"image":{"@id":"https:\/\/www.uges-isere.fr\/#\/schema\/logo\/image\/"},"sameAs":["https:\/\/www.facebook.com\/LePrintemps38","https:\/\/x.com\/GroupeUGES38"]},{"@type":"Person","@id":"https:\/\/www.uges-isere.fr\/#\/schema\/person\/a200926d67119314e8837b6a085de83a","name":"ThibaudUGES38","image":{"@type":"ImageObject","inLanguage":"fr-FR","@id":"https:\/\/secure.gravatar.com\/avatar\/e182ebfe597e409aafe3378f828607b2b757ed94a3489b20112818296e03b151?s=96&d=mm&r=g","url":"https:\/\/secure.gravatar.com\/avatar\/e182ebfe597e409aafe3378f828607b2b757ed94a3489b20112818296e03b151?s=96&d=mm&r=g","contentUrl":"https:\/\/secure.gravatar.com\/avatar\/e182ebfe597e409aafe3378f828607b2b757ed94a3489b20112818296e03b151?s=96&d=mm&r=g","caption":"ThibaudUGES38"},"url":"https:\/\/www.uges-isere.fr\/index.php\/author\/thibauduges38\/"}]}},"_links":{"self":[{"href":"https:\/\/www.uges-isere.fr\/index.php\/wp-json\/wp\/v2\/posts\/684482","targetHints":{"allow":["GET"]}}],"collection":[{"href":"https:\/\/www.uges-isere.fr\/index.php\/wp-json\/wp\/v2\/posts"}],"about":[{"href":"https:\/\/www.uges-isere.fr\/index.php\/wp-json\/wp\/v2\/types\/post"}],"author":[{"embeddable":true,"href":"https:\/\/www.uges-isere.fr\/index.php\/wp-json\/wp\/v2\/users\/8"}],"replies":[{"embeddable":true,"href":"https:\/\/www.uges-isere.fr\/index.php\/wp-json\/wp\/v2\/comments?post=684482"}],"version-history":[{"count":1,"href":"https:\/\/www.uges-isere.fr\/index.php\/wp-json\/wp\/v2\/posts\/684482\/revisions"}],"predecessor-version":[{"id":684483,"href":"https:\/\/www.uges-isere.fr\/index.php\/wp-json\/wp\/v2\/posts\/684482\/revisions\/684483"}],"wp:featuredmedia":[{"embeddable":true,"href":"https:\/\/www.uges-isere.fr\/index.php\/wp-json\/wp\/v2\/media\/684406"}],"wp:attachment":[{"href":"https:\/\/www.uges-isere.fr\/index.php\/wp-json\/wp\/v2\/media?parent=684482"}],"wp:term":[{"taxonomy":"category","embeddable":true,"href":"https:\/\/www.uges-isere.fr\/index.php\/wp-json\/wp\/v2\/categories?post=684482"},{"taxonomy":"post_tag","embeddable":true,"href":"https:\/\/www.uges-isere.fr\/index.php\/wp-json\/wp\/v2\/tags?post=684482"}],"curies":[{"name":"wp","href":"https:\/\/api.w.org\/{rel}","templated":true}]}}