{"id":684469,"date":"2025-12-15T16:26:57","date_gmt":"2025-12-15T15:26:57","guid":{"rendered":"https:\/\/www.uges-isere.fr\/?p=684469"},"modified":"2025-12-15T16:26:57","modified_gmt":"2025-12-15T15:26:57","slug":"forets-et-filiere-bois-en-isere-lurgence-dun-engagement-renforce","status":"publish","type":"post","link":"https:\/\/www.uges-isere.fr\/index.php\/2025\/12\/15\/forets-et-filiere-bois-en-isere-lurgence-dun-engagement-renforce\/","title":{"rendered":"For\u00eats et fili\u00e8re bois en Is\u00e8re : l\u2019urgence d\u2019un engagement renforc\u00e9"},"content":{"rendered":"\n<p><strong><em>A l&rsquo;occasion du vote du budget 2026, le groupe UGES a rappel\u00e9 le r\u00f4le vital de la for\u00eat is\u00e9roise, aujourd\u2019hui fortement menac\u00e9e par le changement climatique. Les moyens et l\u2019ambition  d\u00e9partementaux sont insuffisants, avec des budgets en baisse et mal adapt\u00e9s \u00e0 l\u2019urgence. Nous appelons \u00e0 une strat\u00e9gie plus forte : r\u00e9silience des for\u00eats, soutien aux propri\u00e9taires et \u00e0 la fili\u00e8re bois locale, pr\u00e9vention des incendies et priorit\u00e9 au bois local dans les constructions publiques.<\/em><\/strong><\/p>\n\n\n\n<p><strong>La for\u00eat is\u00e9roise : un patrimoine vital, mais menac\u00e9<\/strong><\/p>\n\n\n\n<div class=\"wp-block-group is-vertical is-layout-flex wp-container-core-group-is-layout-8cf370e7 wp-block-group-is-layout-flex\">\n<p>L\u2019Is\u00e8re est un d\u00e9partement forestier : pr\u00e8s de la moiti\u00e9 de notre territoire est couvert de for\u00eats. Ces for\u00eats stockent du carbone, prot\u00e8gent notre eau, abritent la biodiversit\u00e9, limitent les risques naturels et font vivre des milliers d\u2019emplois directs et indirects.<br>Elles sont un patrimoine \u00e9cologique et social essentiel. Mais <strong>elles sont aujourd\u2019hui en premi\u00e8re ligne face au d\u00e9r\u00e8glement climatique :<\/strong><\/p>\n\n\n\n<ul class=\"wp-block-list\">\n<li>d\u00e9p\u00e9rissement des \u00e9pic\u00e9as et sapins,<\/li>\n\n\n\n<li>s\u00e9cheresses r\u00e9p\u00e9t\u00e9es,<\/li>\n\n\n\n<li>attaques de ravageurs,<\/li>\n\n\n\n<li>risques d\u2019incendie accrus,<\/li>\n\n\n\n<li>fragilisation \u00e9conomique de la fili\u00e8re bois.<\/li>\n<\/ul>\n<\/div>\n\n\n\n<p><strong>La situation impose une vision forte et coh\u00e9rente. C\u2019est le r\u00f4le du D\u00e9partement<\/strong>, et le groupe UGES sera toujours une force de proposition pour prot\u00e9ger les for\u00eats et celles et ceux qui y travaillent.<\/p>\n\n\n\n<p><strong>A l\u2019\u00e9chelle des actions engag\u00e9es : nous constatons une base int\u00e9ressante, mais encore insuffisante<\/strong><\/p>\n\n\n\n<div class=\"wp-block-group\"><div class=\"wp-block-group__inner-container is-layout-constrained wp-block-group-is-layout-constrained\">\n<div class=\"wp-block-group\"><div class=\"wp-block-group__inner-container is-layout-constrained wp-block-group-is-layout-constrained\">\n<div class=\"wp-block-group is-vertical is-layout-flex wp-container-core-group-is-layout-8cf370e7 wp-block-group-is-layout-flex\">\n<p>Nous reconnaissons les efforts port\u00e9s ces derni\u00e8res ann\u00e9es :<\/p>\n\n\n\n<ul class=\"wp-block-list\">\n<li>soutien aux propri\u00e9taires forestiers,<\/li>\n\n\n\n<li>d\u00e9veloppement des dessertes,<\/li>\n\n\n\n<li>programmes de reconstitution des peuplements,<\/li>\n\n\n\n<li>mise en \u0153uvre du programme Avenir 2021\u20132028.<\/li>\n<\/ul>\n<\/div>\n<\/div><\/div>\n<\/div><\/div>\n\n\n\n<p>Mais pour le groupe UGES, ces actions doivent \u00eatre amplifi\u00e9es massivement, car la crise \u00e9cologique s\u2019acc\u00e9l\u00e8re plus vite que les r\u00e9ponses politiques. Le fait que plus de 70 % des cr\u00e9dits soient des reports montre aussi la difficult\u00e9 de suivre le rythme des chantiers forestiers. <strong>Cela nous interroge sur la capacit\u00e9 collective \u00e0 intervenir \u00e0 temps pour prot\u00e9ger les massifs les plus vuln\u00e9rables.<\/strong><\/p>\n\n\n\n<p><strong>Concernant les objectifs 2026 : ils sont en progr\u00e8s, mais manquent d\u2019ambition<\/strong><\/p>\n\n\n\n<p>Les 220 000 \u20ac d\u00e9di\u00e9s \u00e0 la gestion foresti\u00e8re sont utiles, tout comme les aides aux communes de montagne, les actions de pr\u00e9vention incendie ou la volont\u00e9 de valoriser davantage le bois local dans la construction publique.<strong> Cependant, ce n\u2019est pas \u00e0 la hauteur de l\u2019urgence climatique ni du potentiel de la fili\u00e8re bois is\u00e9roise.<\/strong><\/p>\n\n\n\n<p>Il faut avoir \u00e0 l\u2019esprit que le budget a \u00e9t\u00e9 divis\u00e9 par deux depuis l\u2019ann\u00e9e 2024 et nous regrettons fortement que les aides pour les acquisitions financi\u00e8res des parcelles foresti\u00e8res pour les communes ont \u00e9t\u00e9 abandonn\u00e9es.<\/p>\n\n\n\n<div class=\"wp-block-group is-vertical is-layout-flex wp-container-core-group-is-layout-8cf370e7 wp-block-group-is-layout-flex\">\n<p><strong>Au contraire, le groupe UGES attend du D\u00e9partement <\/strong>:<\/p>\n\n\n\n<ul class=\"wp-block-list\">\n<li>une strat\u00e9gie plus forte de lutte contre les d\u00e9p\u00e9rissements,<\/li>\n\n\n\n<li>un accompagnement renforc\u00e9 \u00e0 la diversification des essences r\u00e9silientes,<\/li>\n\n\n\n<li>un appui clair aux fili\u00e8res locales pour r\u00e9duire la d\u00e9pendance aux importations,<\/li>\n\n\n\n<li>une politique de pr\u00e9vention des incendies plus ambitieuse,<\/li>\n\n\n\n<li>une meilleure coordination avec les communes foresti\u00e8res.<\/li>\n<\/ul>\n<\/div>\n\n\n\n<p>Avec 320 000 \u20ac en investissement et 320 730 \u20ac en fonctionnement, <strong>le budget pr\u00e9sent\u00e9 reste modeste au regard de l\u2019ampleur des enjeux. Le groupe UGES appelle \u00e0 :<\/strong><\/p>\n\n\n\n<ul class=\"wp-block-list\">\n<li>augmenter les moyens destin\u00e9s au renouvellement forestier et au reboisement,<\/li>\n\n\n\n<li>cibler des espaces forestiers strat\u00e9giques \u00e0 prot\u00e9ger prioritairement,<\/li>\n\n\n\n<li>soutenir davantage les acteurs de la fili\u00e8re bois dans la cr\u00e9ation de circuits courts,<\/li>\n\n\n\n<li>encourager l\u2019usage du bois local dans les b\u00e2timents publics, y compris les coll\u00e8ges, en en faisant une v\u00e9ritable priorit\u00e9 politique.<\/li>\n<\/ul>\n\n\n\n<p><strong>Fid\u00e8les \u00e0 nos valeurs \u00e9cologiques et solidaires, le groupe UGHES porte plusieurs orientations :<\/strong><\/p>\n\n\n\n<ol class=\"wp-block-list\">\n<li>Un plan d\u00e9partemental de r\u00e9silience des for\u00eats, int\u00e9grant biodiversit\u00e9, adaptation climatique et pr\u00e9vention incendie.<\/li>\n\n\n\n<li>Un soutien renforc\u00e9 aux propri\u00e9taires forestiers, notamment pour les aider \u00e0 choisir et planter les es-sences adapt\u00e9es aux futurs climats.<\/li>\n\n\n\n<li>La relocalisation de la fili\u00e8re bois, en soutenant la transformation locale et en limitant les exportations de grumes non transform\u00e9es.<\/li>\n\n\n\n<li>La valorisation du bois local dans les commandes publiques, avec un objectif chiffr\u00e9 dans les con-tructions d\u00e9partementales.<\/li>\n\n\n\n<li>La protection \u00e9cologique des massifs, en lien avec les communes foresti\u00e8res, pour mieux anticiper les risques naturels et les incendies.<\/li>\n<\/ol>\n\n\n\n<p><strong>La for\u00eat est notre meilleur alli\u00e9 contre le changement climatique. Elle nous prot\u00e8ge, elle nous nourrit, elle nous fait vivre. Nous avons donc la responsabilit\u00e9 collective d\u2019en prendre soin, aujourd\u2019hui et pour les g\u00e9n\u00e9rations futures. Le groupe UGES soutiendra toutes les avanc\u00e9es allant dans ce sens, il continuera d\u2019exiger une ambition \u00e0 la hauteur des enjeux de notre territoire et de l\u2019urgence climatique.<\/strong><\/p>\n\n\n\n<p><\/p>\n","protected":false},"excerpt":{"rendered":"<p>A l&rsquo;occasion du vote du budget 2026, le groupe UGES a rappel\u00e9 le r\u00f4le vital de la for\u00eat &hellip; <\/p>\n","protected":false},"author":8,"featured_media":684327,"comment_status":"open","ping_status":"open","sticky":false,"template":"","format":"standard","meta":{"footnotes":""},"categories":[347,12,393,15],"tags":[192,403,402],"class_list":["post-684469","post","type-post","status-publish","format-standard","has-post-thumbnail","hentry","category-347","category-environnement-et-transition-ecologique","category-seance-publique-budget-primitif-2026-decembre-2025","category-seances-publiques","tag-dereglement-climatique","tag-filiere-bois","tag-forets"],"yoast_head":"<!-- This site is optimized with the Yoast SEO plugin v27.5 - https:\/\/yoast.com\/product\/yoast-seo-wordpress\/ -->\n<title>For\u00eats et fili\u00e8re bois en Is\u00e8re : l\u2019urgence d\u2019un engagement renforc\u00e9 - D\u00e9partement de l&#039;Is\u00e8re<\/title>\n<meta name=\"robots\" content=\"index, follow, max-snippet:-1, max-image-preview:large, max-video-preview:-1\" \/>\n<link rel=\"canonical\" href=\"https:\/\/www.uges-isere.fr\/index.php\/2025\/12\/15\/forets-et-filiere-bois-en-isere-lurgence-dun-engagement-renforce\/\" \/>\n<meta property=\"og:locale\" content=\"fr_FR\" \/>\n<meta property=\"og:type\" content=\"article\" \/>\n<meta property=\"og:title\" content=\"For\u00eats et fili\u00e8re bois en Is\u00e8re : l\u2019urgence d\u2019un engagement renforc\u00e9 - D\u00e9partement de l&#039;Is\u00e8re\" \/>\n<meta property=\"og:description\" content=\"A l&rsquo;occasion du vote du budget 2026, le groupe UGES a rappel\u00e9 le r\u00f4le vital de la for\u00eat &hellip;\" \/>\n<meta property=\"og:url\" content=\"https:\/\/www.uges-isere.fr\/index.php\/2025\/12\/15\/forets-et-filiere-bois-en-isere-lurgence-dun-engagement-renforce\/\" \/>\n<meta property=\"og:site_name\" content=\"D\u00e9partement de l&#039;Is\u00e8re\" \/>\n<meta property=\"article:publisher\" content=\"https:\/\/www.facebook.com\/LePrintemps38\" \/>\n<meta property=\"article:published_time\" content=\"2025-12-15T15:26:57+00:00\" \/>\n<meta property=\"og:image\" content=\"https:\/\/www.uges-isere.fr\/wp-content\/uploads\/2025\/05\/wood-1868104_1280.jpg\" \/>\n\t<meta property=\"og:image:width\" content=\"1280\" \/>\n\t<meta property=\"og:image:height\" content=\"853\" \/>\n\t<meta property=\"og:image:type\" content=\"image\/jpeg\" \/>\n<meta name=\"author\" content=\"ThibaudUGES38\" \/>\n<meta name=\"twitter:card\" content=\"summary_large_image\" \/>\n<meta name=\"twitter:creator\" content=\"@GroupeUGES38\" \/>\n<meta name=\"twitter:site\" content=\"@GroupeUGES38\" \/>\n<meta name=\"twitter:label1\" content=\"\u00c9crit par\" \/>\n\t<meta name=\"twitter:data1\" content=\"ThibaudUGES38\" \/>\n\t<meta name=\"twitter:label2\" content=\"Dur\u00e9e de lecture estim\u00e9e\" \/>\n\t<meta name=\"twitter:data2\" content=\"4 minutes\" \/>\n<script type=\"application\/ld+json\" class=\"yoast-schema-graph\">{\"@context\":\"https:\\\/\\\/schema.org\",\"@graph\":[{\"@type\":\"Article\",\"@id\":\"https:\\\/\\\/www.uges-isere.fr\\\/index.php\\\/2025\\\/12\\\/15\\\/forets-et-filiere-bois-en-isere-lurgence-dun-engagement-renforce\\\/#article\",\"isPartOf\":{\"@id\":\"https:\\\/\\\/www.uges-isere.fr\\\/index.php\\\/2025\\\/12\\\/15\\\/forets-et-filiere-bois-en-isere-lurgence-dun-engagement-renforce\\\/\"},\"author\":{\"name\":\"ThibaudUGES38\",\"@id\":\"https:\\\/\\\/www.uges-isere.fr\\\/#\\\/schema\\\/person\\\/a200926d67119314e8837b6a085de83a\"},\"headline\":\"For\u00eats et fili\u00e8re bois en Is\u00e8re : l\u2019urgence d\u2019un engagement renforc\u00e9\",\"datePublished\":\"2025-12-15T15:26:57+00:00\",\"mainEntityOfPage\":{\"@id\":\"https:\\\/\\\/www.uges-isere.fr\\\/index.php\\\/2025\\\/12\\\/15\\\/forets-et-filiere-bois-en-isere-lurgence-dun-engagement-renforce\\\/\"},\"wordCount\":803,\"commentCount\":0,\"publisher\":{\"@id\":\"https:\\\/\\\/www.uges-isere.fr\\\/#organization\"},\"image\":{\"@id\":\"https:\\\/\\\/www.uges-isere.fr\\\/index.php\\\/2025\\\/12\\\/15\\\/forets-et-filiere-bois-en-isere-lurgence-dun-engagement-renforce\\\/#primaryimage\"},\"thumbnailUrl\":\"https:\\\/\\\/www.uges-isere.fr\\\/wp-content\\\/uploads\\\/2025\\\/05\\\/wood-1868104_1280.jpg\",\"keywords\":[\"d\u00e9r\u00e8glement climatique\",\"fili\u00e8re bois\",\"for\u00eats\"],\"articleSection\":[\"2025\",\"Environnement et transition \u00e9cologique\",\"S\u00e9ance publique (Budget primitif 2026) - D\u00e9cembre 2025\",\"S\u00e9ances publiques\"],\"inLanguage\":\"fr-FR\",\"potentialAction\":[{\"@type\":\"CommentAction\",\"name\":\"Comment\",\"target\":[\"https:\\\/\\\/www.uges-isere.fr\\\/index.php\\\/2025\\\/12\\\/15\\\/forets-et-filiere-bois-en-isere-lurgence-dun-engagement-renforce\\\/#respond\"]}]},{\"@type\":\"WebPage\",\"@id\":\"https:\\\/\\\/www.uges-isere.fr\\\/index.php\\\/2025\\\/12\\\/15\\\/forets-et-filiere-bois-en-isere-lurgence-dun-engagement-renforce\\\/\",\"url\":\"https:\\\/\\\/www.uges-isere.fr\\\/index.php\\\/2025\\\/12\\\/15\\\/forets-et-filiere-bois-en-isere-lurgence-dun-engagement-renforce\\\/\",\"name\":\"For\u00eats et fili\u00e8re bois en Is\u00e8re : l\u2019urgence d\u2019un engagement renforc\u00e9 - D\u00e9partement de l&#039;Is\u00e8re\",\"isPartOf\":{\"@id\":\"https:\\\/\\\/www.uges-isere.fr\\\/#website\"},\"primaryImageOfPage\":{\"@id\":\"https:\\\/\\\/www.uges-isere.fr\\\/index.php\\\/2025\\\/12\\\/15\\\/forets-et-filiere-bois-en-isere-lurgence-dun-engagement-renforce\\\/#primaryimage\"},\"image\":{\"@id\":\"https:\\\/\\\/www.uges-isere.fr\\\/index.php\\\/2025\\\/12\\\/15\\\/forets-et-filiere-bois-en-isere-lurgence-dun-engagement-renforce\\\/#primaryimage\"},\"thumbnailUrl\":\"https:\\\/\\\/www.uges-isere.fr\\\/wp-content\\\/uploads\\\/2025\\\/05\\\/wood-1868104_1280.jpg\",\"datePublished\":\"2025-12-15T15:26:57+00:00\",\"breadcrumb\":{\"@id\":\"https:\\\/\\\/www.uges-isere.fr\\\/index.php\\\/2025\\\/12\\\/15\\\/forets-et-filiere-bois-en-isere-lurgence-dun-engagement-renforce\\\/#breadcrumb\"},\"inLanguage\":\"fr-FR\",\"potentialAction\":[{\"@type\":\"ReadAction\",\"target\":[\"https:\\\/\\\/www.uges-isere.fr\\\/index.php\\\/2025\\\/12\\\/15\\\/forets-et-filiere-bois-en-isere-lurgence-dun-engagement-renforce\\\/\"]}]},{\"@type\":\"ImageObject\",\"inLanguage\":\"fr-FR\",\"@id\":\"https:\\\/\\\/www.uges-isere.fr\\\/index.php\\\/2025\\\/12\\\/15\\\/forets-et-filiere-bois-en-isere-lurgence-dun-engagement-renforce\\\/#primaryimage\",\"url\":\"https:\\\/\\\/www.uges-isere.fr\\\/wp-content\\\/uploads\\\/2025\\\/05\\\/wood-1868104_1280.jpg\",\"contentUrl\":\"https:\\\/\\\/www.uges-isere.fr\\\/wp-content\\\/uploads\\\/2025\\\/05\\\/wood-1868104_1280.jpg\",\"width\":1280,\"height\":853},{\"@type\":\"BreadcrumbList\",\"@id\":\"https:\\\/\\\/www.uges-isere.fr\\\/index.php\\\/2025\\\/12\\\/15\\\/forets-et-filiere-bois-en-isere-lurgence-dun-engagement-renforce\\\/#breadcrumb\",\"itemListElement\":[{\"@type\":\"ListItem\",\"position\":1,\"name\":\"Accueil\",\"item\":\"https:\\\/\\\/www.uges-isere.fr\\\/\"},{\"@type\":\"ListItem\",\"position\":2,\"name\":\"For\u00eats et fili\u00e8re bois en Is\u00e8re : l\u2019urgence d\u2019un engagement renforc\u00e9\"}]},{\"@type\":\"WebSite\",\"@id\":\"https:\\\/\\\/www.uges-isere.fr\\\/#website\",\"url\":\"https:\\\/\\\/www.uges-isere.fr\\\/\",\"name\":\"D\u00e9partement de l&#039;Is\u00e8re\",\"description\":\"Groupe d&#039;opposition UGES\",\"publisher\":{\"@id\":\"https:\\\/\\\/www.uges-isere.fr\\\/#organization\"},\"potentialAction\":[{\"@type\":\"SearchAction\",\"target\":{\"@type\":\"EntryPoint\",\"urlTemplate\":\"https:\\\/\\\/www.uges-isere.fr\\\/?s={search_term_string}\"},\"query-input\":{\"@type\":\"PropertyValueSpecification\",\"valueRequired\":true,\"valueName\":\"search_term_string\"}}],\"inLanguage\":\"fr-FR\"},{\"@type\":\"Organization\",\"@id\":\"https:\\\/\\\/www.uges-isere.fr\\\/#organization\",\"name\":\"D\u00e9partement de l'Is\u00e8re\",\"url\":\"https:\\\/\\\/www.uges-isere.fr\\\/\",\"logo\":{\"@type\":\"ImageObject\",\"inLanguage\":\"fr-FR\",\"@id\":\"https:\\\/\\\/www.uges-isere.fr\\\/#\\\/schema\\\/logo\\\/image\\\/\",\"url\":\"https:\\\/\\\/www.uges-isere.fr\\\/wp-content\\\/uploads\\\/2021\\\/10\\\/logo-ok.png\",\"contentUrl\":\"https:\\\/\\\/www.uges-isere.fr\\\/wp-content\\\/uploads\\\/2021\\\/10\\\/logo-ok.png\",\"width\":2859,\"height\":1816,\"caption\":\"D\u00e9partement de l'Is\u00e8re\"},\"image\":{\"@id\":\"https:\\\/\\\/www.uges-isere.fr\\\/#\\\/schema\\\/logo\\\/image\\\/\"},\"sameAs\":[\"https:\\\/\\\/www.facebook.com\\\/LePrintemps38\",\"https:\\\/\\\/x.com\\\/GroupeUGES38\"]},{\"@type\":\"Person\",\"@id\":\"https:\\\/\\\/www.uges-isere.fr\\\/#\\\/schema\\\/person\\\/a200926d67119314e8837b6a085de83a\",\"name\":\"ThibaudUGES38\",\"image\":{\"@type\":\"ImageObject\",\"inLanguage\":\"fr-FR\",\"@id\":\"https:\\\/\\\/secure.gravatar.com\\\/avatar\\\/e182ebfe597e409aafe3378f828607b2b757ed94a3489b20112818296e03b151?s=96&d=mm&r=g\",\"url\":\"https:\\\/\\\/secure.gravatar.com\\\/avatar\\\/e182ebfe597e409aafe3378f828607b2b757ed94a3489b20112818296e03b151?s=96&d=mm&r=g\",\"contentUrl\":\"https:\\\/\\\/secure.gravatar.com\\\/avatar\\\/e182ebfe597e409aafe3378f828607b2b757ed94a3489b20112818296e03b151?s=96&d=mm&r=g\",\"caption\":\"ThibaudUGES38\"},\"url\":\"https:\\\/\\\/www.uges-isere.fr\\\/index.php\\\/author\\\/thibauduges38\\\/\"}]}<\/script>\n<!-- \/ Yoast SEO plugin. -->","yoast_head_json":{"title":"For\u00eats et fili\u00e8re bois en Is\u00e8re : l\u2019urgence d\u2019un engagement renforc\u00e9 - D\u00e9partement de l&#039;Is\u00e8re","robots":{"index":"index","follow":"follow","max-snippet":"max-snippet:-1","max-image-preview":"max-image-preview:large","max-video-preview":"max-video-preview:-1"},"canonical":"https:\/\/www.uges-isere.fr\/index.php\/2025\/12\/15\/forets-et-filiere-bois-en-isere-lurgence-dun-engagement-renforce\/","og_locale":"fr_FR","og_type":"article","og_title":"For\u00eats et fili\u00e8re bois en Is\u00e8re : l\u2019urgence d\u2019un engagement renforc\u00e9 - D\u00e9partement de l&#039;Is\u00e8re","og_description":"A l&rsquo;occasion du vote du budget 2026, le groupe UGES a rappel\u00e9 le r\u00f4le vital de la for\u00eat &hellip;","og_url":"https:\/\/www.uges-isere.fr\/index.php\/2025\/12\/15\/forets-et-filiere-bois-en-isere-lurgence-dun-engagement-renforce\/","og_site_name":"D\u00e9partement de l&#039;Is\u00e8re","article_publisher":"https:\/\/www.facebook.com\/LePrintemps38","article_published_time":"2025-12-15T15:26:57+00:00","og_image":[{"width":1280,"height":853,"url":"https:\/\/www.uges-isere.fr\/wp-content\/uploads\/2025\/05\/wood-1868104_1280.jpg","type":"image\/jpeg"}],"author":"ThibaudUGES38","twitter_card":"summary_large_image","twitter_creator":"@GroupeUGES38","twitter_site":"@GroupeUGES38","twitter_misc":{"\u00c9crit par":"ThibaudUGES38","Dur\u00e9e de lecture estim\u00e9e":"4 minutes"},"schema":{"@context":"https:\/\/schema.org","@graph":[{"@type":"Article","@id":"https:\/\/www.uges-isere.fr\/index.php\/2025\/12\/15\/forets-et-filiere-bois-en-isere-lurgence-dun-engagement-renforce\/#article","isPartOf":{"@id":"https:\/\/www.uges-isere.fr\/index.php\/2025\/12\/15\/forets-et-filiere-bois-en-isere-lurgence-dun-engagement-renforce\/"},"author":{"name":"ThibaudUGES38","@id":"https:\/\/www.uges-isere.fr\/#\/schema\/person\/a200926d67119314e8837b6a085de83a"},"headline":"For\u00eats et fili\u00e8re bois en Is\u00e8re : l\u2019urgence d\u2019un engagement renforc\u00e9","datePublished":"2025-12-15T15:26:57+00:00","mainEntityOfPage":{"@id":"https:\/\/www.uges-isere.fr\/index.php\/2025\/12\/15\/forets-et-filiere-bois-en-isere-lurgence-dun-engagement-renforce\/"},"wordCount":803,"commentCount":0,"publisher":{"@id":"https:\/\/www.uges-isere.fr\/#organization"},"image":{"@id":"https:\/\/www.uges-isere.fr\/index.php\/2025\/12\/15\/forets-et-filiere-bois-en-isere-lurgence-dun-engagement-renforce\/#primaryimage"},"thumbnailUrl":"https:\/\/www.uges-isere.fr\/wp-content\/uploads\/2025\/05\/wood-1868104_1280.jpg","keywords":["d\u00e9r\u00e8glement climatique","fili\u00e8re bois","for\u00eats"],"articleSection":["2025","Environnement et transition \u00e9cologique","S\u00e9ance publique (Budget primitif 2026) - D\u00e9cembre 2025","S\u00e9ances publiques"],"inLanguage":"fr-FR","potentialAction":[{"@type":"CommentAction","name":"Comment","target":["https:\/\/www.uges-isere.fr\/index.php\/2025\/12\/15\/forets-et-filiere-bois-en-isere-lurgence-dun-engagement-renforce\/#respond"]}]},{"@type":"WebPage","@id":"https:\/\/www.uges-isere.fr\/index.php\/2025\/12\/15\/forets-et-filiere-bois-en-isere-lurgence-dun-engagement-renforce\/","url":"https:\/\/www.uges-isere.fr\/index.php\/2025\/12\/15\/forets-et-filiere-bois-en-isere-lurgence-dun-engagement-renforce\/","name":"For\u00eats et fili\u00e8re bois en Is\u00e8re : l\u2019urgence d\u2019un engagement renforc\u00e9 - D\u00e9partement de l&#039;Is\u00e8re","isPartOf":{"@id":"https:\/\/www.uges-isere.fr\/#website"},"primaryImageOfPage":{"@id":"https:\/\/www.uges-isere.fr\/index.php\/2025\/12\/15\/forets-et-filiere-bois-en-isere-lurgence-dun-engagement-renforce\/#primaryimage"},"image":{"@id":"https:\/\/www.uges-isere.fr\/index.php\/2025\/12\/15\/forets-et-filiere-bois-en-isere-lurgence-dun-engagement-renforce\/#primaryimage"},"thumbnailUrl":"https:\/\/www.uges-isere.fr\/wp-content\/uploads\/2025\/05\/wood-1868104_1280.jpg","datePublished":"2025-12-15T15:26:57+00:00","breadcrumb":{"@id":"https:\/\/www.uges-isere.fr\/index.php\/2025\/12\/15\/forets-et-filiere-bois-en-isere-lurgence-dun-engagement-renforce\/#breadcrumb"},"inLanguage":"fr-FR","potentialAction":[{"@type":"ReadAction","target":["https:\/\/www.uges-isere.fr\/index.php\/2025\/12\/15\/forets-et-filiere-bois-en-isere-lurgence-dun-engagement-renforce\/"]}]},{"@type":"ImageObject","inLanguage":"fr-FR","@id":"https:\/\/www.uges-isere.fr\/index.php\/2025\/12\/15\/forets-et-filiere-bois-en-isere-lurgence-dun-engagement-renforce\/#primaryimage","url":"https:\/\/www.uges-isere.fr\/wp-content\/uploads\/2025\/05\/wood-1868104_1280.jpg","contentUrl":"https:\/\/www.uges-isere.fr\/wp-content\/uploads\/2025\/05\/wood-1868104_1280.jpg","width":1280,"height":853},{"@type":"BreadcrumbList","@id":"https:\/\/www.uges-isere.fr\/index.php\/2025\/12\/15\/forets-et-filiere-bois-en-isere-lurgence-dun-engagement-renforce\/#breadcrumb","itemListElement":[{"@type":"ListItem","position":1,"name":"Accueil","item":"https:\/\/www.uges-isere.fr\/"},{"@type":"ListItem","position":2,"name":"For\u00eats et fili\u00e8re bois en Is\u00e8re : l\u2019urgence d\u2019un engagement renforc\u00e9"}]},{"@type":"WebSite","@id":"https:\/\/www.uges-isere.fr\/#website","url":"https:\/\/www.uges-isere.fr\/","name":"D\u00e9partement de l&#039;Is\u00e8re","description":"Groupe d&#039;opposition UGES","publisher":{"@id":"https:\/\/www.uges-isere.fr\/#organization"},"potentialAction":[{"@type":"SearchAction","target":{"@type":"EntryPoint","urlTemplate":"https:\/\/www.uges-isere.fr\/?s={search_term_string}"},"query-input":{"@type":"PropertyValueSpecification","valueRequired":true,"valueName":"search_term_string"}}],"inLanguage":"fr-FR"},{"@type":"Organization","@id":"https:\/\/www.uges-isere.fr\/#organization","name":"D\u00e9partement de l'Is\u00e8re","url":"https:\/\/www.uges-isere.fr\/","logo":{"@type":"ImageObject","inLanguage":"fr-FR","@id":"https:\/\/www.uges-isere.fr\/#\/schema\/logo\/image\/","url":"https:\/\/www.uges-isere.fr\/wp-content\/uploads\/2021\/10\/logo-ok.png","contentUrl":"https:\/\/www.uges-isere.fr\/wp-content\/uploads\/2021\/10\/logo-ok.png","width":2859,"height":1816,"caption":"D\u00e9partement de l'Is\u00e8re"},"image":{"@id":"https:\/\/www.uges-isere.fr\/#\/schema\/logo\/image\/"},"sameAs":["https:\/\/www.facebook.com\/LePrintemps38","https:\/\/x.com\/GroupeUGES38"]},{"@type":"Person","@id":"https:\/\/www.uges-isere.fr\/#\/schema\/person\/a200926d67119314e8837b6a085de83a","name":"ThibaudUGES38","image":{"@type":"ImageObject","inLanguage":"fr-FR","@id":"https:\/\/secure.gravatar.com\/avatar\/e182ebfe597e409aafe3378f828607b2b757ed94a3489b20112818296e03b151?s=96&d=mm&r=g","url":"https:\/\/secure.gravatar.com\/avatar\/e182ebfe597e409aafe3378f828607b2b757ed94a3489b20112818296e03b151?s=96&d=mm&r=g","contentUrl":"https:\/\/secure.gravatar.com\/avatar\/e182ebfe597e409aafe3378f828607b2b757ed94a3489b20112818296e03b151?s=96&d=mm&r=g","caption":"ThibaudUGES38"},"url":"https:\/\/www.uges-isere.fr\/index.php\/author\/thibauduges38\/"}]}},"_links":{"self":[{"href":"https:\/\/www.uges-isere.fr\/index.php\/wp-json\/wp\/v2\/posts\/684469","targetHints":{"allow":["GET"]}}],"collection":[{"href":"https:\/\/www.uges-isere.fr\/index.php\/wp-json\/wp\/v2\/posts"}],"about":[{"href":"https:\/\/www.uges-isere.fr\/index.php\/wp-json\/wp\/v2\/types\/post"}],"author":[{"embeddable":true,"href":"https:\/\/www.uges-isere.fr\/index.php\/wp-json\/wp\/v2\/users\/8"}],"replies":[{"embeddable":true,"href":"https:\/\/www.uges-isere.fr\/index.php\/wp-json\/wp\/v2\/comments?post=684469"}],"version-history":[{"count":1,"href":"https:\/\/www.uges-isere.fr\/index.php\/wp-json\/wp\/v2\/posts\/684469\/revisions"}],"predecessor-version":[{"id":684470,"href":"https:\/\/www.uges-isere.fr\/index.php\/wp-json\/wp\/v2\/posts\/684469\/revisions\/684470"}],"wp:featuredmedia":[{"embeddable":true,"href":"https:\/\/www.uges-isere.fr\/index.php\/wp-json\/wp\/v2\/media\/684327"}],"wp:attachment":[{"href":"https:\/\/www.uges-isere.fr\/index.php\/wp-json\/wp\/v2\/media?parent=684469"}],"wp:term":[{"taxonomy":"category","embeddable":true,"href":"https:\/\/www.uges-isere.fr\/index.php\/wp-json\/wp\/v2\/categories?post=684469"},{"taxonomy":"post_tag","embeddable":true,"href":"https:\/\/www.uges-isere.fr\/index.php\/wp-json\/wp\/v2\/tags?post=684469"}],"curies":[{"name":"wp","href":"https:\/\/api.w.org\/{rel}","templated":true}]}}