{"id":684454,"date":"2025-11-10T10:54:42","date_gmt":"2025-11-10T09:54:42","guid":{"rendered":"https:\/\/www.uges-isere.fr\/?p=684454"},"modified":"2025-12-10T10:57:01","modified_gmt":"2025-12-10T09:57:01","slug":"tribune-novembre-decembre-2025-la-majorite-departementale-fait-le-choix-daffaiblir-les-associations-iseroises","status":"publish","type":"post","link":"https:\/\/www.uges-isere.fr\/index.php\/2025\/11\/10\/tribune-novembre-decembre-2025-la-majorite-departementale-fait-le-choix-daffaiblir-les-associations-iseroises\/","title":{"rendered":"TRIBUNE NOVEMBRE\/DECEMBRE 2025 &#8211; LA MAJORITE DEPARTEMENTALE FAIT LE CHOIX D\u2019AFFAIBLIR LES ASSOCIATIONS ISEROISES"},"content":{"rendered":"\n<p>L\u2019Is\u00e8re compte 28000 associations, regroupant 260 000 b\u00e9n\u00e9voles et 30 000 emplois salari\u00e9s. Aujourd\u2019hui, les associations font face \u00e0 un d\u00e9sengagement sans pr\u00e9c\u00e9dent des financements de l\u2019Etat et des collectivit\u00e9s locales. En Is\u00e8re, ce sont 250 emplois supprim\u00e9s pour cette seule ann\u00e9e 2025.<\/p>\n\n\n\n<p>Dans ce contexte, la majorit\u00e9 d\u00e9partementale a choisi ses priorit\u00e9s et fait malheureusement le choix de retirer environ 1,4 millions d\u2019euros aux associations des secteurs de la solidarit\u00e9, de la protection de l\u2019enfance ou de l\u2019environnement. Ce d\u00e9sengagement peut repr\u00e9senter 1\/4 du budget d\u2019un Lieu d\u2019Accueil Enfant Parent par exemple. Ces d\u00e9cisions sont incompr\u00e9hensibles et injustifi\u00e9es au regard d\u2019un contexte budg\u00e9taire qualifi\u00e9 de \u00ab favorable \u00bb par l\u2019ex\u00e9cutif d\u00e9partemental et des besoins des Is\u00e9roises et des Is\u00e9rois.<\/p>\n\n\n\n<p>Les efforts demand\u00e9s en mati\u00e8re de gestion de l\u2019argent public doivent \u00eatre faits dans la justice, et non au d\u00e9triment d\u2019associations essentielles au bien vivre des Is\u00e9roises et des Is\u00e9rois<\/p>\n","protected":false},"excerpt":{"rendered":"<p>L\u2019Is\u00e8re compte 28000 associations, regroupant 260 000 b\u00e9n\u00e9voles et 30 000 emplois salari\u00e9s. Aujourd\u2019hui, les associations font face &hellip; <\/p>\n","protected":false},"author":8,"featured_media":684387,"comment_status":"open","ping_status":"open","sticky":false,"template":"","format":"standard","meta":{"footnotes":""},"categories":[20],"tags":[384,270,378,69],"class_list":["post-684454","post","type-post","status-publish","format-standard","has-post-thumbnail","hentry","category-expressions-tribune","tag-associations","tag-economies","tag-laep","tag-parentalite"],"yoast_head":"<!-- This site is optimized with the Yoast SEO plugin v27.5 - https:\/\/yoast.com\/product\/yoast-seo-wordpress\/ -->\n<title>TRIBUNE NOVEMBRE\/DECEMBRE 2025 - LA MAJORITE DEPARTEMENTALE FAIT LE CHOIX D\u2019AFFAIBLIR LES ASSOCIATIONS ISEROISES - D\u00e9partement de l&#039;Is\u00e8re<\/title>\n<meta name=\"robots\" content=\"index, follow, max-snippet:-1, max-image-preview:large, max-video-preview:-1\" \/>\n<link rel=\"canonical\" href=\"https:\/\/www.uges-isere.fr\/index.php\/2025\/11\/10\/tribune-novembre-decembre-2025-la-majorite-departementale-fait-le-choix-daffaiblir-les-associations-iseroises\/\" \/>\n<meta property=\"og:locale\" content=\"fr_FR\" \/>\n<meta property=\"og:type\" content=\"article\" \/>\n<meta property=\"og:title\" content=\"TRIBUNE NOVEMBRE\/DECEMBRE 2025 - LA MAJORITE DEPARTEMENTALE FAIT LE CHOIX D\u2019AFFAIBLIR LES ASSOCIATIONS ISEROISES - D\u00e9partement de l&#039;Is\u00e8re\" \/>\n<meta property=\"og:description\" content=\"L\u2019Is\u00e8re compte 28000 associations, regroupant 260 000 b\u00e9n\u00e9voles et 30 000 emplois salari\u00e9s. Aujourd\u2019hui, les associations font face &hellip;\" \/>\n<meta property=\"og:url\" content=\"https:\/\/www.uges-isere.fr\/index.php\/2025\/11\/10\/tribune-novembre-decembre-2025-la-majorite-departementale-fait-le-choix-daffaiblir-les-associations-iseroises\/\" \/>\n<meta property=\"og:site_name\" content=\"D\u00e9partement de l&#039;Is\u00e8re\" \/>\n<meta property=\"article:publisher\" content=\"https:\/\/www.facebook.com\/LePrintemps38\" \/>\n<meta property=\"article:published_time\" content=\"2025-11-10T09:54:42+00:00\" \/>\n<meta property=\"article:modified_time\" content=\"2025-12-10T09:57:01+00:00\" \/>\n<meta property=\"og:image\" content=\"https:\/\/www.uges-isere.fr\/wp-content\/uploads\/2025\/06\/budget-25.jpg\" \/>\n\t<meta property=\"og:image:width\" content=\"561\" \/>\n\t<meta property=\"og:image:height\" content=\"367\" \/>\n\t<meta property=\"og:image:type\" content=\"image\/jpeg\" \/>\n<meta name=\"author\" content=\"ThibaudUGES38\" \/>\n<meta name=\"twitter:card\" content=\"summary_large_image\" \/>\n<meta name=\"twitter:creator\" content=\"@GroupeUGES38\" \/>\n<meta name=\"twitter:site\" content=\"@GroupeUGES38\" \/>\n<meta name=\"twitter:label1\" content=\"\u00c9crit par\" \/>\n\t<meta name=\"twitter:data1\" content=\"ThibaudUGES38\" \/>\n\t<meta name=\"twitter:label2\" content=\"Dur\u00e9e de lecture estim\u00e9e\" \/>\n\t<meta name=\"twitter:data2\" content=\"1 minute\" \/>\n<script type=\"application\/ld+json\" class=\"yoast-schema-graph\">{\"@context\":\"https:\\\/\\\/schema.org\",\"@graph\":[{\"@type\":\"Article\",\"@id\":\"https:\\\/\\\/www.uges-isere.fr\\\/index.php\\\/2025\\\/11\\\/10\\\/tribune-novembre-decembre-2025-la-majorite-departementale-fait-le-choix-daffaiblir-les-associations-iseroises\\\/#article\",\"isPartOf\":{\"@id\":\"https:\\\/\\\/www.uges-isere.fr\\\/index.php\\\/2025\\\/11\\\/10\\\/tribune-novembre-decembre-2025-la-majorite-departementale-fait-le-choix-daffaiblir-les-associations-iseroises\\\/\"},\"author\":{\"name\":\"ThibaudUGES38\",\"@id\":\"https:\\\/\\\/www.uges-isere.fr\\\/#\\\/schema\\\/person\\\/a200926d67119314e8837b6a085de83a\"},\"headline\":\"TRIBUNE NOVEMBRE\\\/DECEMBRE 2025 &#8211; LA MAJORITE DEPARTEMENTALE FAIT LE CHOIX D\u2019AFFAIBLIR LES ASSOCIATIONS ISEROISES\",\"datePublished\":\"2025-11-10T09:54:42+00:00\",\"dateModified\":\"2025-12-10T09:57:01+00:00\",\"mainEntityOfPage\":{\"@id\":\"https:\\\/\\\/www.uges-isere.fr\\\/index.php\\\/2025\\\/11\\\/10\\\/tribune-novembre-decembre-2025-la-majorite-departementale-fait-le-choix-daffaiblir-les-associations-iseroises\\\/\"},\"wordCount\":193,\"commentCount\":0,\"publisher\":{\"@id\":\"https:\\\/\\\/www.uges-isere.fr\\\/#organization\"},\"image\":{\"@id\":\"https:\\\/\\\/www.uges-isere.fr\\\/index.php\\\/2025\\\/11\\\/10\\\/tribune-novembre-decembre-2025-la-majorite-departementale-fait-le-choix-daffaiblir-les-associations-iseroises\\\/#primaryimage\"},\"thumbnailUrl\":\"https:\\\/\\\/www.uges-isere.fr\\\/wp-content\\\/uploads\\\/2025\\\/06\\\/budget-25.jpg\",\"keywords\":[\"associations\",\"\u00e9conomies\",\"LAEP\",\"parentalit\u00e9\"],\"articleSection\":[\"Expressions - Tribune\"],\"inLanguage\":\"fr-FR\",\"potentialAction\":[{\"@type\":\"CommentAction\",\"name\":\"Comment\",\"target\":[\"https:\\\/\\\/www.uges-isere.fr\\\/index.php\\\/2025\\\/11\\\/10\\\/tribune-novembre-decembre-2025-la-majorite-departementale-fait-le-choix-daffaiblir-les-associations-iseroises\\\/#respond\"]}]},{\"@type\":\"WebPage\",\"@id\":\"https:\\\/\\\/www.uges-isere.fr\\\/index.php\\\/2025\\\/11\\\/10\\\/tribune-novembre-decembre-2025-la-majorite-departementale-fait-le-choix-daffaiblir-les-associations-iseroises\\\/\",\"url\":\"https:\\\/\\\/www.uges-isere.fr\\\/index.php\\\/2025\\\/11\\\/10\\\/tribune-novembre-decembre-2025-la-majorite-departementale-fait-le-choix-daffaiblir-les-associations-iseroises\\\/\",\"name\":\"TRIBUNE NOVEMBRE\\\/DECEMBRE 2025 - LA MAJORITE DEPARTEMENTALE FAIT LE CHOIX D\u2019AFFAIBLIR LES ASSOCIATIONS ISEROISES - D\u00e9partement de l&#039;Is\u00e8re\",\"isPartOf\":{\"@id\":\"https:\\\/\\\/www.uges-isere.fr\\\/#website\"},\"primaryImageOfPage\":{\"@id\":\"https:\\\/\\\/www.uges-isere.fr\\\/index.php\\\/2025\\\/11\\\/10\\\/tribune-novembre-decembre-2025-la-majorite-departementale-fait-le-choix-daffaiblir-les-associations-iseroises\\\/#primaryimage\"},\"image\":{\"@id\":\"https:\\\/\\\/www.uges-isere.fr\\\/index.php\\\/2025\\\/11\\\/10\\\/tribune-novembre-decembre-2025-la-majorite-departementale-fait-le-choix-daffaiblir-les-associations-iseroises\\\/#primaryimage\"},\"thumbnailUrl\":\"https:\\\/\\\/www.uges-isere.fr\\\/wp-content\\\/uploads\\\/2025\\\/06\\\/budget-25.jpg\",\"datePublished\":\"2025-11-10T09:54:42+00:00\",\"dateModified\":\"2025-12-10T09:57:01+00:00\",\"breadcrumb\":{\"@id\":\"https:\\\/\\\/www.uges-isere.fr\\\/index.php\\\/2025\\\/11\\\/10\\\/tribune-novembre-decembre-2025-la-majorite-departementale-fait-le-choix-daffaiblir-les-associations-iseroises\\\/#breadcrumb\"},\"inLanguage\":\"fr-FR\",\"potentialAction\":[{\"@type\":\"ReadAction\",\"target\":[\"https:\\\/\\\/www.uges-isere.fr\\\/index.php\\\/2025\\\/11\\\/10\\\/tribune-novembre-decembre-2025-la-majorite-departementale-fait-le-choix-daffaiblir-les-associations-iseroises\\\/\"]}]},{\"@type\":\"ImageObject\",\"inLanguage\":\"fr-FR\",\"@id\":\"https:\\\/\\\/www.uges-isere.fr\\\/index.php\\\/2025\\\/11\\\/10\\\/tribune-novembre-decembre-2025-la-majorite-departementale-fait-le-choix-daffaiblir-les-associations-iseroises\\\/#primaryimage\",\"url\":\"https:\\\/\\\/www.uges-isere.fr\\\/wp-content\\\/uploads\\\/2025\\\/06\\\/budget-25.jpg\",\"contentUrl\":\"https:\\\/\\\/www.uges-isere.fr\\\/wp-content\\\/uploads\\\/2025\\\/06\\\/budget-25.jpg\",\"width\":561,\"height\":367},{\"@type\":\"BreadcrumbList\",\"@id\":\"https:\\\/\\\/www.uges-isere.fr\\\/index.php\\\/2025\\\/11\\\/10\\\/tribune-novembre-decembre-2025-la-majorite-departementale-fait-le-choix-daffaiblir-les-associations-iseroises\\\/#breadcrumb\",\"itemListElement\":[{\"@type\":\"ListItem\",\"position\":1,\"name\":\"Accueil\",\"item\":\"https:\\\/\\\/www.uges-isere.fr\\\/\"},{\"@type\":\"ListItem\",\"position\":2,\"name\":\"TRIBUNE NOVEMBRE\\\/DECEMBRE 2025 &#8211; LA MAJORITE DEPARTEMENTALE FAIT LE CHOIX D\u2019AFFAIBLIR LES ASSOCIATIONS ISEROISES\"}]},{\"@type\":\"WebSite\",\"@id\":\"https:\\\/\\\/www.uges-isere.fr\\\/#website\",\"url\":\"https:\\\/\\\/www.uges-isere.fr\\\/\",\"name\":\"D\u00e9partement de l&#039;Is\u00e8re\",\"description\":\"Groupe d&#039;opposition UGES\",\"publisher\":{\"@id\":\"https:\\\/\\\/www.uges-isere.fr\\\/#organization\"},\"potentialAction\":[{\"@type\":\"SearchAction\",\"target\":{\"@type\":\"EntryPoint\",\"urlTemplate\":\"https:\\\/\\\/www.uges-isere.fr\\\/?s={search_term_string}\"},\"query-input\":{\"@type\":\"PropertyValueSpecification\",\"valueRequired\":true,\"valueName\":\"search_term_string\"}}],\"inLanguage\":\"fr-FR\"},{\"@type\":\"Organization\",\"@id\":\"https:\\\/\\\/www.uges-isere.fr\\\/#organization\",\"name\":\"D\u00e9partement de l'Is\u00e8re\",\"url\":\"https:\\\/\\\/www.uges-isere.fr\\\/\",\"logo\":{\"@type\":\"ImageObject\",\"inLanguage\":\"fr-FR\",\"@id\":\"https:\\\/\\\/www.uges-isere.fr\\\/#\\\/schema\\\/logo\\\/image\\\/\",\"url\":\"https:\\\/\\\/www.uges-isere.fr\\\/wp-content\\\/uploads\\\/2021\\\/10\\\/logo-ok.png\",\"contentUrl\":\"https:\\\/\\\/www.uges-isere.fr\\\/wp-content\\\/uploads\\\/2021\\\/10\\\/logo-ok.png\",\"width\":2859,\"height\":1816,\"caption\":\"D\u00e9partement de l'Is\u00e8re\"},\"image\":{\"@id\":\"https:\\\/\\\/www.uges-isere.fr\\\/#\\\/schema\\\/logo\\\/image\\\/\"},\"sameAs\":[\"https:\\\/\\\/www.facebook.com\\\/LePrintemps38\",\"https:\\\/\\\/x.com\\\/GroupeUGES38\"]},{\"@type\":\"Person\",\"@id\":\"https:\\\/\\\/www.uges-isere.fr\\\/#\\\/schema\\\/person\\\/a200926d67119314e8837b6a085de83a\",\"name\":\"ThibaudUGES38\",\"image\":{\"@type\":\"ImageObject\",\"inLanguage\":\"fr-FR\",\"@id\":\"https:\\\/\\\/secure.gravatar.com\\\/avatar\\\/e182ebfe597e409aafe3378f828607b2b757ed94a3489b20112818296e03b151?s=96&d=mm&r=g\",\"url\":\"https:\\\/\\\/secure.gravatar.com\\\/avatar\\\/e182ebfe597e409aafe3378f828607b2b757ed94a3489b20112818296e03b151?s=96&d=mm&r=g\",\"contentUrl\":\"https:\\\/\\\/secure.gravatar.com\\\/avatar\\\/e182ebfe597e409aafe3378f828607b2b757ed94a3489b20112818296e03b151?s=96&d=mm&r=g\",\"caption\":\"ThibaudUGES38\"},\"url\":\"https:\\\/\\\/www.uges-isere.fr\\\/index.php\\\/author\\\/thibauduges38\\\/\"}]}<\/script>\n<!-- \/ Yoast SEO plugin. -->","yoast_head_json":{"title":"TRIBUNE NOVEMBRE\/DECEMBRE 2025 - LA MAJORITE DEPARTEMENTALE FAIT LE CHOIX D\u2019AFFAIBLIR LES ASSOCIATIONS ISEROISES - D\u00e9partement de l&#039;Is\u00e8re","robots":{"index":"index","follow":"follow","max-snippet":"max-snippet:-1","max-image-preview":"max-image-preview:large","max-video-preview":"max-video-preview:-1"},"canonical":"https:\/\/www.uges-isere.fr\/index.php\/2025\/11\/10\/tribune-novembre-decembre-2025-la-majorite-departementale-fait-le-choix-daffaiblir-les-associations-iseroises\/","og_locale":"fr_FR","og_type":"article","og_title":"TRIBUNE NOVEMBRE\/DECEMBRE 2025 - LA MAJORITE DEPARTEMENTALE FAIT LE CHOIX D\u2019AFFAIBLIR LES ASSOCIATIONS ISEROISES - D\u00e9partement de l&#039;Is\u00e8re","og_description":"L\u2019Is\u00e8re compte 28000 associations, regroupant 260 000 b\u00e9n\u00e9voles et 30 000 emplois salari\u00e9s. Aujourd\u2019hui, les associations font face &hellip;","og_url":"https:\/\/www.uges-isere.fr\/index.php\/2025\/11\/10\/tribune-novembre-decembre-2025-la-majorite-departementale-fait-le-choix-daffaiblir-les-associations-iseroises\/","og_site_name":"D\u00e9partement de l&#039;Is\u00e8re","article_publisher":"https:\/\/www.facebook.com\/LePrintemps38","article_published_time":"2025-11-10T09:54:42+00:00","article_modified_time":"2025-12-10T09:57:01+00:00","og_image":[{"width":561,"height":367,"url":"https:\/\/www.uges-isere.fr\/wp-content\/uploads\/2025\/06\/budget-25.jpg","type":"image\/jpeg"}],"author":"ThibaudUGES38","twitter_card":"summary_large_image","twitter_creator":"@GroupeUGES38","twitter_site":"@GroupeUGES38","twitter_misc":{"\u00c9crit par":"ThibaudUGES38","Dur\u00e9e de lecture estim\u00e9e":"1 minute"},"schema":{"@context":"https:\/\/schema.org","@graph":[{"@type":"Article","@id":"https:\/\/www.uges-isere.fr\/index.php\/2025\/11\/10\/tribune-novembre-decembre-2025-la-majorite-departementale-fait-le-choix-daffaiblir-les-associations-iseroises\/#article","isPartOf":{"@id":"https:\/\/www.uges-isere.fr\/index.php\/2025\/11\/10\/tribune-novembre-decembre-2025-la-majorite-departementale-fait-le-choix-daffaiblir-les-associations-iseroises\/"},"author":{"name":"ThibaudUGES38","@id":"https:\/\/www.uges-isere.fr\/#\/schema\/person\/a200926d67119314e8837b6a085de83a"},"headline":"TRIBUNE NOVEMBRE\/DECEMBRE 2025 &#8211; LA MAJORITE DEPARTEMENTALE FAIT LE CHOIX D\u2019AFFAIBLIR LES ASSOCIATIONS ISEROISES","datePublished":"2025-11-10T09:54:42+00:00","dateModified":"2025-12-10T09:57:01+00:00","mainEntityOfPage":{"@id":"https:\/\/www.uges-isere.fr\/index.php\/2025\/11\/10\/tribune-novembre-decembre-2025-la-majorite-departementale-fait-le-choix-daffaiblir-les-associations-iseroises\/"},"wordCount":193,"commentCount":0,"publisher":{"@id":"https:\/\/www.uges-isere.fr\/#organization"},"image":{"@id":"https:\/\/www.uges-isere.fr\/index.php\/2025\/11\/10\/tribune-novembre-decembre-2025-la-majorite-departementale-fait-le-choix-daffaiblir-les-associations-iseroises\/#primaryimage"},"thumbnailUrl":"https:\/\/www.uges-isere.fr\/wp-content\/uploads\/2025\/06\/budget-25.jpg","keywords":["associations","\u00e9conomies","LAEP","parentalit\u00e9"],"articleSection":["Expressions - Tribune"],"inLanguage":"fr-FR","potentialAction":[{"@type":"CommentAction","name":"Comment","target":["https:\/\/www.uges-isere.fr\/index.php\/2025\/11\/10\/tribune-novembre-decembre-2025-la-majorite-departementale-fait-le-choix-daffaiblir-les-associations-iseroises\/#respond"]}]},{"@type":"WebPage","@id":"https:\/\/www.uges-isere.fr\/index.php\/2025\/11\/10\/tribune-novembre-decembre-2025-la-majorite-departementale-fait-le-choix-daffaiblir-les-associations-iseroises\/","url":"https:\/\/www.uges-isere.fr\/index.php\/2025\/11\/10\/tribune-novembre-decembre-2025-la-majorite-departementale-fait-le-choix-daffaiblir-les-associations-iseroises\/","name":"TRIBUNE NOVEMBRE\/DECEMBRE 2025 - LA MAJORITE DEPARTEMENTALE FAIT LE CHOIX D\u2019AFFAIBLIR LES ASSOCIATIONS ISEROISES - D\u00e9partement de l&#039;Is\u00e8re","isPartOf":{"@id":"https:\/\/www.uges-isere.fr\/#website"},"primaryImageOfPage":{"@id":"https:\/\/www.uges-isere.fr\/index.php\/2025\/11\/10\/tribune-novembre-decembre-2025-la-majorite-departementale-fait-le-choix-daffaiblir-les-associations-iseroises\/#primaryimage"},"image":{"@id":"https:\/\/www.uges-isere.fr\/index.php\/2025\/11\/10\/tribune-novembre-decembre-2025-la-majorite-departementale-fait-le-choix-daffaiblir-les-associations-iseroises\/#primaryimage"},"thumbnailUrl":"https:\/\/www.uges-isere.fr\/wp-content\/uploads\/2025\/06\/budget-25.jpg","datePublished":"2025-11-10T09:54:42+00:00","dateModified":"2025-12-10T09:57:01+00:00","breadcrumb":{"@id":"https:\/\/www.uges-isere.fr\/index.php\/2025\/11\/10\/tribune-novembre-decembre-2025-la-majorite-departementale-fait-le-choix-daffaiblir-les-associations-iseroises\/#breadcrumb"},"inLanguage":"fr-FR","potentialAction":[{"@type":"ReadAction","target":["https:\/\/www.uges-isere.fr\/index.php\/2025\/11\/10\/tribune-novembre-decembre-2025-la-majorite-departementale-fait-le-choix-daffaiblir-les-associations-iseroises\/"]}]},{"@type":"ImageObject","inLanguage":"fr-FR","@id":"https:\/\/www.uges-isere.fr\/index.php\/2025\/11\/10\/tribune-novembre-decembre-2025-la-majorite-departementale-fait-le-choix-daffaiblir-les-associations-iseroises\/#primaryimage","url":"https:\/\/www.uges-isere.fr\/wp-content\/uploads\/2025\/06\/budget-25.jpg","contentUrl":"https:\/\/www.uges-isere.fr\/wp-content\/uploads\/2025\/06\/budget-25.jpg","width":561,"height":367},{"@type":"BreadcrumbList","@id":"https:\/\/www.uges-isere.fr\/index.php\/2025\/11\/10\/tribune-novembre-decembre-2025-la-majorite-departementale-fait-le-choix-daffaiblir-les-associations-iseroises\/#breadcrumb","itemListElement":[{"@type":"ListItem","position":1,"name":"Accueil","item":"https:\/\/www.uges-isere.fr\/"},{"@type":"ListItem","position":2,"name":"TRIBUNE NOVEMBRE\/DECEMBRE 2025 &#8211; LA MAJORITE DEPARTEMENTALE FAIT LE CHOIX D\u2019AFFAIBLIR LES ASSOCIATIONS ISEROISES"}]},{"@type":"WebSite","@id":"https:\/\/www.uges-isere.fr\/#website","url":"https:\/\/www.uges-isere.fr\/","name":"D\u00e9partement de l&#039;Is\u00e8re","description":"Groupe d&#039;opposition UGES","publisher":{"@id":"https:\/\/www.uges-isere.fr\/#organization"},"potentialAction":[{"@type":"SearchAction","target":{"@type":"EntryPoint","urlTemplate":"https:\/\/www.uges-isere.fr\/?s={search_term_string}"},"query-input":{"@type":"PropertyValueSpecification","valueRequired":true,"valueName":"search_term_string"}}],"inLanguage":"fr-FR"},{"@type":"Organization","@id":"https:\/\/www.uges-isere.fr\/#organization","name":"D\u00e9partement de l'Is\u00e8re","url":"https:\/\/www.uges-isere.fr\/","logo":{"@type":"ImageObject","inLanguage":"fr-FR","@id":"https:\/\/www.uges-isere.fr\/#\/schema\/logo\/image\/","url":"https:\/\/www.uges-isere.fr\/wp-content\/uploads\/2021\/10\/logo-ok.png","contentUrl":"https:\/\/www.uges-isere.fr\/wp-content\/uploads\/2021\/10\/logo-ok.png","width":2859,"height":1816,"caption":"D\u00e9partement de l'Is\u00e8re"},"image":{"@id":"https:\/\/www.uges-isere.fr\/#\/schema\/logo\/image\/"},"sameAs":["https:\/\/www.facebook.com\/LePrintemps38","https:\/\/x.com\/GroupeUGES38"]},{"@type":"Person","@id":"https:\/\/www.uges-isere.fr\/#\/schema\/person\/a200926d67119314e8837b6a085de83a","name":"ThibaudUGES38","image":{"@type":"ImageObject","inLanguage":"fr-FR","@id":"https:\/\/secure.gravatar.com\/avatar\/e182ebfe597e409aafe3378f828607b2b757ed94a3489b20112818296e03b151?s=96&d=mm&r=g","url":"https:\/\/secure.gravatar.com\/avatar\/e182ebfe597e409aafe3378f828607b2b757ed94a3489b20112818296e03b151?s=96&d=mm&r=g","contentUrl":"https:\/\/secure.gravatar.com\/avatar\/e182ebfe597e409aafe3378f828607b2b757ed94a3489b20112818296e03b151?s=96&d=mm&r=g","caption":"ThibaudUGES38"},"url":"https:\/\/www.uges-isere.fr\/index.php\/author\/thibauduges38\/"}]}},"_links":{"self":[{"href":"https:\/\/www.uges-isere.fr\/index.php\/wp-json\/wp\/v2\/posts\/684454","targetHints":{"allow":["GET"]}}],"collection":[{"href":"https:\/\/www.uges-isere.fr\/index.php\/wp-json\/wp\/v2\/posts"}],"about":[{"href":"https:\/\/www.uges-isere.fr\/index.php\/wp-json\/wp\/v2\/types\/post"}],"author":[{"embeddable":true,"href":"https:\/\/www.uges-isere.fr\/index.php\/wp-json\/wp\/v2\/users\/8"}],"replies":[{"embeddable":true,"href":"https:\/\/www.uges-isere.fr\/index.php\/wp-json\/wp\/v2\/comments?post=684454"}],"version-history":[{"count":1,"href":"https:\/\/www.uges-isere.fr\/index.php\/wp-json\/wp\/v2\/posts\/684454\/revisions"}],"predecessor-version":[{"id":684455,"href":"https:\/\/www.uges-isere.fr\/index.php\/wp-json\/wp\/v2\/posts\/684454\/revisions\/684455"}],"wp:featuredmedia":[{"embeddable":true,"href":"https:\/\/www.uges-isere.fr\/index.php\/wp-json\/wp\/v2\/media\/684387"}],"wp:attachment":[{"href":"https:\/\/www.uges-isere.fr\/index.php\/wp-json\/wp\/v2\/media?parent=684454"}],"wp:term":[{"taxonomy":"category","embeddable":true,"href":"https:\/\/www.uges-isere.fr\/index.php\/wp-json\/wp\/v2\/categories?post=684454"},{"taxonomy":"post_tag","embeddable":true,"href":"https:\/\/www.uges-isere.fr\/index.php\/wp-json\/wp\/v2\/tags?post=684454"}],"curies":[{"name":"wp","href":"https:\/\/api.w.org\/{rel}","templated":true}]}}