{"id":684442,"date":"2025-11-19T10:07:11","date_gmt":"2025-11-19T09:07:11","guid":{"rendered":"https:\/\/www.uges-isere.fr\/?p=684442"},"modified":"2025-11-19T10:08:06","modified_gmt":"2025-11-19T09:08:06","slug":"voeu-pour-la-defense-de-la-mission-solidarite-des-conseils-departementaux","status":"publish","type":"post","link":"https:\/\/www.uges-isere.fr\/index.php\/2025\/11\/19\/voeu-pour-la-defense-de-la-mission-solidarite-des-conseils-departementaux\/","title":{"rendered":"V\u0153u pour la d\u00e9fense de la mission Solidarit\u00e9 des Conseils d\u00e9partementaux"},"content":{"rendered":"\n<p><strong><em>En s\u00e9ance publique du 14 novembre 2025, le groupe UGES a souhait\u00e9 proposer un v\u0153u pour interpeller le Gouvernement pour qu&rsquo;il s&rsquo;engage \u00e0 donner aux D\u00e9partements les moyens financiers qui leur permettent d\u2019assurer leurs missions de solidarit\u00e9 et d\u2019action sociale. Ce voeu a \u00e9t\u00e9 rejet\u00e9 par la majorit\u00e9 d\u00e9partementale de Droit.<\/em><\/strong><\/p>\n\n\n\n<h2 class=\"wp-block-heading\">V\u0153u <\/h2>\n\n\n\n<p><strong>CONSID\u00c9RANT <\/strong>qu\u2019en 2024, en France, 650 000 personnes de plus sont pass\u00e9es sous le seuil de pauvret\u00e9 et qu\u2019aujourd\u2019hui la pauvret\u00e9 et la pr\u00e9carit\u00e9 concernent 15,4 % de la population fran\u00e7aise (dont 7% de travailleurs) soit 10,5 millions de personnes,<\/p>\n\n\n\n<p><strong>CONSTATANT<\/strong> l\u2019explosion de la demande d\u2019aide alimentaire en Is\u00e8re et observant que 2 jeunes sur 3 d\u00e9clarent \u00eatre en situation de pr\u00e9carit\u00e9 alimentaire,<\/p>\n\n\n\n<p><strong>CONSTATANT<\/strong> que cette pauvret\u00e9 de masse menace \u00e0 la fois la survie des personnes et la coh\u00e9sion sociale de notre pays,<\/p>\n\n\n\n<p><strong>CONSID\u00c9RANT<\/strong> que les Conseils d\u00e9partementaux, missionn\u00e9s par l\u2019Etat pour \u00eatre chefs de file de la solidarit\u00e9 et de l\u2019action sociale, sont en premi\u00e8re ligne pour accompagner les citoyens fragilis\u00e9s par les al\u00e9as de la vie et de la soci\u00e9t\u00e9,<\/p>\n\n\n\n<p><strong>AFFIRMANT<\/strong> que cette mission est plus que jamais essentielle face \u00e0 l\u2019augmentation de la pauvret\u00e9 et la pr\u00e9carit\u00e9 et que le Conseil d\u00e9partemental de l\u2019Is\u00e8re souhaite pouvoir continuer \u00e0 la mener pleinement,<\/p>\n\n\n\n<p><strong>CONSTATANT<\/strong> que depuis le transfert par l\u2019Etat aux Conseils d\u00e9partementaux du financement des allocations individuelles de solidarit\u00e9 (RSA, APA et PCH), v\u00e9ritables filets de s\u00e9curit\u00e9 et de protection pour les plus fragiles, celui-ci n\u2019a jamais actualis\u00e9 les compensations financi\u00e8res promises en direction des D\u00e9partements, malgr\u00e9 l\u2019augmentation tr\u00e8s importante du nombre de b\u00e9n\u00e9ficiaires,<\/p>\n\n\n\n<p><strong>CONSTATANT<\/strong> que les Conseils d\u00e9partementaux, en finan\u00e7ant pour une grande part sur leur budget ces allocations relevant de la solidarit\u00e9 nationale, s\u2019affirment comme des acteurs majeurs et indispensables de la lutte contre la pauvret\u00e9 et la pr\u00e9carit\u00e9,<\/p>\n\n\n\n<p><strong>INDIQUANT<\/strong> que cette compensation insuffisante pourrait amener les Conseils d\u00e9partementaux \u00e0 ne plus \u00eatre en capacit\u00e9, \u00e0 terme, de mener leurs missions de solidarit\u00e9 pr\u00e9cit\u00e9es,<\/p>\n\n\n\n<p><strong>LE CONSEIL D\u00c9PARTEMENTAL DE L\u2019IS\u00c8RE<\/strong><\/p>\n\n\n\n<p><strong>DEMANDE<\/strong> au Gouvernement de donner aux D\u00e9partements les moyens financiers qui leur permettent d\u2019assurer leurs missions de solidarit\u00e9 et d\u2019action sociale,<\/p>\n\n\n\n<p><strong>DEMANDE <\/strong>une nouvelle fois la juste compensation des charges sociales transf\u00e9r\u00e9es de l\u2019Etat vers les D\u00e9partements, pour les allocations individuelles de solidarit\u00e9 (AIS) et l\u2019Aide Sociale \u00e0 l\u2019Enfance (ASE), qui devrait \u00eatre actualis\u00e9e chaque ann\u00e9e en fonction du nombre r\u00e9el de b\u00e9n\u00e9ficiaires et du co\u00fbt des dispositifs,<\/p>\n\n\n\n<p><strong>DEMANDE<\/strong> au Gouvernement, \u00e0 l\u2019heure des discussions budg\u00e9taires et des mesures d\u2019\u00e9conomies demand\u00e9es, que celles-ci ne soient pas r\u00e9alis\u00e9es au d\u00e9triment des plus fragiles et des plus pauvres mais, face \u00e0 l\u2019urgence, de proposer des mesures ambitieuses de lutte contre la pauvret\u00e9 ainsi que de justice sociale et fiscale.<\/p>\n","protected":false},"excerpt":{"rendered":"<p>En s\u00e9ance publique du 14 novembre 2025, le groupe UGES a souhait\u00e9 proposer un v\u0153u pour interpeller le &hellip; <\/p>\n","protected":false},"author":8,"featured_media":684445,"comment_status":"open","ping_status":"open","sticky":false,"template":"","format":"standard","meta":{"footnotes":""},"categories":[392,15,355],"tags":[388,397,220,190],"class_list":["post-684442","post","type-post","status-publish","format-standard","has-post-thumbnail","hentry","category-seance-publique-debat-dorientation-budgetaire-2026-novembre-2025","category-seances-publiques","category-sp-2025","tag-collectivites-locales","tag-departements","tag-gouvernement","tag-solidarites"],"yoast_head":"<!-- This site is optimized with the Yoast SEO plugin v27.5 - https:\/\/yoast.com\/product\/yoast-seo-wordpress\/ -->\n<title>V\u0153u pour la d\u00e9fense de la mission Solidarit\u00e9 des Conseils d\u00e9partementaux - D\u00e9partement de l&#039;Is\u00e8re<\/title>\n<meta name=\"robots\" content=\"index, follow, max-snippet:-1, max-image-preview:large, max-video-preview:-1\" \/>\n<link rel=\"canonical\" href=\"https:\/\/www.uges-isere.fr\/index.php\/2025\/11\/19\/voeu-pour-la-defense-de-la-mission-solidarite-des-conseils-departementaux\/\" \/>\n<meta property=\"og:locale\" content=\"fr_FR\" \/>\n<meta property=\"og:type\" content=\"article\" \/>\n<meta property=\"og:title\" content=\"V\u0153u pour la d\u00e9fense de la mission Solidarit\u00e9 des Conseils d\u00e9partementaux - D\u00e9partement de l&#039;Is\u00e8re\" \/>\n<meta property=\"og:description\" content=\"En s\u00e9ance publique du 14 novembre 2025, le groupe UGES a souhait\u00e9 proposer un v\u0153u pour interpeller le &hellip;\" \/>\n<meta property=\"og:url\" content=\"https:\/\/www.uges-isere.fr\/index.php\/2025\/11\/19\/voeu-pour-la-defense-de-la-mission-solidarite-des-conseils-departementaux\/\" \/>\n<meta property=\"og:site_name\" content=\"D\u00e9partement de l&#039;Is\u00e8re\" \/>\n<meta property=\"article:publisher\" content=\"https:\/\/www.facebook.com\/LePrintemps38\" \/>\n<meta property=\"article:published_time\" content=\"2025-11-19T09:07:11+00:00\" \/>\n<meta property=\"article:modified_time\" content=\"2025-11-19T09:08:06+00:00\" \/>\n<meta property=\"og:image\" content=\"https:\/\/www.uges-isere.fr\/wp-content\/uploads\/2025\/11\/CL-GOUV-1.jpg\" \/>\n\t<meta property=\"og:image:width\" content=\"769\" \/>\n\t<meta property=\"og:image:height\" content=\"417\" \/>\n\t<meta property=\"og:image:type\" content=\"image\/jpeg\" \/>\n<meta name=\"author\" content=\"ThibaudUGES38\" \/>\n<meta name=\"twitter:card\" content=\"summary_large_image\" \/>\n<meta name=\"twitter:creator\" content=\"@GroupeUGES38\" \/>\n<meta name=\"twitter:site\" content=\"@GroupeUGES38\" \/>\n<meta name=\"twitter:label1\" content=\"\u00c9crit par\" \/>\n\t<meta name=\"twitter:data1\" content=\"ThibaudUGES38\" \/>\n\t<meta name=\"twitter:label2\" content=\"Dur\u00e9e de lecture estim\u00e9e\" \/>\n\t<meta name=\"twitter:data2\" content=\"3 minutes\" \/>\n<script type=\"application\/ld+json\" class=\"yoast-schema-graph\">{\"@context\":\"https:\\\/\\\/schema.org\",\"@graph\":[{\"@type\":\"Article\",\"@id\":\"https:\\\/\\\/www.uges-isere.fr\\\/index.php\\\/2025\\\/11\\\/19\\\/voeu-pour-la-defense-de-la-mission-solidarite-des-conseils-departementaux\\\/#article\",\"isPartOf\":{\"@id\":\"https:\\\/\\\/www.uges-isere.fr\\\/index.php\\\/2025\\\/11\\\/19\\\/voeu-pour-la-defense-de-la-mission-solidarite-des-conseils-departementaux\\\/\"},\"author\":{\"name\":\"ThibaudUGES38\",\"@id\":\"https:\\\/\\\/www.uges-isere.fr\\\/#\\\/schema\\\/person\\\/a200926d67119314e8837b6a085de83a\"},\"headline\":\"V\u0153u pour la d\u00e9fense de la mission Solidarit\u00e9 des Conseils d\u00e9partementaux\",\"datePublished\":\"2025-11-19T09:07:11+00:00\",\"dateModified\":\"2025-11-19T09:08:06+00:00\",\"mainEntityOfPage\":{\"@id\":\"https:\\\/\\\/www.uges-isere.fr\\\/index.php\\\/2025\\\/11\\\/19\\\/voeu-pour-la-defense-de-la-mission-solidarite-des-conseils-departementaux\\\/\"},\"wordCount\":515,\"commentCount\":0,\"publisher\":{\"@id\":\"https:\\\/\\\/www.uges-isere.fr\\\/#organization\"},\"image\":{\"@id\":\"https:\\\/\\\/www.uges-isere.fr\\\/index.php\\\/2025\\\/11\\\/19\\\/voeu-pour-la-defense-de-la-mission-solidarite-des-conseils-departementaux\\\/#primaryimage\"},\"thumbnailUrl\":\"https:\\\/\\\/www.uges-isere.fr\\\/wp-content\\\/uploads\\\/2025\\\/11\\\/CL-GOUV-1.jpg\",\"keywords\":[\"collectivit\u00e9s locales\",\"D\u00e9partements\",\"Gouvernement\",\"solidarit\u00e9s\"],\"articleSection\":[\"S\u00e9ance publique (D\u00e9bat d'orientation budg\u00e9taire 2026) - Novembre 2025\",\"S\u00e9ances publiques\",\"SP 2025\"],\"inLanguage\":\"fr-FR\",\"potentialAction\":[{\"@type\":\"CommentAction\",\"name\":\"Comment\",\"target\":[\"https:\\\/\\\/www.uges-isere.fr\\\/index.php\\\/2025\\\/11\\\/19\\\/voeu-pour-la-defense-de-la-mission-solidarite-des-conseils-departementaux\\\/#respond\"]}]},{\"@type\":\"WebPage\",\"@id\":\"https:\\\/\\\/www.uges-isere.fr\\\/index.php\\\/2025\\\/11\\\/19\\\/voeu-pour-la-defense-de-la-mission-solidarite-des-conseils-departementaux\\\/\",\"url\":\"https:\\\/\\\/www.uges-isere.fr\\\/index.php\\\/2025\\\/11\\\/19\\\/voeu-pour-la-defense-de-la-mission-solidarite-des-conseils-departementaux\\\/\",\"name\":\"V\u0153u pour la d\u00e9fense de la mission Solidarit\u00e9 des Conseils d\u00e9partementaux - D\u00e9partement de l&#039;Is\u00e8re\",\"isPartOf\":{\"@id\":\"https:\\\/\\\/www.uges-isere.fr\\\/#website\"},\"primaryImageOfPage\":{\"@id\":\"https:\\\/\\\/www.uges-isere.fr\\\/index.php\\\/2025\\\/11\\\/19\\\/voeu-pour-la-defense-de-la-mission-solidarite-des-conseils-departementaux\\\/#primaryimage\"},\"image\":{\"@id\":\"https:\\\/\\\/www.uges-isere.fr\\\/index.php\\\/2025\\\/11\\\/19\\\/voeu-pour-la-defense-de-la-mission-solidarite-des-conseils-departementaux\\\/#primaryimage\"},\"thumbnailUrl\":\"https:\\\/\\\/www.uges-isere.fr\\\/wp-content\\\/uploads\\\/2025\\\/11\\\/CL-GOUV-1.jpg\",\"datePublished\":\"2025-11-19T09:07:11+00:00\",\"dateModified\":\"2025-11-19T09:08:06+00:00\",\"breadcrumb\":{\"@id\":\"https:\\\/\\\/www.uges-isere.fr\\\/index.php\\\/2025\\\/11\\\/19\\\/voeu-pour-la-defense-de-la-mission-solidarite-des-conseils-departementaux\\\/#breadcrumb\"},\"inLanguage\":\"fr-FR\",\"potentialAction\":[{\"@type\":\"ReadAction\",\"target\":[\"https:\\\/\\\/www.uges-isere.fr\\\/index.php\\\/2025\\\/11\\\/19\\\/voeu-pour-la-defense-de-la-mission-solidarite-des-conseils-departementaux\\\/\"]}]},{\"@type\":\"ImageObject\",\"inLanguage\":\"fr-FR\",\"@id\":\"https:\\\/\\\/www.uges-isere.fr\\\/index.php\\\/2025\\\/11\\\/19\\\/voeu-pour-la-defense-de-la-mission-solidarite-des-conseils-departementaux\\\/#primaryimage\",\"url\":\"https:\\\/\\\/www.uges-isere.fr\\\/wp-content\\\/uploads\\\/2025\\\/11\\\/CL-GOUV-1.jpg\",\"contentUrl\":\"https:\\\/\\\/www.uges-isere.fr\\\/wp-content\\\/uploads\\\/2025\\\/11\\\/CL-GOUV-1.jpg\",\"width\":769,\"height\":417},{\"@type\":\"BreadcrumbList\",\"@id\":\"https:\\\/\\\/www.uges-isere.fr\\\/index.php\\\/2025\\\/11\\\/19\\\/voeu-pour-la-defense-de-la-mission-solidarite-des-conseils-departementaux\\\/#breadcrumb\",\"itemListElement\":[{\"@type\":\"ListItem\",\"position\":1,\"name\":\"Accueil\",\"item\":\"https:\\\/\\\/www.uges-isere.fr\\\/\"},{\"@type\":\"ListItem\",\"position\":2,\"name\":\"V\u0153u pour la d\u00e9fense de la mission Solidarit\u00e9 des Conseils d\u00e9partementaux\"}]},{\"@type\":\"WebSite\",\"@id\":\"https:\\\/\\\/www.uges-isere.fr\\\/#website\",\"url\":\"https:\\\/\\\/www.uges-isere.fr\\\/\",\"name\":\"D\u00e9partement de l&#039;Is\u00e8re\",\"description\":\"Groupe d&#039;opposition UGES\",\"publisher\":{\"@id\":\"https:\\\/\\\/www.uges-isere.fr\\\/#organization\"},\"potentialAction\":[{\"@type\":\"SearchAction\",\"target\":{\"@type\":\"EntryPoint\",\"urlTemplate\":\"https:\\\/\\\/www.uges-isere.fr\\\/?s={search_term_string}\"},\"query-input\":{\"@type\":\"PropertyValueSpecification\",\"valueRequired\":true,\"valueName\":\"search_term_string\"}}],\"inLanguage\":\"fr-FR\"},{\"@type\":\"Organization\",\"@id\":\"https:\\\/\\\/www.uges-isere.fr\\\/#organization\",\"name\":\"D\u00e9partement de l'Is\u00e8re\",\"url\":\"https:\\\/\\\/www.uges-isere.fr\\\/\",\"logo\":{\"@type\":\"ImageObject\",\"inLanguage\":\"fr-FR\",\"@id\":\"https:\\\/\\\/www.uges-isere.fr\\\/#\\\/schema\\\/logo\\\/image\\\/\",\"url\":\"https:\\\/\\\/www.uges-isere.fr\\\/wp-content\\\/uploads\\\/2021\\\/10\\\/logo-ok.png\",\"contentUrl\":\"https:\\\/\\\/www.uges-isere.fr\\\/wp-content\\\/uploads\\\/2021\\\/10\\\/logo-ok.png\",\"width\":2859,\"height\":1816,\"caption\":\"D\u00e9partement de l'Is\u00e8re\"},\"image\":{\"@id\":\"https:\\\/\\\/www.uges-isere.fr\\\/#\\\/schema\\\/logo\\\/image\\\/\"},\"sameAs\":[\"https:\\\/\\\/www.facebook.com\\\/LePrintemps38\",\"https:\\\/\\\/x.com\\\/GroupeUGES38\"]},{\"@type\":\"Person\",\"@id\":\"https:\\\/\\\/www.uges-isere.fr\\\/#\\\/schema\\\/person\\\/a200926d67119314e8837b6a085de83a\",\"name\":\"ThibaudUGES38\",\"image\":{\"@type\":\"ImageObject\",\"inLanguage\":\"fr-FR\",\"@id\":\"https:\\\/\\\/secure.gravatar.com\\\/avatar\\\/e182ebfe597e409aafe3378f828607b2b757ed94a3489b20112818296e03b151?s=96&d=mm&r=g\",\"url\":\"https:\\\/\\\/secure.gravatar.com\\\/avatar\\\/e182ebfe597e409aafe3378f828607b2b757ed94a3489b20112818296e03b151?s=96&d=mm&r=g\",\"contentUrl\":\"https:\\\/\\\/secure.gravatar.com\\\/avatar\\\/e182ebfe597e409aafe3378f828607b2b757ed94a3489b20112818296e03b151?s=96&d=mm&r=g\",\"caption\":\"ThibaudUGES38\"},\"url\":\"https:\\\/\\\/www.uges-isere.fr\\\/index.php\\\/author\\\/thibauduges38\\\/\"}]}<\/script>\n<!-- \/ Yoast SEO plugin. -->","yoast_head_json":{"title":"V\u0153u pour la d\u00e9fense de la mission Solidarit\u00e9 des Conseils d\u00e9partementaux - D\u00e9partement de l&#039;Is\u00e8re","robots":{"index":"index","follow":"follow","max-snippet":"max-snippet:-1","max-image-preview":"max-image-preview:large","max-video-preview":"max-video-preview:-1"},"canonical":"https:\/\/www.uges-isere.fr\/index.php\/2025\/11\/19\/voeu-pour-la-defense-de-la-mission-solidarite-des-conseils-departementaux\/","og_locale":"fr_FR","og_type":"article","og_title":"V\u0153u pour la d\u00e9fense de la mission Solidarit\u00e9 des Conseils d\u00e9partementaux - D\u00e9partement de l&#039;Is\u00e8re","og_description":"En s\u00e9ance publique du 14 novembre 2025, le groupe UGES a souhait\u00e9 proposer un v\u0153u pour interpeller le &hellip;","og_url":"https:\/\/www.uges-isere.fr\/index.php\/2025\/11\/19\/voeu-pour-la-defense-de-la-mission-solidarite-des-conseils-departementaux\/","og_site_name":"D\u00e9partement de l&#039;Is\u00e8re","article_publisher":"https:\/\/www.facebook.com\/LePrintemps38","article_published_time":"2025-11-19T09:07:11+00:00","article_modified_time":"2025-11-19T09:08:06+00:00","og_image":[{"width":769,"height":417,"url":"https:\/\/www.uges-isere.fr\/wp-content\/uploads\/2025\/11\/CL-GOUV-1.jpg","type":"image\/jpeg"}],"author":"ThibaudUGES38","twitter_card":"summary_large_image","twitter_creator":"@GroupeUGES38","twitter_site":"@GroupeUGES38","twitter_misc":{"\u00c9crit par":"ThibaudUGES38","Dur\u00e9e de lecture estim\u00e9e":"3 minutes"},"schema":{"@context":"https:\/\/schema.org","@graph":[{"@type":"Article","@id":"https:\/\/www.uges-isere.fr\/index.php\/2025\/11\/19\/voeu-pour-la-defense-de-la-mission-solidarite-des-conseils-departementaux\/#article","isPartOf":{"@id":"https:\/\/www.uges-isere.fr\/index.php\/2025\/11\/19\/voeu-pour-la-defense-de-la-mission-solidarite-des-conseils-departementaux\/"},"author":{"name":"ThibaudUGES38","@id":"https:\/\/www.uges-isere.fr\/#\/schema\/person\/a200926d67119314e8837b6a085de83a"},"headline":"V\u0153u pour la d\u00e9fense de la mission Solidarit\u00e9 des Conseils d\u00e9partementaux","datePublished":"2025-11-19T09:07:11+00:00","dateModified":"2025-11-19T09:08:06+00:00","mainEntityOfPage":{"@id":"https:\/\/www.uges-isere.fr\/index.php\/2025\/11\/19\/voeu-pour-la-defense-de-la-mission-solidarite-des-conseils-departementaux\/"},"wordCount":515,"commentCount":0,"publisher":{"@id":"https:\/\/www.uges-isere.fr\/#organization"},"image":{"@id":"https:\/\/www.uges-isere.fr\/index.php\/2025\/11\/19\/voeu-pour-la-defense-de-la-mission-solidarite-des-conseils-departementaux\/#primaryimage"},"thumbnailUrl":"https:\/\/www.uges-isere.fr\/wp-content\/uploads\/2025\/11\/CL-GOUV-1.jpg","keywords":["collectivit\u00e9s locales","D\u00e9partements","Gouvernement","solidarit\u00e9s"],"articleSection":["S\u00e9ance publique (D\u00e9bat d'orientation budg\u00e9taire 2026) - Novembre 2025","S\u00e9ances publiques","SP 2025"],"inLanguage":"fr-FR","potentialAction":[{"@type":"CommentAction","name":"Comment","target":["https:\/\/www.uges-isere.fr\/index.php\/2025\/11\/19\/voeu-pour-la-defense-de-la-mission-solidarite-des-conseils-departementaux\/#respond"]}]},{"@type":"WebPage","@id":"https:\/\/www.uges-isere.fr\/index.php\/2025\/11\/19\/voeu-pour-la-defense-de-la-mission-solidarite-des-conseils-departementaux\/","url":"https:\/\/www.uges-isere.fr\/index.php\/2025\/11\/19\/voeu-pour-la-defense-de-la-mission-solidarite-des-conseils-departementaux\/","name":"V\u0153u pour la d\u00e9fense de la mission Solidarit\u00e9 des Conseils d\u00e9partementaux - D\u00e9partement de l&#039;Is\u00e8re","isPartOf":{"@id":"https:\/\/www.uges-isere.fr\/#website"},"primaryImageOfPage":{"@id":"https:\/\/www.uges-isere.fr\/index.php\/2025\/11\/19\/voeu-pour-la-defense-de-la-mission-solidarite-des-conseils-departementaux\/#primaryimage"},"image":{"@id":"https:\/\/www.uges-isere.fr\/index.php\/2025\/11\/19\/voeu-pour-la-defense-de-la-mission-solidarite-des-conseils-departementaux\/#primaryimage"},"thumbnailUrl":"https:\/\/www.uges-isere.fr\/wp-content\/uploads\/2025\/11\/CL-GOUV-1.jpg","datePublished":"2025-11-19T09:07:11+00:00","dateModified":"2025-11-19T09:08:06+00:00","breadcrumb":{"@id":"https:\/\/www.uges-isere.fr\/index.php\/2025\/11\/19\/voeu-pour-la-defense-de-la-mission-solidarite-des-conseils-departementaux\/#breadcrumb"},"inLanguage":"fr-FR","potentialAction":[{"@type":"ReadAction","target":["https:\/\/www.uges-isere.fr\/index.php\/2025\/11\/19\/voeu-pour-la-defense-de-la-mission-solidarite-des-conseils-departementaux\/"]}]},{"@type":"ImageObject","inLanguage":"fr-FR","@id":"https:\/\/www.uges-isere.fr\/index.php\/2025\/11\/19\/voeu-pour-la-defense-de-la-mission-solidarite-des-conseils-departementaux\/#primaryimage","url":"https:\/\/www.uges-isere.fr\/wp-content\/uploads\/2025\/11\/CL-GOUV-1.jpg","contentUrl":"https:\/\/www.uges-isere.fr\/wp-content\/uploads\/2025\/11\/CL-GOUV-1.jpg","width":769,"height":417},{"@type":"BreadcrumbList","@id":"https:\/\/www.uges-isere.fr\/index.php\/2025\/11\/19\/voeu-pour-la-defense-de-la-mission-solidarite-des-conseils-departementaux\/#breadcrumb","itemListElement":[{"@type":"ListItem","position":1,"name":"Accueil","item":"https:\/\/www.uges-isere.fr\/"},{"@type":"ListItem","position":2,"name":"V\u0153u pour la d\u00e9fense de la mission Solidarit\u00e9 des Conseils d\u00e9partementaux"}]},{"@type":"WebSite","@id":"https:\/\/www.uges-isere.fr\/#website","url":"https:\/\/www.uges-isere.fr\/","name":"D\u00e9partement de l&#039;Is\u00e8re","description":"Groupe d&#039;opposition UGES","publisher":{"@id":"https:\/\/www.uges-isere.fr\/#organization"},"potentialAction":[{"@type":"SearchAction","target":{"@type":"EntryPoint","urlTemplate":"https:\/\/www.uges-isere.fr\/?s={search_term_string}"},"query-input":{"@type":"PropertyValueSpecification","valueRequired":true,"valueName":"search_term_string"}}],"inLanguage":"fr-FR"},{"@type":"Organization","@id":"https:\/\/www.uges-isere.fr\/#organization","name":"D\u00e9partement de l'Is\u00e8re","url":"https:\/\/www.uges-isere.fr\/","logo":{"@type":"ImageObject","inLanguage":"fr-FR","@id":"https:\/\/www.uges-isere.fr\/#\/schema\/logo\/image\/","url":"https:\/\/www.uges-isere.fr\/wp-content\/uploads\/2021\/10\/logo-ok.png","contentUrl":"https:\/\/www.uges-isere.fr\/wp-content\/uploads\/2021\/10\/logo-ok.png","width":2859,"height":1816,"caption":"D\u00e9partement de l'Is\u00e8re"},"image":{"@id":"https:\/\/www.uges-isere.fr\/#\/schema\/logo\/image\/"},"sameAs":["https:\/\/www.facebook.com\/LePrintemps38","https:\/\/x.com\/GroupeUGES38"]},{"@type":"Person","@id":"https:\/\/www.uges-isere.fr\/#\/schema\/person\/a200926d67119314e8837b6a085de83a","name":"ThibaudUGES38","image":{"@type":"ImageObject","inLanguage":"fr-FR","@id":"https:\/\/secure.gravatar.com\/avatar\/e182ebfe597e409aafe3378f828607b2b757ed94a3489b20112818296e03b151?s=96&d=mm&r=g","url":"https:\/\/secure.gravatar.com\/avatar\/e182ebfe597e409aafe3378f828607b2b757ed94a3489b20112818296e03b151?s=96&d=mm&r=g","contentUrl":"https:\/\/secure.gravatar.com\/avatar\/e182ebfe597e409aafe3378f828607b2b757ed94a3489b20112818296e03b151?s=96&d=mm&r=g","caption":"ThibaudUGES38"},"url":"https:\/\/www.uges-isere.fr\/index.php\/author\/thibauduges38\/"}]}},"_links":{"self":[{"href":"https:\/\/www.uges-isere.fr\/index.php\/wp-json\/wp\/v2\/posts\/684442","targetHints":{"allow":["GET"]}}],"collection":[{"href":"https:\/\/www.uges-isere.fr\/index.php\/wp-json\/wp\/v2\/posts"}],"about":[{"href":"https:\/\/www.uges-isere.fr\/index.php\/wp-json\/wp\/v2\/types\/post"}],"author":[{"embeddable":true,"href":"https:\/\/www.uges-isere.fr\/index.php\/wp-json\/wp\/v2\/users\/8"}],"replies":[{"embeddable":true,"href":"https:\/\/www.uges-isere.fr\/index.php\/wp-json\/wp\/v2\/comments?post=684442"}],"version-history":[{"count":1,"href":"https:\/\/www.uges-isere.fr\/index.php\/wp-json\/wp\/v2\/posts\/684442\/revisions"}],"predecessor-version":[{"id":684444,"href":"https:\/\/www.uges-isere.fr\/index.php\/wp-json\/wp\/v2\/posts\/684442\/revisions\/684444"}],"wp:featuredmedia":[{"embeddable":true,"href":"https:\/\/www.uges-isere.fr\/index.php\/wp-json\/wp\/v2\/media\/684445"}],"wp:attachment":[{"href":"https:\/\/www.uges-isere.fr\/index.php\/wp-json\/wp\/v2\/media?parent=684442"}],"wp:term":[{"taxonomy":"category","embeddable":true,"href":"https:\/\/www.uges-isere.fr\/index.php\/wp-json\/wp\/v2\/categories?post=684442"},{"taxonomy":"post_tag","embeddable":true,"href":"https:\/\/www.uges-isere.fr\/index.php\/wp-json\/wp\/v2\/tags?post=684442"}],"curies":[{"name":"wp","href":"https:\/\/api.w.org\/{rel}","templated":true}]}}