{"id":684421,"date":"2025-10-20T12:59:58","date_gmt":"2025-10-20T10:59:58","guid":{"rendered":"https:\/\/www.uges-isere.fr\/?p=684421"},"modified":"2025-11-18T13:07:40","modified_gmt":"2025-11-18T12:07:40","slug":"voeu-contre-la-baisse-des-moyens-alloues-aux-coordinateurs-unss-de-lisere","status":"publish","type":"post","link":"https:\/\/www.uges-isere.fr\/index.php\/2025\/10\/20\/voeu-contre-la-baisse-des-moyens-alloues-aux-coordinateurs-unss-de-lisere\/","title":{"rendered":"Voeu contre la baisse des moyens allou\u00e9s aux coordinateurs UNSS de l&rsquo;Is\u00e8re"},"content":{"rendered":"\n<p><strong><em>Lors de la s\u00e9ance publique du 17 octobre 2025, le groupe UGES a souhait\u00e9 porter un v\u0153u alertant sur la baisse des moyens allou\u00e9s aux coordinateurs UNSS de l&rsquo;Is\u00e8re, <a href=\"https:\/\/c.ledauphine.com\/education\/2025\/09\/24\/isere-sport-scolaire-le-bras-de-fer-continue-entre-les-coordonnateurs-unss-et-le-rectorat\">r\u00e9it\u00e9rant son soutien aux enseignants mobilis\u00e9s.<\/a> Ce v\u0153u n&rsquo;a ni \u00e9t\u00e9 d\u00e9battu, ni soumis au vote par la majorit\u00e9 d\u00e9partementale, un positionnement politique incompr\u00e9hensible.<\/em><\/strong><\/p>\n\n\n\n<p>Les coordonnateurs de districts de l\u2019Union nationale du sport scolaire (UNSS) sont des<strong> enseignants d\u2019Education Physique et Sportive (EPS) du 2nd degr\u00e9 (coll\u00e8ges et lyc\u00e9es) charg\u00e9s d\u2019organiser sur un territoire local des missions permettant l\u2019organisation du sport scolaire.<\/strong> Ils participent ainsi \u00e0 l\u2019organisation des comp\u00e9titions et des rencontres sportives, \u00e0 la transmission des r\u00e9sultats, ou encore \u00e0 la gestion des budgets des districts. Pour assurer ces missions des indemnit\u00e9s pour missions particuli\u00e8res (IMP) sont attribu\u00e9es aux professeurs qui, en plus de leurs cours, occupent ces fonctions de coordinateurs UNSS.<\/p>\n\n\n\n<p>Comme d\u00e9j\u00e0 engag\u00e9 \u00e0 la rentr\u00e9e 2024-2025,<strong> le rectorat de l\u2019acad\u00e9mie de Grenoble a fait le choix de diminuer les moyens allou\u00e9s <\/strong>en finan\u00e7ant 71 IMP au lieu des 85 pr\u00e9vues pour la rentr\u00e9e 2025-2026. Cette d\u00e9cision qui fragilise l\u2019ensemble du fonctionnement de l\u2019UNSS dans notre acad\u00e9mie, notamment en Is\u00e8re, a provoqu\u00e9 la <strong>d\u00e9mission des coordinateurs is\u00e9rois mettant en p\u00e9ril le sport scolaire pour cette ann\u00e9e.<\/strong><\/p>\n\n\n\n<p>Alors que <strong>le nombre de licenci\u00e9s dans les coll\u00e8ges et lyc\u00e9es is\u00e9rois augmente (plus de 21\u00a0000)<\/strong>, que les rencontres sportives se multiplient et que l\u2019on constate une f\u00e9minisation croissante des licenci\u00e9s, cette d\u00e9cision est incompr\u00e9hensible. Acter ces baisses d\u2019IMP reviendrait entre autres \u00e0 conserver pour les coordinateurs une charge de travail \u00e9quivalente ou sup\u00e9rieure avec une moindre r\u00e9tribution.<\/p>\n\n\n\n<p><strong>La d\u00e9cision du Rectorat met en danger le sport scolaire pour l\u2019ann\u00e9e scolaire en cours dans notre D\u00e9partement. <\/strong>De grands \u00e9v\u00e9nements comme le cross d\u00e9partemental qui r\u00e9unit chaque ann\u00e9e plus de 3000 coll\u00e9giens et lyc\u00e9ens, ou encore les raids multi-sports qui attirent autour de 300 \u00e9l\u00e8ves sur chaque journ\u00e9e pourraient \u00eatre annul\u00e9s.<\/p>\n\n\n\n<p>Un an apr\u00e8s les Jeux Olympiques 2024 de Paris, alors que l\u2019UNSS, 1\u00e8re f\u00e9d\u00e9ration f\u00e9minine Fran\u00e7aise, repr\u00e9sente un levier important de la d\u00e9mocratisation du sport, <strong>il est essentiel de pr\u00e9server la structuration, l&rsquo;organisation et le fonctionnement original du sport scolaire dans notre acad\u00e9mie<\/strong>.<\/p>\n\n\n\n<p><strong>Notre v\u0153u : <\/strong><\/p>\n\n\n\n<p><strong><em>Le D\u00e9partement de l\u2019Is\u00e8re, engag\u00e9 aupr\u00e8s de l\u2019UNSS dans le cadre du Contrat d&rsquo;objectifs sport Is\u00e8re (COSI)\u00a0demande \u00e0 la direction acad\u00e9mique des Services de l&rsquo;\u00c9ducation nationale de l&rsquo;Is\u00e8re de maintenir les moyens allou\u00e9s au sport scolaire dans le D\u00e9partement et permettre ainsi la bonne organisation de l\u2019ann\u00e9e sportive des \u00e9l\u00e8ves en Is\u00e8re.<\/em><\/strong><\/p>\n\n\n\n<p><\/p>\n","protected":false},"excerpt":{"rendered":"<p>Lors de la s\u00e9ance publique du 17 octobre 2025, le groupe UGES a souhait\u00e9 porter un v\u0153u alertant &hellip; <\/p>\n","protected":false},"author":8,"featured_media":684422,"comment_status":"open","ping_status":"open","sticky":false,"template":"","format":"standard","meta":{"footnotes":""},"categories":[11,383,15,355],"tags":[389,390,130],"class_list":["post-684421","post","type-post","status-publish","format-standard","has-post-thumbnail","hentry","category-education-jeunesse-et-sports","category-seance-publique-decision-modificative","category-seances-publiques","category-sp-2025","tag-sport-scolaire","tag-unss","tag-voeu"],"yoast_head":"<!-- This site is optimized with the Yoast SEO plugin v27.5 - https:\/\/yoast.com\/product\/yoast-seo-wordpress\/ -->\n<title>Voeu contre la baisse des moyens allou\u00e9s aux coordinateurs UNSS de l&#039;Is\u00e8re - D\u00e9partement de l&#039;Is\u00e8re<\/title>\n<meta name=\"robots\" content=\"index, follow, max-snippet:-1, max-image-preview:large, max-video-preview:-1\" \/>\n<link rel=\"canonical\" href=\"https:\/\/www.uges-isere.fr\/index.php\/2025\/10\/20\/voeu-contre-la-baisse-des-moyens-alloues-aux-coordinateurs-unss-de-lisere\/\" \/>\n<meta property=\"og:locale\" content=\"fr_FR\" \/>\n<meta property=\"og:type\" content=\"article\" \/>\n<meta property=\"og:title\" content=\"Voeu contre la baisse des moyens allou\u00e9s aux coordinateurs UNSS de l&#039;Is\u00e8re - D\u00e9partement de l&#039;Is\u00e8re\" \/>\n<meta property=\"og:description\" content=\"Lors de la s\u00e9ance publique du 17 octobre 2025, le groupe UGES a souhait\u00e9 porter un v\u0153u alertant &hellip;\" \/>\n<meta property=\"og:url\" content=\"https:\/\/www.uges-isere.fr\/index.php\/2025\/10\/20\/voeu-contre-la-baisse-des-moyens-alloues-aux-coordinateurs-unss-de-lisere\/\" \/>\n<meta property=\"og:site_name\" content=\"D\u00e9partement de l&#039;Is\u00e8re\" \/>\n<meta property=\"article:publisher\" content=\"https:\/\/www.facebook.com\/LePrintemps38\" \/>\n<meta property=\"article:published_time\" content=\"2025-10-20T10:59:58+00:00\" \/>\n<meta property=\"article:modified_time\" content=\"2025-11-18T12:07:40+00:00\" \/>\n<meta property=\"og:image\" content=\"https:\/\/www.uges-isere.fr\/wp-content\/uploads\/2025\/11\/cross-scolaire.png\" \/>\n\t<meta property=\"og:image:width\" content=\"420\" \/>\n\t<meta property=\"og:image:height\" content=\"208\" \/>\n\t<meta property=\"og:image:type\" content=\"image\/png\" \/>\n<meta name=\"author\" content=\"ThibaudUGES38\" \/>\n<meta name=\"twitter:card\" content=\"summary_large_image\" \/>\n<meta name=\"twitter:creator\" content=\"@GroupeUGES38\" \/>\n<meta name=\"twitter:site\" content=\"@GroupeUGES38\" \/>\n<meta name=\"twitter:label1\" content=\"\u00c9crit par\" \/>\n\t<meta name=\"twitter:data1\" content=\"ThibaudUGES38\" \/>\n\t<meta name=\"twitter:label2\" content=\"Dur\u00e9e de lecture estim\u00e9e\" \/>\n\t<meta name=\"twitter:data2\" content=\"3 minutes\" \/>\n<script type=\"application\/ld+json\" class=\"yoast-schema-graph\">{\"@context\":\"https:\\\/\\\/schema.org\",\"@graph\":[{\"@type\":\"Article\",\"@id\":\"https:\\\/\\\/www.uges-isere.fr\\\/index.php\\\/2025\\\/10\\\/20\\\/voeu-contre-la-baisse-des-moyens-alloues-aux-coordinateurs-unss-de-lisere\\\/#article\",\"isPartOf\":{\"@id\":\"https:\\\/\\\/www.uges-isere.fr\\\/index.php\\\/2025\\\/10\\\/20\\\/voeu-contre-la-baisse-des-moyens-alloues-aux-coordinateurs-unss-de-lisere\\\/\"},\"author\":{\"name\":\"ThibaudUGES38\",\"@id\":\"https:\\\/\\\/www.uges-isere.fr\\\/#\\\/schema\\\/person\\\/a200926d67119314e8837b6a085de83a\"},\"headline\":\"Voeu contre la baisse des moyens allou\u00e9s aux coordinateurs UNSS de l&rsquo;Is\u00e8re\",\"datePublished\":\"2025-10-20T10:59:58+00:00\",\"dateModified\":\"2025-11-18T12:07:40+00:00\",\"mainEntityOfPage\":{\"@id\":\"https:\\\/\\\/www.uges-isere.fr\\\/index.php\\\/2025\\\/10\\\/20\\\/voeu-contre-la-baisse-des-moyens-alloues-aux-coordinateurs-unss-de-lisere\\\/\"},\"wordCount\":508,\"commentCount\":0,\"publisher\":{\"@id\":\"https:\\\/\\\/www.uges-isere.fr\\\/#organization\"},\"image\":{\"@id\":\"https:\\\/\\\/www.uges-isere.fr\\\/index.php\\\/2025\\\/10\\\/20\\\/voeu-contre-la-baisse-des-moyens-alloues-aux-coordinateurs-unss-de-lisere\\\/#primaryimage\"},\"thumbnailUrl\":\"https:\\\/\\\/www.uges-isere.fr\\\/wp-content\\\/uploads\\\/2025\\\/11\\\/cross-scolaire.png\",\"keywords\":[\"sport scolaire\",\"UNSS\",\"voeu\"],\"articleSection\":[\"Education, jeunesse et sports\",\"S\u00e9ance publique (D\u00e9cision modificative) - Octobre 2025\",\"S\u00e9ances publiques\",\"SP 2025\"],\"inLanguage\":\"fr-FR\",\"potentialAction\":[{\"@type\":\"CommentAction\",\"name\":\"Comment\",\"target\":[\"https:\\\/\\\/www.uges-isere.fr\\\/index.php\\\/2025\\\/10\\\/20\\\/voeu-contre-la-baisse-des-moyens-alloues-aux-coordinateurs-unss-de-lisere\\\/#respond\"]}]},{\"@type\":\"WebPage\",\"@id\":\"https:\\\/\\\/www.uges-isere.fr\\\/index.php\\\/2025\\\/10\\\/20\\\/voeu-contre-la-baisse-des-moyens-alloues-aux-coordinateurs-unss-de-lisere\\\/\",\"url\":\"https:\\\/\\\/www.uges-isere.fr\\\/index.php\\\/2025\\\/10\\\/20\\\/voeu-contre-la-baisse-des-moyens-alloues-aux-coordinateurs-unss-de-lisere\\\/\",\"name\":\"Voeu contre la baisse des moyens allou\u00e9s aux coordinateurs UNSS de l'Is\u00e8re - D\u00e9partement de l&#039;Is\u00e8re\",\"isPartOf\":{\"@id\":\"https:\\\/\\\/www.uges-isere.fr\\\/#website\"},\"primaryImageOfPage\":{\"@id\":\"https:\\\/\\\/www.uges-isere.fr\\\/index.php\\\/2025\\\/10\\\/20\\\/voeu-contre-la-baisse-des-moyens-alloues-aux-coordinateurs-unss-de-lisere\\\/#primaryimage\"},\"image\":{\"@id\":\"https:\\\/\\\/www.uges-isere.fr\\\/index.php\\\/2025\\\/10\\\/20\\\/voeu-contre-la-baisse-des-moyens-alloues-aux-coordinateurs-unss-de-lisere\\\/#primaryimage\"},\"thumbnailUrl\":\"https:\\\/\\\/www.uges-isere.fr\\\/wp-content\\\/uploads\\\/2025\\\/11\\\/cross-scolaire.png\",\"datePublished\":\"2025-10-20T10:59:58+00:00\",\"dateModified\":\"2025-11-18T12:07:40+00:00\",\"breadcrumb\":{\"@id\":\"https:\\\/\\\/www.uges-isere.fr\\\/index.php\\\/2025\\\/10\\\/20\\\/voeu-contre-la-baisse-des-moyens-alloues-aux-coordinateurs-unss-de-lisere\\\/#breadcrumb\"},\"inLanguage\":\"fr-FR\",\"potentialAction\":[{\"@type\":\"ReadAction\",\"target\":[\"https:\\\/\\\/www.uges-isere.fr\\\/index.php\\\/2025\\\/10\\\/20\\\/voeu-contre-la-baisse-des-moyens-alloues-aux-coordinateurs-unss-de-lisere\\\/\"]}]},{\"@type\":\"ImageObject\",\"inLanguage\":\"fr-FR\",\"@id\":\"https:\\\/\\\/www.uges-isere.fr\\\/index.php\\\/2025\\\/10\\\/20\\\/voeu-contre-la-baisse-des-moyens-alloues-aux-coordinateurs-unss-de-lisere\\\/#primaryimage\",\"url\":\"https:\\\/\\\/www.uges-isere.fr\\\/wp-content\\\/uploads\\\/2025\\\/11\\\/cross-scolaire.png\",\"contentUrl\":\"https:\\\/\\\/www.uges-isere.fr\\\/wp-content\\\/uploads\\\/2025\\\/11\\\/cross-scolaire.png\",\"width\":420,\"height\":208},{\"@type\":\"BreadcrumbList\",\"@id\":\"https:\\\/\\\/www.uges-isere.fr\\\/index.php\\\/2025\\\/10\\\/20\\\/voeu-contre-la-baisse-des-moyens-alloues-aux-coordinateurs-unss-de-lisere\\\/#breadcrumb\",\"itemListElement\":[{\"@type\":\"ListItem\",\"position\":1,\"name\":\"Accueil\",\"item\":\"https:\\\/\\\/www.uges-isere.fr\\\/\"},{\"@type\":\"ListItem\",\"position\":2,\"name\":\"Voeu contre la baisse des moyens allou\u00e9s aux coordinateurs UNSS de l&rsquo;Is\u00e8re\"}]},{\"@type\":\"WebSite\",\"@id\":\"https:\\\/\\\/www.uges-isere.fr\\\/#website\",\"url\":\"https:\\\/\\\/www.uges-isere.fr\\\/\",\"name\":\"D\u00e9partement de l&#039;Is\u00e8re\",\"description\":\"Groupe d&#039;opposition UGES\",\"publisher\":{\"@id\":\"https:\\\/\\\/www.uges-isere.fr\\\/#organization\"},\"potentialAction\":[{\"@type\":\"SearchAction\",\"target\":{\"@type\":\"EntryPoint\",\"urlTemplate\":\"https:\\\/\\\/www.uges-isere.fr\\\/?s={search_term_string}\"},\"query-input\":{\"@type\":\"PropertyValueSpecification\",\"valueRequired\":true,\"valueName\":\"search_term_string\"}}],\"inLanguage\":\"fr-FR\"},{\"@type\":\"Organization\",\"@id\":\"https:\\\/\\\/www.uges-isere.fr\\\/#organization\",\"name\":\"D\u00e9partement de l'Is\u00e8re\",\"url\":\"https:\\\/\\\/www.uges-isere.fr\\\/\",\"logo\":{\"@type\":\"ImageObject\",\"inLanguage\":\"fr-FR\",\"@id\":\"https:\\\/\\\/www.uges-isere.fr\\\/#\\\/schema\\\/logo\\\/image\\\/\",\"url\":\"https:\\\/\\\/www.uges-isere.fr\\\/wp-content\\\/uploads\\\/2021\\\/10\\\/logo-ok.png\",\"contentUrl\":\"https:\\\/\\\/www.uges-isere.fr\\\/wp-content\\\/uploads\\\/2021\\\/10\\\/logo-ok.png\",\"width\":2859,\"height\":1816,\"caption\":\"D\u00e9partement de l'Is\u00e8re\"},\"image\":{\"@id\":\"https:\\\/\\\/www.uges-isere.fr\\\/#\\\/schema\\\/logo\\\/image\\\/\"},\"sameAs\":[\"https:\\\/\\\/www.facebook.com\\\/LePrintemps38\",\"https:\\\/\\\/x.com\\\/GroupeUGES38\"]},{\"@type\":\"Person\",\"@id\":\"https:\\\/\\\/www.uges-isere.fr\\\/#\\\/schema\\\/person\\\/a200926d67119314e8837b6a085de83a\",\"name\":\"ThibaudUGES38\",\"image\":{\"@type\":\"ImageObject\",\"inLanguage\":\"fr-FR\",\"@id\":\"https:\\\/\\\/secure.gravatar.com\\\/avatar\\\/e182ebfe597e409aafe3378f828607b2b757ed94a3489b20112818296e03b151?s=96&d=mm&r=g\",\"url\":\"https:\\\/\\\/secure.gravatar.com\\\/avatar\\\/e182ebfe597e409aafe3378f828607b2b757ed94a3489b20112818296e03b151?s=96&d=mm&r=g\",\"contentUrl\":\"https:\\\/\\\/secure.gravatar.com\\\/avatar\\\/e182ebfe597e409aafe3378f828607b2b757ed94a3489b20112818296e03b151?s=96&d=mm&r=g\",\"caption\":\"ThibaudUGES38\"},\"url\":\"https:\\\/\\\/www.uges-isere.fr\\\/index.php\\\/author\\\/thibauduges38\\\/\"}]}<\/script>\n<!-- \/ Yoast SEO plugin. -->","yoast_head_json":{"title":"Voeu contre la baisse des moyens allou\u00e9s aux coordinateurs UNSS de l'Is\u00e8re - D\u00e9partement de l&#039;Is\u00e8re","robots":{"index":"index","follow":"follow","max-snippet":"max-snippet:-1","max-image-preview":"max-image-preview:large","max-video-preview":"max-video-preview:-1"},"canonical":"https:\/\/www.uges-isere.fr\/index.php\/2025\/10\/20\/voeu-contre-la-baisse-des-moyens-alloues-aux-coordinateurs-unss-de-lisere\/","og_locale":"fr_FR","og_type":"article","og_title":"Voeu contre la baisse des moyens allou\u00e9s aux coordinateurs UNSS de l'Is\u00e8re - D\u00e9partement de l&#039;Is\u00e8re","og_description":"Lors de la s\u00e9ance publique du 17 octobre 2025, le groupe UGES a souhait\u00e9 porter un v\u0153u alertant &hellip;","og_url":"https:\/\/www.uges-isere.fr\/index.php\/2025\/10\/20\/voeu-contre-la-baisse-des-moyens-alloues-aux-coordinateurs-unss-de-lisere\/","og_site_name":"D\u00e9partement de l&#039;Is\u00e8re","article_publisher":"https:\/\/www.facebook.com\/LePrintemps38","article_published_time":"2025-10-20T10:59:58+00:00","article_modified_time":"2025-11-18T12:07:40+00:00","og_image":[{"width":420,"height":208,"url":"https:\/\/www.uges-isere.fr\/wp-content\/uploads\/2025\/11\/cross-scolaire.png","type":"image\/png"}],"author":"ThibaudUGES38","twitter_card":"summary_large_image","twitter_creator":"@GroupeUGES38","twitter_site":"@GroupeUGES38","twitter_misc":{"\u00c9crit par":"ThibaudUGES38","Dur\u00e9e de lecture estim\u00e9e":"3 minutes"},"schema":{"@context":"https:\/\/schema.org","@graph":[{"@type":"Article","@id":"https:\/\/www.uges-isere.fr\/index.php\/2025\/10\/20\/voeu-contre-la-baisse-des-moyens-alloues-aux-coordinateurs-unss-de-lisere\/#article","isPartOf":{"@id":"https:\/\/www.uges-isere.fr\/index.php\/2025\/10\/20\/voeu-contre-la-baisse-des-moyens-alloues-aux-coordinateurs-unss-de-lisere\/"},"author":{"name":"ThibaudUGES38","@id":"https:\/\/www.uges-isere.fr\/#\/schema\/person\/a200926d67119314e8837b6a085de83a"},"headline":"Voeu contre la baisse des moyens allou\u00e9s aux coordinateurs UNSS de l&rsquo;Is\u00e8re","datePublished":"2025-10-20T10:59:58+00:00","dateModified":"2025-11-18T12:07:40+00:00","mainEntityOfPage":{"@id":"https:\/\/www.uges-isere.fr\/index.php\/2025\/10\/20\/voeu-contre-la-baisse-des-moyens-alloues-aux-coordinateurs-unss-de-lisere\/"},"wordCount":508,"commentCount":0,"publisher":{"@id":"https:\/\/www.uges-isere.fr\/#organization"},"image":{"@id":"https:\/\/www.uges-isere.fr\/index.php\/2025\/10\/20\/voeu-contre-la-baisse-des-moyens-alloues-aux-coordinateurs-unss-de-lisere\/#primaryimage"},"thumbnailUrl":"https:\/\/www.uges-isere.fr\/wp-content\/uploads\/2025\/11\/cross-scolaire.png","keywords":["sport scolaire","UNSS","voeu"],"articleSection":["Education, jeunesse et sports","S\u00e9ance publique (D\u00e9cision modificative) - Octobre 2025","S\u00e9ances publiques","SP 2025"],"inLanguage":"fr-FR","potentialAction":[{"@type":"CommentAction","name":"Comment","target":["https:\/\/www.uges-isere.fr\/index.php\/2025\/10\/20\/voeu-contre-la-baisse-des-moyens-alloues-aux-coordinateurs-unss-de-lisere\/#respond"]}]},{"@type":"WebPage","@id":"https:\/\/www.uges-isere.fr\/index.php\/2025\/10\/20\/voeu-contre-la-baisse-des-moyens-alloues-aux-coordinateurs-unss-de-lisere\/","url":"https:\/\/www.uges-isere.fr\/index.php\/2025\/10\/20\/voeu-contre-la-baisse-des-moyens-alloues-aux-coordinateurs-unss-de-lisere\/","name":"Voeu contre la baisse des moyens allou\u00e9s aux coordinateurs UNSS de l'Is\u00e8re - D\u00e9partement de l&#039;Is\u00e8re","isPartOf":{"@id":"https:\/\/www.uges-isere.fr\/#website"},"primaryImageOfPage":{"@id":"https:\/\/www.uges-isere.fr\/index.php\/2025\/10\/20\/voeu-contre-la-baisse-des-moyens-alloues-aux-coordinateurs-unss-de-lisere\/#primaryimage"},"image":{"@id":"https:\/\/www.uges-isere.fr\/index.php\/2025\/10\/20\/voeu-contre-la-baisse-des-moyens-alloues-aux-coordinateurs-unss-de-lisere\/#primaryimage"},"thumbnailUrl":"https:\/\/www.uges-isere.fr\/wp-content\/uploads\/2025\/11\/cross-scolaire.png","datePublished":"2025-10-20T10:59:58+00:00","dateModified":"2025-11-18T12:07:40+00:00","breadcrumb":{"@id":"https:\/\/www.uges-isere.fr\/index.php\/2025\/10\/20\/voeu-contre-la-baisse-des-moyens-alloues-aux-coordinateurs-unss-de-lisere\/#breadcrumb"},"inLanguage":"fr-FR","potentialAction":[{"@type":"ReadAction","target":["https:\/\/www.uges-isere.fr\/index.php\/2025\/10\/20\/voeu-contre-la-baisse-des-moyens-alloues-aux-coordinateurs-unss-de-lisere\/"]}]},{"@type":"ImageObject","inLanguage":"fr-FR","@id":"https:\/\/www.uges-isere.fr\/index.php\/2025\/10\/20\/voeu-contre-la-baisse-des-moyens-alloues-aux-coordinateurs-unss-de-lisere\/#primaryimage","url":"https:\/\/www.uges-isere.fr\/wp-content\/uploads\/2025\/11\/cross-scolaire.png","contentUrl":"https:\/\/www.uges-isere.fr\/wp-content\/uploads\/2025\/11\/cross-scolaire.png","width":420,"height":208},{"@type":"BreadcrumbList","@id":"https:\/\/www.uges-isere.fr\/index.php\/2025\/10\/20\/voeu-contre-la-baisse-des-moyens-alloues-aux-coordinateurs-unss-de-lisere\/#breadcrumb","itemListElement":[{"@type":"ListItem","position":1,"name":"Accueil","item":"https:\/\/www.uges-isere.fr\/"},{"@type":"ListItem","position":2,"name":"Voeu contre la baisse des moyens allou\u00e9s aux coordinateurs UNSS de l&rsquo;Is\u00e8re"}]},{"@type":"WebSite","@id":"https:\/\/www.uges-isere.fr\/#website","url":"https:\/\/www.uges-isere.fr\/","name":"D\u00e9partement de l&#039;Is\u00e8re","description":"Groupe d&#039;opposition UGES","publisher":{"@id":"https:\/\/www.uges-isere.fr\/#organization"},"potentialAction":[{"@type":"SearchAction","target":{"@type":"EntryPoint","urlTemplate":"https:\/\/www.uges-isere.fr\/?s={search_term_string}"},"query-input":{"@type":"PropertyValueSpecification","valueRequired":true,"valueName":"search_term_string"}}],"inLanguage":"fr-FR"},{"@type":"Organization","@id":"https:\/\/www.uges-isere.fr\/#organization","name":"D\u00e9partement de l'Is\u00e8re","url":"https:\/\/www.uges-isere.fr\/","logo":{"@type":"ImageObject","inLanguage":"fr-FR","@id":"https:\/\/www.uges-isere.fr\/#\/schema\/logo\/image\/","url":"https:\/\/www.uges-isere.fr\/wp-content\/uploads\/2021\/10\/logo-ok.png","contentUrl":"https:\/\/www.uges-isere.fr\/wp-content\/uploads\/2021\/10\/logo-ok.png","width":2859,"height":1816,"caption":"D\u00e9partement de l'Is\u00e8re"},"image":{"@id":"https:\/\/www.uges-isere.fr\/#\/schema\/logo\/image\/"},"sameAs":["https:\/\/www.facebook.com\/LePrintemps38","https:\/\/x.com\/GroupeUGES38"]},{"@type":"Person","@id":"https:\/\/www.uges-isere.fr\/#\/schema\/person\/a200926d67119314e8837b6a085de83a","name":"ThibaudUGES38","image":{"@type":"ImageObject","inLanguage":"fr-FR","@id":"https:\/\/secure.gravatar.com\/avatar\/e182ebfe597e409aafe3378f828607b2b757ed94a3489b20112818296e03b151?s=96&d=mm&r=g","url":"https:\/\/secure.gravatar.com\/avatar\/e182ebfe597e409aafe3378f828607b2b757ed94a3489b20112818296e03b151?s=96&d=mm&r=g","contentUrl":"https:\/\/secure.gravatar.com\/avatar\/e182ebfe597e409aafe3378f828607b2b757ed94a3489b20112818296e03b151?s=96&d=mm&r=g","caption":"ThibaudUGES38"},"url":"https:\/\/www.uges-isere.fr\/index.php\/author\/thibauduges38\/"}]}},"_links":{"self":[{"href":"https:\/\/www.uges-isere.fr\/index.php\/wp-json\/wp\/v2\/posts\/684421","targetHints":{"allow":["GET"]}}],"collection":[{"href":"https:\/\/www.uges-isere.fr\/index.php\/wp-json\/wp\/v2\/posts"}],"about":[{"href":"https:\/\/www.uges-isere.fr\/index.php\/wp-json\/wp\/v2\/types\/post"}],"author":[{"embeddable":true,"href":"https:\/\/www.uges-isere.fr\/index.php\/wp-json\/wp\/v2\/users\/8"}],"replies":[{"embeddable":true,"href":"https:\/\/www.uges-isere.fr\/index.php\/wp-json\/wp\/v2\/comments?post=684421"}],"version-history":[{"count":1,"href":"https:\/\/www.uges-isere.fr\/index.php\/wp-json\/wp\/v2\/posts\/684421\/revisions"}],"predecessor-version":[{"id":684423,"href":"https:\/\/www.uges-isere.fr\/index.php\/wp-json\/wp\/v2\/posts\/684421\/revisions\/684423"}],"wp:featuredmedia":[{"embeddable":true,"href":"https:\/\/www.uges-isere.fr\/index.php\/wp-json\/wp\/v2\/media\/684422"}],"wp:attachment":[{"href":"https:\/\/www.uges-isere.fr\/index.php\/wp-json\/wp\/v2\/media?parent=684421"}],"wp:term":[{"taxonomy":"category","embeddable":true,"href":"https:\/\/www.uges-isere.fr\/index.php\/wp-json\/wp\/v2\/categories?post=684421"},{"taxonomy":"post_tag","embeddable":true,"href":"https:\/\/www.uges-isere.fr\/index.php\/wp-json\/wp\/v2\/tags?post=684421"}],"curies":[{"name":"wp","href":"https:\/\/api.w.org\/{rel}","templated":true}]}}