{"id":684418,"date":"2025-10-20T12:44:42","date_gmt":"2025-10-20T10:44:42","guid":{"rendered":"https:\/\/www.uges-isere.fr\/?p=684418"},"modified":"2025-11-18T12:55:49","modified_gmt":"2025-11-18T11:55:49","slug":"face-aux-attaques-de-la-droite-le-groupe-uges-soutient-lagence-de-la-transition-ecologique-ademe","status":"publish","type":"post","link":"https:\/\/www.uges-isere.fr\/index.php\/2025\/10\/20\/face-aux-attaques-de-la-droite-le-groupe-uges-soutient-lagence-de-la-transition-ecologique-ademe\/","title":{"rendered":"Face aux attaques de la Droite, le groupe UGES soutient l&rsquo;Agence de la transition \u00e9cologique (ADEME)"},"content":{"rendered":"\n<p><strong><em>A l&rsquo;occasion du vote sur le bilan du Contrat de chaleur renouvelable (CCR) territorial 2022-2025 port\u00e9 avec l\u2019Agence de la transition \u00e9cologique (ADEME) et de son renouv\u00e8lement, le groupe UGES a rappel\u00e9 la mission essentielle de cette agence alors qu&rsquo;elle est attaqu\u00e9e par la Droite et Extr\u00eame Droite \u00e0 l&rsquo;\u00e9chelle nationale.<\/em><\/strong><\/p>\n\n\n\n<p>Via les Contrats de chaleur renouvelable (CCR) <strong>25 millions d&rsquo;euros auront \u00e9t\u00e9 inject\u00e9s en Is\u00e8re pour permettre le d\u00e9veloppement des \u00e9nergies non carbon\u00e9es et d\u00e9connect\u00e9es des march\u00e9s nationaux et internationaux de l\u2019\u00e9nergie.<\/strong> Redonnant ainsi aux territoires une meilleure ma\u00eetrise de leurs consommations, de leurs d\u00e9penses et une visibilit\u00e9 sur le long terme. Le groupe UGES ne peut que valider cette d\u00e9marche qui reste cependant \u00e0 inscrire dans la dur\u00e9e.<\/p>\n\n\n\n<p>Cependant, notre groupe se doit de r\u00e9agir par rapport aux diff\u00e9rentes postures politiques que nous avons pu lire et entendre derni\u00e8rement <a href=\"https:\/\/www.bfmtv.com\/politique\/les-republicains\/laurent-wauquiez-attaque-l-ademe-dont-les-experts-sont-portes-par-une-ideologie-d-extreme-gauche_VN-202502130990.html\">au niveau National, r\u00e9gional <\/a>et autres\u2026 au sujet de l\u2019ADEME.<\/p>\n\n\n\n<p>Depuis plus de trente ans, l\u2019ADEME \u2014 l\u2019Agence de la transition \u00e9cologique \u2014 accomplit une<strong> mission essentielle au service de l\u2019int\u00e9r\u00eat g\u00e9n\u00e9ral <\/strong>: accompagner les territoires, les entreprises et les citoyens dans la transformation \u00e9cologique de notre pays.<\/p>\n\n\n\n<p>Or, aujourd\u2019hui, cette agence publique, pilier de notre politique environnementale, se trouve injustement mise en cause. Certains voudraient la r\u00e9duire, la fragiliser, voire la d\u00e9manteler, sous pr\u00e9texte de rationalisation budg\u00e9taire. Mais de quoi parle-t-on r\u00e9ellement ?<\/p>\n\n\n\n<p><strong>L\u2019ADEME, ce sont des milliers de projets concrets chaque ann\u00e9e<\/strong> et nous pouvons le constater une nouvelle fois \u00e0 travers le bilan CCR pr\u00e9sent\u00e9 en assembl\u00e9e d\u00e9partementale le 17 octobre :<\/p>\n\n\n\n<p>\u2022&nbsp;&nbsp;&nbsp;&nbsp;&nbsp;&nbsp;&nbsp;&nbsp;&nbsp;&nbsp; des collectivit\u00e9s aid\u00e9es pour r\u00e9nover leurs b\u00e2timents,<\/p>\n\n\n\n<p>\u2022&nbsp;&nbsp;&nbsp;&nbsp;&nbsp;&nbsp;&nbsp;&nbsp;&nbsp;&nbsp; des entreprises accompagn\u00e9es pour r\u00e9duire leurs \u00e9missions,<\/p>\n\n\n\n<p>\u2022&nbsp;&nbsp;&nbsp;&nbsp;&nbsp;&nbsp;&nbsp;&nbsp;&nbsp;&nbsp; des solutions locales pour la chaleur renouvelable, le recyclage, la mobilit\u00e9 durable.<\/p>\n\n\n\n<p>Ce sont donc des investissements utiles, qui permettent de cr\u00e9er des emplois non d\u00e9localisables, d\u2019all\u00e9ger la facture \u00e9nerg\u00e9tique des Fran\u00e7ais et de pr\u00e9parer l\u2019avenir.<strong> Chaque euro investi par l\u2019ADEME g\u00e9n\u00e8re plusieurs euros de retomb\u00e9es \u00e9conomiques et environnementales.<\/strong><\/p>\n\n\n\n<p><strong>Remettre en cause l\u2019ADEME, c\u2019est affaiblir notre capacit\u00e9 collective \u00e0 r\u00e9pondre au d\u00e9r\u00e8glement climatique. C\u2019est priver nos territoires d\u2019un acteur d\u2019expertise reconnu, rigoureux, transparent, capable de faire le lien entre la science, l\u2019\u00e9conomie et l\u2019action publique.<\/strong><\/p>\n\n\n\n<p>Oui, nous devons sans cesse \u00e9valuer nos outils publics. Mais \u00e9valuer n\u2019est pas supprimer. R\u00e9former, ce n\u2019est pas d\u00e9truire. Et la transition \u00e9cologique ne se fera pas sans les comp\u00e9tences, la vision et l\u2019engagement que porte l\u2019ADEME depuis trois d\u00e9cennies.<\/p>\n\n\n\n<p><strong>Les \u00e9lus-es du groupe UGES r\u00e9affirment avec force leur attachement \u00e0 cette agence publique. Nous demandons que le gouvernement consolide ses moyens, renforce sa gouvernance, et garantisse sa stabilit\u00e9 budg\u00e9taire.<\/strong> Parce que nous le voyons bien au quotidien dans nos territoires face \u00e0 l\u2019urgence climatique d\u00e9fendre l\u2019ADEME, c\u2019est d\u00e9fendre la coh\u00e9rence de notre politique climatique avec le souci d\u2019une transition juste , sociale et territoriale.<\/p>\n","protected":false},"excerpt":{"rendered":"<p>A l&rsquo;occasion du vote sur le bilan du Contrat de chaleur renouvelable (CCR) territorial 2022-2025 port\u00e9 avec l\u2019Agence &hellip; <\/p>\n","protected":false},"author":8,"featured_media":684419,"comment_status":"open","ping_status":"open","sticky":false,"template":"","format":"standard","meta":{"footnotes":""},"categories":[12,383,15],"tags":[387,388,328,195],"class_list":["post-684418","post","type-post","status-publish","format-standard","has-post-thumbnail","hentry","category-environnement-et-transition-ecologique","category-seance-publique-decision-modificative","category-seances-publiques","tag-ademe","tag-collectivites-locales","tag-transition-ecologique","tag-transition-energetique"],"yoast_head":"<!-- This site is optimized with the Yoast SEO plugin v27.5 - https:\/\/yoast.com\/product\/yoast-seo-wordpress\/ -->\n<title>Face aux attaques de la Droite, le groupe UGES soutient l&#039;Agence de la transition \u00e9cologique (ADEME) - D\u00e9partement de l&#039;Is\u00e8re<\/title>\n<meta name=\"robots\" content=\"index, follow, max-snippet:-1, max-image-preview:large, max-video-preview:-1\" \/>\n<link rel=\"canonical\" href=\"https:\/\/www.uges-isere.fr\/index.php\/2025\/10\/20\/face-aux-attaques-de-la-droite-le-groupe-uges-soutient-lagence-de-la-transition-ecologique-ademe\/\" \/>\n<meta property=\"og:locale\" content=\"fr_FR\" \/>\n<meta property=\"og:type\" content=\"article\" \/>\n<meta property=\"og:title\" content=\"Face aux attaques de la Droite, le groupe UGES soutient l&#039;Agence de la transition \u00e9cologique (ADEME) - D\u00e9partement de l&#039;Is\u00e8re\" \/>\n<meta property=\"og:description\" content=\"A l&rsquo;occasion du vote sur le bilan du Contrat de chaleur renouvelable (CCR) territorial 2022-2025 port\u00e9 avec l\u2019Agence &hellip;\" \/>\n<meta property=\"og:url\" content=\"https:\/\/www.uges-isere.fr\/index.php\/2025\/10\/20\/face-aux-attaques-de-la-droite-le-groupe-uges-soutient-lagence-de-la-transition-ecologique-ademe\/\" \/>\n<meta property=\"og:site_name\" content=\"D\u00e9partement de l&#039;Is\u00e8re\" \/>\n<meta property=\"article:publisher\" content=\"https:\/\/www.facebook.com\/LePrintemps38\" \/>\n<meta property=\"article:published_time\" content=\"2025-10-20T10:44:42+00:00\" \/>\n<meta property=\"article:modified_time\" content=\"2025-11-18T11:55:49+00:00\" \/>\n<meta property=\"og:image\" content=\"https:\/\/www.uges-isere.fr\/wp-content\/uploads\/2025\/11\/Logo_ADEME.svg_.png\" \/>\n\t<meta property=\"og:image:width\" content=\"1920\" \/>\n\t<meta property=\"og:image:height\" content=\"945\" \/>\n\t<meta property=\"og:image:type\" content=\"image\/png\" \/>\n<meta name=\"author\" content=\"ThibaudUGES38\" \/>\n<meta name=\"twitter:card\" content=\"summary_large_image\" \/>\n<meta name=\"twitter:creator\" content=\"@GroupeUGES38\" \/>\n<meta name=\"twitter:site\" content=\"@GroupeUGES38\" \/>\n<meta name=\"twitter:label1\" content=\"\u00c9crit par\" \/>\n\t<meta name=\"twitter:data1\" content=\"ThibaudUGES38\" \/>\n\t<meta name=\"twitter:label2\" content=\"Dur\u00e9e de lecture estim\u00e9e\" \/>\n\t<meta name=\"twitter:data2\" content=\"3 minutes\" \/>\n<script type=\"application\/ld+json\" class=\"yoast-schema-graph\">{\"@context\":\"https:\\\/\\\/schema.org\",\"@graph\":[{\"@type\":\"Article\",\"@id\":\"https:\\\/\\\/www.uges-isere.fr\\\/index.php\\\/2025\\\/10\\\/20\\\/face-aux-attaques-de-la-droite-le-groupe-uges-soutient-lagence-de-la-transition-ecologique-ademe\\\/#article\",\"isPartOf\":{\"@id\":\"https:\\\/\\\/www.uges-isere.fr\\\/index.php\\\/2025\\\/10\\\/20\\\/face-aux-attaques-de-la-droite-le-groupe-uges-soutient-lagence-de-la-transition-ecologique-ademe\\\/\"},\"author\":{\"name\":\"ThibaudUGES38\",\"@id\":\"https:\\\/\\\/www.uges-isere.fr\\\/#\\\/schema\\\/person\\\/a200926d67119314e8837b6a085de83a\"},\"headline\":\"Face aux attaques de la Droite, le groupe UGES soutient l&rsquo;Agence de la transition \u00e9cologique (ADEME)\",\"datePublished\":\"2025-10-20T10:44:42+00:00\",\"dateModified\":\"2025-11-18T11:55:49+00:00\",\"mainEntityOfPage\":{\"@id\":\"https:\\\/\\\/www.uges-isere.fr\\\/index.php\\\/2025\\\/10\\\/20\\\/face-aux-attaques-de-la-droite-le-groupe-uges-soutient-lagence-de-la-transition-ecologique-ademe\\\/\"},\"wordCount\":577,\"commentCount\":0,\"publisher\":{\"@id\":\"https:\\\/\\\/www.uges-isere.fr\\\/#organization\"},\"image\":{\"@id\":\"https:\\\/\\\/www.uges-isere.fr\\\/index.php\\\/2025\\\/10\\\/20\\\/face-aux-attaques-de-la-droite-le-groupe-uges-soutient-lagence-de-la-transition-ecologique-ademe\\\/#primaryimage\"},\"thumbnailUrl\":\"https:\\\/\\\/www.uges-isere.fr\\\/wp-content\\\/uploads\\\/2025\\\/11\\\/Logo_ADEME.svg_.png\",\"keywords\":[\"ADEME\",\"collectivit\u00e9s locales\",\"transition \u00e9cologique\",\"transition \u00e9nerg\u00e9tique\"],\"articleSection\":[\"Environnement et transition \u00e9cologique\",\"S\u00e9ance publique (D\u00e9cision modificative) - Octobre 2025\",\"S\u00e9ances publiques\"],\"inLanguage\":\"fr-FR\",\"potentialAction\":[{\"@type\":\"CommentAction\",\"name\":\"Comment\",\"target\":[\"https:\\\/\\\/www.uges-isere.fr\\\/index.php\\\/2025\\\/10\\\/20\\\/face-aux-attaques-de-la-droite-le-groupe-uges-soutient-lagence-de-la-transition-ecologique-ademe\\\/#respond\"]}]},{\"@type\":\"WebPage\",\"@id\":\"https:\\\/\\\/www.uges-isere.fr\\\/index.php\\\/2025\\\/10\\\/20\\\/face-aux-attaques-de-la-droite-le-groupe-uges-soutient-lagence-de-la-transition-ecologique-ademe\\\/\",\"url\":\"https:\\\/\\\/www.uges-isere.fr\\\/index.php\\\/2025\\\/10\\\/20\\\/face-aux-attaques-de-la-droite-le-groupe-uges-soutient-lagence-de-la-transition-ecologique-ademe\\\/\",\"name\":\"Face aux attaques de la Droite, le groupe UGES soutient l'Agence de la transition \u00e9cologique (ADEME) - D\u00e9partement de l&#039;Is\u00e8re\",\"isPartOf\":{\"@id\":\"https:\\\/\\\/www.uges-isere.fr\\\/#website\"},\"primaryImageOfPage\":{\"@id\":\"https:\\\/\\\/www.uges-isere.fr\\\/index.php\\\/2025\\\/10\\\/20\\\/face-aux-attaques-de-la-droite-le-groupe-uges-soutient-lagence-de-la-transition-ecologique-ademe\\\/#primaryimage\"},\"image\":{\"@id\":\"https:\\\/\\\/www.uges-isere.fr\\\/index.php\\\/2025\\\/10\\\/20\\\/face-aux-attaques-de-la-droite-le-groupe-uges-soutient-lagence-de-la-transition-ecologique-ademe\\\/#primaryimage\"},\"thumbnailUrl\":\"https:\\\/\\\/www.uges-isere.fr\\\/wp-content\\\/uploads\\\/2025\\\/11\\\/Logo_ADEME.svg_.png\",\"datePublished\":\"2025-10-20T10:44:42+00:00\",\"dateModified\":\"2025-11-18T11:55:49+00:00\",\"breadcrumb\":{\"@id\":\"https:\\\/\\\/www.uges-isere.fr\\\/index.php\\\/2025\\\/10\\\/20\\\/face-aux-attaques-de-la-droite-le-groupe-uges-soutient-lagence-de-la-transition-ecologique-ademe\\\/#breadcrumb\"},\"inLanguage\":\"fr-FR\",\"potentialAction\":[{\"@type\":\"ReadAction\",\"target\":[\"https:\\\/\\\/www.uges-isere.fr\\\/index.php\\\/2025\\\/10\\\/20\\\/face-aux-attaques-de-la-droite-le-groupe-uges-soutient-lagence-de-la-transition-ecologique-ademe\\\/\"]}]},{\"@type\":\"ImageObject\",\"inLanguage\":\"fr-FR\",\"@id\":\"https:\\\/\\\/www.uges-isere.fr\\\/index.php\\\/2025\\\/10\\\/20\\\/face-aux-attaques-de-la-droite-le-groupe-uges-soutient-lagence-de-la-transition-ecologique-ademe\\\/#primaryimage\",\"url\":\"https:\\\/\\\/www.uges-isere.fr\\\/wp-content\\\/uploads\\\/2025\\\/11\\\/Logo_ADEME.svg_.png\",\"contentUrl\":\"https:\\\/\\\/www.uges-isere.fr\\\/wp-content\\\/uploads\\\/2025\\\/11\\\/Logo_ADEME.svg_.png\",\"width\":1920,\"height\":945},{\"@type\":\"BreadcrumbList\",\"@id\":\"https:\\\/\\\/www.uges-isere.fr\\\/index.php\\\/2025\\\/10\\\/20\\\/face-aux-attaques-de-la-droite-le-groupe-uges-soutient-lagence-de-la-transition-ecologique-ademe\\\/#breadcrumb\",\"itemListElement\":[{\"@type\":\"ListItem\",\"position\":1,\"name\":\"Accueil\",\"item\":\"https:\\\/\\\/www.uges-isere.fr\\\/\"},{\"@type\":\"ListItem\",\"position\":2,\"name\":\"Face aux attaques de la Droite, le groupe UGES soutient l&rsquo;Agence de la transition \u00e9cologique (ADEME)\"}]},{\"@type\":\"WebSite\",\"@id\":\"https:\\\/\\\/www.uges-isere.fr\\\/#website\",\"url\":\"https:\\\/\\\/www.uges-isere.fr\\\/\",\"name\":\"D\u00e9partement de l&#039;Is\u00e8re\",\"description\":\"Groupe d&#039;opposition UGES\",\"publisher\":{\"@id\":\"https:\\\/\\\/www.uges-isere.fr\\\/#organization\"},\"potentialAction\":[{\"@type\":\"SearchAction\",\"target\":{\"@type\":\"EntryPoint\",\"urlTemplate\":\"https:\\\/\\\/www.uges-isere.fr\\\/?s={search_term_string}\"},\"query-input\":{\"@type\":\"PropertyValueSpecification\",\"valueRequired\":true,\"valueName\":\"search_term_string\"}}],\"inLanguage\":\"fr-FR\"},{\"@type\":\"Organization\",\"@id\":\"https:\\\/\\\/www.uges-isere.fr\\\/#organization\",\"name\":\"D\u00e9partement de l'Is\u00e8re\",\"url\":\"https:\\\/\\\/www.uges-isere.fr\\\/\",\"logo\":{\"@type\":\"ImageObject\",\"inLanguage\":\"fr-FR\",\"@id\":\"https:\\\/\\\/www.uges-isere.fr\\\/#\\\/schema\\\/logo\\\/image\\\/\",\"url\":\"https:\\\/\\\/www.uges-isere.fr\\\/wp-content\\\/uploads\\\/2021\\\/10\\\/logo-ok.png\",\"contentUrl\":\"https:\\\/\\\/www.uges-isere.fr\\\/wp-content\\\/uploads\\\/2021\\\/10\\\/logo-ok.png\",\"width\":2859,\"height\":1816,\"caption\":\"D\u00e9partement de l'Is\u00e8re\"},\"image\":{\"@id\":\"https:\\\/\\\/www.uges-isere.fr\\\/#\\\/schema\\\/logo\\\/image\\\/\"},\"sameAs\":[\"https:\\\/\\\/www.facebook.com\\\/LePrintemps38\",\"https:\\\/\\\/x.com\\\/GroupeUGES38\"]},{\"@type\":\"Person\",\"@id\":\"https:\\\/\\\/www.uges-isere.fr\\\/#\\\/schema\\\/person\\\/a200926d67119314e8837b6a085de83a\",\"name\":\"ThibaudUGES38\",\"image\":{\"@type\":\"ImageObject\",\"inLanguage\":\"fr-FR\",\"@id\":\"https:\\\/\\\/secure.gravatar.com\\\/avatar\\\/e182ebfe597e409aafe3378f828607b2b757ed94a3489b20112818296e03b151?s=96&d=mm&r=g\",\"url\":\"https:\\\/\\\/secure.gravatar.com\\\/avatar\\\/e182ebfe597e409aafe3378f828607b2b757ed94a3489b20112818296e03b151?s=96&d=mm&r=g\",\"contentUrl\":\"https:\\\/\\\/secure.gravatar.com\\\/avatar\\\/e182ebfe597e409aafe3378f828607b2b757ed94a3489b20112818296e03b151?s=96&d=mm&r=g\",\"caption\":\"ThibaudUGES38\"},\"url\":\"https:\\\/\\\/www.uges-isere.fr\\\/index.php\\\/author\\\/thibauduges38\\\/\"}]}<\/script>\n<!-- \/ Yoast SEO plugin. -->","yoast_head_json":{"title":"Face aux attaques de la Droite, le groupe UGES soutient l'Agence de la transition \u00e9cologique (ADEME) - D\u00e9partement de l&#039;Is\u00e8re","robots":{"index":"index","follow":"follow","max-snippet":"max-snippet:-1","max-image-preview":"max-image-preview:large","max-video-preview":"max-video-preview:-1"},"canonical":"https:\/\/www.uges-isere.fr\/index.php\/2025\/10\/20\/face-aux-attaques-de-la-droite-le-groupe-uges-soutient-lagence-de-la-transition-ecologique-ademe\/","og_locale":"fr_FR","og_type":"article","og_title":"Face aux attaques de la Droite, le groupe UGES soutient l'Agence de la transition \u00e9cologique (ADEME) - D\u00e9partement de l&#039;Is\u00e8re","og_description":"A l&rsquo;occasion du vote sur le bilan du Contrat de chaleur renouvelable (CCR) territorial 2022-2025 port\u00e9 avec l\u2019Agence &hellip;","og_url":"https:\/\/www.uges-isere.fr\/index.php\/2025\/10\/20\/face-aux-attaques-de-la-droite-le-groupe-uges-soutient-lagence-de-la-transition-ecologique-ademe\/","og_site_name":"D\u00e9partement de l&#039;Is\u00e8re","article_publisher":"https:\/\/www.facebook.com\/LePrintemps38","article_published_time":"2025-10-20T10:44:42+00:00","article_modified_time":"2025-11-18T11:55:49+00:00","og_image":[{"width":1920,"height":945,"url":"https:\/\/www.uges-isere.fr\/wp-content\/uploads\/2025\/11\/Logo_ADEME.svg_.png","type":"image\/png"}],"author":"ThibaudUGES38","twitter_card":"summary_large_image","twitter_creator":"@GroupeUGES38","twitter_site":"@GroupeUGES38","twitter_misc":{"\u00c9crit par":"ThibaudUGES38","Dur\u00e9e de lecture estim\u00e9e":"3 minutes"},"schema":{"@context":"https:\/\/schema.org","@graph":[{"@type":"Article","@id":"https:\/\/www.uges-isere.fr\/index.php\/2025\/10\/20\/face-aux-attaques-de-la-droite-le-groupe-uges-soutient-lagence-de-la-transition-ecologique-ademe\/#article","isPartOf":{"@id":"https:\/\/www.uges-isere.fr\/index.php\/2025\/10\/20\/face-aux-attaques-de-la-droite-le-groupe-uges-soutient-lagence-de-la-transition-ecologique-ademe\/"},"author":{"name":"ThibaudUGES38","@id":"https:\/\/www.uges-isere.fr\/#\/schema\/person\/a200926d67119314e8837b6a085de83a"},"headline":"Face aux attaques de la Droite, le groupe UGES soutient l&rsquo;Agence de la transition \u00e9cologique (ADEME)","datePublished":"2025-10-20T10:44:42+00:00","dateModified":"2025-11-18T11:55:49+00:00","mainEntityOfPage":{"@id":"https:\/\/www.uges-isere.fr\/index.php\/2025\/10\/20\/face-aux-attaques-de-la-droite-le-groupe-uges-soutient-lagence-de-la-transition-ecologique-ademe\/"},"wordCount":577,"commentCount":0,"publisher":{"@id":"https:\/\/www.uges-isere.fr\/#organization"},"image":{"@id":"https:\/\/www.uges-isere.fr\/index.php\/2025\/10\/20\/face-aux-attaques-de-la-droite-le-groupe-uges-soutient-lagence-de-la-transition-ecologique-ademe\/#primaryimage"},"thumbnailUrl":"https:\/\/www.uges-isere.fr\/wp-content\/uploads\/2025\/11\/Logo_ADEME.svg_.png","keywords":["ADEME","collectivit\u00e9s locales","transition \u00e9cologique","transition \u00e9nerg\u00e9tique"],"articleSection":["Environnement et transition \u00e9cologique","S\u00e9ance publique (D\u00e9cision modificative) - Octobre 2025","S\u00e9ances publiques"],"inLanguage":"fr-FR","potentialAction":[{"@type":"CommentAction","name":"Comment","target":["https:\/\/www.uges-isere.fr\/index.php\/2025\/10\/20\/face-aux-attaques-de-la-droite-le-groupe-uges-soutient-lagence-de-la-transition-ecologique-ademe\/#respond"]}]},{"@type":"WebPage","@id":"https:\/\/www.uges-isere.fr\/index.php\/2025\/10\/20\/face-aux-attaques-de-la-droite-le-groupe-uges-soutient-lagence-de-la-transition-ecologique-ademe\/","url":"https:\/\/www.uges-isere.fr\/index.php\/2025\/10\/20\/face-aux-attaques-de-la-droite-le-groupe-uges-soutient-lagence-de-la-transition-ecologique-ademe\/","name":"Face aux attaques de la Droite, le groupe UGES soutient l'Agence de la transition \u00e9cologique (ADEME) - D\u00e9partement de l&#039;Is\u00e8re","isPartOf":{"@id":"https:\/\/www.uges-isere.fr\/#website"},"primaryImageOfPage":{"@id":"https:\/\/www.uges-isere.fr\/index.php\/2025\/10\/20\/face-aux-attaques-de-la-droite-le-groupe-uges-soutient-lagence-de-la-transition-ecologique-ademe\/#primaryimage"},"image":{"@id":"https:\/\/www.uges-isere.fr\/index.php\/2025\/10\/20\/face-aux-attaques-de-la-droite-le-groupe-uges-soutient-lagence-de-la-transition-ecologique-ademe\/#primaryimage"},"thumbnailUrl":"https:\/\/www.uges-isere.fr\/wp-content\/uploads\/2025\/11\/Logo_ADEME.svg_.png","datePublished":"2025-10-20T10:44:42+00:00","dateModified":"2025-11-18T11:55:49+00:00","breadcrumb":{"@id":"https:\/\/www.uges-isere.fr\/index.php\/2025\/10\/20\/face-aux-attaques-de-la-droite-le-groupe-uges-soutient-lagence-de-la-transition-ecologique-ademe\/#breadcrumb"},"inLanguage":"fr-FR","potentialAction":[{"@type":"ReadAction","target":["https:\/\/www.uges-isere.fr\/index.php\/2025\/10\/20\/face-aux-attaques-de-la-droite-le-groupe-uges-soutient-lagence-de-la-transition-ecologique-ademe\/"]}]},{"@type":"ImageObject","inLanguage":"fr-FR","@id":"https:\/\/www.uges-isere.fr\/index.php\/2025\/10\/20\/face-aux-attaques-de-la-droite-le-groupe-uges-soutient-lagence-de-la-transition-ecologique-ademe\/#primaryimage","url":"https:\/\/www.uges-isere.fr\/wp-content\/uploads\/2025\/11\/Logo_ADEME.svg_.png","contentUrl":"https:\/\/www.uges-isere.fr\/wp-content\/uploads\/2025\/11\/Logo_ADEME.svg_.png","width":1920,"height":945},{"@type":"BreadcrumbList","@id":"https:\/\/www.uges-isere.fr\/index.php\/2025\/10\/20\/face-aux-attaques-de-la-droite-le-groupe-uges-soutient-lagence-de-la-transition-ecologique-ademe\/#breadcrumb","itemListElement":[{"@type":"ListItem","position":1,"name":"Accueil","item":"https:\/\/www.uges-isere.fr\/"},{"@type":"ListItem","position":2,"name":"Face aux attaques de la Droite, le groupe UGES soutient l&rsquo;Agence de la transition \u00e9cologique (ADEME)"}]},{"@type":"WebSite","@id":"https:\/\/www.uges-isere.fr\/#website","url":"https:\/\/www.uges-isere.fr\/","name":"D\u00e9partement de l&#039;Is\u00e8re","description":"Groupe d&#039;opposition UGES","publisher":{"@id":"https:\/\/www.uges-isere.fr\/#organization"},"potentialAction":[{"@type":"SearchAction","target":{"@type":"EntryPoint","urlTemplate":"https:\/\/www.uges-isere.fr\/?s={search_term_string}"},"query-input":{"@type":"PropertyValueSpecification","valueRequired":true,"valueName":"search_term_string"}}],"inLanguage":"fr-FR"},{"@type":"Organization","@id":"https:\/\/www.uges-isere.fr\/#organization","name":"D\u00e9partement de l'Is\u00e8re","url":"https:\/\/www.uges-isere.fr\/","logo":{"@type":"ImageObject","inLanguage":"fr-FR","@id":"https:\/\/www.uges-isere.fr\/#\/schema\/logo\/image\/","url":"https:\/\/www.uges-isere.fr\/wp-content\/uploads\/2021\/10\/logo-ok.png","contentUrl":"https:\/\/www.uges-isere.fr\/wp-content\/uploads\/2021\/10\/logo-ok.png","width":2859,"height":1816,"caption":"D\u00e9partement de l'Is\u00e8re"},"image":{"@id":"https:\/\/www.uges-isere.fr\/#\/schema\/logo\/image\/"},"sameAs":["https:\/\/www.facebook.com\/LePrintemps38","https:\/\/x.com\/GroupeUGES38"]},{"@type":"Person","@id":"https:\/\/www.uges-isere.fr\/#\/schema\/person\/a200926d67119314e8837b6a085de83a","name":"ThibaudUGES38","image":{"@type":"ImageObject","inLanguage":"fr-FR","@id":"https:\/\/secure.gravatar.com\/avatar\/e182ebfe597e409aafe3378f828607b2b757ed94a3489b20112818296e03b151?s=96&d=mm&r=g","url":"https:\/\/secure.gravatar.com\/avatar\/e182ebfe597e409aafe3378f828607b2b757ed94a3489b20112818296e03b151?s=96&d=mm&r=g","contentUrl":"https:\/\/secure.gravatar.com\/avatar\/e182ebfe597e409aafe3378f828607b2b757ed94a3489b20112818296e03b151?s=96&d=mm&r=g","caption":"ThibaudUGES38"},"url":"https:\/\/www.uges-isere.fr\/index.php\/author\/thibauduges38\/"}]}},"_links":{"self":[{"href":"https:\/\/www.uges-isere.fr\/index.php\/wp-json\/wp\/v2\/posts\/684418","targetHints":{"allow":["GET"]}}],"collection":[{"href":"https:\/\/www.uges-isere.fr\/index.php\/wp-json\/wp\/v2\/posts"}],"about":[{"href":"https:\/\/www.uges-isere.fr\/index.php\/wp-json\/wp\/v2\/types\/post"}],"author":[{"embeddable":true,"href":"https:\/\/www.uges-isere.fr\/index.php\/wp-json\/wp\/v2\/users\/8"}],"replies":[{"embeddable":true,"href":"https:\/\/www.uges-isere.fr\/index.php\/wp-json\/wp\/v2\/comments?post=684418"}],"version-history":[{"count":1,"href":"https:\/\/www.uges-isere.fr\/index.php\/wp-json\/wp\/v2\/posts\/684418\/revisions"}],"predecessor-version":[{"id":684420,"href":"https:\/\/www.uges-isere.fr\/index.php\/wp-json\/wp\/v2\/posts\/684418\/revisions\/684420"}],"wp:featuredmedia":[{"embeddable":true,"href":"https:\/\/www.uges-isere.fr\/index.php\/wp-json\/wp\/v2\/media\/684419"}],"wp:attachment":[{"href":"https:\/\/www.uges-isere.fr\/index.php\/wp-json\/wp\/v2\/media?parent=684418"}],"wp:term":[{"taxonomy":"category","embeddable":true,"href":"https:\/\/www.uges-isere.fr\/index.php\/wp-json\/wp\/v2\/categories?post=684418"},{"taxonomy":"post_tag","embeddable":true,"href":"https:\/\/www.uges-isere.fr\/index.php\/wp-json\/wp\/v2\/tags?post=684418"}],"curies":[{"name":"wp","href":"https:\/\/api.w.org\/{rel}","templated":true}]}}