{"id":684414,"date":"2025-10-20T11:55:33","date_gmt":"2025-10-20T09:55:33","guid":{"rendered":"https:\/\/www.uges-isere.fr\/?p=684414"},"modified":"2025-11-18T12:32:43","modified_gmt":"2025-11-18T11:32:43","slug":"14-millions-deuros-de-baisse-de-subventions-en-direction-des-associations","status":"publish","type":"post","link":"https:\/\/www.uges-isere.fr\/index.php\/2025\/10\/20\/14-millions-deuros-de-baisse-de-subventions-en-direction-des-associations\/","title":{"rendered":"1,4 millions d\u2019euros de baisse de subventions en direction des associations"},"content":{"rendered":"\n<p><strong><em>A l&rsquo;occasion du d\u00e9bat budg\u00e9taire du 17 octobre (d\u00e9cision modificative), le groupe UGES a fait les comptes ! Pour cette ann\u00e9e 2025, ce sont 1,4 millions d\u2019euros de d\u00e9sengagement du D\u00e9partement aupr\u00e8s du secteur associatif en Is\u00e8re, en particulier aupr\u00e8s des associations de solidarit\u00e9 et environnementales. Alors que partout en France et notamment en Is\u00e8re, le mouvement associatif a manifest\u00e9 pour dire que \u00ab \u00e7a ne tient plus! \u00bb<\/em><\/strong><\/p>\n\n\n\n<p><strong>Une d\u00e9cision modificative plut\u00f4t favorable<\/strong><\/p>\n\n\n\n<p>Selon les propres termes du Vice-pr\u00e9sident aux finances, Julien Polat, la D\u00e9cision modificative (DM) pr\u00e9sent\u00e9e en octobre est \u00ab <em>plut\u00f4t favorable<\/em> \u00bb. Plut\u00f4t favorable effectivement, quand on constate une<strong> croissance des recettes plus \u00e9lev\u00e9e que celle des d\u00e9penses<\/strong>, conjonction de recettes de la part de l&rsquo;Etat sur le volet \u00e9conomique et d\u2019une bonne dynamique des Droits de Mutation \u00e0 Titre On\u00e9reux (DMTO) d\u00e9montrant que notre territoire dispose d\u2019une bonne vitalit\u00e9 avec un march\u00e9 de l\u2019immobilier qui reste dynamique. D&rsquo;ailleurs, cette dynamique nous pr\u00e9serve par rapport \u00e0 d\u2019autres territoires . <\/p>\n\n\n\n<p>Une DM plut\u00f4t favorable qui, malgr\u00e9 des besoins sociaux qui restent extr\u00eamement forts et qui impactent naturellement le budget d\u00e9partemental (autonomie, enfance, insertion\u2026), nous permet d\u2019envisager de <strong>r\u00e9duire notre recours \u00e0 l\u2019emprunt de 31,6 millions d\u2019euros.<\/strong><\/p>\n\n\n\n<p><strong>Efforts de gestion<\/strong><\/p>\n\n\n\n<p>Alors bien s\u00fbr, nous sommes conscients des efforts de gestion rigoureuse de l\u2019argent public que chacun doit \u00eatre en mesure de faire, dans un contexte d\u2019instabilit\u00e9 politique et alors que nous ne savons pas \u00e0 \u00ab\u00a0quelle sauce\u00a0\u00bb les collectivit\u00e9s locales seront \u00ab\u00a0mang\u00e9es\u00a0\u00bb dans le cadre du PLF 2026.<\/p>\n\n\n\n<p><strong>Certains paient plus que d\u2019autres<\/strong><\/p>\n\n\n\n<p>Mais, alors que le Pr\u00e9sident du D\u00e9partement disait, \u00e0 l\u2019occasion du vote du budget que \u00ab <em>les \u00e9conomies qui nous sont et nous seront impos\u00e9es, il va falloir qu\u2019elles s\u2019appliquent \u00e0 nous et \u00e0 nos partenaires<\/em> \u00bb, nous constatons que<strong> le poids des \u00e9conomies demand\u00e9es est tr\u00e8s injustement r\u00e9parti. Certains paient plus que d\u2019autres ces efforts<\/strong>. Et ceux qui paient le plus sont celles et ceux qui dont d\u00e9j\u00e0 les plus vuln\u00e9rables.\u00a0 <a href=\"https:\/\/www.uges-isere.fr\/index.php\/2025\/04\/15\/budget-2025-le-departement-fait-payer-aux-iserois-des-operations-lucratives-sur-le-dos-des-solidarites-et-de-lenvironnement\/\">Le groupe UGES avait d\u00e9j\u00e0 sonn\u00e9 l\u2019alerte lors du vote du budget au mois de mars dernier.<\/a><\/p>\n\n\n\n<p>\u00a0<strong>1,4 M\u20ac de d\u00e9sengagement aupr\u00e8s du secteur associatif<\/strong><\/p>\n\n\n\n<p>Un chiffre a \u00e9t\u00e9 omis d&rsquo;\u00eatre mentionn\u00e9 dans la D\u00e9cision modificative pr\u00e9sent\u00e9e par la majorit\u00e9 d\u00e9partementale : les 1,4 millions d\u2019euros d\u2019efforts demand\u00e9s au secteur associatif de notre D\u00e9partement pour cette ann\u00e9e 2025. Et pourtant. <\/p>\n\n\n\n<p>Le mouvement associatif s\u2019est organis\u00e9 partout en France et ici aussi en Is\u00e8re pour dire la fragilit\u00e9 du tissu associatif dans notre pays, qui voit d\u2019ann\u00e9e en ann\u00e9e les subventions publiques s\u2019amoindrir. Le <a href=\"https:\/\/c.ledauphine.com\/politique\/2025\/10\/11\/on-veut-dire-aux-collectivites-de-penser-a-nous-car-ca-ne-tiendra-plus-sinon-mobilisation-a-l-entree-du-congres-des-maires\">collectif Alerte association 38 \u00e9tait pr\u00e9sent dans diff\u00e9rents lieux en Is\u00e8re 11 octobre dernie<\/a>r, et notamment au Congr\u00e8s des maires pour dire que \u00ab\u00a0\u00e7a ne tient plus\u00a0!\u00a0\u00bb. La culture, le sport, l\u2019\u00e9ducation populaire et la jeunesse, le lien social et la lutte contre l\u2019isolement, les structures de soin, d\u2019accompagnement, et de pr\u00e9vention, les aides \u00e0 la personnes\u2026sont menac\u00e9s\u00a0! Ce sont 28 000 associations dans notre d\u00e9partement, 260 000 b\u00e9n\u00e9voles, 30 000 emplois salari\u00e9s, c\u2019est <strong>250 emplois associatifs d\u2019ores et d\u00e9j\u00e0 supprim\u00e9s en Is\u00e8re pour cette seule ann\u00e9e 2025.<\/strong><\/p>\n\n\n\n<p><strong>Taille au s\u00e9cateur contre d\u00e9forestation<\/strong><\/p>\n\n\n\n<p>Vu du c\u00f4t\u00e9 du D\u00e9partement, 1,4 M\u20ac sur un budget total de 1,8 Mds\u20ac ce n\u2019est peut-\u00eatre qu\u2019une coupe au \u00ab s\u00e9cateur \u00bb selon les propres termes du Pr\u00e9sident du D\u00e9partement.<strong> Mais vu du c\u00f4t\u00e9 des associations concern\u00e9es, 1,4 millions d\u2019euros ce n\u2019est plus une taille au s\u00e9cateur c\u2019est une d\u00e9forestation !<\/strong> \u00a0Pour les<a href=\"https:\/\/c.ledauphine.com\/economie\/2025\/10\/22\/un-cinquieme-du-budget-s-en-va-a-la-marelle-on-craint-la-disparition-d-un-espace-de-mixite-sociale\"> Lieux d&rsquo;Accueil Enfants Parents dont le r\u00e9seau is\u00e9rois ont manifest\u00e9 devant le D\u00e9partement ce 17 octobre<\/a>\u00a0: le d\u00e9sengagement du D\u00e9partement c\u2019est 20% de budget en moins et c\u2019est donc la p\u00e9rennit\u00e9 des structures de pr\u00e9vention aupr\u00e8s des enfants qui est engag\u00e9e !\u00a0<\/p>\n\n\n\n<p><strong>Si aujourd\u2019hui le D\u00e9partement d\u00e9cidait de diminuer son recours \u00e0 l\u2019emprunt de 30 millions d\u2019euros et non de 31,6 millions, la diff\u00e9rence pour les finances publiques serait quasi neutre. Mais la diff\u00e9rence pour les associations de l\u2019Is\u00e8re, leurs b\u00e9n\u00e9voles, leurs salari\u00e9s, pour l\u2019ensemble des is\u00e9rois serait un geste non seulement fort, mais aussi tout \u00e0 fait essentiel. C\u2019est ce que le groupe UGES a demand\u00e9 \u00e0 l&rsquo;occasion de cette d\u00e9cision modificative. <\/strong><\/p>\n","protected":false},"excerpt":{"rendered":"<p>A l&rsquo;occasion du d\u00e9bat budg\u00e9taire du 17 octobre (d\u00e9cision modificative), le groupe UGES a fait les comptes ! &hellip; <\/p>\n","protected":false},"author":8,"featured_media":684387,"comment_status":"open","ping_status":"open","sticky":false,"template":"","format":"standard","meta":{"footnotes":""},"categories":[383,15,355],"tags":[384,35,385,386],"class_list":["post-684414","post","type-post","status-publish","format-standard","has-post-thumbnail","hentry","category-seance-publique-decision-modificative","category-seances-publiques","category-sp-2025","tag-associations","tag-budget","tag-justice-fiscale","tag-justice-sociale"],"yoast_head":"<!-- This site is optimized with the Yoast SEO plugin v27.5 - https:\/\/yoast.com\/product\/yoast-seo-wordpress\/ -->\n<title>1,4 millions d\u2019euros de baisse de subventions en direction des associations - D\u00e9partement de l&#039;Is\u00e8re<\/title>\n<meta name=\"robots\" content=\"index, follow, max-snippet:-1, max-image-preview:large, max-video-preview:-1\" \/>\n<link rel=\"canonical\" href=\"https:\/\/www.uges-isere.fr\/index.php\/2025\/10\/20\/14-millions-deuros-de-baisse-de-subventions-en-direction-des-associations\/\" \/>\n<meta property=\"og:locale\" content=\"fr_FR\" \/>\n<meta property=\"og:type\" content=\"article\" \/>\n<meta property=\"og:title\" content=\"1,4 millions d\u2019euros de baisse de subventions en direction des associations - D\u00e9partement de l&#039;Is\u00e8re\" \/>\n<meta property=\"og:description\" content=\"A l&rsquo;occasion du d\u00e9bat budg\u00e9taire du 17 octobre (d\u00e9cision modificative), le groupe UGES a fait les comptes ! &hellip;\" \/>\n<meta property=\"og:url\" content=\"https:\/\/www.uges-isere.fr\/index.php\/2025\/10\/20\/14-millions-deuros-de-baisse-de-subventions-en-direction-des-associations\/\" \/>\n<meta property=\"og:site_name\" content=\"D\u00e9partement de l&#039;Is\u00e8re\" \/>\n<meta property=\"article:publisher\" content=\"https:\/\/www.facebook.com\/LePrintemps38\" \/>\n<meta property=\"article:published_time\" content=\"2025-10-20T09:55:33+00:00\" \/>\n<meta property=\"article:modified_time\" content=\"2025-11-18T11:32:43+00:00\" \/>\n<meta property=\"og:image\" content=\"https:\/\/www.uges-isere.fr\/wp-content\/uploads\/2025\/06\/budget-25.jpg\" \/>\n\t<meta property=\"og:image:width\" content=\"561\" \/>\n\t<meta property=\"og:image:height\" content=\"367\" \/>\n\t<meta property=\"og:image:type\" content=\"image\/jpeg\" \/>\n<meta name=\"author\" content=\"ThibaudUGES38\" \/>\n<meta name=\"twitter:card\" content=\"summary_large_image\" \/>\n<meta name=\"twitter:creator\" content=\"@GroupeUGES38\" \/>\n<meta name=\"twitter:site\" content=\"@GroupeUGES38\" \/>\n<meta name=\"twitter:label1\" content=\"\u00c9crit par\" \/>\n\t<meta name=\"twitter:data1\" content=\"ThibaudUGES38\" \/>\n\t<meta name=\"twitter:label2\" content=\"Dur\u00e9e de lecture estim\u00e9e\" \/>\n\t<meta name=\"twitter:data2\" content=\"4 minutes\" \/>\n<script type=\"application\/ld+json\" class=\"yoast-schema-graph\">{\"@context\":\"https:\\\/\\\/schema.org\",\"@graph\":[{\"@type\":\"Article\",\"@id\":\"https:\\\/\\\/www.uges-isere.fr\\\/index.php\\\/2025\\\/10\\\/20\\\/14-millions-deuros-de-baisse-de-subventions-en-direction-des-associations\\\/#article\",\"isPartOf\":{\"@id\":\"https:\\\/\\\/www.uges-isere.fr\\\/index.php\\\/2025\\\/10\\\/20\\\/14-millions-deuros-de-baisse-de-subventions-en-direction-des-associations\\\/\"},\"author\":{\"name\":\"ThibaudUGES38\",\"@id\":\"https:\\\/\\\/www.uges-isere.fr\\\/#\\\/schema\\\/person\\\/a200926d67119314e8837b6a085de83a\"},\"headline\":\"1,4 millions d\u2019euros de baisse de subventions en direction des associations\",\"datePublished\":\"2025-10-20T09:55:33+00:00\",\"dateModified\":\"2025-11-18T11:32:43+00:00\",\"mainEntityOfPage\":{\"@id\":\"https:\\\/\\\/www.uges-isere.fr\\\/index.php\\\/2025\\\/10\\\/20\\\/14-millions-deuros-de-baisse-de-subventions-en-direction-des-associations\\\/\"},\"wordCount\":779,\"commentCount\":0,\"publisher\":{\"@id\":\"https:\\\/\\\/www.uges-isere.fr\\\/#organization\"},\"image\":{\"@id\":\"https:\\\/\\\/www.uges-isere.fr\\\/index.php\\\/2025\\\/10\\\/20\\\/14-millions-deuros-de-baisse-de-subventions-en-direction-des-associations\\\/#primaryimage\"},\"thumbnailUrl\":\"https:\\\/\\\/www.uges-isere.fr\\\/wp-content\\\/uploads\\\/2025\\\/06\\\/budget-25.jpg\",\"keywords\":[\"associations\",\"budget\",\"justice fiscale\",\"justice sociale\"],\"articleSection\":[\"S\u00e9ance publique (D\u00e9cision modificative) - Octobre 2025\",\"S\u00e9ances publiques\",\"SP 2025\"],\"inLanguage\":\"fr-FR\",\"potentialAction\":[{\"@type\":\"CommentAction\",\"name\":\"Comment\",\"target\":[\"https:\\\/\\\/www.uges-isere.fr\\\/index.php\\\/2025\\\/10\\\/20\\\/14-millions-deuros-de-baisse-de-subventions-en-direction-des-associations\\\/#respond\"]}]},{\"@type\":\"WebPage\",\"@id\":\"https:\\\/\\\/www.uges-isere.fr\\\/index.php\\\/2025\\\/10\\\/20\\\/14-millions-deuros-de-baisse-de-subventions-en-direction-des-associations\\\/\",\"url\":\"https:\\\/\\\/www.uges-isere.fr\\\/index.php\\\/2025\\\/10\\\/20\\\/14-millions-deuros-de-baisse-de-subventions-en-direction-des-associations\\\/\",\"name\":\"1,4 millions d\u2019euros de baisse de subventions en direction des associations - D\u00e9partement de l&#039;Is\u00e8re\",\"isPartOf\":{\"@id\":\"https:\\\/\\\/www.uges-isere.fr\\\/#website\"},\"primaryImageOfPage\":{\"@id\":\"https:\\\/\\\/www.uges-isere.fr\\\/index.php\\\/2025\\\/10\\\/20\\\/14-millions-deuros-de-baisse-de-subventions-en-direction-des-associations\\\/#primaryimage\"},\"image\":{\"@id\":\"https:\\\/\\\/www.uges-isere.fr\\\/index.php\\\/2025\\\/10\\\/20\\\/14-millions-deuros-de-baisse-de-subventions-en-direction-des-associations\\\/#primaryimage\"},\"thumbnailUrl\":\"https:\\\/\\\/www.uges-isere.fr\\\/wp-content\\\/uploads\\\/2025\\\/06\\\/budget-25.jpg\",\"datePublished\":\"2025-10-20T09:55:33+00:00\",\"dateModified\":\"2025-11-18T11:32:43+00:00\",\"breadcrumb\":{\"@id\":\"https:\\\/\\\/www.uges-isere.fr\\\/index.php\\\/2025\\\/10\\\/20\\\/14-millions-deuros-de-baisse-de-subventions-en-direction-des-associations\\\/#breadcrumb\"},\"inLanguage\":\"fr-FR\",\"potentialAction\":[{\"@type\":\"ReadAction\",\"target\":[\"https:\\\/\\\/www.uges-isere.fr\\\/index.php\\\/2025\\\/10\\\/20\\\/14-millions-deuros-de-baisse-de-subventions-en-direction-des-associations\\\/\"]}]},{\"@type\":\"ImageObject\",\"inLanguage\":\"fr-FR\",\"@id\":\"https:\\\/\\\/www.uges-isere.fr\\\/index.php\\\/2025\\\/10\\\/20\\\/14-millions-deuros-de-baisse-de-subventions-en-direction-des-associations\\\/#primaryimage\",\"url\":\"https:\\\/\\\/www.uges-isere.fr\\\/wp-content\\\/uploads\\\/2025\\\/06\\\/budget-25.jpg\",\"contentUrl\":\"https:\\\/\\\/www.uges-isere.fr\\\/wp-content\\\/uploads\\\/2025\\\/06\\\/budget-25.jpg\",\"width\":561,\"height\":367},{\"@type\":\"BreadcrumbList\",\"@id\":\"https:\\\/\\\/www.uges-isere.fr\\\/index.php\\\/2025\\\/10\\\/20\\\/14-millions-deuros-de-baisse-de-subventions-en-direction-des-associations\\\/#breadcrumb\",\"itemListElement\":[{\"@type\":\"ListItem\",\"position\":1,\"name\":\"Accueil\",\"item\":\"https:\\\/\\\/www.uges-isere.fr\\\/\"},{\"@type\":\"ListItem\",\"position\":2,\"name\":\"1,4 millions d\u2019euros de baisse de subventions en direction des associations\"}]},{\"@type\":\"WebSite\",\"@id\":\"https:\\\/\\\/www.uges-isere.fr\\\/#website\",\"url\":\"https:\\\/\\\/www.uges-isere.fr\\\/\",\"name\":\"D\u00e9partement de l&#039;Is\u00e8re\",\"description\":\"Groupe d&#039;opposition UGES\",\"publisher\":{\"@id\":\"https:\\\/\\\/www.uges-isere.fr\\\/#organization\"},\"potentialAction\":[{\"@type\":\"SearchAction\",\"target\":{\"@type\":\"EntryPoint\",\"urlTemplate\":\"https:\\\/\\\/www.uges-isere.fr\\\/?s={search_term_string}\"},\"query-input\":{\"@type\":\"PropertyValueSpecification\",\"valueRequired\":true,\"valueName\":\"search_term_string\"}}],\"inLanguage\":\"fr-FR\"},{\"@type\":\"Organization\",\"@id\":\"https:\\\/\\\/www.uges-isere.fr\\\/#organization\",\"name\":\"D\u00e9partement de l'Is\u00e8re\",\"url\":\"https:\\\/\\\/www.uges-isere.fr\\\/\",\"logo\":{\"@type\":\"ImageObject\",\"inLanguage\":\"fr-FR\",\"@id\":\"https:\\\/\\\/www.uges-isere.fr\\\/#\\\/schema\\\/logo\\\/image\\\/\",\"url\":\"https:\\\/\\\/www.uges-isere.fr\\\/wp-content\\\/uploads\\\/2021\\\/10\\\/logo-ok.png\",\"contentUrl\":\"https:\\\/\\\/www.uges-isere.fr\\\/wp-content\\\/uploads\\\/2021\\\/10\\\/logo-ok.png\",\"width\":2859,\"height\":1816,\"caption\":\"D\u00e9partement de l'Is\u00e8re\"},\"image\":{\"@id\":\"https:\\\/\\\/www.uges-isere.fr\\\/#\\\/schema\\\/logo\\\/image\\\/\"},\"sameAs\":[\"https:\\\/\\\/www.facebook.com\\\/LePrintemps38\",\"https:\\\/\\\/x.com\\\/GroupeUGES38\"]},{\"@type\":\"Person\",\"@id\":\"https:\\\/\\\/www.uges-isere.fr\\\/#\\\/schema\\\/person\\\/a200926d67119314e8837b6a085de83a\",\"name\":\"ThibaudUGES38\",\"image\":{\"@type\":\"ImageObject\",\"inLanguage\":\"fr-FR\",\"@id\":\"https:\\\/\\\/secure.gravatar.com\\\/avatar\\\/e182ebfe597e409aafe3378f828607b2b757ed94a3489b20112818296e03b151?s=96&d=mm&r=g\",\"url\":\"https:\\\/\\\/secure.gravatar.com\\\/avatar\\\/e182ebfe597e409aafe3378f828607b2b757ed94a3489b20112818296e03b151?s=96&d=mm&r=g\",\"contentUrl\":\"https:\\\/\\\/secure.gravatar.com\\\/avatar\\\/e182ebfe597e409aafe3378f828607b2b757ed94a3489b20112818296e03b151?s=96&d=mm&r=g\",\"caption\":\"ThibaudUGES38\"},\"url\":\"https:\\\/\\\/www.uges-isere.fr\\\/index.php\\\/author\\\/thibauduges38\\\/\"}]}<\/script>\n<!-- \/ Yoast SEO plugin. -->","yoast_head_json":{"title":"1,4 millions d\u2019euros de baisse de subventions en direction des associations - D\u00e9partement de l&#039;Is\u00e8re","robots":{"index":"index","follow":"follow","max-snippet":"max-snippet:-1","max-image-preview":"max-image-preview:large","max-video-preview":"max-video-preview:-1"},"canonical":"https:\/\/www.uges-isere.fr\/index.php\/2025\/10\/20\/14-millions-deuros-de-baisse-de-subventions-en-direction-des-associations\/","og_locale":"fr_FR","og_type":"article","og_title":"1,4 millions d\u2019euros de baisse de subventions en direction des associations - D\u00e9partement de l&#039;Is\u00e8re","og_description":"A l&rsquo;occasion du d\u00e9bat budg\u00e9taire du 17 octobre (d\u00e9cision modificative), le groupe UGES a fait les comptes ! &hellip;","og_url":"https:\/\/www.uges-isere.fr\/index.php\/2025\/10\/20\/14-millions-deuros-de-baisse-de-subventions-en-direction-des-associations\/","og_site_name":"D\u00e9partement de l&#039;Is\u00e8re","article_publisher":"https:\/\/www.facebook.com\/LePrintemps38","article_published_time":"2025-10-20T09:55:33+00:00","article_modified_time":"2025-11-18T11:32:43+00:00","og_image":[{"width":561,"height":367,"url":"https:\/\/www.uges-isere.fr\/wp-content\/uploads\/2025\/06\/budget-25.jpg","type":"image\/jpeg"}],"author":"ThibaudUGES38","twitter_card":"summary_large_image","twitter_creator":"@GroupeUGES38","twitter_site":"@GroupeUGES38","twitter_misc":{"\u00c9crit par":"ThibaudUGES38","Dur\u00e9e de lecture estim\u00e9e":"4 minutes"},"schema":{"@context":"https:\/\/schema.org","@graph":[{"@type":"Article","@id":"https:\/\/www.uges-isere.fr\/index.php\/2025\/10\/20\/14-millions-deuros-de-baisse-de-subventions-en-direction-des-associations\/#article","isPartOf":{"@id":"https:\/\/www.uges-isere.fr\/index.php\/2025\/10\/20\/14-millions-deuros-de-baisse-de-subventions-en-direction-des-associations\/"},"author":{"name":"ThibaudUGES38","@id":"https:\/\/www.uges-isere.fr\/#\/schema\/person\/a200926d67119314e8837b6a085de83a"},"headline":"1,4 millions d\u2019euros de baisse de subventions en direction des associations","datePublished":"2025-10-20T09:55:33+00:00","dateModified":"2025-11-18T11:32:43+00:00","mainEntityOfPage":{"@id":"https:\/\/www.uges-isere.fr\/index.php\/2025\/10\/20\/14-millions-deuros-de-baisse-de-subventions-en-direction-des-associations\/"},"wordCount":779,"commentCount":0,"publisher":{"@id":"https:\/\/www.uges-isere.fr\/#organization"},"image":{"@id":"https:\/\/www.uges-isere.fr\/index.php\/2025\/10\/20\/14-millions-deuros-de-baisse-de-subventions-en-direction-des-associations\/#primaryimage"},"thumbnailUrl":"https:\/\/www.uges-isere.fr\/wp-content\/uploads\/2025\/06\/budget-25.jpg","keywords":["associations","budget","justice fiscale","justice sociale"],"articleSection":["S\u00e9ance publique (D\u00e9cision modificative) - Octobre 2025","S\u00e9ances publiques","SP 2025"],"inLanguage":"fr-FR","potentialAction":[{"@type":"CommentAction","name":"Comment","target":["https:\/\/www.uges-isere.fr\/index.php\/2025\/10\/20\/14-millions-deuros-de-baisse-de-subventions-en-direction-des-associations\/#respond"]}]},{"@type":"WebPage","@id":"https:\/\/www.uges-isere.fr\/index.php\/2025\/10\/20\/14-millions-deuros-de-baisse-de-subventions-en-direction-des-associations\/","url":"https:\/\/www.uges-isere.fr\/index.php\/2025\/10\/20\/14-millions-deuros-de-baisse-de-subventions-en-direction-des-associations\/","name":"1,4 millions d\u2019euros de baisse de subventions en direction des associations - D\u00e9partement de l&#039;Is\u00e8re","isPartOf":{"@id":"https:\/\/www.uges-isere.fr\/#website"},"primaryImageOfPage":{"@id":"https:\/\/www.uges-isere.fr\/index.php\/2025\/10\/20\/14-millions-deuros-de-baisse-de-subventions-en-direction-des-associations\/#primaryimage"},"image":{"@id":"https:\/\/www.uges-isere.fr\/index.php\/2025\/10\/20\/14-millions-deuros-de-baisse-de-subventions-en-direction-des-associations\/#primaryimage"},"thumbnailUrl":"https:\/\/www.uges-isere.fr\/wp-content\/uploads\/2025\/06\/budget-25.jpg","datePublished":"2025-10-20T09:55:33+00:00","dateModified":"2025-11-18T11:32:43+00:00","breadcrumb":{"@id":"https:\/\/www.uges-isere.fr\/index.php\/2025\/10\/20\/14-millions-deuros-de-baisse-de-subventions-en-direction-des-associations\/#breadcrumb"},"inLanguage":"fr-FR","potentialAction":[{"@type":"ReadAction","target":["https:\/\/www.uges-isere.fr\/index.php\/2025\/10\/20\/14-millions-deuros-de-baisse-de-subventions-en-direction-des-associations\/"]}]},{"@type":"ImageObject","inLanguage":"fr-FR","@id":"https:\/\/www.uges-isere.fr\/index.php\/2025\/10\/20\/14-millions-deuros-de-baisse-de-subventions-en-direction-des-associations\/#primaryimage","url":"https:\/\/www.uges-isere.fr\/wp-content\/uploads\/2025\/06\/budget-25.jpg","contentUrl":"https:\/\/www.uges-isere.fr\/wp-content\/uploads\/2025\/06\/budget-25.jpg","width":561,"height":367},{"@type":"BreadcrumbList","@id":"https:\/\/www.uges-isere.fr\/index.php\/2025\/10\/20\/14-millions-deuros-de-baisse-de-subventions-en-direction-des-associations\/#breadcrumb","itemListElement":[{"@type":"ListItem","position":1,"name":"Accueil","item":"https:\/\/www.uges-isere.fr\/"},{"@type":"ListItem","position":2,"name":"1,4 millions d\u2019euros de baisse de subventions en direction des associations"}]},{"@type":"WebSite","@id":"https:\/\/www.uges-isere.fr\/#website","url":"https:\/\/www.uges-isere.fr\/","name":"D\u00e9partement de l&#039;Is\u00e8re","description":"Groupe d&#039;opposition UGES","publisher":{"@id":"https:\/\/www.uges-isere.fr\/#organization"},"potentialAction":[{"@type":"SearchAction","target":{"@type":"EntryPoint","urlTemplate":"https:\/\/www.uges-isere.fr\/?s={search_term_string}"},"query-input":{"@type":"PropertyValueSpecification","valueRequired":true,"valueName":"search_term_string"}}],"inLanguage":"fr-FR"},{"@type":"Organization","@id":"https:\/\/www.uges-isere.fr\/#organization","name":"D\u00e9partement de l'Is\u00e8re","url":"https:\/\/www.uges-isere.fr\/","logo":{"@type":"ImageObject","inLanguage":"fr-FR","@id":"https:\/\/www.uges-isere.fr\/#\/schema\/logo\/image\/","url":"https:\/\/www.uges-isere.fr\/wp-content\/uploads\/2021\/10\/logo-ok.png","contentUrl":"https:\/\/www.uges-isere.fr\/wp-content\/uploads\/2021\/10\/logo-ok.png","width":2859,"height":1816,"caption":"D\u00e9partement de l'Is\u00e8re"},"image":{"@id":"https:\/\/www.uges-isere.fr\/#\/schema\/logo\/image\/"},"sameAs":["https:\/\/www.facebook.com\/LePrintemps38","https:\/\/x.com\/GroupeUGES38"]},{"@type":"Person","@id":"https:\/\/www.uges-isere.fr\/#\/schema\/person\/a200926d67119314e8837b6a085de83a","name":"ThibaudUGES38","image":{"@type":"ImageObject","inLanguage":"fr-FR","@id":"https:\/\/secure.gravatar.com\/avatar\/e182ebfe597e409aafe3378f828607b2b757ed94a3489b20112818296e03b151?s=96&d=mm&r=g","url":"https:\/\/secure.gravatar.com\/avatar\/e182ebfe597e409aafe3378f828607b2b757ed94a3489b20112818296e03b151?s=96&d=mm&r=g","contentUrl":"https:\/\/secure.gravatar.com\/avatar\/e182ebfe597e409aafe3378f828607b2b757ed94a3489b20112818296e03b151?s=96&d=mm&r=g","caption":"ThibaudUGES38"},"url":"https:\/\/www.uges-isere.fr\/index.php\/author\/thibauduges38\/"}]}},"_links":{"self":[{"href":"https:\/\/www.uges-isere.fr\/index.php\/wp-json\/wp\/v2\/posts\/684414","targetHints":{"allow":["GET"]}}],"collection":[{"href":"https:\/\/www.uges-isere.fr\/index.php\/wp-json\/wp\/v2\/posts"}],"about":[{"href":"https:\/\/www.uges-isere.fr\/index.php\/wp-json\/wp\/v2\/types\/post"}],"author":[{"embeddable":true,"href":"https:\/\/www.uges-isere.fr\/index.php\/wp-json\/wp\/v2\/users\/8"}],"replies":[{"embeddable":true,"href":"https:\/\/www.uges-isere.fr\/index.php\/wp-json\/wp\/v2\/comments?post=684414"}],"version-history":[{"count":1,"href":"https:\/\/www.uges-isere.fr\/index.php\/wp-json\/wp\/v2\/posts\/684414\/revisions"}],"predecessor-version":[{"id":684415,"href":"https:\/\/www.uges-isere.fr\/index.php\/wp-json\/wp\/v2\/posts\/684414\/revisions\/684415"}],"wp:featuredmedia":[{"embeddable":true,"href":"https:\/\/www.uges-isere.fr\/index.php\/wp-json\/wp\/v2\/media\/684387"}],"wp:attachment":[{"href":"https:\/\/www.uges-isere.fr\/index.php\/wp-json\/wp\/v2\/media?parent=684414"}],"wp:term":[{"taxonomy":"category","embeddable":true,"href":"https:\/\/www.uges-isere.fr\/index.php\/wp-json\/wp\/v2\/categories?post=684414"},{"taxonomy":"post_tag","embeddable":true,"href":"https:\/\/www.uges-isere.fr\/index.php\/wp-json\/wp\/v2\/tags?post=684414"}],"curies":[{"name":"wp","href":"https:\/\/api.w.org\/{rel}","templated":true}]}}