{"id":684403,"date":"2025-07-07T10:50:45","date_gmt":"2025-07-07T08:50:45","guid":{"rendered":"https:\/\/www.uges-isere.fr\/?p=684403"},"modified":"2025-07-07T13:57:27","modified_gmt":"2025-07-07T11:57:27","slug":"voeu-de-soutien-au-planning-familial-de-lisere","status":"publish","type":"post","link":"https:\/\/www.uges-isere.fr\/index.php\/2025\/07\/07\/voeu-de-soutien-au-planning-familial-de-lisere\/","title":{"rendered":"V\u0153u de soutien au Planning familial de l\u2019Is\u00e8re"},"content":{"rendered":"\n<p><strong><em>Face aux difficult\u00e9s budg\u00e9taires rencontr\u00e9es par le Planning familial, le groupe UGES a propos\u00e9 un v\u0153u pour que le D\u00e9partement de l&rsquo;Is\u00e8re r\u00e9affirme son soutien \u00e0 l&rsquo;association et interpelle l&rsquo;Etat sur son d\u00e9sengagement financier. La majorit\u00e9 d\u00e9partementale n&rsquo;a pas souhait\u00e9 vot\u00e9 ce v\u0153u, renvoy\u00e9 en commission. Une position incompr\u00e9hensible. <\/em><\/strong><\/p>\n\n\n\n<h3 class=\"wp-block-heading has-text-align-center\"><strong>V\u0153u de soutien au Planning familial de l&rsquo;Is\u00e8re d\u00e9pos\u00e9 par les conseill\u00e8res et conseillers d\u00e9partementaux du groupe UGES en s\u00e9ance publique du 27 juin 2025<\/strong><\/h3>\n\n\n\n<p>Depuis pr\u00e8s de 65 ans, le Planning familial accueille sans distinction les personnes pour des consultations gyn\u00e9cologiques, des conseils en sant\u00e9 sexuelle, ou des entretiens suite \u00e0 des violences sexuelles et intrafamiliales. C\u2019est d\u2019ailleurs, en Is\u00e8re, et \u00e0 Grenoble, que le Planning familial a ouvert son premier centre le 10 juin 1961.<\/p>\n\n\n\n<p>Le Planning familial de l\u2019Is\u00e8re est gestionnaire de sept centres de sant\u00e9 sexuelle dans le d\u00e9partement. En 2024, ce sont pr\u00e8s de 23 000 personnes re\u00e7ues, 6 200 consultations m\u00e9dicales, 360 Interruptions volontaires de grossesse (IVG) m\u00e9dicamenteuses, pr\u00e8s de 1000 consultations, plus de 8000 entretiens d\u2019\u00e9coute et pr\u00e8s de 2000 animations d\u2019\u00e9ducation \u00e0 l\u2019\u00e9galit\u00e9 et la vie relationnelle.<\/p>\n\n\n\n<p>A travers ses actions, le Planning familial est un acteur important de pr\u00e9vention, d\u2019\u00e9coute, d\u2019information et d\u2019orientation. Le Planning familial est donc un partenaire majeur du D\u00e9partement de l\u2019Is\u00e8re.<\/p>\n\n\n\n<p>Pourtant, l\u2019association rencontre aujourd\u2019hui des difficult\u00e9s financi\u00e8res li\u00e9es aux revalorisations salariales pr\u00e9vues par le S\u00e9gur, ce qui repr\u00e9sente un surco\u00fbt de 200 000 \u20ac par an, pour la seule structure is\u00e9roise. Cette situation pourrait mettre en p\u00e9ril les activit\u00e9s du Planning, et m\u00eame, dans le pire des cas, entra\u00eener la fermeture de plusieurs centres.<\/p>\n\n\n\n<p>Par ailleurs, une r\u00e9duction de l\u2019activit\u00e9 du Planning provoquerait une limitation de l\u2019acc\u00e8s : \u00e0 la contraception, \u00e0 l\u2019IVG, \u00e0 la pr\u00e9vention des Infections Sexuellement Transmissibles (IST), \u00e0 l\u2019\u00e9ducation \u00e0 la sexualit\u00e9, et \u00e0 la prise en charge des personnes victimes de violences sexuelles. Cela contribuerait d\u00e8s lors \u00e0 la remise en cause des droits acquis de haute lutte et constitutionnalis\u00e9s r\u00e9cemment.<\/p>\n\n\n\n<p><strong>Face \u00e0 cette situation, le D\u00e9partement de l\u2019Is\u00e8re r\u00e9affirme son soutien au Planning familial de l\u2019Is\u00e8re, acteur majeur en mati\u00e8re de sant\u00e9 sexuelle en Is\u00e8re, et demande \u00e0 l\u2019Etat de compenser financi\u00e8rement les revalorisations salariales pr\u00e9vues dans le cadre du S\u00e9gur.<\/strong><\/p>\n","protected":false},"excerpt":{"rendered":"<p>Face aux difficult\u00e9s budg\u00e9taires rencontr\u00e9es par le Planning familial, le groupe UGES a propos\u00e9 un v\u0153u pour que &hellip; <\/p>\n","protected":false},"author":8,"featured_media":684406,"comment_status":"open","ping_status":"open","sticky":false,"template":"","format":"standard","meta":{"footnotes":""},"categories":[9,1,359,15],"tags":[375,376,373,374,377,130],"class_list":["post-684403","post","type-post","status-publish","format-standard","has-post-thumbnail","hentry","category-action-sociale","category-non-classe","category-seance-publique-juin-2025","category-seances-publiques","tag-ist","tag-ivg","tag-planning-familial","tag-sante-sexuelle","tag-segur","tag-voeu"],"yoast_head":"<!-- This site is optimized with the Yoast SEO plugin v27.5 - https:\/\/yoast.com\/product\/yoast-seo-wordpress\/ -->\n<title>V\u0153u de soutien au Planning familial de l\u2019Is\u00e8re - D\u00e9partement de l&#039;Is\u00e8re<\/title>\n<meta name=\"robots\" content=\"index, follow, max-snippet:-1, max-image-preview:large, max-video-preview:-1\" \/>\n<link rel=\"canonical\" href=\"https:\/\/www.uges-isere.fr\/index.php\/2025\/07\/07\/voeu-de-soutien-au-planning-familial-de-lisere\/\" \/>\n<meta property=\"og:locale\" content=\"fr_FR\" \/>\n<meta property=\"og:type\" content=\"article\" \/>\n<meta property=\"og:title\" content=\"V\u0153u de soutien au Planning familial de l\u2019Is\u00e8re - D\u00e9partement de l&#039;Is\u00e8re\" \/>\n<meta property=\"og:description\" content=\"Face aux difficult\u00e9s budg\u00e9taires rencontr\u00e9es par le Planning familial, le groupe UGES a propos\u00e9 un v\u0153u pour que &hellip;\" \/>\n<meta property=\"og:url\" content=\"https:\/\/www.uges-isere.fr\/index.php\/2025\/07\/07\/voeu-de-soutien-au-planning-familial-de-lisere\/\" \/>\n<meta property=\"og:site_name\" content=\"D\u00e9partement de l&#039;Is\u00e8re\" \/>\n<meta property=\"article:publisher\" content=\"https:\/\/www.facebook.com\/LePrintemps38\" \/>\n<meta property=\"article:published_time\" content=\"2025-07-07T08:50:45+00:00\" \/>\n<meta property=\"article:modified_time\" content=\"2025-07-07T11:57:27+00:00\" \/>\n<meta property=\"og:image\" content=\"https:\/\/www.uges-isere.fr\/wp-content\/uploads\/2025\/07\/Planning-familial.png\" \/>\n\t<meta property=\"og:image:width\" content=\"1080\" \/>\n\t<meta property=\"og:image:height\" content=\"675\" \/>\n\t<meta property=\"og:image:type\" content=\"image\/png\" \/>\n<meta name=\"author\" content=\"ThibaudUGES38\" \/>\n<meta name=\"twitter:card\" content=\"summary_large_image\" \/>\n<meta name=\"twitter:creator\" content=\"@GroupeUGES38\" \/>\n<meta name=\"twitter:site\" content=\"@GroupeUGES38\" \/>\n<meta name=\"twitter:label1\" content=\"\u00c9crit par\" \/>\n\t<meta name=\"twitter:data1\" content=\"ThibaudUGES38\" \/>\n\t<meta name=\"twitter:label2\" content=\"Dur\u00e9e de lecture estim\u00e9e\" \/>\n\t<meta name=\"twitter:data2\" content=\"3 minutes\" \/>\n<script type=\"application\/ld+json\" class=\"yoast-schema-graph\">{\"@context\":\"https:\\\/\\\/schema.org\",\"@graph\":[{\"@type\":\"Article\",\"@id\":\"https:\\\/\\\/www.uges-isere.fr\\\/index.php\\\/2025\\\/07\\\/07\\\/voeu-de-soutien-au-planning-familial-de-lisere\\\/#article\",\"isPartOf\":{\"@id\":\"https:\\\/\\\/www.uges-isere.fr\\\/index.php\\\/2025\\\/07\\\/07\\\/voeu-de-soutien-au-planning-familial-de-lisere\\\/\"},\"author\":{\"name\":\"ThibaudUGES38\",\"@id\":\"https:\\\/\\\/www.uges-isere.fr\\\/#\\\/schema\\\/person\\\/a200926d67119314e8837b6a085de83a\"},\"headline\":\"V\u0153u de soutien au Planning familial de l\u2019Is\u00e8re\",\"datePublished\":\"2025-07-07T08:50:45+00:00\",\"dateModified\":\"2025-07-07T11:57:27+00:00\",\"mainEntityOfPage\":{\"@id\":\"https:\\\/\\\/www.uges-isere.fr\\\/index.php\\\/2025\\\/07\\\/07\\\/voeu-de-soutien-au-planning-familial-de-lisere\\\/\"},\"wordCount\":427,\"commentCount\":0,\"publisher\":{\"@id\":\"https:\\\/\\\/www.uges-isere.fr\\\/#organization\"},\"image\":{\"@id\":\"https:\\\/\\\/www.uges-isere.fr\\\/index.php\\\/2025\\\/07\\\/07\\\/voeu-de-soutien-au-planning-familial-de-lisere\\\/#primaryimage\"},\"thumbnailUrl\":\"https:\\\/\\\/www.uges-isere.fr\\\/wp-content\\\/uploads\\\/2025\\\/07\\\/Planning-familial.png\",\"keywords\":[\"IST\",\"IVG\",\"planning familial\",\"sant\u00e9 sexuelle\",\"SEGUR\",\"voeu\"],\"articleSection\":{\"0\":\"Action sociale\",\"2\":\"S\u00e9ance publique - Juin 2025\",\"3\":\"S\u00e9ances publiques\"},\"inLanguage\":\"fr-FR\",\"potentialAction\":[{\"@type\":\"CommentAction\",\"name\":\"Comment\",\"target\":[\"https:\\\/\\\/www.uges-isere.fr\\\/index.php\\\/2025\\\/07\\\/07\\\/voeu-de-soutien-au-planning-familial-de-lisere\\\/#respond\"]}]},{\"@type\":\"WebPage\",\"@id\":\"https:\\\/\\\/www.uges-isere.fr\\\/index.php\\\/2025\\\/07\\\/07\\\/voeu-de-soutien-au-planning-familial-de-lisere\\\/\",\"url\":\"https:\\\/\\\/www.uges-isere.fr\\\/index.php\\\/2025\\\/07\\\/07\\\/voeu-de-soutien-au-planning-familial-de-lisere\\\/\",\"name\":\"V\u0153u de soutien au Planning familial de l\u2019Is\u00e8re - D\u00e9partement de l&#039;Is\u00e8re\",\"isPartOf\":{\"@id\":\"https:\\\/\\\/www.uges-isere.fr\\\/#website\"},\"primaryImageOfPage\":{\"@id\":\"https:\\\/\\\/www.uges-isere.fr\\\/index.php\\\/2025\\\/07\\\/07\\\/voeu-de-soutien-au-planning-familial-de-lisere\\\/#primaryimage\"},\"image\":{\"@id\":\"https:\\\/\\\/www.uges-isere.fr\\\/index.php\\\/2025\\\/07\\\/07\\\/voeu-de-soutien-au-planning-familial-de-lisere\\\/#primaryimage\"},\"thumbnailUrl\":\"https:\\\/\\\/www.uges-isere.fr\\\/wp-content\\\/uploads\\\/2025\\\/07\\\/Planning-familial.png\",\"datePublished\":\"2025-07-07T08:50:45+00:00\",\"dateModified\":\"2025-07-07T11:57:27+00:00\",\"breadcrumb\":{\"@id\":\"https:\\\/\\\/www.uges-isere.fr\\\/index.php\\\/2025\\\/07\\\/07\\\/voeu-de-soutien-au-planning-familial-de-lisere\\\/#breadcrumb\"},\"inLanguage\":\"fr-FR\",\"potentialAction\":[{\"@type\":\"ReadAction\",\"target\":[\"https:\\\/\\\/www.uges-isere.fr\\\/index.php\\\/2025\\\/07\\\/07\\\/voeu-de-soutien-au-planning-familial-de-lisere\\\/\"]}]},{\"@type\":\"ImageObject\",\"inLanguage\":\"fr-FR\",\"@id\":\"https:\\\/\\\/www.uges-isere.fr\\\/index.php\\\/2025\\\/07\\\/07\\\/voeu-de-soutien-au-planning-familial-de-lisere\\\/#primaryimage\",\"url\":\"https:\\\/\\\/www.uges-isere.fr\\\/wp-content\\\/uploads\\\/2025\\\/07\\\/Planning-familial.png\",\"contentUrl\":\"https:\\\/\\\/www.uges-isere.fr\\\/wp-content\\\/uploads\\\/2025\\\/07\\\/Planning-familial.png\",\"width\":1080,\"height\":675},{\"@type\":\"BreadcrumbList\",\"@id\":\"https:\\\/\\\/www.uges-isere.fr\\\/index.php\\\/2025\\\/07\\\/07\\\/voeu-de-soutien-au-planning-familial-de-lisere\\\/#breadcrumb\",\"itemListElement\":[{\"@type\":\"ListItem\",\"position\":1,\"name\":\"Accueil\",\"item\":\"https:\\\/\\\/www.uges-isere.fr\\\/\"},{\"@type\":\"ListItem\",\"position\":2,\"name\":\"V\u0153u de soutien au Planning familial de l\u2019Is\u00e8re\"}]},{\"@type\":\"WebSite\",\"@id\":\"https:\\\/\\\/www.uges-isere.fr\\\/#website\",\"url\":\"https:\\\/\\\/www.uges-isere.fr\\\/\",\"name\":\"D\u00e9partement de l&#039;Is\u00e8re\",\"description\":\"Groupe d&#039;opposition UGES\",\"publisher\":{\"@id\":\"https:\\\/\\\/www.uges-isere.fr\\\/#organization\"},\"potentialAction\":[{\"@type\":\"SearchAction\",\"target\":{\"@type\":\"EntryPoint\",\"urlTemplate\":\"https:\\\/\\\/www.uges-isere.fr\\\/?s={search_term_string}\"},\"query-input\":{\"@type\":\"PropertyValueSpecification\",\"valueRequired\":true,\"valueName\":\"search_term_string\"}}],\"inLanguage\":\"fr-FR\"},{\"@type\":\"Organization\",\"@id\":\"https:\\\/\\\/www.uges-isere.fr\\\/#organization\",\"name\":\"D\u00e9partement de l'Is\u00e8re\",\"url\":\"https:\\\/\\\/www.uges-isere.fr\\\/\",\"logo\":{\"@type\":\"ImageObject\",\"inLanguage\":\"fr-FR\",\"@id\":\"https:\\\/\\\/www.uges-isere.fr\\\/#\\\/schema\\\/logo\\\/image\\\/\",\"url\":\"https:\\\/\\\/www.uges-isere.fr\\\/wp-content\\\/uploads\\\/2021\\\/10\\\/logo-ok.png\",\"contentUrl\":\"https:\\\/\\\/www.uges-isere.fr\\\/wp-content\\\/uploads\\\/2021\\\/10\\\/logo-ok.png\",\"width\":2859,\"height\":1816,\"caption\":\"D\u00e9partement de l'Is\u00e8re\"},\"image\":{\"@id\":\"https:\\\/\\\/www.uges-isere.fr\\\/#\\\/schema\\\/logo\\\/image\\\/\"},\"sameAs\":[\"https:\\\/\\\/www.facebook.com\\\/LePrintemps38\",\"https:\\\/\\\/x.com\\\/GroupeUGES38\"]},{\"@type\":\"Person\",\"@id\":\"https:\\\/\\\/www.uges-isere.fr\\\/#\\\/schema\\\/person\\\/a200926d67119314e8837b6a085de83a\",\"name\":\"ThibaudUGES38\",\"image\":{\"@type\":\"ImageObject\",\"inLanguage\":\"fr-FR\",\"@id\":\"https:\\\/\\\/secure.gravatar.com\\\/avatar\\\/e182ebfe597e409aafe3378f828607b2b757ed94a3489b20112818296e03b151?s=96&d=mm&r=g\",\"url\":\"https:\\\/\\\/secure.gravatar.com\\\/avatar\\\/e182ebfe597e409aafe3378f828607b2b757ed94a3489b20112818296e03b151?s=96&d=mm&r=g\",\"contentUrl\":\"https:\\\/\\\/secure.gravatar.com\\\/avatar\\\/e182ebfe597e409aafe3378f828607b2b757ed94a3489b20112818296e03b151?s=96&d=mm&r=g\",\"caption\":\"ThibaudUGES38\"},\"url\":\"https:\\\/\\\/www.uges-isere.fr\\\/index.php\\\/author\\\/thibauduges38\\\/\"}]}<\/script>\n<!-- \/ Yoast SEO plugin. -->","yoast_head_json":{"title":"V\u0153u de soutien au Planning familial de l\u2019Is\u00e8re - D\u00e9partement de l&#039;Is\u00e8re","robots":{"index":"index","follow":"follow","max-snippet":"max-snippet:-1","max-image-preview":"max-image-preview:large","max-video-preview":"max-video-preview:-1"},"canonical":"https:\/\/www.uges-isere.fr\/index.php\/2025\/07\/07\/voeu-de-soutien-au-planning-familial-de-lisere\/","og_locale":"fr_FR","og_type":"article","og_title":"V\u0153u de soutien au Planning familial de l\u2019Is\u00e8re - D\u00e9partement de l&#039;Is\u00e8re","og_description":"Face aux difficult\u00e9s budg\u00e9taires rencontr\u00e9es par le Planning familial, le groupe UGES a propos\u00e9 un v\u0153u pour que &hellip;","og_url":"https:\/\/www.uges-isere.fr\/index.php\/2025\/07\/07\/voeu-de-soutien-au-planning-familial-de-lisere\/","og_site_name":"D\u00e9partement de l&#039;Is\u00e8re","article_publisher":"https:\/\/www.facebook.com\/LePrintemps38","article_published_time":"2025-07-07T08:50:45+00:00","article_modified_time":"2025-07-07T11:57:27+00:00","og_image":[{"width":1080,"height":675,"url":"https:\/\/www.uges-isere.fr\/wp-content\/uploads\/2025\/07\/Planning-familial.png","type":"image\/png"}],"author":"ThibaudUGES38","twitter_card":"summary_large_image","twitter_creator":"@GroupeUGES38","twitter_site":"@GroupeUGES38","twitter_misc":{"\u00c9crit par":"ThibaudUGES38","Dur\u00e9e de lecture estim\u00e9e":"3 minutes"},"schema":{"@context":"https:\/\/schema.org","@graph":[{"@type":"Article","@id":"https:\/\/www.uges-isere.fr\/index.php\/2025\/07\/07\/voeu-de-soutien-au-planning-familial-de-lisere\/#article","isPartOf":{"@id":"https:\/\/www.uges-isere.fr\/index.php\/2025\/07\/07\/voeu-de-soutien-au-planning-familial-de-lisere\/"},"author":{"name":"ThibaudUGES38","@id":"https:\/\/www.uges-isere.fr\/#\/schema\/person\/a200926d67119314e8837b6a085de83a"},"headline":"V\u0153u de soutien au Planning familial de l\u2019Is\u00e8re","datePublished":"2025-07-07T08:50:45+00:00","dateModified":"2025-07-07T11:57:27+00:00","mainEntityOfPage":{"@id":"https:\/\/www.uges-isere.fr\/index.php\/2025\/07\/07\/voeu-de-soutien-au-planning-familial-de-lisere\/"},"wordCount":427,"commentCount":0,"publisher":{"@id":"https:\/\/www.uges-isere.fr\/#organization"},"image":{"@id":"https:\/\/www.uges-isere.fr\/index.php\/2025\/07\/07\/voeu-de-soutien-au-planning-familial-de-lisere\/#primaryimage"},"thumbnailUrl":"https:\/\/www.uges-isere.fr\/wp-content\/uploads\/2025\/07\/Planning-familial.png","keywords":["IST","IVG","planning familial","sant\u00e9 sexuelle","SEGUR","voeu"],"articleSection":{"0":"Action sociale","2":"S\u00e9ance publique - Juin 2025","3":"S\u00e9ances publiques"},"inLanguage":"fr-FR","potentialAction":[{"@type":"CommentAction","name":"Comment","target":["https:\/\/www.uges-isere.fr\/index.php\/2025\/07\/07\/voeu-de-soutien-au-planning-familial-de-lisere\/#respond"]}]},{"@type":"WebPage","@id":"https:\/\/www.uges-isere.fr\/index.php\/2025\/07\/07\/voeu-de-soutien-au-planning-familial-de-lisere\/","url":"https:\/\/www.uges-isere.fr\/index.php\/2025\/07\/07\/voeu-de-soutien-au-planning-familial-de-lisere\/","name":"V\u0153u de soutien au Planning familial de l\u2019Is\u00e8re - D\u00e9partement de l&#039;Is\u00e8re","isPartOf":{"@id":"https:\/\/www.uges-isere.fr\/#website"},"primaryImageOfPage":{"@id":"https:\/\/www.uges-isere.fr\/index.php\/2025\/07\/07\/voeu-de-soutien-au-planning-familial-de-lisere\/#primaryimage"},"image":{"@id":"https:\/\/www.uges-isere.fr\/index.php\/2025\/07\/07\/voeu-de-soutien-au-planning-familial-de-lisere\/#primaryimage"},"thumbnailUrl":"https:\/\/www.uges-isere.fr\/wp-content\/uploads\/2025\/07\/Planning-familial.png","datePublished":"2025-07-07T08:50:45+00:00","dateModified":"2025-07-07T11:57:27+00:00","breadcrumb":{"@id":"https:\/\/www.uges-isere.fr\/index.php\/2025\/07\/07\/voeu-de-soutien-au-planning-familial-de-lisere\/#breadcrumb"},"inLanguage":"fr-FR","potentialAction":[{"@type":"ReadAction","target":["https:\/\/www.uges-isere.fr\/index.php\/2025\/07\/07\/voeu-de-soutien-au-planning-familial-de-lisere\/"]}]},{"@type":"ImageObject","inLanguage":"fr-FR","@id":"https:\/\/www.uges-isere.fr\/index.php\/2025\/07\/07\/voeu-de-soutien-au-planning-familial-de-lisere\/#primaryimage","url":"https:\/\/www.uges-isere.fr\/wp-content\/uploads\/2025\/07\/Planning-familial.png","contentUrl":"https:\/\/www.uges-isere.fr\/wp-content\/uploads\/2025\/07\/Planning-familial.png","width":1080,"height":675},{"@type":"BreadcrumbList","@id":"https:\/\/www.uges-isere.fr\/index.php\/2025\/07\/07\/voeu-de-soutien-au-planning-familial-de-lisere\/#breadcrumb","itemListElement":[{"@type":"ListItem","position":1,"name":"Accueil","item":"https:\/\/www.uges-isere.fr\/"},{"@type":"ListItem","position":2,"name":"V\u0153u de soutien au Planning familial de l\u2019Is\u00e8re"}]},{"@type":"WebSite","@id":"https:\/\/www.uges-isere.fr\/#website","url":"https:\/\/www.uges-isere.fr\/","name":"D\u00e9partement de l&#039;Is\u00e8re","description":"Groupe d&#039;opposition UGES","publisher":{"@id":"https:\/\/www.uges-isere.fr\/#organization"},"potentialAction":[{"@type":"SearchAction","target":{"@type":"EntryPoint","urlTemplate":"https:\/\/www.uges-isere.fr\/?s={search_term_string}"},"query-input":{"@type":"PropertyValueSpecification","valueRequired":true,"valueName":"search_term_string"}}],"inLanguage":"fr-FR"},{"@type":"Organization","@id":"https:\/\/www.uges-isere.fr\/#organization","name":"D\u00e9partement de l'Is\u00e8re","url":"https:\/\/www.uges-isere.fr\/","logo":{"@type":"ImageObject","inLanguage":"fr-FR","@id":"https:\/\/www.uges-isere.fr\/#\/schema\/logo\/image\/","url":"https:\/\/www.uges-isere.fr\/wp-content\/uploads\/2021\/10\/logo-ok.png","contentUrl":"https:\/\/www.uges-isere.fr\/wp-content\/uploads\/2021\/10\/logo-ok.png","width":2859,"height":1816,"caption":"D\u00e9partement de l'Is\u00e8re"},"image":{"@id":"https:\/\/www.uges-isere.fr\/#\/schema\/logo\/image\/"},"sameAs":["https:\/\/www.facebook.com\/LePrintemps38","https:\/\/x.com\/GroupeUGES38"]},{"@type":"Person","@id":"https:\/\/www.uges-isere.fr\/#\/schema\/person\/a200926d67119314e8837b6a085de83a","name":"ThibaudUGES38","image":{"@type":"ImageObject","inLanguage":"fr-FR","@id":"https:\/\/secure.gravatar.com\/avatar\/e182ebfe597e409aafe3378f828607b2b757ed94a3489b20112818296e03b151?s=96&d=mm&r=g","url":"https:\/\/secure.gravatar.com\/avatar\/e182ebfe597e409aafe3378f828607b2b757ed94a3489b20112818296e03b151?s=96&d=mm&r=g","contentUrl":"https:\/\/secure.gravatar.com\/avatar\/e182ebfe597e409aafe3378f828607b2b757ed94a3489b20112818296e03b151?s=96&d=mm&r=g","caption":"ThibaudUGES38"},"url":"https:\/\/www.uges-isere.fr\/index.php\/author\/thibauduges38\/"}]}},"_links":{"self":[{"href":"https:\/\/www.uges-isere.fr\/index.php\/wp-json\/wp\/v2\/posts\/684403","targetHints":{"allow":["GET"]}}],"collection":[{"href":"https:\/\/www.uges-isere.fr\/index.php\/wp-json\/wp\/v2\/posts"}],"about":[{"href":"https:\/\/www.uges-isere.fr\/index.php\/wp-json\/wp\/v2\/types\/post"}],"author":[{"embeddable":true,"href":"https:\/\/www.uges-isere.fr\/index.php\/wp-json\/wp\/v2\/users\/8"}],"replies":[{"embeddable":true,"href":"https:\/\/www.uges-isere.fr\/index.php\/wp-json\/wp\/v2\/comments?post=684403"}],"version-history":[{"count":2,"href":"https:\/\/www.uges-isere.fr\/index.php\/wp-json\/wp\/v2\/posts\/684403\/revisions"}],"predecessor-version":[{"id":684407,"href":"https:\/\/www.uges-isere.fr\/index.php\/wp-json\/wp\/v2\/posts\/684403\/revisions\/684407"}],"wp:featuredmedia":[{"embeddable":true,"href":"https:\/\/www.uges-isere.fr\/index.php\/wp-json\/wp\/v2\/media\/684406"}],"wp:attachment":[{"href":"https:\/\/www.uges-isere.fr\/index.php\/wp-json\/wp\/v2\/media?parent=684403"}],"wp:term":[{"taxonomy":"category","embeddable":true,"href":"https:\/\/www.uges-isere.fr\/index.php\/wp-json\/wp\/v2\/categories?post=684403"},{"taxonomy":"post_tag","embeddable":true,"href":"https:\/\/www.uges-isere.fr\/index.php\/wp-json\/wp\/v2\/tags?post=684403"}],"curies":[{"name":"wp","href":"https:\/\/api.w.org\/{rel}","templated":true}]}}