{"id":684396,"date":"2025-07-03T10:01:14","date_gmt":"2025-07-03T08:01:14","guid":{"rendered":"https:\/\/www.uges-isere.fr\/?p=684396"},"modified":"2025-07-07T10:13:33","modified_gmt":"2025-07-07T08:13:33","slug":"alerte-sur-les-financements-de-la-competence-gemapi","status":"publish","type":"post","link":"https:\/\/www.uges-isere.fr\/index.php\/2025\/07\/03\/alerte-sur-les-financements-de-la-competence-gemapi\/","title":{"rendered":"Alerte sur les financements de la comp\u00e9tence GEMAPI"},"content":{"rendered":"\n<p><strong><em>La comp\u00e9tence \u00ab\u00a0Gestion des milieux aquatiques et pr\u00e9vention des inondations\u00a0\u00bb, plus souvent dite \u00ab\u00a0Comp\u00e9tence GEMAPI\u00a0\u00bb est une comp\u00e9tence confi\u00e9e aux intercommunalit\u00e9s depuis 2015 avec deux missions principales : la gestion des milieux aquatiques\u00a0et la pr\u00e9vention des inondations. Daniel Bessiron est intervenu en s\u00e9ance publique le 27 juin 2025 pour tirer la sonnette d&rsquo;alarme sur le financement de cette comp\u00e9tence alors m\u00eame que le d\u00e9r\u00e8glement climatique appelle \u00e0 un renforcement de la s\u00e9curit\u00e9 des biens et des personnes. <\/em><\/strong><\/p>\n\n\n\n<ol class=\"wp-block-list\"><\/ol>\n\n\n\n<p>Depuis 2017, le D\u00e9partement de l\u2019Is\u00e8re accompagne de mani\u00e8re volontariste les EPCI et syndicats dans leur prise de comp\u00e9tence (obligatoire) de la Gestion des milieux aquatiques et pr\u00e9ventions des inondations (Gemapi) en garantissant une ing\u00e9nierie suffisante et une surface financi\u00e8re garantie aux syndicats pour r\u00e9aliser les travaux n\u00e9cessaires.<\/p>\n\n\n\n<p>Dans ce sens, le D\u00e9partement a souhait\u00e9 encourager le rapprochement entre structures &#8211; EPCI ou syndicats &#8211; \u0153uvrant \u00e0 une int\u00e9gration de leur comp\u00e9tence Gemapi dans de grands syndicats. Une aide bonifi\u00e9e de 30 000 \u20ac par an et par structure fusionn\u00e9e pour le fonctionnement de ces syndicats a \u00e9t\u00e9 ainsi mise en place, financ\u00e9e sur la taxe d\u2019am\u00e9nagement (TA).<strong> La bonne structuration des syndicats permet aujourd\u2019hui d\u2019ajuster la participation volontariste du D\u00e9partement au fonctionnement de ces structures.<\/strong>\u00a0<\/p>\n\n\n\n<p>Si ces syndicats g\u00e9mapiens sont bien structur\u00e9s, ils doivent aujourd\u2019hui <strong>faire face \u00e0 des d\u00e9fis majeurs dans un contexte marqu\u00e9 par le d\u00e9r\u00e8glement climatique<\/strong>. L\u2019encha\u00eenement d\u2019\u00e9v\u00e8nements violents est malheureusement devenu la norme. En particulier sur un territoire comme l\u2019Is\u00e8re et ses zones de montagne\u00a0: les inondations touchant l\u2019Oisans (V\u00e9n\u00e9on) ou la Chartreuse (Saint-Hilaire-du-Touvet) nous le rappellent trop souvent.\u00a0<\/p>\n\n\n\n<p>Ainsi,<strong> nous formulons le v\u0153u que le D\u00e9partement continue d\u2019accompagner fortement, comme il le fait depuis 8 ans, les programmes d\u2019investissements port\u00e9s par les EPCI et les syndicats Gemapiens<\/strong>. C\u2019est essentiel.<\/p>\n\n\n\n<p>C\u2019est essentiel, d\u2019autant que l\u2019Etat n\u2019est pas au rendez-vous. Les cons\u00e9quences du transfert aux intercommunalit\u00e9s, effectu\u00e9 sans pr\u00e9voir de financement \u00e0 la hauteur des besoins, ni \u00e9valuation suffisante,<strong> met en danger les finances locales \u2026 et surtout la s\u00e9curit\u00e9 des personnes et des biens.<\/strong> Il devient ainsi urgent de<strong> repenser le financement de cette comp\u00e9tence<\/strong>, face aux enjeux pressants cit\u00e9s plus hauts auquel on peut ajouter la <strong>pollution de l\u2019eau<\/strong>. Dans le contexte budg\u00e9taire qu\u2019on conna\u00eet et face \u00e0 l\u2019accroissement des besoins en mati\u00e8re de pr\u00e9vention des risques majeurs,<strong> la Gemapi dans sa forme actuelle ne permettra pas d\u2019atteindre les objectifs.<\/strong><\/p>\n\n\n\n<p>Enfin, il est dommageable qu\u2019\u00e0 l\u2019\u00e9chelle nationale la comp\u00e9tence Gemapi ne fasse pas l\u2019objet d\u2019une \u00e9quit\u00e9 de traitement au niveau des territoires. Le risque pour les contribuables is\u00e9rois est de voir, \u00e0 termes, l\u2019\u00e9volution d\u2019une <strong>nouvelle imposition fiscale \u00e0 g\u00e9om\u00e9trie variable pour compenser l\u2019absence total de l\u2019Etat<\/strong>. Pour les Is\u00e9roises et Is\u00e8re, il nous para\u00eet essentiel de l&rsquo;affirmer publiquement.<\/p>\n","protected":false},"excerpt":{"rendered":"<p>La comp\u00e9tence \u00ab\u00a0Gestion des milieux aquatiques et pr\u00e9vention des inondations\u00a0\u00bb, plus souvent dite \u00ab\u00a0Comp\u00e9tence GEMAPI\u00a0\u00bb est une comp\u00e9tence &hellip; <\/p>\n","protected":false},"author":8,"featured_media":684397,"comment_status":"open","ping_status":"open","sticky":false,"template":"","format":"standard","meta":{"footnotes":""},"categories":[12,359,15],"tags":[232,366,364,365,238],"class_list":["post-684396","post","type-post","status-publish","format-standard","has-post-thumbnail","hentry","category-environnement-et-transition-ecologique","category-seance-publique-juin-2025","category-seances-publiques","tag-eau","tag-epci","tag-gemapi","tag-inondations","tag-securite"],"yoast_head":"<!-- This site is optimized with the Yoast SEO plugin v27.5 - https:\/\/yoast.com\/product\/yoast-seo-wordpress\/ -->\n<title>Alerte sur les financements de la comp\u00e9tence GEMAPI - D\u00e9partement de l&#039;Is\u00e8re<\/title>\n<meta name=\"robots\" content=\"index, follow, max-snippet:-1, max-image-preview:large, max-video-preview:-1\" \/>\n<link rel=\"canonical\" href=\"https:\/\/www.uges-isere.fr\/index.php\/2025\/07\/03\/alerte-sur-les-financements-de-la-competence-gemapi\/\" \/>\n<meta property=\"og:locale\" content=\"fr_FR\" \/>\n<meta property=\"og:type\" content=\"article\" \/>\n<meta property=\"og:title\" content=\"Alerte sur les financements de la comp\u00e9tence GEMAPI - D\u00e9partement de l&#039;Is\u00e8re\" \/>\n<meta property=\"og:description\" content=\"La comp\u00e9tence \u00ab\u00a0Gestion des milieux aquatiques et pr\u00e9vention des inondations\u00a0\u00bb, plus souvent dite \u00ab\u00a0Comp\u00e9tence GEMAPI\u00a0\u00bb est une comp\u00e9tence &hellip;\" \/>\n<meta property=\"og:url\" content=\"https:\/\/www.uges-isere.fr\/index.php\/2025\/07\/03\/alerte-sur-les-financements-de-la-competence-gemapi\/\" \/>\n<meta property=\"og:site_name\" content=\"D\u00e9partement de l&#039;Is\u00e8re\" \/>\n<meta property=\"article:publisher\" content=\"https:\/\/www.facebook.com\/LePrintemps38\" \/>\n<meta property=\"article:published_time\" content=\"2025-07-03T08:01:14+00:00\" \/>\n<meta property=\"article:modified_time\" content=\"2025-07-07T08:13:33+00:00\" \/>\n<meta property=\"og:image\" content=\"https:\/\/www.uges-isere.fr\/wp-content\/uploads\/2025\/07\/flood-123222_1280.jpg\" \/>\n\t<meta property=\"og:image:width\" content=\"1280\" \/>\n\t<meta property=\"og:image:height\" content=\"960\" \/>\n\t<meta property=\"og:image:type\" content=\"image\/jpeg\" \/>\n<meta name=\"author\" content=\"ThibaudUGES38\" \/>\n<meta name=\"twitter:card\" content=\"summary_large_image\" \/>\n<meta name=\"twitter:creator\" content=\"@GroupeUGES38\" \/>\n<meta name=\"twitter:site\" content=\"@GroupeUGES38\" \/>\n<meta name=\"twitter:label1\" content=\"\u00c9crit par\" \/>\n\t<meta name=\"twitter:data1\" content=\"ThibaudUGES38\" \/>\n\t<meta name=\"twitter:label2\" content=\"Dur\u00e9e de lecture estim\u00e9e\" \/>\n\t<meta name=\"twitter:data2\" content=\"3 minutes\" \/>\n<script type=\"application\/ld+json\" class=\"yoast-schema-graph\">{\"@context\":\"https:\\\/\\\/schema.org\",\"@graph\":[{\"@type\":\"Article\",\"@id\":\"https:\\\/\\\/www.uges-isere.fr\\\/index.php\\\/2025\\\/07\\\/03\\\/alerte-sur-les-financements-de-la-competence-gemapi\\\/#article\",\"isPartOf\":{\"@id\":\"https:\\\/\\\/www.uges-isere.fr\\\/index.php\\\/2025\\\/07\\\/03\\\/alerte-sur-les-financements-de-la-competence-gemapi\\\/\"},\"author\":{\"name\":\"ThibaudUGES38\",\"@id\":\"https:\\\/\\\/www.uges-isere.fr\\\/#\\\/schema\\\/person\\\/a200926d67119314e8837b6a085de83a\"},\"headline\":\"Alerte sur les financements de la comp\u00e9tence GEMAPI\",\"datePublished\":\"2025-07-03T08:01:14+00:00\",\"dateModified\":\"2025-07-07T08:13:33+00:00\",\"mainEntityOfPage\":{\"@id\":\"https:\\\/\\\/www.uges-isere.fr\\\/index.php\\\/2025\\\/07\\\/03\\\/alerte-sur-les-financements-de-la-competence-gemapi\\\/\"},\"wordCount\":532,\"commentCount\":0,\"publisher\":{\"@id\":\"https:\\\/\\\/www.uges-isere.fr\\\/#organization\"},\"image\":{\"@id\":\"https:\\\/\\\/www.uges-isere.fr\\\/index.php\\\/2025\\\/07\\\/03\\\/alerte-sur-les-financements-de-la-competence-gemapi\\\/#primaryimage\"},\"thumbnailUrl\":\"https:\\\/\\\/www.uges-isere.fr\\\/wp-content\\\/uploads\\\/2025\\\/07\\\/flood-123222_1280.jpg\",\"keywords\":[\"Eau\",\"EPCI\",\"GEMAPI\",\"Inondations\",\"s\u00e9curit\u00e9\"],\"articleSection\":[\"Environnement et transition \u00e9cologique\",\"S\u00e9ance publique - Juin 2025\",\"S\u00e9ances publiques\"],\"inLanguage\":\"fr-FR\",\"potentialAction\":[{\"@type\":\"CommentAction\",\"name\":\"Comment\",\"target\":[\"https:\\\/\\\/www.uges-isere.fr\\\/index.php\\\/2025\\\/07\\\/03\\\/alerte-sur-les-financements-de-la-competence-gemapi\\\/#respond\"]}]},{\"@type\":\"WebPage\",\"@id\":\"https:\\\/\\\/www.uges-isere.fr\\\/index.php\\\/2025\\\/07\\\/03\\\/alerte-sur-les-financements-de-la-competence-gemapi\\\/\",\"url\":\"https:\\\/\\\/www.uges-isere.fr\\\/index.php\\\/2025\\\/07\\\/03\\\/alerte-sur-les-financements-de-la-competence-gemapi\\\/\",\"name\":\"Alerte sur les financements de la comp\u00e9tence GEMAPI - D\u00e9partement de l&#039;Is\u00e8re\",\"isPartOf\":{\"@id\":\"https:\\\/\\\/www.uges-isere.fr\\\/#website\"},\"primaryImageOfPage\":{\"@id\":\"https:\\\/\\\/www.uges-isere.fr\\\/index.php\\\/2025\\\/07\\\/03\\\/alerte-sur-les-financements-de-la-competence-gemapi\\\/#primaryimage\"},\"image\":{\"@id\":\"https:\\\/\\\/www.uges-isere.fr\\\/index.php\\\/2025\\\/07\\\/03\\\/alerte-sur-les-financements-de-la-competence-gemapi\\\/#primaryimage\"},\"thumbnailUrl\":\"https:\\\/\\\/www.uges-isere.fr\\\/wp-content\\\/uploads\\\/2025\\\/07\\\/flood-123222_1280.jpg\",\"datePublished\":\"2025-07-03T08:01:14+00:00\",\"dateModified\":\"2025-07-07T08:13:33+00:00\",\"breadcrumb\":{\"@id\":\"https:\\\/\\\/www.uges-isere.fr\\\/index.php\\\/2025\\\/07\\\/03\\\/alerte-sur-les-financements-de-la-competence-gemapi\\\/#breadcrumb\"},\"inLanguage\":\"fr-FR\",\"potentialAction\":[{\"@type\":\"ReadAction\",\"target\":[\"https:\\\/\\\/www.uges-isere.fr\\\/index.php\\\/2025\\\/07\\\/03\\\/alerte-sur-les-financements-de-la-competence-gemapi\\\/\"]}]},{\"@type\":\"ImageObject\",\"inLanguage\":\"fr-FR\",\"@id\":\"https:\\\/\\\/www.uges-isere.fr\\\/index.php\\\/2025\\\/07\\\/03\\\/alerte-sur-les-financements-de-la-competence-gemapi\\\/#primaryimage\",\"url\":\"https:\\\/\\\/www.uges-isere.fr\\\/wp-content\\\/uploads\\\/2025\\\/07\\\/flood-123222_1280.jpg\",\"contentUrl\":\"https:\\\/\\\/www.uges-isere.fr\\\/wp-content\\\/uploads\\\/2025\\\/07\\\/flood-123222_1280.jpg\",\"width\":1280,\"height\":960},{\"@type\":\"BreadcrumbList\",\"@id\":\"https:\\\/\\\/www.uges-isere.fr\\\/index.php\\\/2025\\\/07\\\/03\\\/alerte-sur-les-financements-de-la-competence-gemapi\\\/#breadcrumb\",\"itemListElement\":[{\"@type\":\"ListItem\",\"position\":1,\"name\":\"Accueil\",\"item\":\"https:\\\/\\\/www.uges-isere.fr\\\/\"},{\"@type\":\"ListItem\",\"position\":2,\"name\":\"Alerte sur les financements de la comp\u00e9tence GEMAPI\"}]},{\"@type\":\"WebSite\",\"@id\":\"https:\\\/\\\/www.uges-isere.fr\\\/#website\",\"url\":\"https:\\\/\\\/www.uges-isere.fr\\\/\",\"name\":\"D\u00e9partement de l&#039;Is\u00e8re\",\"description\":\"Groupe d&#039;opposition UGES\",\"publisher\":{\"@id\":\"https:\\\/\\\/www.uges-isere.fr\\\/#organization\"},\"potentialAction\":[{\"@type\":\"SearchAction\",\"target\":{\"@type\":\"EntryPoint\",\"urlTemplate\":\"https:\\\/\\\/www.uges-isere.fr\\\/?s={search_term_string}\"},\"query-input\":{\"@type\":\"PropertyValueSpecification\",\"valueRequired\":true,\"valueName\":\"search_term_string\"}}],\"inLanguage\":\"fr-FR\"},{\"@type\":\"Organization\",\"@id\":\"https:\\\/\\\/www.uges-isere.fr\\\/#organization\",\"name\":\"D\u00e9partement de l'Is\u00e8re\",\"url\":\"https:\\\/\\\/www.uges-isere.fr\\\/\",\"logo\":{\"@type\":\"ImageObject\",\"inLanguage\":\"fr-FR\",\"@id\":\"https:\\\/\\\/www.uges-isere.fr\\\/#\\\/schema\\\/logo\\\/image\\\/\",\"url\":\"https:\\\/\\\/www.uges-isere.fr\\\/wp-content\\\/uploads\\\/2021\\\/10\\\/logo-ok.png\",\"contentUrl\":\"https:\\\/\\\/www.uges-isere.fr\\\/wp-content\\\/uploads\\\/2021\\\/10\\\/logo-ok.png\",\"width\":2859,\"height\":1816,\"caption\":\"D\u00e9partement de l'Is\u00e8re\"},\"image\":{\"@id\":\"https:\\\/\\\/www.uges-isere.fr\\\/#\\\/schema\\\/logo\\\/image\\\/\"},\"sameAs\":[\"https:\\\/\\\/www.facebook.com\\\/LePrintemps38\",\"https:\\\/\\\/x.com\\\/GroupeUGES38\"]},{\"@type\":\"Person\",\"@id\":\"https:\\\/\\\/www.uges-isere.fr\\\/#\\\/schema\\\/person\\\/a200926d67119314e8837b6a085de83a\",\"name\":\"ThibaudUGES38\",\"image\":{\"@type\":\"ImageObject\",\"inLanguage\":\"fr-FR\",\"@id\":\"https:\\\/\\\/secure.gravatar.com\\\/avatar\\\/e182ebfe597e409aafe3378f828607b2b757ed94a3489b20112818296e03b151?s=96&d=mm&r=g\",\"url\":\"https:\\\/\\\/secure.gravatar.com\\\/avatar\\\/e182ebfe597e409aafe3378f828607b2b757ed94a3489b20112818296e03b151?s=96&d=mm&r=g\",\"contentUrl\":\"https:\\\/\\\/secure.gravatar.com\\\/avatar\\\/e182ebfe597e409aafe3378f828607b2b757ed94a3489b20112818296e03b151?s=96&d=mm&r=g\",\"caption\":\"ThibaudUGES38\"},\"url\":\"https:\\\/\\\/www.uges-isere.fr\\\/index.php\\\/author\\\/thibauduges38\\\/\"}]}<\/script>\n<!-- \/ Yoast SEO plugin. -->","yoast_head_json":{"title":"Alerte sur les financements de la comp\u00e9tence GEMAPI - D\u00e9partement de l&#039;Is\u00e8re","robots":{"index":"index","follow":"follow","max-snippet":"max-snippet:-1","max-image-preview":"max-image-preview:large","max-video-preview":"max-video-preview:-1"},"canonical":"https:\/\/www.uges-isere.fr\/index.php\/2025\/07\/03\/alerte-sur-les-financements-de-la-competence-gemapi\/","og_locale":"fr_FR","og_type":"article","og_title":"Alerte sur les financements de la comp\u00e9tence GEMAPI - D\u00e9partement de l&#039;Is\u00e8re","og_description":"La comp\u00e9tence \u00ab\u00a0Gestion des milieux aquatiques et pr\u00e9vention des inondations\u00a0\u00bb, plus souvent dite \u00ab\u00a0Comp\u00e9tence GEMAPI\u00a0\u00bb est une comp\u00e9tence &hellip;","og_url":"https:\/\/www.uges-isere.fr\/index.php\/2025\/07\/03\/alerte-sur-les-financements-de-la-competence-gemapi\/","og_site_name":"D\u00e9partement de l&#039;Is\u00e8re","article_publisher":"https:\/\/www.facebook.com\/LePrintemps38","article_published_time":"2025-07-03T08:01:14+00:00","article_modified_time":"2025-07-07T08:13:33+00:00","og_image":[{"width":1280,"height":960,"url":"https:\/\/www.uges-isere.fr\/wp-content\/uploads\/2025\/07\/flood-123222_1280.jpg","type":"image\/jpeg"}],"author":"ThibaudUGES38","twitter_card":"summary_large_image","twitter_creator":"@GroupeUGES38","twitter_site":"@GroupeUGES38","twitter_misc":{"\u00c9crit par":"ThibaudUGES38","Dur\u00e9e de lecture estim\u00e9e":"3 minutes"},"schema":{"@context":"https:\/\/schema.org","@graph":[{"@type":"Article","@id":"https:\/\/www.uges-isere.fr\/index.php\/2025\/07\/03\/alerte-sur-les-financements-de-la-competence-gemapi\/#article","isPartOf":{"@id":"https:\/\/www.uges-isere.fr\/index.php\/2025\/07\/03\/alerte-sur-les-financements-de-la-competence-gemapi\/"},"author":{"name":"ThibaudUGES38","@id":"https:\/\/www.uges-isere.fr\/#\/schema\/person\/a200926d67119314e8837b6a085de83a"},"headline":"Alerte sur les financements de la comp\u00e9tence GEMAPI","datePublished":"2025-07-03T08:01:14+00:00","dateModified":"2025-07-07T08:13:33+00:00","mainEntityOfPage":{"@id":"https:\/\/www.uges-isere.fr\/index.php\/2025\/07\/03\/alerte-sur-les-financements-de-la-competence-gemapi\/"},"wordCount":532,"commentCount":0,"publisher":{"@id":"https:\/\/www.uges-isere.fr\/#organization"},"image":{"@id":"https:\/\/www.uges-isere.fr\/index.php\/2025\/07\/03\/alerte-sur-les-financements-de-la-competence-gemapi\/#primaryimage"},"thumbnailUrl":"https:\/\/www.uges-isere.fr\/wp-content\/uploads\/2025\/07\/flood-123222_1280.jpg","keywords":["Eau","EPCI","GEMAPI","Inondations","s\u00e9curit\u00e9"],"articleSection":["Environnement et transition \u00e9cologique","S\u00e9ance publique - Juin 2025","S\u00e9ances publiques"],"inLanguage":"fr-FR","potentialAction":[{"@type":"CommentAction","name":"Comment","target":["https:\/\/www.uges-isere.fr\/index.php\/2025\/07\/03\/alerte-sur-les-financements-de-la-competence-gemapi\/#respond"]}]},{"@type":"WebPage","@id":"https:\/\/www.uges-isere.fr\/index.php\/2025\/07\/03\/alerte-sur-les-financements-de-la-competence-gemapi\/","url":"https:\/\/www.uges-isere.fr\/index.php\/2025\/07\/03\/alerte-sur-les-financements-de-la-competence-gemapi\/","name":"Alerte sur les financements de la comp\u00e9tence GEMAPI - D\u00e9partement de l&#039;Is\u00e8re","isPartOf":{"@id":"https:\/\/www.uges-isere.fr\/#website"},"primaryImageOfPage":{"@id":"https:\/\/www.uges-isere.fr\/index.php\/2025\/07\/03\/alerte-sur-les-financements-de-la-competence-gemapi\/#primaryimage"},"image":{"@id":"https:\/\/www.uges-isere.fr\/index.php\/2025\/07\/03\/alerte-sur-les-financements-de-la-competence-gemapi\/#primaryimage"},"thumbnailUrl":"https:\/\/www.uges-isere.fr\/wp-content\/uploads\/2025\/07\/flood-123222_1280.jpg","datePublished":"2025-07-03T08:01:14+00:00","dateModified":"2025-07-07T08:13:33+00:00","breadcrumb":{"@id":"https:\/\/www.uges-isere.fr\/index.php\/2025\/07\/03\/alerte-sur-les-financements-de-la-competence-gemapi\/#breadcrumb"},"inLanguage":"fr-FR","potentialAction":[{"@type":"ReadAction","target":["https:\/\/www.uges-isere.fr\/index.php\/2025\/07\/03\/alerte-sur-les-financements-de-la-competence-gemapi\/"]}]},{"@type":"ImageObject","inLanguage":"fr-FR","@id":"https:\/\/www.uges-isere.fr\/index.php\/2025\/07\/03\/alerte-sur-les-financements-de-la-competence-gemapi\/#primaryimage","url":"https:\/\/www.uges-isere.fr\/wp-content\/uploads\/2025\/07\/flood-123222_1280.jpg","contentUrl":"https:\/\/www.uges-isere.fr\/wp-content\/uploads\/2025\/07\/flood-123222_1280.jpg","width":1280,"height":960},{"@type":"BreadcrumbList","@id":"https:\/\/www.uges-isere.fr\/index.php\/2025\/07\/03\/alerte-sur-les-financements-de-la-competence-gemapi\/#breadcrumb","itemListElement":[{"@type":"ListItem","position":1,"name":"Accueil","item":"https:\/\/www.uges-isere.fr\/"},{"@type":"ListItem","position":2,"name":"Alerte sur les financements de la comp\u00e9tence GEMAPI"}]},{"@type":"WebSite","@id":"https:\/\/www.uges-isere.fr\/#website","url":"https:\/\/www.uges-isere.fr\/","name":"D\u00e9partement de l&#039;Is\u00e8re","description":"Groupe d&#039;opposition UGES","publisher":{"@id":"https:\/\/www.uges-isere.fr\/#organization"},"potentialAction":[{"@type":"SearchAction","target":{"@type":"EntryPoint","urlTemplate":"https:\/\/www.uges-isere.fr\/?s={search_term_string}"},"query-input":{"@type":"PropertyValueSpecification","valueRequired":true,"valueName":"search_term_string"}}],"inLanguage":"fr-FR"},{"@type":"Organization","@id":"https:\/\/www.uges-isere.fr\/#organization","name":"D\u00e9partement de l'Is\u00e8re","url":"https:\/\/www.uges-isere.fr\/","logo":{"@type":"ImageObject","inLanguage":"fr-FR","@id":"https:\/\/www.uges-isere.fr\/#\/schema\/logo\/image\/","url":"https:\/\/www.uges-isere.fr\/wp-content\/uploads\/2021\/10\/logo-ok.png","contentUrl":"https:\/\/www.uges-isere.fr\/wp-content\/uploads\/2021\/10\/logo-ok.png","width":2859,"height":1816,"caption":"D\u00e9partement de l'Is\u00e8re"},"image":{"@id":"https:\/\/www.uges-isere.fr\/#\/schema\/logo\/image\/"},"sameAs":["https:\/\/www.facebook.com\/LePrintemps38","https:\/\/x.com\/GroupeUGES38"]},{"@type":"Person","@id":"https:\/\/www.uges-isere.fr\/#\/schema\/person\/a200926d67119314e8837b6a085de83a","name":"ThibaudUGES38","image":{"@type":"ImageObject","inLanguage":"fr-FR","@id":"https:\/\/secure.gravatar.com\/avatar\/e182ebfe597e409aafe3378f828607b2b757ed94a3489b20112818296e03b151?s=96&d=mm&r=g","url":"https:\/\/secure.gravatar.com\/avatar\/e182ebfe597e409aafe3378f828607b2b757ed94a3489b20112818296e03b151?s=96&d=mm&r=g","contentUrl":"https:\/\/secure.gravatar.com\/avatar\/e182ebfe597e409aafe3378f828607b2b757ed94a3489b20112818296e03b151?s=96&d=mm&r=g","caption":"ThibaudUGES38"},"url":"https:\/\/www.uges-isere.fr\/index.php\/author\/thibauduges38\/"}]}},"_links":{"self":[{"href":"https:\/\/www.uges-isere.fr\/index.php\/wp-json\/wp\/v2\/posts\/684396","targetHints":{"allow":["GET"]}}],"collection":[{"href":"https:\/\/www.uges-isere.fr\/index.php\/wp-json\/wp\/v2\/posts"}],"about":[{"href":"https:\/\/www.uges-isere.fr\/index.php\/wp-json\/wp\/v2\/types\/post"}],"author":[{"embeddable":true,"href":"https:\/\/www.uges-isere.fr\/index.php\/wp-json\/wp\/v2\/users\/8"}],"replies":[{"embeddable":true,"href":"https:\/\/www.uges-isere.fr\/index.php\/wp-json\/wp\/v2\/comments?post=684396"}],"version-history":[{"count":1,"href":"https:\/\/www.uges-isere.fr\/index.php\/wp-json\/wp\/v2\/posts\/684396\/revisions"}],"predecessor-version":[{"id":684398,"href":"https:\/\/www.uges-isere.fr\/index.php\/wp-json\/wp\/v2\/posts\/684396\/revisions\/684398"}],"wp:featuredmedia":[{"embeddable":true,"href":"https:\/\/www.uges-isere.fr\/index.php\/wp-json\/wp\/v2\/media\/684397"}],"wp:attachment":[{"href":"https:\/\/www.uges-isere.fr\/index.php\/wp-json\/wp\/v2\/media?parent=684396"}],"wp:term":[{"taxonomy":"category","embeddable":true,"href":"https:\/\/www.uges-isere.fr\/index.php\/wp-json\/wp\/v2\/categories?post=684396"},{"taxonomy":"post_tag","embeddable":true,"href":"https:\/\/www.uges-isere.fr\/index.php\/wp-json\/wp\/v2\/tags?post=684396"}],"curies":[{"name":"wp","href":"https:\/\/api.w.org\/{rel}","templated":true}]}}