{"id":684347,"date":"2025-03-29T11:24:33","date_gmt":"2025-03-29T10:24:33","guid":{"rendered":"https:\/\/www.uges-isere.fr\/?p=684347"},"modified":"2025-06-02T11:51:22","modified_gmt":"2025-06-02T09:51:22","slug":"retour-sur-les-commission-permanentes-de-janvier-a-mars-2025","status":"publish","type":"post","link":"https:\/\/www.uges-isere.fr\/index.php\/2025\/03\/29\/retour-sur-les-commission-permanentes-de-janvier-a-mars-2025\/","title":{"rendered":"Retour sur les commissions permanentes de janvier \u00e0 mars 2025"},"content":{"rendered":"\n<p>Au regard de la situation politique nationale et du vote retard\u00e9 du budget de l&rsquo;Etat, le D\u00e9partement de l&rsquo;Is\u00e8re n&rsquo;a vot\u00e9 son budget 2025 que fin mars. Par cons\u00e9quent, les commissions permanentes des mois de janvier-f\u00e9vrier-mars ont pr\u00e9sent\u00e9 un nombre de rapport plus r\u00e9duit qu&rsquo;\u00e0 l&rsquo;accoutum\u00e9. <\/p>\n\n\n\n<p>L<strong>es conseill\u00e8res et conseillers d\u00e9partementaux ont toutefois d\u00e9lib\u00e9r\u00e9 sur un certain nombre de d\u00e9lib\u00e9rations lors de ces trois commissions permanentes. Parmi les rapports soumis au vote, le groupe UGES s\u2019est notamment positionn\u00e9<\/strong>\u00a0:\u00a0<\/p>\n\n\n\n<p><img loading=\"lazy\" decoding=\"async\" width=\"19\" height=\"19\" src=\"https:\/\/lh7-rt.googleusercontent.com\/docsz\/AD_4nXcQiqDOgs1_ACETR7WjmgPjPYE2zGHMbfbS40JMwZp9tCqPfREeBrDrDVFjKgFa-h3CL3MRxJKJwMCJ_WSSnK7h8hvlr6p1oxg3R_02qS0W-k-Y5WJfRiIJtI9pdnENTHgFdzE4q2gFf7-8BMaE571pFKw0?key=w65-8JkHq4xO8Onma5je5g\" alt=\"\ud83d\udfe2\">\u00a0pour le soutien de 50 000 euros au D\u00e9partement de Mayotte, qui fait suite \u00e0 <a href=\"https:\/\/www.uges-isere.fr\/index.php\/2024\/12\/17\/communique-de-presse-cyclone-chido-le-groupe-uges-appelle-a-la-solidarite-avec-mayotte\/\">notre demande exprim\u00e9e d\u00e8s le 17 d\u00e9cembre suite au cyclone Chido<\/a><\/p>\n\n\n\n<p><img loading=\"lazy\" decoding=\"async\" width=\"19\" height=\"19\" src=\"https:\/\/lh7-rt.googleusercontent.com\/docsz\/AD_4nXdGMdueEOBNxjFArxFHhjskJ3Jjk1WgcmsfAmDAEj_AJbMn-ioAEkPdQFt6JiD36Dg3pPGPzp9CkpkSPe8QyQxApufhHzbiB4K6qB58nnuBKcQWk8niyPVdJ7sEKSOh7GNCYIcM1NsDGms1dzFrkrjVJWXg?key=w65-8JkHq4xO8Onma5je5g\" alt=\"\ud83d\udfe0\">\u00a0abstention pour exprim\u00e9 une nouvelle fois notre vigilance sur le financement accord\u00e9 au service d\u2019aide \u00e0 domicile qui a pris la suite de l\u2019ADPAH de Vienne suite au d\u00e9sengagement de la majorit\u00e9 d\u00e9partementale<\/p>\n\n\n\n<p><img loading=\"lazy\" decoding=\"async\" width=\"19\" height=\"19\" src=\"https:\/\/lh7-rt.googleusercontent.com\/docsz\/AD_4nXdGMdueEOBNxjFArxFHhjskJ3Jjk1WgcmsfAmDAEj_AJbMn-ioAEkPdQFt6JiD36Dg3pPGPzp9CkpkSPe8QyQxApufhHzbiB4K6qB58nnuBKcQWk8niyPVdJ7sEKSOh7GNCYIcM1NsDGms1dzFrkrjVJWXg?key=w65-8JkHq4xO8Onma5je5g\" alt=\"\ud83d\udfe0\">&nbsp;Abstention sur l\u2019avenant au contrat pluriannuel d\u2019objectifs et de moyens (CPOM) 2023-2025 entre les services d\u2019aide \u00e0 domicile et le D\u00e9partement qui ne r\u00e9pond que partiellement aux besoins ;<\/p>\n\n\n\n<p><img loading=\"lazy\" decoding=\"async\" width=\"19\" height=\"19\" src=\"https:\/\/lh7-rt.googleusercontent.com\/docsz\/AD_4nXdGMdueEOBNxjFArxFHhjskJ3Jjk1WgcmsfAmDAEj_AJbMn-ioAEkPdQFt6JiD36Dg3pPGPzp9CkpkSPe8QyQxApufhHzbiB4K6qB58nnuBKcQWk8niyPVdJ7sEKSOh7GNCYIcM1NsDGms1dzFrkrjVJWXg?key=w65-8JkHq4xO8Onma5je5g\" alt=\"\ud83d\udfe0\"> Abstention sur la convention annuelle d\u2019objectifs et de moyens (CAOM) 2025 avec l\u2019Etat concernant les Contrats uniques d\u2019insertion qui revoit \u00e0 la baisse le nombre d&#8217;emploi aid\u00e9 par le D\u00e9partement de l&rsquo;Is\u00e8re\u00a0\u00a0\u00a0\u00a0\u00a0<\/p>\n\n\n\n<p><img loading=\"lazy\" decoding=\"async\" width=\"19\" height=\"19\" src=\"https:\/\/lh7-rt.googleusercontent.com\/docsz\/AD_4nXcQiqDOgs1_ACETR7WjmgPjPYE2zGHMbfbS40JMwZp9tCqPfREeBrDrDVFjKgFa-h3CL3MRxJKJwMCJ_WSSnK7h8hvlr6p1oxg3R_02qS0W-k-Y5WJfRiIJtI9pdnENTHgFdzE4q2gFf7-8BMaE571pFKw0?key=w65-8JkHq4xO8Onma5je5g\" alt=\"\ud83d\udfe2\"> Pour les aides accord\u00e9s \u00e0 la commune de Saint-Christophe-en-Oisans dans le cadre du Fonds d\u2019aide d\u2019urgence du D\u00e9partement suite aux intemp\u00e9ries dans la vall\u00e9e du V\u00e9n\u00e9on\u00a0<\/p>\n\n\n\n<p><img loading=\"lazy\" decoding=\"async\" width=\"19\" height=\"19\" src=\"https:\/\/lh7-rt.googleusercontent.com\/docsz\/AD_4nXcQiqDOgs1_ACETR7WjmgPjPYE2zGHMbfbS40JMwZp9tCqPfREeBrDrDVFjKgFa-h3CL3MRxJKJwMCJ_WSSnK7h8hvlr6p1oxg3R_02qS0W-k-Y5WJfRiIJtI9pdnENTHgFdzE4q2gFf7-8BMaE571pFKw0?key=w65-8JkHq4xO8Onma5je5g\" alt=\"\ud83d\udfe2\"> Pour la nouvelle Convention partenariale 2024 &#8211; 2028 relative \u00e0 la politique m\u00e9tropolitaine en mati\u00e8re de pr\u00e9vention sp\u00e9cialis\u00e9e <\/p>\n\n\n\n<p><img loading=\"lazy\" decoding=\"async\" width=\"19\" height=\"19\" src=\"https:\/\/lh7-rt.googleusercontent.com\/docsz\/AD_4nXdGMdueEOBNxjFArxFHhjskJ3Jjk1WgcmsfAmDAEj_AJbMn-ioAEkPdQFt6JiD36Dg3pPGPzp9CkpkSPe8QyQxApufhHzbiB4K6qB58nnuBKcQWk8niyPVdJ7sEKSOh7GNCYIcM1NsDGms1dzFrkrjVJWXg?key=w65-8JkHq4xO8Onma5je5g\" alt=\"\ud83d\udfe0\"> Abstention sur les aides accord\u00e9es aux organismes et associations des secteurs du tourisme et de la montagne suite \u00e0 la baisse annonc\u00e9e \u00e0 l&rsquo;occasion du budget primitif 2025<\/p>\n\n\n\n<p><img loading=\"lazy\" decoding=\"async\" width=\"19\" height=\"19\" src=\"https:\/\/lh7-rt.googleusercontent.com\/docsz\/AD_4nXdGMdueEOBNxjFArxFHhjskJ3Jjk1WgcmsfAmDAEj_AJbMn-ioAEkPdQFt6JiD36Dg3pPGPzp9CkpkSPe8QyQxApufhHzbiB4K6qB58nnuBKcQWk8niyPVdJ7sEKSOh7GNCYIcM1NsDGms1dzFrkrjVJWXg?key=w65-8JkHq4xO8Onma5je5g\" alt=\"\ud83d\udfe0\"> Abstention sur les aides aux programmes d&rsquo;actions port\u00e9s par les Parcs naturels r\u00e9gionaux, le D\u00e9partement se\u00a0d\u00e9sengageant en 2025 de ses cofinancements<\/p>\n\n\n\n<p>\u00a0\u00a0\u00a0\u00a0\u00a0\u00a0\u00a0\u00a0\u00a0\u00a0\u00a0\u00a0\u00a0\u00a0\u00a0\u00a0\u00a0\u00a0\u00a0\u00a0\u00a0\u00a0\u00a0\u00a0\u00a0\u00a0\u00a0\u00a0\u00a0\u00a0\u00a0\u00a0\u00a0\u00a0\u00a0\u00a0\u00a0\u00a0\u00a0\u00a0\u00a0\u00a0\u00a0\u00a0\u00a0\u00a0\u00a0\u00a0<\/p>\n","protected":false},"excerpt":{"rendered":"<p>Au regard de la situation politique nationale et du vote retard\u00e9 du budget de l&rsquo;Etat, le D\u00e9partement de &hellip; <\/p>\n","protected":false},"author":8,"featured_media":684158,"comment_status":"open","ping_status":"open","sticky":false,"template":"","format":"standard","meta":{"footnotes":""},"categories":[347,120,348],"tags":[],"class_list":["post-684347","post","type-post","status-publish","format-standard","has-post-thumbnail","hentry","category-347","category-commissions-permanentes","category-cp-janvier-fevrier-mars-2025"],"yoast_head":"<!-- This site is optimized with the Yoast SEO plugin v27.5 - https:\/\/yoast.com\/product\/yoast-seo-wordpress\/ -->\n<title>Retour sur les commissions permanentes de janvier \u00e0 mars 2025 - D\u00e9partement de l&#039;Is\u00e8re<\/title>\n<meta name=\"robots\" content=\"index, follow, max-snippet:-1, max-image-preview:large, max-video-preview:-1\" \/>\n<link rel=\"canonical\" href=\"https:\/\/www.uges-isere.fr\/index.php\/2025\/03\/29\/retour-sur-les-commission-permanentes-de-janvier-a-mars-2025\/\" \/>\n<meta property=\"og:locale\" content=\"fr_FR\" \/>\n<meta property=\"og:type\" content=\"article\" \/>\n<meta property=\"og:title\" content=\"Retour sur les commissions permanentes de janvier \u00e0 mars 2025 - D\u00e9partement de l&#039;Is\u00e8re\" \/>\n<meta property=\"og:description\" content=\"Au regard de la situation politique nationale et du vote retard\u00e9 du budget de l&rsquo;Etat, le D\u00e9partement de &hellip;\" \/>\n<meta property=\"og:url\" content=\"https:\/\/www.uges-isere.fr\/index.php\/2025\/03\/29\/retour-sur-les-commission-permanentes-de-janvier-a-mars-2025\/\" \/>\n<meta property=\"og:site_name\" content=\"D\u00e9partement de l&#039;Is\u00e8re\" \/>\n<meta property=\"article:publisher\" content=\"https:\/\/www.facebook.com\/LePrintemps38\" \/>\n<meta property=\"article:published_time\" content=\"2025-03-29T10:24:33+00:00\" \/>\n<meta property=\"article:modified_time\" content=\"2025-06-02T09:51:22+00:00\" \/>\n<meta property=\"og:image\" content=\"https:\/\/www.uges-isere.fr\/wp-content\/uploads\/2024\/10\/Groupe.jpg\" \/>\n\t<meta property=\"og:image:width\" content=\"1525\" \/>\n\t<meta property=\"og:image:height\" content=\"1219\" \/>\n\t<meta property=\"og:image:type\" content=\"image\/jpeg\" \/>\n<meta name=\"author\" content=\"ThibaudUGES38\" \/>\n<meta name=\"twitter:card\" content=\"summary_large_image\" \/>\n<meta name=\"twitter:creator\" content=\"@GroupeUGES38\" \/>\n<meta name=\"twitter:site\" content=\"@GroupeUGES38\" \/>\n<meta name=\"twitter:label1\" content=\"\u00c9crit par\" \/>\n\t<meta name=\"twitter:data1\" content=\"ThibaudUGES38\" \/>\n\t<meta name=\"twitter:label2\" content=\"Dur\u00e9e de lecture estim\u00e9e\" \/>\n\t<meta name=\"twitter:data2\" content=\"4 minutes\" \/>\n<script type=\"application\/ld+json\" class=\"yoast-schema-graph\">{\"@context\":\"https:\\\/\\\/schema.org\",\"@graph\":[{\"@type\":\"Article\",\"@id\":\"https:\\\/\\\/www.uges-isere.fr\\\/index.php\\\/2025\\\/03\\\/29\\\/retour-sur-les-commission-permanentes-de-janvier-a-mars-2025\\\/#article\",\"isPartOf\":{\"@id\":\"https:\\\/\\\/www.uges-isere.fr\\\/index.php\\\/2025\\\/03\\\/29\\\/retour-sur-les-commission-permanentes-de-janvier-a-mars-2025\\\/\"},\"author\":{\"name\":\"ThibaudUGES38\",\"@id\":\"https:\\\/\\\/www.uges-isere.fr\\\/#\\\/schema\\\/person\\\/a200926d67119314e8837b6a085de83a\"},\"headline\":\"Retour sur les commissions permanentes de janvier \u00e0 mars 2025\",\"datePublished\":\"2025-03-29T10:24:33+00:00\",\"dateModified\":\"2025-06-02T09:51:22+00:00\",\"mainEntityOfPage\":{\"@id\":\"https:\\\/\\\/www.uges-isere.fr\\\/index.php\\\/2025\\\/03\\\/29\\\/retour-sur-les-commission-permanentes-de-janvier-a-mars-2025\\\/\"},\"wordCount\":333,\"commentCount\":0,\"publisher\":{\"@id\":\"https:\\\/\\\/www.uges-isere.fr\\\/#organization\"},\"image\":{\"@id\":\"https:\\\/\\\/www.uges-isere.fr\\\/index.php\\\/2025\\\/03\\\/29\\\/retour-sur-les-commission-permanentes-de-janvier-a-mars-2025\\\/#primaryimage\"},\"thumbnailUrl\":\"https:\\\/\\\/www.uges-isere.fr\\\/wp-content\\\/uploads\\\/2024\\\/10\\\/Groupe.jpg\",\"articleSection\":[\"2025\",\"Commissions permanentes\",\"Commissions permanentes janvier-f\u00e9vrier-mars 2025\"],\"inLanguage\":\"fr-FR\",\"potentialAction\":[{\"@type\":\"CommentAction\",\"name\":\"Comment\",\"target\":[\"https:\\\/\\\/www.uges-isere.fr\\\/index.php\\\/2025\\\/03\\\/29\\\/retour-sur-les-commission-permanentes-de-janvier-a-mars-2025\\\/#respond\"]}]},{\"@type\":\"WebPage\",\"@id\":\"https:\\\/\\\/www.uges-isere.fr\\\/index.php\\\/2025\\\/03\\\/29\\\/retour-sur-les-commission-permanentes-de-janvier-a-mars-2025\\\/\",\"url\":\"https:\\\/\\\/www.uges-isere.fr\\\/index.php\\\/2025\\\/03\\\/29\\\/retour-sur-les-commission-permanentes-de-janvier-a-mars-2025\\\/\",\"name\":\"Retour sur les commissions permanentes de janvier \u00e0 mars 2025 - D\u00e9partement de l&#039;Is\u00e8re\",\"isPartOf\":{\"@id\":\"https:\\\/\\\/www.uges-isere.fr\\\/#website\"},\"primaryImageOfPage\":{\"@id\":\"https:\\\/\\\/www.uges-isere.fr\\\/index.php\\\/2025\\\/03\\\/29\\\/retour-sur-les-commission-permanentes-de-janvier-a-mars-2025\\\/#primaryimage\"},\"image\":{\"@id\":\"https:\\\/\\\/www.uges-isere.fr\\\/index.php\\\/2025\\\/03\\\/29\\\/retour-sur-les-commission-permanentes-de-janvier-a-mars-2025\\\/#primaryimage\"},\"thumbnailUrl\":\"https:\\\/\\\/www.uges-isere.fr\\\/wp-content\\\/uploads\\\/2024\\\/10\\\/Groupe.jpg\",\"datePublished\":\"2025-03-29T10:24:33+00:00\",\"dateModified\":\"2025-06-02T09:51:22+00:00\",\"breadcrumb\":{\"@id\":\"https:\\\/\\\/www.uges-isere.fr\\\/index.php\\\/2025\\\/03\\\/29\\\/retour-sur-les-commission-permanentes-de-janvier-a-mars-2025\\\/#breadcrumb\"},\"inLanguage\":\"fr-FR\",\"potentialAction\":[{\"@type\":\"ReadAction\",\"target\":[\"https:\\\/\\\/www.uges-isere.fr\\\/index.php\\\/2025\\\/03\\\/29\\\/retour-sur-les-commission-permanentes-de-janvier-a-mars-2025\\\/\"]}]},{\"@type\":\"ImageObject\",\"inLanguage\":\"fr-FR\",\"@id\":\"https:\\\/\\\/www.uges-isere.fr\\\/index.php\\\/2025\\\/03\\\/29\\\/retour-sur-les-commission-permanentes-de-janvier-a-mars-2025\\\/#primaryimage\",\"url\":\"https:\\\/\\\/www.uges-isere.fr\\\/wp-content\\\/uploads\\\/2024\\\/10\\\/Groupe.jpg\",\"contentUrl\":\"https:\\\/\\\/www.uges-isere.fr\\\/wp-content\\\/uploads\\\/2024\\\/10\\\/Groupe.jpg\",\"width\":1525,\"height\":1219},{\"@type\":\"BreadcrumbList\",\"@id\":\"https:\\\/\\\/www.uges-isere.fr\\\/index.php\\\/2025\\\/03\\\/29\\\/retour-sur-les-commission-permanentes-de-janvier-a-mars-2025\\\/#breadcrumb\",\"itemListElement\":[{\"@type\":\"ListItem\",\"position\":1,\"name\":\"Accueil\",\"item\":\"https:\\\/\\\/www.uges-isere.fr\\\/\"},{\"@type\":\"ListItem\",\"position\":2,\"name\":\"Retour sur les commissions permanentes de janvier \u00e0 mars 2025\"}]},{\"@type\":\"WebSite\",\"@id\":\"https:\\\/\\\/www.uges-isere.fr\\\/#website\",\"url\":\"https:\\\/\\\/www.uges-isere.fr\\\/\",\"name\":\"D\u00e9partement de l&#039;Is\u00e8re\",\"description\":\"Groupe d&#039;opposition UGES\",\"publisher\":{\"@id\":\"https:\\\/\\\/www.uges-isere.fr\\\/#organization\"},\"potentialAction\":[{\"@type\":\"SearchAction\",\"target\":{\"@type\":\"EntryPoint\",\"urlTemplate\":\"https:\\\/\\\/www.uges-isere.fr\\\/?s={search_term_string}\"},\"query-input\":{\"@type\":\"PropertyValueSpecification\",\"valueRequired\":true,\"valueName\":\"search_term_string\"}}],\"inLanguage\":\"fr-FR\"},{\"@type\":\"Organization\",\"@id\":\"https:\\\/\\\/www.uges-isere.fr\\\/#organization\",\"name\":\"D\u00e9partement de l'Is\u00e8re\",\"url\":\"https:\\\/\\\/www.uges-isere.fr\\\/\",\"logo\":{\"@type\":\"ImageObject\",\"inLanguage\":\"fr-FR\",\"@id\":\"https:\\\/\\\/www.uges-isere.fr\\\/#\\\/schema\\\/logo\\\/image\\\/\",\"url\":\"https:\\\/\\\/www.uges-isere.fr\\\/wp-content\\\/uploads\\\/2021\\\/10\\\/logo-ok.png\",\"contentUrl\":\"https:\\\/\\\/www.uges-isere.fr\\\/wp-content\\\/uploads\\\/2021\\\/10\\\/logo-ok.png\",\"width\":2859,\"height\":1816,\"caption\":\"D\u00e9partement de l'Is\u00e8re\"},\"image\":{\"@id\":\"https:\\\/\\\/www.uges-isere.fr\\\/#\\\/schema\\\/logo\\\/image\\\/\"},\"sameAs\":[\"https:\\\/\\\/www.facebook.com\\\/LePrintemps38\",\"https:\\\/\\\/x.com\\\/GroupeUGES38\"]},{\"@type\":\"Person\",\"@id\":\"https:\\\/\\\/www.uges-isere.fr\\\/#\\\/schema\\\/person\\\/a200926d67119314e8837b6a085de83a\",\"name\":\"ThibaudUGES38\",\"image\":{\"@type\":\"ImageObject\",\"inLanguage\":\"fr-FR\",\"@id\":\"https:\\\/\\\/secure.gravatar.com\\\/avatar\\\/e182ebfe597e409aafe3378f828607b2b757ed94a3489b20112818296e03b151?s=96&d=mm&r=g\",\"url\":\"https:\\\/\\\/secure.gravatar.com\\\/avatar\\\/e182ebfe597e409aafe3378f828607b2b757ed94a3489b20112818296e03b151?s=96&d=mm&r=g\",\"contentUrl\":\"https:\\\/\\\/secure.gravatar.com\\\/avatar\\\/e182ebfe597e409aafe3378f828607b2b757ed94a3489b20112818296e03b151?s=96&d=mm&r=g\",\"caption\":\"ThibaudUGES38\"},\"url\":\"https:\\\/\\\/www.uges-isere.fr\\\/index.php\\\/author\\\/thibauduges38\\\/\"}]}<\/script>\n<!-- \/ Yoast SEO plugin. -->","yoast_head_json":{"title":"Retour sur les commissions permanentes de janvier \u00e0 mars 2025 - D\u00e9partement de l&#039;Is\u00e8re","robots":{"index":"index","follow":"follow","max-snippet":"max-snippet:-1","max-image-preview":"max-image-preview:large","max-video-preview":"max-video-preview:-1"},"canonical":"https:\/\/www.uges-isere.fr\/index.php\/2025\/03\/29\/retour-sur-les-commission-permanentes-de-janvier-a-mars-2025\/","og_locale":"fr_FR","og_type":"article","og_title":"Retour sur les commissions permanentes de janvier \u00e0 mars 2025 - D\u00e9partement de l&#039;Is\u00e8re","og_description":"Au regard de la situation politique nationale et du vote retard\u00e9 du budget de l&rsquo;Etat, le D\u00e9partement de &hellip;","og_url":"https:\/\/www.uges-isere.fr\/index.php\/2025\/03\/29\/retour-sur-les-commission-permanentes-de-janvier-a-mars-2025\/","og_site_name":"D\u00e9partement de l&#039;Is\u00e8re","article_publisher":"https:\/\/www.facebook.com\/LePrintemps38","article_published_time":"2025-03-29T10:24:33+00:00","article_modified_time":"2025-06-02T09:51:22+00:00","og_image":[{"width":1525,"height":1219,"url":"https:\/\/www.uges-isere.fr\/wp-content\/uploads\/2024\/10\/Groupe.jpg","type":"image\/jpeg"}],"author":"ThibaudUGES38","twitter_card":"summary_large_image","twitter_creator":"@GroupeUGES38","twitter_site":"@GroupeUGES38","twitter_misc":{"\u00c9crit par":"ThibaudUGES38","Dur\u00e9e de lecture estim\u00e9e":"4 minutes"},"schema":{"@context":"https:\/\/schema.org","@graph":[{"@type":"Article","@id":"https:\/\/www.uges-isere.fr\/index.php\/2025\/03\/29\/retour-sur-les-commission-permanentes-de-janvier-a-mars-2025\/#article","isPartOf":{"@id":"https:\/\/www.uges-isere.fr\/index.php\/2025\/03\/29\/retour-sur-les-commission-permanentes-de-janvier-a-mars-2025\/"},"author":{"name":"ThibaudUGES38","@id":"https:\/\/www.uges-isere.fr\/#\/schema\/person\/a200926d67119314e8837b6a085de83a"},"headline":"Retour sur les commissions permanentes de janvier \u00e0 mars 2025","datePublished":"2025-03-29T10:24:33+00:00","dateModified":"2025-06-02T09:51:22+00:00","mainEntityOfPage":{"@id":"https:\/\/www.uges-isere.fr\/index.php\/2025\/03\/29\/retour-sur-les-commission-permanentes-de-janvier-a-mars-2025\/"},"wordCount":333,"commentCount":0,"publisher":{"@id":"https:\/\/www.uges-isere.fr\/#organization"},"image":{"@id":"https:\/\/www.uges-isere.fr\/index.php\/2025\/03\/29\/retour-sur-les-commission-permanentes-de-janvier-a-mars-2025\/#primaryimage"},"thumbnailUrl":"https:\/\/www.uges-isere.fr\/wp-content\/uploads\/2024\/10\/Groupe.jpg","articleSection":["2025","Commissions permanentes","Commissions permanentes janvier-f\u00e9vrier-mars 2025"],"inLanguage":"fr-FR","potentialAction":[{"@type":"CommentAction","name":"Comment","target":["https:\/\/www.uges-isere.fr\/index.php\/2025\/03\/29\/retour-sur-les-commission-permanentes-de-janvier-a-mars-2025\/#respond"]}]},{"@type":"WebPage","@id":"https:\/\/www.uges-isere.fr\/index.php\/2025\/03\/29\/retour-sur-les-commission-permanentes-de-janvier-a-mars-2025\/","url":"https:\/\/www.uges-isere.fr\/index.php\/2025\/03\/29\/retour-sur-les-commission-permanentes-de-janvier-a-mars-2025\/","name":"Retour sur les commissions permanentes de janvier \u00e0 mars 2025 - D\u00e9partement de l&#039;Is\u00e8re","isPartOf":{"@id":"https:\/\/www.uges-isere.fr\/#website"},"primaryImageOfPage":{"@id":"https:\/\/www.uges-isere.fr\/index.php\/2025\/03\/29\/retour-sur-les-commission-permanentes-de-janvier-a-mars-2025\/#primaryimage"},"image":{"@id":"https:\/\/www.uges-isere.fr\/index.php\/2025\/03\/29\/retour-sur-les-commission-permanentes-de-janvier-a-mars-2025\/#primaryimage"},"thumbnailUrl":"https:\/\/www.uges-isere.fr\/wp-content\/uploads\/2024\/10\/Groupe.jpg","datePublished":"2025-03-29T10:24:33+00:00","dateModified":"2025-06-02T09:51:22+00:00","breadcrumb":{"@id":"https:\/\/www.uges-isere.fr\/index.php\/2025\/03\/29\/retour-sur-les-commission-permanentes-de-janvier-a-mars-2025\/#breadcrumb"},"inLanguage":"fr-FR","potentialAction":[{"@type":"ReadAction","target":["https:\/\/www.uges-isere.fr\/index.php\/2025\/03\/29\/retour-sur-les-commission-permanentes-de-janvier-a-mars-2025\/"]}]},{"@type":"ImageObject","inLanguage":"fr-FR","@id":"https:\/\/www.uges-isere.fr\/index.php\/2025\/03\/29\/retour-sur-les-commission-permanentes-de-janvier-a-mars-2025\/#primaryimage","url":"https:\/\/www.uges-isere.fr\/wp-content\/uploads\/2024\/10\/Groupe.jpg","contentUrl":"https:\/\/www.uges-isere.fr\/wp-content\/uploads\/2024\/10\/Groupe.jpg","width":1525,"height":1219},{"@type":"BreadcrumbList","@id":"https:\/\/www.uges-isere.fr\/index.php\/2025\/03\/29\/retour-sur-les-commission-permanentes-de-janvier-a-mars-2025\/#breadcrumb","itemListElement":[{"@type":"ListItem","position":1,"name":"Accueil","item":"https:\/\/www.uges-isere.fr\/"},{"@type":"ListItem","position":2,"name":"Retour sur les commissions permanentes de janvier \u00e0 mars 2025"}]},{"@type":"WebSite","@id":"https:\/\/www.uges-isere.fr\/#website","url":"https:\/\/www.uges-isere.fr\/","name":"D\u00e9partement de l&#039;Is\u00e8re","description":"Groupe d&#039;opposition UGES","publisher":{"@id":"https:\/\/www.uges-isere.fr\/#organization"},"potentialAction":[{"@type":"SearchAction","target":{"@type":"EntryPoint","urlTemplate":"https:\/\/www.uges-isere.fr\/?s={search_term_string}"},"query-input":{"@type":"PropertyValueSpecification","valueRequired":true,"valueName":"search_term_string"}}],"inLanguage":"fr-FR"},{"@type":"Organization","@id":"https:\/\/www.uges-isere.fr\/#organization","name":"D\u00e9partement de l'Is\u00e8re","url":"https:\/\/www.uges-isere.fr\/","logo":{"@type":"ImageObject","inLanguage":"fr-FR","@id":"https:\/\/www.uges-isere.fr\/#\/schema\/logo\/image\/","url":"https:\/\/www.uges-isere.fr\/wp-content\/uploads\/2021\/10\/logo-ok.png","contentUrl":"https:\/\/www.uges-isere.fr\/wp-content\/uploads\/2021\/10\/logo-ok.png","width":2859,"height":1816,"caption":"D\u00e9partement de l'Is\u00e8re"},"image":{"@id":"https:\/\/www.uges-isere.fr\/#\/schema\/logo\/image\/"},"sameAs":["https:\/\/www.facebook.com\/LePrintemps38","https:\/\/x.com\/GroupeUGES38"]},{"@type":"Person","@id":"https:\/\/www.uges-isere.fr\/#\/schema\/person\/a200926d67119314e8837b6a085de83a","name":"ThibaudUGES38","image":{"@type":"ImageObject","inLanguage":"fr-FR","@id":"https:\/\/secure.gravatar.com\/avatar\/e182ebfe597e409aafe3378f828607b2b757ed94a3489b20112818296e03b151?s=96&d=mm&r=g","url":"https:\/\/secure.gravatar.com\/avatar\/e182ebfe597e409aafe3378f828607b2b757ed94a3489b20112818296e03b151?s=96&d=mm&r=g","contentUrl":"https:\/\/secure.gravatar.com\/avatar\/e182ebfe597e409aafe3378f828607b2b757ed94a3489b20112818296e03b151?s=96&d=mm&r=g","caption":"ThibaudUGES38"},"url":"https:\/\/www.uges-isere.fr\/index.php\/author\/thibauduges38\/"}]}},"_links":{"self":[{"href":"https:\/\/www.uges-isere.fr\/index.php\/wp-json\/wp\/v2\/posts\/684347","targetHints":{"allow":["GET"]}}],"collection":[{"href":"https:\/\/www.uges-isere.fr\/index.php\/wp-json\/wp\/v2\/posts"}],"about":[{"href":"https:\/\/www.uges-isere.fr\/index.php\/wp-json\/wp\/v2\/types\/post"}],"author":[{"embeddable":true,"href":"https:\/\/www.uges-isere.fr\/index.php\/wp-json\/wp\/v2\/users\/8"}],"replies":[{"embeddable":true,"href":"https:\/\/www.uges-isere.fr\/index.php\/wp-json\/wp\/v2\/comments?post=684347"}],"version-history":[{"count":3,"href":"https:\/\/www.uges-isere.fr\/index.php\/wp-json\/wp\/v2\/posts\/684347\/revisions"}],"predecessor-version":[{"id":684359,"href":"https:\/\/www.uges-isere.fr\/index.php\/wp-json\/wp\/v2\/posts\/684347\/revisions\/684359"}],"wp:featuredmedia":[{"embeddable":true,"href":"https:\/\/www.uges-isere.fr\/index.php\/wp-json\/wp\/v2\/media\/684158"}],"wp:attachment":[{"href":"https:\/\/www.uges-isere.fr\/index.php\/wp-json\/wp\/v2\/media?parent=684347"}],"wp:term":[{"taxonomy":"category","embeddable":true,"href":"https:\/\/www.uges-isere.fr\/index.php\/wp-json\/wp\/v2\/categories?post=684347"},{"taxonomy":"post_tag","embeddable":true,"href":"https:\/\/www.uges-isere.fr\/index.php\/wp-json\/wp\/v2\/tags?post=684347"}],"curies":[{"name":"wp","href":"https:\/\/api.w.org\/{rel}","templated":true}]}}