{"id":684339,"date":"2025-04-15T15:18:59","date_gmt":"2025-04-15T13:18:59","guid":{"rendered":"https:\/\/www.uges-isere.fr\/?p=684339"},"modified":"2025-05-27T15:35:13","modified_gmt":"2025-05-27T13:35:13","slug":"budget-2025-le-departement-fait-payer-aux-iserois-des-operations-lucratives-sur-le-dos-des-solidarites-et-de-lenvironnement","status":"publish","type":"post","link":"https:\/\/www.uges-isere.fr\/index.php\/2025\/04\/15\/budget-2025-le-departement-fait-payer-aux-iserois-des-operations-lucratives-sur-le-dos-des-solidarites-et-de-lenvironnement\/","title":{"rendered":"Budget 2025 : le D\u00e9partement fait payer aux Is\u00e9rois des op\u00e9rations lucratives sur le dos des solidarit\u00e9s et de l\u2019environnement."},"content":{"rendered":"\n<p>Le budget 2025 s\u2019inscrit dans le cadre d\u2019une loi de finances qui marque le d\u00e9sengagement de l\u2019Etat \u2013 mais il faut noter que l\u2019effort demand\u00e9 aux collectivit\u00e9s est moindre par rapport \u00e0 la catastrophe annonc\u00e9e pour les collectivit\u00e9s \u00e0 l\u2019automne dernier sous le Gouvernement Barnier (5Mds \u00e0 2,2 Mds dont 900 M\u20ac pour les d\u00e9partements).<strong> Dans un contexte budg\u00e9taire national marqu\u00e9 par les errements de l\u2019Etat, les gouvernements successifs du Pr\u00e9sident Macron<\/strong> ont cette f\u00e2cheuse tendance \u00e0 oublier les d\u00e9penses que les d\u00e9partements assument parfois seuls, avec des mesures impos\u00e9es d\u2019en-haut, le plus souvent sans concertation avec les territoires, et ce malgr\u00e9 une autonomie fiscale devenue quasi-nulle.<\/p>\n\n\n\n<p>Pourtant, <strong>c\u2019est en grande partie sur les d\u00e9partements que repose notre contrat social<\/strong>\u00a0: ils doivent amortir des r\u00e9formes nationales qui creusent trop souvent les injustices et la pr\u00e9carit\u00e9 ; ils doivent continuer \u00e0 prendre soin et \u00e0 amortir les chocs li\u00e9s \u00e0 l\u2019augmentation de la pauvret\u00e9, au vieillissement de la population, au nombre croissant d\u2019enfants \u00e0 prot\u00e9ger, \u00a0sans oublier de <strong>prendre en compte le d\u00e9r\u00e8glement climatique dont nous sommes toutes et tous comptables<\/strong> et d\u2019anticiper ses effets, que nous connaissons bien ici dans les Alpes, et qui ont \u00e9t\u00e9 d\u00e9vastateurs cette ann\u00e9e 2024 en particulier en Oisans.<\/p>\n\n\n\n<p>Dans ce contexte, <strong>l\u2019ensemble des \u00e9lus du groupe UGES saluent le travail des agents du D\u00e9partement<\/strong>, qui assurent le service public du quotidien\u00a0: en premi\u00e8re ligne pour prendre soin des plus vuln\u00e9rables dans un contexte qui n\u00e9cessite parfois de g\u00e9rer \u00e9puisement, impatience et exigence\u00a0des usagers ; au front pour r\u00e9parer et s\u00e9curiser les lieux lors de catastrophes naturelles ou d\u2019entretiens n\u00e9cessaires sur nos routes\u00a0; au service de nos jeunes dans les coll\u00e8ges\u2026 Nous souhaitons saluer les 4 500 agents d\u00e9partementaux pour leur engagement du quotidien, qui permet de garantir \u00e0 toutes et tous le service public en Is\u00e8re.<\/p>\n\n\n\n<p>En Is\u00e8re, nous sommes assez \u00ab\u00a0pr\u00e9serv\u00e9s\u00a0\u00bb pour l\u2019instant de l\u2019effort demand\u00e9 aux collectivit\u00e9s locales avec des recettes qui stagnent, mais nous notons des d\u00e9penses en augmentation li\u00e9es\u00a0:<\/p>\n\n\n\n<ul class=\"wp-block-list\">\n<li>\u00e0 des mesures prises par l\u2019Etat, qui \u00e9taient n\u00e9cessaires pour ce qui concerne les revalorisations salariales ou le S\u00e9gur, mais qui sont impos\u00e9s aux d\u00e9partements sans compensation,<\/li>\n\n\n\n<li>\u00e0 la situation sociale du pays, nous l\u2019\u00e9voquions \u00e0 l\u2019instant.<\/li>\n<\/ul>\n\n\n\n<p>Dans ce contexte, le groupe UGES est conscient des efforts de prudence \u00e0 fournir compte tenu d\u2019un contexte national, mais aussi g\u00e9opolitique, contraint et instable, et <strong>il serait d\u00e9magogique de notre part de dire que le D\u00e9partement peut et doit toujours d\u00e9penser plus.\u00a0 Mais ce qui est clair, c\u2019est que si nous \u00e9tions en responsabilit\u00e9, nos choix budg\u00e9taires auraient \u00e9t\u00e9 tout autre.<\/strong><\/p>\n\n\n\n<p><strong>Nous ne partageons  pas le choix assum\u00e9 de la majorit\u00e9 d\u00e9partementale de \u00ab\u00a0tailler au s\u00e9cateur\u00a0\u00bb dans les politiques sociales et environnementales<\/strong> <strong>pour financer un niveau d\u2019investissement en augmentation cette ann\u00e9e <\/strong>&#8211; assum\u00e9 pour un tiers encore par de l\u2019autofinancement donc par des recettes de fonctionnement.<\/p>\n\n\n\n<p>Si l\u2019investissement public contribue fortement \u00e0 la dynamique de notre \u00e9conomie locale et que nous partageons la n\u00e9cessit\u00e9 de continuer \u00e0 investir, nous ne pouvons toutefois soutenir une orientation qui vise \u00e0 augmenter l\u2019investissement en rognant sur les d\u00e9penses de fonctionnement.<\/p>\n\n\n\n<p><strong>Nos questionnements lors du D\u00e9bat d&rsquo;orientation budg\u00e9taire sont confirm\u00e9s par ce budget\u00a0: la majorit\u00e9 d\u00e9partementale assume ce dogmatisme lib\u00e9ral de financer des investissements, sans recourir autant que vous le pourriez \u00e0 l\u2019emprunt, quitte \u00e0 couper au \u00ab\u00a0<em>s\u00e9cateur\u00a0<\/em>\u00bb dans nos politiques sociales, et environnementales.<\/strong><\/p>\n\n\n\n<p>Les coupes budg\u00e9taires op\u00e9r\u00e9es rel\u00e8vent souvent de politiques partenariales, et <strong>le retrait du d\u00e9partement<\/strong> fragilise de fait les actions men\u00e9es, leurs impacts et leur r\u00e9sultat, en touchant les Is\u00e9rois les plus vuln\u00e9rables pour ce qui concerne votre <strong>d\u00e9sengagement dans le champ social<\/strong> (-3M\u20ac)\u00a0: les actions de soutien \u00e0 la parentalit\u00e9 qui voient leur cr\u00e9dits baisser une nouvelle fois alors qu\u2019elles jouent un r\u00f4le essentiel en mati\u00e8re de pr\u00e9vention, ainsi que l\u2019accompagnement social et l\u2019insertion des jeunes, tout comme les cr\u00e9dits de la politique logement qui voient les aides \u00e0 la pierre r\u00e9duites, ainsi que les aides \u00e0 la r\u00e9novation du parc social ou \u00e0 l\u2019isolation des logements pour les particuliers \u00e0 faible ressources.<\/p>\n\n\n\n<p>Dans le <strong>champ environnemental<\/strong> (-2,2 M\u20ac): fin de l\u2019aide \u00e0 ATMO,  fin des aides \u00e0 l\u2019assainissement comme aux entreprises de la fili\u00e8re bois ou aux agriculteurs dans leur investissement \u00e0 caract\u00e8re environnemental, baisse des aides aux syndicats G\u00e9mapiens dans leur suivi de la qualit\u00e9 des eaux des rivi\u00e8res, d\u00e9sengagement progressif du D\u00e9partement des parcs et r\u00e9serves naturelles \u2026<\/p>\n\n\n\n<p><strong>Enfin, \u00ab\u00a0si tout le monde doit fait des efforts\u00a0\u00bb selon les propres termes du Pr\u00e9sident du D\u00e9partement, alors pourquoi certains devraient en faire plus que d\u2019autres\u00a0?<\/strong> C\u2019est une forme d\u2019injustice assum\u00e9e en se retirant de plusieurs politiques qui rel\u00e8vent du c\u0153ur de l\u2019action d\u00e9partementale, pour maintenir voire augmenter les aides publiques au secteur priv\u00e9 :<\/p>\n\n\n\n<ul class=\"wp-block-list\">\n<li>La majorit\u00e9 assume, dans le contexte,\u00a0de subventionner un promoteur immobilier priv\u00e9 dans le cadre de l\u2019op\u00e9ration du Couvent des Dames Nobles \u00e0 Vienne qui ne comprend aucun logement social, donc sans aucune contre-partie\u00a0;<\/li>\n\n\n\n<li>La majorit\u00e9 assume, dans le contexte, d\u2019\u00eatre finalement peu regardant sur les financements d\u00e9partementaux mobilis\u00e9s sur l\u2019op\u00e9ration publique-priv\u00e9e du Palais du Parlement\u00a0;<\/li>\n\n\n\n<li>La majorit\u00e9 assume, dans le contexte, de subventionner indirectement via la DSP sur l\u2019a\u00e9roport les soci\u00e9t\u00e9s Vinci et par ricochet Ryanair, sans contre-partie\u00a0;<\/li>\n\n\n\n<li>La majorit\u00e9 assume, dans le contexte, d\u2019augmenter encore les subventions en investissement aux coll\u00e8ges priv\u00e9s en Is\u00e8re, sans contr\u00f4le particulier \u2013 et l\u00e0 encore malgr\u00e9 le contexte\u00a0!-, alors que tant d\u2019associations dans le champ social sont soumises, elles, \u00e0 des contr\u00f4les rigoureux.<\/li>\n<\/ul>\n\n\n\n<p><strong>Cette majorit\u00e9 d\u00e9partementale r\u00e9p\u00e8te souvent que \u00ab\u00a0la confiance n\u2019exclut pas le contr\u00f4le\u00a0\u00bb. Tout d\u00e9pend visiblement des acteurs concern\u00e9s. Et \u00e0 cet \u00e9gard, les d\u00e9cisions prises nous interrogent vivement sur le bon usage de l\u2019argent public. Il est \u00e9vident que le groupe UGES aurait fait d\u2019autres choix, et certainement pas celui de faire payer aux Is\u00e9rois des op\u00e9rations lucratives sur le dos des solidarit\u00e9s et de l\u2019environnement.<\/strong><\/p>\n","protected":false},"excerpt":{"rendered":"<p>Le budget 2025 s\u2019inscrit dans le cadre d\u2019une loi de finances qui marque le d\u00e9sengagement de l\u2019Etat \u2013 &hellip; <\/p>\n","protected":false},"author":8,"featured_media":684158,"comment_status":"open","ping_status":"open","sticky":false,"template":"","format":"standard","meta":{"footnotes":""},"categories":[321],"tags":[],"class_list":["post-684339","post","type-post","status-publish","format-standard","has-post-thumbnail","hentry","category-seance-publique-budget-primitif-2025-mars-2025"],"yoast_head":"<!-- This site is optimized with the Yoast SEO plugin v27.5 - https:\/\/yoast.com\/product\/yoast-seo-wordpress\/ -->\n<title>Budget 2025 : le D\u00e9partement fait payer aux Is\u00e9rois des op\u00e9rations lucratives sur le dos des solidarit\u00e9s et de l\u2019environnement. - D\u00e9partement de l&#039;Is\u00e8re<\/title>\n<meta name=\"robots\" content=\"index, follow, max-snippet:-1, max-image-preview:large, max-video-preview:-1\" \/>\n<link rel=\"canonical\" href=\"https:\/\/www.uges-isere.fr\/index.php\/2025\/04\/15\/budget-2025-le-departement-fait-payer-aux-iserois-des-operations-lucratives-sur-le-dos-des-solidarites-et-de-lenvironnement\/\" \/>\n<meta property=\"og:locale\" content=\"fr_FR\" \/>\n<meta property=\"og:type\" content=\"article\" \/>\n<meta property=\"og:title\" content=\"Budget 2025 : le D\u00e9partement fait payer aux Is\u00e9rois des op\u00e9rations lucratives sur le dos des solidarit\u00e9s et de l\u2019environnement. - D\u00e9partement de l&#039;Is\u00e8re\" \/>\n<meta property=\"og:description\" content=\"Le budget 2025 s\u2019inscrit dans le cadre d\u2019une loi de finances qui marque le d\u00e9sengagement de l\u2019Etat \u2013 &hellip;\" \/>\n<meta property=\"og:url\" content=\"https:\/\/www.uges-isere.fr\/index.php\/2025\/04\/15\/budget-2025-le-departement-fait-payer-aux-iserois-des-operations-lucratives-sur-le-dos-des-solidarites-et-de-lenvironnement\/\" \/>\n<meta property=\"og:site_name\" content=\"D\u00e9partement de l&#039;Is\u00e8re\" \/>\n<meta property=\"article:publisher\" content=\"https:\/\/www.facebook.com\/LePrintemps38\" \/>\n<meta property=\"article:published_time\" content=\"2025-04-15T13:18:59+00:00\" \/>\n<meta property=\"article:modified_time\" content=\"2025-05-27T13:35:13+00:00\" \/>\n<meta property=\"og:image\" content=\"https:\/\/www.uges-isere.fr\/wp-content\/uploads\/2024\/10\/Groupe.jpg\" \/>\n\t<meta property=\"og:image:width\" content=\"1525\" \/>\n\t<meta property=\"og:image:height\" content=\"1219\" \/>\n\t<meta property=\"og:image:type\" content=\"image\/jpeg\" \/>\n<meta name=\"author\" content=\"ThibaudUGES38\" \/>\n<meta name=\"twitter:card\" content=\"summary_large_image\" \/>\n<meta name=\"twitter:creator\" content=\"@GroupeUGES38\" \/>\n<meta name=\"twitter:site\" content=\"@GroupeUGES38\" \/>\n<meta name=\"twitter:label1\" content=\"\u00c9crit par\" \/>\n\t<meta name=\"twitter:data1\" content=\"ThibaudUGES38\" \/>\n\t<meta name=\"twitter:label2\" content=\"Dur\u00e9e de lecture estim\u00e9e\" \/>\n\t<meta name=\"twitter:data2\" content=\"6 minutes\" \/>\n<script type=\"application\/ld+json\" class=\"yoast-schema-graph\">{\"@context\":\"https:\\\/\\\/schema.org\",\"@graph\":[{\"@type\":\"Article\",\"@id\":\"https:\\\/\\\/www.uges-isere.fr\\\/index.php\\\/2025\\\/04\\\/15\\\/budget-2025-le-departement-fait-payer-aux-iserois-des-operations-lucratives-sur-le-dos-des-solidarites-et-de-lenvironnement\\\/#article\",\"isPartOf\":{\"@id\":\"https:\\\/\\\/www.uges-isere.fr\\\/index.php\\\/2025\\\/04\\\/15\\\/budget-2025-le-departement-fait-payer-aux-iserois-des-operations-lucratives-sur-le-dos-des-solidarites-et-de-lenvironnement\\\/\"},\"author\":{\"name\":\"ThibaudUGES38\",\"@id\":\"https:\\\/\\\/www.uges-isere.fr\\\/#\\\/schema\\\/person\\\/a200926d67119314e8837b6a085de83a\"},\"headline\":\"Budget 2025 : le D\u00e9partement fait payer aux Is\u00e9rois des op\u00e9rations lucratives sur le dos des solidarit\u00e9s et de l\u2019environnement.\",\"datePublished\":\"2025-04-15T13:18:59+00:00\",\"dateModified\":\"2025-05-27T13:35:13+00:00\",\"mainEntityOfPage\":{\"@id\":\"https:\\\/\\\/www.uges-isere.fr\\\/index.php\\\/2025\\\/04\\\/15\\\/budget-2025-le-departement-fait-payer-aux-iserois-des-operations-lucratives-sur-le-dos-des-solidarites-et-de-lenvironnement\\\/\"},\"wordCount\":1110,\"commentCount\":0,\"publisher\":{\"@id\":\"https:\\\/\\\/www.uges-isere.fr\\\/#organization\"},\"image\":{\"@id\":\"https:\\\/\\\/www.uges-isere.fr\\\/index.php\\\/2025\\\/04\\\/15\\\/budget-2025-le-departement-fait-payer-aux-iserois-des-operations-lucratives-sur-le-dos-des-solidarites-et-de-lenvironnement\\\/#primaryimage\"},\"thumbnailUrl\":\"https:\\\/\\\/www.uges-isere.fr\\\/wp-content\\\/uploads\\\/2024\\\/10\\\/Groupe.jpg\",\"articleSection\":[\"S\u00e9ance publique (Budget primitif 2025) - Mars 2025\"],\"inLanguage\":\"fr-FR\",\"potentialAction\":[{\"@type\":\"CommentAction\",\"name\":\"Comment\",\"target\":[\"https:\\\/\\\/www.uges-isere.fr\\\/index.php\\\/2025\\\/04\\\/15\\\/budget-2025-le-departement-fait-payer-aux-iserois-des-operations-lucratives-sur-le-dos-des-solidarites-et-de-lenvironnement\\\/#respond\"]}]},{\"@type\":\"WebPage\",\"@id\":\"https:\\\/\\\/www.uges-isere.fr\\\/index.php\\\/2025\\\/04\\\/15\\\/budget-2025-le-departement-fait-payer-aux-iserois-des-operations-lucratives-sur-le-dos-des-solidarites-et-de-lenvironnement\\\/\",\"url\":\"https:\\\/\\\/www.uges-isere.fr\\\/index.php\\\/2025\\\/04\\\/15\\\/budget-2025-le-departement-fait-payer-aux-iserois-des-operations-lucratives-sur-le-dos-des-solidarites-et-de-lenvironnement\\\/\",\"name\":\"Budget 2025 : le D\u00e9partement fait payer aux Is\u00e9rois des op\u00e9rations lucratives sur le dos des solidarit\u00e9s et de l\u2019environnement. - D\u00e9partement de l&#039;Is\u00e8re\",\"isPartOf\":{\"@id\":\"https:\\\/\\\/www.uges-isere.fr\\\/#website\"},\"primaryImageOfPage\":{\"@id\":\"https:\\\/\\\/www.uges-isere.fr\\\/index.php\\\/2025\\\/04\\\/15\\\/budget-2025-le-departement-fait-payer-aux-iserois-des-operations-lucratives-sur-le-dos-des-solidarites-et-de-lenvironnement\\\/#primaryimage\"},\"image\":{\"@id\":\"https:\\\/\\\/www.uges-isere.fr\\\/index.php\\\/2025\\\/04\\\/15\\\/budget-2025-le-departement-fait-payer-aux-iserois-des-operations-lucratives-sur-le-dos-des-solidarites-et-de-lenvironnement\\\/#primaryimage\"},\"thumbnailUrl\":\"https:\\\/\\\/www.uges-isere.fr\\\/wp-content\\\/uploads\\\/2024\\\/10\\\/Groupe.jpg\",\"datePublished\":\"2025-04-15T13:18:59+00:00\",\"dateModified\":\"2025-05-27T13:35:13+00:00\",\"breadcrumb\":{\"@id\":\"https:\\\/\\\/www.uges-isere.fr\\\/index.php\\\/2025\\\/04\\\/15\\\/budget-2025-le-departement-fait-payer-aux-iserois-des-operations-lucratives-sur-le-dos-des-solidarites-et-de-lenvironnement\\\/#breadcrumb\"},\"inLanguage\":\"fr-FR\",\"potentialAction\":[{\"@type\":\"ReadAction\",\"target\":[\"https:\\\/\\\/www.uges-isere.fr\\\/index.php\\\/2025\\\/04\\\/15\\\/budget-2025-le-departement-fait-payer-aux-iserois-des-operations-lucratives-sur-le-dos-des-solidarites-et-de-lenvironnement\\\/\"]}]},{\"@type\":\"ImageObject\",\"inLanguage\":\"fr-FR\",\"@id\":\"https:\\\/\\\/www.uges-isere.fr\\\/index.php\\\/2025\\\/04\\\/15\\\/budget-2025-le-departement-fait-payer-aux-iserois-des-operations-lucratives-sur-le-dos-des-solidarites-et-de-lenvironnement\\\/#primaryimage\",\"url\":\"https:\\\/\\\/www.uges-isere.fr\\\/wp-content\\\/uploads\\\/2024\\\/10\\\/Groupe.jpg\",\"contentUrl\":\"https:\\\/\\\/www.uges-isere.fr\\\/wp-content\\\/uploads\\\/2024\\\/10\\\/Groupe.jpg\",\"width\":1525,\"height\":1219},{\"@type\":\"BreadcrumbList\",\"@id\":\"https:\\\/\\\/www.uges-isere.fr\\\/index.php\\\/2025\\\/04\\\/15\\\/budget-2025-le-departement-fait-payer-aux-iserois-des-operations-lucratives-sur-le-dos-des-solidarites-et-de-lenvironnement\\\/#breadcrumb\",\"itemListElement\":[{\"@type\":\"ListItem\",\"position\":1,\"name\":\"Accueil\",\"item\":\"https:\\\/\\\/www.uges-isere.fr\\\/\"},{\"@type\":\"ListItem\",\"position\":2,\"name\":\"Budget 2025 : le D\u00e9partement fait payer aux Is\u00e9rois des op\u00e9rations lucratives sur le dos des solidarit\u00e9s et de l\u2019environnement.\"}]},{\"@type\":\"WebSite\",\"@id\":\"https:\\\/\\\/www.uges-isere.fr\\\/#website\",\"url\":\"https:\\\/\\\/www.uges-isere.fr\\\/\",\"name\":\"D\u00e9partement de l&#039;Is\u00e8re\",\"description\":\"Groupe d&#039;opposition UGES\",\"publisher\":{\"@id\":\"https:\\\/\\\/www.uges-isere.fr\\\/#organization\"},\"potentialAction\":[{\"@type\":\"SearchAction\",\"target\":{\"@type\":\"EntryPoint\",\"urlTemplate\":\"https:\\\/\\\/www.uges-isere.fr\\\/?s={search_term_string}\"},\"query-input\":{\"@type\":\"PropertyValueSpecification\",\"valueRequired\":true,\"valueName\":\"search_term_string\"}}],\"inLanguage\":\"fr-FR\"},{\"@type\":\"Organization\",\"@id\":\"https:\\\/\\\/www.uges-isere.fr\\\/#organization\",\"name\":\"D\u00e9partement de l'Is\u00e8re\",\"url\":\"https:\\\/\\\/www.uges-isere.fr\\\/\",\"logo\":{\"@type\":\"ImageObject\",\"inLanguage\":\"fr-FR\",\"@id\":\"https:\\\/\\\/www.uges-isere.fr\\\/#\\\/schema\\\/logo\\\/image\\\/\",\"url\":\"https:\\\/\\\/www.uges-isere.fr\\\/wp-content\\\/uploads\\\/2021\\\/10\\\/logo-ok.png\",\"contentUrl\":\"https:\\\/\\\/www.uges-isere.fr\\\/wp-content\\\/uploads\\\/2021\\\/10\\\/logo-ok.png\",\"width\":2859,\"height\":1816,\"caption\":\"D\u00e9partement de l'Is\u00e8re\"},\"image\":{\"@id\":\"https:\\\/\\\/www.uges-isere.fr\\\/#\\\/schema\\\/logo\\\/image\\\/\"},\"sameAs\":[\"https:\\\/\\\/www.facebook.com\\\/LePrintemps38\",\"https:\\\/\\\/x.com\\\/GroupeUGES38\"]},{\"@type\":\"Person\",\"@id\":\"https:\\\/\\\/www.uges-isere.fr\\\/#\\\/schema\\\/person\\\/a200926d67119314e8837b6a085de83a\",\"name\":\"ThibaudUGES38\",\"image\":{\"@type\":\"ImageObject\",\"inLanguage\":\"fr-FR\",\"@id\":\"https:\\\/\\\/secure.gravatar.com\\\/avatar\\\/e182ebfe597e409aafe3378f828607b2b757ed94a3489b20112818296e03b151?s=96&d=mm&r=g\",\"url\":\"https:\\\/\\\/secure.gravatar.com\\\/avatar\\\/e182ebfe597e409aafe3378f828607b2b757ed94a3489b20112818296e03b151?s=96&d=mm&r=g\",\"contentUrl\":\"https:\\\/\\\/secure.gravatar.com\\\/avatar\\\/e182ebfe597e409aafe3378f828607b2b757ed94a3489b20112818296e03b151?s=96&d=mm&r=g\",\"caption\":\"ThibaudUGES38\"},\"url\":\"https:\\\/\\\/www.uges-isere.fr\\\/index.php\\\/author\\\/thibauduges38\\\/\"}]}<\/script>\n<!-- \/ Yoast SEO plugin. -->","yoast_head_json":{"title":"Budget 2025 : le D\u00e9partement fait payer aux Is\u00e9rois des op\u00e9rations lucratives sur le dos des solidarit\u00e9s et de l\u2019environnement. - D\u00e9partement de l&#039;Is\u00e8re","robots":{"index":"index","follow":"follow","max-snippet":"max-snippet:-1","max-image-preview":"max-image-preview:large","max-video-preview":"max-video-preview:-1"},"canonical":"https:\/\/www.uges-isere.fr\/index.php\/2025\/04\/15\/budget-2025-le-departement-fait-payer-aux-iserois-des-operations-lucratives-sur-le-dos-des-solidarites-et-de-lenvironnement\/","og_locale":"fr_FR","og_type":"article","og_title":"Budget 2025 : le D\u00e9partement fait payer aux Is\u00e9rois des op\u00e9rations lucratives sur le dos des solidarit\u00e9s et de l\u2019environnement. - D\u00e9partement de l&#039;Is\u00e8re","og_description":"Le budget 2025 s\u2019inscrit dans le cadre d\u2019une loi de finances qui marque le d\u00e9sengagement de l\u2019Etat \u2013 &hellip;","og_url":"https:\/\/www.uges-isere.fr\/index.php\/2025\/04\/15\/budget-2025-le-departement-fait-payer-aux-iserois-des-operations-lucratives-sur-le-dos-des-solidarites-et-de-lenvironnement\/","og_site_name":"D\u00e9partement de l&#039;Is\u00e8re","article_publisher":"https:\/\/www.facebook.com\/LePrintemps38","article_published_time":"2025-04-15T13:18:59+00:00","article_modified_time":"2025-05-27T13:35:13+00:00","og_image":[{"width":1525,"height":1219,"url":"https:\/\/www.uges-isere.fr\/wp-content\/uploads\/2024\/10\/Groupe.jpg","type":"image\/jpeg"}],"author":"ThibaudUGES38","twitter_card":"summary_large_image","twitter_creator":"@GroupeUGES38","twitter_site":"@GroupeUGES38","twitter_misc":{"\u00c9crit par":"ThibaudUGES38","Dur\u00e9e de lecture estim\u00e9e":"6 minutes"},"schema":{"@context":"https:\/\/schema.org","@graph":[{"@type":"Article","@id":"https:\/\/www.uges-isere.fr\/index.php\/2025\/04\/15\/budget-2025-le-departement-fait-payer-aux-iserois-des-operations-lucratives-sur-le-dos-des-solidarites-et-de-lenvironnement\/#article","isPartOf":{"@id":"https:\/\/www.uges-isere.fr\/index.php\/2025\/04\/15\/budget-2025-le-departement-fait-payer-aux-iserois-des-operations-lucratives-sur-le-dos-des-solidarites-et-de-lenvironnement\/"},"author":{"name":"ThibaudUGES38","@id":"https:\/\/www.uges-isere.fr\/#\/schema\/person\/a200926d67119314e8837b6a085de83a"},"headline":"Budget 2025 : le D\u00e9partement fait payer aux Is\u00e9rois des op\u00e9rations lucratives sur le dos des solidarit\u00e9s et de l\u2019environnement.","datePublished":"2025-04-15T13:18:59+00:00","dateModified":"2025-05-27T13:35:13+00:00","mainEntityOfPage":{"@id":"https:\/\/www.uges-isere.fr\/index.php\/2025\/04\/15\/budget-2025-le-departement-fait-payer-aux-iserois-des-operations-lucratives-sur-le-dos-des-solidarites-et-de-lenvironnement\/"},"wordCount":1110,"commentCount":0,"publisher":{"@id":"https:\/\/www.uges-isere.fr\/#organization"},"image":{"@id":"https:\/\/www.uges-isere.fr\/index.php\/2025\/04\/15\/budget-2025-le-departement-fait-payer-aux-iserois-des-operations-lucratives-sur-le-dos-des-solidarites-et-de-lenvironnement\/#primaryimage"},"thumbnailUrl":"https:\/\/www.uges-isere.fr\/wp-content\/uploads\/2024\/10\/Groupe.jpg","articleSection":["S\u00e9ance publique (Budget primitif 2025) - Mars 2025"],"inLanguage":"fr-FR","potentialAction":[{"@type":"CommentAction","name":"Comment","target":["https:\/\/www.uges-isere.fr\/index.php\/2025\/04\/15\/budget-2025-le-departement-fait-payer-aux-iserois-des-operations-lucratives-sur-le-dos-des-solidarites-et-de-lenvironnement\/#respond"]}]},{"@type":"WebPage","@id":"https:\/\/www.uges-isere.fr\/index.php\/2025\/04\/15\/budget-2025-le-departement-fait-payer-aux-iserois-des-operations-lucratives-sur-le-dos-des-solidarites-et-de-lenvironnement\/","url":"https:\/\/www.uges-isere.fr\/index.php\/2025\/04\/15\/budget-2025-le-departement-fait-payer-aux-iserois-des-operations-lucratives-sur-le-dos-des-solidarites-et-de-lenvironnement\/","name":"Budget 2025 : le D\u00e9partement fait payer aux Is\u00e9rois des op\u00e9rations lucratives sur le dos des solidarit\u00e9s et de l\u2019environnement. - D\u00e9partement de l&#039;Is\u00e8re","isPartOf":{"@id":"https:\/\/www.uges-isere.fr\/#website"},"primaryImageOfPage":{"@id":"https:\/\/www.uges-isere.fr\/index.php\/2025\/04\/15\/budget-2025-le-departement-fait-payer-aux-iserois-des-operations-lucratives-sur-le-dos-des-solidarites-et-de-lenvironnement\/#primaryimage"},"image":{"@id":"https:\/\/www.uges-isere.fr\/index.php\/2025\/04\/15\/budget-2025-le-departement-fait-payer-aux-iserois-des-operations-lucratives-sur-le-dos-des-solidarites-et-de-lenvironnement\/#primaryimage"},"thumbnailUrl":"https:\/\/www.uges-isere.fr\/wp-content\/uploads\/2024\/10\/Groupe.jpg","datePublished":"2025-04-15T13:18:59+00:00","dateModified":"2025-05-27T13:35:13+00:00","breadcrumb":{"@id":"https:\/\/www.uges-isere.fr\/index.php\/2025\/04\/15\/budget-2025-le-departement-fait-payer-aux-iserois-des-operations-lucratives-sur-le-dos-des-solidarites-et-de-lenvironnement\/#breadcrumb"},"inLanguage":"fr-FR","potentialAction":[{"@type":"ReadAction","target":["https:\/\/www.uges-isere.fr\/index.php\/2025\/04\/15\/budget-2025-le-departement-fait-payer-aux-iserois-des-operations-lucratives-sur-le-dos-des-solidarites-et-de-lenvironnement\/"]}]},{"@type":"ImageObject","inLanguage":"fr-FR","@id":"https:\/\/www.uges-isere.fr\/index.php\/2025\/04\/15\/budget-2025-le-departement-fait-payer-aux-iserois-des-operations-lucratives-sur-le-dos-des-solidarites-et-de-lenvironnement\/#primaryimage","url":"https:\/\/www.uges-isere.fr\/wp-content\/uploads\/2024\/10\/Groupe.jpg","contentUrl":"https:\/\/www.uges-isere.fr\/wp-content\/uploads\/2024\/10\/Groupe.jpg","width":1525,"height":1219},{"@type":"BreadcrumbList","@id":"https:\/\/www.uges-isere.fr\/index.php\/2025\/04\/15\/budget-2025-le-departement-fait-payer-aux-iserois-des-operations-lucratives-sur-le-dos-des-solidarites-et-de-lenvironnement\/#breadcrumb","itemListElement":[{"@type":"ListItem","position":1,"name":"Accueil","item":"https:\/\/www.uges-isere.fr\/"},{"@type":"ListItem","position":2,"name":"Budget 2025 : le D\u00e9partement fait payer aux Is\u00e9rois des op\u00e9rations lucratives sur le dos des solidarit\u00e9s et de l\u2019environnement."}]},{"@type":"WebSite","@id":"https:\/\/www.uges-isere.fr\/#website","url":"https:\/\/www.uges-isere.fr\/","name":"D\u00e9partement de l&#039;Is\u00e8re","description":"Groupe d&#039;opposition UGES","publisher":{"@id":"https:\/\/www.uges-isere.fr\/#organization"},"potentialAction":[{"@type":"SearchAction","target":{"@type":"EntryPoint","urlTemplate":"https:\/\/www.uges-isere.fr\/?s={search_term_string}"},"query-input":{"@type":"PropertyValueSpecification","valueRequired":true,"valueName":"search_term_string"}}],"inLanguage":"fr-FR"},{"@type":"Organization","@id":"https:\/\/www.uges-isere.fr\/#organization","name":"D\u00e9partement de l'Is\u00e8re","url":"https:\/\/www.uges-isere.fr\/","logo":{"@type":"ImageObject","inLanguage":"fr-FR","@id":"https:\/\/www.uges-isere.fr\/#\/schema\/logo\/image\/","url":"https:\/\/www.uges-isere.fr\/wp-content\/uploads\/2021\/10\/logo-ok.png","contentUrl":"https:\/\/www.uges-isere.fr\/wp-content\/uploads\/2021\/10\/logo-ok.png","width":2859,"height":1816,"caption":"D\u00e9partement de l'Is\u00e8re"},"image":{"@id":"https:\/\/www.uges-isere.fr\/#\/schema\/logo\/image\/"},"sameAs":["https:\/\/www.facebook.com\/LePrintemps38","https:\/\/x.com\/GroupeUGES38"]},{"@type":"Person","@id":"https:\/\/www.uges-isere.fr\/#\/schema\/person\/a200926d67119314e8837b6a085de83a","name":"ThibaudUGES38","image":{"@type":"ImageObject","inLanguage":"fr-FR","@id":"https:\/\/secure.gravatar.com\/avatar\/e182ebfe597e409aafe3378f828607b2b757ed94a3489b20112818296e03b151?s=96&d=mm&r=g","url":"https:\/\/secure.gravatar.com\/avatar\/e182ebfe597e409aafe3378f828607b2b757ed94a3489b20112818296e03b151?s=96&d=mm&r=g","contentUrl":"https:\/\/secure.gravatar.com\/avatar\/e182ebfe597e409aafe3378f828607b2b757ed94a3489b20112818296e03b151?s=96&d=mm&r=g","caption":"ThibaudUGES38"},"url":"https:\/\/www.uges-isere.fr\/index.php\/author\/thibauduges38\/"}]}},"_links":{"self":[{"href":"https:\/\/www.uges-isere.fr\/index.php\/wp-json\/wp\/v2\/posts\/684339","targetHints":{"allow":["GET"]}}],"collection":[{"href":"https:\/\/www.uges-isere.fr\/index.php\/wp-json\/wp\/v2\/posts"}],"about":[{"href":"https:\/\/www.uges-isere.fr\/index.php\/wp-json\/wp\/v2\/types\/post"}],"author":[{"embeddable":true,"href":"https:\/\/www.uges-isere.fr\/index.php\/wp-json\/wp\/v2\/users\/8"}],"replies":[{"embeddable":true,"href":"https:\/\/www.uges-isere.fr\/index.php\/wp-json\/wp\/v2\/comments?post=684339"}],"version-history":[{"count":1,"href":"https:\/\/www.uges-isere.fr\/index.php\/wp-json\/wp\/v2\/posts\/684339\/revisions"}],"predecessor-version":[{"id":684340,"href":"https:\/\/www.uges-isere.fr\/index.php\/wp-json\/wp\/v2\/posts\/684339\/revisions\/684340"}],"wp:featuredmedia":[{"embeddable":true,"href":"https:\/\/www.uges-isere.fr\/index.php\/wp-json\/wp\/v2\/media\/684158"}],"wp:attachment":[{"href":"https:\/\/www.uges-isere.fr\/index.php\/wp-json\/wp\/v2\/media?parent=684339"}],"wp:term":[{"taxonomy":"category","embeddable":true,"href":"https:\/\/www.uges-isere.fr\/index.php\/wp-json\/wp\/v2\/categories?post=684339"},{"taxonomy":"post_tag","embeddable":true,"href":"https:\/\/www.uges-isere.fr\/index.php\/wp-json\/wp\/v2\/tags?post=684339"}],"curies":[{"name":"wp","href":"https:\/\/api.w.org\/{rel}","templated":true}]}}