{"id":684332,"date":"2025-04-05T14:11:53","date_gmt":"2025-04-05T12:11:53","guid":{"rendered":"https:\/\/www.uges-isere.fr\/?p=684332"},"modified":"2025-05-27T14:25:19","modified_gmt":"2025-05-27T12:25:19","slug":"la-majorite-sabre-dans-le-budget-logement","status":"publish","type":"post","link":"https:\/\/www.uges-isere.fr\/index.php\/2025\/04\/05\/la-majorite-sabre-dans-le-budget-logement\/","title":{"rendered":"La majorit\u00e9 sabre dans le budget logement"},"content":{"rendered":"\n<p><strong><em>Pr\u00e9carit\u00e9 \u00e9nerg\u00e9tique, mal logement, habitat indigne, hausse des co\u00fbts de l\u2019\u00e9nergie, hausse des co\u00fbts de l\u2019immobilier, difficult\u00e9s d\u2019acc\u00e8s au logement pour les m\u00e9nages les plus pr\u00e9caires\u2026 Fran\u00e7oise Gerbier rappelle que ce constat reste malheureusement plus que jamais d\u2019actualit\u00e9. <\/em><\/strong><\/p>\n\n\n\n<p>En 2023, en France nous comptons :<\/p>\n\n\n\n<ul class=\"wp-block-list\">\n<li>26 % des m\u00e9nages ont eu froid chez eux (14 % en 2020) ;<\/li>\n\n\n\n<li>767 000 interventions pour impay\u00e9s d\u2019\u00e9lectricit\u00e9 en 2022 (553 000 en 2019) ont eu lieu ;<\/li>\n\n\n\n<li>330 000 personnes \u00e9taient sans domicile (143 000 en 2012) ;<\/li>\n\n\n\n<li>2,4 millions de m\u00e9nages \u00e9taient en attente de logement social en 2022 (2 millions en 2017).<\/li>\n<\/ul>\n\n\n\n<p>A ces chiffres, il faut confronter la r\u00e9alit\u00e9 de la politique nationale du logement men\u00e9e ces derni\u00e8res ann\u00e9es&nbsp;:<\/p>\n\n\n\n<ul class=\"wp-block-list\">\n<li>93 000 logements sociaux financ\u00e9s en 2023 contre125 000 en 2016 ;\u00a0<\/li>\n\n\n\n<li>166 milliards d\u2019euros de cr\u00e9dits immobiliers en 2023 contre 271 milliards un an auparavant ;<\/li>\n\n\n\n<li>295 000 logements mis en chantier en 2023 contre 371 000 en 2022 ;<\/li>\n\n\n\n<li>378 000 logements autoris\u00e9s en 2023 contre 500 000 en 2022 ;<\/li>\n\n\n\n<li>900 000 transactions immobili\u00e8res en 2023 contre 1,13 million en 2022.<\/li>\n<\/ul>\n\n\n\n<p>L\u2019Is\u00e8re pr\u00e9sente un tableau analogue. <strong>L\u2019ensemble des associations du secteur sont en alerte. Un toit pour Tous, le Secours Catholique, le Secours Populaire, Droit au Logement, toutes soulignent que l\u2019Is\u00e8re ne fait pas exception \u00e0 ce constat national, ce qui nous contraint \u00e0 ne pas partager l\u2019appr\u00e9ciation  de la majorit\u00e9 d\u00e9partementale sur sa politique, selon elle, \u00ab\u00a0volontariste et ambitieuse\u00a0\u00bb pour lutter contre cette crise.<\/strong><\/p>\n\n\n\n<p>Nous notons d&rsquo;ailleurs que les enveloppes budg\u00e9taires pr\u00e9vues en 2025 sont \u00e0 la baisse\u00a0:<\/p>\n\n\n\n<ul class=\"wp-block-list\">\n<li><strong>le dispositif\u00a0 \u00abmieux\u00a0 habiter et sortir du mal logement\u00bb passe de 885 000 euros \u00e0 40 000 euros soit moins 95%\u00a0!<\/strong><\/li>\n\n\n\n<li>les <strong>aides aux diff\u00e9rents acteurs passent de 336 500 euros \u00e0 215 740 euros soit\u00a0 moins 35,9\u00a0%.\u00a0<\/strong>Seule l\u2019aide \u00e0\u00a0 l\u2019Adil progresse, les autres partenaires seront, eux, moins soutenus.<\/li>\n\n\n\n<li>la contribution au <strong>CAUE<\/strong>, pourtant reconnue comme indispensable pour le conseil aux petites communes, est elle-aussi en baisse l\u00e9g\u00e8re <\/li>\n\n\n\n<li><strong>Le Fonds de solidarit\u00e9 logement (FSL)<\/strong> chute l\u00e9g\u00e8rement et reste \u00e9loign\u00e9 de son niveau d\u2019il y a dix ans. Pourtant, l\u2019an dernier, la majorit\u00e9 d\u00e9partementale s&rsquo;\u00e9tait engag\u00e9e \u00e0 d\u00e9velopper ce dispositif (\u00e9largir les crit\u00e8res, travailler plus sur le non-acc\u00e8s aux droits\u2026) et\u00a0 nous ne constatons pas d\u2019\u00e9volution\u00a0!<\/li>\n<\/ul>\n\n\n\n<p><strong>Depuis plusieurs ann\u00e9es, le groupe UGES insiste sur ce point.\u00a0 Nous constatons malheureusement\u00a0que nous ne sommes pas entendus. A l&rsquo;aube de 2025, nous r\u00e9it\u00e9rons cette demande : il est indispensable qu\u2019en cette p\u00e9riode de crise \u00e9nerg\u00e9tique, le Fonds de solidarit\u00e9 logement joue pleinement son r\u00f4le de soutien aux plus d\u00e9favoris\u00e9s !<\/strong><\/p>\n\n\n\n<p>En outre, nous pointons \u00e9galement que les <strong>aides \u00e0 la pierre (investissement dans le parc social notamment) passent de 3,5 M\u20ac \u00e0 2,4 M\u20ac soit une baisse de 31,5\u00a0%<\/strong><\/p>\n\n\n\n<p><strong>Voici la v\u00e9rit\u00e9 des chiffres sur 2025 sur la politique Logement du D\u00e9partement de l&rsquo;Is\u00e8re. Face \u00e0 cette r\u00e9alit\u00e9, malgr\u00e9 un contexte qui ne cesse de s\u2019aggraver d\u2019ann\u00e9e en ann\u00e9e, la majorit\u00e9 choisit de diminuer les cr\u00e9dits<\/strong> et<strong> justifie la baisse cruelle des moyens pour satisfaire les besoins les plus essentiels de nos concitoyens.<\/strong><\/p>\n","protected":false},"excerpt":{"rendered":"<p>Pr\u00e9carit\u00e9 \u00e9nerg\u00e9tique, mal logement, habitat indigne, hausse des co\u00fbts de l\u2019\u00e9nergie, hausse des co\u00fbts de l\u2019immobilier, difficult\u00e9s d\u2019acc\u00e8s &hellip; <\/p>\n","protected":false},"author":8,"featured_media":684333,"comment_status":"open","ping_status":"open","sticky":false,"template":"","format":"standard","meta":{"footnotes":""},"categories":[12,321],"tags":[339,253,252,338,150,254],"class_list":["post-684332","post","type-post","status-publish","format-standard","has-post-thumbnail","hentry","category-environnement-et-transition-ecologique","category-seance-publique-budget-primitif-2025-mars-2025","tag-aides-a-la-pierre","tag-fonds-de-solidarite-logement","tag-fsl","tag-hlm","tag-logement","tag-renovation-thermique"],"yoast_head":"<!-- This site is optimized with the Yoast SEO plugin v27.5 - https:\/\/yoast.com\/product\/yoast-seo-wordpress\/ -->\n<title>La majorit\u00e9 sabre dans le budget logement - D\u00e9partement de l&#039;Is\u00e8re<\/title>\n<meta name=\"robots\" content=\"index, follow, max-snippet:-1, max-image-preview:large, max-video-preview:-1\" \/>\n<link rel=\"canonical\" href=\"https:\/\/www.uges-isere.fr\/index.php\/2025\/04\/05\/la-majorite-sabre-dans-le-budget-logement\/\" \/>\n<meta property=\"og:locale\" content=\"fr_FR\" \/>\n<meta property=\"og:type\" content=\"article\" \/>\n<meta property=\"og:title\" content=\"La majorit\u00e9 sabre dans le budget logement - D\u00e9partement de l&#039;Is\u00e8re\" \/>\n<meta property=\"og:description\" content=\"Pr\u00e9carit\u00e9 \u00e9nerg\u00e9tique, mal logement, habitat indigne, hausse des co\u00fbts de l\u2019\u00e9nergie, hausse des co\u00fbts de l\u2019immobilier, difficult\u00e9s d\u2019acc\u00e8s &hellip;\" \/>\n<meta property=\"og:url\" content=\"https:\/\/www.uges-isere.fr\/index.php\/2025\/04\/05\/la-majorite-sabre-dans-le-budget-logement\/\" \/>\n<meta property=\"og:site_name\" content=\"D\u00e9partement de l&#039;Is\u00e8re\" \/>\n<meta property=\"article:publisher\" content=\"https:\/\/www.facebook.com\/LePrintemps38\" \/>\n<meta property=\"article:published_time\" content=\"2025-04-05T12:11:53+00:00\" \/>\n<meta property=\"article:modified_time\" content=\"2025-05-27T12:25:19+00:00\" \/>\n<meta property=\"og:image\" content=\"https:\/\/www.uges-isere.fr\/wp-content\/uploads\/2025\/05\/industry-3286745_1280.jpg\" \/>\n\t<meta property=\"og:image:width\" content=\"1280\" \/>\n\t<meta property=\"og:image:height\" content=\"850\" \/>\n\t<meta property=\"og:image:type\" content=\"image\/jpeg\" \/>\n<meta name=\"author\" content=\"ThibaudUGES38\" \/>\n<meta name=\"twitter:card\" content=\"summary_large_image\" \/>\n<meta name=\"twitter:creator\" content=\"@GroupeUGES38\" \/>\n<meta name=\"twitter:site\" content=\"@GroupeUGES38\" \/>\n<meta name=\"twitter:label1\" content=\"\u00c9crit par\" \/>\n\t<meta name=\"twitter:data1\" content=\"ThibaudUGES38\" \/>\n\t<meta name=\"twitter:label2\" content=\"Dur\u00e9e de lecture estim\u00e9e\" \/>\n\t<meta name=\"twitter:data2\" content=\"3 minutes\" \/>\n<script type=\"application\/ld+json\" class=\"yoast-schema-graph\">{\"@context\":\"https:\\\/\\\/schema.org\",\"@graph\":[{\"@type\":\"Article\",\"@id\":\"https:\\\/\\\/www.uges-isere.fr\\\/index.php\\\/2025\\\/04\\\/05\\\/la-majorite-sabre-dans-le-budget-logement\\\/#article\",\"isPartOf\":{\"@id\":\"https:\\\/\\\/www.uges-isere.fr\\\/index.php\\\/2025\\\/04\\\/05\\\/la-majorite-sabre-dans-le-budget-logement\\\/\"},\"author\":{\"name\":\"ThibaudUGES38\",\"@id\":\"https:\\\/\\\/www.uges-isere.fr\\\/#\\\/schema\\\/person\\\/a200926d67119314e8837b6a085de83a\"},\"headline\":\"La majorit\u00e9 sabre dans le budget logement\",\"datePublished\":\"2025-04-05T12:11:53+00:00\",\"dateModified\":\"2025-05-27T12:25:19+00:00\",\"mainEntityOfPage\":{\"@id\":\"https:\\\/\\\/www.uges-isere.fr\\\/index.php\\\/2025\\\/04\\\/05\\\/la-majorite-sabre-dans-le-budget-logement\\\/\"},\"wordCount\":510,\"commentCount\":0,\"publisher\":{\"@id\":\"https:\\\/\\\/www.uges-isere.fr\\\/#organization\"},\"image\":{\"@id\":\"https:\\\/\\\/www.uges-isere.fr\\\/index.php\\\/2025\\\/04\\\/05\\\/la-majorite-sabre-dans-le-budget-logement\\\/#primaryimage\"},\"thumbnailUrl\":\"https:\\\/\\\/www.uges-isere.fr\\\/wp-content\\\/uploads\\\/2025\\\/05\\\/industry-3286745_1280.jpg\",\"keywords\":[\"aides \u00e0 la pierre\",\"Fonds de solidarit\u00e9 logement\",\"FSL\",\"HLM\",\"logement\",\"r\u00e9novation thermique\"],\"articleSection\":[\"Environnement et transition \u00e9cologique\",\"S\u00e9ance publique (Budget primitif 2025) - Mars 2025\"],\"inLanguage\":\"fr-FR\",\"potentialAction\":[{\"@type\":\"CommentAction\",\"name\":\"Comment\",\"target\":[\"https:\\\/\\\/www.uges-isere.fr\\\/index.php\\\/2025\\\/04\\\/05\\\/la-majorite-sabre-dans-le-budget-logement\\\/#respond\"]}]},{\"@type\":\"WebPage\",\"@id\":\"https:\\\/\\\/www.uges-isere.fr\\\/index.php\\\/2025\\\/04\\\/05\\\/la-majorite-sabre-dans-le-budget-logement\\\/\",\"url\":\"https:\\\/\\\/www.uges-isere.fr\\\/index.php\\\/2025\\\/04\\\/05\\\/la-majorite-sabre-dans-le-budget-logement\\\/\",\"name\":\"La majorit\u00e9 sabre dans le budget logement - D\u00e9partement de l&#039;Is\u00e8re\",\"isPartOf\":{\"@id\":\"https:\\\/\\\/www.uges-isere.fr\\\/#website\"},\"primaryImageOfPage\":{\"@id\":\"https:\\\/\\\/www.uges-isere.fr\\\/index.php\\\/2025\\\/04\\\/05\\\/la-majorite-sabre-dans-le-budget-logement\\\/#primaryimage\"},\"image\":{\"@id\":\"https:\\\/\\\/www.uges-isere.fr\\\/index.php\\\/2025\\\/04\\\/05\\\/la-majorite-sabre-dans-le-budget-logement\\\/#primaryimage\"},\"thumbnailUrl\":\"https:\\\/\\\/www.uges-isere.fr\\\/wp-content\\\/uploads\\\/2025\\\/05\\\/industry-3286745_1280.jpg\",\"datePublished\":\"2025-04-05T12:11:53+00:00\",\"dateModified\":\"2025-05-27T12:25:19+00:00\",\"breadcrumb\":{\"@id\":\"https:\\\/\\\/www.uges-isere.fr\\\/index.php\\\/2025\\\/04\\\/05\\\/la-majorite-sabre-dans-le-budget-logement\\\/#breadcrumb\"},\"inLanguage\":\"fr-FR\",\"potentialAction\":[{\"@type\":\"ReadAction\",\"target\":[\"https:\\\/\\\/www.uges-isere.fr\\\/index.php\\\/2025\\\/04\\\/05\\\/la-majorite-sabre-dans-le-budget-logement\\\/\"]}]},{\"@type\":\"ImageObject\",\"inLanguage\":\"fr-FR\",\"@id\":\"https:\\\/\\\/www.uges-isere.fr\\\/index.php\\\/2025\\\/04\\\/05\\\/la-majorite-sabre-dans-le-budget-logement\\\/#primaryimage\",\"url\":\"https:\\\/\\\/www.uges-isere.fr\\\/wp-content\\\/uploads\\\/2025\\\/05\\\/industry-3286745_1280.jpg\",\"contentUrl\":\"https:\\\/\\\/www.uges-isere.fr\\\/wp-content\\\/uploads\\\/2025\\\/05\\\/industry-3286745_1280.jpg\",\"width\":1280,\"height\":850},{\"@type\":\"BreadcrumbList\",\"@id\":\"https:\\\/\\\/www.uges-isere.fr\\\/index.php\\\/2025\\\/04\\\/05\\\/la-majorite-sabre-dans-le-budget-logement\\\/#breadcrumb\",\"itemListElement\":[{\"@type\":\"ListItem\",\"position\":1,\"name\":\"Accueil\",\"item\":\"https:\\\/\\\/www.uges-isere.fr\\\/\"},{\"@type\":\"ListItem\",\"position\":2,\"name\":\"La majorit\u00e9 sabre dans le budget logement\"}]},{\"@type\":\"WebSite\",\"@id\":\"https:\\\/\\\/www.uges-isere.fr\\\/#website\",\"url\":\"https:\\\/\\\/www.uges-isere.fr\\\/\",\"name\":\"D\u00e9partement de l&#039;Is\u00e8re\",\"description\":\"Groupe d&#039;opposition UGES\",\"publisher\":{\"@id\":\"https:\\\/\\\/www.uges-isere.fr\\\/#organization\"},\"potentialAction\":[{\"@type\":\"SearchAction\",\"target\":{\"@type\":\"EntryPoint\",\"urlTemplate\":\"https:\\\/\\\/www.uges-isere.fr\\\/?s={search_term_string}\"},\"query-input\":{\"@type\":\"PropertyValueSpecification\",\"valueRequired\":true,\"valueName\":\"search_term_string\"}}],\"inLanguage\":\"fr-FR\"},{\"@type\":\"Organization\",\"@id\":\"https:\\\/\\\/www.uges-isere.fr\\\/#organization\",\"name\":\"D\u00e9partement de l'Is\u00e8re\",\"url\":\"https:\\\/\\\/www.uges-isere.fr\\\/\",\"logo\":{\"@type\":\"ImageObject\",\"inLanguage\":\"fr-FR\",\"@id\":\"https:\\\/\\\/www.uges-isere.fr\\\/#\\\/schema\\\/logo\\\/image\\\/\",\"url\":\"https:\\\/\\\/www.uges-isere.fr\\\/wp-content\\\/uploads\\\/2021\\\/10\\\/logo-ok.png\",\"contentUrl\":\"https:\\\/\\\/www.uges-isere.fr\\\/wp-content\\\/uploads\\\/2021\\\/10\\\/logo-ok.png\",\"width\":2859,\"height\":1816,\"caption\":\"D\u00e9partement de l'Is\u00e8re\"},\"image\":{\"@id\":\"https:\\\/\\\/www.uges-isere.fr\\\/#\\\/schema\\\/logo\\\/image\\\/\"},\"sameAs\":[\"https:\\\/\\\/www.facebook.com\\\/LePrintemps38\",\"https:\\\/\\\/x.com\\\/GroupeUGES38\"]},{\"@type\":\"Person\",\"@id\":\"https:\\\/\\\/www.uges-isere.fr\\\/#\\\/schema\\\/person\\\/a200926d67119314e8837b6a085de83a\",\"name\":\"ThibaudUGES38\",\"image\":{\"@type\":\"ImageObject\",\"inLanguage\":\"fr-FR\",\"@id\":\"https:\\\/\\\/secure.gravatar.com\\\/avatar\\\/e182ebfe597e409aafe3378f828607b2b757ed94a3489b20112818296e03b151?s=96&d=mm&r=g\",\"url\":\"https:\\\/\\\/secure.gravatar.com\\\/avatar\\\/e182ebfe597e409aafe3378f828607b2b757ed94a3489b20112818296e03b151?s=96&d=mm&r=g\",\"contentUrl\":\"https:\\\/\\\/secure.gravatar.com\\\/avatar\\\/e182ebfe597e409aafe3378f828607b2b757ed94a3489b20112818296e03b151?s=96&d=mm&r=g\",\"caption\":\"ThibaudUGES38\"},\"url\":\"https:\\\/\\\/www.uges-isere.fr\\\/index.php\\\/author\\\/thibauduges38\\\/\"}]}<\/script>\n<!-- \/ Yoast SEO plugin. -->","yoast_head_json":{"title":"La majorit\u00e9 sabre dans le budget logement - D\u00e9partement de l&#039;Is\u00e8re","robots":{"index":"index","follow":"follow","max-snippet":"max-snippet:-1","max-image-preview":"max-image-preview:large","max-video-preview":"max-video-preview:-1"},"canonical":"https:\/\/www.uges-isere.fr\/index.php\/2025\/04\/05\/la-majorite-sabre-dans-le-budget-logement\/","og_locale":"fr_FR","og_type":"article","og_title":"La majorit\u00e9 sabre dans le budget logement - D\u00e9partement de l&#039;Is\u00e8re","og_description":"Pr\u00e9carit\u00e9 \u00e9nerg\u00e9tique, mal logement, habitat indigne, hausse des co\u00fbts de l\u2019\u00e9nergie, hausse des co\u00fbts de l\u2019immobilier, difficult\u00e9s d\u2019acc\u00e8s &hellip;","og_url":"https:\/\/www.uges-isere.fr\/index.php\/2025\/04\/05\/la-majorite-sabre-dans-le-budget-logement\/","og_site_name":"D\u00e9partement de l&#039;Is\u00e8re","article_publisher":"https:\/\/www.facebook.com\/LePrintemps38","article_published_time":"2025-04-05T12:11:53+00:00","article_modified_time":"2025-05-27T12:25:19+00:00","og_image":[{"width":1280,"height":850,"url":"https:\/\/www.uges-isere.fr\/wp-content\/uploads\/2025\/05\/industry-3286745_1280.jpg","type":"image\/jpeg"}],"author":"ThibaudUGES38","twitter_card":"summary_large_image","twitter_creator":"@GroupeUGES38","twitter_site":"@GroupeUGES38","twitter_misc":{"\u00c9crit par":"ThibaudUGES38","Dur\u00e9e de lecture estim\u00e9e":"3 minutes"},"schema":{"@context":"https:\/\/schema.org","@graph":[{"@type":"Article","@id":"https:\/\/www.uges-isere.fr\/index.php\/2025\/04\/05\/la-majorite-sabre-dans-le-budget-logement\/#article","isPartOf":{"@id":"https:\/\/www.uges-isere.fr\/index.php\/2025\/04\/05\/la-majorite-sabre-dans-le-budget-logement\/"},"author":{"name":"ThibaudUGES38","@id":"https:\/\/www.uges-isere.fr\/#\/schema\/person\/a200926d67119314e8837b6a085de83a"},"headline":"La majorit\u00e9 sabre dans le budget logement","datePublished":"2025-04-05T12:11:53+00:00","dateModified":"2025-05-27T12:25:19+00:00","mainEntityOfPage":{"@id":"https:\/\/www.uges-isere.fr\/index.php\/2025\/04\/05\/la-majorite-sabre-dans-le-budget-logement\/"},"wordCount":510,"commentCount":0,"publisher":{"@id":"https:\/\/www.uges-isere.fr\/#organization"},"image":{"@id":"https:\/\/www.uges-isere.fr\/index.php\/2025\/04\/05\/la-majorite-sabre-dans-le-budget-logement\/#primaryimage"},"thumbnailUrl":"https:\/\/www.uges-isere.fr\/wp-content\/uploads\/2025\/05\/industry-3286745_1280.jpg","keywords":["aides \u00e0 la pierre","Fonds de solidarit\u00e9 logement","FSL","HLM","logement","r\u00e9novation thermique"],"articleSection":["Environnement et transition \u00e9cologique","S\u00e9ance publique (Budget primitif 2025) - Mars 2025"],"inLanguage":"fr-FR","potentialAction":[{"@type":"CommentAction","name":"Comment","target":["https:\/\/www.uges-isere.fr\/index.php\/2025\/04\/05\/la-majorite-sabre-dans-le-budget-logement\/#respond"]}]},{"@type":"WebPage","@id":"https:\/\/www.uges-isere.fr\/index.php\/2025\/04\/05\/la-majorite-sabre-dans-le-budget-logement\/","url":"https:\/\/www.uges-isere.fr\/index.php\/2025\/04\/05\/la-majorite-sabre-dans-le-budget-logement\/","name":"La majorit\u00e9 sabre dans le budget logement - D\u00e9partement de l&#039;Is\u00e8re","isPartOf":{"@id":"https:\/\/www.uges-isere.fr\/#website"},"primaryImageOfPage":{"@id":"https:\/\/www.uges-isere.fr\/index.php\/2025\/04\/05\/la-majorite-sabre-dans-le-budget-logement\/#primaryimage"},"image":{"@id":"https:\/\/www.uges-isere.fr\/index.php\/2025\/04\/05\/la-majorite-sabre-dans-le-budget-logement\/#primaryimage"},"thumbnailUrl":"https:\/\/www.uges-isere.fr\/wp-content\/uploads\/2025\/05\/industry-3286745_1280.jpg","datePublished":"2025-04-05T12:11:53+00:00","dateModified":"2025-05-27T12:25:19+00:00","breadcrumb":{"@id":"https:\/\/www.uges-isere.fr\/index.php\/2025\/04\/05\/la-majorite-sabre-dans-le-budget-logement\/#breadcrumb"},"inLanguage":"fr-FR","potentialAction":[{"@type":"ReadAction","target":["https:\/\/www.uges-isere.fr\/index.php\/2025\/04\/05\/la-majorite-sabre-dans-le-budget-logement\/"]}]},{"@type":"ImageObject","inLanguage":"fr-FR","@id":"https:\/\/www.uges-isere.fr\/index.php\/2025\/04\/05\/la-majorite-sabre-dans-le-budget-logement\/#primaryimage","url":"https:\/\/www.uges-isere.fr\/wp-content\/uploads\/2025\/05\/industry-3286745_1280.jpg","contentUrl":"https:\/\/www.uges-isere.fr\/wp-content\/uploads\/2025\/05\/industry-3286745_1280.jpg","width":1280,"height":850},{"@type":"BreadcrumbList","@id":"https:\/\/www.uges-isere.fr\/index.php\/2025\/04\/05\/la-majorite-sabre-dans-le-budget-logement\/#breadcrumb","itemListElement":[{"@type":"ListItem","position":1,"name":"Accueil","item":"https:\/\/www.uges-isere.fr\/"},{"@type":"ListItem","position":2,"name":"La majorit\u00e9 sabre dans le budget logement"}]},{"@type":"WebSite","@id":"https:\/\/www.uges-isere.fr\/#website","url":"https:\/\/www.uges-isere.fr\/","name":"D\u00e9partement de l&#039;Is\u00e8re","description":"Groupe d&#039;opposition UGES","publisher":{"@id":"https:\/\/www.uges-isere.fr\/#organization"},"potentialAction":[{"@type":"SearchAction","target":{"@type":"EntryPoint","urlTemplate":"https:\/\/www.uges-isere.fr\/?s={search_term_string}"},"query-input":{"@type":"PropertyValueSpecification","valueRequired":true,"valueName":"search_term_string"}}],"inLanguage":"fr-FR"},{"@type":"Organization","@id":"https:\/\/www.uges-isere.fr\/#organization","name":"D\u00e9partement de l'Is\u00e8re","url":"https:\/\/www.uges-isere.fr\/","logo":{"@type":"ImageObject","inLanguage":"fr-FR","@id":"https:\/\/www.uges-isere.fr\/#\/schema\/logo\/image\/","url":"https:\/\/www.uges-isere.fr\/wp-content\/uploads\/2021\/10\/logo-ok.png","contentUrl":"https:\/\/www.uges-isere.fr\/wp-content\/uploads\/2021\/10\/logo-ok.png","width":2859,"height":1816,"caption":"D\u00e9partement de l'Is\u00e8re"},"image":{"@id":"https:\/\/www.uges-isere.fr\/#\/schema\/logo\/image\/"},"sameAs":["https:\/\/www.facebook.com\/LePrintemps38","https:\/\/x.com\/GroupeUGES38"]},{"@type":"Person","@id":"https:\/\/www.uges-isere.fr\/#\/schema\/person\/a200926d67119314e8837b6a085de83a","name":"ThibaudUGES38","image":{"@type":"ImageObject","inLanguage":"fr-FR","@id":"https:\/\/secure.gravatar.com\/avatar\/e182ebfe597e409aafe3378f828607b2b757ed94a3489b20112818296e03b151?s=96&d=mm&r=g","url":"https:\/\/secure.gravatar.com\/avatar\/e182ebfe597e409aafe3378f828607b2b757ed94a3489b20112818296e03b151?s=96&d=mm&r=g","contentUrl":"https:\/\/secure.gravatar.com\/avatar\/e182ebfe597e409aafe3378f828607b2b757ed94a3489b20112818296e03b151?s=96&d=mm&r=g","caption":"ThibaudUGES38"},"url":"https:\/\/www.uges-isere.fr\/index.php\/author\/thibauduges38\/"}]}},"_links":{"self":[{"href":"https:\/\/www.uges-isere.fr\/index.php\/wp-json\/wp\/v2\/posts\/684332","targetHints":{"allow":["GET"]}}],"collection":[{"href":"https:\/\/www.uges-isere.fr\/index.php\/wp-json\/wp\/v2\/posts"}],"about":[{"href":"https:\/\/www.uges-isere.fr\/index.php\/wp-json\/wp\/v2\/types\/post"}],"author":[{"embeddable":true,"href":"https:\/\/www.uges-isere.fr\/index.php\/wp-json\/wp\/v2\/users\/8"}],"replies":[{"embeddable":true,"href":"https:\/\/www.uges-isere.fr\/index.php\/wp-json\/wp\/v2\/comments?post=684332"}],"version-history":[{"count":1,"href":"https:\/\/www.uges-isere.fr\/index.php\/wp-json\/wp\/v2\/posts\/684332\/revisions"}],"predecessor-version":[{"id":684334,"href":"https:\/\/www.uges-isere.fr\/index.php\/wp-json\/wp\/v2\/posts\/684332\/revisions\/684334"}],"wp:featuredmedia":[{"embeddable":true,"href":"https:\/\/www.uges-isere.fr\/index.php\/wp-json\/wp\/v2\/media\/684333"}],"wp:attachment":[{"href":"https:\/\/www.uges-isere.fr\/index.php\/wp-json\/wp\/v2\/media?parent=684332"}],"wp:term":[{"taxonomy":"category","embeddable":true,"href":"https:\/\/www.uges-isere.fr\/index.php\/wp-json\/wp\/v2\/categories?post=684332"},{"taxonomy":"post_tag","embeddable":true,"href":"https:\/\/www.uges-isere.fr\/index.php\/wp-json\/wp\/v2\/tags?post=684332"}],"curies":[{"name":"wp","href":"https:\/\/api.w.org\/{rel}","templated":true}]}}