{"id":684326,"date":"2025-04-03T12:12:50","date_gmt":"2025-04-03T10:12:50","guid":{"rendered":"https:\/\/www.uges-isere.fr\/?p=684326"},"modified":"2025-05-27T12:38:55","modified_gmt":"2025-05-27T10:38:55","slug":"le-departement-se-desengage-de-la-filiere-foret-bois","status":"publish","type":"post","link":"https:\/\/www.uges-isere.fr\/index.php\/2025\/04\/03\/le-departement-se-desengage-de-la-filiere-foret-bois\/","title":{"rendered":"Le D\u00e9partement se d\u00e9sengage de la fili\u00e8re for\u00eat-bois"},"content":{"rendered":"\n<p>Daniel Bessiron est intervenu dans le cadre des d\u00e9bats budg\u00e9taires 2025 pour d\u00e9noncer le retrait du D\u00e9partement de plusieurs dispositifs en faveur de la for\u00eat et fili\u00e8re bois alors que les enjeux environnementaux sont essentiels.<\/p>\n\n\n\n<p>Pour rappel, \u00e0 l\u2019\u00e9chelle de nos territoires communaux, d\u00e9partementaux et nationaux, <strong>la gestion des for\u00eats et le d\u00e9veloppement de la fili\u00e8re bois passe in\u00e9vitablement par des politiques ambitieuses <\/strong>et le D\u00e9partement de l\u2019Is\u00e8re s\u2019est engag\u00e9 aupr\u00e8s des acteurs de cette fili\u00e8re depuis de tr\u00e8s nombreuses ann\u00e9es.<\/p>\n\n\n\n<p>En Is\u00e8re, la fili\u00e8re for\u00eat-bois compte 3000 entreprises et emploie 8500 salari\u00e9s. Les surfaces bois\u00e9es repr\u00e9sentent 42 % de notre territoire Is\u00e9rois soit environ 320 000 ha. Si l\u2019on regarde \u00e0 l\u2019\u00e9chelle M\u00e9tropolitaine, la for\u00eat repr\u00e9sente environ 60% de la surface et nombreuses sont les parcelles priv\u00e9es de moins d\u2019un hectare qui ne sont pas entretenues. Que la for\u00eat soit p\u00e9riurbaine, rurale ou montagnarde elle repr\u00e9sente de multiples enjeux pour les Is\u00e9rois-es. <strong>C&rsquo;est pourquoi, nous nous devons d&rsquo;avoir un D\u00e9partement de l&rsquo;Is\u00e8re qui reste dynamique, visionnaire et qui agit r\u00e9ellement pour l&rsquo;ensemble de cette fili\u00e8re foresti\u00e8re.<\/strong><\/p>\n\n\n\n<p>Dans le cadre des inscriptions budg\u00e9taires pr\u00e9sent\u00e9es en 2025<strong>, nous constatons qu\u2019il n\u2019est plus inscrit de cr\u00e9dits pour de nouvelles aides en 2025 pour la fili\u00e8re foresti\u00e8re<\/strong>. Visiblement, le D\u00e9partement se d\u00e9sengage, en laissant les autres partenaires institutionnels prendre la suite (Feader, R\u00e9gion, Etat\u2026)<\/p>\n\n\n\n<p>A travers le budget propos\u00e9 pour les for\u00eats et la fili\u00e8re bois, nous d\u00e9plorons d\u00e9j\u00e0\u00a0 <strong>une baisse continue entre les ann\u00e9es 2021 et 2025  <\/strong>(922 000 \u20ac en 2021 \/ 757 000 \u20ac en 2025) et si on soustrait les restes \u00e0 r\u00e9aliser concernant les projets engag\u00e9s les ann\u00e9es pr\u00e9c\u00e9dentes nous sommes \u00e0 une r\u00e9alit\u00e9 budg\u00e9taire de 443 000 \u20ac qui repr\u00e9sente une <strong>diminution de plus de 50 %.<\/strong> Alors que nous savons que les acteurs de cette fili\u00e8re font souvent appel \u00e0 ce qui est commun\u00e9ment appel\u00e9 <strong>des financements crois\u00e9s<\/strong> pour permettre l\u2019aboutissement des projets et tendre vers l\u2019acceptabilit\u00e9 des d\u00e9penses par rapport \u00e0 la rentabilit\u00e9 \u00e9conomique imm\u00e9diate de l\u2019exploitation foresti\u00e8re envisag\u00e9e.<\/p>\n\n\n\n<p>Pour autant, pour r\u00e9pondre aux enjeux de d\u00e9veloppement durable nous devrions tendre vers un territoire \u00e0 \u00e9nergie positive et la fili\u00e8re bois \u00e9nergie constitue un r\u00e9el enjeu pour notre d\u00e9partement o\u00f9 un potentiel de d\u00e9veloppement existe. <strong>Il est indispensable de tenir compte des enjeux environnementaux, de l&rsquo;utilisation d&rsquo;une \u00e9nergie renouvelable, de la construction en bois local et des enjeux \u00e9conomiques par la mise en place de circuits de proximit\u00e9 au sein des territoires.<\/strong><\/p>\n\n\n\n<p>C&rsquo;est dans cet <strong>objectif de valorisation des for\u00eats locales et de respect de l&rsquo;environnement par l&rsquo;utilisation d&rsquo;une ressource de proximit\u00e9<\/strong> que le D\u00e9partement de l&rsquo;Is\u00e8re aurait d\u00fb choisir de continuer \u00e0 soutenir le d\u00e9veloppement des fili\u00e8res foresti\u00e8res bois \u00e9nergie et bois d&rsquo;\u0153uvre car nous avons un v\u00e9ritable r\u00f4le \u00e0 jouer pour garantir la valorisation de nos ressources.<\/p>\n\n\n\n<p><strong>Qu\u2019en sera-t-il demain de la survie, de l\u2019entretien et de l\u2019exploitation de nos for\u00eats et de la gestion des indispensables pistes foresti\u00e8res et autres am\u00e9nagements, qu\u2019en sera-t-il des aides accord\u00e9es jusqu\u2019\u00e0 pr\u00e9sent par le D\u00e9partement aux exploitants forestiers, scieurs\u2026 Comment rendre cette fili\u00e8re attractive si nous la l\u00e2chons !<\/strong><\/p>\n","protected":false},"excerpt":{"rendered":"<p>Daniel Bessiron est intervenu dans le cadre des d\u00e9bats budg\u00e9taires 2025 pour d\u00e9noncer le retrait du D\u00e9partement de &hellip; <\/p>\n","protected":false},"author":8,"featured_media":684327,"comment_status":"open","ping_status":"open","sticky":false,"template":"","format":"standard","meta":{"footnotes":""},"categories":[12,321],"tags":[],"class_list":["post-684326","post","type-post","status-publish","format-standard","has-post-thumbnail","hentry","category-environnement-et-transition-ecologique","category-seance-publique-budget-primitif-2025-mars-2025"],"yoast_head":"<!-- This site is optimized with the Yoast SEO plugin v27.5 - https:\/\/yoast.com\/product\/yoast-seo-wordpress\/ -->\n<title>Le D\u00e9partement se d\u00e9sengage de la fili\u00e8re for\u00eat-bois - D\u00e9partement de l&#039;Is\u00e8re<\/title>\n<meta name=\"robots\" content=\"index, follow, max-snippet:-1, max-image-preview:large, max-video-preview:-1\" \/>\n<link rel=\"canonical\" href=\"https:\/\/www.uges-isere.fr\/index.php\/2025\/04\/03\/le-departement-se-desengage-de-la-filiere-foret-bois\/\" \/>\n<meta property=\"og:locale\" content=\"fr_FR\" \/>\n<meta property=\"og:type\" content=\"article\" \/>\n<meta property=\"og:title\" content=\"Le D\u00e9partement se d\u00e9sengage de la fili\u00e8re for\u00eat-bois - D\u00e9partement de l&#039;Is\u00e8re\" \/>\n<meta property=\"og:description\" content=\"Daniel Bessiron est intervenu dans le cadre des d\u00e9bats budg\u00e9taires 2025 pour d\u00e9noncer le retrait du D\u00e9partement de &hellip;\" \/>\n<meta property=\"og:url\" content=\"https:\/\/www.uges-isere.fr\/index.php\/2025\/04\/03\/le-departement-se-desengage-de-la-filiere-foret-bois\/\" \/>\n<meta property=\"og:site_name\" content=\"D\u00e9partement de l&#039;Is\u00e8re\" \/>\n<meta property=\"article:publisher\" content=\"https:\/\/www.facebook.com\/LePrintemps38\" \/>\n<meta property=\"article:published_time\" content=\"2025-04-03T10:12:50+00:00\" \/>\n<meta property=\"article:modified_time\" content=\"2025-05-27T10:38:55+00:00\" \/>\n<meta property=\"og:image\" content=\"https:\/\/www.uges-isere.fr\/wp-content\/uploads\/2025\/05\/wood-1868104_1280.jpg\" \/>\n\t<meta property=\"og:image:width\" content=\"1280\" \/>\n\t<meta property=\"og:image:height\" content=\"853\" \/>\n\t<meta property=\"og:image:type\" content=\"image\/jpeg\" \/>\n<meta name=\"author\" content=\"ThibaudUGES38\" \/>\n<meta name=\"twitter:card\" content=\"summary_large_image\" \/>\n<meta name=\"twitter:creator\" content=\"@GroupeUGES38\" \/>\n<meta name=\"twitter:site\" content=\"@GroupeUGES38\" \/>\n<meta name=\"twitter:label1\" content=\"\u00c9crit par\" \/>\n\t<meta name=\"twitter:data1\" content=\"ThibaudUGES38\" \/>\n\t<meta name=\"twitter:label2\" content=\"Dur\u00e9e de lecture estim\u00e9e\" \/>\n\t<meta name=\"twitter:data2\" content=\"3 minutes\" \/>\n<script type=\"application\/ld+json\" class=\"yoast-schema-graph\">{\"@context\":\"https:\\\/\\\/schema.org\",\"@graph\":[{\"@type\":\"Article\",\"@id\":\"https:\\\/\\\/www.uges-isere.fr\\\/index.php\\\/2025\\\/04\\\/03\\\/le-departement-se-desengage-de-la-filiere-foret-bois\\\/#article\",\"isPartOf\":{\"@id\":\"https:\\\/\\\/www.uges-isere.fr\\\/index.php\\\/2025\\\/04\\\/03\\\/le-departement-se-desengage-de-la-filiere-foret-bois\\\/\"},\"author\":{\"name\":\"ThibaudUGES38\",\"@id\":\"https:\\\/\\\/www.uges-isere.fr\\\/#\\\/schema\\\/person\\\/a200926d67119314e8837b6a085de83a\"},\"headline\":\"Le D\u00e9partement se d\u00e9sengage de la fili\u00e8re for\u00eat-bois\",\"datePublished\":\"2025-04-03T10:12:50+00:00\",\"dateModified\":\"2025-05-27T10:38:55+00:00\",\"mainEntityOfPage\":{\"@id\":\"https:\\\/\\\/www.uges-isere.fr\\\/index.php\\\/2025\\\/04\\\/03\\\/le-departement-se-desengage-de-la-filiere-foret-bois\\\/\"},\"wordCount\":593,\"commentCount\":0,\"publisher\":{\"@id\":\"https:\\\/\\\/www.uges-isere.fr\\\/#organization\"},\"image\":{\"@id\":\"https:\\\/\\\/www.uges-isere.fr\\\/index.php\\\/2025\\\/04\\\/03\\\/le-departement-se-desengage-de-la-filiere-foret-bois\\\/#primaryimage\"},\"thumbnailUrl\":\"https:\\\/\\\/www.uges-isere.fr\\\/wp-content\\\/uploads\\\/2025\\\/05\\\/wood-1868104_1280.jpg\",\"articleSection\":[\"Environnement et transition \u00e9cologique\",\"S\u00e9ance publique (Budget primitif 2025) - Mars 2025\"],\"inLanguage\":\"fr-FR\",\"potentialAction\":[{\"@type\":\"CommentAction\",\"name\":\"Comment\",\"target\":[\"https:\\\/\\\/www.uges-isere.fr\\\/index.php\\\/2025\\\/04\\\/03\\\/le-departement-se-desengage-de-la-filiere-foret-bois\\\/#respond\"]}]},{\"@type\":\"WebPage\",\"@id\":\"https:\\\/\\\/www.uges-isere.fr\\\/index.php\\\/2025\\\/04\\\/03\\\/le-departement-se-desengage-de-la-filiere-foret-bois\\\/\",\"url\":\"https:\\\/\\\/www.uges-isere.fr\\\/index.php\\\/2025\\\/04\\\/03\\\/le-departement-se-desengage-de-la-filiere-foret-bois\\\/\",\"name\":\"Le D\u00e9partement se d\u00e9sengage de la fili\u00e8re for\u00eat-bois - D\u00e9partement de l&#039;Is\u00e8re\",\"isPartOf\":{\"@id\":\"https:\\\/\\\/www.uges-isere.fr\\\/#website\"},\"primaryImageOfPage\":{\"@id\":\"https:\\\/\\\/www.uges-isere.fr\\\/index.php\\\/2025\\\/04\\\/03\\\/le-departement-se-desengage-de-la-filiere-foret-bois\\\/#primaryimage\"},\"image\":{\"@id\":\"https:\\\/\\\/www.uges-isere.fr\\\/index.php\\\/2025\\\/04\\\/03\\\/le-departement-se-desengage-de-la-filiere-foret-bois\\\/#primaryimage\"},\"thumbnailUrl\":\"https:\\\/\\\/www.uges-isere.fr\\\/wp-content\\\/uploads\\\/2025\\\/05\\\/wood-1868104_1280.jpg\",\"datePublished\":\"2025-04-03T10:12:50+00:00\",\"dateModified\":\"2025-05-27T10:38:55+00:00\",\"breadcrumb\":{\"@id\":\"https:\\\/\\\/www.uges-isere.fr\\\/index.php\\\/2025\\\/04\\\/03\\\/le-departement-se-desengage-de-la-filiere-foret-bois\\\/#breadcrumb\"},\"inLanguage\":\"fr-FR\",\"potentialAction\":[{\"@type\":\"ReadAction\",\"target\":[\"https:\\\/\\\/www.uges-isere.fr\\\/index.php\\\/2025\\\/04\\\/03\\\/le-departement-se-desengage-de-la-filiere-foret-bois\\\/\"]}]},{\"@type\":\"ImageObject\",\"inLanguage\":\"fr-FR\",\"@id\":\"https:\\\/\\\/www.uges-isere.fr\\\/index.php\\\/2025\\\/04\\\/03\\\/le-departement-se-desengage-de-la-filiere-foret-bois\\\/#primaryimage\",\"url\":\"https:\\\/\\\/www.uges-isere.fr\\\/wp-content\\\/uploads\\\/2025\\\/05\\\/wood-1868104_1280.jpg\",\"contentUrl\":\"https:\\\/\\\/www.uges-isere.fr\\\/wp-content\\\/uploads\\\/2025\\\/05\\\/wood-1868104_1280.jpg\",\"width\":1280,\"height\":853},{\"@type\":\"BreadcrumbList\",\"@id\":\"https:\\\/\\\/www.uges-isere.fr\\\/index.php\\\/2025\\\/04\\\/03\\\/le-departement-se-desengage-de-la-filiere-foret-bois\\\/#breadcrumb\",\"itemListElement\":[{\"@type\":\"ListItem\",\"position\":1,\"name\":\"Accueil\",\"item\":\"https:\\\/\\\/www.uges-isere.fr\\\/\"},{\"@type\":\"ListItem\",\"position\":2,\"name\":\"Le D\u00e9partement se d\u00e9sengage de la fili\u00e8re for\u00eat-bois\"}]},{\"@type\":\"WebSite\",\"@id\":\"https:\\\/\\\/www.uges-isere.fr\\\/#website\",\"url\":\"https:\\\/\\\/www.uges-isere.fr\\\/\",\"name\":\"D\u00e9partement de l&#039;Is\u00e8re\",\"description\":\"Groupe d&#039;opposition UGES\",\"publisher\":{\"@id\":\"https:\\\/\\\/www.uges-isere.fr\\\/#organization\"},\"potentialAction\":[{\"@type\":\"SearchAction\",\"target\":{\"@type\":\"EntryPoint\",\"urlTemplate\":\"https:\\\/\\\/www.uges-isere.fr\\\/?s={search_term_string}\"},\"query-input\":{\"@type\":\"PropertyValueSpecification\",\"valueRequired\":true,\"valueName\":\"search_term_string\"}}],\"inLanguage\":\"fr-FR\"},{\"@type\":\"Organization\",\"@id\":\"https:\\\/\\\/www.uges-isere.fr\\\/#organization\",\"name\":\"D\u00e9partement de l'Is\u00e8re\",\"url\":\"https:\\\/\\\/www.uges-isere.fr\\\/\",\"logo\":{\"@type\":\"ImageObject\",\"inLanguage\":\"fr-FR\",\"@id\":\"https:\\\/\\\/www.uges-isere.fr\\\/#\\\/schema\\\/logo\\\/image\\\/\",\"url\":\"https:\\\/\\\/www.uges-isere.fr\\\/wp-content\\\/uploads\\\/2021\\\/10\\\/logo-ok.png\",\"contentUrl\":\"https:\\\/\\\/www.uges-isere.fr\\\/wp-content\\\/uploads\\\/2021\\\/10\\\/logo-ok.png\",\"width\":2859,\"height\":1816,\"caption\":\"D\u00e9partement de l'Is\u00e8re\"},\"image\":{\"@id\":\"https:\\\/\\\/www.uges-isere.fr\\\/#\\\/schema\\\/logo\\\/image\\\/\"},\"sameAs\":[\"https:\\\/\\\/www.facebook.com\\\/LePrintemps38\",\"https:\\\/\\\/x.com\\\/GroupeUGES38\"]},{\"@type\":\"Person\",\"@id\":\"https:\\\/\\\/www.uges-isere.fr\\\/#\\\/schema\\\/person\\\/a200926d67119314e8837b6a085de83a\",\"name\":\"ThibaudUGES38\",\"image\":{\"@type\":\"ImageObject\",\"inLanguage\":\"fr-FR\",\"@id\":\"https:\\\/\\\/secure.gravatar.com\\\/avatar\\\/e182ebfe597e409aafe3378f828607b2b757ed94a3489b20112818296e03b151?s=96&d=mm&r=g\",\"url\":\"https:\\\/\\\/secure.gravatar.com\\\/avatar\\\/e182ebfe597e409aafe3378f828607b2b757ed94a3489b20112818296e03b151?s=96&d=mm&r=g\",\"contentUrl\":\"https:\\\/\\\/secure.gravatar.com\\\/avatar\\\/e182ebfe597e409aafe3378f828607b2b757ed94a3489b20112818296e03b151?s=96&d=mm&r=g\",\"caption\":\"ThibaudUGES38\"},\"url\":\"https:\\\/\\\/www.uges-isere.fr\\\/index.php\\\/author\\\/thibauduges38\\\/\"}]}<\/script>\n<!-- \/ Yoast SEO plugin. -->","yoast_head_json":{"title":"Le D\u00e9partement se d\u00e9sengage de la fili\u00e8re for\u00eat-bois - D\u00e9partement de l&#039;Is\u00e8re","robots":{"index":"index","follow":"follow","max-snippet":"max-snippet:-1","max-image-preview":"max-image-preview:large","max-video-preview":"max-video-preview:-1"},"canonical":"https:\/\/www.uges-isere.fr\/index.php\/2025\/04\/03\/le-departement-se-desengage-de-la-filiere-foret-bois\/","og_locale":"fr_FR","og_type":"article","og_title":"Le D\u00e9partement se d\u00e9sengage de la fili\u00e8re for\u00eat-bois - D\u00e9partement de l&#039;Is\u00e8re","og_description":"Daniel Bessiron est intervenu dans le cadre des d\u00e9bats budg\u00e9taires 2025 pour d\u00e9noncer le retrait du D\u00e9partement de &hellip;","og_url":"https:\/\/www.uges-isere.fr\/index.php\/2025\/04\/03\/le-departement-se-desengage-de-la-filiere-foret-bois\/","og_site_name":"D\u00e9partement de l&#039;Is\u00e8re","article_publisher":"https:\/\/www.facebook.com\/LePrintemps38","article_published_time":"2025-04-03T10:12:50+00:00","article_modified_time":"2025-05-27T10:38:55+00:00","og_image":[{"width":1280,"height":853,"url":"https:\/\/www.uges-isere.fr\/wp-content\/uploads\/2025\/05\/wood-1868104_1280.jpg","type":"image\/jpeg"}],"author":"ThibaudUGES38","twitter_card":"summary_large_image","twitter_creator":"@GroupeUGES38","twitter_site":"@GroupeUGES38","twitter_misc":{"\u00c9crit par":"ThibaudUGES38","Dur\u00e9e de lecture estim\u00e9e":"3 minutes"},"schema":{"@context":"https:\/\/schema.org","@graph":[{"@type":"Article","@id":"https:\/\/www.uges-isere.fr\/index.php\/2025\/04\/03\/le-departement-se-desengage-de-la-filiere-foret-bois\/#article","isPartOf":{"@id":"https:\/\/www.uges-isere.fr\/index.php\/2025\/04\/03\/le-departement-se-desengage-de-la-filiere-foret-bois\/"},"author":{"name":"ThibaudUGES38","@id":"https:\/\/www.uges-isere.fr\/#\/schema\/person\/a200926d67119314e8837b6a085de83a"},"headline":"Le D\u00e9partement se d\u00e9sengage de la fili\u00e8re for\u00eat-bois","datePublished":"2025-04-03T10:12:50+00:00","dateModified":"2025-05-27T10:38:55+00:00","mainEntityOfPage":{"@id":"https:\/\/www.uges-isere.fr\/index.php\/2025\/04\/03\/le-departement-se-desengage-de-la-filiere-foret-bois\/"},"wordCount":593,"commentCount":0,"publisher":{"@id":"https:\/\/www.uges-isere.fr\/#organization"},"image":{"@id":"https:\/\/www.uges-isere.fr\/index.php\/2025\/04\/03\/le-departement-se-desengage-de-la-filiere-foret-bois\/#primaryimage"},"thumbnailUrl":"https:\/\/www.uges-isere.fr\/wp-content\/uploads\/2025\/05\/wood-1868104_1280.jpg","articleSection":["Environnement et transition \u00e9cologique","S\u00e9ance publique (Budget primitif 2025) - Mars 2025"],"inLanguage":"fr-FR","potentialAction":[{"@type":"CommentAction","name":"Comment","target":["https:\/\/www.uges-isere.fr\/index.php\/2025\/04\/03\/le-departement-se-desengage-de-la-filiere-foret-bois\/#respond"]}]},{"@type":"WebPage","@id":"https:\/\/www.uges-isere.fr\/index.php\/2025\/04\/03\/le-departement-se-desengage-de-la-filiere-foret-bois\/","url":"https:\/\/www.uges-isere.fr\/index.php\/2025\/04\/03\/le-departement-se-desengage-de-la-filiere-foret-bois\/","name":"Le D\u00e9partement se d\u00e9sengage de la fili\u00e8re for\u00eat-bois - D\u00e9partement de l&#039;Is\u00e8re","isPartOf":{"@id":"https:\/\/www.uges-isere.fr\/#website"},"primaryImageOfPage":{"@id":"https:\/\/www.uges-isere.fr\/index.php\/2025\/04\/03\/le-departement-se-desengage-de-la-filiere-foret-bois\/#primaryimage"},"image":{"@id":"https:\/\/www.uges-isere.fr\/index.php\/2025\/04\/03\/le-departement-se-desengage-de-la-filiere-foret-bois\/#primaryimage"},"thumbnailUrl":"https:\/\/www.uges-isere.fr\/wp-content\/uploads\/2025\/05\/wood-1868104_1280.jpg","datePublished":"2025-04-03T10:12:50+00:00","dateModified":"2025-05-27T10:38:55+00:00","breadcrumb":{"@id":"https:\/\/www.uges-isere.fr\/index.php\/2025\/04\/03\/le-departement-se-desengage-de-la-filiere-foret-bois\/#breadcrumb"},"inLanguage":"fr-FR","potentialAction":[{"@type":"ReadAction","target":["https:\/\/www.uges-isere.fr\/index.php\/2025\/04\/03\/le-departement-se-desengage-de-la-filiere-foret-bois\/"]}]},{"@type":"ImageObject","inLanguage":"fr-FR","@id":"https:\/\/www.uges-isere.fr\/index.php\/2025\/04\/03\/le-departement-se-desengage-de-la-filiere-foret-bois\/#primaryimage","url":"https:\/\/www.uges-isere.fr\/wp-content\/uploads\/2025\/05\/wood-1868104_1280.jpg","contentUrl":"https:\/\/www.uges-isere.fr\/wp-content\/uploads\/2025\/05\/wood-1868104_1280.jpg","width":1280,"height":853},{"@type":"BreadcrumbList","@id":"https:\/\/www.uges-isere.fr\/index.php\/2025\/04\/03\/le-departement-se-desengage-de-la-filiere-foret-bois\/#breadcrumb","itemListElement":[{"@type":"ListItem","position":1,"name":"Accueil","item":"https:\/\/www.uges-isere.fr\/"},{"@type":"ListItem","position":2,"name":"Le D\u00e9partement se d\u00e9sengage de la fili\u00e8re for\u00eat-bois"}]},{"@type":"WebSite","@id":"https:\/\/www.uges-isere.fr\/#website","url":"https:\/\/www.uges-isere.fr\/","name":"D\u00e9partement de l&#039;Is\u00e8re","description":"Groupe d&#039;opposition UGES","publisher":{"@id":"https:\/\/www.uges-isere.fr\/#organization"},"potentialAction":[{"@type":"SearchAction","target":{"@type":"EntryPoint","urlTemplate":"https:\/\/www.uges-isere.fr\/?s={search_term_string}"},"query-input":{"@type":"PropertyValueSpecification","valueRequired":true,"valueName":"search_term_string"}}],"inLanguage":"fr-FR"},{"@type":"Organization","@id":"https:\/\/www.uges-isere.fr\/#organization","name":"D\u00e9partement de l'Is\u00e8re","url":"https:\/\/www.uges-isere.fr\/","logo":{"@type":"ImageObject","inLanguage":"fr-FR","@id":"https:\/\/www.uges-isere.fr\/#\/schema\/logo\/image\/","url":"https:\/\/www.uges-isere.fr\/wp-content\/uploads\/2021\/10\/logo-ok.png","contentUrl":"https:\/\/www.uges-isere.fr\/wp-content\/uploads\/2021\/10\/logo-ok.png","width":2859,"height":1816,"caption":"D\u00e9partement de l'Is\u00e8re"},"image":{"@id":"https:\/\/www.uges-isere.fr\/#\/schema\/logo\/image\/"},"sameAs":["https:\/\/www.facebook.com\/LePrintemps38","https:\/\/x.com\/GroupeUGES38"]},{"@type":"Person","@id":"https:\/\/www.uges-isere.fr\/#\/schema\/person\/a200926d67119314e8837b6a085de83a","name":"ThibaudUGES38","image":{"@type":"ImageObject","inLanguage":"fr-FR","@id":"https:\/\/secure.gravatar.com\/avatar\/e182ebfe597e409aafe3378f828607b2b757ed94a3489b20112818296e03b151?s=96&d=mm&r=g","url":"https:\/\/secure.gravatar.com\/avatar\/e182ebfe597e409aafe3378f828607b2b757ed94a3489b20112818296e03b151?s=96&d=mm&r=g","contentUrl":"https:\/\/secure.gravatar.com\/avatar\/e182ebfe597e409aafe3378f828607b2b757ed94a3489b20112818296e03b151?s=96&d=mm&r=g","caption":"ThibaudUGES38"},"url":"https:\/\/www.uges-isere.fr\/index.php\/author\/thibauduges38\/"}]}},"_links":{"self":[{"href":"https:\/\/www.uges-isere.fr\/index.php\/wp-json\/wp\/v2\/posts\/684326","targetHints":{"allow":["GET"]}}],"collection":[{"href":"https:\/\/www.uges-isere.fr\/index.php\/wp-json\/wp\/v2\/posts"}],"about":[{"href":"https:\/\/www.uges-isere.fr\/index.php\/wp-json\/wp\/v2\/types\/post"}],"author":[{"embeddable":true,"href":"https:\/\/www.uges-isere.fr\/index.php\/wp-json\/wp\/v2\/users\/8"}],"replies":[{"embeddable":true,"href":"https:\/\/www.uges-isere.fr\/index.php\/wp-json\/wp\/v2\/comments?post=684326"}],"version-history":[{"count":1,"href":"https:\/\/www.uges-isere.fr\/index.php\/wp-json\/wp\/v2\/posts\/684326\/revisions"}],"predecessor-version":[{"id":684328,"href":"https:\/\/www.uges-isere.fr\/index.php\/wp-json\/wp\/v2\/posts\/684326\/revisions\/684328"}],"wp:featuredmedia":[{"embeddable":true,"href":"https:\/\/www.uges-isere.fr\/index.php\/wp-json\/wp\/v2\/media\/684327"}],"wp:attachment":[{"href":"https:\/\/www.uges-isere.fr\/index.php\/wp-json\/wp\/v2\/media?parent=684326"}],"wp:term":[{"taxonomy":"category","embeddable":true,"href":"https:\/\/www.uges-isere.fr\/index.php\/wp-json\/wp\/v2\/categories?post=684326"},{"taxonomy":"post_tag","embeddable":true,"href":"https:\/\/www.uges-isere.fr\/index.php\/wp-json\/wp\/v2\/tags?post=684326"}],"curies":[{"name":"wp","href":"https:\/\/api.w.org\/{rel}","templated":true}]}}