{"id":684324,"date":"2025-04-02T12:03:16","date_gmt":"2025-04-02T10:03:16","guid":{"rendered":"https:\/\/www.uges-isere.fr\/?p=684324"},"modified":"2025-05-27T12:12:47","modified_gmt":"2025-05-27T10:12:47","slug":"handicap-prevenir-anticiper-et-preparer-lavenir","status":"publish","type":"post","link":"https:\/\/www.uges-isere.fr\/index.php\/2025\/04\/02\/handicap-prevenir-anticiper-et-preparer-lavenir\/","title":{"rendered":"Handicap : pr\u00e9venir, anticiper et pr\u00e9parer l\u2019avenir."},"content":{"rendered":"\n<p>Dans le cadre du budget 2025 allou\u00e9 aux politiques d\u00e9partementales sur le handicap, Sophie Romera a port\u00e9 au nom du groupe UGES deux axes de travail particuliers que le D\u00e9partement de l&rsquo;Is\u00e8re doit porter fortement :<\/p>\n\n\n\n<p><strong>\u2022 Le premier concerne les notifications d\u2019AESH (les Accompagnants d&rsquo;\u00c9l\u00e8ves en situation de Handicap).<\/strong><\/p>\n\n\n\n<p>Aujourd\u2019hui, la MDPH de l\u2019Is\u00e8re (la Maison D\u00e9partementale de l\u2019Autonomie) notifie les besoins d\u2019AESH, sans corr\u00e9lation avec les ressources. C\u2019est, sur le principe, pertinent car c\u2019est bien le besoin qui prime.<\/p>\n\n\n\n<p>Sauf que de nombreux accompagnements ne sont toujours pas mis en \u0153uvre et que<strong> l\u2019\u00c9tat ne remplit pas l\u00e0 ses obligations l\u00e9gales.<\/strong> Le D\u00e9partement, puisqu\u2019il d\u00e9finit ces besoins d\u2019accompagnement, pourrait soutenir une meilleure reconnaissance de ce m\u00e9tier d\u2019AESH, qui n\u00e9cessite \u00e9volution et formation th\u00e9orique renforc\u00e9e sur les diff\u00e9rents handicaps, afin de rendre ce m\u00e9tier plus attractif. Et l\u2019expertise de la MDPH permettrait l\u00e0 de mieux r\u00e9pondre aux besoins croissants des enfants en situation de handicap. Dans le but notamment de r\u00e9pondre enfin aux d\u00e9fis de l\u2019\u00e9cole inclusive.<\/p>\n\n\n\n<p><strong>\u2022 Le deuxi\u00e8me point concerne un sujet dont on parle peu : \u00ab\u00a0Apr\u00e8s les parents\u00a0\u00bb<\/strong><\/p>\n\n\n\n<p>\u00ab Apr\u00e8s les parents \u00bb pose la question de ce qu\u2019il adviendra des enfants ou adultes en situation de handicap lorsque leurs parents viendront \u00e0 dispara\u00eetre. Parce que c\u2019est une r\u00e9alit\u00e9 : ces parents sont particuli\u00e8rement fragilis\u00e9s, fatigu\u00e9s, et peuvent malheureusement partir plus vite que d\u2019autres. C\u2019est une forte pr\u00e9occupation des parents, qui y pensent d\u00e8s la naissance de leur enfant en situation de handicap. Certains projets existent, comme dans le Finist\u00e8re ou en Belgique qui a d\u2019ailleurs \u00e9t\u00e9 pionni\u00e8re en la mati\u00e8re.<\/p>\n\n\n\n<p>Ces projets consistent \u00e0<strong> \u00e9couter les pr\u00e9occupations des parents, \u00e0 les guider dans leurs d\u00e9marches d\u2019anticipation pour accompagner et pr\u00e9parer ce moment difficile<\/strong>. L\u2019objectif est ainsi de permettre aux parents d\u2019avoir la certitude que leur enfant conservera une qualit\u00e9 de vie satisfaisante apr\u00e8s leur d\u00e9c\u00e8s et de lui garantir un accompagnement \u00e0 long terme. C\u2019est donc<strong> b\u00e2tir un projet de vie de qualit\u00e9 pour la personne en situation de handicap<\/strong>, lui constituer un r\u00e9seau de partenaires et en pr\u00e9voir les moyens y compris financiers <em>(ADAPEI et Madras).<\/em><\/p>\n\n\n\n<p><strong>Deux axes qui, pour le groupe UGES, permettent \u00e0 nouveau de pr\u00e9venir, d&rsquo;anticiper et de pr\u00e9parer l\u2019avenir. Deux axes sur lesquels nous voulons que le D\u00e9partement de l\u2019Is\u00e8re s\u2019engage.<\/strong><\/p>\n","protected":false},"excerpt":{"rendered":"<p>Dans le cadre du budget 2025 allou\u00e9 aux politiques d\u00e9partementales sur le handicap, Sophie Romera a port\u00e9 au &hellip; <\/p>\n","protected":false},"author":8,"featured_media":683961,"comment_status":"open","ping_status":"open","sticky":false,"template":"","format":"standard","meta":{"footnotes":""},"categories":[9,1,321],"tags":[334,112,113,217],"class_list":["post-684324","post","type-post","status-publish","format-standard","has-post-thumbnail","hentry","category-action-sociale","category-non-classe","category-seance-publique-budget-primitif-2025-mars-2025","tag-aesh","tag-handicap","tag-inclusion","tag-mdph"],"yoast_head":"<!-- This site is optimized with the Yoast SEO plugin v27.5 - https:\/\/yoast.com\/product\/yoast-seo-wordpress\/ -->\n<title>Handicap : pr\u00e9venir, anticiper et pr\u00e9parer l\u2019avenir. - D\u00e9partement de l&#039;Is\u00e8re<\/title>\n<meta name=\"robots\" content=\"index, follow, max-snippet:-1, max-image-preview:large, max-video-preview:-1\" \/>\n<link rel=\"canonical\" href=\"https:\/\/www.uges-isere.fr\/index.php\/2025\/04\/02\/handicap-prevenir-anticiper-et-preparer-lavenir\/\" \/>\n<meta property=\"og:locale\" content=\"fr_FR\" \/>\n<meta property=\"og:type\" content=\"article\" \/>\n<meta property=\"og:title\" content=\"Handicap : pr\u00e9venir, anticiper et pr\u00e9parer l\u2019avenir. - D\u00e9partement de l&#039;Is\u00e8re\" \/>\n<meta property=\"og:description\" content=\"Dans le cadre du budget 2025 allou\u00e9 aux politiques d\u00e9partementales sur le handicap, Sophie Romera a port\u00e9 au &hellip;\" \/>\n<meta property=\"og:url\" content=\"https:\/\/www.uges-isere.fr\/index.php\/2025\/04\/02\/handicap-prevenir-anticiper-et-preparer-lavenir\/\" \/>\n<meta property=\"og:site_name\" content=\"D\u00e9partement de l&#039;Is\u00e8re\" \/>\n<meta property=\"article:publisher\" content=\"https:\/\/www.facebook.com\/LePrintemps38\" \/>\n<meta property=\"article:published_time\" content=\"2025-04-02T10:03:16+00:00\" \/>\n<meta property=\"article:modified_time\" content=\"2025-05-27T10:12:47+00:00\" \/>\n<meta property=\"og:image\" content=\"https:\/\/www.uges-isere.fr\/wp-content\/uploads\/2021\/10\/wheelchair-1629490_1280.jpg\" \/>\n\t<meta property=\"og:image:width\" content=\"1280\" \/>\n\t<meta property=\"og:image:height\" content=\"898\" \/>\n\t<meta property=\"og:image:type\" content=\"image\/jpeg\" \/>\n<meta name=\"author\" content=\"ThibaudUGES38\" \/>\n<meta name=\"twitter:card\" content=\"summary_large_image\" \/>\n<meta name=\"twitter:creator\" content=\"@GroupeUGES38\" \/>\n<meta name=\"twitter:site\" content=\"@GroupeUGES38\" \/>\n<meta name=\"twitter:label1\" content=\"\u00c9crit par\" \/>\n\t<meta name=\"twitter:data1\" content=\"ThibaudUGES38\" \/>\n\t<meta name=\"twitter:label2\" content=\"Dur\u00e9e de lecture estim\u00e9e\" \/>\n\t<meta name=\"twitter:data2\" content=\"3 minutes\" \/>\n<script type=\"application\/ld+json\" class=\"yoast-schema-graph\">{\"@context\":\"https:\\\/\\\/schema.org\",\"@graph\":[{\"@type\":\"Article\",\"@id\":\"https:\\\/\\\/www.uges-isere.fr\\\/index.php\\\/2025\\\/04\\\/02\\\/handicap-prevenir-anticiper-et-preparer-lavenir\\\/#article\",\"isPartOf\":{\"@id\":\"https:\\\/\\\/www.uges-isere.fr\\\/index.php\\\/2025\\\/04\\\/02\\\/handicap-prevenir-anticiper-et-preparer-lavenir\\\/\"},\"author\":{\"name\":\"ThibaudUGES38\",\"@id\":\"https:\\\/\\\/www.uges-isere.fr\\\/#\\\/schema\\\/person\\\/a200926d67119314e8837b6a085de83a\"},\"headline\":\"Handicap : pr\u00e9venir, anticiper et pr\u00e9parer l\u2019avenir.\",\"datePublished\":\"2025-04-02T10:03:16+00:00\",\"dateModified\":\"2025-05-27T10:12:47+00:00\",\"mainEntityOfPage\":{\"@id\":\"https:\\\/\\\/www.uges-isere.fr\\\/index.php\\\/2025\\\/04\\\/02\\\/handicap-prevenir-anticiper-et-preparer-lavenir\\\/\"},\"wordCount\":449,\"commentCount\":0,\"publisher\":{\"@id\":\"https:\\\/\\\/www.uges-isere.fr\\\/#organization\"},\"image\":{\"@id\":\"https:\\\/\\\/www.uges-isere.fr\\\/index.php\\\/2025\\\/04\\\/02\\\/handicap-prevenir-anticiper-et-preparer-lavenir\\\/#primaryimage\"},\"thumbnailUrl\":\"https:\\\/\\\/www.uges-isere.fr\\\/wp-content\\\/uploads\\\/2021\\\/10\\\/wheelchair-1629490_1280.jpg\",\"keywords\":[\"AESH\",\"handicap\",\"inclusion\",\"MDPH\"],\"articleSection\":{\"0\":\"Action sociale\",\"2\":\"S\u00e9ance publique (Budget primitif 2025) - Mars 2025\"},\"inLanguage\":\"fr-FR\",\"potentialAction\":[{\"@type\":\"CommentAction\",\"name\":\"Comment\",\"target\":[\"https:\\\/\\\/www.uges-isere.fr\\\/index.php\\\/2025\\\/04\\\/02\\\/handicap-prevenir-anticiper-et-preparer-lavenir\\\/#respond\"]}]},{\"@type\":\"WebPage\",\"@id\":\"https:\\\/\\\/www.uges-isere.fr\\\/index.php\\\/2025\\\/04\\\/02\\\/handicap-prevenir-anticiper-et-preparer-lavenir\\\/\",\"url\":\"https:\\\/\\\/www.uges-isere.fr\\\/index.php\\\/2025\\\/04\\\/02\\\/handicap-prevenir-anticiper-et-preparer-lavenir\\\/\",\"name\":\"Handicap : pr\u00e9venir, anticiper et pr\u00e9parer l\u2019avenir. - D\u00e9partement de l&#039;Is\u00e8re\",\"isPartOf\":{\"@id\":\"https:\\\/\\\/www.uges-isere.fr\\\/#website\"},\"primaryImageOfPage\":{\"@id\":\"https:\\\/\\\/www.uges-isere.fr\\\/index.php\\\/2025\\\/04\\\/02\\\/handicap-prevenir-anticiper-et-preparer-lavenir\\\/#primaryimage\"},\"image\":{\"@id\":\"https:\\\/\\\/www.uges-isere.fr\\\/index.php\\\/2025\\\/04\\\/02\\\/handicap-prevenir-anticiper-et-preparer-lavenir\\\/#primaryimage\"},\"thumbnailUrl\":\"https:\\\/\\\/www.uges-isere.fr\\\/wp-content\\\/uploads\\\/2021\\\/10\\\/wheelchair-1629490_1280.jpg\",\"datePublished\":\"2025-04-02T10:03:16+00:00\",\"dateModified\":\"2025-05-27T10:12:47+00:00\",\"breadcrumb\":{\"@id\":\"https:\\\/\\\/www.uges-isere.fr\\\/index.php\\\/2025\\\/04\\\/02\\\/handicap-prevenir-anticiper-et-preparer-lavenir\\\/#breadcrumb\"},\"inLanguage\":\"fr-FR\",\"potentialAction\":[{\"@type\":\"ReadAction\",\"target\":[\"https:\\\/\\\/www.uges-isere.fr\\\/index.php\\\/2025\\\/04\\\/02\\\/handicap-prevenir-anticiper-et-preparer-lavenir\\\/\"]}]},{\"@type\":\"ImageObject\",\"inLanguage\":\"fr-FR\",\"@id\":\"https:\\\/\\\/www.uges-isere.fr\\\/index.php\\\/2025\\\/04\\\/02\\\/handicap-prevenir-anticiper-et-preparer-lavenir\\\/#primaryimage\",\"url\":\"https:\\\/\\\/www.uges-isere.fr\\\/wp-content\\\/uploads\\\/2021\\\/10\\\/wheelchair-1629490_1280.jpg\",\"contentUrl\":\"https:\\\/\\\/www.uges-isere.fr\\\/wp-content\\\/uploads\\\/2021\\\/10\\\/wheelchair-1629490_1280.jpg\",\"width\":1280,\"height\":898},{\"@type\":\"BreadcrumbList\",\"@id\":\"https:\\\/\\\/www.uges-isere.fr\\\/index.php\\\/2025\\\/04\\\/02\\\/handicap-prevenir-anticiper-et-preparer-lavenir\\\/#breadcrumb\",\"itemListElement\":[{\"@type\":\"ListItem\",\"position\":1,\"name\":\"Accueil\",\"item\":\"https:\\\/\\\/www.uges-isere.fr\\\/\"},{\"@type\":\"ListItem\",\"position\":2,\"name\":\"Handicap : pr\u00e9venir, anticiper et pr\u00e9parer l\u2019avenir.\"}]},{\"@type\":\"WebSite\",\"@id\":\"https:\\\/\\\/www.uges-isere.fr\\\/#website\",\"url\":\"https:\\\/\\\/www.uges-isere.fr\\\/\",\"name\":\"D\u00e9partement de l&#039;Is\u00e8re\",\"description\":\"Groupe d&#039;opposition UGES\",\"publisher\":{\"@id\":\"https:\\\/\\\/www.uges-isere.fr\\\/#organization\"},\"potentialAction\":[{\"@type\":\"SearchAction\",\"target\":{\"@type\":\"EntryPoint\",\"urlTemplate\":\"https:\\\/\\\/www.uges-isere.fr\\\/?s={search_term_string}\"},\"query-input\":{\"@type\":\"PropertyValueSpecification\",\"valueRequired\":true,\"valueName\":\"search_term_string\"}}],\"inLanguage\":\"fr-FR\"},{\"@type\":\"Organization\",\"@id\":\"https:\\\/\\\/www.uges-isere.fr\\\/#organization\",\"name\":\"D\u00e9partement de l'Is\u00e8re\",\"url\":\"https:\\\/\\\/www.uges-isere.fr\\\/\",\"logo\":{\"@type\":\"ImageObject\",\"inLanguage\":\"fr-FR\",\"@id\":\"https:\\\/\\\/www.uges-isere.fr\\\/#\\\/schema\\\/logo\\\/image\\\/\",\"url\":\"https:\\\/\\\/www.uges-isere.fr\\\/wp-content\\\/uploads\\\/2021\\\/10\\\/logo-ok.png\",\"contentUrl\":\"https:\\\/\\\/www.uges-isere.fr\\\/wp-content\\\/uploads\\\/2021\\\/10\\\/logo-ok.png\",\"width\":2859,\"height\":1816,\"caption\":\"D\u00e9partement de l'Is\u00e8re\"},\"image\":{\"@id\":\"https:\\\/\\\/www.uges-isere.fr\\\/#\\\/schema\\\/logo\\\/image\\\/\"},\"sameAs\":[\"https:\\\/\\\/www.facebook.com\\\/LePrintemps38\",\"https:\\\/\\\/x.com\\\/GroupeUGES38\"]},{\"@type\":\"Person\",\"@id\":\"https:\\\/\\\/www.uges-isere.fr\\\/#\\\/schema\\\/person\\\/a200926d67119314e8837b6a085de83a\",\"name\":\"ThibaudUGES38\",\"image\":{\"@type\":\"ImageObject\",\"inLanguage\":\"fr-FR\",\"@id\":\"https:\\\/\\\/secure.gravatar.com\\\/avatar\\\/e182ebfe597e409aafe3378f828607b2b757ed94a3489b20112818296e03b151?s=96&d=mm&r=g\",\"url\":\"https:\\\/\\\/secure.gravatar.com\\\/avatar\\\/e182ebfe597e409aafe3378f828607b2b757ed94a3489b20112818296e03b151?s=96&d=mm&r=g\",\"contentUrl\":\"https:\\\/\\\/secure.gravatar.com\\\/avatar\\\/e182ebfe597e409aafe3378f828607b2b757ed94a3489b20112818296e03b151?s=96&d=mm&r=g\",\"caption\":\"ThibaudUGES38\"},\"url\":\"https:\\\/\\\/www.uges-isere.fr\\\/index.php\\\/author\\\/thibauduges38\\\/\"}]}<\/script>\n<!-- \/ Yoast SEO plugin. -->","yoast_head_json":{"title":"Handicap : pr\u00e9venir, anticiper et pr\u00e9parer l\u2019avenir. - D\u00e9partement de l&#039;Is\u00e8re","robots":{"index":"index","follow":"follow","max-snippet":"max-snippet:-1","max-image-preview":"max-image-preview:large","max-video-preview":"max-video-preview:-1"},"canonical":"https:\/\/www.uges-isere.fr\/index.php\/2025\/04\/02\/handicap-prevenir-anticiper-et-preparer-lavenir\/","og_locale":"fr_FR","og_type":"article","og_title":"Handicap : pr\u00e9venir, anticiper et pr\u00e9parer l\u2019avenir. - D\u00e9partement de l&#039;Is\u00e8re","og_description":"Dans le cadre du budget 2025 allou\u00e9 aux politiques d\u00e9partementales sur le handicap, Sophie Romera a port\u00e9 au &hellip;","og_url":"https:\/\/www.uges-isere.fr\/index.php\/2025\/04\/02\/handicap-prevenir-anticiper-et-preparer-lavenir\/","og_site_name":"D\u00e9partement de l&#039;Is\u00e8re","article_publisher":"https:\/\/www.facebook.com\/LePrintemps38","article_published_time":"2025-04-02T10:03:16+00:00","article_modified_time":"2025-05-27T10:12:47+00:00","og_image":[{"width":1280,"height":898,"url":"https:\/\/www.uges-isere.fr\/wp-content\/uploads\/2021\/10\/wheelchair-1629490_1280.jpg","type":"image\/jpeg"}],"author":"ThibaudUGES38","twitter_card":"summary_large_image","twitter_creator":"@GroupeUGES38","twitter_site":"@GroupeUGES38","twitter_misc":{"\u00c9crit par":"ThibaudUGES38","Dur\u00e9e de lecture estim\u00e9e":"3 minutes"},"schema":{"@context":"https:\/\/schema.org","@graph":[{"@type":"Article","@id":"https:\/\/www.uges-isere.fr\/index.php\/2025\/04\/02\/handicap-prevenir-anticiper-et-preparer-lavenir\/#article","isPartOf":{"@id":"https:\/\/www.uges-isere.fr\/index.php\/2025\/04\/02\/handicap-prevenir-anticiper-et-preparer-lavenir\/"},"author":{"name":"ThibaudUGES38","@id":"https:\/\/www.uges-isere.fr\/#\/schema\/person\/a200926d67119314e8837b6a085de83a"},"headline":"Handicap : pr\u00e9venir, anticiper et pr\u00e9parer l\u2019avenir.","datePublished":"2025-04-02T10:03:16+00:00","dateModified":"2025-05-27T10:12:47+00:00","mainEntityOfPage":{"@id":"https:\/\/www.uges-isere.fr\/index.php\/2025\/04\/02\/handicap-prevenir-anticiper-et-preparer-lavenir\/"},"wordCount":449,"commentCount":0,"publisher":{"@id":"https:\/\/www.uges-isere.fr\/#organization"},"image":{"@id":"https:\/\/www.uges-isere.fr\/index.php\/2025\/04\/02\/handicap-prevenir-anticiper-et-preparer-lavenir\/#primaryimage"},"thumbnailUrl":"https:\/\/www.uges-isere.fr\/wp-content\/uploads\/2021\/10\/wheelchair-1629490_1280.jpg","keywords":["AESH","handicap","inclusion","MDPH"],"articleSection":{"0":"Action sociale","2":"S\u00e9ance publique (Budget primitif 2025) - Mars 2025"},"inLanguage":"fr-FR","potentialAction":[{"@type":"CommentAction","name":"Comment","target":["https:\/\/www.uges-isere.fr\/index.php\/2025\/04\/02\/handicap-prevenir-anticiper-et-preparer-lavenir\/#respond"]}]},{"@type":"WebPage","@id":"https:\/\/www.uges-isere.fr\/index.php\/2025\/04\/02\/handicap-prevenir-anticiper-et-preparer-lavenir\/","url":"https:\/\/www.uges-isere.fr\/index.php\/2025\/04\/02\/handicap-prevenir-anticiper-et-preparer-lavenir\/","name":"Handicap : pr\u00e9venir, anticiper et pr\u00e9parer l\u2019avenir. - D\u00e9partement de l&#039;Is\u00e8re","isPartOf":{"@id":"https:\/\/www.uges-isere.fr\/#website"},"primaryImageOfPage":{"@id":"https:\/\/www.uges-isere.fr\/index.php\/2025\/04\/02\/handicap-prevenir-anticiper-et-preparer-lavenir\/#primaryimage"},"image":{"@id":"https:\/\/www.uges-isere.fr\/index.php\/2025\/04\/02\/handicap-prevenir-anticiper-et-preparer-lavenir\/#primaryimage"},"thumbnailUrl":"https:\/\/www.uges-isere.fr\/wp-content\/uploads\/2021\/10\/wheelchair-1629490_1280.jpg","datePublished":"2025-04-02T10:03:16+00:00","dateModified":"2025-05-27T10:12:47+00:00","breadcrumb":{"@id":"https:\/\/www.uges-isere.fr\/index.php\/2025\/04\/02\/handicap-prevenir-anticiper-et-preparer-lavenir\/#breadcrumb"},"inLanguage":"fr-FR","potentialAction":[{"@type":"ReadAction","target":["https:\/\/www.uges-isere.fr\/index.php\/2025\/04\/02\/handicap-prevenir-anticiper-et-preparer-lavenir\/"]}]},{"@type":"ImageObject","inLanguage":"fr-FR","@id":"https:\/\/www.uges-isere.fr\/index.php\/2025\/04\/02\/handicap-prevenir-anticiper-et-preparer-lavenir\/#primaryimage","url":"https:\/\/www.uges-isere.fr\/wp-content\/uploads\/2021\/10\/wheelchair-1629490_1280.jpg","contentUrl":"https:\/\/www.uges-isere.fr\/wp-content\/uploads\/2021\/10\/wheelchair-1629490_1280.jpg","width":1280,"height":898},{"@type":"BreadcrumbList","@id":"https:\/\/www.uges-isere.fr\/index.php\/2025\/04\/02\/handicap-prevenir-anticiper-et-preparer-lavenir\/#breadcrumb","itemListElement":[{"@type":"ListItem","position":1,"name":"Accueil","item":"https:\/\/www.uges-isere.fr\/"},{"@type":"ListItem","position":2,"name":"Handicap : pr\u00e9venir, anticiper et pr\u00e9parer l\u2019avenir."}]},{"@type":"WebSite","@id":"https:\/\/www.uges-isere.fr\/#website","url":"https:\/\/www.uges-isere.fr\/","name":"D\u00e9partement de l&#039;Is\u00e8re","description":"Groupe d&#039;opposition UGES","publisher":{"@id":"https:\/\/www.uges-isere.fr\/#organization"},"potentialAction":[{"@type":"SearchAction","target":{"@type":"EntryPoint","urlTemplate":"https:\/\/www.uges-isere.fr\/?s={search_term_string}"},"query-input":{"@type":"PropertyValueSpecification","valueRequired":true,"valueName":"search_term_string"}}],"inLanguage":"fr-FR"},{"@type":"Organization","@id":"https:\/\/www.uges-isere.fr\/#organization","name":"D\u00e9partement de l'Is\u00e8re","url":"https:\/\/www.uges-isere.fr\/","logo":{"@type":"ImageObject","inLanguage":"fr-FR","@id":"https:\/\/www.uges-isere.fr\/#\/schema\/logo\/image\/","url":"https:\/\/www.uges-isere.fr\/wp-content\/uploads\/2021\/10\/logo-ok.png","contentUrl":"https:\/\/www.uges-isere.fr\/wp-content\/uploads\/2021\/10\/logo-ok.png","width":2859,"height":1816,"caption":"D\u00e9partement de l'Is\u00e8re"},"image":{"@id":"https:\/\/www.uges-isere.fr\/#\/schema\/logo\/image\/"},"sameAs":["https:\/\/www.facebook.com\/LePrintemps38","https:\/\/x.com\/GroupeUGES38"]},{"@type":"Person","@id":"https:\/\/www.uges-isere.fr\/#\/schema\/person\/a200926d67119314e8837b6a085de83a","name":"ThibaudUGES38","image":{"@type":"ImageObject","inLanguage":"fr-FR","@id":"https:\/\/secure.gravatar.com\/avatar\/e182ebfe597e409aafe3378f828607b2b757ed94a3489b20112818296e03b151?s=96&d=mm&r=g","url":"https:\/\/secure.gravatar.com\/avatar\/e182ebfe597e409aafe3378f828607b2b757ed94a3489b20112818296e03b151?s=96&d=mm&r=g","contentUrl":"https:\/\/secure.gravatar.com\/avatar\/e182ebfe597e409aafe3378f828607b2b757ed94a3489b20112818296e03b151?s=96&d=mm&r=g","caption":"ThibaudUGES38"},"url":"https:\/\/www.uges-isere.fr\/index.php\/author\/thibauduges38\/"}]}},"_links":{"self":[{"href":"https:\/\/www.uges-isere.fr\/index.php\/wp-json\/wp\/v2\/posts\/684324","targetHints":{"allow":["GET"]}}],"collection":[{"href":"https:\/\/www.uges-isere.fr\/index.php\/wp-json\/wp\/v2\/posts"}],"about":[{"href":"https:\/\/www.uges-isere.fr\/index.php\/wp-json\/wp\/v2\/types\/post"}],"author":[{"embeddable":true,"href":"https:\/\/www.uges-isere.fr\/index.php\/wp-json\/wp\/v2\/users\/8"}],"replies":[{"embeddable":true,"href":"https:\/\/www.uges-isere.fr\/index.php\/wp-json\/wp\/v2\/comments?post=684324"}],"version-history":[{"count":1,"href":"https:\/\/www.uges-isere.fr\/index.php\/wp-json\/wp\/v2\/posts\/684324\/revisions"}],"predecessor-version":[{"id":684325,"href":"https:\/\/www.uges-isere.fr\/index.php\/wp-json\/wp\/v2\/posts\/684324\/revisions\/684325"}],"wp:featuredmedia":[{"embeddable":true,"href":"https:\/\/www.uges-isere.fr\/index.php\/wp-json\/wp\/v2\/media\/683961"}],"wp:attachment":[{"href":"https:\/\/www.uges-isere.fr\/index.php\/wp-json\/wp\/v2\/media?parent=684324"}],"wp:term":[{"taxonomy":"category","embeddable":true,"href":"https:\/\/www.uges-isere.fr\/index.php\/wp-json\/wp\/v2\/categories?post=684324"},{"taxonomy":"post_tag","embeddable":true,"href":"https:\/\/www.uges-isere.fr\/index.php\/wp-json\/wp\/v2\/tags?post=684324"}],"curies":[{"name":"wp","href":"https:\/\/api.w.org\/{rel}","templated":true}]}}