{"id":684322,"date":"2025-04-01T11:53:55","date_gmt":"2025-04-01T09:53:55","guid":{"rendered":"https:\/\/www.uges-isere.fr\/?p=684322"},"modified":"2025-05-27T12:02:47","modified_gmt":"2025-05-27T10:02:47","slug":"face-au-defi-du-vieillissement-la-loi-grand-age-est-imperative","status":"publish","type":"post","link":"https:\/\/www.uges-isere.fr\/index.php\/2025\/04\/01\/face-au-defi-du-vieillissement-la-loi-grand-age-est-imperative\/","title":{"rendered":"Face au d\u00e9fi du vieillissement, la Loi Grand \u00c2ge est imp\u00e9rative !"},"content":{"rendered":"\n<p>Dans le cadre des discussions budg\u00e9taires pour 2025, Amandine Germain a rappel\u00e9 les divergences fortes sur la politique en faveur des personnes \u00e2g\u00e9es men\u00e9e par la majorit\u00e9 d\u00e9partementale :<\/p>\n\n\n\n<ul class=\"wp-block-list\">\n<li>Inqui\u00e9tude sur la <strong>cr\u00e9ation de places m\u00e9dicalis\u00e9e<\/strong>, absente du sch\u00e9ma autonomie, alors que la demande reste forte et le restera au regard du d\u00e9fi sur la d\u00e9pendance lors des prochaines deux d\u00e9cennies\u00a0;<\/li>\n\n\n\n<li>D\u00e9saccord sur la mani\u00e8re de compenser les revalorisations salariales dans le secteur de l\u2019aide \u00e0 domicile, puisque le D\u00e9partement a fait le choix d\u2019augmenter les tarifs horaires de l\u2019usager et de ne pas attribuer aux <strong>SAAD une dotation financi\u00e8re globale<\/strong> leur permettant d\u2019absorber l\u2019augmentation des salaires\u00a0;<\/li>\n\n\n\n<li>D\u00e9saccord sur la mise en \u0153uvre de la <strong>dotation compl\u00e9mentaire<\/strong> dans le cadre des contrats pluriannuels d\u2019objectifs et de moyens (CPOM) sign\u00e9s avec les structures depuis 2022 (signature complexe avec les services), avec un niveau de bonification moindre pour la moyenne d\u00e9pendance par exemple.<\/li>\n<\/ul>\n\n\n\n<p>Apr\u00e8s des moments de tensions tr\u00e8s intenses avec certains Services d&rsquo;aide \u00e0 domicile (SAAD) historiques dans notre d\u00e9partement, il semblerait que le dialogue de gestion porte d\u00e9sormais ses fruits. Le groupe UGES en prend acte et a su faire \u00e9voluer ses votes en cons\u00e9quence (abstention), mais nous maintiendrons notre devoir de vigilance sur le sujet.<\/p>\n\n\n\n<p>En parall\u00e8le, le groupe UGES a soutenu ces deux derni\u00e8res ann\u00e9es l\u2019aide vers\u00e9e par le D\u00e9partement aux EHPAD (4 fois plus \u00e9lev\u00e9e que celle de l\u2019ARS) pour faire face \u00e0 l\u2019accroissement de leurs d\u00e9penses, dans un contexte qui n\u00e9cessite que l\u2019Etat s\u2019empare enfin du sujet pour engager \u00ab\u00a0<strong><em> une r\u00e9flexion pour un changement de mod\u00e8le permettant de sortir \u00e0 terme<\/em><\/strong>\u00a0\u00bb de la crise qui touche les \u00e9tablissements, selon les propres termes du v\u0153u que l&rsquo;ensemble des \u00e9lus d\u00e9partementaux ont adress\u00e9 en 2023 au Gouvernement. Nous nous f\u00e9licitons d&rsquo;ailleurs du changement de ton du D\u00e9partement de l&rsquo;Is\u00e8re face \u00e0 l\u2019Etat sur le sujet.<\/p>\n\n\n\n<p>Face aux enjeux du vieillissement, son urgence, face aux familles inqui\u00e8tes du reste \u00e0 charge, des rapports de qualit\u00e9 se sont accumul\u00e9s, formulant plusieurs propositions. <strong>Il est temps que la loi Grand \u00e2ge, promise puis repouss\u00e9e plusieurs fois, soit port\u00e9e dans une approche transpartisane<\/strong>.\u00a0 Pour reprendre les mots de J\u00e9r\u00f4me Guedj, qui a d\u00e9pos\u00e9 une proposition de loi dans ce sens il y a un an\u00a0: \u00ab\u00a0<em>Le sujet du grand \u00e2ge et de la long\u00e9vit\u00e9 peut f\u00e9d\u00e9rer les int\u00e9r\u00eats et de b\u00e2tir des ponts par-dessus les clivages, afin de prendre en compte une transition d\u00e9mographique qui, si elle n\u2019est pas anticip\u00e9e \u00e0 temps, aura la peau de notre pacte social et nourrira une guerre des \u00e2ges\u00a0<\/em>\u00bb.<\/p>\n","protected":false},"excerpt":{"rendered":"<p>Dans le cadre des discussions budg\u00e9taires pour 2025, Amandine Germain a rappel\u00e9 les divergences fortes sur la politique &hellip; <\/p>\n","protected":false},"author":8,"featured_media":683864,"comment_status":"open","ping_status":"open","sticky":false,"template":"","format":"standard","meta":{"footnotes":""},"categories":[9,321],"tags":[72,170,333,71],"class_list":["post-684322","post","type-post","status-publish","format-standard","has-post-thumbnail","hentry","category-action-sociale","category-seance-publique-budget-primitif-2025-mars-2025","tag-aide-a-domicile","tag-ehpad","tag-grand-age","tag-personnes-agees"],"yoast_head":"<!-- This site is optimized with the Yoast SEO plugin v27.5 - https:\/\/yoast.com\/product\/yoast-seo-wordpress\/ -->\n<title>Face au d\u00e9fi du vieillissement, la Loi Grand \u00c2ge est imp\u00e9rative ! - D\u00e9partement de l&#039;Is\u00e8re<\/title>\n<meta name=\"robots\" content=\"index, follow, max-snippet:-1, max-image-preview:large, max-video-preview:-1\" \/>\n<link rel=\"canonical\" href=\"https:\/\/www.uges-isere.fr\/index.php\/2025\/04\/01\/face-au-defi-du-vieillissement-la-loi-grand-age-est-imperative\/\" \/>\n<meta property=\"og:locale\" content=\"fr_FR\" \/>\n<meta property=\"og:type\" content=\"article\" \/>\n<meta property=\"og:title\" content=\"Face au d\u00e9fi du vieillissement, la Loi Grand \u00c2ge est imp\u00e9rative ! - D\u00e9partement de l&#039;Is\u00e8re\" \/>\n<meta property=\"og:description\" content=\"Dans le cadre des discussions budg\u00e9taires pour 2025, Amandine Germain a rappel\u00e9 les divergences fortes sur la politique &hellip;\" \/>\n<meta property=\"og:url\" content=\"https:\/\/www.uges-isere.fr\/index.php\/2025\/04\/01\/face-au-defi-du-vieillissement-la-loi-grand-age-est-imperative\/\" \/>\n<meta property=\"og:site_name\" content=\"D\u00e9partement de l&#039;Is\u00e8re\" \/>\n<meta property=\"article:publisher\" content=\"https:\/\/www.facebook.com\/LePrintemps38\" \/>\n<meta property=\"article:published_time\" content=\"2025-04-01T09:53:55+00:00\" \/>\n<meta property=\"article:modified_time\" content=\"2025-05-27T10:02:47+00:00\" \/>\n<meta property=\"og:image\" content=\"https:\/\/www.uges-isere.fr\/wp-content\/uploads\/2023\/12\/hands-4344711_1280.jpg\" \/>\n\t<meta property=\"og:image:width\" content=\"1280\" \/>\n\t<meta property=\"og:image:height\" content=\"853\" \/>\n\t<meta property=\"og:image:type\" content=\"image\/jpeg\" \/>\n<meta name=\"author\" content=\"ThibaudUGES38\" \/>\n<meta name=\"twitter:card\" content=\"summary_large_image\" \/>\n<meta name=\"twitter:creator\" content=\"@GroupeUGES38\" \/>\n<meta name=\"twitter:site\" content=\"@GroupeUGES38\" \/>\n<meta name=\"twitter:label1\" content=\"\u00c9crit par\" \/>\n\t<meta name=\"twitter:data1\" content=\"ThibaudUGES38\" \/>\n\t<meta name=\"twitter:label2\" content=\"Dur\u00e9e de lecture estim\u00e9e\" \/>\n\t<meta name=\"twitter:data2\" content=\"3 minutes\" \/>\n<script type=\"application\/ld+json\" class=\"yoast-schema-graph\">{\"@context\":\"https:\\\/\\\/schema.org\",\"@graph\":[{\"@type\":\"Article\",\"@id\":\"https:\\\/\\\/www.uges-isere.fr\\\/index.php\\\/2025\\\/04\\\/01\\\/face-au-defi-du-vieillissement-la-loi-grand-age-est-imperative\\\/#article\",\"isPartOf\":{\"@id\":\"https:\\\/\\\/www.uges-isere.fr\\\/index.php\\\/2025\\\/04\\\/01\\\/face-au-defi-du-vieillissement-la-loi-grand-age-est-imperative\\\/\"},\"author\":{\"name\":\"ThibaudUGES38\",\"@id\":\"https:\\\/\\\/www.uges-isere.fr\\\/#\\\/schema\\\/person\\\/a200926d67119314e8837b6a085de83a\"},\"headline\":\"Face au d\u00e9fi du vieillissement, la Loi Grand \u00c2ge est imp\u00e9rative !\",\"datePublished\":\"2025-04-01T09:53:55+00:00\",\"dateModified\":\"2025-05-27T10:02:47+00:00\",\"mainEntityOfPage\":{\"@id\":\"https:\\\/\\\/www.uges-isere.fr\\\/index.php\\\/2025\\\/04\\\/01\\\/face-au-defi-du-vieillissement-la-loi-grand-age-est-imperative\\\/\"},\"wordCount\":492,\"commentCount\":0,\"publisher\":{\"@id\":\"https:\\\/\\\/www.uges-isere.fr\\\/#organization\"},\"image\":{\"@id\":\"https:\\\/\\\/www.uges-isere.fr\\\/index.php\\\/2025\\\/04\\\/01\\\/face-au-defi-du-vieillissement-la-loi-grand-age-est-imperative\\\/#primaryimage\"},\"thumbnailUrl\":\"https:\\\/\\\/www.uges-isere.fr\\\/wp-content\\\/uploads\\\/2023\\\/12\\\/hands-4344711_1280.jpg\",\"keywords\":[\"aide \u00e0 domicile\",\"Ehpad\",\"grand \u00e2ge\",\"personnes \u00e2g\u00e9es\"],\"articleSection\":[\"Action sociale\",\"S\u00e9ance publique (Budget primitif 2025) - Mars 2025\"],\"inLanguage\":\"fr-FR\",\"potentialAction\":[{\"@type\":\"CommentAction\",\"name\":\"Comment\",\"target\":[\"https:\\\/\\\/www.uges-isere.fr\\\/index.php\\\/2025\\\/04\\\/01\\\/face-au-defi-du-vieillissement-la-loi-grand-age-est-imperative\\\/#respond\"]}]},{\"@type\":\"WebPage\",\"@id\":\"https:\\\/\\\/www.uges-isere.fr\\\/index.php\\\/2025\\\/04\\\/01\\\/face-au-defi-du-vieillissement-la-loi-grand-age-est-imperative\\\/\",\"url\":\"https:\\\/\\\/www.uges-isere.fr\\\/index.php\\\/2025\\\/04\\\/01\\\/face-au-defi-du-vieillissement-la-loi-grand-age-est-imperative\\\/\",\"name\":\"Face au d\u00e9fi du vieillissement, la Loi Grand \u00c2ge est imp\u00e9rative ! - D\u00e9partement de l&#039;Is\u00e8re\",\"isPartOf\":{\"@id\":\"https:\\\/\\\/www.uges-isere.fr\\\/#website\"},\"primaryImageOfPage\":{\"@id\":\"https:\\\/\\\/www.uges-isere.fr\\\/index.php\\\/2025\\\/04\\\/01\\\/face-au-defi-du-vieillissement-la-loi-grand-age-est-imperative\\\/#primaryimage\"},\"image\":{\"@id\":\"https:\\\/\\\/www.uges-isere.fr\\\/index.php\\\/2025\\\/04\\\/01\\\/face-au-defi-du-vieillissement-la-loi-grand-age-est-imperative\\\/#primaryimage\"},\"thumbnailUrl\":\"https:\\\/\\\/www.uges-isere.fr\\\/wp-content\\\/uploads\\\/2023\\\/12\\\/hands-4344711_1280.jpg\",\"datePublished\":\"2025-04-01T09:53:55+00:00\",\"dateModified\":\"2025-05-27T10:02:47+00:00\",\"breadcrumb\":{\"@id\":\"https:\\\/\\\/www.uges-isere.fr\\\/index.php\\\/2025\\\/04\\\/01\\\/face-au-defi-du-vieillissement-la-loi-grand-age-est-imperative\\\/#breadcrumb\"},\"inLanguage\":\"fr-FR\",\"potentialAction\":[{\"@type\":\"ReadAction\",\"target\":[\"https:\\\/\\\/www.uges-isere.fr\\\/index.php\\\/2025\\\/04\\\/01\\\/face-au-defi-du-vieillissement-la-loi-grand-age-est-imperative\\\/\"]}]},{\"@type\":\"ImageObject\",\"inLanguage\":\"fr-FR\",\"@id\":\"https:\\\/\\\/www.uges-isere.fr\\\/index.php\\\/2025\\\/04\\\/01\\\/face-au-defi-du-vieillissement-la-loi-grand-age-est-imperative\\\/#primaryimage\",\"url\":\"https:\\\/\\\/www.uges-isere.fr\\\/wp-content\\\/uploads\\\/2023\\\/12\\\/hands-4344711_1280.jpg\",\"contentUrl\":\"https:\\\/\\\/www.uges-isere.fr\\\/wp-content\\\/uploads\\\/2023\\\/12\\\/hands-4344711_1280.jpg\",\"width\":1280,\"height\":853},{\"@type\":\"BreadcrumbList\",\"@id\":\"https:\\\/\\\/www.uges-isere.fr\\\/index.php\\\/2025\\\/04\\\/01\\\/face-au-defi-du-vieillissement-la-loi-grand-age-est-imperative\\\/#breadcrumb\",\"itemListElement\":[{\"@type\":\"ListItem\",\"position\":1,\"name\":\"Accueil\",\"item\":\"https:\\\/\\\/www.uges-isere.fr\\\/\"},{\"@type\":\"ListItem\",\"position\":2,\"name\":\"Face au d\u00e9fi du vieillissement, la Loi Grand \u00c2ge est imp\u00e9rative !\"}]},{\"@type\":\"WebSite\",\"@id\":\"https:\\\/\\\/www.uges-isere.fr\\\/#website\",\"url\":\"https:\\\/\\\/www.uges-isere.fr\\\/\",\"name\":\"D\u00e9partement de l&#039;Is\u00e8re\",\"description\":\"Groupe d&#039;opposition UGES\",\"publisher\":{\"@id\":\"https:\\\/\\\/www.uges-isere.fr\\\/#organization\"},\"potentialAction\":[{\"@type\":\"SearchAction\",\"target\":{\"@type\":\"EntryPoint\",\"urlTemplate\":\"https:\\\/\\\/www.uges-isere.fr\\\/?s={search_term_string}\"},\"query-input\":{\"@type\":\"PropertyValueSpecification\",\"valueRequired\":true,\"valueName\":\"search_term_string\"}}],\"inLanguage\":\"fr-FR\"},{\"@type\":\"Organization\",\"@id\":\"https:\\\/\\\/www.uges-isere.fr\\\/#organization\",\"name\":\"D\u00e9partement de l'Is\u00e8re\",\"url\":\"https:\\\/\\\/www.uges-isere.fr\\\/\",\"logo\":{\"@type\":\"ImageObject\",\"inLanguage\":\"fr-FR\",\"@id\":\"https:\\\/\\\/www.uges-isere.fr\\\/#\\\/schema\\\/logo\\\/image\\\/\",\"url\":\"https:\\\/\\\/www.uges-isere.fr\\\/wp-content\\\/uploads\\\/2021\\\/10\\\/logo-ok.png\",\"contentUrl\":\"https:\\\/\\\/www.uges-isere.fr\\\/wp-content\\\/uploads\\\/2021\\\/10\\\/logo-ok.png\",\"width\":2859,\"height\":1816,\"caption\":\"D\u00e9partement de l'Is\u00e8re\"},\"image\":{\"@id\":\"https:\\\/\\\/www.uges-isere.fr\\\/#\\\/schema\\\/logo\\\/image\\\/\"},\"sameAs\":[\"https:\\\/\\\/www.facebook.com\\\/LePrintemps38\",\"https:\\\/\\\/x.com\\\/GroupeUGES38\"]},{\"@type\":\"Person\",\"@id\":\"https:\\\/\\\/www.uges-isere.fr\\\/#\\\/schema\\\/person\\\/a200926d67119314e8837b6a085de83a\",\"name\":\"ThibaudUGES38\",\"image\":{\"@type\":\"ImageObject\",\"inLanguage\":\"fr-FR\",\"@id\":\"https:\\\/\\\/secure.gravatar.com\\\/avatar\\\/e182ebfe597e409aafe3378f828607b2b757ed94a3489b20112818296e03b151?s=96&d=mm&r=g\",\"url\":\"https:\\\/\\\/secure.gravatar.com\\\/avatar\\\/e182ebfe597e409aafe3378f828607b2b757ed94a3489b20112818296e03b151?s=96&d=mm&r=g\",\"contentUrl\":\"https:\\\/\\\/secure.gravatar.com\\\/avatar\\\/e182ebfe597e409aafe3378f828607b2b757ed94a3489b20112818296e03b151?s=96&d=mm&r=g\",\"caption\":\"ThibaudUGES38\"},\"url\":\"https:\\\/\\\/www.uges-isere.fr\\\/index.php\\\/author\\\/thibauduges38\\\/\"}]}<\/script>\n<!-- \/ Yoast SEO plugin. -->","yoast_head_json":{"title":"Face au d\u00e9fi du vieillissement, la Loi Grand \u00c2ge est imp\u00e9rative ! - D\u00e9partement de l&#039;Is\u00e8re","robots":{"index":"index","follow":"follow","max-snippet":"max-snippet:-1","max-image-preview":"max-image-preview:large","max-video-preview":"max-video-preview:-1"},"canonical":"https:\/\/www.uges-isere.fr\/index.php\/2025\/04\/01\/face-au-defi-du-vieillissement-la-loi-grand-age-est-imperative\/","og_locale":"fr_FR","og_type":"article","og_title":"Face au d\u00e9fi du vieillissement, la Loi Grand \u00c2ge est imp\u00e9rative ! - D\u00e9partement de l&#039;Is\u00e8re","og_description":"Dans le cadre des discussions budg\u00e9taires pour 2025, Amandine Germain a rappel\u00e9 les divergences fortes sur la politique &hellip;","og_url":"https:\/\/www.uges-isere.fr\/index.php\/2025\/04\/01\/face-au-defi-du-vieillissement-la-loi-grand-age-est-imperative\/","og_site_name":"D\u00e9partement de l&#039;Is\u00e8re","article_publisher":"https:\/\/www.facebook.com\/LePrintemps38","article_published_time":"2025-04-01T09:53:55+00:00","article_modified_time":"2025-05-27T10:02:47+00:00","og_image":[{"width":1280,"height":853,"url":"https:\/\/www.uges-isere.fr\/wp-content\/uploads\/2023\/12\/hands-4344711_1280.jpg","type":"image\/jpeg"}],"author":"ThibaudUGES38","twitter_card":"summary_large_image","twitter_creator":"@GroupeUGES38","twitter_site":"@GroupeUGES38","twitter_misc":{"\u00c9crit par":"ThibaudUGES38","Dur\u00e9e de lecture estim\u00e9e":"3 minutes"},"schema":{"@context":"https:\/\/schema.org","@graph":[{"@type":"Article","@id":"https:\/\/www.uges-isere.fr\/index.php\/2025\/04\/01\/face-au-defi-du-vieillissement-la-loi-grand-age-est-imperative\/#article","isPartOf":{"@id":"https:\/\/www.uges-isere.fr\/index.php\/2025\/04\/01\/face-au-defi-du-vieillissement-la-loi-grand-age-est-imperative\/"},"author":{"name":"ThibaudUGES38","@id":"https:\/\/www.uges-isere.fr\/#\/schema\/person\/a200926d67119314e8837b6a085de83a"},"headline":"Face au d\u00e9fi du vieillissement, la Loi Grand \u00c2ge est imp\u00e9rative !","datePublished":"2025-04-01T09:53:55+00:00","dateModified":"2025-05-27T10:02:47+00:00","mainEntityOfPage":{"@id":"https:\/\/www.uges-isere.fr\/index.php\/2025\/04\/01\/face-au-defi-du-vieillissement-la-loi-grand-age-est-imperative\/"},"wordCount":492,"commentCount":0,"publisher":{"@id":"https:\/\/www.uges-isere.fr\/#organization"},"image":{"@id":"https:\/\/www.uges-isere.fr\/index.php\/2025\/04\/01\/face-au-defi-du-vieillissement-la-loi-grand-age-est-imperative\/#primaryimage"},"thumbnailUrl":"https:\/\/www.uges-isere.fr\/wp-content\/uploads\/2023\/12\/hands-4344711_1280.jpg","keywords":["aide \u00e0 domicile","Ehpad","grand \u00e2ge","personnes \u00e2g\u00e9es"],"articleSection":["Action sociale","S\u00e9ance publique (Budget primitif 2025) - Mars 2025"],"inLanguage":"fr-FR","potentialAction":[{"@type":"CommentAction","name":"Comment","target":["https:\/\/www.uges-isere.fr\/index.php\/2025\/04\/01\/face-au-defi-du-vieillissement-la-loi-grand-age-est-imperative\/#respond"]}]},{"@type":"WebPage","@id":"https:\/\/www.uges-isere.fr\/index.php\/2025\/04\/01\/face-au-defi-du-vieillissement-la-loi-grand-age-est-imperative\/","url":"https:\/\/www.uges-isere.fr\/index.php\/2025\/04\/01\/face-au-defi-du-vieillissement-la-loi-grand-age-est-imperative\/","name":"Face au d\u00e9fi du vieillissement, la Loi Grand \u00c2ge est imp\u00e9rative ! - D\u00e9partement de l&#039;Is\u00e8re","isPartOf":{"@id":"https:\/\/www.uges-isere.fr\/#website"},"primaryImageOfPage":{"@id":"https:\/\/www.uges-isere.fr\/index.php\/2025\/04\/01\/face-au-defi-du-vieillissement-la-loi-grand-age-est-imperative\/#primaryimage"},"image":{"@id":"https:\/\/www.uges-isere.fr\/index.php\/2025\/04\/01\/face-au-defi-du-vieillissement-la-loi-grand-age-est-imperative\/#primaryimage"},"thumbnailUrl":"https:\/\/www.uges-isere.fr\/wp-content\/uploads\/2023\/12\/hands-4344711_1280.jpg","datePublished":"2025-04-01T09:53:55+00:00","dateModified":"2025-05-27T10:02:47+00:00","breadcrumb":{"@id":"https:\/\/www.uges-isere.fr\/index.php\/2025\/04\/01\/face-au-defi-du-vieillissement-la-loi-grand-age-est-imperative\/#breadcrumb"},"inLanguage":"fr-FR","potentialAction":[{"@type":"ReadAction","target":["https:\/\/www.uges-isere.fr\/index.php\/2025\/04\/01\/face-au-defi-du-vieillissement-la-loi-grand-age-est-imperative\/"]}]},{"@type":"ImageObject","inLanguage":"fr-FR","@id":"https:\/\/www.uges-isere.fr\/index.php\/2025\/04\/01\/face-au-defi-du-vieillissement-la-loi-grand-age-est-imperative\/#primaryimage","url":"https:\/\/www.uges-isere.fr\/wp-content\/uploads\/2023\/12\/hands-4344711_1280.jpg","contentUrl":"https:\/\/www.uges-isere.fr\/wp-content\/uploads\/2023\/12\/hands-4344711_1280.jpg","width":1280,"height":853},{"@type":"BreadcrumbList","@id":"https:\/\/www.uges-isere.fr\/index.php\/2025\/04\/01\/face-au-defi-du-vieillissement-la-loi-grand-age-est-imperative\/#breadcrumb","itemListElement":[{"@type":"ListItem","position":1,"name":"Accueil","item":"https:\/\/www.uges-isere.fr\/"},{"@type":"ListItem","position":2,"name":"Face au d\u00e9fi du vieillissement, la Loi Grand \u00c2ge est imp\u00e9rative !"}]},{"@type":"WebSite","@id":"https:\/\/www.uges-isere.fr\/#website","url":"https:\/\/www.uges-isere.fr\/","name":"D\u00e9partement de l&#039;Is\u00e8re","description":"Groupe d&#039;opposition UGES","publisher":{"@id":"https:\/\/www.uges-isere.fr\/#organization"},"potentialAction":[{"@type":"SearchAction","target":{"@type":"EntryPoint","urlTemplate":"https:\/\/www.uges-isere.fr\/?s={search_term_string}"},"query-input":{"@type":"PropertyValueSpecification","valueRequired":true,"valueName":"search_term_string"}}],"inLanguage":"fr-FR"},{"@type":"Organization","@id":"https:\/\/www.uges-isere.fr\/#organization","name":"D\u00e9partement de l'Is\u00e8re","url":"https:\/\/www.uges-isere.fr\/","logo":{"@type":"ImageObject","inLanguage":"fr-FR","@id":"https:\/\/www.uges-isere.fr\/#\/schema\/logo\/image\/","url":"https:\/\/www.uges-isere.fr\/wp-content\/uploads\/2021\/10\/logo-ok.png","contentUrl":"https:\/\/www.uges-isere.fr\/wp-content\/uploads\/2021\/10\/logo-ok.png","width":2859,"height":1816,"caption":"D\u00e9partement de l'Is\u00e8re"},"image":{"@id":"https:\/\/www.uges-isere.fr\/#\/schema\/logo\/image\/"},"sameAs":["https:\/\/www.facebook.com\/LePrintemps38","https:\/\/x.com\/GroupeUGES38"]},{"@type":"Person","@id":"https:\/\/www.uges-isere.fr\/#\/schema\/person\/a200926d67119314e8837b6a085de83a","name":"ThibaudUGES38","image":{"@type":"ImageObject","inLanguage":"fr-FR","@id":"https:\/\/secure.gravatar.com\/avatar\/e182ebfe597e409aafe3378f828607b2b757ed94a3489b20112818296e03b151?s=96&d=mm&r=g","url":"https:\/\/secure.gravatar.com\/avatar\/e182ebfe597e409aafe3378f828607b2b757ed94a3489b20112818296e03b151?s=96&d=mm&r=g","contentUrl":"https:\/\/secure.gravatar.com\/avatar\/e182ebfe597e409aafe3378f828607b2b757ed94a3489b20112818296e03b151?s=96&d=mm&r=g","caption":"ThibaudUGES38"},"url":"https:\/\/www.uges-isere.fr\/index.php\/author\/thibauduges38\/"}]}},"_links":{"self":[{"href":"https:\/\/www.uges-isere.fr\/index.php\/wp-json\/wp\/v2\/posts\/684322","targetHints":{"allow":["GET"]}}],"collection":[{"href":"https:\/\/www.uges-isere.fr\/index.php\/wp-json\/wp\/v2\/posts"}],"about":[{"href":"https:\/\/www.uges-isere.fr\/index.php\/wp-json\/wp\/v2\/types\/post"}],"author":[{"embeddable":true,"href":"https:\/\/www.uges-isere.fr\/index.php\/wp-json\/wp\/v2\/users\/8"}],"replies":[{"embeddable":true,"href":"https:\/\/www.uges-isere.fr\/index.php\/wp-json\/wp\/v2\/comments?post=684322"}],"version-history":[{"count":1,"href":"https:\/\/www.uges-isere.fr\/index.php\/wp-json\/wp\/v2\/posts\/684322\/revisions"}],"predecessor-version":[{"id":684323,"href":"https:\/\/www.uges-isere.fr\/index.php\/wp-json\/wp\/v2\/posts\/684322\/revisions\/684323"}],"wp:featuredmedia":[{"embeddable":true,"href":"https:\/\/www.uges-isere.fr\/index.php\/wp-json\/wp\/v2\/media\/683864"}],"wp:attachment":[{"href":"https:\/\/www.uges-isere.fr\/index.php\/wp-json\/wp\/v2\/media?parent=684322"}],"wp:term":[{"taxonomy":"category","embeddable":true,"href":"https:\/\/www.uges-isere.fr\/index.php\/wp-json\/wp\/v2\/categories?post=684322"},{"taxonomy":"post_tag","embeddable":true,"href":"https:\/\/www.uges-isere.fr\/index.php\/wp-json\/wp\/v2\/tags?post=684322"}],"curies":[{"name":"wp","href":"https:\/\/api.w.org\/{rel}","templated":true}]}}