{"id":684302,"date":"2025-02-21T11:14:00","date_gmt":"2025-02-21T10:14:00","guid":{"rendered":"https:\/\/www.uges-isere.fr\/?p=684302"},"modified":"2025-12-10T11:42:06","modified_gmt":"2025-12-10T10:42:06","slug":"expression-politique-fevrier-2025","status":"publish","type":"post","link":"https:\/\/www.uges-isere.fr\/index.php\/2025\/02\/21\/expression-politique-fevrier-2025\/","title":{"rendered":"EXPRESSION POLITIQUE &#8211; FEVRIER 2025"},"content":{"rendered":"\n<p>Retrouvez ci-dessous l&rsquo;expression politique du groupe UGES suite \u00e0 la s\u00e9ance publique consacr\u00e9e au D\u00e9bat d&rsquo;orientation budg\u00e9taire 2025. L&rsquo;occasion pour notre groupe de proposer de nouvelles mesures d&rsquo;\u00e9galit\u00e9 salariale pour prot\u00e9ger la sant\u00e9 des agentes du d\u00e9partement.<\/p>\n\n\n\n<figure class=\"wp-block-video\"><video height=\"464\" style=\"aspect-ratio: 848 \/ 464;\" width=\"848\" controls src=\"https:\/\/www.uges-isere.fr\/wp-content\/uploads\/2025\/05\/WhatsApp-Video-2025-05-26-at-10.55.50.mp4\"><\/video><\/figure>\n","protected":false},"excerpt":{"rendered":"<p>Retrouvez ci-dessous l&rsquo;expression politique du groupe UGES suite \u00e0 la s\u00e9ance publique consacr\u00e9e au D\u00e9bat d&rsquo;orientation budg\u00e9taire 2025. &hellip; <\/p>\n","protected":false},"author":8,"featured_media":684304,"comment_status":"open","ping_status":"open","sticky":false,"template":"","format":"standard","meta":{"footnotes":""},"categories":[20,319],"tags":[],"class_list":["post-684302","post","type-post","status-publish","format-standard","has-post-thumbnail","hentry","category-expressions-tribune","category-seance-publique-debat-dorientations-budgetaires-fevrier-2025"],"yoast_head":"<!-- This site is optimized with the Yoast SEO plugin v27.5 - https:\/\/yoast.com\/product\/yoast-seo-wordpress\/ -->\n<title>EXPRESSION POLITIQUE - FEVRIER 2025 - D\u00e9partement de l&#039;Is\u00e8re<\/title>\n<meta name=\"robots\" content=\"index, follow, max-snippet:-1, max-image-preview:large, max-video-preview:-1\" \/>\n<link rel=\"canonical\" href=\"https:\/\/www.uges-isere.fr\/index.php\/2025\/02\/21\/expression-politique-fevrier-2025\/\" \/>\n<meta property=\"og:locale\" content=\"fr_FR\" \/>\n<meta property=\"og:type\" content=\"article\" \/>\n<meta property=\"og:title\" content=\"EXPRESSION POLITIQUE - FEVRIER 2025 - D\u00e9partement de l&#039;Is\u00e8re\" \/>\n<meta property=\"og:description\" content=\"Retrouvez ci-dessous l&rsquo;expression politique du groupe UGES suite \u00e0 la s\u00e9ance publique consacr\u00e9e au D\u00e9bat d&rsquo;orientation budg\u00e9taire 2025. &hellip;\" \/>\n<meta property=\"og:url\" content=\"https:\/\/www.uges-isere.fr\/index.php\/2025\/02\/21\/expression-politique-fevrier-2025\/\" \/>\n<meta property=\"og:site_name\" content=\"D\u00e9partement de l&#039;Is\u00e8re\" \/>\n<meta property=\"article:publisher\" content=\"https:\/\/www.facebook.com\/LePrintemps38\" \/>\n<meta property=\"article:published_time\" content=\"2025-02-21T10:14:00+00:00\" \/>\n<meta property=\"article:modified_time\" content=\"2025-12-10T10:42:06+00:00\" \/>\n<meta property=\"og:image\" content=\"https:\/\/www.uges-isere.fr\/wp-content\/uploads\/2025\/05\/Eleonore-EXPRESS.jpg\" \/>\n\t<meta property=\"og:image:width\" content=\"998\" \/>\n\t<meta property=\"og:image:height\" content=\"559\" \/>\n\t<meta property=\"og:image:type\" content=\"image\/jpeg\" \/>\n<meta name=\"author\" content=\"ThibaudUGES38\" \/>\n<meta name=\"twitter:card\" content=\"summary_large_image\" \/>\n<meta name=\"twitter:creator\" content=\"@GroupeUGES38\" \/>\n<meta name=\"twitter:site\" content=\"@GroupeUGES38\" \/>\n<meta name=\"twitter:label1\" content=\"\u00c9crit par\" \/>\n\t<meta name=\"twitter:data1\" content=\"ThibaudUGES38\" \/>\n\t<meta name=\"twitter:label2\" content=\"Dur\u00e9e de lecture estim\u00e9e\" \/>\n\t<meta name=\"twitter:data2\" content=\"1 minute\" \/>\n<script type=\"application\/ld+json\" class=\"yoast-schema-graph\">{\"@context\":\"https:\\\/\\\/schema.org\",\"@graph\":[{\"@type\":\"Article\",\"@id\":\"https:\\\/\\\/www.uges-isere.fr\\\/index.php\\\/2025\\\/02\\\/21\\\/expression-politique-fevrier-2025\\\/#article\",\"isPartOf\":{\"@id\":\"https:\\\/\\\/www.uges-isere.fr\\\/index.php\\\/2025\\\/02\\\/21\\\/expression-politique-fevrier-2025\\\/\"},\"author\":{\"name\":\"ThibaudUGES38\",\"@id\":\"https:\\\/\\\/www.uges-isere.fr\\\/#\\\/schema\\\/person\\\/a200926d67119314e8837b6a085de83a\"},\"headline\":\"EXPRESSION POLITIQUE &#8211; FEVRIER 2025\",\"datePublished\":\"2025-02-21T10:14:00+00:00\",\"dateModified\":\"2025-12-10T10:42:06+00:00\",\"mainEntityOfPage\":{\"@id\":\"https:\\\/\\\/www.uges-isere.fr\\\/index.php\\\/2025\\\/02\\\/21\\\/expression-politique-fevrier-2025\\\/\"},\"wordCount\":46,\"commentCount\":0,\"publisher\":{\"@id\":\"https:\\\/\\\/www.uges-isere.fr\\\/#organization\"},\"image\":{\"@id\":\"https:\\\/\\\/www.uges-isere.fr\\\/index.php\\\/2025\\\/02\\\/21\\\/expression-politique-fevrier-2025\\\/#primaryimage\"},\"thumbnailUrl\":\"https:\\\/\\\/www.uges-isere.fr\\\/wp-content\\\/uploads\\\/2025\\\/05\\\/Eleonore-EXPRESS.jpg\",\"articleSection\":[\"Expressions - Tribune\",\"S\u00e9ance publique (D\u00e9bat d'orientation budg\u00e9taire 2025) - F\u00e9vrier 2025\"],\"inLanguage\":\"fr-FR\",\"potentialAction\":[{\"@type\":\"CommentAction\",\"name\":\"Comment\",\"target\":[\"https:\\\/\\\/www.uges-isere.fr\\\/index.php\\\/2025\\\/02\\\/21\\\/expression-politique-fevrier-2025\\\/#respond\"]}]},{\"@type\":\"WebPage\",\"@id\":\"https:\\\/\\\/www.uges-isere.fr\\\/index.php\\\/2025\\\/02\\\/21\\\/expression-politique-fevrier-2025\\\/\",\"url\":\"https:\\\/\\\/www.uges-isere.fr\\\/index.php\\\/2025\\\/02\\\/21\\\/expression-politique-fevrier-2025\\\/\",\"name\":\"EXPRESSION POLITIQUE - FEVRIER 2025 - D\u00e9partement de l&#039;Is\u00e8re\",\"isPartOf\":{\"@id\":\"https:\\\/\\\/www.uges-isere.fr\\\/#website\"},\"primaryImageOfPage\":{\"@id\":\"https:\\\/\\\/www.uges-isere.fr\\\/index.php\\\/2025\\\/02\\\/21\\\/expression-politique-fevrier-2025\\\/#primaryimage\"},\"image\":{\"@id\":\"https:\\\/\\\/www.uges-isere.fr\\\/index.php\\\/2025\\\/02\\\/21\\\/expression-politique-fevrier-2025\\\/#primaryimage\"},\"thumbnailUrl\":\"https:\\\/\\\/www.uges-isere.fr\\\/wp-content\\\/uploads\\\/2025\\\/05\\\/Eleonore-EXPRESS.jpg\",\"datePublished\":\"2025-02-21T10:14:00+00:00\",\"dateModified\":\"2025-12-10T10:42:06+00:00\",\"breadcrumb\":{\"@id\":\"https:\\\/\\\/www.uges-isere.fr\\\/index.php\\\/2025\\\/02\\\/21\\\/expression-politique-fevrier-2025\\\/#breadcrumb\"},\"inLanguage\":\"fr-FR\",\"potentialAction\":[{\"@type\":\"ReadAction\",\"target\":[\"https:\\\/\\\/www.uges-isere.fr\\\/index.php\\\/2025\\\/02\\\/21\\\/expression-politique-fevrier-2025\\\/\"]}]},{\"@type\":\"ImageObject\",\"inLanguage\":\"fr-FR\",\"@id\":\"https:\\\/\\\/www.uges-isere.fr\\\/index.php\\\/2025\\\/02\\\/21\\\/expression-politique-fevrier-2025\\\/#primaryimage\",\"url\":\"https:\\\/\\\/www.uges-isere.fr\\\/wp-content\\\/uploads\\\/2025\\\/05\\\/Eleonore-EXPRESS.jpg\",\"contentUrl\":\"https:\\\/\\\/www.uges-isere.fr\\\/wp-content\\\/uploads\\\/2025\\\/05\\\/Eleonore-EXPRESS.jpg\",\"width\":998,\"height\":559},{\"@type\":\"BreadcrumbList\",\"@id\":\"https:\\\/\\\/www.uges-isere.fr\\\/index.php\\\/2025\\\/02\\\/21\\\/expression-politique-fevrier-2025\\\/#breadcrumb\",\"itemListElement\":[{\"@type\":\"ListItem\",\"position\":1,\"name\":\"Accueil\",\"item\":\"https:\\\/\\\/www.uges-isere.fr\\\/\"},{\"@type\":\"ListItem\",\"position\":2,\"name\":\"EXPRESSION POLITIQUE &#8211; FEVRIER 2025\"}]},{\"@type\":\"WebSite\",\"@id\":\"https:\\\/\\\/www.uges-isere.fr\\\/#website\",\"url\":\"https:\\\/\\\/www.uges-isere.fr\\\/\",\"name\":\"D\u00e9partement de l&#039;Is\u00e8re\",\"description\":\"Groupe d&#039;opposition UGES\",\"publisher\":{\"@id\":\"https:\\\/\\\/www.uges-isere.fr\\\/#organization\"},\"potentialAction\":[{\"@type\":\"SearchAction\",\"target\":{\"@type\":\"EntryPoint\",\"urlTemplate\":\"https:\\\/\\\/www.uges-isere.fr\\\/?s={search_term_string}\"},\"query-input\":{\"@type\":\"PropertyValueSpecification\",\"valueRequired\":true,\"valueName\":\"search_term_string\"}}],\"inLanguage\":\"fr-FR\"},{\"@type\":\"Organization\",\"@id\":\"https:\\\/\\\/www.uges-isere.fr\\\/#organization\",\"name\":\"D\u00e9partement de l'Is\u00e8re\",\"url\":\"https:\\\/\\\/www.uges-isere.fr\\\/\",\"logo\":{\"@type\":\"ImageObject\",\"inLanguage\":\"fr-FR\",\"@id\":\"https:\\\/\\\/www.uges-isere.fr\\\/#\\\/schema\\\/logo\\\/image\\\/\",\"url\":\"https:\\\/\\\/www.uges-isere.fr\\\/wp-content\\\/uploads\\\/2021\\\/10\\\/logo-ok.png\",\"contentUrl\":\"https:\\\/\\\/www.uges-isere.fr\\\/wp-content\\\/uploads\\\/2021\\\/10\\\/logo-ok.png\",\"width\":2859,\"height\":1816,\"caption\":\"D\u00e9partement de l'Is\u00e8re\"},\"image\":{\"@id\":\"https:\\\/\\\/www.uges-isere.fr\\\/#\\\/schema\\\/logo\\\/image\\\/\"},\"sameAs\":[\"https:\\\/\\\/www.facebook.com\\\/LePrintemps38\",\"https:\\\/\\\/x.com\\\/GroupeUGES38\"]},{\"@type\":\"Person\",\"@id\":\"https:\\\/\\\/www.uges-isere.fr\\\/#\\\/schema\\\/person\\\/a200926d67119314e8837b6a085de83a\",\"name\":\"ThibaudUGES38\",\"image\":{\"@type\":\"ImageObject\",\"inLanguage\":\"fr-FR\",\"@id\":\"https:\\\/\\\/secure.gravatar.com\\\/avatar\\\/e182ebfe597e409aafe3378f828607b2b757ed94a3489b20112818296e03b151?s=96&d=mm&r=g\",\"url\":\"https:\\\/\\\/secure.gravatar.com\\\/avatar\\\/e182ebfe597e409aafe3378f828607b2b757ed94a3489b20112818296e03b151?s=96&d=mm&r=g\",\"contentUrl\":\"https:\\\/\\\/secure.gravatar.com\\\/avatar\\\/e182ebfe597e409aafe3378f828607b2b757ed94a3489b20112818296e03b151?s=96&d=mm&r=g\",\"caption\":\"ThibaudUGES38\"},\"url\":\"https:\\\/\\\/www.uges-isere.fr\\\/index.php\\\/author\\\/thibauduges38\\\/\"}]}<\/script>\n<!-- \/ Yoast SEO plugin. -->","yoast_head_json":{"title":"EXPRESSION POLITIQUE - FEVRIER 2025 - D\u00e9partement de l&#039;Is\u00e8re","robots":{"index":"index","follow":"follow","max-snippet":"max-snippet:-1","max-image-preview":"max-image-preview:large","max-video-preview":"max-video-preview:-1"},"canonical":"https:\/\/www.uges-isere.fr\/index.php\/2025\/02\/21\/expression-politique-fevrier-2025\/","og_locale":"fr_FR","og_type":"article","og_title":"EXPRESSION POLITIQUE - FEVRIER 2025 - D\u00e9partement de l&#039;Is\u00e8re","og_description":"Retrouvez ci-dessous l&rsquo;expression politique du groupe UGES suite \u00e0 la s\u00e9ance publique consacr\u00e9e au D\u00e9bat d&rsquo;orientation budg\u00e9taire 2025. &hellip;","og_url":"https:\/\/www.uges-isere.fr\/index.php\/2025\/02\/21\/expression-politique-fevrier-2025\/","og_site_name":"D\u00e9partement de l&#039;Is\u00e8re","article_publisher":"https:\/\/www.facebook.com\/LePrintemps38","article_published_time":"2025-02-21T10:14:00+00:00","article_modified_time":"2025-12-10T10:42:06+00:00","og_image":[{"width":998,"height":559,"url":"https:\/\/www.uges-isere.fr\/wp-content\/uploads\/2025\/05\/Eleonore-EXPRESS.jpg","type":"image\/jpeg"}],"author":"ThibaudUGES38","twitter_card":"summary_large_image","twitter_creator":"@GroupeUGES38","twitter_site":"@GroupeUGES38","twitter_misc":{"\u00c9crit par":"ThibaudUGES38","Dur\u00e9e de lecture estim\u00e9e":"1 minute"},"schema":{"@context":"https:\/\/schema.org","@graph":[{"@type":"Article","@id":"https:\/\/www.uges-isere.fr\/index.php\/2025\/02\/21\/expression-politique-fevrier-2025\/#article","isPartOf":{"@id":"https:\/\/www.uges-isere.fr\/index.php\/2025\/02\/21\/expression-politique-fevrier-2025\/"},"author":{"name":"ThibaudUGES38","@id":"https:\/\/www.uges-isere.fr\/#\/schema\/person\/a200926d67119314e8837b6a085de83a"},"headline":"EXPRESSION POLITIQUE &#8211; FEVRIER 2025","datePublished":"2025-02-21T10:14:00+00:00","dateModified":"2025-12-10T10:42:06+00:00","mainEntityOfPage":{"@id":"https:\/\/www.uges-isere.fr\/index.php\/2025\/02\/21\/expression-politique-fevrier-2025\/"},"wordCount":46,"commentCount":0,"publisher":{"@id":"https:\/\/www.uges-isere.fr\/#organization"},"image":{"@id":"https:\/\/www.uges-isere.fr\/index.php\/2025\/02\/21\/expression-politique-fevrier-2025\/#primaryimage"},"thumbnailUrl":"https:\/\/www.uges-isere.fr\/wp-content\/uploads\/2025\/05\/Eleonore-EXPRESS.jpg","articleSection":["Expressions - Tribune","S\u00e9ance publique (D\u00e9bat d'orientation budg\u00e9taire 2025) - F\u00e9vrier 2025"],"inLanguage":"fr-FR","potentialAction":[{"@type":"CommentAction","name":"Comment","target":["https:\/\/www.uges-isere.fr\/index.php\/2025\/02\/21\/expression-politique-fevrier-2025\/#respond"]}]},{"@type":"WebPage","@id":"https:\/\/www.uges-isere.fr\/index.php\/2025\/02\/21\/expression-politique-fevrier-2025\/","url":"https:\/\/www.uges-isere.fr\/index.php\/2025\/02\/21\/expression-politique-fevrier-2025\/","name":"EXPRESSION POLITIQUE - FEVRIER 2025 - D\u00e9partement de l&#039;Is\u00e8re","isPartOf":{"@id":"https:\/\/www.uges-isere.fr\/#website"},"primaryImageOfPage":{"@id":"https:\/\/www.uges-isere.fr\/index.php\/2025\/02\/21\/expression-politique-fevrier-2025\/#primaryimage"},"image":{"@id":"https:\/\/www.uges-isere.fr\/index.php\/2025\/02\/21\/expression-politique-fevrier-2025\/#primaryimage"},"thumbnailUrl":"https:\/\/www.uges-isere.fr\/wp-content\/uploads\/2025\/05\/Eleonore-EXPRESS.jpg","datePublished":"2025-02-21T10:14:00+00:00","dateModified":"2025-12-10T10:42:06+00:00","breadcrumb":{"@id":"https:\/\/www.uges-isere.fr\/index.php\/2025\/02\/21\/expression-politique-fevrier-2025\/#breadcrumb"},"inLanguage":"fr-FR","potentialAction":[{"@type":"ReadAction","target":["https:\/\/www.uges-isere.fr\/index.php\/2025\/02\/21\/expression-politique-fevrier-2025\/"]}]},{"@type":"ImageObject","inLanguage":"fr-FR","@id":"https:\/\/www.uges-isere.fr\/index.php\/2025\/02\/21\/expression-politique-fevrier-2025\/#primaryimage","url":"https:\/\/www.uges-isere.fr\/wp-content\/uploads\/2025\/05\/Eleonore-EXPRESS.jpg","contentUrl":"https:\/\/www.uges-isere.fr\/wp-content\/uploads\/2025\/05\/Eleonore-EXPRESS.jpg","width":998,"height":559},{"@type":"BreadcrumbList","@id":"https:\/\/www.uges-isere.fr\/index.php\/2025\/02\/21\/expression-politique-fevrier-2025\/#breadcrumb","itemListElement":[{"@type":"ListItem","position":1,"name":"Accueil","item":"https:\/\/www.uges-isere.fr\/"},{"@type":"ListItem","position":2,"name":"EXPRESSION POLITIQUE &#8211; FEVRIER 2025"}]},{"@type":"WebSite","@id":"https:\/\/www.uges-isere.fr\/#website","url":"https:\/\/www.uges-isere.fr\/","name":"D\u00e9partement de l&#039;Is\u00e8re","description":"Groupe d&#039;opposition UGES","publisher":{"@id":"https:\/\/www.uges-isere.fr\/#organization"},"potentialAction":[{"@type":"SearchAction","target":{"@type":"EntryPoint","urlTemplate":"https:\/\/www.uges-isere.fr\/?s={search_term_string}"},"query-input":{"@type":"PropertyValueSpecification","valueRequired":true,"valueName":"search_term_string"}}],"inLanguage":"fr-FR"},{"@type":"Organization","@id":"https:\/\/www.uges-isere.fr\/#organization","name":"D\u00e9partement de l'Is\u00e8re","url":"https:\/\/www.uges-isere.fr\/","logo":{"@type":"ImageObject","inLanguage":"fr-FR","@id":"https:\/\/www.uges-isere.fr\/#\/schema\/logo\/image\/","url":"https:\/\/www.uges-isere.fr\/wp-content\/uploads\/2021\/10\/logo-ok.png","contentUrl":"https:\/\/www.uges-isere.fr\/wp-content\/uploads\/2021\/10\/logo-ok.png","width":2859,"height":1816,"caption":"D\u00e9partement de l'Is\u00e8re"},"image":{"@id":"https:\/\/www.uges-isere.fr\/#\/schema\/logo\/image\/"},"sameAs":["https:\/\/www.facebook.com\/LePrintemps38","https:\/\/x.com\/GroupeUGES38"]},{"@type":"Person","@id":"https:\/\/www.uges-isere.fr\/#\/schema\/person\/a200926d67119314e8837b6a085de83a","name":"ThibaudUGES38","image":{"@type":"ImageObject","inLanguage":"fr-FR","@id":"https:\/\/secure.gravatar.com\/avatar\/e182ebfe597e409aafe3378f828607b2b757ed94a3489b20112818296e03b151?s=96&d=mm&r=g","url":"https:\/\/secure.gravatar.com\/avatar\/e182ebfe597e409aafe3378f828607b2b757ed94a3489b20112818296e03b151?s=96&d=mm&r=g","contentUrl":"https:\/\/secure.gravatar.com\/avatar\/e182ebfe597e409aafe3378f828607b2b757ed94a3489b20112818296e03b151?s=96&d=mm&r=g","caption":"ThibaudUGES38"},"url":"https:\/\/www.uges-isere.fr\/index.php\/author\/thibauduges38\/"}]}},"_links":{"self":[{"href":"https:\/\/www.uges-isere.fr\/index.php\/wp-json\/wp\/v2\/posts\/684302","targetHints":{"allow":["GET"]}}],"collection":[{"href":"https:\/\/www.uges-isere.fr\/index.php\/wp-json\/wp\/v2\/posts"}],"about":[{"href":"https:\/\/www.uges-isere.fr\/index.php\/wp-json\/wp\/v2\/types\/post"}],"author":[{"embeddable":true,"href":"https:\/\/www.uges-isere.fr\/index.php\/wp-json\/wp\/v2\/users\/8"}],"replies":[{"embeddable":true,"href":"https:\/\/www.uges-isere.fr\/index.php\/wp-json\/wp\/v2\/comments?post=684302"}],"version-history":[{"count":1,"href":"https:\/\/www.uges-isere.fr\/index.php\/wp-json\/wp\/v2\/posts\/684302\/revisions"}],"predecessor-version":[{"id":684305,"href":"https:\/\/www.uges-isere.fr\/index.php\/wp-json\/wp\/v2\/posts\/684302\/revisions\/684305"}],"wp:featuredmedia":[{"embeddable":true,"href":"https:\/\/www.uges-isere.fr\/index.php\/wp-json\/wp\/v2\/media\/684304"}],"wp:attachment":[{"href":"https:\/\/www.uges-isere.fr\/index.php\/wp-json\/wp\/v2\/media?parent=684302"}],"wp:term":[{"taxonomy":"category","embeddable":true,"href":"https:\/\/www.uges-isere.fr\/index.php\/wp-json\/wp\/v2\/categories?post=684302"},{"taxonomy":"post_tag","embeddable":true,"href":"https:\/\/www.uges-isere.fr\/index.php\/wp-json\/wp\/v2\/tags?post=684302"}],"curies":[{"name":"wp","href":"https:\/\/api.w.org\/{rel}","templated":true}]}}