{"id":684291,"date":"2025-01-20T09:36:00","date_gmt":"2025-01-20T08:36:00","guid":{"rendered":"https:\/\/www.uges-isere.fr\/?p=684291"},"modified":"2025-05-26T09:39:48","modified_gmt":"2025-05-26T07:39:48","slug":"tribune-janvier-fevrier-2025-isere-durable-la-majorite-toujours-en-transition","status":"publish","type":"post","link":"https:\/\/www.uges-isere.fr\/index.php\/2025\/01\/20\/tribune-janvier-fevrier-2025-isere-durable-la-majorite-toujours-en-transition\/","title":{"rendered":"TRIBUNE JANVIER\/FEVRIER 2025 &#8211; \u00ab\u00a0ISERE DURABLE\u00a0\u00bb: LA MAJORITE TOUJOURS EN TRANSITION"},"content":{"rendered":"\n<p>Le rapport \u00abIs\u00e8re Durable\u00bb devait \u00eatre un tournant dans les politiques en faveur de la transition \u00e9cologique du D\u00e9partement de l\u2019Is\u00e8re. H\u00e9las, malgr\u00e9 un changement de ton et de vocabulaire, des enjeux majeurs sont \u00e9cart\u00e9s ou oubli\u00e9s dans les ambitions affich\u00e9es.<\/p>\n\n\n\n<p>Si nous nous retrouvons sur des orientations comme la r\u00e9habilitation thermique des b\u00e2timents d\u00e9partementaux ou encore la v\u00e9g\u00e9talisation des cours de r\u00e9cr\u00e9ation que nous portions d\u00e8s 2021, la majorit\u00e9 d\u00e9partementale s\u2019arr\u00eate malheureusement au milieu du chemin de la transition. <\/p>\n\n\n\n<p>Des sujets majeurs sont ainsi pass\u00e9s sous silence comme les mobilit\u00e9s d\u00e9carbon\u00e9es et le projet du RER m\u00e9tropolitain sur lequel le D\u00e9partement doit s\u2019engager. La probl\u00e9matique des \u00eelots de chaleur dans les espaces urbains est \u00e9lud\u00e9e, comme l\u2019artificialisation des sols ou le soutien \u00e0 une agriculture plus vertueuse et r\u00e9mun\u00e9ratrice. Face \u00e0 ces d\u00e9fis, nous continuerons \u00e0 porter nos propositions<\/p>\n\n\n\n<p><\/p>\n","protected":false},"excerpt":{"rendered":"<p>Le rapport \u00abIs\u00e8re Durable\u00bb devait \u00eatre un tournant dans les politiques en faveur de la transition \u00e9cologique du &hellip; <\/p>\n","protected":false},"author":8,"featured_media":684125,"comment_status":"open","ping_status":"open","sticky":false,"template":"","format":"standard","meta":{"footnotes":""},"categories":[12,20],"tags":[76,81,328,195],"class_list":["post-684291","post","type-post","status-publish","format-standard","has-post-thumbnail","hentry","category-environnement-et-transition-ecologique","category-expressions-tribune","tag-agro-ecologie","tag-environnement","tag-transition-ecologique","tag-transition-energetique"],"yoast_head":"<!-- This site is optimized with the Yoast SEO plugin v27.5 - https:\/\/yoast.com\/product\/yoast-seo-wordpress\/ -->\n<title>TRIBUNE JANVIER\/FEVRIER 2025 - &quot;ISERE DURABLE&quot;: LA MAJORITE TOUJOURS EN TRANSITION - D\u00e9partement de l&#039;Is\u00e8re<\/title>\n<meta name=\"robots\" content=\"index, follow, max-snippet:-1, max-image-preview:large, max-video-preview:-1\" \/>\n<link rel=\"canonical\" href=\"https:\/\/www.uges-isere.fr\/index.php\/2025\/01\/20\/tribune-janvier-fevrier-2025-isere-durable-la-majorite-toujours-en-transition\/\" \/>\n<meta property=\"og:locale\" content=\"fr_FR\" \/>\n<meta property=\"og:type\" content=\"article\" \/>\n<meta property=\"og:title\" content=\"TRIBUNE JANVIER\/FEVRIER 2025 - &quot;ISERE DURABLE&quot;: LA MAJORITE TOUJOURS EN TRANSITION - D\u00e9partement de l&#039;Is\u00e8re\" \/>\n<meta property=\"og:description\" content=\"Le rapport \u00abIs\u00e8re Durable\u00bb devait \u00eatre un tournant dans les politiques en faveur de la transition \u00e9cologique du &hellip;\" \/>\n<meta property=\"og:url\" content=\"https:\/\/www.uges-isere.fr\/index.php\/2025\/01\/20\/tribune-janvier-fevrier-2025-isere-durable-la-majorite-toujours-en-transition\/\" \/>\n<meta property=\"og:site_name\" content=\"D\u00e9partement de l&#039;Is\u00e8re\" \/>\n<meta property=\"article:publisher\" content=\"https:\/\/www.facebook.com\/LePrintemps38\" \/>\n<meta property=\"article:published_time\" content=\"2025-01-20T08:36:00+00:00\" \/>\n<meta property=\"article:modified_time\" content=\"2025-05-26T07:39:48+00:00\" \/>\n<meta property=\"og:image\" content=\"https:\/\/www.uges-isere.fr\/wp-content\/uploads\/2024\/10\/Isere-Durable.jpg\" \/>\n\t<meta property=\"og:image:width\" content=\"868\" \/>\n\t<meta property=\"og:image:height\" content=\"558\" \/>\n\t<meta property=\"og:image:type\" content=\"image\/jpeg\" \/>\n<meta name=\"author\" content=\"ThibaudUGES38\" \/>\n<meta name=\"twitter:card\" content=\"summary_large_image\" \/>\n<meta name=\"twitter:creator\" content=\"@GroupeUGES38\" \/>\n<meta name=\"twitter:site\" content=\"@GroupeUGES38\" \/>\n<meta name=\"twitter:label1\" content=\"\u00c9crit par\" \/>\n\t<meta name=\"twitter:data1\" content=\"ThibaudUGES38\" \/>\n\t<meta name=\"twitter:label2\" content=\"Dur\u00e9e de lecture estim\u00e9e\" \/>\n\t<meta name=\"twitter:data2\" content=\"1 minute\" \/>\n<script type=\"application\/ld+json\" class=\"yoast-schema-graph\">{\"@context\":\"https:\\\/\\\/schema.org\",\"@graph\":[{\"@type\":\"Article\",\"@id\":\"https:\\\/\\\/www.uges-isere.fr\\\/index.php\\\/2025\\\/01\\\/20\\\/tribune-janvier-fevrier-2025-isere-durable-la-majorite-toujours-en-transition\\\/#article\",\"isPartOf\":{\"@id\":\"https:\\\/\\\/www.uges-isere.fr\\\/index.php\\\/2025\\\/01\\\/20\\\/tribune-janvier-fevrier-2025-isere-durable-la-majorite-toujours-en-transition\\\/\"},\"author\":{\"name\":\"ThibaudUGES38\",\"@id\":\"https:\\\/\\\/www.uges-isere.fr\\\/#\\\/schema\\\/person\\\/a200926d67119314e8837b6a085de83a\"},\"headline\":\"TRIBUNE JANVIER\\\/FEVRIER 2025 &#8211; \u00ab\u00a0ISERE DURABLE\u00a0\u00bb: LA MAJORITE TOUJOURS EN TRANSITION\",\"datePublished\":\"2025-01-20T08:36:00+00:00\",\"dateModified\":\"2025-05-26T07:39:48+00:00\",\"mainEntityOfPage\":{\"@id\":\"https:\\\/\\\/www.uges-isere.fr\\\/index.php\\\/2025\\\/01\\\/20\\\/tribune-janvier-fevrier-2025-isere-durable-la-majorite-toujours-en-transition\\\/\"},\"wordCount\":179,\"commentCount\":0,\"publisher\":{\"@id\":\"https:\\\/\\\/www.uges-isere.fr\\\/#organization\"},\"image\":{\"@id\":\"https:\\\/\\\/www.uges-isere.fr\\\/index.php\\\/2025\\\/01\\\/20\\\/tribune-janvier-fevrier-2025-isere-durable-la-majorite-toujours-en-transition\\\/#primaryimage\"},\"thumbnailUrl\":\"https:\\\/\\\/www.uges-isere.fr\\\/wp-content\\\/uploads\\\/2024\\\/10\\\/Isere-Durable.jpg\",\"keywords\":[\"agro-\u00e9cologie\",\"environnement\",\"transition \u00e9cologique\",\"transition \u00e9nerg\u00e9tique\"],\"articleSection\":[\"Environnement et transition \u00e9cologique\",\"Expressions - Tribune\"],\"inLanguage\":\"fr-FR\",\"potentialAction\":[{\"@type\":\"CommentAction\",\"name\":\"Comment\",\"target\":[\"https:\\\/\\\/www.uges-isere.fr\\\/index.php\\\/2025\\\/01\\\/20\\\/tribune-janvier-fevrier-2025-isere-durable-la-majorite-toujours-en-transition\\\/#respond\"]}]},{\"@type\":\"WebPage\",\"@id\":\"https:\\\/\\\/www.uges-isere.fr\\\/index.php\\\/2025\\\/01\\\/20\\\/tribune-janvier-fevrier-2025-isere-durable-la-majorite-toujours-en-transition\\\/\",\"url\":\"https:\\\/\\\/www.uges-isere.fr\\\/index.php\\\/2025\\\/01\\\/20\\\/tribune-janvier-fevrier-2025-isere-durable-la-majorite-toujours-en-transition\\\/\",\"name\":\"TRIBUNE JANVIER\\\/FEVRIER 2025 - \\\"ISERE DURABLE\\\": LA MAJORITE TOUJOURS EN TRANSITION - D\u00e9partement de l&#039;Is\u00e8re\",\"isPartOf\":{\"@id\":\"https:\\\/\\\/www.uges-isere.fr\\\/#website\"},\"primaryImageOfPage\":{\"@id\":\"https:\\\/\\\/www.uges-isere.fr\\\/index.php\\\/2025\\\/01\\\/20\\\/tribune-janvier-fevrier-2025-isere-durable-la-majorite-toujours-en-transition\\\/#primaryimage\"},\"image\":{\"@id\":\"https:\\\/\\\/www.uges-isere.fr\\\/index.php\\\/2025\\\/01\\\/20\\\/tribune-janvier-fevrier-2025-isere-durable-la-majorite-toujours-en-transition\\\/#primaryimage\"},\"thumbnailUrl\":\"https:\\\/\\\/www.uges-isere.fr\\\/wp-content\\\/uploads\\\/2024\\\/10\\\/Isere-Durable.jpg\",\"datePublished\":\"2025-01-20T08:36:00+00:00\",\"dateModified\":\"2025-05-26T07:39:48+00:00\",\"breadcrumb\":{\"@id\":\"https:\\\/\\\/www.uges-isere.fr\\\/index.php\\\/2025\\\/01\\\/20\\\/tribune-janvier-fevrier-2025-isere-durable-la-majorite-toujours-en-transition\\\/#breadcrumb\"},\"inLanguage\":\"fr-FR\",\"potentialAction\":[{\"@type\":\"ReadAction\",\"target\":[\"https:\\\/\\\/www.uges-isere.fr\\\/index.php\\\/2025\\\/01\\\/20\\\/tribune-janvier-fevrier-2025-isere-durable-la-majorite-toujours-en-transition\\\/\"]}]},{\"@type\":\"ImageObject\",\"inLanguage\":\"fr-FR\",\"@id\":\"https:\\\/\\\/www.uges-isere.fr\\\/index.php\\\/2025\\\/01\\\/20\\\/tribune-janvier-fevrier-2025-isere-durable-la-majorite-toujours-en-transition\\\/#primaryimage\",\"url\":\"https:\\\/\\\/www.uges-isere.fr\\\/wp-content\\\/uploads\\\/2024\\\/10\\\/Isere-Durable.jpg\",\"contentUrl\":\"https:\\\/\\\/www.uges-isere.fr\\\/wp-content\\\/uploads\\\/2024\\\/10\\\/Isere-Durable.jpg\",\"width\":868,\"height\":558},{\"@type\":\"BreadcrumbList\",\"@id\":\"https:\\\/\\\/www.uges-isere.fr\\\/index.php\\\/2025\\\/01\\\/20\\\/tribune-janvier-fevrier-2025-isere-durable-la-majorite-toujours-en-transition\\\/#breadcrumb\",\"itemListElement\":[{\"@type\":\"ListItem\",\"position\":1,\"name\":\"Accueil\",\"item\":\"https:\\\/\\\/www.uges-isere.fr\\\/\"},{\"@type\":\"ListItem\",\"position\":2,\"name\":\"TRIBUNE JANVIER\\\/FEVRIER 2025 &#8211; \u00ab\u00a0ISERE DURABLE\u00a0\u00bb: LA MAJORITE TOUJOURS EN TRANSITION\"}]},{\"@type\":\"WebSite\",\"@id\":\"https:\\\/\\\/www.uges-isere.fr\\\/#website\",\"url\":\"https:\\\/\\\/www.uges-isere.fr\\\/\",\"name\":\"D\u00e9partement de l&#039;Is\u00e8re\",\"description\":\"Groupe d&#039;opposition UGES\",\"publisher\":{\"@id\":\"https:\\\/\\\/www.uges-isere.fr\\\/#organization\"},\"potentialAction\":[{\"@type\":\"SearchAction\",\"target\":{\"@type\":\"EntryPoint\",\"urlTemplate\":\"https:\\\/\\\/www.uges-isere.fr\\\/?s={search_term_string}\"},\"query-input\":{\"@type\":\"PropertyValueSpecification\",\"valueRequired\":true,\"valueName\":\"search_term_string\"}}],\"inLanguage\":\"fr-FR\"},{\"@type\":\"Organization\",\"@id\":\"https:\\\/\\\/www.uges-isere.fr\\\/#organization\",\"name\":\"D\u00e9partement de l'Is\u00e8re\",\"url\":\"https:\\\/\\\/www.uges-isere.fr\\\/\",\"logo\":{\"@type\":\"ImageObject\",\"inLanguage\":\"fr-FR\",\"@id\":\"https:\\\/\\\/www.uges-isere.fr\\\/#\\\/schema\\\/logo\\\/image\\\/\",\"url\":\"https:\\\/\\\/www.uges-isere.fr\\\/wp-content\\\/uploads\\\/2021\\\/10\\\/logo-ok.png\",\"contentUrl\":\"https:\\\/\\\/www.uges-isere.fr\\\/wp-content\\\/uploads\\\/2021\\\/10\\\/logo-ok.png\",\"width\":2859,\"height\":1816,\"caption\":\"D\u00e9partement de l'Is\u00e8re\"},\"image\":{\"@id\":\"https:\\\/\\\/www.uges-isere.fr\\\/#\\\/schema\\\/logo\\\/image\\\/\"},\"sameAs\":[\"https:\\\/\\\/www.facebook.com\\\/LePrintemps38\",\"https:\\\/\\\/x.com\\\/GroupeUGES38\"]},{\"@type\":\"Person\",\"@id\":\"https:\\\/\\\/www.uges-isere.fr\\\/#\\\/schema\\\/person\\\/a200926d67119314e8837b6a085de83a\",\"name\":\"ThibaudUGES38\",\"image\":{\"@type\":\"ImageObject\",\"inLanguage\":\"fr-FR\",\"@id\":\"https:\\\/\\\/secure.gravatar.com\\\/avatar\\\/e182ebfe597e409aafe3378f828607b2b757ed94a3489b20112818296e03b151?s=96&d=mm&r=g\",\"url\":\"https:\\\/\\\/secure.gravatar.com\\\/avatar\\\/e182ebfe597e409aafe3378f828607b2b757ed94a3489b20112818296e03b151?s=96&d=mm&r=g\",\"contentUrl\":\"https:\\\/\\\/secure.gravatar.com\\\/avatar\\\/e182ebfe597e409aafe3378f828607b2b757ed94a3489b20112818296e03b151?s=96&d=mm&r=g\",\"caption\":\"ThibaudUGES38\"},\"url\":\"https:\\\/\\\/www.uges-isere.fr\\\/index.php\\\/author\\\/thibauduges38\\\/\"}]}<\/script>\n<!-- \/ Yoast SEO plugin. -->","yoast_head_json":{"title":"TRIBUNE JANVIER\/FEVRIER 2025 - \"ISERE DURABLE\": LA MAJORITE TOUJOURS EN TRANSITION - D\u00e9partement de l&#039;Is\u00e8re","robots":{"index":"index","follow":"follow","max-snippet":"max-snippet:-1","max-image-preview":"max-image-preview:large","max-video-preview":"max-video-preview:-1"},"canonical":"https:\/\/www.uges-isere.fr\/index.php\/2025\/01\/20\/tribune-janvier-fevrier-2025-isere-durable-la-majorite-toujours-en-transition\/","og_locale":"fr_FR","og_type":"article","og_title":"TRIBUNE JANVIER\/FEVRIER 2025 - \"ISERE DURABLE\": LA MAJORITE TOUJOURS EN TRANSITION - D\u00e9partement de l&#039;Is\u00e8re","og_description":"Le rapport \u00abIs\u00e8re Durable\u00bb devait \u00eatre un tournant dans les politiques en faveur de la transition \u00e9cologique du &hellip;","og_url":"https:\/\/www.uges-isere.fr\/index.php\/2025\/01\/20\/tribune-janvier-fevrier-2025-isere-durable-la-majorite-toujours-en-transition\/","og_site_name":"D\u00e9partement de l&#039;Is\u00e8re","article_publisher":"https:\/\/www.facebook.com\/LePrintemps38","article_published_time":"2025-01-20T08:36:00+00:00","article_modified_time":"2025-05-26T07:39:48+00:00","og_image":[{"width":868,"height":558,"url":"https:\/\/www.uges-isere.fr\/wp-content\/uploads\/2024\/10\/Isere-Durable.jpg","type":"image\/jpeg"}],"author":"ThibaudUGES38","twitter_card":"summary_large_image","twitter_creator":"@GroupeUGES38","twitter_site":"@GroupeUGES38","twitter_misc":{"\u00c9crit par":"ThibaudUGES38","Dur\u00e9e de lecture estim\u00e9e":"1 minute"},"schema":{"@context":"https:\/\/schema.org","@graph":[{"@type":"Article","@id":"https:\/\/www.uges-isere.fr\/index.php\/2025\/01\/20\/tribune-janvier-fevrier-2025-isere-durable-la-majorite-toujours-en-transition\/#article","isPartOf":{"@id":"https:\/\/www.uges-isere.fr\/index.php\/2025\/01\/20\/tribune-janvier-fevrier-2025-isere-durable-la-majorite-toujours-en-transition\/"},"author":{"name":"ThibaudUGES38","@id":"https:\/\/www.uges-isere.fr\/#\/schema\/person\/a200926d67119314e8837b6a085de83a"},"headline":"TRIBUNE JANVIER\/FEVRIER 2025 &#8211; \u00ab\u00a0ISERE DURABLE\u00a0\u00bb: LA MAJORITE TOUJOURS EN TRANSITION","datePublished":"2025-01-20T08:36:00+00:00","dateModified":"2025-05-26T07:39:48+00:00","mainEntityOfPage":{"@id":"https:\/\/www.uges-isere.fr\/index.php\/2025\/01\/20\/tribune-janvier-fevrier-2025-isere-durable-la-majorite-toujours-en-transition\/"},"wordCount":179,"commentCount":0,"publisher":{"@id":"https:\/\/www.uges-isere.fr\/#organization"},"image":{"@id":"https:\/\/www.uges-isere.fr\/index.php\/2025\/01\/20\/tribune-janvier-fevrier-2025-isere-durable-la-majorite-toujours-en-transition\/#primaryimage"},"thumbnailUrl":"https:\/\/www.uges-isere.fr\/wp-content\/uploads\/2024\/10\/Isere-Durable.jpg","keywords":["agro-\u00e9cologie","environnement","transition \u00e9cologique","transition \u00e9nerg\u00e9tique"],"articleSection":["Environnement et transition \u00e9cologique","Expressions - Tribune"],"inLanguage":"fr-FR","potentialAction":[{"@type":"CommentAction","name":"Comment","target":["https:\/\/www.uges-isere.fr\/index.php\/2025\/01\/20\/tribune-janvier-fevrier-2025-isere-durable-la-majorite-toujours-en-transition\/#respond"]}]},{"@type":"WebPage","@id":"https:\/\/www.uges-isere.fr\/index.php\/2025\/01\/20\/tribune-janvier-fevrier-2025-isere-durable-la-majorite-toujours-en-transition\/","url":"https:\/\/www.uges-isere.fr\/index.php\/2025\/01\/20\/tribune-janvier-fevrier-2025-isere-durable-la-majorite-toujours-en-transition\/","name":"TRIBUNE JANVIER\/FEVRIER 2025 - \"ISERE DURABLE\": LA MAJORITE TOUJOURS EN TRANSITION - D\u00e9partement de l&#039;Is\u00e8re","isPartOf":{"@id":"https:\/\/www.uges-isere.fr\/#website"},"primaryImageOfPage":{"@id":"https:\/\/www.uges-isere.fr\/index.php\/2025\/01\/20\/tribune-janvier-fevrier-2025-isere-durable-la-majorite-toujours-en-transition\/#primaryimage"},"image":{"@id":"https:\/\/www.uges-isere.fr\/index.php\/2025\/01\/20\/tribune-janvier-fevrier-2025-isere-durable-la-majorite-toujours-en-transition\/#primaryimage"},"thumbnailUrl":"https:\/\/www.uges-isere.fr\/wp-content\/uploads\/2024\/10\/Isere-Durable.jpg","datePublished":"2025-01-20T08:36:00+00:00","dateModified":"2025-05-26T07:39:48+00:00","breadcrumb":{"@id":"https:\/\/www.uges-isere.fr\/index.php\/2025\/01\/20\/tribune-janvier-fevrier-2025-isere-durable-la-majorite-toujours-en-transition\/#breadcrumb"},"inLanguage":"fr-FR","potentialAction":[{"@type":"ReadAction","target":["https:\/\/www.uges-isere.fr\/index.php\/2025\/01\/20\/tribune-janvier-fevrier-2025-isere-durable-la-majorite-toujours-en-transition\/"]}]},{"@type":"ImageObject","inLanguage":"fr-FR","@id":"https:\/\/www.uges-isere.fr\/index.php\/2025\/01\/20\/tribune-janvier-fevrier-2025-isere-durable-la-majorite-toujours-en-transition\/#primaryimage","url":"https:\/\/www.uges-isere.fr\/wp-content\/uploads\/2024\/10\/Isere-Durable.jpg","contentUrl":"https:\/\/www.uges-isere.fr\/wp-content\/uploads\/2024\/10\/Isere-Durable.jpg","width":868,"height":558},{"@type":"BreadcrumbList","@id":"https:\/\/www.uges-isere.fr\/index.php\/2025\/01\/20\/tribune-janvier-fevrier-2025-isere-durable-la-majorite-toujours-en-transition\/#breadcrumb","itemListElement":[{"@type":"ListItem","position":1,"name":"Accueil","item":"https:\/\/www.uges-isere.fr\/"},{"@type":"ListItem","position":2,"name":"TRIBUNE JANVIER\/FEVRIER 2025 &#8211; \u00ab\u00a0ISERE DURABLE\u00a0\u00bb: LA MAJORITE TOUJOURS EN TRANSITION"}]},{"@type":"WebSite","@id":"https:\/\/www.uges-isere.fr\/#website","url":"https:\/\/www.uges-isere.fr\/","name":"D\u00e9partement de l&#039;Is\u00e8re","description":"Groupe d&#039;opposition UGES","publisher":{"@id":"https:\/\/www.uges-isere.fr\/#organization"},"potentialAction":[{"@type":"SearchAction","target":{"@type":"EntryPoint","urlTemplate":"https:\/\/www.uges-isere.fr\/?s={search_term_string}"},"query-input":{"@type":"PropertyValueSpecification","valueRequired":true,"valueName":"search_term_string"}}],"inLanguage":"fr-FR"},{"@type":"Organization","@id":"https:\/\/www.uges-isere.fr\/#organization","name":"D\u00e9partement de l'Is\u00e8re","url":"https:\/\/www.uges-isere.fr\/","logo":{"@type":"ImageObject","inLanguage":"fr-FR","@id":"https:\/\/www.uges-isere.fr\/#\/schema\/logo\/image\/","url":"https:\/\/www.uges-isere.fr\/wp-content\/uploads\/2021\/10\/logo-ok.png","contentUrl":"https:\/\/www.uges-isere.fr\/wp-content\/uploads\/2021\/10\/logo-ok.png","width":2859,"height":1816,"caption":"D\u00e9partement de l'Is\u00e8re"},"image":{"@id":"https:\/\/www.uges-isere.fr\/#\/schema\/logo\/image\/"},"sameAs":["https:\/\/www.facebook.com\/LePrintemps38","https:\/\/x.com\/GroupeUGES38"]},{"@type":"Person","@id":"https:\/\/www.uges-isere.fr\/#\/schema\/person\/a200926d67119314e8837b6a085de83a","name":"ThibaudUGES38","image":{"@type":"ImageObject","inLanguage":"fr-FR","@id":"https:\/\/secure.gravatar.com\/avatar\/e182ebfe597e409aafe3378f828607b2b757ed94a3489b20112818296e03b151?s=96&d=mm&r=g","url":"https:\/\/secure.gravatar.com\/avatar\/e182ebfe597e409aafe3378f828607b2b757ed94a3489b20112818296e03b151?s=96&d=mm&r=g","contentUrl":"https:\/\/secure.gravatar.com\/avatar\/e182ebfe597e409aafe3378f828607b2b757ed94a3489b20112818296e03b151?s=96&d=mm&r=g","caption":"ThibaudUGES38"},"url":"https:\/\/www.uges-isere.fr\/index.php\/author\/thibauduges38\/"}]}},"_links":{"self":[{"href":"https:\/\/www.uges-isere.fr\/index.php\/wp-json\/wp\/v2\/posts\/684291","targetHints":{"allow":["GET"]}}],"collection":[{"href":"https:\/\/www.uges-isere.fr\/index.php\/wp-json\/wp\/v2\/posts"}],"about":[{"href":"https:\/\/www.uges-isere.fr\/index.php\/wp-json\/wp\/v2\/types\/post"}],"author":[{"embeddable":true,"href":"https:\/\/www.uges-isere.fr\/index.php\/wp-json\/wp\/v2\/users\/8"}],"replies":[{"embeddable":true,"href":"https:\/\/www.uges-isere.fr\/index.php\/wp-json\/wp\/v2\/comments?post=684291"}],"version-history":[{"count":1,"href":"https:\/\/www.uges-isere.fr\/index.php\/wp-json\/wp\/v2\/posts\/684291\/revisions"}],"predecessor-version":[{"id":684293,"href":"https:\/\/www.uges-isere.fr\/index.php\/wp-json\/wp\/v2\/posts\/684291\/revisions\/684293"}],"wp:featuredmedia":[{"embeddable":true,"href":"https:\/\/www.uges-isere.fr\/index.php\/wp-json\/wp\/v2\/media\/684125"}],"wp:attachment":[{"href":"https:\/\/www.uges-isere.fr\/index.php\/wp-json\/wp\/v2\/media?parent=684291"}],"wp:term":[{"taxonomy":"category","embeddable":true,"href":"https:\/\/www.uges-isere.fr\/index.php\/wp-json\/wp\/v2\/categories?post=684291"},{"taxonomy":"post_tag","embeddable":true,"href":"https:\/\/www.uges-isere.fr\/index.php\/wp-json\/wp\/v2\/tags?post=684291"}],"curies":[{"name":"wp","href":"https:\/\/api.w.org\/{rel}","templated":true}]}}