{"id":684268,"date":"2025-03-03T11:10:42","date_gmt":"2025-03-03T10:10:42","guid":{"rendered":"https:\/\/www.uges-isere.fr\/?p=684268"},"modified":"2025-03-12T15:04:00","modified_gmt":"2025-03-12T14:04:00","slug":"orientations-budgetaires-2025-le-dogmatisme-liberal-de-la-majorite-departementale","status":"publish","type":"post","link":"https:\/\/www.uges-isere.fr\/index.php\/2025\/03\/03\/orientations-budgetaires-2025-le-dogmatisme-liberal-de-la-majorite-departementale\/","title":{"rendered":"Orientations budg\u00e9taires 2025 : le dogmatisme lib\u00e9ral de la majorit\u00e9 d\u00e9partementale"},"content":{"rendered":"\n<h4 class=\"wp-block-heading is-style-default has-vivid-red-color has-text-color has-link-color wp-elements-0210409a021fcbcb7a14fa492e57f315\"><strong>Contexte national<\/strong><\/h4>\n\n\n\n<p>Le Projet de Loi de Finances 2025 n\u2019est finalement pas celui de la catastrophe annonc\u00e9e pour les collectivit\u00e9s \u00e0 l\u2019automne dernier puisque, suite \u00e0 la censure du Gouvernement Barnier, l\u2019effort demand\u00e9 aux collectivit\u00e9s locales est pass\u00e9 de 5 milliards d&rsquo;euros \u00e0 2,2 Mds. Cela reste pour autant un effort, une mauvaise nouvelle pour les territoires et un nouveau signal de d\u00e9sengagement de l\u2019Etat.<\/p>\n\n\n\n<p>A l&rsquo;automne 2024, l<a href=\"https:\/\/www.uges-isere.fr\/index.php\/2024\/10\/21\/le-gouvernement-veut-asphyxier-les-collectivites-territoriales\/\">es conseill\u00e8res et conseillers d\u00e9partementaux de l&rsquo;Is\u00e8re adressaient \u00e0 l&rsquo;unanimit\u00e9 un v\u0153u au Gouvernement <\/a>avec deux messages principaux : <\/p>\n\n\n\n<ul class=\"wp-block-list\">\n<li><strong>Si l\u2019\u00c9tat a la f\u00e2cheuse tendance \u00e0 lorgner r\u00e9guli\u00e8rement sur les recettes des collectivit\u00e9s locales et notamment celles des d\u00e9partements, qu&rsquo;il n\u2019oublie pas leurs d\u00e9penses assum\u00e9es parfois seuls,<\/strong> avec des contraintes impos\u00e9es d\u2019en haut et une autonomie fiscale devenue quasi-nulle ;<\/li>\n<\/ul>\n\n\n\n<ul class=\"wp-block-list\">\n<li><strong> Les collectivit\u00e9s locales n\u2019ont pas \u00e0 supporter le co\u00fbt des errements budg\u00e9taires de l\u2019\u00c9tat dont elles ne sont ni les responsables, ni les comptables<\/strong>.<\/li>\n<\/ul>\n\n\n\n<p>Si<strong> <\/strong>la dette publique est pass\u00e9e de 2 300 \u00e0 3 300 Mds \u20ac depuis 2017 ce n\u2019est pas uniquement li\u00e9 \u00e0 la crise Covid, mais aux nombreuses<strong> r\u00e9formes ultra-lib\u00e9rales qui ont \u00e9t\u00e9 men\u00e9es, soutenues par les Macronistes, le Centre et la Droite <\/strong>que les \u00e9lus de la majorit\u00e9 d\u00e9partementale repr\u00e9sentent ici en Is\u00e8re et dont ils sont les comptables politiques.<\/p>\n\n\n\n<p>Des r\u00e9formes injustes qui ont conduit \u00e0 offrir des <strong>cadeaux fiscaux aux plus riches et aux grandes entreprises<\/strong>\u00a0: suppression de l\u2019ISF, Flat taxe, niches fiscales \u2026 Ces m\u00eames entreprises qui poussent aujourd\u2019hui des cris d\u2019orfraies quand on leur demande de faire preuve non seulement de patriotisme mais aussi de la solidarit\u00e9 que la France est en droit d\u2019attendre d\u2019elles, alors m\u00eame qu\u2019elles ont largement b\u00e9n\u00e9fici\u00e9 des r\u00e9formes dont nous devons aujourd\u2019hui tous\u00a0supporter le co\u00fbt. Des<strong> r\u00e9formes injustes et tout aussi inefficaces<\/strong> qui n\u2019auront pas permis de prot\u00e9ger les emplois dans notre pays, ni maintenir la production de richesses sur notre territoire (la pr\u00e9vision du PIB pour 2025 est inqui\u00e9tante), compte tenu de l\u2019absence d\u2019une v\u00e9ritable politique industrielle en France\u00a0:<\/p>\n\n\n\n<ul class=\"wp-block-list\">\n<li><strong>+ 131\u00a0% de contrats de travail supprim\u00e9s apr\u00e8s un Plan social d&rsquo;entreprise en 2024<\/strong><\/li>\n\n\n\n<li><strong>150\u00a0000 suppressions d\u2019emplois pr\u00e9vues en 2025<\/strong>.<\/li>\n<\/ul>\n\n\n\n<p>L\u2019Is\u00e8re n\u2019\u00e9chappe pas \u00e0 cette menace. <strong>Le groupe UGES r\u00e9affirme son soutien aux salari\u00e9s de Vencorex et d\u2019Arkema qui luttent \u00e0 la fois pour sauver les emplois <\/strong>(5000 emplois au total pourraient \u00eatre concern\u00e9s en cascade dans notre r\u00e9gion). Des salari\u00e9s qui se mobilisent aussi pour la d\u00e9fense de la <strong>fili\u00e8re locale et nationale de l\u2019industrie chimique<\/strong> attaqu\u00e9e par une concurrence d\u00e9loyale de la Chine, et pour assurer ainsi la souverainet\u00e9 industrielle de la France dans un domaine tout \u00e0 fait strat\u00e9gique puisqu\u2019il s\u2019agit de notre d\u00e9fense nationale. Aux c\u00f4t\u00e9s des salari\u00e9s, nous faisons partie des nombreux \u00e9lus du territoire qui soutiennent aupr\u00e8s du Premier Ministre la <strong>demande de nationalisation temporaire de Vencorex<\/strong>, comme cela avait pu \u00eatre fait pour les chantiers navals de Saint-Nazaire. L\u2019inaction assum\u00e9e du Premier Ministre, en r\u00e9pondant n\u00e9gativement \u00e0 cette demande,  cette politique du \u00ab\u00a0rien\u00a0\u00bb rel\u00e8ve non seulement d\u2019un m\u00e9pris des salari\u00e9s, mais aussi d\u2019un manque de vision d\u2019avenir inqui\u00e9tant pour l\u2019\u00e9conomie fran\u00e7aise, pour notre industrie, pour notre souverainet\u00e9 nationale.<\/p>\n\n\n\n<h4 class=\"wp-block-heading has-vivid-red-color has-text-color has-link-color wp-elements-a4dd993657fba2dbd03879348b393ac5\"><strong>Les orientations budg\u00e9taires 2025 du D\u00e9partement de l&rsquo;Is\u00e8re<\/strong><\/h4>\n\n\n\n<p>A la lecture du <a href=\"https:\/\/www.isere.fr\/Deliberations\/Delibs\/2025\/Annexe-7161-A.pdf\" target=\"_blank\" rel=\"noreferrer noopener\">rapport d\u2019orientations budg\u00e9taires<\/a>, on constate en Is\u00e8re\u00a0une<strong> augmentation du taux de pauvret\u00e9<\/strong> (+0,5 point) qui concerne en particulier <strong>les jeunes de moins de 30 ans, les locataires du parc social et les familles monoparentales<\/strong>. C&rsquo;est une dynamique que le groupe UGES d\u00e9montre depuis plusieurs ann\u00e9es, en demandant au D\u00e9partement d&rsquo;innover pour prendre en compte cette r\u00e9alit\u00e9 sociale qui devient structurelle.<\/p>\n\n\n\n<p><span style=\"font-size: revert;\">Le Rapport d&rsquo;orientation budg\u00e9taire indique aussi qu\u2019apr\u00e8s 3 ans de baisse, le <strong>nombre d\u2019allocataires du RSA repart \u00e0 la hausse<\/strong>, et que ce ph\u00e9nom\u00e8ne est particuli\u00e8rement marqu\u00e9 chez les moins de 30 ans et les personnes isol\u00e9es.<\/span> Il indique aussi une <strong>augmentation du nombre de b\u00e9n\u00e9ficiaires de l\u2019APA<\/strong>, sur fond de vieillissement d\u00e9mographique et du nombre de <strong>b\u00e9n\u00e9ficiaires de la PCH.<\/strong><\/p>\n\n\n\n<p>Face \u00e0 ce constat, la majorit\u00e9 d\u00e9partementale n&rsquo;exprime aucun mot sur la question sociale dans sa communication des derni\u00e8res semaines. Rien. Cette question sociale n&rsquo;est vue que sous l\u2019angle des d\u00e9penses, du \u00ab\u00a0trop de d\u00e9penses\u00a0\u00bb. <strong>Le groupe UGES d\u00e9nonce ce foss\u00e9 entre la r\u00e9alit\u00e9 sociale expos\u00e9e dans ce rapport et les orientations politiques que la majorit\u00e9 d\u00e9partementale porte. N\u2019est-ce pas le c\u0153ur des comp\u00e9tences du D\u00e9partement que s\u2019occuper de la question sociale, de l\u2019humain d\u2019abord\u00a0?<\/strong><\/p>\n\n\n\n<p>Si l&rsquo;ex\u00e9cutif d\u00e9partemental peut aujourd\u2019hui assurer aux communes le soutien du D\u00e9partement, c\u2019est bien qu\u2019il y a un foss\u00e9 entre la situation financi\u00e8re de la collectivit\u00e9, que la Droite s&rsquo;attache \u00e0 pr\u00e9senter comme alarmiste, et la situation r\u00e9elle. Si le contexte national n\u00e9cessite une gestion rigoureuse des finances du D\u00e9partement, il ne justifie en aucun cas d\u2019\u00e9ventuels r<strong>eculs sur le c\u0153ur des comp\u00e9tences du D\u00e9partement, les solidarit\u00e9s<\/strong>. Monsieur le Pr\u00e9sident Jean-Pierre Barbier a d\u00e9clar\u00e9 : \u00ab\u00a0<em>Pas question de tout couper brutalement \u00e0 la hache. Nous ferons les choix n\u00e9cessaires, avec mesure, au s\u00e9cateur <\/em>\u00bb. Le s\u00e9cateur\u00a0? De quoi parle le Pr\u00e9sident du D\u00e9partement en parlant de cela ? Il doit aux Is\u00e9rois cette transparence\u00a0: \u00e0 quoi faut-il s\u2019attendre\u00a0demain ?<\/p>\n\n\n\n<p>En 2025, les r<strong>ecettes de fonctionnement\u00a0augmenteraient plus que les d\u00e9penses <\/strong>(Recettes de fonctionnement = +2,4\u00a0% (<em>pr\u00e9visionnel<\/em>)\u00a0\/ D\u00e9penses de fonctionnement = + 1,9% (<em>pr\u00e9visionnel)<\/em>), par ailleurs <strong>la capacit\u00e9 d\u2019autofinancement du D\u00e9partement s\u2019am\u00e9liore.<\/strong> Bien des collectivit\u00e9s aimeraient avoir une situation aussi robuste que celle du D\u00e9partement de l\u2019Is\u00e8re. A la lecture de ces chiffres, le groupe UGES exprime son incompr\u00e9hension quant \u00e0 la communication du Pr\u00e9sident.  <strong>Une communication alarmiste sur l\u2019\u00e9tat des finances qui n\u2019est pas conforme \u00e0 la r\u00e9alit\u00e9 budg\u00e9taire de notre D\u00e9partement. <\/strong><\/p>\n\n\n\n<p>La demande sociale est forte \u2013 elle est point\u00e9e dans ce rapport-, la collectivit\u00e9 a des marges de man\u0153uvre. \u00a0<strong>La situation financi\u00e8re actuelle ne justifie aucun sacrifice pour prot\u00e9ger les enfants en danger, pour prendre soin des personnes \u00e2g\u00e9es et en situation de handicap, pour accompagner les plus vuln\u00e9rables. <\/strong>Ce serait une forme de<strong> dogmatisme lib\u00e9ral <\/strong>que de consid\u00e9rer qu\u2019il faut, par principe, financer des investissements sans recourir \u00e0 l\u2019emprunt quitte \u00e0 couper au \u00ab\u00a0<em>s\u00e9cateur\u00a0<\/em>\u00bb dans nos d\u00e9penses sociales, et aussi environnementales peut-\u00eatre\u00a0?<strong> Le groupe UGES demande \u00e0 cette majorit\u00e9 d\u00e9partementale de revenir \u00e0 un peu plus de pragmatisme comme elle aime \u00e0 le dire,<\/strong> et \u00e0 prendre en compte la r\u00e9alit\u00e9 sociale  dans la d\u00e9finition de ses orientations politiques.<\/p>\n\n\n\n<p><\/p>\n","protected":false},"excerpt":{"rendered":"<p>Contexte national Le Projet de Loi de Finances 2025 n\u2019est finalement pas celui de la catastrophe annonc\u00e9e pour &hellip; <\/p>\n","protected":false},"author":8,"featured_media":683917,"comment_status":"open","ping_status":"open","sticky":false,"template":"","format":"standard","meta":{"footnotes":""},"categories":[319],"tags":[],"class_list":["post-684268","post","type-post","status-publish","format-standard","has-post-thumbnail","hentry","category-seance-publique-debat-dorientations-budgetaires-fevrier-2025"],"yoast_head":"<!-- This site is optimized with the Yoast SEO plugin v27.5 - https:\/\/yoast.com\/product\/yoast-seo-wordpress\/ -->\n<title>Orientations budg\u00e9taires 2025 : le dogmatisme lib\u00e9ral de la majorit\u00e9 d\u00e9partementale - D\u00e9partement de l&#039;Is\u00e8re<\/title>\n<meta name=\"robots\" content=\"index, follow, max-snippet:-1, max-image-preview:large, max-video-preview:-1\" \/>\n<link rel=\"canonical\" href=\"https:\/\/www.uges-isere.fr\/index.php\/2025\/03\/03\/orientations-budgetaires-2025-le-dogmatisme-liberal-de-la-majorite-departementale\/\" \/>\n<meta property=\"og:locale\" content=\"fr_FR\" \/>\n<meta property=\"og:type\" content=\"article\" \/>\n<meta property=\"og:title\" content=\"Orientations budg\u00e9taires 2025 : le dogmatisme lib\u00e9ral de la majorit\u00e9 d\u00e9partementale - D\u00e9partement de l&#039;Is\u00e8re\" \/>\n<meta property=\"og:description\" content=\"Contexte national Le Projet de Loi de Finances 2025 n\u2019est finalement pas celui de la catastrophe annonc\u00e9e pour &hellip;\" \/>\n<meta property=\"og:url\" content=\"https:\/\/www.uges-isere.fr\/index.php\/2025\/03\/03\/orientations-budgetaires-2025-le-dogmatisme-liberal-de-la-majorite-departementale\/\" \/>\n<meta property=\"og:site_name\" content=\"D\u00e9partement de l&#039;Is\u00e8re\" \/>\n<meta property=\"article:publisher\" content=\"https:\/\/www.facebook.com\/LePrintemps38\" \/>\n<meta property=\"article:published_time\" content=\"2025-03-03T10:10:42+00:00\" \/>\n<meta property=\"article:modified_time\" content=\"2025-03-12T14:04:00+00:00\" \/>\n<meta property=\"og:image\" content=\"https:\/\/www.uges-isere.fr\/wp-content\/uploads\/2023\/12\/Opp-budget.png\" \/>\n\t<meta property=\"og:image:width\" content=\"838\" \/>\n\t<meta property=\"og:image:height\" content=\"471\" \/>\n\t<meta property=\"og:image:type\" content=\"image\/png\" \/>\n<meta name=\"author\" content=\"ThibaudUGES38\" \/>\n<meta name=\"twitter:card\" content=\"summary_large_image\" \/>\n<meta name=\"twitter:creator\" content=\"@GroupeUGES38\" \/>\n<meta name=\"twitter:site\" content=\"@GroupeUGES38\" \/>\n<meta name=\"twitter:label1\" content=\"\u00c9crit par\" \/>\n\t<meta name=\"twitter:data1\" content=\"ThibaudUGES38\" \/>\n\t<meta name=\"twitter:label2\" content=\"Dur\u00e9e de lecture estim\u00e9e\" \/>\n\t<meta name=\"twitter:data2\" content=\"6 minutes\" \/>\n<script type=\"application\/ld+json\" class=\"yoast-schema-graph\">{\"@context\":\"https:\\\/\\\/schema.org\",\"@graph\":[{\"@type\":\"Article\",\"@id\":\"https:\\\/\\\/www.uges-isere.fr\\\/index.php\\\/2025\\\/03\\\/03\\\/orientations-budgetaires-2025-le-dogmatisme-liberal-de-la-majorite-departementale\\\/#article\",\"isPartOf\":{\"@id\":\"https:\\\/\\\/www.uges-isere.fr\\\/index.php\\\/2025\\\/03\\\/03\\\/orientations-budgetaires-2025-le-dogmatisme-liberal-de-la-majorite-departementale\\\/\"},\"author\":{\"name\":\"ThibaudUGES38\",\"@id\":\"https:\\\/\\\/www.uges-isere.fr\\\/#\\\/schema\\\/person\\\/a200926d67119314e8837b6a085de83a\"},\"headline\":\"Orientations budg\u00e9taires 2025 : le dogmatisme lib\u00e9ral de la majorit\u00e9 d\u00e9partementale\",\"datePublished\":\"2025-03-03T10:10:42+00:00\",\"dateModified\":\"2025-03-12T14:04:00+00:00\",\"mainEntityOfPage\":{\"@id\":\"https:\\\/\\\/www.uges-isere.fr\\\/index.php\\\/2025\\\/03\\\/03\\\/orientations-budgetaires-2025-le-dogmatisme-liberal-de-la-majorite-departementale\\\/\"},\"wordCount\":1197,\"commentCount\":0,\"publisher\":{\"@id\":\"https:\\\/\\\/www.uges-isere.fr\\\/#organization\"},\"image\":{\"@id\":\"https:\\\/\\\/www.uges-isere.fr\\\/index.php\\\/2025\\\/03\\\/03\\\/orientations-budgetaires-2025-le-dogmatisme-liberal-de-la-majorite-departementale\\\/#primaryimage\"},\"thumbnailUrl\":\"https:\\\/\\\/www.uges-isere.fr\\\/wp-content\\\/uploads\\\/2023\\\/12\\\/Opp-budget.png\",\"articleSection\":[\"S\u00e9ance publique (D\u00e9bat d'orientation budg\u00e9taire 2025) - F\u00e9vrier 2025\"],\"inLanguage\":\"fr-FR\",\"potentialAction\":[{\"@type\":\"CommentAction\",\"name\":\"Comment\",\"target\":[\"https:\\\/\\\/www.uges-isere.fr\\\/index.php\\\/2025\\\/03\\\/03\\\/orientations-budgetaires-2025-le-dogmatisme-liberal-de-la-majorite-departementale\\\/#respond\"]}]},{\"@type\":\"WebPage\",\"@id\":\"https:\\\/\\\/www.uges-isere.fr\\\/index.php\\\/2025\\\/03\\\/03\\\/orientations-budgetaires-2025-le-dogmatisme-liberal-de-la-majorite-departementale\\\/\",\"url\":\"https:\\\/\\\/www.uges-isere.fr\\\/index.php\\\/2025\\\/03\\\/03\\\/orientations-budgetaires-2025-le-dogmatisme-liberal-de-la-majorite-departementale\\\/\",\"name\":\"Orientations budg\u00e9taires 2025 : le dogmatisme lib\u00e9ral de la majorit\u00e9 d\u00e9partementale - D\u00e9partement de l&#039;Is\u00e8re\",\"isPartOf\":{\"@id\":\"https:\\\/\\\/www.uges-isere.fr\\\/#website\"},\"primaryImageOfPage\":{\"@id\":\"https:\\\/\\\/www.uges-isere.fr\\\/index.php\\\/2025\\\/03\\\/03\\\/orientations-budgetaires-2025-le-dogmatisme-liberal-de-la-majorite-departementale\\\/#primaryimage\"},\"image\":{\"@id\":\"https:\\\/\\\/www.uges-isere.fr\\\/index.php\\\/2025\\\/03\\\/03\\\/orientations-budgetaires-2025-le-dogmatisme-liberal-de-la-majorite-departementale\\\/#primaryimage\"},\"thumbnailUrl\":\"https:\\\/\\\/www.uges-isere.fr\\\/wp-content\\\/uploads\\\/2023\\\/12\\\/Opp-budget.png\",\"datePublished\":\"2025-03-03T10:10:42+00:00\",\"dateModified\":\"2025-03-12T14:04:00+00:00\",\"breadcrumb\":{\"@id\":\"https:\\\/\\\/www.uges-isere.fr\\\/index.php\\\/2025\\\/03\\\/03\\\/orientations-budgetaires-2025-le-dogmatisme-liberal-de-la-majorite-departementale\\\/#breadcrumb\"},\"inLanguage\":\"fr-FR\",\"potentialAction\":[{\"@type\":\"ReadAction\",\"target\":[\"https:\\\/\\\/www.uges-isere.fr\\\/index.php\\\/2025\\\/03\\\/03\\\/orientations-budgetaires-2025-le-dogmatisme-liberal-de-la-majorite-departementale\\\/\"]}]},{\"@type\":\"ImageObject\",\"inLanguage\":\"fr-FR\",\"@id\":\"https:\\\/\\\/www.uges-isere.fr\\\/index.php\\\/2025\\\/03\\\/03\\\/orientations-budgetaires-2025-le-dogmatisme-liberal-de-la-majorite-departementale\\\/#primaryimage\",\"url\":\"https:\\\/\\\/www.uges-isere.fr\\\/wp-content\\\/uploads\\\/2023\\\/12\\\/Opp-budget.png\",\"contentUrl\":\"https:\\\/\\\/www.uges-isere.fr\\\/wp-content\\\/uploads\\\/2023\\\/12\\\/Opp-budget.png\",\"width\":838,\"height\":471},{\"@type\":\"BreadcrumbList\",\"@id\":\"https:\\\/\\\/www.uges-isere.fr\\\/index.php\\\/2025\\\/03\\\/03\\\/orientations-budgetaires-2025-le-dogmatisme-liberal-de-la-majorite-departementale\\\/#breadcrumb\",\"itemListElement\":[{\"@type\":\"ListItem\",\"position\":1,\"name\":\"Accueil\",\"item\":\"https:\\\/\\\/www.uges-isere.fr\\\/\"},{\"@type\":\"ListItem\",\"position\":2,\"name\":\"Orientations budg\u00e9taires 2025 : le dogmatisme lib\u00e9ral de la majorit\u00e9 d\u00e9partementale\"}]},{\"@type\":\"WebSite\",\"@id\":\"https:\\\/\\\/www.uges-isere.fr\\\/#website\",\"url\":\"https:\\\/\\\/www.uges-isere.fr\\\/\",\"name\":\"D\u00e9partement de l&#039;Is\u00e8re\",\"description\":\"Groupe d&#039;opposition UGES\",\"publisher\":{\"@id\":\"https:\\\/\\\/www.uges-isere.fr\\\/#organization\"},\"potentialAction\":[{\"@type\":\"SearchAction\",\"target\":{\"@type\":\"EntryPoint\",\"urlTemplate\":\"https:\\\/\\\/www.uges-isere.fr\\\/?s={search_term_string}\"},\"query-input\":{\"@type\":\"PropertyValueSpecification\",\"valueRequired\":true,\"valueName\":\"search_term_string\"}}],\"inLanguage\":\"fr-FR\"},{\"@type\":\"Organization\",\"@id\":\"https:\\\/\\\/www.uges-isere.fr\\\/#organization\",\"name\":\"D\u00e9partement de l'Is\u00e8re\",\"url\":\"https:\\\/\\\/www.uges-isere.fr\\\/\",\"logo\":{\"@type\":\"ImageObject\",\"inLanguage\":\"fr-FR\",\"@id\":\"https:\\\/\\\/www.uges-isere.fr\\\/#\\\/schema\\\/logo\\\/image\\\/\",\"url\":\"https:\\\/\\\/www.uges-isere.fr\\\/wp-content\\\/uploads\\\/2021\\\/10\\\/logo-ok.png\",\"contentUrl\":\"https:\\\/\\\/www.uges-isere.fr\\\/wp-content\\\/uploads\\\/2021\\\/10\\\/logo-ok.png\",\"width\":2859,\"height\":1816,\"caption\":\"D\u00e9partement de l'Is\u00e8re\"},\"image\":{\"@id\":\"https:\\\/\\\/www.uges-isere.fr\\\/#\\\/schema\\\/logo\\\/image\\\/\"},\"sameAs\":[\"https:\\\/\\\/www.facebook.com\\\/LePrintemps38\",\"https:\\\/\\\/x.com\\\/GroupeUGES38\"]},{\"@type\":\"Person\",\"@id\":\"https:\\\/\\\/www.uges-isere.fr\\\/#\\\/schema\\\/person\\\/a200926d67119314e8837b6a085de83a\",\"name\":\"ThibaudUGES38\",\"image\":{\"@type\":\"ImageObject\",\"inLanguage\":\"fr-FR\",\"@id\":\"https:\\\/\\\/secure.gravatar.com\\\/avatar\\\/e182ebfe597e409aafe3378f828607b2b757ed94a3489b20112818296e03b151?s=96&d=mm&r=g\",\"url\":\"https:\\\/\\\/secure.gravatar.com\\\/avatar\\\/e182ebfe597e409aafe3378f828607b2b757ed94a3489b20112818296e03b151?s=96&d=mm&r=g\",\"contentUrl\":\"https:\\\/\\\/secure.gravatar.com\\\/avatar\\\/e182ebfe597e409aafe3378f828607b2b757ed94a3489b20112818296e03b151?s=96&d=mm&r=g\",\"caption\":\"ThibaudUGES38\"},\"url\":\"https:\\\/\\\/www.uges-isere.fr\\\/index.php\\\/author\\\/thibauduges38\\\/\"}]}<\/script>\n<!-- \/ Yoast SEO plugin. -->","yoast_head_json":{"title":"Orientations budg\u00e9taires 2025 : le dogmatisme lib\u00e9ral de la majorit\u00e9 d\u00e9partementale - D\u00e9partement de l&#039;Is\u00e8re","robots":{"index":"index","follow":"follow","max-snippet":"max-snippet:-1","max-image-preview":"max-image-preview:large","max-video-preview":"max-video-preview:-1"},"canonical":"https:\/\/www.uges-isere.fr\/index.php\/2025\/03\/03\/orientations-budgetaires-2025-le-dogmatisme-liberal-de-la-majorite-departementale\/","og_locale":"fr_FR","og_type":"article","og_title":"Orientations budg\u00e9taires 2025 : le dogmatisme lib\u00e9ral de la majorit\u00e9 d\u00e9partementale - D\u00e9partement de l&#039;Is\u00e8re","og_description":"Contexte national Le Projet de Loi de Finances 2025 n\u2019est finalement pas celui de la catastrophe annonc\u00e9e pour &hellip;","og_url":"https:\/\/www.uges-isere.fr\/index.php\/2025\/03\/03\/orientations-budgetaires-2025-le-dogmatisme-liberal-de-la-majorite-departementale\/","og_site_name":"D\u00e9partement de l&#039;Is\u00e8re","article_publisher":"https:\/\/www.facebook.com\/LePrintemps38","article_published_time":"2025-03-03T10:10:42+00:00","article_modified_time":"2025-03-12T14:04:00+00:00","og_image":[{"width":838,"height":471,"url":"https:\/\/www.uges-isere.fr\/wp-content\/uploads\/2023\/12\/Opp-budget.png","type":"image\/png"}],"author":"ThibaudUGES38","twitter_card":"summary_large_image","twitter_creator":"@GroupeUGES38","twitter_site":"@GroupeUGES38","twitter_misc":{"\u00c9crit par":"ThibaudUGES38","Dur\u00e9e de lecture estim\u00e9e":"6 minutes"},"schema":{"@context":"https:\/\/schema.org","@graph":[{"@type":"Article","@id":"https:\/\/www.uges-isere.fr\/index.php\/2025\/03\/03\/orientations-budgetaires-2025-le-dogmatisme-liberal-de-la-majorite-departementale\/#article","isPartOf":{"@id":"https:\/\/www.uges-isere.fr\/index.php\/2025\/03\/03\/orientations-budgetaires-2025-le-dogmatisme-liberal-de-la-majorite-departementale\/"},"author":{"name":"ThibaudUGES38","@id":"https:\/\/www.uges-isere.fr\/#\/schema\/person\/a200926d67119314e8837b6a085de83a"},"headline":"Orientations budg\u00e9taires 2025 : le dogmatisme lib\u00e9ral de la majorit\u00e9 d\u00e9partementale","datePublished":"2025-03-03T10:10:42+00:00","dateModified":"2025-03-12T14:04:00+00:00","mainEntityOfPage":{"@id":"https:\/\/www.uges-isere.fr\/index.php\/2025\/03\/03\/orientations-budgetaires-2025-le-dogmatisme-liberal-de-la-majorite-departementale\/"},"wordCount":1197,"commentCount":0,"publisher":{"@id":"https:\/\/www.uges-isere.fr\/#organization"},"image":{"@id":"https:\/\/www.uges-isere.fr\/index.php\/2025\/03\/03\/orientations-budgetaires-2025-le-dogmatisme-liberal-de-la-majorite-departementale\/#primaryimage"},"thumbnailUrl":"https:\/\/www.uges-isere.fr\/wp-content\/uploads\/2023\/12\/Opp-budget.png","articleSection":["S\u00e9ance publique (D\u00e9bat d'orientation budg\u00e9taire 2025) - F\u00e9vrier 2025"],"inLanguage":"fr-FR","potentialAction":[{"@type":"CommentAction","name":"Comment","target":["https:\/\/www.uges-isere.fr\/index.php\/2025\/03\/03\/orientations-budgetaires-2025-le-dogmatisme-liberal-de-la-majorite-departementale\/#respond"]}]},{"@type":"WebPage","@id":"https:\/\/www.uges-isere.fr\/index.php\/2025\/03\/03\/orientations-budgetaires-2025-le-dogmatisme-liberal-de-la-majorite-departementale\/","url":"https:\/\/www.uges-isere.fr\/index.php\/2025\/03\/03\/orientations-budgetaires-2025-le-dogmatisme-liberal-de-la-majorite-departementale\/","name":"Orientations budg\u00e9taires 2025 : le dogmatisme lib\u00e9ral de la majorit\u00e9 d\u00e9partementale - D\u00e9partement de l&#039;Is\u00e8re","isPartOf":{"@id":"https:\/\/www.uges-isere.fr\/#website"},"primaryImageOfPage":{"@id":"https:\/\/www.uges-isere.fr\/index.php\/2025\/03\/03\/orientations-budgetaires-2025-le-dogmatisme-liberal-de-la-majorite-departementale\/#primaryimage"},"image":{"@id":"https:\/\/www.uges-isere.fr\/index.php\/2025\/03\/03\/orientations-budgetaires-2025-le-dogmatisme-liberal-de-la-majorite-departementale\/#primaryimage"},"thumbnailUrl":"https:\/\/www.uges-isere.fr\/wp-content\/uploads\/2023\/12\/Opp-budget.png","datePublished":"2025-03-03T10:10:42+00:00","dateModified":"2025-03-12T14:04:00+00:00","breadcrumb":{"@id":"https:\/\/www.uges-isere.fr\/index.php\/2025\/03\/03\/orientations-budgetaires-2025-le-dogmatisme-liberal-de-la-majorite-departementale\/#breadcrumb"},"inLanguage":"fr-FR","potentialAction":[{"@type":"ReadAction","target":["https:\/\/www.uges-isere.fr\/index.php\/2025\/03\/03\/orientations-budgetaires-2025-le-dogmatisme-liberal-de-la-majorite-departementale\/"]}]},{"@type":"ImageObject","inLanguage":"fr-FR","@id":"https:\/\/www.uges-isere.fr\/index.php\/2025\/03\/03\/orientations-budgetaires-2025-le-dogmatisme-liberal-de-la-majorite-departementale\/#primaryimage","url":"https:\/\/www.uges-isere.fr\/wp-content\/uploads\/2023\/12\/Opp-budget.png","contentUrl":"https:\/\/www.uges-isere.fr\/wp-content\/uploads\/2023\/12\/Opp-budget.png","width":838,"height":471},{"@type":"BreadcrumbList","@id":"https:\/\/www.uges-isere.fr\/index.php\/2025\/03\/03\/orientations-budgetaires-2025-le-dogmatisme-liberal-de-la-majorite-departementale\/#breadcrumb","itemListElement":[{"@type":"ListItem","position":1,"name":"Accueil","item":"https:\/\/www.uges-isere.fr\/"},{"@type":"ListItem","position":2,"name":"Orientations budg\u00e9taires 2025 : le dogmatisme lib\u00e9ral de la majorit\u00e9 d\u00e9partementale"}]},{"@type":"WebSite","@id":"https:\/\/www.uges-isere.fr\/#website","url":"https:\/\/www.uges-isere.fr\/","name":"D\u00e9partement de l&#039;Is\u00e8re","description":"Groupe d&#039;opposition UGES","publisher":{"@id":"https:\/\/www.uges-isere.fr\/#organization"},"potentialAction":[{"@type":"SearchAction","target":{"@type":"EntryPoint","urlTemplate":"https:\/\/www.uges-isere.fr\/?s={search_term_string}"},"query-input":{"@type":"PropertyValueSpecification","valueRequired":true,"valueName":"search_term_string"}}],"inLanguage":"fr-FR"},{"@type":"Organization","@id":"https:\/\/www.uges-isere.fr\/#organization","name":"D\u00e9partement de l'Is\u00e8re","url":"https:\/\/www.uges-isere.fr\/","logo":{"@type":"ImageObject","inLanguage":"fr-FR","@id":"https:\/\/www.uges-isere.fr\/#\/schema\/logo\/image\/","url":"https:\/\/www.uges-isere.fr\/wp-content\/uploads\/2021\/10\/logo-ok.png","contentUrl":"https:\/\/www.uges-isere.fr\/wp-content\/uploads\/2021\/10\/logo-ok.png","width":2859,"height":1816,"caption":"D\u00e9partement de l'Is\u00e8re"},"image":{"@id":"https:\/\/www.uges-isere.fr\/#\/schema\/logo\/image\/"},"sameAs":["https:\/\/www.facebook.com\/LePrintemps38","https:\/\/x.com\/GroupeUGES38"]},{"@type":"Person","@id":"https:\/\/www.uges-isere.fr\/#\/schema\/person\/a200926d67119314e8837b6a085de83a","name":"ThibaudUGES38","image":{"@type":"ImageObject","inLanguage":"fr-FR","@id":"https:\/\/secure.gravatar.com\/avatar\/e182ebfe597e409aafe3378f828607b2b757ed94a3489b20112818296e03b151?s=96&d=mm&r=g","url":"https:\/\/secure.gravatar.com\/avatar\/e182ebfe597e409aafe3378f828607b2b757ed94a3489b20112818296e03b151?s=96&d=mm&r=g","contentUrl":"https:\/\/secure.gravatar.com\/avatar\/e182ebfe597e409aafe3378f828607b2b757ed94a3489b20112818296e03b151?s=96&d=mm&r=g","caption":"ThibaudUGES38"},"url":"https:\/\/www.uges-isere.fr\/index.php\/author\/thibauduges38\/"}]}},"_links":{"self":[{"href":"https:\/\/www.uges-isere.fr\/index.php\/wp-json\/wp\/v2\/posts\/684268","targetHints":{"allow":["GET"]}}],"collection":[{"href":"https:\/\/www.uges-isere.fr\/index.php\/wp-json\/wp\/v2\/posts"}],"about":[{"href":"https:\/\/www.uges-isere.fr\/index.php\/wp-json\/wp\/v2\/types\/post"}],"author":[{"embeddable":true,"href":"https:\/\/www.uges-isere.fr\/index.php\/wp-json\/wp\/v2\/users\/8"}],"replies":[{"embeddable":true,"href":"https:\/\/www.uges-isere.fr\/index.php\/wp-json\/wp\/v2\/comments?post=684268"}],"version-history":[{"count":2,"href":"https:\/\/www.uges-isere.fr\/index.php\/wp-json\/wp\/v2\/posts\/684268\/revisions"}],"predecessor-version":[{"id":684272,"href":"https:\/\/www.uges-isere.fr\/index.php\/wp-json\/wp\/v2\/posts\/684268\/revisions\/684272"}],"wp:featuredmedia":[{"embeddable":true,"href":"https:\/\/www.uges-isere.fr\/index.php\/wp-json\/wp\/v2\/media\/683917"}],"wp:attachment":[{"href":"https:\/\/www.uges-isere.fr\/index.php\/wp-json\/wp\/v2\/media?parent=684268"}],"wp:term":[{"taxonomy":"category","embeddable":true,"href":"https:\/\/www.uges-isere.fr\/index.php\/wp-json\/wp\/v2\/categories?post=684268"},{"taxonomy":"post_tag","embeddable":true,"href":"https:\/\/www.uges-isere.fr\/index.php\/wp-json\/wp\/v2\/tags?post=684268"}],"curies":[{"name":"wp","href":"https:\/\/api.w.org\/{rel}","templated":true}]}}