{"id":684159,"date":"2024-10-23T00:28:21","date_gmt":"2024-10-22T22:28:21","guid":{"rendered":"https:\/\/www.uges-isere.fr\/?p=684159"},"modified":"2025-06-02T11:51:33","modified_gmt":"2025-06-02T09:51:33","slug":"retour-sur-les-commissions-permanentes-de-septembre-octobre-2024","status":"publish","type":"post","link":"https:\/\/www.uges-isere.fr\/index.php\/2024\/10\/23\/retour-sur-les-commissions-permanentes-de-septembre-octobre-2024\/","title":{"rendered":"Retour sur les commissions permanentes de septembre &amp; octobre 2024"},"content":{"rendered":"\n<p><strong>En septembre dernier et en octobre, les conseill\u00e8res et conseillers d\u00e9partementaux ont d\u00e9lib\u00e9r\u00e9 sur 171 d\u00e9lib\u00e9rations en commission permanente. Parmi ces nombreux rapports soumis au vote, le groupe UGES s\u2019est notamment positionn\u00e9<\/strong> :\u00a0<\/p>\n\n\n\n<p><img loading=\"lazy\" decoding=\"async\" alt=\"\ud83d\udd34\" src=\"https:\/\/lh7-rt.googleusercontent.com\/docsz\/AD_4nXethszp1hg0F03fbaTovx7KIVomgiLlB8hokmREpyLWbV_L5iV_5KKS3jG_2hrZYjAfA58sEyuXmyXdmupMm7l5RXJ29z1RvLbG_h3UbKojWBQSEx8uIyLcyIWh4m0rk9QlFkWyD0ini3IMm_lpMmOU_Wsz?key=w65-8JkHq4xO8Onma5je5g\" width=\"19\" height=\"19\"> Contre les subventions d\u2019investissement aux coll\u00e8ges priv\u00e9s sous contrat, qui ont bien souvent les moyens d\u2019entretenir leur patrimoine. Ce soutien facultatif de la collectivit\u00e9 ne favorise pas l\u2019\u00e9galit\u00e9 de tous les coll\u00e9giens du territoire, au regard de la composition sociale des coll\u00e8ges priv\u00e9s qui est largement plus favoris\u00e9e que celle des coll\u00e8ges publics ;<\/p>\n\n\n\n<p><img loading=\"lazy\" decoding=\"async\" width=\"19\" height=\"19\" src=\"https:\/\/lh7-rt.googleusercontent.com\/docsz\/AD_4nXdGMdueEOBNxjFArxFHhjskJ3Jjk1WgcmsfAmDAEj_AJbMn-ioAEkPdQFt6JiD36Dg3pPGPzp9CkpkSPe8QyQxApufhHzbiB4K6qB58nnuBKcQWk8niyPVdJ7sEKSOh7GNCYIcM1NsDGms1dzFrkrjVJWXg?key=w65-8JkHq4xO8Onma5je5g\" alt=\"\ud83d\udfe0\"> Abstention sur les subventions aux centres de sant\u00e9 de Grenoble (AGECSA) dont les montants ont diminu\u00e9 de 40% entre 2018 et 2021. Lieux essentiels pour la r\u00e9duction des in\u00e9galit\u00e9s sociales et territoriales de sant\u00e9, ils permettent un acc\u00e8s aux soins de proximit\u00e9 pour toutes et tous ;<\/p>\n\n\n\n<p><img loading=\"lazy\" decoding=\"async\" width=\"19\" height=\"19\" src=\"https:\/\/lh7-rt.googleusercontent.com\/docsz\/AD_4nXdGMdueEOBNxjFArxFHhjskJ3Jjk1WgcmsfAmDAEj_AJbMn-ioAEkPdQFt6JiD36Dg3pPGPzp9CkpkSPe8QyQxApufhHzbiB4K6qB58nnuBKcQWk8niyPVdJ7sEKSOh7GNCYIcM1NsDGms1dzFrkrjVJWXg?key=w65-8JkHq4xO8Onma5je5g\" alt=\"\ud83d\udfe0\"> Abstention sur l\u2019avenant au contrat pluriannuel d\u2019objectifs et de moyens (CPOM) 2023-2025 entre les services d\u2019aide \u00e0 domicile et le D\u00e9partement qui ne r\u00e9pond que partiellement aux besoins ;<\/p>\n\n\n\n<p><img loading=\"lazy\" decoding=\"async\" alt=\"\ud83d\udfe2\" src=\"https:\/\/lh7-rt.googleusercontent.com\/docsz\/AD_4nXcQiqDOgs1_ACETR7WjmgPjPYE2zGHMbfbS40JMwZp9tCqPfREeBrDrDVFjKgFa-h3CL3MRxJKJwMCJ_WSSnK7h8hvlr6p1oxg3R_02qS0W-k-Y5WJfRiIJtI9pdnENTHgFdzE4q2gFf7-8BMaE571pFKw0?key=w65-8JkHq4xO8Onma5je5g\" width=\"19\" height=\"19\">Pour les aides accord\u00e9s \u00e0 la commune de Saint-Christophe-en-Oisans dans le cadre du Fonds d\u2019aide d\u2019urgence du D\u00e9partement suite aux intemp\u00e9ries dans la vall\u00e9e du V\u00e9n\u00e9on ;<\/p>\n\n\n\n<p><img loading=\"lazy\" decoding=\"async\" alt=\"\ud83d\udd34\" src=\"https:\/\/lh7-rt.googleusercontent.com\/docsz\/AD_4nXethszp1hg0F03fbaTovx7KIVomgiLlB8hokmREpyLWbV_L5iV_5KKS3jG_2hrZYjAfA58sEyuXmyXdmupMm7l5RXJ29z1RvLbG_h3UbKojWBQSEx8uIyLcyIWh4m0rk9QlFkWyD0ini3IMm_lpMmOU_Wsz?key=w65-8JkHq4xO8Onma5je5g\" width=\"19\" height=\"19\"> Contre les financements des relais petite enfance et des actions de soutien \u00e0 la parentalit\u00e9 qui ont vu leur subvention baisser de moiti\u00e9 depuis l\u2019ann\u00e9e 2023 ;<\/p>\n\n\n\n<p><img loading=\"lazy\" decoding=\"async\" alt=\"\ud83d\udfe0\" src=\"https:\/\/lh7-rt.googleusercontent.com\/docsz\/AD_4nXdGMdueEOBNxjFArxFHhjskJ3Jjk1WgcmsfAmDAEj_AJbMn-ioAEkPdQFt6JiD36Dg3pPGPzp9CkpkSPe8QyQxApufhHzbiB4K6qB58nnuBKcQWk8niyPVdJ7sEKSOh7GNCYIcM1NsDGms1dzFrkrjVJWXg?key=w65-8JkHq4xO8Onma5je5g\" width=\"19\" height=\"19\"> Abstention sur un march\u00e9 concernant la d\u00e9livrance de ch\u00e8ques d\u2019accompagnement personnalis\u00e9 (CAP) alimentaires-hygi\u00e8ne qui rendent plus difficile l\u2019acc\u00e8s \u00e0 ce droit pour les allocataires du RSA par exemple ;<\/p>\n\n\n\n<p><img loading=\"lazy\" decoding=\"async\" width=\"19\" height=\"19\" src=\"https:\/\/lh7-rt.googleusercontent.com\/docsz\/AD_4nXdGMdueEOBNxjFArxFHhjskJ3Jjk1WgcmsfAmDAEj_AJbMn-ioAEkPdQFt6JiD36Dg3pPGPzp9CkpkSPe8QyQxApufhHzbiB4K6qB58nnuBKcQWk8niyPVdJ7sEKSOh7GNCYIcM1NsDGms1dzFrkrjVJWXg?key=w65-8JkHq4xO8Onma5je5g\" alt=\"\ud83d\udfe0\"> Abstention sur le renouv\u00e8lement de la D\u00e9l\u00e9gation de service pour l\u2019exploitation de l\u2019a\u00e9roport de Grenoble Alpes Is\u00e8re qui co\u00fbte chaque ann\u00e9e 2 millions d&rsquo;euros pour le D\u00e9partement ;<\/p>\n\n\n\n<p><img loading=\"lazy\" decoding=\"async\" alt=\"\ud83d\udfe0\" src=\"https:\/\/lh7-rt.googleusercontent.com\/docsz\/AD_4nXdGMdueEOBNxjFArxFHhjskJ3Jjk1WgcmsfAmDAEj_AJbMn-ioAEkPdQFt6JiD36Dg3pPGPzp9CkpkSPe8QyQxApufhHzbiB4K6qB58nnuBKcQWk8niyPVdJ7sEKSOh7GNCYIcM1NsDGms1dzFrkrjVJWXg?key=w65-8JkHq4xO8Onma5je5g\" width=\"19\" height=\"19\"> Abstention sur une subvention vers\u00e9e dans le cadre des aides au patrimoine \u00e0 un promoteur immobilier priv\u00e9 qui r\u00e9nove le Couvent des Dames Nobles \u00e0 Vienne pour en faire des appartements priv\u00e9s ;&nbsp;<\/p>\n\n\n\n<p><img loading=\"lazy\" decoding=\"async\" alt=\"\ud83d\udfe2\" src=\"https:\/\/lh7-rt.googleusercontent.com\/docsz\/AD_4nXcQiqDOgs1_ACETR7WjmgPjPYE2zGHMbfbS40JMwZp9tCqPfREeBrDrDVFjKgFa-h3CL3MRxJKJwMCJ_WSSnK7h8hvlr6p1oxg3R_02qS0W-k-Y5WJfRiIJtI9pdnENTHgFdzE4q2gFf7-8BMaE571pFKw0?key=w65-8JkHq4xO8Onma5je5g\" width=\"19\" height=\"19\">Pour les actions en faveur des espaces naturels sensibles dont une subvention importante pour Le Tichodrome et la r\u00e9alisation des travaux de restructuration de leurs locaux du centre de soins.<\/p>\n\n\n\n<p><img loading=\"lazy\" decoding=\"async\" alt=\"\ud83d\udfe2\" src=\"https:\/\/lh7-rt.googleusercontent.com\/docsz\/AD_4nXcQiqDOgs1_ACETR7WjmgPjPYE2zGHMbfbS40JMwZp9tCqPfREeBrDrDVFjKgFa-h3CL3MRxJKJwMCJ_WSSnK7h8hvlr6p1oxg3R_02qS0W-k-Y5WJfRiIJtI9pdnENTHgFdzE4q2gFf7-8BMaE571pFKw0?key=w65-8JkHq4xO8Onma5je5g\" width=\"19\" height=\"19\"> Pour les subventions accord\u00e9es dans le cadre du Contrat de Chaleur Renouvelable visant \u00e0 d\u00e9velopper la production de chaleur par des \u00e9nergies renouvelables (EnR) thermiques ;<\/p>\n\n\n\n<p><img loading=\"lazy\" decoding=\"async\" width=\"19\" height=\"19\" src=\"https:\/\/lh7-rt.googleusercontent.com\/docsz\/AD_4nXdGMdueEOBNxjFArxFHhjskJ3Jjk1WgcmsfAmDAEj_AJbMn-ioAEkPdQFt6JiD36Dg3pPGPzp9CkpkSPe8QyQxApufhHzbiB4K6qB58nnuBKcQWk8niyPVdJ7sEKSOh7GNCYIcM1NsDGms1dzFrkrjVJWXg?key=w65-8JkHq4xO8Onma5je5g\" alt=\"\ud83d\udfe0\"> Abstention sur l\u2019avis du D\u00e9partement sur la demande d\u2019autorisation environnementale relative \u00e0 la carri\u00e8re de Penol. L\u2019avis propos\u00e9 par la collectivit\u00e9 se r\u00e9duit aux cons\u00e9quences de l\u2019extension de cette carri\u00e8re sur le r\u00e9seau de routes d\u00e9partementales. Il n\u2019est ainsi pas fait mention des impacts environnementaux importants comme d\u00e9montr\u00e9s dans l&rsquo;avis de la Mission R\u00e9gionale d&rsquo;autorit\u00e9 environnementale par exemple ;<\/p>\n\n\n\n<p><img loading=\"lazy\" decoding=\"async\" alt=\"\ud83d\udfe0\" src=\"https:\/\/lh7-rt.googleusercontent.com\/docsz\/AD_4nXdGMdueEOBNxjFArxFHhjskJ3Jjk1WgcmsfAmDAEj_AJbMn-ioAEkPdQFt6JiD36Dg3pPGPzp9CkpkSPe8QyQxApufhHzbiB4K6qB58nnuBKcQWk8niyPVdJ7sEKSOh7GNCYIcM1NsDGms1dzFrkrjVJWXg?key=w65-8JkHq4xO8Onma5je5g\" width=\"19\" height=\"19\"> Abstention sur la repr\u00e9sentation du D\u00e9partement au Comit\u00e9 d\u00e9partemental de l\u2019Emploi. La collectivit\u00e9 b\u00e9n\u00e9ficie ainsi de 4 repr\u00e9sentations, la majorit\u00e9 d\u00e9partementale a d\u00e9cid\u00e9 d\u2019exclure l\u2019opposition de cette repr\u00e9sentation (1 si\u00e8ge \u00e0 la proportionnelle) ;&nbsp;<\/p>\n\n\n\n<p><img loading=\"lazy\" decoding=\"async\" width=\"19\" height=\"19\" src=\"https:\/\/lh7-rt.googleusercontent.com\/docsz\/AD_4nXcQiqDOgs1_ACETR7WjmgPjPYE2zGHMbfbS40JMwZp9tCqPfREeBrDrDVFjKgFa-h3CL3MRxJKJwMCJ_WSSnK7h8hvlr6p1oxg3R_02qS0W-k-Y5WJfRiIJtI9pdnENTHgFdzE4q2gFf7-8BMaE571pFKw0?key=w65-8JkHq4xO8Onma5je5g\" alt=\"\ud83d\udfe2\"> Pour une convention de partenariat pour le service civique altern\u00e9 \u00e0 destination des jeunes en situation de d\u00e9crochage scolaire .<\/p>\n","protected":false},"excerpt":{"rendered":"<p>En septembre dernier et en octobre, les conseill\u00e8res et conseillers d\u00e9partementaux ont d\u00e9lib\u00e9r\u00e9 sur 171 d\u00e9lib\u00e9rations en commission &hellip; <\/p>\n","protected":false},"author":8,"featured_media":683917,"comment_status":"open","ping_status":"open","sticky":false,"template":"","format":"standard","meta":{"footnotes":""},"categories":[349,120,317],"tags":[],"class_list":["post-684159","post","type-post","status-publish","format-standard","has-post-thumbnail","hentry","category-349","category-commissions-permanentes","category-cp-septembre-octobre-2024"],"yoast_head":"<!-- This site is optimized with the Yoast SEO plugin v27.5 - https:\/\/yoast.com\/product\/yoast-seo-wordpress\/ -->\n<title>Retour sur les commissions permanentes de septembre &amp; octobre 2024 - D\u00e9partement de l&#039;Is\u00e8re<\/title>\n<meta name=\"robots\" content=\"index, follow, max-snippet:-1, max-image-preview:large, max-video-preview:-1\" \/>\n<link rel=\"canonical\" href=\"https:\/\/www.uges-isere.fr\/index.php\/2024\/10\/23\/retour-sur-les-commissions-permanentes-de-septembre-octobre-2024\/\" \/>\n<meta property=\"og:locale\" content=\"fr_FR\" \/>\n<meta property=\"og:type\" content=\"article\" \/>\n<meta property=\"og:title\" content=\"Retour sur les commissions permanentes de septembre &amp; octobre 2024 - D\u00e9partement de l&#039;Is\u00e8re\" \/>\n<meta property=\"og:description\" content=\"En septembre dernier et en octobre, les conseill\u00e8res et conseillers d\u00e9partementaux ont d\u00e9lib\u00e9r\u00e9 sur 171 d\u00e9lib\u00e9rations en commission &hellip;\" \/>\n<meta property=\"og:url\" content=\"https:\/\/www.uges-isere.fr\/index.php\/2024\/10\/23\/retour-sur-les-commissions-permanentes-de-septembre-octobre-2024\/\" \/>\n<meta property=\"og:site_name\" content=\"D\u00e9partement de l&#039;Is\u00e8re\" \/>\n<meta property=\"article:publisher\" content=\"https:\/\/www.facebook.com\/LePrintemps38\" \/>\n<meta property=\"article:published_time\" content=\"2024-10-22T22:28:21+00:00\" \/>\n<meta property=\"article:modified_time\" content=\"2025-06-02T09:51:33+00:00\" \/>\n<meta property=\"og:image\" content=\"https:\/\/www.uges-isere.fr\/wp-content\/uploads\/2023\/12\/Opp-budget.png\" \/>\n\t<meta property=\"og:image:width\" content=\"838\" \/>\n\t<meta property=\"og:image:height\" content=\"471\" \/>\n\t<meta property=\"og:image:type\" content=\"image\/png\" \/>\n<meta name=\"author\" content=\"ThibaudUGES38\" \/>\n<meta name=\"twitter:card\" content=\"summary_large_image\" \/>\n<meta name=\"twitter:creator\" content=\"@GroupeUGES38\" \/>\n<meta name=\"twitter:site\" content=\"@GroupeUGES38\" \/>\n<meta name=\"twitter:label1\" content=\"\u00c9crit par\" \/>\n\t<meta name=\"twitter:data1\" content=\"ThibaudUGES38\" \/>\n\t<meta name=\"twitter:label2\" content=\"Dur\u00e9e de lecture estim\u00e9e\" \/>\n\t<meta name=\"twitter:data2\" content=\"6 minutes\" \/>\n<script type=\"application\/ld+json\" class=\"yoast-schema-graph\">{\"@context\":\"https:\\\/\\\/schema.org\",\"@graph\":[{\"@type\":\"Article\",\"@id\":\"https:\\\/\\\/www.uges-isere.fr\\\/index.php\\\/2024\\\/10\\\/23\\\/retour-sur-les-commissions-permanentes-de-septembre-octobre-2024\\\/#article\",\"isPartOf\":{\"@id\":\"https:\\\/\\\/www.uges-isere.fr\\\/index.php\\\/2024\\\/10\\\/23\\\/retour-sur-les-commissions-permanentes-de-septembre-octobre-2024\\\/\"},\"author\":{\"name\":\"ThibaudUGES38\",\"@id\":\"https:\\\/\\\/www.uges-isere.fr\\\/#\\\/schema\\\/person\\\/a200926d67119314e8837b6a085de83a\"},\"headline\":\"Retour sur les commissions permanentes de septembre &amp; octobre 2024\",\"datePublished\":\"2024-10-22T22:28:21+00:00\",\"dateModified\":\"2025-06-02T09:51:33+00:00\",\"mainEntityOfPage\":{\"@id\":\"https:\\\/\\\/www.uges-isere.fr\\\/index.php\\\/2024\\\/10\\\/23\\\/retour-sur-les-commissions-permanentes-de-septembre-octobre-2024\\\/\"},\"wordCount\":543,\"commentCount\":0,\"publisher\":{\"@id\":\"https:\\\/\\\/www.uges-isere.fr\\\/#organization\"},\"image\":{\"@id\":\"https:\\\/\\\/www.uges-isere.fr\\\/index.php\\\/2024\\\/10\\\/23\\\/retour-sur-les-commissions-permanentes-de-septembre-octobre-2024\\\/#primaryimage\"},\"thumbnailUrl\":\"https:\\\/\\\/www.uges-isere.fr\\\/wp-content\\\/uploads\\\/2023\\\/12\\\/Opp-budget.png\",\"articleSection\":[\"2024\",\"Commissions permanentes\",\"Commissions permanentes Septembre-Octobre 2024\"],\"inLanguage\":\"fr-FR\",\"potentialAction\":[{\"@type\":\"CommentAction\",\"name\":\"Comment\",\"target\":[\"https:\\\/\\\/www.uges-isere.fr\\\/index.php\\\/2024\\\/10\\\/23\\\/retour-sur-les-commissions-permanentes-de-septembre-octobre-2024\\\/#respond\"]}]},{\"@type\":\"WebPage\",\"@id\":\"https:\\\/\\\/www.uges-isere.fr\\\/index.php\\\/2024\\\/10\\\/23\\\/retour-sur-les-commissions-permanentes-de-septembre-octobre-2024\\\/\",\"url\":\"https:\\\/\\\/www.uges-isere.fr\\\/index.php\\\/2024\\\/10\\\/23\\\/retour-sur-les-commissions-permanentes-de-septembre-octobre-2024\\\/\",\"name\":\"Retour sur les commissions permanentes de septembre &amp; octobre 2024 - D\u00e9partement de l&#039;Is\u00e8re\",\"isPartOf\":{\"@id\":\"https:\\\/\\\/www.uges-isere.fr\\\/#website\"},\"primaryImageOfPage\":{\"@id\":\"https:\\\/\\\/www.uges-isere.fr\\\/index.php\\\/2024\\\/10\\\/23\\\/retour-sur-les-commissions-permanentes-de-septembre-octobre-2024\\\/#primaryimage\"},\"image\":{\"@id\":\"https:\\\/\\\/www.uges-isere.fr\\\/index.php\\\/2024\\\/10\\\/23\\\/retour-sur-les-commissions-permanentes-de-septembre-octobre-2024\\\/#primaryimage\"},\"thumbnailUrl\":\"https:\\\/\\\/www.uges-isere.fr\\\/wp-content\\\/uploads\\\/2023\\\/12\\\/Opp-budget.png\",\"datePublished\":\"2024-10-22T22:28:21+00:00\",\"dateModified\":\"2025-06-02T09:51:33+00:00\",\"breadcrumb\":{\"@id\":\"https:\\\/\\\/www.uges-isere.fr\\\/index.php\\\/2024\\\/10\\\/23\\\/retour-sur-les-commissions-permanentes-de-septembre-octobre-2024\\\/#breadcrumb\"},\"inLanguage\":\"fr-FR\",\"potentialAction\":[{\"@type\":\"ReadAction\",\"target\":[\"https:\\\/\\\/www.uges-isere.fr\\\/index.php\\\/2024\\\/10\\\/23\\\/retour-sur-les-commissions-permanentes-de-septembre-octobre-2024\\\/\"]}]},{\"@type\":\"ImageObject\",\"inLanguage\":\"fr-FR\",\"@id\":\"https:\\\/\\\/www.uges-isere.fr\\\/index.php\\\/2024\\\/10\\\/23\\\/retour-sur-les-commissions-permanentes-de-septembre-octobre-2024\\\/#primaryimage\",\"url\":\"https:\\\/\\\/www.uges-isere.fr\\\/wp-content\\\/uploads\\\/2023\\\/12\\\/Opp-budget.png\",\"contentUrl\":\"https:\\\/\\\/www.uges-isere.fr\\\/wp-content\\\/uploads\\\/2023\\\/12\\\/Opp-budget.png\",\"width\":838,\"height\":471},{\"@type\":\"BreadcrumbList\",\"@id\":\"https:\\\/\\\/www.uges-isere.fr\\\/index.php\\\/2024\\\/10\\\/23\\\/retour-sur-les-commissions-permanentes-de-septembre-octobre-2024\\\/#breadcrumb\",\"itemListElement\":[{\"@type\":\"ListItem\",\"position\":1,\"name\":\"Accueil\",\"item\":\"https:\\\/\\\/www.uges-isere.fr\\\/\"},{\"@type\":\"ListItem\",\"position\":2,\"name\":\"Retour sur les commissions permanentes de septembre &amp; octobre 2024\"}]},{\"@type\":\"WebSite\",\"@id\":\"https:\\\/\\\/www.uges-isere.fr\\\/#website\",\"url\":\"https:\\\/\\\/www.uges-isere.fr\\\/\",\"name\":\"D\u00e9partement de l&#039;Is\u00e8re\",\"description\":\"Groupe d&#039;opposition UGES\",\"publisher\":{\"@id\":\"https:\\\/\\\/www.uges-isere.fr\\\/#organization\"},\"potentialAction\":[{\"@type\":\"SearchAction\",\"target\":{\"@type\":\"EntryPoint\",\"urlTemplate\":\"https:\\\/\\\/www.uges-isere.fr\\\/?s={search_term_string}\"},\"query-input\":{\"@type\":\"PropertyValueSpecification\",\"valueRequired\":true,\"valueName\":\"search_term_string\"}}],\"inLanguage\":\"fr-FR\"},{\"@type\":\"Organization\",\"@id\":\"https:\\\/\\\/www.uges-isere.fr\\\/#organization\",\"name\":\"D\u00e9partement de l'Is\u00e8re\",\"url\":\"https:\\\/\\\/www.uges-isere.fr\\\/\",\"logo\":{\"@type\":\"ImageObject\",\"inLanguage\":\"fr-FR\",\"@id\":\"https:\\\/\\\/www.uges-isere.fr\\\/#\\\/schema\\\/logo\\\/image\\\/\",\"url\":\"https:\\\/\\\/www.uges-isere.fr\\\/wp-content\\\/uploads\\\/2021\\\/10\\\/logo-ok.png\",\"contentUrl\":\"https:\\\/\\\/www.uges-isere.fr\\\/wp-content\\\/uploads\\\/2021\\\/10\\\/logo-ok.png\",\"width\":2859,\"height\":1816,\"caption\":\"D\u00e9partement de l'Is\u00e8re\"},\"image\":{\"@id\":\"https:\\\/\\\/www.uges-isere.fr\\\/#\\\/schema\\\/logo\\\/image\\\/\"},\"sameAs\":[\"https:\\\/\\\/www.facebook.com\\\/LePrintemps38\",\"https:\\\/\\\/x.com\\\/GroupeUGES38\"]},{\"@type\":\"Person\",\"@id\":\"https:\\\/\\\/www.uges-isere.fr\\\/#\\\/schema\\\/person\\\/a200926d67119314e8837b6a085de83a\",\"name\":\"ThibaudUGES38\",\"image\":{\"@type\":\"ImageObject\",\"inLanguage\":\"fr-FR\",\"@id\":\"https:\\\/\\\/secure.gravatar.com\\\/avatar\\\/e182ebfe597e409aafe3378f828607b2b757ed94a3489b20112818296e03b151?s=96&d=mm&r=g\",\"url\":\"https:\\\/\\\/secure.gravatar.com\\\/avatar\\\/e182ebfe597e409aafe3378f828607b2b757ed94a3489b20112818296e03b151?s=96&d=mm&r=g\",\"contentUrl\":\"https:\\\/\\\/secure.gravatar.com\\\/avatar\\\/e182ebfe597e409aafe3378f828607b2b757ed94a3489b20112818296e03b151?s=96&d=mm&r=g\",\"caption\":\"ThibaudUGES38\"},\"url\":\"https:\\\/\\\/www.uges-isere.fr\\\/index.php\\\/author\\\/thibauduges38\\\/\"}]}<\/script>\n<!-- \/ Yoast SEO plugin. -->","yoast_head_json":{"title":"Retour sur les commissions permanentes de septembre &amp; octobre 2024 - D\u00e9partement de l&#039;Is\u00e8re","robots":{"index":"index","follow":"follow","max-snippet":"max-snippet:-1","max-image-preview":"max-image-preview:large","max-video-preview":"max-video-preview:-1"},"canonical":"https:\/\/www.uges-isere.fr\/index.php\/2024\/10\/23\/retour-sur-les-commissions-permanentes-de-septembre-octobre-2024\/","og_locale":"fr_FR","og_type":"article","og_title":"Retour sur les commissions permanentes de septembre &amp; octobre 2024 - D\u00e9partement de l&#039;Is\u00e8re","og_description":"En septembre dernier et en octobre, les conseill\u00e8res et conseillers d\u00e9partementaux ont d\u00e9lib\u00e9r\u00e9 sur 171 d\u00e9lib\u00e9rations en commission &hellip;","og_url":"https:\/\/www.uges-isere.fr\/index.php\/2024\/10\/23\/retour-sur-les-commissions-permanentes-de-septembre-octobre-2024\/","og_site_name":"D\u00e9partement de l&#039;Is\u00e8re","article_publisher":"https:\/\/www.facebook.com\/LePrintemps38","article_published_time":"2024-10-22T22:28:21+00:00","article_modified_time":"2025-06-02T09:51:33+00:00","og_image":[{"width":838,"height":471,"url":"https:\/\/www.uges-isere.fr\/wp-content\/uploads\/2023\/12\/Opp-budget.png","type":"image\/png"}],"author":"ThibaudUGES38","twitter_card":"summary_large_image","twitter_creator":"@GroupeUGES38","twitter_site":"@GroupeUGES38","twitter_misc":{"\u00c9crit par":"ThibaudUGES38","Dur\u00e9e de lecture estim\u00e9e":"6 minutes"},"schema":{"@context":"https:\/\/schema.org","@graph":[{"@type":"Article","@id":"https:\/\/www.uges-isere.fr\/index.php\/2024\/10\/23\/retour-sur-les-commissions-permanentes-de-septembre-octobre-2024\/#article","isPartOf":{"@id":"https:\/\/www.uges-isere.fr\/index.php\/2024\/10\/23\/retour-sur-les-commissions-permanentes-de-septembre-octobre-2024\/"},"author":{"name":"ThibaudUGES38","@id":"https:\/\/www.uges-isere.fr\/#\/schema\/person\/a200926d67119314e8837b6a085de83a"},"headline":"Retour sur les commissions permanentes de septembre &amp; octobre 2024","datePublished":"2024-10-22T22:28:21+00:00","dateModified":"2025-06-02T09:51:33+00:00","mainEntityOfPage":{"@id":"https:\/\/www.uges-isere.fr\/index.php\/2024\/10\/23\/retour-sur-les-commissions-permanentes-de-septembre-octobre-2024\/"},"wordCount":543,"commentCount":0,"publisher":{"@id":"https:\/\/www.uges-isere.fr\/#organization"},"image":{"@id":"https:\/\/www.uges-isere.fr\/index.php\/2024\/10\/23\/retour-sur-les-commissions-permanentes-de-septembre-octobre-2024\/#primaryimage"},"thumbnailUrl":"https:\/\/www.uges-isere.fr\/wp-content\/uploads\/2023\/12\/Opp-budget.png","articleSection":["2024","Commissions permanentes","Commissions permanentes Septembre-Octobre 2024"],"inLanguage":"fr-FR","potentialAction":[{"@type":"CommentAction","name":"Comment","target":["https:\/\/www.uges-isere.fr\/index.php\/2024\/10\/23\/retour-sur-les-commissions-permanentes-de-septembre-octobre-2024\/#respond"]}]},{"@type":"WebPage","@id":"https:\/\/www.uges-isere.fr\/index.php\/2024\/10\/23\/retour-sur-les-commissions-permanentes-de-septembre-octobre-2024\/","url":"https:\/\/www.uges-isere.fr\/index.php\/2024\/10\/23\/retour-sur-les-commissions-permanentes-de-septembre-octobre-2024\/","name":"Retour sur les commissions permanentes de septembre &amp; octobre 2024 - D\u00e9partement de l&#039;Is\u00e8re","isPartOf":{"@id":"https:\/\/www.uges-isere.fr\/#website"},"primaryImageOfPage":{"@id":"https:\/\/www.uges-isere.fr\/index.php\/2024\/10\/23\/retour-sur-les-commissions-permanentes-de-septembre-octobre-2024\/#primaryimage"},"image":{"@id":"https:\/\/www.uges-isere.fr\/index.php\/2024\/10\/23\/retour-sur-les-commissions-permanentes-de-septembre-octobre-2024\/#primaryimage"},"thumbnailUrl":"https:\/\/www.uges-isere.fr\/wp-content\/uploads\/2023\/12\/Opp-budget.png","datePublished":"2024-10-22T22:28:21+00:00","dateModified":"2025-06-02T09:51:33+00:00","breadcrumb":{"@id":"https:\/\/www.uges-isere.fr\/index.php\/2024\/10\/23\/retour-sur-les-commissions-permanentes-de-septembre-octobre-2024\/#breadcrumb"},"inLanguage":"fr-FR","potentialAction":[{"@type":"ReadAction","target":["https:\/\/www.uges-isere.fr\/index.php\/2024\/10\/23\/retour-sur-les-commissions-permanentes-de-septembre-octobre-2024\/"]}]},{"@type":"ImageObject","inLanguage":"fr-FR","@id":"https:\/\/www.uges-isere.fr\/index.php\/2024\/10\/23\/retour-sur-les-commissions-permanentes-de-septembre-octobre-2024\/#primaryimage","url":"https:\/\/www.uges-isere.fr\/wp-content\/uploads\/2023\/12\/Opp-budget.png","contentUrl":"https:\/\/www.uges-isere.fr\/wp-content\/uploads\/2023\/12\/Opp-budget.png","width":838,"height":471},{"@type":"BreadcrumbList","@id":"https:\/\/www.uges-isere.fr\/index.php\/2024\/10\/23\/retour-sur-les-commissions-permanentes-de-septembre-octobre-2024\/#breadcrumb","itemListElement":[{"@type":"ListItem","position":1,"name":"Accueil","item":"https:\/\/www.uges-isere.fr\/"},{"@type":"ListItem","position":2,"name":"Retour sur les commissions permanentes de septembre &amp; octobre 2024"}]},{"@type":"WebSite","@id":"https:\/\/www.uges-isere.fr\/#website","url":"https:\/\/www.uges-isere.fr\/","name":"D\u00e9partement de l&#039;Is\u00e8re","description":"Groupe d&#039;opposition UGES","publisher":{"@id":"https:\/\/www.uges-isere.fr\/#organization"},"potentialAction":[{"@type":"SearchAction","target":{"@type":"EntryPoint","urlTemplate":"https:\/\/www.uges-isere.fr\/?s={search_term_string}"},"query-input":{"@type":"PropertyValueSpecification","valueRequired":true,"valueName":"search_term_string"}}],"inLanguage":"fr-FR"},{"@type":"Organization","@id":"https:\/\/www.uges-isere.fr\/#organization","name":"D\u00e9partement de l'Is\u00e8re","url":"https:\/\/www.uges-isere.fr\/","logo":{"@type":"ImageObject","inLanguage":"fr-FR","@id":"https:\/\/www.uges-isere.fr\/#\/schema\/logo\/image\/","url":"https:\/\/www.uges-isere.fr\/wp-content\/uploads\/2021\/10\/logo-ok.png","contentUrl":"https:\/\/www.uges-isere.fr\/wp-content\/uploads\/2021\/10\/logo-ok.png","width":2859,"height":1816,"caption":"D\u00e9partement de l'Is\u00e8re"},"image":{"@id":"https:\/\/www.uges-isere.fr\/#\/schema\/logo\/image\/"},"sameAs":["https:\/\/www.facebook.com\/LePrintemps38","https:\/\/x.com\/GroupeUGES38"]},{"@type":"Person","@id":"https:\/\/www.uges-isere.fr\/#\/schema\/person\/a200926d67119314e8837b6a085de83a","name":"ThibaudUGES38","image":{"@type":"ImageObject","inLanguage":"fr-FR","@id":"https:\/\/secure.gravatar.com\/avatar\/e182ebfe597e409aafe3378f828607b2b757ed94a3489b20112818296e03b151?s=96&d=mm&r=g","url":"https:\/\/secure.gravatar.com\/avatar\/e182ebfe597e409aafe3378f828607b2b757ed94a3489b20112818296e03b151?s=96&d=mm&r=g","contentUrl":"https:\/\/secure.gravatar.com\/avatar\/e182ebfe597e409aafe3378f828607b2b757ed94a3489b20112818296e03b151?s=96&d=mm&r=g","caption":"ThibaudUGES38"},"url":"https:\/\/www.uges-isere.fr\/index.php\/author\/thibauduges38\/"}]}},"_links":{"self":[{"href":"https:\/\/www.uges-isere.fr\/index.php\/wp-json\/wp\/v2\/posts\/684159","targetHints":{"allow":["GET"]}}],"collection":[{"href":"https:\/\/www.uges-isere.fr\/index.php\/wp-json\/wp\/v2\/posts"}],"about":[{"href":"https:\/\/www.uges-isere.fr\/index.php\/wp-json\/wp\/v2\/types\/post"}],"author":[{"embeddable":true,"href":"https:\/\/www.uges-isere.fr\/index.php\/wp-json\/wp\/v2\/users\/8"}],"replies":[{"embeddable":true,"href":"https:\/\/www.uges-isere.fr\/index.php\/wp-json\/wp\/v2\/comments?post=684159"}],"version-history":[{"count":1,"href":"https:\/\/www.uges-isere.fr\/index.php\/wp-json\/wp\/v2\/posts\/684159\/revisions"}],"predecessor-version":[{"id":684161,"href":"https:\/\/www.uges-isere.fr\/index.php\/wp-json\/wp\/v2\/posts\/684159\/revisions\/684161"}],"wp:featuredmedia":[{"embeddable":true,"href":"https:\/\/www.uges-isere.fr\/index.php\/wp-json\/wp\/v2\/media\/683917"}],"wp:attachment":[{"href":"https:\/\/www.uges-isere.fr\/index.php\/wp-json\/wp\/v2\/media?parent=684159"}],"wp:term":[{"taxonomy":"category","embeddable":true,"href":"https:\/\/www.uges-isere.fr\/index.php\/wp-json\/wp\/v2\/categories?post=684159"},{"taxonomy":"post_tag","embeddable":true,"href":"https:\/\/www.uges-isere.fr\/index.php\/wp-json\/wp\/v2\/tags?post=684159"}],"curies":[{"name":"wp","href":"https:\/\/api.w.org\/{rel}","templated":true}]}}