{"id":684140,"date":"2024-10-04T11:29:41","date_gmt":"2024-10-04T09:29:41","guid":{"rendered":"https:\/\/www.uges-isere.fr\/?p=684140"},"modified":"2024-10-04T11:29:41","modified_gmt":"2024-10-04T09:29:41","slug":"pack-solaire-le-departement-doit-soutenir-les-investissements-des-communes","status":"publish","type":"post","link":"https:\/\/www.uges-isere.fr\/index.php\/2024\/10\/04\/pack-solaire-le-departement-doit-soutenir-les-investissements-des-communes\/","title":{"rendered":"Pack solaire : le D\u00e9partement doit soutenir les investissements des communes"},"content":{"rendered":"\n<p>Daniel Bessiron a salu\u00e9 la cr\u00e9ation du Pack solaire qui permet la mise en place de nouveaux dispositifs au profit des territoires pour les accompagner dans le <strong>d\u00e9veloppement des \u00e9nergies renouvelables<\/strong> qui va dans le sens de ce que nous avons pu porter \u00e0 ce sujet par le pass\u00e9 (notamment lors de la cr\u00e9ation de la soci\u00e9t\u00e9 Elegia Energie).<\/p>\n\n\n\n<p>Le d\u00e9veloppement de la fili\u00e8re solaire photovolta\u00efque s\u2019inscrit dans un contexte r\u00e9glementaire fort et ambitieux. Face aux imp\u00e9ratifs climatiques nous avons vu l\u2019\u00e9mergence de plusieurs r\u00e9glementations concernant le d\u00e9veloppement des \u00e9nergies renouvelables. Parmi ces r\u00e9glementations, la loi relative \u00e0 l\u2019acc\u00e9l\u00e9ration de la production d\u2019\u00e9nergies renouvelables (loi APER), promulgu\u00e9e le 10 mars 2023, qui met en avant l\u2019indispensable <strong>d\u00e9veloppement du solaire photovolta\u00efque comme l\u2019un des principaux leviers pour l\u2019atteinte des diff\u00e9rents objectifs de transition \u00e9cologique.<\/strong><\/p>\n\n\n\n<p>Elle introduit plusieurs obligations, dont celle d\u2019\u00e9quiper les parkings de plus de 1500 m\u00b2 d\u2019ombri\u00e8res solaires, d\u2019ici 2026 ou 2028, selon leur taille (seuil de 10 000 m\u00b2). Elle incite \u00e9galement les collectivit\u00e9s \u00e0 d\u00e9finir des zones d\u2019acc\u00e9l\u00e9ration des \u00e9nergies renouvelables, pour encourager et faciliter leur d\u00e9veloppement.<\/p>\n\n\n\n<p>Ces mesures viennent s\u2019ajouter \u00e0 diff\u00e9rentes obligations r\u00e9glementaires pr\u00e9existantes:<\/p>\n\n\n\n<ul class=\"wp-block-list\">\n<li>celles de la loi climat et r\u00e9silience de 2021, qui pr\u00e9voit l\u2019int\u00e9gration d\u2019un proc\u00e9d\u00e9 de production d\u2019\u00e9nergie renouvelable sur les b\u00e2timents neufs, en extension, ou \u00e0 r\u00e9nover, sur 30 % de leur toiture \u00e0 minima (selon le type de b\u00e2ti).<\/li>\n\n\n\n<li>celles du d\u00e9cret tertiaire de 2019, qui impose une r\u00e9duction des consommations d\u2019\u00e9nergie pouvant \u00eatre r\u00e9alis\u00e9e par l\u2019autoconsommation d\u2019une production solaire photovolta\u00efque locale par exemple.<\/li>\n<\/ul>\n\n\n\n<p>&nbsp;Il est donc important effectivement de fournir des outils et des donn\u00e9es au service des territoires et des collectivit\u00e9s.<\/p>\n\n\n\n<p>Dans ce contexte, le groupe UGES ne remet pas en cause le fait que le Pack solaire solaire permettra de favoriser le d\u00e9veloppement du solaire photovolta\u00efque en Is\u00e8re. En effet, il mettra en \u00e9vidence une connaissance fine des gisements et des potentiels \u00e0 l\u2019\u00e9chelle des toitures et des parkings en faisant ressortir la production th\u00e9orique d\u2019\u00e9lectricit\u00e9.<\/p>\n\n\n\n<p>D\u2019un point de vue op\u00e9rationnel, <strong>le dispositif que le D\u00e9partement propose prend la forme d\u2019un r\u00e9seau d\u2019acteurs et de conseillers au sein de plusieurs structures (CRAIG , TE38, AGEDEM\u2026) aupr\u00e8s des collectivit\u00e9s<\/strong> n\u2019ayant pas ou peu de moyens humains et techniques pour r\u00e9pondre aux enjeux de d\u00e9veloppement des fili\u00e8res solaire photovolta\u00efque et ceci est une bonne chose.<\/p>\n\n\n\n<p>Mais devant l\u2019urgence et l\u2019ampleur de la t\u00e2che pour les collectivit\u00e9s locales, <strong>le groupe UGES aurait souhait\u00e9 que le D\u00e9partement de l\u2019Is\u00e8re soit plus ambitieux et qu\u2019il puisse mettre en place des dispositifs de soutien financier pour les \u00e9tudes pr\u00e9alables et les installations \u00e0 r\u00e9aliser<\/strong>. En s\u2019inspirant de ce que le D\u00e9partement de l\u2019Is\u00e8re a \u00e9t\u00e9 en capacit\u00e9 de faire au niveau des plans Ecoles, piscines ou contrats de chaleur renouvelable, m\u00e9thanisation\u2026<\/p>\n\n\n\n<p>Consid\u00e9rant les probl\u00e9matiques de r\u00e9chauffement climatique et d&rsquo;\u00e9puisement des ressources \u00e9nerg\u00e9tiques, les acteurs locaux, dont les collectivit\u00e9s, jouent un r\u00f4le primordial dans la transition \u00e9nerg\u00e9tique et dans la n\u00e9cessit\u00e9 de construire notre ind\u00e9pendance \u00e9nerg\u00e9tique en Is\u00e8re. Et la production d\u2019\u00e9nergie devient une ressource majeure dont il convient de capter au mieux les retomb\u00e9es.<\/p>\n\n\n\n<p><strong>Le D\u00e9partement de l\u2019Is\u00e8re devrait \u00eatre un acteur majeur capable d\u2019accompagner les collectivit\u00e9s \u00e0 toutes les \u00e9tapes, il en va de notre avenir \u00e9nerg\u00e9tique et de notre ind\u00e9pendance.<\/strong><\/p>\n","protected":false},"excerpt":{"rendered":"<p>Daniel Bessiron a salu\u00e9 la cr\u00e9ation du Pack solaire qui permet la mise en place de nouveaux dispositifs &hellip; <\/p>\n","protected":false},"author":8,"featured_media":684141,"comment_status":"open","ping_status":"open","sticky":false,"template":"","format":"standard","meta":{"footnotes":""},"categories":[12,315],"tags":[],"class_list":["post-684140","post","type-post","status-publish","format-standard","has-post-thumbnail","hentry","category-environnement-et-transition-ecologique","category-seance-publique-septembre-2024"],"yoast_head":"<!-- This site is optimized with the Yoast SEO plugin v27.5 - https:\/\/yoast.com\/product\/yoast-seo-wordpress\/ -->\n<title>Pack solaire : le D\u00e9partement doit soutenir les investissements des communes - D\u00e9partement de l&#039;Is\u00e8re<\/title>\n<meta name=\"robots\" content=\"index, follow, max-snippet:-1, max-image-preview:large, max-video-preview:-1\" \/>\n<link rel=\"canonical\" href=\"https:\/\/www.uges-isere.fr\/index.php\/2024\/10\/04\/pack-solaire-le-departement-doit-soutenir-les-investissements-des-communes\/\" \/>\n<meta property=\"og:locale\" content=\"fr_FR\" \/>\n<meta property=\"og:type\" content=\"article\" \/>\n<meta property=\"og:title\" content=\"Pack solaire : le D\u00e9partement doit soutenir les investissements des communes - D\u00e9partement de l&#039;Is\u00e8re\" \/>\n<meta property=\"og:description\" content=\"Daniel Bessiron a salu\u00e9 la cr\u00e9ation du Pack solaire qui permet la mise en place de nouveaux dispositifs &hellip;\" \/>\n<meta property=\"og:url\" content=\"https:\/\/www.uges-isere.fr\/index.php\/2024\/10\/04\/pack-solaire-le-departement-doit-soutenir-les-investissements-des-communes\/\" \/>\n<meta property=\"og:site_name\" content=\"D\u00e9partement de l&#039;Is\u00e8re\" \/>\n<meta property=\"article:publisher\" content=\"https:\/\/www.facebook.com\/LePrintemps38\" \/>\n<meta property=\"article:published_time\" content=\"2024-10-04T09:29:41+00:00\" \/>\n<meta property=\"og:image\" content=\"https:\/\/www.uges-isere.fr\/wp-content\/uploads\/2024\/10\/solar-4824604_1280.jpg\" \/>\n\t<meta property=\"og:image:width\" content=\"1280\" \/>\n\t<meta property=\"og:image:height\" content=\"959\" \/>\n\t<meta property=\"og:image:type\" content=\"image\/jpeg\" \/>\n<meta name=\"author\" content=\"ThibaudUGES38\" \/>\n<meta name=\"twitter:card\" content=\"summary_large_image\" \/>\n<meta name=\"twitter:creator\" content=\"@GroupeUGES38\" \/>\n<meta name=\"twitter:site\" content=\"@GroupeUGES38\" \/>\n<meta name=\"twitter:label1\" content=\"\u00c9crit par\" \/>\n\t<meta name=\"twitter:data1\" content=\"ThibaudUGES38\" \/>\n\t<meta name=\"twitter:label2\" content=\"Dur\u00e9e de lecture estim\u00e9e\" \/>\n\t<meta name=\"twitter:data2\" content=\"3 minutes\" \/>\n<script type=\"application\/ld+json\" class=\"yoast-schema-graph\">{\"@context\":\"https:\\\/\\\/schema.org\",\"@graph\":[{\"@type\":\"Article\",\"@id\":\"https:\\\/\\\/www.uges-isere.fr\\\/index.php\\\/2024\\\/10\\\/04\\\/pack-solaire-le-departement-doit-soutenir-les-investissements-des-communes\\\/#article\",\"isPartOf\":{\"@id\":\"https:\\\/\\\/www.uges-isere.fr\\\/index.php\\\/2024\\\/10\\\/04\\\/pack-solaire-le-departement-doit-soutenir-les-investissements-des-communes\\\/\"},\"author\":{\"name\":\"ThibaudUGES38\",\"@id\":\"https:\\\/\\\/www.uges-isere.fr\\\/#\\\/schema\\\/person\\\/a200926d67119314e8837b6a085de83a\"},\"headline\":\"Pack solaire : le D\u00e9partement doit soutenir les investissements des communes\",\"datePublished\":\"2024-10-04T09:29:41+00:00\",\"mainEntityOfPage\":{\"@id\":\"https:\\\/\\\/www.uges-isere.fr\\\/index.php\\\/2024\\\/10\\\/04\\\/pack-solaire-le-departement-doit-soutenir-les-investissements-des-communes\\\/\"},\"wordCount\":644,\"commentCount\":0,\"publisher\":{\"@id\":\"https:\\\/\\\/www.uges-isere.fr\\\/#organization\"},\"image\":{\"@id\":\"https:\\\/\\\/www.uges-isere.fr\\\/index.php\\\/2024\\\/10\\\/04\\\/pack-solaire-le-departement-doit-soutenir-les-investissements-des-communes\\\/#primaryimage\"},\"thumbnailUrl\":\"https:\\\/\\\/www.uges-isere.fr\\\/wp-content\\\/uploads\\\/2024\\\/10\\\/solar-4824604_1280.jpg\",\"articleSection\":[\"Environnement et transition \u00e9cologique\",\"S\u00e9ance publique - Septembre 2024\"],\"inLanguage\":\"fr-FR\",\"potentialAction\":[{\"@type\":\"CommentAction\",\"name\":\"Comment\",\"target\":[\"https:\\\/\\\/www.uges-isere.fr\\\/index.php\\\/2024\\\/10\\\/04\\\/pack-solaire-le-departement-doit-soutenir-les-investissements-des-communes\\\/#respond\"]}]},{\"@type\":\"WebPage\",\"@id\":\"https:\\\/\\\/www.uges-isere.fr\\\/index.php\\\/2024\\\/10\\\/04\\\/pack-solaire-le-departement-doit-soutenir-les-investissements-des-communes\\\/\",\"url\":\"https:\\\/\\\/www.uges-isere.fr\\\/index.php\\\/2024\\\/10\\\/04\\\/pack-solaire-le-departement-doit-soutenir-les-investissements-des-communes\\\/\",\"name\":\"Pack solaire : le D\u00e9partement doit soutenir les investissements des communes - D\u00e9partement de l&#039;Is\u00e8re\",\"isPartOf\":{\"@id\":\"https:\\\/\\\/www.uges-isere.fr\\\/#website\"},\"primaryImageOfPage\":{\"@id\":\"https:\\\/\\\/www.uges-isere.fr\\\/index.php\\\/2024\\\/10\\\/04\\\/pack-solaire-le-departement-doit-soutenir-les-investissements-des-communes\\\/#primaryimage\"},\"image\":{\"@id\":\"https:\\\/\\\/www.uges-isere.fr\\\/index.php\\\/2024\\\/10\\\/04\\\/pack-solaire-le-departement-doit-soutenir-les-investissements-des-communes\\\/#primaryimage\"},\"thumbnailUrl\":\"https:\\\/\\\/www.uges-isere.fr\\\/wp-content\\\/uploads\\\/2024\\\/10\\\/solar-4824604_1280.jpg\",\"datePublished\":\"2024-10-04T09:29:41+00:00\",\"breadcrumb\":{\"@id\":\"https:\\\/\\\/www.uges-isere.fr\\\/index.php\\\/2024\\\/10\\\/04\\\/pack-solaire-le-departement-doit-soutenir-les-investissements-des-communes\\\/#breadcrumb\"},\"inLanguage\":\"fr-FR\",\"potentialAction\":[{\"@type\":\"ReadAction\",\"target\":[\"https:\\\/\\\/www.uges-isere.fr\\\/index.php\\\/2024\\\/10\\\/04\\\/pack-solaire-le-departement-doit-soutenir-les-investissements-des-communes\\\/\"]}]},{\"@type\":\"ImageObject\",\"inLanguage\":\"fr-FR\",\"@id\":\"https:\\\/\\\/www.uges-isere.fr\\\/index.php\\\/2024\\\/10\\\/04\\\/pack-solaire-le-departement-doit-soutenir-les-investissements-des-communes\\\/#primaryimage\",\"url\":\"https:\\\/\\\/www.uges-isere.fr\\\/wp-content\\\/uploads\\\/2024\\\/10\\\/solar-4824604_1280.jpg\",\"contentUrl\":\"https:\\\/\\\/www.uges-isere.fr\\\/wp-content\\\/uploads\\\/2024\\\/10\\\/solar-4824604_1280.jpg\",\"width\":1280,\"height\":959},{\"@type\":\"BreadcrumbList\",\"@id\":\"https:\\\/\\\/www.uges-isere.fr\\\/index.php\\\/2024\\\/10\\\/04\\\/pack-solaire-le-departement-doit-soutenir-les-investissements-des-communes\\\/#breadcrumb\",\"itemListElement\":[{\"@type\":\"ListItem\",\"position\":1,\"name\":\"Accueil\",\"item\":\"https:\\\/\\\/www.uges-isere.fr\\\/\"},{\"@type\":\"ListItem\",\"position\":2,\"name\":\"Pack solaire : le D\u00e9partement doit soutenir les investissements des communes\"}]},{\"@type\":\"WebSite\",\"@id\":\"https:\\\/\\\/www.uges-isere.fr\\\/#website\",\"url\":\"https:\\\/\\\/www.uges-isere.fr\\\/\",\"name\":\"D\u00e9partement de l&#039;Is\u00e8re\",\"description\":\"Groupe d&#039;opposition UGES\",\"publisher\":{\"@id\":\"https:\\\/\\\/www.uges-isere.fr\\\/#organization\"},\"potentialAction\":[{\"@type\":\"SearchAction\",\"target\":{\"@type\":\"EntryPoint\",\"urlTemplate\":\"https:\\\/\\\/www.uges-isere.fr\\\/?s={search_term_string}\"},\"query-input\":{\"@type\":\"PropertyValueSpecification\",\"valueRequired\":true,\"valueName\":\"search_term_string\"}}],\"inLanguage\":\"fr-FR\"},{\"@type\":\"Organization\",\"@id\":\"https:\\\/\\\/www.uges-isere.fr\\\/#organization\",\"name\":\"D\u00e9partement de l'Is\u00e8re\",\"url\":\"https:\\\/\\\/www.uges-isere.fr\\\/\",\"logo\":{\"@type\":\"ImageObject\",\"inLanguage\":\"fr-FR\",\"@id\":\"https:\\\/\\\/www.uges-isere.fr\\\/#\\\/schema\\\/logo\\\/image\\\/\",\"url\":\"https:\\\/\\\/www.uges-isere.fr\\\/wp-content\\\/uploads\\\/2021\\\/10\\\/logo-ok.png\",\"contentUrl\":\"https:\\\/\\\/www.uges-isere.fr\\\/wp-content\\\/uploads\\\/2021\\\/10\\\/logo-ok.png\",\"width\":2859,\"height\":1816,\"caption\":\"D\u00e9partement de l'Is\u00e8re\"},\"image\":{\"@id\":\"https:\\\/\\\/www.uges-isere.fr\\\/#\\\/schema\\\/logo\\\/image\\\/\"},\"sameAs\":[\"https:\\\/\\\/www.facebook.com\\\/LePrintemps38\",\"https:\\\/\\\/x.com\\\/GroupeUGES38\"]},{\"@type\":\"Person\",\"@id\":\"https:\\\/\\\/www.uges-isere.fr\\\/#\\\/schema\\\/person\\\/a200926d67119314e8837b6a085de83a\",\"name\":\"ThibaudUGES38\",\"image\":{\"@type\":\"ImageObject\",\"inLanguage\":\"fr-FR\",\"@id\":\"https:\\\/\\\/secure.gravatar.com\\\/avatar\\\/e182ebfe597e409aafe3378f828607b2b757ed94a3489b20112818296e03b151?s=96&d=mm&r=g\",\"url\":\"https:\\\/\\\/secure.gravatar.com\\\/avatar\\\/e182ebfe597e409aafe3378f828607b2b757ed94a3489b20112818296e03b151?s=96&d=mm&r=g\",\"contentUrl\":\"https:\\\/\\\/secure.gravatar.com\\\/avatar\\\/e182ebfe597e409aafe3378f828607b2b757ed94a3489b20112818296e03b151?s=96&d=mm&r=g\",\"caption\":\"ThibaudUGES38\"},\"url\":\"https:\\\/\\\/www.uges-isere.fr\\\/index.php\\\/author\\\/thibauduges38\\\/\"}]}<\/script>\n<!-- \/ Yoast SEO plugin. -->","yoast_head_json":{"title":"Pack solaire : le D\u00e9partement doit soutenir les investissements des communes - D\u00e9partement de l&#039;Is\u00e8re","robots":{"index":"index","follow":"follow","max-snippet":"max-snippet:-1","max-image-preview":"max-image-preview:large","max-video-preview":"max-video-preview:-1"},"canonical":"https:\/\/www.uges-isere.fr\/index.php\/2024\/10\/04\/pack-solaire-le-departement-doit-soutenir-les-investissements-des-communes\/","og_locale":"fr_FR","og_type":"article","og_title":"Pack solaire : le D\u00e9partement doit soutenir les investissements des communes - D\u00e9partement de l&#039;Is\u00e8re","og_description":"Daniel Bessiron a salu\u00e9 la cr\u00e9ation du Pack solaire qui permet la mise en place de nouveaux dispositifs &hellip;","og_url":"https:\/\/www.uges-isere.fr\/index.php\/2024\/10\/04\/pack-solaire-le-departement-doit-soutenir-les-investissements-des-communes\/","og_site_name":"D\u00e9partement de l&#039;Is\u00e8re","article_publisher":"https:\/\/www.facebook.com\/LePrintemps38","article_published_time":"2024-10-04T09:29:41+00:00","og_image":[{"width":1280,"height":959,"url":"https:\/\/www.uges-isere.fr\/wp-content\/uploads\/2024\/10\/solar-4824604_1280.jpg","type":"image\/jpeg"}],"author":"ThibaudUGES38","twitter_card":"summary_large_image","twitter_creator":"@GroupeUGES38","twitter_site":"@GroupeUGES38","twitter_misc":{"\u00c9crit par":"ThibaudUGES38","Dur\u00e9e de lecture estim\u00e9e":"3 minutes"},"schema":{"@context":"https:\/\/schema.org","@graph":[{"@type":"Article","@id":"https:\/\/www.uges-isere.fr\/index.php\/2024\/10\/04\/pack-solaire-le-departement-doit-soutenir-les-investissements-des-communes\/#article","isPartOf":{"@id":"https:\/\/www.uges-isere.fr\/index.php\/2024\/10\/04\/pack-solaire-le-departement-doit-soutenir-les-investissements-des-communes\/"},"author":{"name":"ThibaudUGES38","@id":"https:\/\/www.uges-isere.fr\/#\/schema\/person\/a200926d67119314e8837b6a085de83a"},"headline":"Pack solaire : le D\u00e9partement doit soutenir les investissements des communes","datePublished":"2024-10-04T09:29:41+00:00","mainEntityOfPage":{"@id":"https:\/\/www.uges-isere.fr\/index.php\/2024\/10\/04\/pack-solaire-le-departement-doit-soutenir-les-investissements-des-communes\/"},"wordCount":644,"commentCount":0,"publisher":{"@id":"https:\/\/www.uges-isere.fr\/#organization"},"image":{"@id":"https:\/\/www.uges-isere.fr\/index.php\/2024\/10\/04\/pack-solaire-le-departement-doit-soutenir-les-investissements-des-communes\/#primaryimage"},"thumbnailUrl":"https:\/\/www.uges-isere.fr\/wp-content\/uploads\/2024\/10\/solar-4824604_1280.jpg","articleSection":["Environnement et transition \u00e9cologique","S\u00e9ance publique - Septembre 2024"],"inLanguage":"fr-FR","potentialAction":[{"@type":"CommentAction","name":"Comment","target":["https:\/\/www.uges-isere.fr\/index.php\/2024\/10\/04\/pack-solaire-le-departement-doit-soutenir-les-investissements-des-communes\/#respond"]}]},{"@type":"WebPage","@id":"https:\/\/www.uges-isere.fr\/index.php\/2024\/10\/04\/pack-solaire-le-departement-doit-soutenir-les-investissements-des-communes\/","url":"https:\/\/www.uges-isere.fr\/index.php\/2024\/10\/04\/pack-solaire-le-departement-doit-soutenir-les-investissements-des-communes\/","name":"Pack solaire : le D\u00e9partement doit soutenir les investissements des communes - D\u00e9partement de l&#039;Is\u00e8re","isPartOf":{"@id":"https:\/\/www.uges-isere.fr\/#website"},"primaryImageOfPage":{"@id":"https:\/\/www.uges-isere.fr\/index.php\/2024\/10\/04\/pack-solaire-le-departement-doit-soutenir-les-investissements-des-communes\/#primaryimage"},"image":{"@id":"https:\/\/www.uges-isere.fr\/index.php\/2024\/10\/04\/pack-solaire-le-departement-doit-soutenir-les-investissements-des-communes\/#primaryimage"},"thumbnailUrl":"https:\/\/www.uges-isere.fr\/wp-content\/uploads\/2024\/10\/solar-4824604_1280.jpg","datePublished":"2024-10-04T09:29:41+00:00","breadcrumb":{"@id":"https:\/\/www.uges-isere.fr\/index.php\/2024\/10\/04\/pack-solaire-le-departement-doit-soutenir-les-investissements-des-communes\/#breadcrumb"},"inLanguage":"fr-FR","potentialAction":[{"@type":"ReadAction","target":["https:\/\/www.uges-isere.fr\/index.php\/2024\/10\/04\/pack-solaire-le-departement-doit-soutenir-les-investissements-des-communes\/"]}]},{"@type":"ImageObject","inLanguage":"fr-FR","@id":"https:\/\/www.uges-isere.fr\/index.php\/2024\/10\/04\/pack-solaire-le-departement-doit-soutenir-les-investissements-des-communes\/#primaryimage","url":"https:\/\/www.uges-isere.fr\/wp-content\/uploads\/2024\/10\/solar-4824604_1280.jpg","contentUrl":"https:\/\/www.uges-isere.fr\/wp-content\/uploads\/2024\/10\/solar-4824604_1280.jpg","width":1280,"height":959},{"@type":"BreadcrumbList","@id":"https:\/\/www.uges-isere.fr\/index.php\/2024\/10\/04\/pack-solaire-le-departement-doit-soutenir-les-investissements-des-communes\/#breadcrumb","itemListElement":[{"@type":"ListItem","position":1,"name":"Accueil","item":"https:\/\/www.uges-isere.fr\/"},{"@type":"ListItem","position":2,"name":"Pack solaire : le D\u00e9partement doit soutenir les investissements des communes"}]},{"@type":"WebSite","@id":"https:\/\/www.uges-isere.fr\/#website","url":"https:\/\/www.uges-isere.fr\/","name":"D\u00e9partement de l&#039;Is\u00e8re","description":"Groupe d&#039;opposition UGES","publisher":{"@id":"https:\/\/www.uges-isere.fr\/#organization"},"potentialAction":[{"@type":"SearchAction","target":{"@type":"EntryPoint","urlTemplate":"https:\/\/www.uges-isere.fr\/?s={search_term_string}"},"query-input":{"@type":"PropertyValueSpecification","valueRequired":true,"valueName":"search_term_string"}}],"inLanguage":"fr-FR"},{"@type":"Organization","@id":"https:\/\/www.uges-isere.fr\/#organization","name":"D\u00e9partement de l'Is\u00e8re","url":"https:\/\/www.uges-isere.fr\/","logo":{"@type":"ImageObject","inLanguage":"fr-FR","@id":"https:\/\/www.uges-isere.fr\/#\/schema\/logo\/image\/","url":"https:\/\/www.uges-isere.fr\/wp-content\/uploads\/2021\/10\/logo-ok.png","contentUrl":"https:\/\/www.uges-isere.fr\/wp-content\/uploads\/2021\/10\/logo-ok.png","width":2859,"height":1816,"caption":"D\u00e9partement de l'Is\u00e8re"},"image":{"@id":"https:\/\/www.uges-isere.fr\/#\/schema\/logo\/image\/"},"sameAs":["https:\/\/www.facebook.com\/LePrintemps38","https:\/\/x.com\/GroupeUGES38"]},{"@type":"Person","@id":"https:\/\/www.uges-isere.fr\/#\/schema\/person\/a200926d67119314e8837b6a085de83a","name":"ThibaudUGES38","image":{"@type":"ImageObject","inLanguage":"fr-FR","@id":"https:\/\/secure.gravatar.com\/avatar\/e182ebfe597e409aafe3378f828607b2b757ed94a3489b20112818296e03b151?s=96&d=mm&r=g","url":"https:\/\/secure.gravatar.com\/avatar\/e182ebfe597e409aafe3378f828607b2b757ed94a3489b20112818296e03b151?s=96&d=mm&r=g","contentUrl":"https:\/\/secure.gravatar.com\/avatar\/e182ebfe597e409aafe3378f828607b2b757ed94a3489b20112818296e03b151?s=96&d=mm&r=g","caption":"ThibaudUGES38"},"url":"https:\/\/www.uges-isere.fr\/index.php\/author\/thibauduges38\/"}]}},"_links":{"self":[{"href":"https:\/\/www.uges-isere.fr\/index.php\/wp-json\/wp\/v2\/posts\/684140","targetHints":{"allow":["GET"]}}],"collection":[{"href":"https:\/\/www.uges-isere.fr\/index.php\/wp-json\/wp\/v2\/posts"}],"about":[{"href":"https:\/\/www.uges-isere.fr\/index.php\/wp-json\/wp\/v2\/types\/post"}],"author":[{"embeddable":true,"href":"https:\/\/www.uges-isere.fr\/index.php\/wp-json\/wp\/v2\/users\/8"}],"replies":[{"embeddable":true,"href":"https:\/\/www.uges-isere.fr\/index.php\/wp-json\/wp\/v2\/comments?post=684140"}],"version-history":[{"count":1,"href":"https:\/\/www.uges-isere.fr\/index.php\/wp-json\/wp\/v2\/posts\/684140\/revisions"}],"predecessor-version":[{"id":684142,"href":"https:\/\/www.uges-isere.fr\/index.php\/wp-json\/wp\/v2\/posts\/684140\/revisions\/684142"}],"wp:featuredmedia":[{"embeddable":true,"href":"https:\/\/www.uges-isere.fr\/index.php\/wp-json\/wp\/v2\/media\/684141"}],"wp:attachment":[{"href":"https:\/\/www.uges-isere.fr\/index.php\/wp-json\/wp\/v2\/media?parent=684140"}],"wp:term":[{"taxonomy":"category","embeddable":true,"href":"https:\/\/www.uges-isere.fr\/index.php\/wp-json\/wp\/v2\/categories?post=684140"},{"taxonomy":"post_tag","embeddable":true,"href":"https:\/\/www.uges-isere.fr\/index.php\/wp-json\/wp\/v2\/tags?post=684140"}],"curies":[{"name":"wp","href":"https:\/\/api.w.org\/{rel}","templated":true}]}}