{"id":684138,"date":"2024-10-04T11:20:22","date_gmt":"2024-10-04T09:20:22","guid":{"rendered":"https:\/\/www.uges-isere.fr\/?p=684138"},"modified":"2024-10-04T11:20:22","modified_gmt":"2024-10-04T09:20:22","slug":"rer-metropolitain-le-departement-doit-maintenant-sengager","status":"publish","type":"post","link":"https:\/\/www.uges-isere.fr\/index.php\/2024\/10\/04\/rer-metropolitain-le-departement-doit-maintenant-sengager\/","title":{"rendered":"RER M\u00e9tropolitain : le D\u00e9partement doit maintenant s&rsquo;engager"},"content":{"rendered":"\n<p><strong><em>Daniel Bessiron a point\u00e9 l&rsquo;absence d&rsquo;ambition sur les mobilit\u00e9s dans la strat\u00e9gie d\u00e9partementale \u00ab\u00a0Is\u00e8re Durable\u00a0\u00bb. Au nom du groupe UGES il a interpell\u00e9 le Pr\u00e9sident du D\u00e9partement pour que la collectivit\u00e9 s&rsquo;engage pleinement dans le projet de RER M\u00e9tropolitain. <\/em><\/strong><\/p>\n\n\n\n<p>Dans la strat\u00e9gie \u00ab Is\u00e8re Durable \u00bb et la \u00ab\u00a0boussole des transitions\u00a0\u00bb, le D\u00e9partement souhaiterait \u00ab\u00a0favoriser une mobilit\u00e9 d\u00e9carbonn\u00e9e\u00a0\u00bb. Nous partageons cet objectif dans l\u2019int\u00e9r\u00eat des Is\u00e8roises et des Is\u00e9rois et cette n\u00e9cessit\u00e9 d\u2019agir \u00e0 l\u2019\u00e9chelle d\u00e9partementale, Intercommunale et locale.<\/p>\n\n\n\n<p>R\u00e9pondre \u00e0 ce besoin, c\u2019est avant tout assurer un d\u00e9veloppement adapt\u00e9 et \u00e9quitable sur l\u2019ensemble du D\u00e9partement en priorisant \u00e0 la fois les enjeux de changements climatiques, soci\u00e9taux dans une dynamique de solidarit\u00e9. Car nous le savons, <strong>les d\u00e9placements domicile-travail en particulier, n\u00e9cessitent aussi le besoin d&rsquo;une offre multimodale structur\u00e9e autour des dessertes ferroviaires ou de transports collectifs.<\/strong><\/p>\n\n\n\n<p>Dans la G<strong>rande Aire Urbaine Grenobloise, il est indispensable que les diff\u00e9rents acteurs portent pleinement le projet attendu par toutes et tous de RER ou de SERM<\/strong> (ainsi rebaptis\u00e9 en 2022 : Services express r\u00e9gionaux m\u00e9tropolitains). Cette offre ferroviaire doit \u00eatre d\u00e9velopp\u00e9e, elle permettra une alternative efficace pour les nombreux automobilistes, notamment ceux qui chaque jours viennent des secteurs p\u00e9ri-urbains et ruraux pour travailler.<\/p>\n\n\n\n<p>Ce projet doit permettre la cr\u00e9ation de trois lignes de Service Express M\u00e9tropolitain (SEM) avec un phasage dans la mise en service qui devrait s\u2019\u00e9chelonner entre 2028 et 2035 :<\/p>\n\n\n\n<ul class=\"wp-block-list\">\n<li>Rives \u2013 Brignoud (un train tous les \u00bc d\u2019heure en heures de pointe)<\/li>\n\n\n\n<li>Clelles \u2013 Grenoble (un train toutes les \u00bd heure en heures de pointe)<\/li>\n\n\n\n<li>Saint-Marcellin \u2013 Gi\u00e8res (un train toutes les \u00bd heure en heures de pointe)<\/li>\n\n\n\n<li>En parall\u00e8le, le renforcement de dessertes TER est \u00e9galement pr\u00e9vu (vers Chamb\u00e9ry et Saint-Andr\u00e9-le-Gaz).<\/li>\n<\/ul>\n\n\n\n<p>Alors certes, nous avons bien conscience que le D\u00e9partement de l\u2019Is\u00e8re n\u2019est pas en premi\u00e8re ligne puisqu\u2019il n\u2019a pas cette comp\u00e9tence mais il repr\u00e9sente un acteur majeur au niveau des partenaires aux c\u00f4t\u00e9s de l\u2019Etat, de la R\u00e9gion Auvergne-Rh\u00f4ne-Alpes, de Grenoble Alpes M\u00e9tropole, de la Communaut\u00e9 de Communes du gr\u00e9sivaudan, de la communaut\u00e9 d\u2019Agglom\u00e9ration du pays Voironnais et du SMMAG.<\/p>\n\n\n\n<p>Au vu des difficult\u00e9s de circulation que nous connaissons dans l\u2019aire grenobloise, des objectifs de report modal et de d\u00e9carbonation, le RER m\u00e9tropolitain est une n\u00e9cessit\u00e9. Il est aussi \u00e0 noter que ce projet est soutenu par de tr\u00e8s nombreuses collectivit\u00e9s et entreprises du territoire.<\/p>\n\n\n\n<p><strong>C\u2019est pourquoi nous aurions souhait\u00e9 que le D\u00e9partement de l\u2019Is\u00e8re r\u00e9affirme dans ce rapport intitul\u00e9 \u00ab Is\u00e8re Durable \u00bb, son indispensable volont\u00e9 de voir \u00e9merger un RER M\u00e9tropolitain.<\/strong><\/p>\n","protected":false},"excerpt":{"rendered":"<p>Daniel Bessiron a point\u00e9 l&rsquo;absence d&rsquo;ambition sur les mobilit\u00e9s dans la strat\u00e9gie d\u00e9partementale \u00ab\u00a0Is\u00e8re Durable\u00a0\u00bb. Au nom du &hellip; <\/p>\n","protected":false},"author":8,"featured_media":683900,"comment_status":"open","ping_status":"open","sticky":false,"template":"","format":"standard","meta":{"footnotes":""},"categories":[12,315],"tags":[],"class_list":["post-684138","post","type-post","status-publish","format-standard","has-post-thumbnail","hentry","category-environnement-et-transition-ecologique","category-seance-publique-septembre-2024"],"yoast_head":"<!-- This site is optimized with the Yoast SEO plugin v27.5 - https:\/\/yoast.com\/product\/yoast-seo-wordpress\/ -->\n<title>RER M\u00e9tropolitain : le D\u00e9partement doit maintenant s&#039;engager - D\u00e9partement de l&#039;Is\u00e8re<\/title>\n<meta name=\"robots\" content=\"index, follow, max-snippet:-1, max-image-preview:large, max-video-preview:-1\" \/>\n<link rel=\"canonical\" href=\"https:\/\/www.uges-isere.fr\/index.php\/2024\/10\/04\/rer-metropolitain-le-departement-doit-maintenant-sengager\/\" \/>\n<meta property=\"og:locale\" content=\"fr_FR\" \/>\n<meta property=\"og:type\" content=\"article\" \/>\n<meta property=\"og:title\" content=\"RER M\u00e9tropolitain : le D\u00e9partement doit maintenant s&#039;engager - D\u00e9partement de l&#039;Is\u00e8re\" \/>\n<meta property=\"og:description\" content=\"Daniel Bessiron a point\u00e9 l&rsquo;absence d&rsquo;ambition sur les mobilit\u00e9s dans la strat\u00e9gie d\u00e9partementale \u00ab\u00a0Is\u00e8re Durable\u00a0\u00bb. Au nom du &hellip;\" \/>\n<meta property=\"og:url\" content=\"https:\/\/www.uges-isere.fr\/index.php\/2024\/10\/04\/rer-metropolitain-le-departement-doit-maintenant-sengager\/\" \/>\n<meta property=\"og:site_name\" content=\"D\u00e9partement de l&#039;Is\u00e8re\" \/>\n<meta property=\"article:publisher\" content=\"https:\/\/www.facebook.com\/LePrintemps38\" \/>\n<meta property=\"article:published_time\" content=\"2024-10-04T09:20:22+00:00\" \/>\n<meta property=\"og:image\" content=\"https:\/\/www.uges-isere.fr\/wp-content\/uploads\/2023\/12\/TER_2N_NG_TER_Auvergne-Rhone-Alpes_Lyon-Part-Dieu-scaled.jpg\" \/>\n\t<meta property=\"og:image:width\" content=\"2560\" \/>\n\t<meta property=\"og:image:height\" content=\"1920\" \/>\n\t<meta property=\"og:image:type\" content=\"image\/jpeg\" \/>\n<meta name=\"author\" content=\"ThibaudUGES38\" \/>\n<meta name=\"twitter:card\" content=\"summary_large_image\" \/>\n<meta name=\"twitter:creator\" content=\"@GroupeUGES38\" \/>\n<meta name=\"twitter:site\" content=\"@GroupeUGES38\" \/>\n<meta name=\"twitter:label1\" content=\"\u00c9crit par\" \/>\n\t<meta name=\"twitter:data1\" content=\"ThibaudUGES38\" \/>\n\t<meta name=\"twitter:label2\" content=\"Dur\u00e9e de lecture estim\u00e9e\" \/>\n\t<meta name=\"twitter:data2\" content=\"3 minutes\" \/>\n<script type=\"application\/ld+json\" class=\"yoast-schema-graph\">{\"@context\":\"https:\\\/\\\/schema.org\",\"@graph\":[{\"@type\":\"Article\",\"@id\":\"https:\\\/\\\/www.uges-isere.fr\\\/index.php\\\/2024\\\/10\\\/04\\\/rer-metropolitain-le-departement-doit-maintenant-sengager\\\/#article\",\"isPartOf\":{\"@id\":\"https:\\\/\\\/www.uges-isere.fr\\\/index.php\\\/2024\\\/10\\\/04\\\/rer-metropolitain-le-departement-doit-maintenant-sengager\\\/\"},\"author\":{\"name\":\"ThibaudUGES38\",\"@id\":\"https:\\\/\\\/www.uges-isere.fr\\\/#\\\/schema\\\/person\\\/a200926d67119314e8837b6a085de83a\"},\"headline\":\"RER M\u00e9tropolitain : le D\u00e9partement doit maintenant s&rsquo;engager\",\"datePublished\":\"2024-10-04T09:20:22+00:00\",\"mainEntityOfPage\":{\"@id\":\"https:\\\/\\\/www.uges-isere.fr\\\/index.php\\\/2024\\\/10\\\/04\\\/rer-metropolitain-le-departement-doit-maintenant-sengager\\\/\"},\"wordCount\":484,\"commentCount\":0,\"publisher\":{\"@id\":\"https:\\\/\\\/www.uges-isere.fr\\\/#organization\"},\"image\":{\"@id\":\"https:\\\/\\\/www.uges-isere.fr\\\/index.php\\\/2024\\\/10\\\/04\\\/rer-metropolitain-le-departement-doit-maintenant-sengager\\\/#primaryimage\"},\"thumbnailUrl\":\"https:\\\/\\\/www.uges-isere.fr\\\/wp-content\\\/uploads\\\/2023\\\/12\\\/TER_2N_NG_TER_Auvergne-Rhone-Alpes_Lyon-Part-Dieu-scaled.jpg\",\"articleSection\":[\"Environnement et transition \u00e9cologique\",\"S\u00e9ance publique - Septembre 2024\"],\"inLanguage\":\"fr-FR\",\"potentialAction\":[{\"@type\":\"CommentAction\",\"name\":\"Comment\",\"target\":[\"https:\\\/\\\/www.uges-isere.fr\\\/index.php\\\/2024\\\/10\\\/04\\\/rer-metropolitain-le-departement-doit-maintenant-sengager\\\/#respond\"]}]},{\"@type\":\"WebPage\",\"@id\":\"https:\\\/\\\/www.uges-isere.fr\\\/index.php\\\/2024\\\/10\\\/04\\\/rer-metropolitain-le-departement-doit-maintenant-sengager\\\/\",\"url\":\"https:\\\/\\\/www.uges-isere.fr\\\/index.php\\\/2024\\\/10\\\/04\\\/rer-metropolitain-le-departement-doit-maintenant-sengager\\\/\",\"name\":\"RER M\u00e9tropolitain : le D\u00e9partement doit maintenant s'engager - D\u00e9partement de l&#039;Is\u00e8re\",\"isPartOf\":{\"@id\":\"https:\\\/\\\/www.uges-isere.fr\\\/#website\"},\"primaryImageOfPage\":{\"@id\":\"https:\\\/\\\/www.uges-isere.fr\\\/index.php\\\/2024\\\/10\\\/04\\\/rer-metropolitain-le-departement-doit-maintenant-sengager\\\/#primaryimage\"},\"image\":{\"@id\":\"https:\\\/\\\/www.uges-isere.fr\\\/index.php\\\/2024\\\/10\\\/04\\\/rer-metropolitain-le-departement-doit-maintenant-sengager\\\/#primaryimage\"},\"thumbnailUrl\":\"https:\\\/\\\/www.uges-isere.fr\\\/wp-content\\\/uploads\\\/2023\\\/12\\\/TER_2N_NG_TER_Auvergne-Rhone-Alpes_Lyon-Part-Dieu-scaled.jpg\",\"datePublished\":\"2024-10-04T09:20:22+00:00\",\"breadcrumb\":{\"@id\":\"https:\\\/\\\/www.uges-isere.fr\\\/index.php\\\/2024\\\/10\\\/04\\\/rer-metropolitain-le-departement-doit-maintenant-sengager\\\/#breadcrumb\"},\"inLanguage\":\"fr-FR\",\"potentialAction\":[{\"@type\":\"ReadAction\",\"target\":[\"https:\\\/\\\/www.uges-isere.fr\\\/index.php\\\/2024\\\/10\\\/04\\\/rer-metropolitain-le-departement-doit-maintenant-sengager\\\/\"]}]},{\"@type\":\"ImageObject\",\"inLanguage\":\"fr-FR\",\"@id\":\"https:\\\/\\\/www.uges-isere.fr\\\/index.php\\\/2024\\\/10\\\/04\\\/rer-metropolitain-le-departement-doit-maintenant-sengager\\\/#primaryimage\",\"url\":\"https:\\\/\\\/www.uges-isere.fr\\\/wp-content\\\/uploads\\\/2023\\\/12\\\/TER_2N_NG_TER_Auvergne-Rhone-Alpes_Lyon-Part-Dieu-scaled.jpg\",\"contentUrl\":\"https:\\\/\\\/www.uges-isere.fr\\\/wp-content\\\/uploads\\\/2023\\\/12\\\/TER_2N_NG_TER_Auvergne-Rhone-Alpes_Lyon-Part-Dieu-scaled.jpg\",\"width\":2560,\"height\":1920},{\"@type\":\"BreadcrumbList\",\"@id\":\"https:\\\/\\\/www.uges-isere.fr\\\/index.php\\\/2024\\\/10\\\/04\\\/rer-metropolitain-le-departement-doit-maintenant-sengager\\\/#breadcrumb\",\"itemListElement\":[{\"@type\":\"ListItem\",\"position\":1,\"name\":\"Accueil\",\"item\":\"https:\\\/\\\/www.uges-isere.fr\\\/\"},{\"@type\":\"ListItem\",\"position\":2,\"name\":\"RER M\u00e9tropolitain : le D\u00e9partement doit maintenant s&rsquo;engager\"}]},{\"@type\":\"WebSite\",\"@id\":\"https:\\\/\\\/www.uges-isere.fr\\\/#website\",\"url\":\"https:\\\/\\\/www.uges-isere.fr\\\/\",\"name\":\"D\u00e9partement de l&#039;Is\u00e8re\",\"description\":\"Groupe d&#039;opposition UGES\",\"publisher\":{\"@id\":\"https:\\\/\\\/www.uges-isere.fr\\\/#organization\"},\"potentialAction\":[{\"@type\":\"SearchAction\",\"target\":{\"@type\":\"EntryPoint\",\"urlTemplate\":\"https:\\\/\\\/www.uges-isere.fr\\\/?s={search_term_string}\"},\"query-input\":{\"@type\":\"PropertyValueSpecification\",\"valueRequired\":true,\"valueName\":\"search_term_string\"}}],\"inLanguage\":\"fr-FR\"},{\"@type\":\"Organization\",\"@id\":\"https:\\\/\\\/www.uges-isere.fr\\\/#organization\",\"name\":\"D\u00e9partement de l'Is\u00e8re\",\"url\":\"https:\\\/\\\/www.uges-isere.fr\\\/\",\"logo\":{\"@type\":\"ImageObject\",\"inLanguage\":\"fr-FR\",\"@id\":\"https:\\\/\\\/www.uges-isere.fr\\\/#\\\/schema\\\/logo\\\/image\\\/\",\"url\":\"https:\\\/\\\/www.uges-isere.fr\\\/wp-content\\\/uploads\\\/2021\\\/10\\\/logo-ok.png\",\"contentUrl\":\"https:\\\/\\\/www.uges-isere.fr\\\/wp-content\\\/uploads\\\/2021\\\/10\\\/logo-ok.png\",\"width\":2859,\"height\":1816,\"caption\":\"D\u00e9partement de l'Is\u00e8re\"},\"image\":{\"@id\":\"https:\\\/\\\/www.uges-isere.fr\\\/#\\\/schema\\\/logo\\\/image\\\/\"},\"sameAs\":[\"https:\\\/\\\/www.facebook.com\\\/LePrintemps38\",\"https:\\\/\\\/x.com\\\/GroupeUGES38\"]},{\"@type\":\"Person\",\"@id\":\"https:\\\/\\\/www.uges-isere.fr\\\/#\\\/schema\\\/person\\\/a200926d67119314e8837b6a085de83a\",\"name\":\"ThibaudUGES38\",\"image\":{\"@type\":\"ImageObject\",\"inLanguage\":\"fr-FR\",\"@id\":\"https:\\\/\\\/secure.gravatar.com\\\/avatar\\\/e182ebfe597e409aafe3378f828607b2b757ed94a3489b20112818296e03b151?s=96&d=mm&r=g\",\"url\":\"https:\\\/\\\/secure.gravatar.com\\\/avatar\\\/e182ebfe597e409aafe3378f828607b2b757ed94a3489b20112818296e03b151?s=96&d=mm&r=g\",\"contentUrl\":\"https:\\\/\\\/secure.gravatar.com\\\/avatar\\\/e182ebfe597e409aafe3378f828607b2b757ed94a3489b20112818296e03b151?s=96&d=mm&r=g\",\"caption\":\"ThibaudUGES38\"},\"url\":\"https:\\\/\\\/www.uges-isere.fr\\\/index.php\\\/author\\\/thibauduges38\\\/\"}]}<\/script>\n<!-- \/ Yoast SEO plugin. -->","yoast_head_json":{"title":"RER M\u00e9tropolitain : le D\u00e9partement doit maintenant s'engager - D\u00e9partement de l&#039;Is\u00e8re","robots":{"index":"index","follow":"follow","max-snippet":"max-snippet:-1","max-image-preview":"max-image-preview:large","max-video-preview":"max-video-preview:-1"},"canonical":"https:\/\/www.uges-isere.fr\/index.php\/2024\/10\/04\/rer-metropolitain-le-departement-doit-maintenant-sengager\/","og_locale":"fr_FR","og_type":"article","og_title":"RER M\u00e9tropolitain : le D\u00e9partement doit maintenant s'engager - D\u00e9partement de l&#039;Is\u00e8re","og_description":"Daniel Bessiron a point\u00e9 l&rsquo;absence d&rsquo;ambition sur les mobilit\u00e9s dans la strat\u00e9gie d\u00e9partementale \u00ab\u00a0Is\u00e8re Durable\u00a0\u00bb. Au nom du &hellip;","og_url":"https:\/\/www.uges-isere.fr\/index.php\/2024\/10\/04\/rer-metropolitain-le-departement-doit-maintenant-sengager\/","og_site_name":"D\u00e9partement de l&#039;Is\u00e8re","article_publisher":"https:\/\/www.facebook.com\/LePrintemps38","article_published_time":"2024-10-04T09:20:22+00:00","og_image":[{"width":2560,"height":1920,"url":"https:\/\/www.uges-isere.fr\/wp-content\/uploads\/2023\/12\/TER_2N_NG_TER_Auvergne-Rhone-Alpes_Lyon-Part-Dieu-scaled.jpg","type":"image\/jpeg"}],"author":"ThibaudUGES38","twitter_card":"summary_large_image","twitter_creator":"@GroupeUGES38","twitter_site":"@GroupeUGES38","twitter_misc":{"\u00c9crit par":"ThibaudUGES38","Dur\u00e9e de lecture estim\u00e9e":"3 minutes"},"schema":{"@context":"https:\/\/schema.org","@graph":[{"@type":"Article","@id":"https:\/\/www.uges-isere.fr\/index.php\/2024\/10\/04\/rer-metropolitain-le-departement-doit-maintenant-sengager\/#article","isPartOf":{"@id":"https:\/\/www.uges-isere.fr\/index.php\/2024\/10\/04\/rer-metropolitain-le-departement-doit-maintenant-sengager\/"},"author":{"name":"ThibaudUGES38","@id":"https:\/\/www.uges-isere.fr\/#\/schema\/person\/a200926d67119314e8837b6a085de83a"},"headline":"RER M\u00e9tropolitain : le D\u00e9partement doit maintenant s&rsquo;engager","datePublished":"2024-10-04T09:20:22+00:00","mainEntityOfPage":{"@id":"https:\/\/www.uges-isere.fr\/index.php\/2024\/10\/04\/rer-metropolitain-le-departement-doit-maintenant-sengager\/"},"wordCount":484,"commentCount":0,"publisher":{"@id":"https:\/\/www.uges-isere.fr\/#organization"},"image":{"@id":"https:\/\/www.uges-isere.fr\/index.php\/2024\/10\/04\/rer-metropolitain-le-departement-doit-maintenant-sengager\/#primaryimage"},"thumbnailUrl":"https:\/\/www.uges-isere.fr\/wp-content\/uploads\/2023\/12\/TER_2N_NG_TER_Auvergne-Rhone-Alpes_Lyon-Part-Dieu-scaled.jpg","articleSection":["Environnement et transition \u00e9cologique","S\u00e9ance publique - Septembre 2024"],"inLanguage":"fr-FR","potentialAction":[{"@type":"CommentAction","name":"Comment","target":["https:\/\/www.uges-isere.fr\/index.php\/2024\/10\/04\/rer-metropolitain-le-departement-doit-maintenant-sengager\/#respond"]}]},{"@type":"WebPage","@id":"https:\/\/www.uges-isere.fr\/index.php\/2024\/10\/04\/rer-metropolitain-le-departement-doit-maintenant-sengager\/","url":"https:\/\/www.uges-isere.fr\/index.php\/2024\/10\/04\/rer-metropolitain-le-departement-doit-maintenant-sengager\/","name":"RER M\u00e9tropolitain : le D\u00e9partement doit maintenant s'engager - D\u00e9partement de l&#039;Is\u00e8re","isPartOf":{"@id":"https:\/\/www.uges-isere.fr\/#website"},"primaryImageOfPage":{"@id":"https:\/\/www.uges-isere.fr\/index.php\/2024\/10\/04\/rer-metropolitain-le-departement-doit-maintenant-sengager\/#primaryimage"},"image":{"@id":"https:\/\/www.uges-isere.fr\/index.php\/2024\/10\/04\/rer-metropolitain-le-departement-doit-maintenant-sengager\/#primaryimage"},"thumbnailUrl":"https:\/\/www.uges-isere.fr\/wp-content\/uploads\/2023\/12\/TER_2N_NG_TER_Auvergne-Rhone-Alpes_Lyon-Part-Dieu-scaled.jpg","datePublished":"2024-10-04T09:20:22+00:00","breadcrumb":{"@id":"https:\/\/www.uges-isere.fr\/index.php\/2024\/10\/04\/rer-metropolitain-le-departement-doit-maintenant-sengager\/#breadcrumb"},"inLanguage":"fr-FR","potentialAction":[{"@type":"ReadAction","target":["https:\/\/www.uges-isere.fr\/index.php\/2024\/10\/04\/rer-metropolitain-le-departement-doit-maintenant-sengager\/"]}]},{"@type":"ImageObject","inLanguage":"fr-FR","@id":"https:\/\/www.uges-isere.fr\/index.php\/2024\/10\/04\/rer-metropolitain-le-departement-doit-maintenant-sengager\/#primaryimage","url":"https:\/\/www.uges-isere.fr\/wp-content\/uploads\/2023\/12\/TER_2N_NG_TER_Auvergne-Rhone-Alpes_Lyon-Part-Dieu-scaled.jpg","contentUrl":"https:\/\/www.uges-isere.fr\/wp-content\/uploads\/2023\/12\/TER_2N_NG_TER_Auvergne-Rhone-Alpes_Lyon-Part-Dieu-scaled.jpg","width":2560,"height":1920},{"@type":"BreadcrumbList","@id":"https:\/\/www.uges-isere.fr\/index.php\/2024\/10\/04\/rer-metropolitain-le-departement-doit-maintenant-sengager\/#breadcrumb","itemListElement":[{"@type":"ListItem","position":1,"name":"Accueil","item":"https:\/\/www.uges-isere.fr\/"},{"@type":"ListItem","position":2,"name":"RER M\u00e9tropolitain : le D\u00e9partement doit maintenant s&rsquo;engager"}]},{"@type":"WebSite","@id":"https:\/\/www.uges-isere.fr\/#website","url":"https:\/\/www.uges-isere.fr\/","name":"D\u00e9partement de l&#039;Is\u00e8re","description":"Groupe d&#039;opposition UGES","publisher":{"@id":"https:\/\/www.uges-isere.fr\/#organization"},"potentialAction":[{"@type":"SearchAction","target":{"@type":"EntryPoint","urlTemplate":"https:\/\/www.uges-isere.fr\/?s={search_term_string}"},"query-input":{"@type":"PropertyValueSpecification","valueRequired":true,"valueName":"search_term_string"}}],"inLanguage":"fr-FR"},{"@type":"Organization","@id":"https:\/\/www.uges-isere.fr\/#organization","name":"D\u00e9partement de l'Is\u00e8re","url":"https:\/\/www.uges-isere.fr\/","logo":{"@type":"ImageObject","inLanguage":"fr-FR","@id":"https:\/\/www.uges-isere.fr\/#\/schema\/logo\/image\/","url":"https:\/\/www.uges-isere.fr\/wp-content\/uploads\/2021\/10\/logo-ok.png","contentUrl":"https:\/\/www.uges-isere.fr\/wp-content\/uploads\/2021\/10\/logo-ok.png","width":2859,"height":1816,"caption":"D\u00e9partement de l'Is\u00e8re"},"image":{"@id":"https:\/\/www.uges-isere.fr\/#\/schema\/logo\/image\/"},"sameAs":["https:\/\/www.facebook.com\/LePrintemps38","https:\/\/x.com\/GroupeUGES38"]},{"@type":"Person","@id":"https:\/\/www.uges-isere.fr\/#\/schema\/person\/a200926d67119314e8837b6a085de83a","name":"ThibaudUGES38","image":{"@type":"ImageObject","inLanguage":"fr-FR","@id":"https:\/\/secure.gravatar.com\/avatar\/e182ebfe597e409aafe3378f828607b2b757ed94a3489b20112818296e03b151?s=96&d=mm&r=g","url":"https:\/\/secure.gravatar.com\/avatar\/e182ebfe597e409aafe3378f828607b2b757ed94a3489b20112818296e03b151?s=96&d=mm&r=g","contentUrl":"https:\/\/secure.gravatar.com\/avatar\/e182ebfe597e409aafe3378f828607b2b757ed94a3489b20112818296e03b151?s=96&d=mm&r=g","caption":"ThibaudUGES38"},"url":"https:\/\/www.uges-isere.fr\/index.php\/author\/thibauduges38\/"}]}},"_links":{"self":[{"href":"https:\/\/www.uges-isere.fr\/index.php\/wp-json\/wp\/v2\/posts\/684138","targetHints":{"allow":["GET"]}}],"collection":[{"href":"https:\/\/www.uges-isere.fr\/index.php\/wp-json\/wp\/v2\/posts"}],"about":[{"href":"https:\/\/www.uges-isere.fr\/index.php\/wp-json\/wp\/v2\/types\/post"}],"author":[{"embeddable":true,"href":"https:\/\/www.uges-isere.fr\/index.php\/wp-json\/wp\/v2\/users\/8"}],"replies":[{"embeddable":true,"href":"https:\/\/www.uges-isere.fr\/index.php\/wp-json\/wp\/v2\/comments?post=684138"}],"version-history":[{"count":1,"href":"https:\/\/www.uges-isere.fr\/index.php\/wp-json\/wp\/v2\/posts\/684138\/revisions"}],"predecessor-version":[{"id":684139,"href":"https:\/\/www.uges-isere.fr\/index.php\/wp-json\/wp\/v2\/posts\/684138\/revisions\/684139"}],"wp:featuredmedia":[{"embeddable":true,"href":"https:\/\/www.uges-isere.fr\/index.php\/wp-json\/wp\/v2\/media\/683900"}],"wp:attachment":[{"href":"https:\/\/www.uges-isere.fr\/index.php\/wp-json\/wp\/v2\/media?parent=684138"}],"wp:term":[{"taxonomy":"category","embeddable":true,"href":"https:\/\/www.uges-isere.fr\/index.php\/wp-json\/wp\/v2\/categories?post=684138"},{"taxonomy":"post_tag","embeddable":true,"href":"https:\/\/www.uges-isere.fr\/index.php\/wp-json\/wp\/v2\/tags?post=684138"}],"curies":[{"name":"wp","href":"https:\/\/api.w.org\/{rel}","templated":true}]}}