{"id":684120,"date":"2024-10-04T10:29:04","date_gmt":"2024-10-04T08:29:04","guid":{"rendered":"https:\/\/www.uges-isere.fr\/?p=684120"},"modified":"2024-10-04T10:29:22","modified_gmt":"2024-10-04T08:29:22","slug":"voeu-sur-le-devenir-de-vencorex","status":"publish","type":"post","link":"https:\/\/www.uges-isere.fr\/index.php\/2024\/10\/04\/voeu-sur-le-devenir-de-vencorex\/","title":{"rendered":"V\u0153u sur le devenir de Vencorex"},"content":{"rendered":"\n<p><strong><em>A l&rsquo;occasion de la s\u00e9ance publique du 27 septembre 2024, le groupe UGES a propos\u00e9 que le D\u00e9partement de l\u2019Is\u00e8re se mobilise pour le maintien des plateformes chimiques du sud-grenoblois. C&rsquo;est dans ce sens que nous avons propos\u00e9 un v\u0153u qui a \u00e9t\u00e9 adopt\u00e9 \u00e0 l&rsquo;unanimit\u00e9 par l&rsquo;assembl\u00e9e d\u00e9partementale<\/em><\/strong> :<\/p>\n\n\n\n<p>Redout\u00e9 depuis plusieurs mois, l\u2019entreprise Vencorex a \u00e9t\u00e9 plac\u00e9e en redressement judiciaire par le tribunal de Lyon le mardi 10 septembre 2024. Cons\u00e9quence de la concurrence internationale exacerb\u00e9e et d\u00e9loyale, faute de mesures douani\u00e8res efficaces pour prot\u00e9ger l\u2019\u00e9conomie et les emplois europ\u00e9ens d\u2019une part, l\u2019environnement et la sant\u00e9 des consommateurs europ\u00e9ens d\u2019autre part.<\/p>\n\n\n\n<p>Fleuron de l\u2019industrie chimique is\u00e9roise et de la plateforme de Pont-de-Claix depuis 125 ans, ce sont aujourd\u2019hui plus de 500 emplois qui sont directement menac\u00e9s. La disparition de cet acteur cl\u00e9 entra\u00eenerait un effet domino, perturbant l\u2019ensemble des activit\u00e9s industrielles des sites de Pont-de-Claix et de Jarrie. Ce ph\u00e9nom\u00e8ne menacerait directement plus de 1 000 emplois industriels et \u00e9galement pr\u00e8s de 5 000 emplois induits par les activit\u00e9s en lien avec ces plateformes.<\/p>\n\n\n\n<p><strong>Il y a urgence pour l\u2019emploi, nos savoir-faire industriels et pour le territoire !<\/strong><\/p>\n\n\n\n<p><strong>Nous, conseill\u00e8res et conseillers d\u00e9partementaux de l\u2019Is\u00e8re, lan\u00e7ons un appel \u00e0 la mobilisation g\u00e9n\u00e9rale pour sauver les emplois et d\u00e9fendre la survie des plateformes chimiques du sud-grenoblois.<\/strong><\/p>\n\n\n\n<p>L\u2019impact social serait d\u00e9vastateur avec des milliers d\u2019emplois sacrifi\u00e9s, autant de familles is\u00e9roises plong\u00e9es dans l\u2019inconnu, mais aussi des friches industrielles laiss\u00e9es \u00e0 l\u2019abandon. Face \u00e0 cela, il est encore temps d\u2019agir collectivement pour \u00e9viter un d\u00e9sastre \u00e9conomique, social et environnemental. Il n\u2019y a pas de fatalit\u00e9.<\/p>\n\n\n\n<p><strong>Dans ce contexte, nous, conseill\u00e8res et conseillers d\u00e9partementaux, appelons le Premier Ministre, le Ministre de l&rsquo;Economie et l\u2019ensemble du Gouvernement \u00e0 tout mettre en \u0153uvre en lien avec les territoires pour :<\/strong><\/p>\n\n\n\n<ul class=\"wp-block-list\">\n<li><strong>Maintenir l\u2019ensemble des emplois sur les sites,<\/strong><\/li>\n\n\n\n<li><strong>Trouver un repreneur europ\u00e9en pour l\u2019ensemble des activit\u00e9s plac\u00e9es en redressement judiciaire et assurer la continuit\u00e9 des activit\u00e9s industrielles,<\/strong><\/li>\n\n\n\n<li><strong>Veiller au respect des obligations par les propri\u00e9taires actuels en mati\u00e8re de d\u00e9pollution des sols,<\/strong><\/li>\n\n\n\n<li><strong>Proposer une trajectoire nouvelle de d\u00e9veloppement de la plateforme associant une r\u00e9forme de sa gouvernance et l\u2019implantation de nouvelles fili\u00e8res sur les espaces disponibles.<\/strong><\/li>\n<\/ul>\n","protected":false},"excerpt":{"rendered":"<p>A l&rsquo;occasion de la s\u00e9ance publique du 27 septembre 2024, le groupe UGES a propos\u00e9 que le D\u00e9partement &hellip; <\/p>\n","protected":false},"author":8,"featured_media":684122,"comment_status":"open","ping_status":"open","sticky":false,"template":"","format":"standard","meta":{"footnotes":""},"categories":[315],"tags":[],"class_list":["post-684120","post","type-post","status-publish","format-standard","has-post-thumbnail","hentry","category-seance-publique-septembre-2024"],"yoast_head":"<!-- This site is optimized with the Yoast SEO plugin v27.5 - https:\/\/yoast.com\/product\/yoast-seo-wordpress\/ -->\n<title>V\u0153u sur le devenir de Vencorex - D\u00e9partement de l&#039;Is\u00e8re<\/title>\n<meta name=\"robots\" content=\"index, follow, max-snippet:-1, max-image-preview:large, max-video-preview:-1\" \/>\n<link rel=\"canonical\" href=\"https:\/\/www.uges-isere.fr\/index.php\/2024\/10\/04\/voeu-sur-le-devenir-de-vencorex\/\" \/>\n<meta property=\"og:locale\" content=\"fr_FR\" \/>\n<meta property=\"og:type\" content=\"article\" \/>\n<meta property=\"og:title\" content=\"V\u0153u sur le devenir de Vencorex - D\u00e9partement de l&#039;Is\u00e8re\" \/>\n<meta property=\"og:description\" content=\"A l&rsquo;occasion de la s\u00e9ance publique du 27 septembre 2024, le groupe UGES a propos\u00e9 que le D\u00e9partement &hellip;\" \/>\n<meta property=\"og:url\" content=\"https:\/\/www.uges-isere.fr\/index.php\/2024\/10\/04\/voeu-sur-le-devenir-de-vencorex\/\" \/>\n<meta property=\"og:site_name\" content=\"D\u00e9partement de l&#039;Is\u00e8re\" \/>\n<meta property=\"article:publisher\" content=\"https:\/\/www.facebook.com\/LePrintemps38\" \/>\n<meta property=\"article:published_time\" content=\"2024-10-04T08:29:04+00:00\" \/>\n<meta property=\"article:modified_time\" content=\"2024-10-04T08:29:22+00:00\" \/>\n<meta property=\"og:image\" content=\"https:\/\/www.uges-isere.fr\/wp-content\/uploads\/2024\/10\/vencorex-700x700-1.jpg\" \/>\n\t<meta property=\"og:image:width\" content=\"700\" \/>\n\t<meta property=\"og:image:height\" content=\"700\" \/>\n\t<meta property=\"og:image:type\" content=\"image\/jpeg\" \/>\n<meta name=\"author\" content=\"ThibaudUGES38\" \/>\n<meta name=\"twitter:card\" content=\"summary_large_image\" \/>\n<meta name=\"twitter:creator\" content=\"@GroupeUGES38\" \/>\n<meta name=\"twitter:site\" content=\"@GroupeUGES38\" \/>\n<meta name=\"twitter:label1\" content=\"\u00c9crit par\" \/>\n\t<meta name=\"twitter:data1\" content=\"ThibaudUGES38\" \/>\n\t<meta name=\"twitter:label2\" content=\"Dur\u00e9e de lecture estim\u00e9e\" \/>\n\t<meta name=\"twitter:data2\" content=\"3 minutes\" \/>\n<script type=\"application\/ld+json\" class=\"yoast-schema-graph\">{\"@context\":\"https:\\\/\\\/schema.org\",\"@graph\":[{\"@type\":\"Article\",\"@id\":\"https:\\\/\\\/www.uges-isere.fr\\\/index.php\\\/2024\\\/10\\\/04\\\/voeu-sur-le-devenir-de-vencorex\\\/#article\",\"isPartOf\":{\"@id\":\"https:\\\/\\\/www.uges-isere.fr\\\/index.php\\\/2024\\\/10\\\/04\\\/voeu-sur-le-devenir-de-vencorex\\\/\"},\"author\":{\"name\":\"ThibaudUGES38\",\"@id\":\"https:\\\/\\\/www.uges-isere.fr\\\/#\\\/schema\\\/person\\\/a200926d67119314e8837b6a085de83a\"},\"headline\":\"V\u0153u sur le devenir de Vencorex\",\"datePublished\":\"2024-10-04T08:29:04+00:00\",\"dateModified\":\"2024-10-04T08:29:22+00:00\",\"mainEntityOfPage\":{\"@id\":\"https:\\\/\\\/www.uges-isere.fr\\\/index.php\\\/2024\\\/10\\\/04\\\/voeu-sur-le-devenir-de-vencorex\\\/\"},\"wordCount\":418,\"commentCount\":0,\"publisher\":{\"@id\":\"https:\\\/\\\/www.uges-isere.fr\\\/#organization\"},\"image\":{\"@id\":\"https:\\\/\\\/www.uges-isere.fr\\\/index.php\\\/2024\\\/10\\\/04\\\/voeu-sur-le-devenir-de-vencorex\\\/#primaryimage\"},\"thumbnailUrl\":\"https:\\\/\\\/www.uges-isere.fr\\\/wp-content\\\/uploads\\\/2024\\\/10\\\/vencorex-700x700-1.jpg\",\"articleSection\":[\"S\u00e9ance publique - Septembre 2024\"],\"inLanguage\":\"fr-FR\",\"potentialAction\":[{\"@type\":\"CommentAction\",\"name\":\"Comment\",\"target\":[\"https:\\\/\\\/www.uges-isere.fr\\\/index.php\\\/2024\\\/10\\\/04\\\/voeu-sur-le-devenir-de-vencorex\\\/#respond\"]}]},{\"@type\":\"WebPage\",\"@id\":\"https:\\\/\\\/www.uges-isere.fr\\\/index.php\\\/2024\\\/10\\\/04\\\/voeu-sur-le-devenir-de-vencorex\\\/\",\"url\":\"https:\\\/\\\/www.uges-isere.fr\\\/index.php\\\/2024\\\/10\\\/04\\\/voeu-sur-le-devenir-de-vencorex\\\/\",\"name\":\"V\u0153u sur le devenir de Vencorex - D\u00e9partement de l&#039;Is\u00e8re\",\"isPartOf\":{\"@id\":\"https:\\\/\\\/www.uges-isere.fr\\\/#website\"},\"primaryImageOfPage\":{\"@id\":\"https:\\\/\\\/www.uges-isere.fr\\\/index.php\\\/2024\\\/10\\\/04\\\/voeu-sur-le-devenir-de-vencorex\\\/#primaryimage\"},\"image\":{\"@id\":\"https:\\\/\\\/www.uges-isere.fr\\\/index.php\\\/2024\\\/10\\\/04\\\/voeu-sur-le-devenir-de-vencorex\\\/#primaryimage\"},\"thumbnailUrl\":\"https:\\\/\\\/www.uges-isere.fr\\\/wp-content\\\/uploads\\\/2024\\\/10\\\/vencorex-700x700-1.jpg\",\"datePublished\":\"2024-10-04T08:29:04+00:00\",\"dateModified\":\"2024-10-04T08:29:22+00:00\",\"breadcrumb\":{\"@id\":\"https:\\\/\\\/www.uges-isere.fr\\\/index.php\\\/2024\\\/10\\\/04\\\/voeu-sur-le-devenir-de-vencorex\\\/#breadcrumb\"},\"inLanguage\":\"fr-FR\",\"potentialAction\":[{\"@type\":\"ReadAction\",\"target\":[\"https:\\\/\\\/www.uges-isere.fr\\\/index.php\\\/2024\\\/10\\\/04\\\/voeu-sur-le-devenir-de-vencorex\\\/\"]}]},{\"@type\":\"ImageObject\",\"inLanguage\":\"fr-FR\",\"@id\":\"https:\\\/\\\/www.uges-isere.fr\\\/index.php\\\/2024\\\/10\\\/04\\\/voeu-sur-le-devenir-de-vencorex\\\/#primaryimage\",\"url\":\"https:\\\/\\\/www.uges-isere.fr\\\/wp-content\\\/uploads\\\/2024\\\/10\\\/vencorex-700x700-1.jpg\",\"contentUrl\":\"https:\\\/\\\/www.uges-isere.fr\\\/wp-content\\\/uploads\\\/2024\\\/10\\\/vencorex-700x700-1.jpg\",\"width\":700,\"height\":700},{\"@type\":\"BreadcrumbList\",\"@id\":\"https:\\\/\\\/www.uges-isere.fr\\\/index.php\\\/2024\\\/10\\\/04\\\/voeu-sur-le-devenir-de-vencorex\\\/#breadcrumb\",\"itemListElement\":[{\"@type\":\"ListItem\",\"position\":1,\"name\":\"Accueil\",\"item\":\"https:\\\/\\\/www.uges-isere.fr\\\/\"},{\"@type\":\"ListItem\",\"position\":2,\"name\":\"V\u0153u sur le devenir de Vencorex\"}]},{\"@type\":\"WebSite\",\"@id\":\"https:\\\/\\\/www.uges-isere.fr\\\/#website\",\"url\":\"https:\\\/\\\/www.uges-isere.fr\\\/\",\"name\":\"D\u00e9partement de l&#039;Is\u00e8re\",\"description\":\"Groupe d&#039;opposition UGES\",\"publisher\":{\"@id\":\"https:\\\/\\\/www.uges-isere.fr\\\/#organization\"},\"potentialAction\":[{\"@type\":\"SearchAction\",\"target\":{\"@type\":\"EntryPoint\",\"urlTemplate\":\"https:\\\/\\\/www.uges-isere.fr\\\/?s={search_term_string}\"},\"query-input\":{\"@type\":\"PropertyValueSpecification\",\"valueRequired\":true,\"valueName\":\"search_term_string\"}}],\"inLanguage\":\"fr-FR\"},{\"@type\":\"Organization\",\"@id\":\"https:\\\/\\\/www.uges-isere.fr\\\/#organization\",\"name\":\"D\u00e9partement de l'Is\u00e8re\",\"url\":\"https:\\\/\\\/www.uges-isere.fr\\\/\",\"logo\":{\"@type\":\"ImageObject\",\"inLanguage\":\"fr-FR\",\"@id\":\"https:\\\/\\\/www.uges-isere.fr\\\/#\\\/schema\\\/logo\\\/image\\\/\",\"url\":\"https:\\\/\\\/www.uges-isere.fr\\\/wp-content\\\/uploads\\\/2021\\\/10\\\/logo-ok.png\",\"contentUrl\":\"https:\\\/\\\/www.uges-isere.fr\\\/wp-content\\\/uploads\\\/2021\\\/10\\\/logo-ok.png\",\"width\":2859,\"height\":1816,\"caption\":\"D\u00e9partement de l'Is\u00e8re\"},\"image\":{\"@id\":\"https:\\\/\\\/www.uges-isere.fr\\\/#\\\/schema\\\/logo\\\/image\\\/\"},\"sameAs\":[\"https:\\\/\\\/www.facebook.com\\\/LePrintemps38\",\"https:\\\/\\\/x.com\\\/GroupeUGES38\"]},{\"@type\":\"Person\",\"@id\":\"https:\\\/\\\/www.uges-isere.fr\\\/#\\\/schema\\\/person\\\/a200926d67119314e8837b6a085de83a\",\"name\":\"ThibaudUGES38\",\"image\":{\"@type\":\"ImageObject\",\"inLanguage\":\"fr-FR\",\"@id\":\"https:\\\/\\\/secure.gravatar.com\\\/avatar\\\/e182ebfe597e409aafe3378f828607b2b757ed94a3489b20112818296e03b151?s=96&d=mm&r=g\",\"url\":\"https:\\\/\\\/secure.gravatar.com\\\/avatar\\\/e182ebfe597e409aafe3378f828607b2b757ed94a3489b20112818296e03b151?s=96&d=mm&r=g\",\"contentUrl\":\"https:\\\/\\\/secure.gravatar.com\\\/avatar\\\/e182ebfe597e409aafe3378f828607b2b757ed94a3489b20112818296e03b151?s=96&d=mm&r=g\",\"caption\":\"ThibaudUGES38\"},\"url\":\"https:\\\/\\\/www.uges-isere.fr\\\/index.php\\\/author\\\/thibauduges38\\\/\"}]}<\/script>\n<!-- \/ Yoast SEO plugin. -->","yoast_head_json":{"title":"V\u0153u sur le devenir de Vencorex - D\u00e9partement de l&#039;Is\u00e8re","robots":{"index":"index","follow":"follow","max-snippet":"max-snippet:-1","max-image-preview":"max-image-preview:large","max-video-preview":"max-video-preview:-1"},"canonical":"https:\/\/www.uges-isere.fr\/index.php\/2024\/10\/04\/voeu-sur-le-devenir-de-vencorex\/","og_locale":"fr_FR","og_type":"article","og_title":"V\u0153u sur le devenir de Vencorex - D\u00e9partement de l&#039;Is\u00e8re","og_description":"A l&rsquo;occasion de la s\u00e9ance publique du 27 septembre 2024, le groupe UGES a propos\u00e9 que le D\u00e9partement &hellip;","og_url":"https:\/\/www.uges-isere.fr\/index.php\/2024\/10\/04\/voeu-sur-le-devenir-de-vencorex\/","og_site_name":"D\u00e9partement de l&#039;Is\u00e8re","article_publisher":"https:\/\/www.facebook.com\/LePrintemps38","article_published_time":"2024-10-04T08:29:04+00:00","article_modified_time":"2024-10-04T08:29:22+00:00","og_image":[{"width":700,"height":700,"url":"https:\/\/www.uges-isere.fr\/wp-content\/uploads\/2024\/10\/vencorex-700x700-1.jpg","type":"image\/jpeg"}],"author":"ThibaudUGES38","twitter_card":"summary_large_image","twitter_creator":"@GroupeUGES38","twitter_site":"@GroupeUGES38","twitter_misc":{"\u00c9crit par":"ThibaudUGES38","Dur\u00e9e de lecture estim\u00e9e":"3 minutes"},"schema":{"@context":"https:\/\/schema.org","@graph":[{"@type":"Article","@id":"https:\/\/www.uges-isere.fr\/index.php\/2024\/10\/04\/voeu-sur-le-devenir-de-vencorex\/#article","isPartOf":{"@id":"https:\/\/www.uges-isere.fr\/index.php\/2024\/10\/04\/voeu-sur-le-devenir-de-vencorex\/"},"author":{"name":"ThibaudUGES38","@id":"https:\/\/www.uges-isere.fr\/#\/schema\/person\/a200926d67119314e8837b6a085de83a"},"headline":"V\u0153u sur le devenir de Vencorex","datePublished":"2024-10-04T08:29:04+00:00","dateModified":"2024-10-04T08:29:22+00:00","mainEntityOfPage":{"@id":"https:\/\/www.uges-isere.fr\/index.php\/2024\/10\/04\/voeu-sur-le-devenir-de-vencorex\/"},"wordCount":418,"commentCount":0,"publisher":{"@id":"https:\/\/www.uges-isere.fr\/#organization"},"image":{"@id":"https:\/\/www.uges-isere.fr\/index.php\/2024\/10\/04\/voeu-sur-le-devenir-de-vencorex\/#primaryimage"},"thumbnailUrl":"https:\/\/www.uges-isere.fr\/wp-content\/uploads\/2024\/10\/vencorex-700x700-1.jpg","articleSection":["S\u00e9ance publique - Septembre 2024"],"inLanguage":"fr-FR","potentialAction":[{"@type":"CommentAction","name":"Comment","target":["https:\/\/www.uges-isere.fr\/index.php\/2024\/10\/04\/voeu-sur-le-devenir-de-vencorex\/#respond"]}]},{"@type":"WebPage","@id":"https:\/\/www.uges-isere.fr\/index.php\/2024\/10\/04\/voeu-sur-le-devenir-de-vencorex\/","url":"https:\/\/www.uges-isere.fr\/index.php\/2024\/10\/04\/voeu-sur-le-devenir-de-vencorex\/","name":"V\u0153u sur le devenir de Vencorex - D\u00e9partement de l&#039;Is\u00e8re","isPartOf":{"@id":"https:\/\/www.uges-isere.fr\/#website"},"primaryImageOfPage":{"@id":"https:\/\/www.uges-isere.fr\/index.php\/2024\/10\/04\/voeu-sur-le-devenir-de-vencorex\/#primaryimage"},"image":{"@id":"https:\/\/www.uges-isere.fr\/index.php\/2024\/10\/04\/voeu-sur-le-devenir-de-vencorex\/#primaryimage"},"thumbnailUrl":"https:\/\/www.uges-isere.fr\/wp-content\/uploads\/2024\/10\/vencorex-700x700-1.jpg","datePublished":"2024-10-04T08:29:04+00:00","dateModified":"2024-10-04T08:29:22+00:00","breadcrumb":{"@id":"https:\/\/www.uges-isere.fr\/index.php\/2024\/10\/04\/voeu-sur-le-devenir-de-vencorex\/#breadcrumb"},"inLanguage":"fr-FR","potentialAction":[{"@type":"ReadAction","target":["https:\/\/www.uges-isere.fr\/index.php\/2024\/10\/04\/voeu-sur-le-devenir-de-vencorex\/"]}]},{"@type":"ImageObject","inLanguage":"fr-FR","@id":"https:\/\/www.uges-isere.fr\/index.php\/2024\/10\/04\/voeu-sur-le-devenir-de-vencorex\/#primaryimage","url":"https:\/\/www.uges-isere.fr\/wp-content\/uploads\/2024\/10\/vencorex-700x700-1.jpg","contentUrl":"https:\/\/www.uges-isere.fr\/wp-content\/uploads\/2024\/10\/vencorex-700x700-1.jpg","width":700,"height":700},{"@type":"BreadcrumbList","@id":"https:\/\/www.uges-isere.fr\/index.php\/2024\/10\/04\/voeu-sur-le-devenir-de-vencorex\/#breadcrumb","itemListElement":[{"@type":"ListItem","position":1,"name":"Accueil","item":"https:\/\/www.uges-isere.fr\/"},{"@type":"ListItem","position":2,"name":"V\u0153u sur le devenir de Vencorex"}]},{"@type":"WebSite","@id":"https:\/\/www.uges-isere.fr\/#website","url":"https:\/\/www.uges-isere.fr\/","name":"D\u00e9partement de l&#039;Is\u00e8re","description":"Groupe d&#039;opposition UGES","publisher":{"@id":"https:\/\/www.uges-isere.fr\/#organization"},"potentialAction":[{"@type":"SearchAction","target":{"@type":"EntryPoint","urlTemplate":"https:\/\/www.uges-isere.fr\/?s={search_term_string}"},"query-input":{"@type":"PropertyValueSpecification","valueRequired":true,"valueName":"search_term_string"}}],"inLanguage":"fr-FR"},{"@type":"Organization","@id":"https:\/\/www.uges-isere.fr\/#organization","name":"D\u00e9partement de l'Is\u00e8re","url":"https:\/\/www.uges-isere.fr\/","logo":{"@type":"ImageObject","inLanguage":"fr-FR","@id":"https:\/\/www.uges-isere.fr\/#\/schema\/logo\/image\/","url":"https:\/\/www.uges-isere.fr\/wp-content\/uploads\/2021\/10\/logo-ok.png","contentUrl":"https:\/\/www.uges-isere.fr\/wp-content\/uploads\/2021\/10\/logo-ok.png","width":2859,"height":1816,"caption":"D\u00e9partement de l'Is\u00e8re"},"image":{"@id":"https:\/\/www.uges-isere.fr\/#\/schema\/logo\/image\/"},"sameAs":["https:\/\/www.facebook.com\/LePrintemps38","https:\/\/x.com\/GroupeUGES38"]},{"@type":"Person","@id":"https:\/\/www.uges-isere.fr\/#\/schema\/person\/a200926d67119314e8837b6a085de83a","name":"ThibaudUGES38","image":{"@type":"ImageObject","inLanguage":"fr-FR","@id":"https:\/\/secure.gravatar.com\/avatar\/e182ebfe597e409aafe3378f828607b2b757ed94a3489b20112818296e03b151?s=96&d=mm&r=g","url":"https:\/\/secure.gravatar.com\/avatar\/e182ebfe597e409aafe3378f828607b2b757ed94a3489b20112818296e03b151?s=96&d=mm&r=g","contentUrl":"https:\/\/secure.gravatar.com\/avatar\/e182ebfe597e409aafe3378f828607b2b757ed94a3489b20112818296e03b151?s=96&d=mm&r=g","caption":"ThibaudUGES38"},"url":"https:\/\/www.uges-isere.fr\/index.php\/author\/thibauduges38\/"}]}},"_links":{"self":[{"href":"https:\/\/www.uges-isere.fr\/index.php\/wp-json\/wp\/v2\/posts\/684120","targetHints":{"allow":["GET"]}}],"collection":[{"href":"https:\/\/www.uges-isere.fr\/index.php\/wp-json\/wp\/v2\/posts"}],"about":[{"href":"https:\/\/www.uges-isere.fr\/index.php\/wp-json\/wp\/v2\/types\/post"}],"author":[{"embeddable":true,"href":"https:\/\/www.uges-isere.fr\/index.php\/wp-json\/wp\/v2\/users\/8"}],"replies":[{"embeddable":true,"href":"https:\/\/www.uges-isere.fr\/index.php\/wp-json\/wp\/v2\/comments?post=684120"}],"version-history":[{"count":1,"href":"https:\/\/www.uges-isere.fr\/index.php\/wp-json\/wp\/v2\/posts\/684120\/revisions"}],"predecessor-version":[{"id":684123,"href":"https:\/\/www.uges-isere.fr\/index.php\/wp-json\/wp\/v2\/posts\/684120\/revisions\/684123"}],"wp:featuredmedia":[{"embeddable":true,"href":"https:\/\/www.uges-isere.fr\/index.php\/wp-json\/wp\/v2\/media\/684122"}],"wp:attachment":[{"href":"https:\/\/www.uges-isere.fr\/index.php\/wp-json\/wp\/v2\/media?parent=684120"}],"wp:term":[{"taxonomy":"category","embeddable":true,"href":"https:\/\/www.uges-isere.fr\/index.php\/wp-json\/wp\/v2\/categories?post=684120"},{"taxonomy":"post_tag","embeddable":true,"href":"https:\/\/www.uges-isere.fr\/index.php\/wp-json\/wp\/v2\/tags?post=684120"}],"curies":[{"name":"wp","href":"https:\/\/api.w.org\/{rel}","templated":true}]}}