{"id":684098,"date":"2024-07-29T23:02:09","date_gmt":"2024-07-29T21:02:09","guid":{"rendered":"https:\/\/www.uges-isere.fr\/?p=684098"},"modified":"2025-06-02T11:51:57","modified_gmt":"2025-06-02T09:51:57","slug":"retour-sur-les-dernieres-commissions-permanentes","status":"publish","type":"post","link":"https:\/\/www.uges-isere.fr\/index.php\/2024\/07\/29\/retour-sur-les-dernieres-commissions-permanentes\/","title":{"rendered":"Retour sur les commissions permanentes d&rsquo;avril \u00e0 juillet 2024"},"content":{"rendered":"\n<p><strong>D\u2019avril \u00e0 juillet 2024, les conseill\u00e8res et conseillers d\u00e9partementaux ont d\u00e9lib\u00e9r\u00e9 sur 340 d\u00e9lib\u00e9rations en commission permanente chaque mois. Parmi les nombreux rapports soumis au vote, le groupe UGES s\u2019est notamment positionn\u00e9 :\u00a0<\/strong><\/p>\n\n\n\n<p><img loading=\"lazy\" decoding=\"async\" width=\"19\" height=\"19\" src=\"https:\/\/lh7-rt.googleusercontent.com\/docsz\/AD_4nXclbgSu-nDUw1Ea0PnSIqoUwhFC36aFjWDYn7Aj-fzSw1h1a6AvmLbufb_l8piNIefCMoCacCJVsgzFpnBApA1Fhs0ydaptghGuPwEJUjQeQQmFI-eieUnK2Qrg3OiseNafrpi0HhNc2pWPfIdZE9odJ_F-?key=w65-8JkHq4xO8Onma5je5g\" alt=\"\ud83d\udd34\"> Contre les modalit\u00e9s de financement des <strong>relais petite enfance<\/strong> qui ont vu leur subvention baisser de moiti\u00e9 depuis l\u2019ann\u00e9e 2023 ;<\/p>\n\n\n\n<p><img loading=\"lazy\" decoding=\"async\" width=\"19\" height=\"19\" src=\"https:\/\/lh7-rt.googleusercontent.com\/docsz\/AD_4nXcinG7SnnMuTHJ6KjaYPQ95KSLadX2XBiUqzhGshlff4loxSekxcTT11ySkIqa1S1oMQNNwH7eYyMiftMgz0_jNJS8ty3z5taG8oU_h57eP4Sp_wcqmAaFdPiDM8Ltc78Um_ooyAfT_DbawtiKWhczw16n1?key=w65-8JkHq4xO8Onma5je5g\" alt=\"\ud83d\udfe0\"> Abstention sur la reprise du<strong> Service d\u2019aide et d\u2019accompagnement \u00e0 domicile \u201cADPAH\u201d <\/strong>(Vienne) par l\u2019association \u201cAides et Soins\u201d. Le groupe UGES regrette la liquidation de l\u2019ADPAH, un acteur historique et efficace en Is\u00e8re qui accompagnait un millier de personnes gr\u00e2ce \u00e0 150 salari\u00e9s. Attach\u00e9 au mod\u00e8le non-lucratif portant des valeurs humanistes, le groupe UGES restera vigilant sur les orientations de cette nouvelle association \u201cAides et Soins\u201d et la <strong>juste utilisation de l\u2019argent public<\/strong> (3,8M\u20ac du D\u00e9partement pour aider la reprise) compte tenu du montage juridique de l\u2019<strong>association li\u00e9e \u00e0 la holding QUEREMA et au secteur priv\u00e9 lucratif.\u00a0<\/strong><\/p>\n\n\n\n<p><img loading=\"lazy\" decoding=\"async\" width=\"19\" height=\"19\" src=\"https:\/\/lh7-rt.googleusercontent.com\/docsz\/AD_4nXcinG7SnnMuTHJ6KjaYPQ95KSLadX2XBiUqzhGshlff4loxSekxcTT11ySkIqa1S1oMQNNwH7eYyMiftMgz0_jNJS8ty3z5taG8oU_h57eP4Sp_wcqmAaFdPiDM8Ltc78Um_ooyAfT_DbawtiKWhczw16n1?key=w65-8JkHq4xO8Onma5je5g\" alt=\"\ud83d\udfe0\"> Abstention sur le nouveau<strong> \u201cPacte des solidarit\u00e9s\u201d<\/strong> sign\u00e9 entre l\u2019Etat et le D\u00e9partement qui prend la suite du Plan Pauvret\u00e9 initi\u00e9 2019. Ce Pacte est encore moins ambitieux que la pr\u00e9c\u00e9dente contractualisation, ne pr\u00e9sentant que tr\u00e8s peu d&rsquo;actions nouvelles pour lutter contre la pauvret\u00e9. Le dispositif gouvernemental offrait la possibilit\u00e9 de porter plusieurs actions sur la petite enfance, contre le d\u00e9crochage scolaire, sur la pr\u00e9vention sp\u00e9cialis\u00e9e (la recherche de logement pour les jeunes pr\u00e9caires, action sur la sant\u00e9 mentale des jeunes). Ces axes-l\u00e0, comme pour le logement (lutte contre la pr\u00e9carit\u00e9 \u00e9nerg\u00e9tique par ex), n\u2019ont pas \u00e9t\u00e9 retenus. Enfin, dans le cadre du Pacte des solidarit\u00e9s, il \u00e9tait possible pour le D\u00e9partement d&rsquo;<strong>exp\u00e9rimenter un Revenu compl\u00e9mentaire pour les jeunes<\/strong><a href=\"https:\/\/www.uges-isere.fr\/index.php\/2023\/12\/15\/le-groupe-uges-propose-lexperimentation-dun-revenu-demancipation-pour-les-jeunes\/\">, proposition du groupe UGES expos\u00e9 en d\u00e9cembre 2023<\/a> et balay\u00e9 par la majorit\u00e9 d\u00e9partementale.\u00a0<\/p>\n\n\n\n<p><img loading=\"lazy\" decoding=\"async\" width=\"19\" height=\"19\" src=\"https:\/\/lh7-rt.googleusercontent.com\/docsz\/AD_4nXclbgSu-nDUw1Ea0PnSIqoUwhFC36aFjWDYn7Aj-fzSw1h1a6AvmLbufb_l8piNIefCMoCacCJVsgzFpnBApA1Fhs0ydaptghGuPwEJUjQeQQmFI-eieUnK2Qrg3OiseNafrpi0HhNc2pWPfIdZE9odJ_F-?key=w65-8JkHq4xO8Onma5je5g\" alt=\"\ud83d\udd34\"> Contre les modalit\u00e9s de financement des <strong>lieux d\u2019accueil parent-enfant (Laep)<\/strong> qui ont vu la participation du D\u00e9partement  diminuer de 30% depuis 2023.<\/p>\n\n\n\n<p><img loading=\"lazy\" decoding=\"async\" width=\"19\" height=\"19\" src=\"https:\/\/lh7-rt.googleusercontent.com\/docsz\/AD_4nXcinG7SnnMuTHJ6KjaYPQ95KSLadX2XBiUqzhGshlff4loxSekxcTT11ySkIqa1S1oMQNNwH7eYyMiftMgz0_jNJS8ty3z5taG8oU_h57eP4Sp_wcqmAaFdPiDM8Ltc78Um_ooyAfT_DbawtiKWhczw16n1?key=w65-8JkHq4xO8Onma5je5g\" alt=\"\ud83d\udfe0\"> Abstention sur l\u2019engagement du D\u00e9partement dans les <strong>contrats de ville <\/strong>sign\u00e9s avec Vienne-Condrieu Agglom\u00e9ration et prochainement la M\u00e9tropole de Grenoble au regard de l\u2019absence concr\u00e8te d\u2019actions et de financements d\u00e9partementaux.  Dans la droite ligne du d\u00e9sengagement dans la <strong>politique de la Ville<\/strong> entrepris depuis 2015 ;\u00a0\u00a0<\/p>\n\n\n\n<p><img loading=\"lazy\" decoding=\"async\" width=\"19\" height=\"19\" src=\"https:\/\/lh7-rt.googleusercontent.com\/docsz\/AD_4nXfTp3Z_sYW3RBN8dKzAu5Zvc_OBZ2unqcFysLsXejGjCbYvdyGJEj8jCsYSpymv61puIE4BMhDoZLFAzzNrdseh0yuON9vBSg--qH2OtW4U5xMGEUE7SsWsKrdMk0634DVbjsThjO5lwF6_3BkMTXXu7sEU?key=w65-8JkHq4xO8Onma5je5g\" alt=\"\ud83d\udfe2\">Pour les aides financi\u00e8res accord\u00e9es aux associations et leurs actions aff\u00e9rentes \u00e0 la<strong> lutte contre les violences conjugales et intrafamiliales<\/strong> ;<\/p>\n\n\n\n<p><img loading=\"lazy\" decoding=\"async\" width=\"19\" height=\"19\" src=\"https:\/\/lh7-rt.googleusercontent.com\/docsz\/AD_4nXcinG7SnnMuTHJ6KjaYPQ95KSLadX2XBiUqzhGshlff4loxSekxcTT11ySkIqa1S1oMQNNwH7eYyMiftMgz0_jNJS8ty3z5taG8oU_h57eP4Sp_wcqmAaFdPiDM8Ltc78Um_ooyAfT_DbawtiKWhczw16n1?key=w65-8JkHq4xO8Onma5je5g\" alt=\"\ud83d\udfe0\"> Abstention renouvel\u00e9e sur le financement d\u2019actions d\u2019animation de pr\u00e9vention port\u00e9es par des associations (<strong>\u00e9ducation sp\u00e9cialis\u00e9e<\/strong>) qui ont subi d\u00e8s 2015 des coupes budg\u00e9taires s\u00e9v\u00e8res ;<\/p>\n\n\n\n<p><img loading=\"lazy\" decoding=\"async\" width=\"19\" height=\"19\" src=\"https:\/\/lh7-rt.googleusercontent.com\/docsz\/AD_4nXcinG7SnnMuTHJ6KjaYPQ95KSLadX2XBiUqzhGshlff4loxSekxcTT11ySkIqa1S1oMQNNwH7eYyMiftMgz0_jNJS8ty3z5taG8oU_h57eP4Sp_wcqmAaFdPiDM8Ltc78Um_ooyAfT_DbawtiKWhczw16n1?key=w65-8JkHq4xO8Onma5je5g\" alt=\"\ud83d\udfe0\"> Abstention renouvel\u00e9e sur les actions port\u00e9es dans le<strong> Programme d\u00e9partemental d\u2019insertion vers l\u2019emploi (PDI-E)<\/strong> \u00e0 destination des allocataires du RSA. Si le groupe UGES soutient les projets men\u00e9s par les acteurs locaux, il ne partage pas les orientations politiques en termes d\u2019insertion port\u00e9es par la majorit\u00e9 dans le cadre du PDI-E que nous n\u2019avons pas vot\u00e9 fin 2023 ;<\/p>\n\n\n\n<p><img loading=\"lazy\" decoding=\"async\" width=\"19\" height=\"19\" src=\"https:\/\/lh7-rt.googleusercontent.com\/docsz\/AD_4nXfTp3Z_sYW3RBN8dKzAu5Zvc_OBZ2unqcFysLsXejGjCbYvdyGJEj8jCsYSpymv61puIE4BMhDoZLFAzzNrdseh0yuON9vBSg--qH2OtW4U5xMGEUE7SsWsKrdMk0634DVbjsThjO5lwF6_3BkMTXXu7sEU?key=w65-8JkHq4xO8Onma5je5g\" alt=\"\ud83d\udfe2\">Pour les subventions en faveur des<strong> organismes d\u2019accueil de jour et aide alimentaire <\/strong>revus\u00a0\u00e0 la hausse cette ann\u00e9e comme nous le demandions depuis plusieurs mois suite \u00e0 l&rsquo;augmentation massive du nombre de b\u00e9n\u00e9ficiaires ;<\/p>\n\n\n\n<p><img loading=\"lazy\" decoding=\"async\" width=\"19\" height=\"19\" src=\"https:\/\/lh7-rt.googleusercontent.com\/docsz\/AD_4nXcinG7SnnMuTHJ6KjaYPQ95KSLadX2XBiUqzhGshlff4loxSekxcTT11ySkIqa1S1oMQNNwH7eYyMiftMgz0_jNJS8ty3z5taG8oU_h57eP4Sp_wcqmAaFdPiDM8Ltc78Um_ooyAfT_DbawtiKWhczw16n1?key=w65-8JkHq4xO8Onma5je5g\" alt=\"\ud83d\udfe0\"> Abstention renouvel\u00e9e sur le calcul du<strong> forfait des r\u00e9sidences autonomies<\/strong>, d\u00e9cid\u00e9 en 2023, qui risque de diminuer les subventions du D\u00e9partement aux \u00e9tablissements ;\u00a0<\/p>\n\n\n\n<p><img loading=\"lazy\" decoding=\"async\" width=\"19\" height=\"19\" src=\"https:\/\/lh7-rt.googleusercontent.com\/docsz\/AD_4nXcinG7SnnMuTHJ6KjaYPQ95KSLadX2XBiUqzhGshlff4loxSekxcTT11ySkIqa1S1oMQNNwH7eYyMiftMgz0_jNJS8ty3z5taG8oU_h57eP4Sp_wcqmAaFdPiDM8Ltc78Um_ooyAfT_DbawtiKWhczw16n1?key=w65-8JkHq4xO8Onma5je5g\" alt=\"\ud83d\udfe0\"> Abstention ou Contre sur la <strong>convention type de chasse<\/strong> que le D\u00e9partement souhaite signer avec les ACCA (associations communales de chasse agr\u00e9\u00e9es) afin de se pr\u00e9munir des conflits d\u2019usage sur les <strong>Espaces naturels sensibles (ENS)<\/strong> d\u00e9partementaux. Si nous saluons l\u2019interdiction de chasse collective lorsque des <strong>groupes scolaires<\/strong> sont pr\u00e9sents sur les sites, <strong>nous demandons que la chasse individuelle soit aussi interdite les jours de leur pr\u00e9sence<\/strong>. Le D\u00e9partement reconna\u00eet lui-m\u00eame que ce sont les chasses individuelles qui provoquent le plus de conflits sur les ENS ;\u00a0<\/p>\n\n\n\n<p><img loading=\"lazy\" decoding=\"async\" width=\"19\" height=\"19\" src=\"https:\/\/lh7-rt.googleusercontent.com\/docsz\/AD_4nXfTp3Z_sYW3RBN8dKzAu5Zvc_OBZ2unqcFysLsXejGjCbYvdyGJEj8jCsYSpymv61puIE4BMhDoZLFAzzNrdseh0yuON9vBSg--qH2OtW4U5xMGEUE7SsWsKrdMk0634DVbjsThjO5lwF6_3BkMTXXu7sEU?key=w65-8JkHq4xO8Onma5je5g\" alt=\"\ud83d\udfe2\">Pour des aides financi\u00e8res accord\u00e9es aux agricultrices et agriculteurs is\u00e9rois qui ont particip\u00e9 au<strong> Concours g\u00e9n\u00e9ral agricole 2024 (Salon de l\u2019Agriculture)<\/strong> ;<\/p>\n\n\n\n<p><img loading=\"lazy\" decoding=\"async\" width=\"19\" height=\"19\" src=\"https:\/\/lh7-rt.googleusercontent.com\/docsz\/AD_4nXfTp3Z_sYW3RBN8dKzAu5Zvc_OBZ2unqcFysLsXejGjCbYvdyGJEj8jCsYSpymv61puIE4BMhDoZLFAzzNrdseh0yuON9vBSg--qH2OtW4U5xMGEUE7SsWsKrdMk0634DVbjsThjO5lwF6_3BkMTXXu7sEU?key=w65-8JkHq4xO8Onma5je5g\" alt=\"\ud83d\udfe2\"> Pour les aides financi\u00e8res accord\u00e9es en faveur de<strong> 14 cabinets v\u00e9t\u00e9rinaires dans le cadre du dispositif \u201cIs\u00e8re V\u00e9to\u201d <\/strong>qui vise \u00e0 favoriser l\u2019installation de nouveaux v\u00e9t\u00e9rinaires en milieu rural, en soutien \u00e0 l\u2019\u00e9levage en Is\u00e8re ;<\/p>\n\n\n\n<p><img loading=\"lazy\" decoding=\"async\" width=\"19\" height=\"19\" src=\"https:\/\/lh7-rt.googleusercontent.com\/docsz\/AD_4nXcinG7SnnMuTHJ6KjaYPQ95KSLadX2XBiUqzhGshlff4loxSekxcTT11ySkIqa1S1oMQNNwH7eYyMiftMgz0_jNJS8ty3z5taG8oU_h57eP4Sp_wcqmAaFdPiDM8Ltc78Um_ooyAfT_DbawtiKWhczw16n1?key=w65-8JkHq4xO8Onma5je5g\" alt=\"\ud83d\udfe0\"> Abstention renouvel\u00e9e sur la <strong>tarification unique (2\u20ac) de la restauration scolaire<\/strong> dans les coll\u00e8ges pour l\u2019ann\u00e9e scolaire 2024-2025. Le groupe UGES d\u00e9fend la<strong> mise en place d\u2019une tarification solidaire,<\/strong> un syst\u00e8me plus juste pour toutes les familles puisque progressif en fonction de leurs revenus ;<\/p>\n\n\n\n<p><img loading=\"lazy\" decoding=\"async\" width=\"19\" height=\"19\" src=\"https:\/\/lh7-rt.googleusercontent.com\/docsz\/AD_4nXfTp3Z_sYW3RBN8dKzAu5Zvc_OBZ2unqcFysLsXejGjCbYvdyGJEj8jCsYSpymv61puIE4BMhDoZLFAzzNrdseh0yuON9vBSg--qH2OtW4U5xMGEUE7SsWsKrdMk0634DVbjsThjO5lwF6_3BkMTXXu7sEU?key=w65-8JkHq4xO8Onma5je5g\" alt=\"\ud83d\udfe2\">Pour le soutien financier du D\u00e9partement au CROUS dans le cadre Contrat de Plan Etat R\u00e9gion (CPER) pour la<strong> construction d\u2019une nouvelle r\u00e9sidence \u00e9tudiante<\/strong> (506 places) sur le campus de Saint-Martin-d\u2019H\u00e8res ;\u00a0<\/p>\n\n\n\n<p><img loading=\"lazy\" decoding=\"async\" width=\"19\" height=\"19\" src=\"https:\/\/lh7-rt.googleusercontent.com\/docsz\/AD_4nXcinG7SnnMuTHJ6KjaYPQ95KSLadX2XBiUqzhGshlff4loxSekxcTT11ySkIqa1S1oMQNNwH7eYyMiftMgz0_jNJS8ty3z5taG8oU_h57eP4Sp_wcqmAaFdPiDM8Ltc78Um_ooyAfT_DbawtiKWhczw16n1?key=w65-8JkHq4xO8Onma5je5g\" alt=\"\ud83d\udfe0\"> Abstention sur la <strong>repr\u00e9sentation du D\u00e9partement au Syndicat mixte des mobilit\u00e9s de l&rsquo;aire grenobloise (SMMAG)<\/strong>. La collectivit\u00e9 b\u00e9n\u00e9ficie ainsi de 4 si\u00e8ges au Conseil d\u2019administration, la majorit\u00e9 d\u00e9partementale a d\u00e9cid\u00e9 d\u00e8s 2021 d\u2019exclure l\u2019opposition de cette repr\u00e9sentation (1 si\u00e8ge \u00e0 la proportionnelle) ;\u00a0<\/p>\n\n\n\n<p><img loading=\"lazy\" decoding=\"async\" width=\"19\" height=\"19\" src=\"https:\/\/lh7-rt.googleusercontent.com\/docsz\/AD_4nXfTp3Z_sYW3RBN8dKzAu5Zvc_OBZ2unqcFysLsXejGjCbYvdyGJEj8jCsYSpymv61puIE4BMhDoZLFAzzNrdseh0yuON9vBSg--qH2OtW4U5xMGEUE7SsWsKrdMk0634DVbjsThjO5lwF6_3BkMTXXu7sEU?key=w65-8JkHq4xO8Onma5je5g\" alt=\"\ud83d\udfe2\">Pour les subventions dans le cadre de la <strong>politique sport et handicap<\/strong> pour que les sportifs en situation de handicap, licenci\u00e9s dans une association is\u00e9roise, puissent b\u00e9n\u00e9ficier d\u2019une aide \u00e0 l\u2019acquisition de mat\u00e9riel pour leur pratique sportive par le biais de leur club ;\u00a0<\/p>\n\n\n\n<p><img loading=\"lazy\" decoding=\"async\" width=\"19\" height=\"19\" src=\"https:\/\/lh7-rt.googleusercontent.com\/docsz\/AD_4nXfTp3Z_sYW3RBN8dKzAu5Zvc_OBZ2unqcFysLsXejGjCbYvdyGJEj8jCsYSpymv61puIE4BMhDoZLFAzzNrdseh0yuON9vBSg--qH2OtW4U5xMGEUE7SsWsKrdMk0634DVbjsThjO5lwF6_3BkMTXXu7sEU?key=w65-8JkHq4xO8Onma5je5g\" alt=\"\ud83d\udfe2\">Pour le projet d\u2019am\u00e9lioration de l\u2019acc\u00e8s \u00e0 l\u2019eau potable et l\u2019assainissement dans le <strong>d\u00e9partement de K\u00e9dougou (S\u00e9n\u00e9gal) <\/strong>dans le cadre de la coop\u00e9ration internationale ;<\/p>\n\n\n\n<p><img loading=\"lazy\" decoding=\"async\" width=\"19\" height=\"19\" src=\"https:\/\/lh7-rt.googleusercontent.com\/docsz\/AD_4nXfTp3Z_sYW3RBN8dKzAu5Zvc_OBZ2unqcFysLsXejGjCbYvdyGJEj8jCsYSpymv61puIE4BMhDoZLFAzzNrdseh0yuON9vBSg--qH2OtW4U5xMGEUE7SsWsKrdMk0634DVbjsThjO5lwF6_3BkMTXXu7sEU?key=w65-8JkHq4xO8Onma5je5g\" alt=\"\ud83d\udfe2\">Pour la labellisation comme nouvelle modalit\u00e9 de participation pour la <strong>protection Sant\u00e9 des agents du D\u00e9partement<\/strong> de l\u2019Is\u00e8re qui b\u00e9n\u00e9ficieront d\u2019une meilleure offre de compl\u00e9mentaire sant\u00e9.<\/p>\n","protected":false},"excerpt":{"rendered":"<p>D\u2019avril \u00e0 juillet 2024, les conseill\u00e8res et conseillers d\u00e9partementaux ont d\u00e9lib\u00e9r\u00e9 sur 340 d\u00e9lib\u00e9rations en commission permanente chaque &hellip; <\/p>\n","protected":false},"author":8,"featured_media":683917,"comment_status":"open","ping_status":"open","sticky":false,"template":"","format":"standard","meta":{"footnotes":""},"categories":[349,120,289],"tags":[],"class_list":["post-684098","post","type-post","status-publish","format-standard","has-post-thumbnail","hentry","category-349","category-commissions-permanentes","category-commissions-permanentes-avril-mai-juin-juillet-24"],"yoast_head":"<!-- This site is optimized with the Yoast SEO plugin v27.5 - https:\/\/yoast.com\/product\/yoast-seo-wordpress\/ -->\n<title>Retour sur les commissions permanentes d&#039;avril \u00e0 juillet 2024 - D\u00e9partement de l&#039;Is\u00e8re<\/title>\n<meta name=\"robots\" content=\"index, follow, max-snippet:-1, max-image-preview:large, max-video-preview:-1\" \/>\n<link rel=\"canonical\" href=\"https:\/\/www.uges-isere.fr\/index.php\/2024\/07\/29\/retour-sur-les-dernieres-commissions-permanentes\/\" \/>\n<meta property=\"og:locale\" content=\"fr_FR\" \/>\n<meta property=\"og:type\" content=\"article\" \/>\n<meta property=\"og:title\" content=\"Retour sur les commissions permanentes d&#039;avril \u00e0 juillet 2024 - D\u00e9partement de l&#039;Is\u00e8re\" \/>\n<meta property=\"og:description\" content=\"D\u2019avril \u00e0 juillet 2024, les conseill\u00e8res et conseillers d\u00e9partementaux ont d\u00e9lib\u00e9r\u00e9 sur 340 d\u00e9lib\u00e9rations en commission permanente chaque &hellip;\" \/>\n<meta property=\"og:url\" content=\"https:\/\/www.uges-isere.fr\/index.php\/2024\/07\/29\/retour-sur-les-dernieres-commissions-permanentes\/\" \/>\n<meta property=\"og:site_name\" content=\"D\u00e9partement de l&#039;Is\u00e8re\" \/>\n<meta property=\"article:publisher\" content=\"https:\/\/www.facebook.com\/LePrintemps38\" \/>\n<meta property=\"article:published_time\" content=\"2024-07-29T21:02:09+00:00\" \/>\n<meta property=\"article:modified_time\" content=\"2025-06-02T09:51:57+00:00\" \/>\n<meta property=\"og:image\" content=\"https:\/\/www.uges-isere.fr\/wp-content\/uploads\/2023\/12\/Opp-budget.png\" \/>\n\t<meta property=\"og:image:width\" content=\"838\" \/>\n\t<meta property=\"og:image:height\" content=\"471\" \/>\n\t<meta property=\"og:image:type\" content=\"image\/png\" \/>\n<meta name=\"author\" content=\"ThibaudUGES38\" \/>\n<meta name=\"twitter:card\" content=\"summary_large_image\" \/>\n<meta name=\"twitter:creator\" content=\"@GroupeUGES38\" \/>\n<meta name=\"twitter:site\" content=\"@GroupeUGES38\" \/>\n<meta name=\"twitter:label1\" content=\"\u00c9crit par\" \/>\n\t<meta name=\"twitter:data1\" content=\"ThibaudUGES38\" \/>\n\t<meta name=\"twitter:label2\" content=\"Dur\u00e9e de lecture estim\u00e9e\" \/>\n\t<meta name=\"twitter:data2\" content=\"9 minutes\" \/>\n<script type=\"application\/ld+json\" class=\"yoast-schema-graph\">{\"@context\":\"https:\\\/\\\/schema.org\",\"@graph\":[{\"@type\":\"Article\",\"@id\":\"https:\\\/\\\/www.uges-isere.fr\\\/index.php\\\/2024\\\/07\\\/29\\\/retour-sur-les-dernieres-commissions-permanentes\\\/#article\",\"isPartOf\":{\"@id\":\"https:\\\/\\\/www.uges-isere.fr\\\/index.php\\\/2024\\\/07\\\/29\\\/retour-sur-les-dernieres-commissions-permanentes\\\/\"},\"author\":{\"name\":\"ThibaudUGES38\",\"@id\":\"https:\\\/\\\/www.uges-isere.fr\\\/#\\\/schema\\\/person\\\/a200926d67119314e8837b6a085de83a\"},\"headline\":\"Retour sur les commissions permanentes d&rsquo;avril \u00e0 juillet 2024\",\"datePublished\":\"2024-07-29T21:02:09+00:00\",\"dateModified\":\"2025-06-02T09:51:57+00:00\",\"mainEntityOfPage\":{\"@id\":\"https:\\\/\\\/www.uges-isere.fr\\\/index.php\\\/2024\\\/07\\\/29\\\/retour-sur-les-dernieres-commissions-permanentes\\\/\"},\"wordCount\":1002,\"commentCount\":0,\"publisher\":{\"@id\":\"https:\\\/\\\/www.uges-isere.fr\\\/#organization\"},\"image\":{\"@id\":\"https:\\\/\\\/www.uges-isere.fr\\\/index.php\\\/2024\\\/07\\\/29\\\/retour-sur-les-dernieres-commissions-permanentes\\\/#primaryimage\"},\"thumbnailUrl\":\"https:\\\/\\\/www.uges-isere.fr\\\/wp-content\\\/uploads\\\/2023\\\/12\\\/Opp-budget.png\",\"articleSection\":[\"2024\",\"Commissions permanentes\",\"Commissions permanentes avril-mai-juin-juillet 24\"],\"inLanguage\":\"fr-FR\",\"potentialAction\":[{\"@type\":\"CommentAction\",\"name\":\"Comment\",\"target\":[\"https:\\\/\\\/www.uges-isere.fr\\\/index.php\\\/2024\\\/07\\\/29\\\/retour-sur-les-dernieres-commissions-permanentes\\\/#respond\"]}]},{\"@type\":\"WebPage\",\"@id\":\"https:\\\/\\\/www.uges-isere.fr\\\/index.php\\\/2024\\\/07\\\/29\\\/retour-sur-les-dernieres-commissions-permanentes\\\/\",\"url\":\"https:\\\/\\\/www.uges-isere.fr\\\/index.php\\\/2024\\\/07\\\/29\\\/retour-sur-les-dernieres-commissions-permanentes\\\/\",\"name\":\"Retour sur les commissions permanentes d'avril \u00e0 juillet 2024 - D\u00e9partement de l&#039;Is\u00e8re\",\"isPartOf\":{\"@id\":\"https:\\\/\\\/www.uges-isere.fr\\\/#website\"},\"primaryImageOfPage\":{\"@id\":\"https:\\\/\\\/www.uges-isere.fr\\\/index.php\\\/2024\\\/07\\\/29\\\/retour-sur-les-dernieres-commissions-permanentes\\\/#primaryimage\"},\"image\":{\"@id\":\"https:\\\/\\\/www.uges-isere.fr\\\/index.php\\\/2024\\\/07\\\/29\\\/retour-sur-les-dernieres-commissions-permanentes\\\/#primaryimage\"},\"thumbnailUrl\":\"https:\\\/\\\/www.uges-isere.fr\\\/wp-content\\\/uploads\\\/2023\\\/12\\\/Opp-budget.png\",\"datePublished\":\"2024-07-29T21:02:09+00:00\",\"dateModified\":\"2025-06-02T09:51:57+00:00\",\"breadcrumb\":{\"@id\":\"https:\\\/\\\/www.uges-isere.fr\\\/index.php\\\/2024\\\/07\\\/29\\\/retour-sur-les-dernieres-commissions-permanentes\\\/#breadcrumb\"},\"inLanguage\":\"fr-FR\",\"potentialAction\":[{\"@type\":\"ReadAction\",\"target\":[\"https:\\\/\\\/www.uges-isere.fr\\\/index.php\\\/2024\\\/07\\\/29\\\/retour-sur-les-dernieres-commissions-permanentes\\\/\"]}]},{\"@type\":\"ImageObject\",\"inLanguage\":\"fr-FR\",\"@id\":\"https:\\\/\\\/www.uges-isere.fr\\\/index.php\\\/2024\\\/07\\\/29\\\/retour-sur-les-dernieres-commissions-permanentes\\\/#primaryimage\",\"url\":\"https:\\\/\\\/www.uges-isere.fr\\\/wp-content\\\/uploads\\\/2023\\\/12\\\/Opp-budget.png\",\"contentUrl\":\"https:\\\/\\\/www.uges-isere.fr\\\/wp-content\\\/uploads\\\/2023\\\/12\\\/Opp-budget.png\",\"width\":838,\"height\":471},{\"@type\":\"BreadcrumbList\",\"@id\":\"https:\\\/\\\/www.uges-isere.fr\\\/index.php\\\/2024\\\/07\\\/29\\\/retour-sur-les-dernieres-commissions-permanentes\\\/#breadcrumb\",\"itemListElement\":[{\"@type\":\"ListItem\",\"position\":1,\"name\":\"Accueil\",\"item\":\"https:\\\/\\\/www.uges-isere.fr\\\/\"},{\"@type\":\"ListItem\",\"position\":2,\"name\":\"Retour sur les commissions permanentes d&rsquo;avril \u00e0 juillet 2024\"}]},{\"@type\":\"WebSite\",\"@id\":\"https:\\\/\\\/www.uges-isere.fr\\\/#website\",\"url\":\"https:\\\/\\\/www.uges-isere.fr\\\/\",\"name\":\"D\u00e9partement de l&#039;Is\u00e8re\",\"description\":\"Groupe d&#039;opposition UGES\",\"publisher\":{\"@id\":\"https:\\\/\\\/www.uges-isere.fr\\\/#organization\"},\"potentialAction\":[{\"@type\":\"SearchAction\",\"target\":{\"@type\":\"EntryPoint\",\"urlTemplate\":\"https:\\\/\\\/www.uges-isere.fr\\\/?s={search_term_string}\"},\"query-input\":{\"@type\":\"PropertyValueSpecification\",\"valueRequired\":true,\"valueName\":\"search_term_string\"}}],\"inLanguage\":\"fr-FR\"},{\"@type\":\"Organization\",\"@id\":\"https:\\\/\\\/www.uges-isere.fr\\\/#organization\",\"name\":\"D\u00e9partement de l'Is\u00e8re\",\"url\":\"https:\\\/\\\/www.uges-isere.fr\\\/\",\"logo\":{\"@type\":\"ImageObject\",\"inLanguage\":\"fr-FR\",\"@id\":\"https:\\\/\\\/www.uges-isere.fr\\\/#\\\/schema\\\/logo\\\/image\\\/\",\"url\":\"https:\\\/\\\/www.uges-isere.fr\\\/wp-content\\\/uploads\\\/2021\\\/10\\\/logo-ok.png\",\"contentUrl\":\"https:\\\/\\\/www.uges-isere.fr\\\/wp-content\\\/uploads\\\/2021\\\/10\\\/logo-ok.png\",\"width\":2859,\"height\":1816,\"caption\":\"D\u00e9partement de l'Is\u00e8re\"},\"image\":{\"@id\":\"https:\\\/\\\/www.uges-isere.fr\\\/#\\\/schema\\\/logo\\\/image\\\/\"},\"sameAs\":[\"https:\\\/\\\/www.facebook.com\\\/LePrintemps38\",\"https:\\\/\\\/x.com\\\/GroupeUGES38\"]},{\"@type\":\"Person\",\"@id\":\"https:\\\/\\\/www.uges-isere.fr\\\/#\\\/schema\\\/person\\\/a200926d67119314e8837b6a085de83a\",\"name\":\"ThibaudUGES38\",\"image\":{\"@type\":\"ImageObject\",\"inLanguage\":\"fr-FR\",\"@id\":\"https:\\\/\\\/secure.gravatar.com\\\/avatar\\\/e182ebfe597e409aafe3378f828607b2b757ed94a3489b20112818296e03b151?s=96&d=mm&r=g\",\"url\":\"https:\\\/\\\/secure.gravatar.com\\\/avatar\\\/e182ebfe597e409aafe3378f828607b2b757ed94a3489b20112818296e03b151?s=96&d=mm&r=g\",\"contentUrl\":\"https:\\\/\\\/secure.gravatar.com\\\/avatar\\\/e182ebfe597e409aafe3378f828607b2b757ed94a3489b20112818296e03b151?s=96&d=mm&r=g\",\"caption\":\"ThibaudUGES38\"},\"url\":\"https:\\\/\\\/www.uges-isere.fr\\\/index.php\\\/author\\\/thibauduges38\\\/\"}]}<\/script>\n<!-- \/ Yoast SEO plugin. -->","yoast_head_json":{"title":"Retour sur les commissions permanentes d'avril \u00e0 juillet 2024 - D\u00e9partement de l&#039;Is\u00e8re","robots":{"index":"index","follow":"follow","max-snippet":"max-snippet:-1","max-image-preview":"max-image-preview:large","max-video-preview":"max-video-preview:-1"},"canonical":"https:\/\/www.uges-isere.fr\/index.php\/2024\/07\/29\/retour-sur-les-dernieres-commissions-permanentes\/","og_locale":"fr_FR","og_type":"article","og_title":"Retour sur les commissions permanentes d'avril \u00e0 juillet 2024 - D\u00e9partement de l&#039;Is\u00e8re","og_description":"D\u2019avril \u00e0 juillet 2024, les conseill\u00e8res et conseillers d\u00e9partementaux ont d\u00e9lib\u00e9r\u00e9 sur 340 d\u00e9lib\u00e9rations en commission permanente chaque &hellip;","og_url":"https:\/\/www.uges-isere.fr\/index.php\/2024\/07\/29\/retour-sur-les-dernieres-commissions-permanentes\/","og_site_name":"D\u00e9partement de l&#039;Is\u00e8re","article_publisher":"https:\/\/www.facebook.com\/LePrintemps38","article_published_time":"2024-07-29T21:02:09+00:00","article_modified_time":"2025-06-02T09:51:57+00:00","og_image":[{"width":838,"height":471,"url":"https:\/\/www.uges-isere.fr\/wp-content\/uploads\/2023\/12\/Opp-budget.png","type":"image\/png"}],"author":"ThibaudUGES38","twitter_card":"summary_large_image","twitter_creator":"@GroupeUGES38","twitter_site":"@GroupeUGES38","twitter_misc":{"\u00c9crit par":"ThibaudUGES38","Dur\u00e9e de lecture estim\u00e9e":"9 minutes"},"schema":{"@context":"https:\/\/schema.org","@graph":[{"@type":"Article","@id":"https:\/\/www.uges-isere.fr\/index.php\/2024\/07\/29\/retour-sur-les-dernieres-commissions-permanentes\/#article","isPartOf":{"@id":"https:\/\/www.uges-isere.fr\/index.php\/2024\/07\/29\/retour-sur-les-dernieres-commissions-permanentes\/"},"author":{"name":"ThibaudUGES38","@id":"https:\/\/www.uges-isere.fr\/#\/schema\/person\/a200926d67119314e8837b6a085de83a"},"headline":"Retour sur les commissions permanentes d&rsquo;avril \u00e0 juillet 2024","datePublished":"2024-07-29T21:02:09+00:00","dateModified":"2025-06-02T09:51:57+00:00","mainEntityOfPage":{"@id":"https:\/\/www.uges-isere.fr\/index.php\/2024\/07\/29\/retour-sur-les-dernieres-commissions-permanentes\/"},"wordCount":1002,"commentCount":0,"publisher":{"@id":"https:\/\/www.uges-isere.fr\/#organization"},"image":{"@id":"https:\/\/www.uges-isere.fr\/index.php\/2024\/07\/29\/retour-sur-les-dernieres-commissions-permanentes\/#primaryimage"},"thumbnailUrl":"https:\/\/www.uges-isere.fr\/wp-content\/uploads\/2023\/12\/Opp-budget.png","articleSection":["2024","Commissions permanentes","Commissions permanentes avril-mai-juin-juillet 24"],"inLanguage":"fr-FR","potentialAction":[{"@type":"CommentAction","name":"Comment","target":["https:\/\/www.uges-isere.fr\/index.php\/2024\/07\/29\/retour-sur-les-dernieres-commissions-permanentes\/#respond"]}]},{"@type":"WebPage","@id":"https:\/\/www.uges-isere.fr\/index.php\/2024\/07\/29\/retour-sur-les-dernieres-commissions-permanentes\/","url":"https:\/\/www.uges-isere.fr\/index.php\/2024\/07\/29\/retour-sur-les-dernieres-commissions-permanentes\/","name":"Retour sur les commissions permanentes d'avril \u00e0 juillet 2024 - D\u00e9partement de l&#039;Is\u00e8re","isPartOf":{"@id":"https:\/\/www.uges-isere.fr\/#website"},"primaryImageOfPage":{"@id":"https:\/\/www.uges-isere.fr\/index.php\/2024\/07\/29\/retour-sur-les-dernieres-commissions-permanentes\/#primaryimage"},"image":{"@id":"https:\/\/www.uges-isere.fr\/index.php\/2024\/07\/29\/retour-sur-les-dernieres-commissions-permanentes\/#primaryimage"},"thumbnailUrl":"https:\/\/www.uges-isere.fr\/wp-content\/uploads\/2023\/12\/Opp-budget.png","datePublished":"2024-07-29T21:02:09+00:00","dateModified":"2025-06-02T09:51:57+00:00","breadcrumb":{"@id":"https:\/\/www.uges-isere.fr\/index.php\/2024\/07\/29\/retour-sur-les-dernieres-commissions-permanentes\/#breadcrumb"},"inLanguage":"fr-FR","potentialAction":[{"@type":"ReadAction","target":["https:\/\/www.uges-isere.fr\/index.php\/2024\/07\/29\/retour-sur-les-dernieres-commissions-permanentes\/"]}]},{"@type":"ImageObject","inLanguage":"fr-FR","@id":"https:\/\/www.uges-isere.fr\/index.php\/2024\/07\/29\/retour-sur-les-dernieres-commissions-permanentes\/#primaryimage","url":"https:\/\/www.uges-isere.fr\/wp-content\/uploads\/2023\/12\/Opp-budget.png","contentUrl":"https:\/\/www.uges-isere.fr\/wp-content\/uploads\/2023\/12\/Opp-budget.png","width":838,"height":471},{"@type":"BreadcrumbList","@id":"https:\/\/www.uges-isere.fr\/index.php\/2024\/07\/29\/retour-sur-les-dernieres-commissions-permanentes\/#breadcrumb","itemListElement":[{"@type":"ListItem","position":1,"name":"Accueil","item":"https:\/\/www.uges-isere.fr\/"},{"@type":"ListItem","position":2,"name":"Retour sur les commissions permanentes d&rsquo;avril \u00e0 juillet 2024"}]},{"@type":"WebSite","@id":"https:\/\/www.uges-isere.fr\/#website","url":"https:\/\/www.uges-isere.fr\/","name":"D\u00e9partement de l&#039;Is\u00e8re","description":"Groupe d&#039;opposition UGES","publisher":{"@id":"https:\/\/www.uges-isere.fr\/#organization"},"potentialAction":[{"@type":"SearchAction","target":{"@type":"EntryPoint","urlTemplate":"https:\/\/www.uges-isere.fr\/?s={search_term_string}"},"query-input":{"@type":"PropertyValueSpecification","valueRequired":true,"valueName":"search_term_string"}}],"inLanguage":"fr-FR"},{"@type":"Organization","@id":"https:\/\/www.uges-isere.fr\/#organization","name":"D\u00e9partement de l'Is\u00e8re","url":"https:\/\/www.uges-isere.fr\/","logo":{"@type":"ImageObject","inLanguage":"fr-FR","@id":"https:\/\/www.uges-isere.fr\/#\/schema\/logo\/image\/","url":"https:\/\/www.uges-isere.fr\/wp-content\/uploads\/2021\/10\/logo-ok.png","contentUrl":"https:\/\/www.uges-isere.fr\/wp-content\/uploads\/2021\/10\/logo-ok.png","width":2859,"height":1816,"caption":"D\u00e9partement de l'Is\u00e8re"},"image":{"@id":"https:\/\/www.uges-isere.fr\/#\/schema\/logo\/image\/"},"sameAs":["https:\/\/www.facebook.com\/LePrintemps38","https:\/\/x.com\/GroupeUGES38"]},{"@type":"Person","@id":"https:\/\/www.uges-isere.fr\/#\/schema\/person\/a200926d67119314e8837b6a085de83a","name":"ThibaudUGES38","image":{"@type":"ImageObject","inLanguage":"fr-FR","@id":"https:\/\/secure.gravatar.com\/avatar\/e182ebfe597e409aafe3378f828607b2b757ed94a3489b20112818296e03b151?s=96&d=mm&r=g","url":"https:\/\/secure.gravatar.com\/avatar\/e182ebfe597e409aafe3378f828607b2b757ed94a3489b20112818296e03b151?s=96&d=mm&r=g","contentUrl":"https:\/\/secure.gravatar.com\/avatar\/e182ebfe597e409aafe3378f828607b2b757ed94a3489b20112818296e03b151?s=96&d=mm&r=g","caption":"ThibaudUGES38"},"url":"https:\/\/www.uges-isere.fr\/index.php\/author\/thibauduges38\/"}]}},"_links":{"self":[{"href":"https:\/\/www.uges-isere.fr\/index.php\/wp-json\/wp\/v2\/posts\/684098","targetHints":{"allow":["GET"]}}],"collection":[{"href":"https:\/\/www.uges-isere.fr\/index.php\/wp-json\/wp\/v2\/posts"}],"about":[{"href":"https:\/\/www.uges-isere.fr\/index.php\/wp-json\/wp\/v2\/types\/post"}],"author":[{"embeddable":true,"href":"https:\/\/www.uges-isere.fr\/index.php\/wp-json\/wp\/v2\/users\/8"}],"replies":[{"embeddable":true,"href":"https:\/\/www.uges-isere.fr\/index.php\/wp-json\/wp\/v2\/comments?post=684098"}],"version-history":[{"count":6,"href":"https:\/\/www.uges-isere.fr\/index.php\/wp-json\/wp\/v2\/posts\/684098\/revisions"}],"predecessor-version":[{"id":684360,"href":"https:\/\/www.uges-isere.fr\/index.php\/wp-json\/wp\/v2\/posts\/684098\/revisions\/684360"}],"wp:featuredmedia":[{"embeddable":true,"href":"https:\/\/www.uges-isere.fr\/index.php\/wp-json\/wp\/v2\/media\/683917"}],"wp:attachment":[{"href":"https:\/\/www.uges-isere.fr\/index.php\/wp-json\/wp\/v2\/media?parent=684098"}],"wp:term":[{"taxonomy":"category","embeddable":true,"href":"https:\/\/www.uges-isere.fr\/index.php\/wp-json\/wp\/v2\/categories?post=684098"},{"taxonomy":"post_tag","embeddable":true,"href":"https:\/\/www.uges-isere.fr\/index.php\/wp-json\/wp\/v2\/tags?post=684098"}],"curies":[{"name":"wp","href":"https:\/\/api.w.org\/{rel}","templated":true}]}}