{"id":684074,"date":"2024-07-05T10:34:06","date_gmt":"2024-07-05T08:34:06","guid":{"rendered":"https:\/\/www.uges-isere.fr\/?p=684074"},"modified":"2024-08-07T13:43:23","modified_gmt":"2024-08-07T11:43:23","slug":"compte-administratif-2023-face-a-la-crise-le-departement-aurait-pu-renforcer-ses-politiques-de-solidarites","status":"publish","type":"post","link":"https:\/\/www.uges-isere.fr\/index.php\/2024\/07\/05\/compte-administratif-2023-face-a-la-crise-le-departement-aurait-pu-renforcer-ses-politiques-de-solidarites\/","title":{"rendered":"Compte administratif 2023 : face \u00e0 la crise, le D\u00e9partement aurait pu renforcer ses politiques de solidarit\u00e9s"},"content":{"rendered":"\n<p><strong><em>Lors de la s\u00e9ance publique du 29 juin 2024, David Queiros est intervenu pour le groupe UGES sur le Compte administratif 2023 (CA) pr\u00e9sent\u00e9 au vote de l\u2019Assembl\u00e9e d\u00e9partementale. L\u2019int\u00e9r\u00eat et la vocation de l\u2019examen du CA sont de pouvoir comparer les \u00e9carts entre le \u00ab\u00a0pr\u00e9vu\u00a0\u00bb et le \u00ab\u00a0r\u00e9alis\u00e9\u00a0\u00bb, ainsi que les \u00e9volutions sur les ann\u00e9es pr\u00e9c\u00e9dentes.<\/em><\/strong><\/p>\n\n\n\n<p>Dans un premier temps, D.Queiros a souhait\u00e9 rappeler les conditions particuli\u00e8res de pr\u00e9paration du Budget primitif 2023. En effet, toutes les collectivit\u00e9s territoriales ont \u00e9t\u00e9 amen\u00e9es \u00e0 pr\u00e9parer leur budget dans une situation qui \u00e9tait difficilement envisageable en d\u00e9but de mandat. Apr\u00e8s la crise sanitaire, <strong>la crise \u00e9nerg\u00e9tique et l&rsquo;inflation ont eu des impacts inqui\u00e9tants sur leurs budgets<\/strong>. Tous les agents \u00e9conomiques sont concern\u00e9s&nbsp;: l\u2019\u00c9tat bien s\u00fbr, les entreprises et les m\u00e9nages tout particuli\u00e8rement.<\/p>\n\n\n\n<p>Dans ces conditions, sans perspectives de recettes nouvelles, le Gouvernement a impos\u00e9 \u00e0 coup de 49.3 un Projet de loi de finances 2023 et une Loi programmatique de finances publiques 2023-2027 qui d\u00e9gradent encore plus le d\u00e9ficit public et la dette publique. <strong>Ce Gouvernement fait donc payer, comme \u00e0 son habitude, les travailleurs et les collectivit\u00e9s locales.<\/strong> En compl\u00e9ment, les fragilit\u00e9s sociales persistent : le ch\u00f4mage repart \u00e0 la hausse, les demandes d&rsquo;aide \u00e0 la personnes progressent en France et en Is\u00e8re.<\/p>\n\n\n\n<p>Sur les chiffres contenus dans le Compte administratif 2023, nous observons que les recettes sont r\u00e9alis\u00e9es de 101 \u00e0 105\u00a0%, autrement dit chaque ann\u00e9e le D\u00e9partement pr\u00e9sente des exc\u00e9dents entre 15 et 72 M\u20ac. Pour ce qui concerne les d\u00e9penses r\u00e9elles de fonctionnement, nous constations une r\u00e9alisation de 95\u00a0% soit 56 \u00e0 74 M\u20ac en moins. <strong>Sur toute cette p\u00e9riode, il a donc exist\u00e9 des possibilit\u00e9s pour le D\u00e9partement de renforcer par exemple les solidarit\u00e9s<\/strong> <strong>pour prot\u00e9ger les Is\u00e9roises et Is\u00e9rois les plus fragiles.<\/strong><\/p>\n\n\n\n<p>Entre 2022 et 2023, le diff\u00e9rentiel entre la hausse des recettes de fonctionnement et les d\u00e9penses r\u00e9elles de fonctionnement se situe \u00e0 pr\u00e8s de 30M\u20ac. Dans ces conditions, l\u2019\u00c9pargne brute baisse de pr\u00e8s de 11M\u20ac. <strong>Cette r\u00e9alit\u00e9 est une cons\u00e9quence de perte totale de l\u2019 autonomie fiscale des D\u00e9partements.<\/strong> Leur niveau de recettes est d\u00e9sormais d\u00e9pendant de 2 facteurs\u00a0:<\/p>\n\n\n\n<ul class=\"wp-block-list\">\n<li>des transactions fonci\u00e8res et immobili\u00e8res qui alimentent les Droits de Mutation \u00e0 Titre On\u00e9reux (DMTO).<\/li>\n\n\n\n<li>de l\u2019activit\u00e9 \u00e9conomique qui alimentent les produits de recettes de l\u2019\u00c9tat au niveau de la TVA, ce m\u00eame produit servant \u00e0 compens\u00e9 la disparition de la Taxe d\u2019habitation.<\/li>\n<\/ul>\n\n\n\n<p>L\u2019encours de dette du D\u00e9partement de l\u2019Is\u00e8re baisse de 6,5\u00a0% soit 28,7 M\u20ac entre 2022 \u00e0 2023, autrement dit <strong>le D\u00e9partement a pu se d\u00e9sendetter sur cette p\u00e9riode<\/strong>. Sa capacit\u00e9 de d\u00e9sendettement reste dans ces conditions inf\u00e9rieure \u00e0 2 ans (c&rsquo;est largement en-dessous de la moyenne nationale). Il s\u2019agit d\u2019ailleurs ici du fait marquant du CA 2023 <strong>puisqu\u2019il n\u2019a pas \u00e9t\u00e9 proc\u00e9d\u00e9 au recours \u00e0 l\u2019emprunt. <\/strong>Du point de vue de la gestion active de la dette, c\u2019est \u00e9videmment bien venu puisque les taux n\u2019ont jamais \u00e9t\u00e9 aussi \u00e9lev\u00e9s depuis plus de 20 ans alors que bien des collectivit\u00e9s sont impact\u00e9es par cette tendance nouvelle.<\/p>\n\n\n\n<p>Malgr\u00e9 une l\u00e9g\u00e8re d\u00e9gradation de certains ratios, nous pouvons dire que le CA 2023 confirme que <strong>le D\u00e9partement de l\u2019Is\u00e8re est en bonne sant\u00e9 financi\u00e8re<\/strong>. Ce Compte administratif du deuxi\u00e8me budget primitif de la mandature d\u00e9montre que <strong>le D\u00e9partement a la capacit\u00e9 de jouer un r\u00f4le de rempart face \u00e0 l\u2019aggravation de la crise \u00e9conomique et sociale<\/strong>.<\/p>\n","protected":false},"excerpt":{"rendered":"<p>Lors de la s\u00e9ance publique du 29 juin 2024, David Queiros est intervenu pour le groupe UGES sur &hellip; <\/p>\n","protected":false},"author":8,"featured_media":683731,"comment_status":"open","ping_status":"open","sticky":false,"template":"","format":"standard","meta":{"footnotes":""},"categories":[283,15],"tags":[39,35,284,285,149,286,287,288,190],"class_list":["post-684074","post","type-post","status-publish","format-standard","has-post-thumbnail","hentry","category-seance-publique-juin-2024","category-seances-publiques","tag-autonomie-fiscale","tag-budget","tag-compte-administratif","tag-dette","tag-finances","tag-fonctionnement","tag-investissement","tag-isere","tag-solidarites"],"yoast_head":"<!-- This site is optimized with the Yoast SEO plugin v27.5 - https:\/\/yoast.com\/product\/yoast-seo-wordpress\/ -->\n<title>Compte administratif 2023 : face \u00e0 la crise, le D\u00e9partement aurait pu renforcer ses politiques de solidarit\u00e9s - D\u00e9partement de l&#039;Is\u00e8re<\/title>\n<meta name=\"robots\" content=\"index, follow, max-snippet:-1, max-image-preview:large, max-video-preview:-1\" \/>\n<link rel=\"canonical\" href=\"https:\/\/www.uges-isere.fr\/index.php\/2024\/07\/05\/compte-administratif-2023-face-a-la-crise-le-departement-aurait-pu-renforcer-ses-politiques-de-solidarites\/\" \/>\n<meta property=\"og:locale\" content=\"fr_FR\" \/>\n<meta property=\"og:type\" content=\"article\" \/>\n<meta property=\"og:title\" content=\"Compte administratif 2023 : face \u00e0 la crise, le D\u00e9partement aurait pu renforcer ses politiques de solidarit\u00e9s - D\u00e9partement de l&#039;Is\u00e8re\" \/>\n<meta property=\"og:description\" content=\"Lors de la s\u00e9ance publique du 29 juin 2024, David Queiros est intervenu pour le groupe UGES sur &hellip;\" \/>\n<meta property=\"og:url\" content=\"https:\/\/www.uges-isere.fr\/index.php\/2024\/07\/05\/compte-administratif-2023-face-a-la-crise-le-departement-aurait-pu-renforcer-ses-politiques-de-solidarites\/\" \/>\n<meta property=\"og:site_name\" content=\"D\u00e9partement de l&#039;Is\u00e8re\" \/>\n<meta property=\"article:publisher\" content=\"https:\/\/www.facebook.com\/LePrintemps38\" \/>\n<meta property=\"article:published_time\" content=\"2024-07-05T08:34:06+00:00\" \/>\n<meta property=\"article:modified_time\" content=\"2024-08-07T11:43:23+00:00\" \/>\n<meta property=\"og:image\" content=\"https:\/\/www.uges-isere.fr\/wp-content\/uploads\/2023\/06\/wallet-2292428_1280.jpg\" \/>\n\t<meta property=\"og:image:width\" content=\"1280\" \/>\n\t<meta property=\"og:image:height\" content=\"853\" \/>\n\t<meta property=\"og:image:type\" content=\"image\/jpeg\" \/>\n<meta name=\"author\" content=\"ThibaudUGES38\" \/>\n<meta name=\"twitter:card\" content=\"summary_large_image\" \/>\n<meta name=\"twitter:creator\" content=\"@GroupeUGES38\" \/>\n<meta name=\"twitter:site\" content=\"@GroupeUGES38\" \/>\n<meta name=\"twitter:label1\" content=\"\u00c9crit par\" \/>\n\t<meta name=\"twitter:data1\" content=\"ThibaudUGES38\" \/>\n\t<meta name=\"twitter:label2\" content=\"Dur\u00e9e de lecture estim\u00e9e\" \/>\n\t<meta name=\"twitter:data2\" content=\"4 minutes\" \/>\n<script type=\"application\/ld+json\" class=\"yoast-schema-graph\">{\"@context\":\"https:\\\/\\\/schema.org\",\"@graph\":[{\"@type\":\"Article\",\"@id\":\"https:\\\/\\\/www.uges-isere.fr\\\/index.php\\\/2024\\\/07\\\/05\\\/compte-administratif-2023-face-a-la-crise-le-departement-aurait-pu-renforcer-ses-politiques-de-solidarites\\\/#article\",\"isPartOf\":{\"@id\":\"https:\\\/\\\/www.uges-isere.fr\\\/index.php\\\/2024\\\/07\\\/05\\\/compte-administratif-2023-face-a-la-crise-le-departement-aurait-pu-renforcer-ses-politiques-de-solidarites\\\/\"},\"author\":{\"name\":\"ThibaudUGES38\",\"@id\":\"https:\\\/\\\/www.uges-isere.fr\\\/#\\\/schema\\\/person\\\/a200926d67119314e8837b6a085de83a\"},\"headline\":\"Compte administratif 2023 : face \u00e0 la crise, le D\u00e9partement aurait pu renforcer ses politiques de solidarit\u00e9s\",\"datePublished\":\"2024-07-05T08:34:06+00:00\",\"dateModified\":\"2024-08-07T11:43:23+00:00\",\"mainEntityOfPage\":{\"@id\":\"https:\\\/\\\/www.uges-isere.fr\\\/index.php\\\/2024\\\/07\\\/05\\\/compte-administratif-2023-face-a-la-crise-le-departement-aurait-pu-renforcer-ses-politiques-de-solidarites\\\/\"},\"wordCount\":640,\"commentCount\":0,\"publisher\":{\"@id\":\"https:\\\/\\\/www.uges-isere.fr\\\/#organization\"},\"image\":{\"@id\":\"https:\\\/\\\/www.uges-isere.fr\\\/index.php\\\/2024\\\/07\\\/05\\\/compte-administratif-2023-face-a-la-crise-le-departement-aurait-pu-renforcer-ses-politiques-de-solidarites\\\/#primaryimage\"},\"thumbnailUrl\":\"https:\\\/\\\/www.uges-isere.fr\\\/wp-content\\\/uploads\\\/2023\\\/06\\\/wallet-2292428_1280.jpg\",\"keywords\":[\"autonomie fiscale\",\"budget\",\"compte administratif\",\"dette\",\"finances\",\"fonctionnement\",\"investissement\",\"Is\u00e8re\",\"solidarit\u00e9s\"],\"articleSection\":[\"S\u00e9ance publique (Budget suppl\u00e9mentaire) - Juin 2024\",\"S\u00e9ances publiques\"],\"inLanguage\":\"fr-FR\",\"potentialAction\":[{\"@type\":\"CommentAction\",\"name\":\"Comment\",\"target\":[\"https:\\\/\\\/www.uges-isere.fr\\\/index.php\\\/2024\\\/07\\\/05\\\/compte-administratif-2023-face-a-la-crise-le-departement-aurait-pu-renforcer-ses-politiques-de-solidarites\\\/#respond\"]}]},{\"@type\":\"WebPage\",\"@id\":\"https:\\\/\\\/www.uges-isere.fr\\\/index.php\\\/2024\\\/07\\\/05\\\/compte-administratif-2023-face-a-la-crise-le-departement-aurait-pu-renforcer-ses-politiques-de-solidarites\\\/\",\"url\":\"https:\\\/\\\/www.uges-isere.fr\\\/index.php\\\/2024\\\/07\\\/05\\\/compte-administratif-2023-face-a-la-crise-le-departement-aurait-pu-renforcer-ses-politiques-de-solidarites\\\/\",\"name\":\"Compte administratif 2023 : face \u00e0 la crise, le D\u00e9partement aurait pu renforcer ses politiques de solidarit\u00e9s - D\u00e9partement de l&#039;Is\u00e8re\",\"isPartOf\":{\"@id\":\"https:\\\/\\\/www.uges-isere.fr\\\/#website\"},\"primaryImageOfPage\":{\"@id\":\"https:\\\/\\\/www.uges-isere.fr\\\/index.php\\\/2024\\\/07\\\/05\\\/compte-administratif-2023-face-a-la-crise-le-departement-aurait-pu-renforcer-ses-politiques-de-solidarites\\\/#primaryimage\"},\"image\":{\"@id\":\"https:\\\/\\\/www.uges-isere.fr\\\/index.php\\\/2024\\\/07\\\/05\\\/compte-administratif-2023-face-a-la-crise-le-departement-aurait-pu-renforcer-ses-politiques-de-solidarites\\\/#primaryimage\"},\"thumbnailUrl\":\"https:\\\/\\\/www.uges-isere.fr\\\/wp-content\\\/uploads\\\/2023\\\/06\\\/wallet-2292428_1280.jpg\",\"datePublished\":\"2024-07-05T08:34:06+00:00\",\"dateModified\":\"2024-08-07T11:43:23+00:00\",\"breadcrumb\":{\"@id\":\"https:\\\/\\\/www.uges-isere.fr\\\/index.php\\\/2024\\\/07\\\/05\\\/compte-administratif-2023-face-a-la-crise-le-departement-aurait-pu-renforcer-ses-politiques-de-solidarites\\\/#breadcrumb\"},\"inLanguage\":\"fr-FR\",\"potentialAction\":[{\"@type\":\"ReadAction\",\"target\":[\"https:\\\/\\\/www.uges-isere.fr\\\/index.php\\\/2024\\\/07\\\/05\\\/compte-administratif-2023-face-a-la-crise-le-departement-aurait-pu-renforcer-ses-politiques-de-solidarites\\\/\"]}]},{\"@type\":\"ImageObject\",\"inLanguage\":\"fr-FR\",\"@id\":\"https:\\\/\\\/www.uges-isere.fr\\\/index.php\\\/2024\\\/07\\\/05\\\/compte-administratif-2023-face-a-la-crise-le-departement-aurait-pu-renforcer-ses-politiques-de-solidarites\\\/#primaryimage\",\"url\":\"https:\\\/\\\/www.uges-isere.fr\\\/wp-content\\\/uploads\\\/2023\\\/06\\\/wallet-2292428_1280.jpg\",\"contentUrl\":\"https:\\\/\\\/www.uges-isere.fr\\\/wp-content\\\/uploads\\\/2023\\\/06\\\/wallet-2292428_1280.jpg\",\"width\":1280,\"height\":853},{\"@type\":\"BreadcrumbList\",\"@id\":\"https:\\\/\\\/www.uges-isere.fr\\\/index.php\\\/2024\\\/07\\\/05\\\/compte-administratif-2023-face-a-la-crise-le-departement-aurait-pu-renforcer-ses-politiques-de-solidarites\\\/#breadcrumb\",\"itemListElement\":[{\"@type\":\"ListItem\",\"position\":1,\"name\":\"Accueil\",\"item\":\"https:\\\/\\\/www.uges-isere.fr\\\/\"},{\"@type\":\"ListItem\",\"position\":2,\"name\":\"Compte administratif 2023 : face \u00e0 la crise, le D\u00e9partement aurait pu renforcer ses politiques de solidarit\u00e9s\"}]},{\"@type\":\"WebSite\",\"@id\":\"https:\\\/\\\/www.uges-isere.fr\\\/#website\",\"url\":\"https:\\\/\\\/www.uges-isere.fr\\\/\",\"name\":\"D\u00e9partement de l&#039;Is\u00e8re\",\"description\":\"Groupe d&#039;opposition UGES\",\"publisher\":{\"@id\":\"https:\\\/\\\/www.uges-isere.fr\\\/#organization\"},\"potentialAction\":[{\"@type\":\"SearchAction\",\"target\":{\"@type\":\"EntryPoint\",\"urlTemplate\":\"https:\\\/\\\/www.uges-isere.fr\\\/?s={search_term_string}\"},\"query-input\":{\"@type\":\"PropertyValueSpecification\",\"valueRequired\":true,\"valueName\":\"search_term_string\"}}],\"inLanguage\":\"fr-FR\"},{\"@type\":\"Organization\",\"@id\":\"https:\\\/\\\/www.uges-isere.fr\\\/#organization\",\"name\":\"D\u00e9partement de l'Is\u00e8re\",\"url\":\"https:\\\/\\\/www.uges-isere.fr\\\/\",\"logo\":{\"@type\":\"ImageObject\",\"inLanguage\":\"fr-FR\",\"@id\":\"https:\\\/\\\/www.uges-isere.fr\\\/#\\\/schema\\\/logo\\\/image\\\/\",\"url\":\"https:\\\/\\\/www.uges-isere.fr\\\/wp-content\\\/uploads\\\/2021\\\/10\\\/logo-ok.png\",\"contentUrl\":\"https:\\\/\\\/www.uges-isere.fr\\\/wp-content\\\/uploads\\\/2021\\\/10\\\/logo-ok.png\",\"width\":2859,\"height\":1816,\"caption\":\"D\u00e9partement de l'Is\u00e8re\"},\"image\":{\"@id\":\"https:\\\/\\\/www.uges-isere.fr\\\/#\\\/schema\\\/logo\\\/image\\\/\"},\"sameAs\":[\"https:\\\/\\\/www.facebook.com\\\/LePrintemps38\",\"https:\\\/\\\/x.com\\\/GroupeUGES38\"]},{\"@type\":\"Person\",\"@id\":\"https:\\\/\\\/www.uges-isere.fr\\\/#\\\/schema\\\/person\\\/a200926d67119314e8837b6a085de83a\",\"name\":\"ThibaudUGES38\",\"image\":{\"@type\":\"ImageObject\",\"inLanguage\":\"fr-FR\",\"@id\":\"https:\\\/\\\/secure.gravatar.com\\\/avatar\\\/e182ebfe597e409aafe3378f828607b2b757ed94a3489b20112818296e03b151?s=96&d=mm&r=g\",\"url\":\"https:\\\/\\\/secure.gravatar.com\\\/avatar\\\/e182ebfe597e409aafe3378f828607b2b757ed94a3489b20112818296e03b151?s=96&d=mm&r=g\",\"contentUrl\":\"https:\\\/\\\/secure.gravatar.com\\\/avatar\\\/e182ebfe597e409aafe3378f828607b2b757ed94a3489b20112818296e03b151?s=96&d=mm&r=g\",\"caption\":\"ThibaudUGES38\"},\"url\":\"https:\\\/\\\/www.uges-isere.fr\\\/index.php\\\/author\\\/thibauduges38\\\/\"}]}<\/script>\n<!-- \/ Yoast SEO plugin. -->","yoast_head_json":{"title":"Compte administratif 2023 : face \u00e0 la crise, le D\u00e9partement aurait pu renforcer ses politiques de solidarit\u00e9s - D\u00e9partement de l&#039;Is\u00e8re","robots":{"index":"index","follow":"follow","max-snippet":"max-snippet:-1","max-image-preview":"max-image-preview:large","max-video-preview":"max-video-preview:-1"},"canonical":"https:\/\/www.uges-isere.fr\/index.php\/2024\/07\/05\/compte-administratif-2023-face-a-la-crise-le-departement-aurait-pu-renforcer-ses-politiques-de-solidarites\/","og_locale":"fr_FR","og_type":"article","og_title":"Compte administratif 2023 : face \u00e0 la crise, le D\u00e9partement aurait pu renforcer ses politiques de solidarit\u00e9s - D\u00e9partement de l&#039;Is\u00e8re","og_description":"Lors de la s\u00e9ance publique du 29 juin 2024, David Queiros est intervenu pour le groupe UGES sur &hellip;","og_url":"https:\/\/www.uges-isere.fr\/index.php\/2024\/07\/05\/compte-administratif-2023-face-a-la-crise-le-departement-aurait-pu-renforcer-ses-politiques-de-solidarites\/","og_site_name":"D\u00e9partement de l&#039;Is\u00e8re","article_publisher":"https:\/\/www.facebook.com\/LePrintemps38","article_published_time":"2024-07-05T08:34:06+00:00","article_modified_time":"2024-08-07T11:43:23+00:00","og_image":[{"width":1280,"height":853,"url":"https:\/\/www.uges-isere.fr\/wp-content\/uploads\/2023\/06\/wallet-2292428_1280.jpg","type":"image\/jpeg"}],"author":"ThibaudUGES38","twitter_card":"summary_large_image","twitter_creator":"@GroupeUGES38","twitter_site":"@GroupeUGES38","twitter_misc":{"\u00c9crit par":"ThibaudUGES38","Dur\u00e9e de lecture estim\u00e9e":"4 minutes"},"schema":{"@context":"https:\/\/schema.org","@graph":[{"@type":"Article","@id":"https:\/\/www.uges-isere.fr\/index.php\/2024\/07\/05\/compte-administratif-2023-face-a-la-crise-le-departement-aurait-pu-renforcer-ses-politiques-de-solidarites\/#article","isPartOf":{"@id":"https:\/\/www.uges-isere.fr\/index.php\/2024\/07\/05\/compte-administratif-2023-face-a-la-crise-le-departement-aurait-pu-renforcer-ses-politiques-de-solidarites\/"},"author":{"name":"ThibaudUGES38","@id":"https:\/\/www.uges-isere.fr\/#\/schema\/person\/a200926d67119314e8837b6a085de83a"},"headline":"Compte administratif 2023 : face \u00e0 la crise, le D\u00e9partement aurait pu renforcer ses politiques de solidarit\u00e9s","datePublished":"2024-07-05T08:34:06+00:00","dateModified":"2024-08-07T11:43:23+00:00","mainEntityOfPage":{"@id":"https:\/\/www.uges-isere.fr\/index.php\/2024\/07\/05\/compte-administratif-2023-face-a-la-crise-le-departement-aurait-pu-renforcer-ses-politiques-de-solidarites\/"},"wordCount":640,"commentCount":0,"publisher":{"@id":"https:\/\/www.uges-isere.fr\/#organization"},"image":{"@id":"https:\/\/www.uges-isere.fr\/index.php\/2024\/07\/05\/compte-administratif-2023-face-a-la-crise-le-departement-aurait-pu-renforcer-ses-politiques-de-solidarites\/#primaryimage"},"thumbnailUrl":"https:\/\/www.uges-isere.fr\/wp-content\/uploads\/2023\/06\/wallet-2292428_1280.jpg","keywords":["autonomie fiscale","budget","compte administratif","dette","finances","fonctionnement","investissement","Is\u00e8re","solidarit\u00e9s"],"articleSection":["S\u00e9ance publique (Budget suppl\u00e9mentaire) - Juin 2024","S\u00e9ances publiques"],"inLanguage":"fr-FR","potentialAction":[{"@type":"CommentAction","name":"Comment","target":["https:\/\/www.uges-isere.fr\/index.php\/2024\/07\/05\/compte-administratif-2023-face-a-la-crise-le-departement-aurait-pu-renforcer-ses-politiques-de-solidarites\/#respond"]}]},{"@type":"WebPage","@id":"https:\/\/www.uges-isere.fr\/index.php\/2024\/07\/05\/compte-administratif-2023-face-a-la-crise-le-departement-aurait-pu-renforcer-ses-politiques-de-solidarites\/","url":"https:\/\/www.uges-isere.fr\/index.php\/2024\/07\/05\/compte-administratif-2023-face-a-la-crise-le-departement-aurait-pu-renforcer-ses-politiques-de-solidarites\/","name":"Compte administratif 2023 : face \u00e0 la crise, le D\u00e9partement aurait pu renforcer ses politiques de solidarit\u00e9s - D\u00e9partement de l&#039;Is\u00e8re","isPartOf":{"@id":"https:\/\/www.uges-isere.fr\/#website"},"primaryImageOfPage":{"@id":"https:\/\/www.uges-isere.fr\/index.php\/2024\/07\/05\/compte-administratif-2023-face-a-la-crise-le-departement-aurait-pu-renforcer-ses-politiques-de-solidarites\/#primaryimage"},"image":{"@id":"https:\/\/www.uges-isere.fr\/index.php\/2024\/07\/05\/compte-administratif-2023-face-a-la-crise-le-departement-aurait-pu-renforcer-ses-politiques-de-solidarites\/#primaryimage"},"thumbnailUrl":"https:\/\/www.uges-isere.fr\/wp-content\/uploads\/2023\/06\/wallet-2292428_1280.jpg","datePublished":"2024-07-05T08:34:06+00:00","dateModified":"2024-08-07T11:43:23+00:00","breadcrumb":{"@id":"https:\/\/www.uges-isere.fr\/index.php\/2024\/07\/05\/compte-administratif-2023-face-a-la-crise-le-departement-aurait-pu-renforcer-ses-politiques-de-solidarites\/#breadcrumb"},"inLanguage":"fr-FR","potentialAction":[{"@type":"ReadAction","target":["https:\/\/www.uges-isere.fr\/index.php\/2024\/07\/05\/compte-administratif-2023-face-a-la-crise-le-departement-aurait-pu-renforcer-ses-politiques-de-solidarites\/"]}]},{"@type":"ImageObject","inLanguage":"fr-FR","@id":"https:\/\/www.uges-isere.fr\/index.php\/2024\/07\/05\/compte-administratif-2023-face-a-la-crise-le-departement-aurait-pu-renforcer-ses-politiques-de-solidarites\/#primaryimage","url":"https:\/\/www.uges-isere.fr\/wp-content\/uploads\/2023\/06\/wallet-2292428_1280.jpg","contentUrl":"https:\/\/www.uges-isere.fr\/wp-content\/uploads\/2023\/06\/wallet-2292428_1280.jpg","width":1280,"height":853},{"@type":"BreadcrumbList","@id":"https:\/\/www.uges-isere.fr\/index.php\/2024\/07\/05\/compte-administratif-2023-face-a-la-crise-le-departement-aurait-pu-renforcer-ses-politiques-de-solidarites\/#breadcrumb","itemListElement":[{"@type":"ListItem","position":1,"name":"Accueil","item":"https:\/\/www.uges-isere.fr\/"},{"@type":"ListItem","position":2,"name":"Compte administratif 2023 : face \u00e0 la crise, le D\u00e9partement aurait pu renforcer ses politiques de solidarit\u00e9s"}]},{"@type":"WebSite","@id":"https:\/\/www.uges-isere.fr\/#website","url":"https:\/\/www.uges-isere.fr\/","name":"D\u00e9partement de l&#039;Is\u00e8re","description":"Groupe d&#039;opposition UGES","publisher":{"@id":"https:\/\/www.uges-isere.fr\/#organization"},"potentialAction":[{"@type":"SearchAction","target":{"@type":"EntryPoint","urlTemplate":"https:\/\/www.uges-isere.fr\/?s={search_term_string}"},"query-input":{"@type":"PropertyValueSpecification","valueRequired":true,"valueName":"search_term_string"}}],"inLanguage":"fr-FR"},{"@type":"Organization","@id":"https:\/\/www.uges-isere.fr\/#organization","name":"D\u00e9partement de l'Is\u00e8re","url":"https:\/\/www.uges-isere.fr\/","logo":{"@type":"ImageObject","inLanguage":"fr-FR","@id":"https:\/\/www.uges-isere.fr\/#\/schema\/logo\/image\/","url":"https:\/\/www.uges-isere.fr\/wp-content\/uploads\/2021\/10\/logo-ok.png","contentUrl":"https:\/\/www.uges-isere.fr\/wp-content\/uploads\/2021\/10\/logo-ok.png","width":2859,"height":1816,"caption":"D\u00e9partement de l'Is\u00e8re"},"image":{"@id":"https:\/\/www.uges-isere.fr\/#\/schema\/logo\/image\/"},"sameAs":["https:\/\/www.facebook.com\/LePrintemps38","https:\/\/x.com\/GroupeUGES38"]},{"@type":"Person","@id":"https:\/\/www.uges-isere.fr\/#\/schema\/person\/a200926d67119314e8837b6a085de83a","name":"ThibaudUGES38","image":{"@type":"ImageObject","inLanguage":"fr-FR","@id":"https:\/\/secure.gravatar.com\/avatar\/e182ebfe597e409aafe3378f828607b2b757ed94a3489b20112818296e03b151?s=96&d=mm&r=g","url":"https:\/\/secure.gravatar.com\/avatar\/e182ebfe597e409aafe3378f828607b2b757ed94a3489b20112818296e03b151?s=96&d=mm&r=g","contentUrl":"https:\/\/secure.gravatar.com\/avatar\/e182ebfe597e409aafe3378f828607b2b757ed94a3489b20112818296e03b151?s=96&d=mm&r=g","caption":"ThibaudUGES38"},"url":"https:\/\/www.uges-isere.fr\/index.php\/author\/thibauduges38\/"}]}},"_links":{"self":[{"href":"https:\/\/www.uges-isere.fr\/index.php\/wp-json\/wp\/v2\/posts\/684074","targetHints":{"allow":["GET"]}}],"collection":[{"href":"https:\/\/www.uges-isere.fr\/index.php\/wp-json\/wp\/v2\/posts"}],"about":[{"href":"https:\/\/www.uges-isere.fr\/index.php\/wp-json\/wp\/v2\/types\/post"}],"author":[{"embeddable":true,"href":"https:\/\/www.uges-isere.fr\/index.php\/wp-json\/wp\/v2\/users\/8"}],"replies":[{"embeddable":true,"href":"https:\/\/www.uges-isere.fr\/index.php\/wp-json\/wp\/v2\/comments?post=684074"}],"version-history":[{"count":2,"href":"https:\/\/www.uges-isere.fr\/index.php\/wp-json\/wp\/v2\/posts\/684074\/revisions"}],"predecessor-version":[{"id":684082,"href":"https:\/\/www.uges-isere.fr\/index.php\/wp-json\/wp\/v2\/posts\/684074\/revisions\/684082"}],"wp:featuredmedia":[{"embeddable":true,"href":"https:\/\/www.uges-isere.fr\/index.php\/wp-json\/wp\/v2\/media\/683731"}],"wp:attachment":[{"href":"https:\/\/www.uges-isere.fr\/index.php\/wp-json\/wp\/v2\/media?parent=684074"}],"wp:term":[{"taxonomy":"category","embeddable":true,"href":"https:\/\/www.uges-isere.fr\/index.php\/wp-json\/wp\/v2\/categories?post=684074"},{"taxonomy":"post_tag","embeddable":true,"href":"https:\/\/www.uges-isere.fr\/index.php\/wp-json\/wp\/v2\/tags?post=684074"}],"curies":[{"name":"wp","href":"https:\/\/api.w.org\/{rel}","templated":true}]}}