{"id":684035,"date":"2024-03-29T10:00:00","date_gmt":"2024-03-29T09:00:00","guid":{"rendered":"https:\/\/www.uges-isere.fr\/?p=684035"},"modified":"2025-06-02T11:52:09","modified_gmt":"2025-06-02T09:52:09","slug":"retour-sur-les-commissions-permanente-de-janvier-fevrier-et-mars-200","status":"publish","type":"post","link":"https:\/\/www.uges-isere.fr\/index.php\/2024\/03\/29\/retour-sur-les-commissions-permanente-de-janvier-fevrier-et-mars-200\/","title":{"rendered":"Retour sur les commissions permanentes de janvier, f\u00e9vrier et mars 2024"},"content":{"rendered":"\n<p>Les conseill\u00e8res et conseillers d\u00e9partementaux du groupe UGES se sont r\u00e9unis les vendredis 26 janvier et 23 f\u00e9vrier 2024 en commission permanente afin de d\u00e9lib\u00e9rer sur plusieurs rapports. A la suite de la s\u00e9ance publique du 29 mars, ils se sont exprim\u00e9s \u00e9galement sur une centaine de d\u00e9lib\u00e9rations :<\/p>\n\n\n\n<p>\ud83d\udfe2Pour le soutien exceptionnel \u00e0 l&rsquo;Association d\u2019aide \u00e0 domicile aux personnes \u00e2g\u00e9es et handicap\u00e9es de Vienne (ADPAH) qui fait face \u00e0 des difficult\u00e9s financi\u00e8res. Le groupe UGES a exprim\u00e9 son inqui\u00e9tudes et ses attentes dans un<a href=\"https:\/\/www.uges-isere.fr\/index.php\/2024\/02\/09\/face-aux-difficultes-de-ladpah-le-departement-de-lisere-doit-etre-au-rendez-vous\/\" target=\"_blank\" rel=\"noreferrer noopener\"><strong> communiqu\u00e9 de presse  (f\u00e9vrier) ;&nbsp;<\/strong><\/a><\/p>\n\n\n\n<p>\ud83d\udd34Contre la d\u00e9livrance des aides aux familles <strong>sous la forme de ch\u00e8que de service<\/strong> pour l&rsquo;accompagnement personnalis\u00e9 alimentaires-hygi\u00e8ne (janvier) ;&nbsp;<\/p>\n\n\n\n<p>\ud83d\udfe0Abstention sur la convention financi\u00e8re annuelle avec l&rsquo;association France B\u00e9n\u00e9volat Grenoble Is\u00e8re car le D\u00e9partement inscrit ce partenariat dans la<strong> r\u00e9ciprocit\u00e9 demand\u00e9e aux allocataires du RSA <\/strong>et dans la priorisation des missions de l&rsquo;action sociale (mars) ;<\/p>\n\n\n\n<p>\ud83d\udfe0Abstention \u00e9galement sur le <strong>Plan local pour l\u2019insertion et l\u2019emploi de Vienne Condrieu<\/strong> que nous jugeons trop peu ambitieux, \u00e0 l&rsquo;image du Plan d\u00e9partemental d\u2019insertion vers l\u2019emploi (PDI-E).<\/p>\n\n\n\n<p>\ud83d\udfe2Pour un <strong>nouveau dispositif d&rsquo;h\u00e9bergement \u00e0 destination des Mineurs non accompagn\u00e9s et les jeunes majeurs<\/strong> sur la commune de Grenoble, avec la cr\u00e9ation de 87 places d&rsquo;h\u00e9bergement  dans le cadre du dispositif \u00ab L\u2019Olivier \u00bb port\u00e9 par la Sauvegarde Is\u00e8re (mars) ;<\/p>\n\n\n\n<p>\ud83d\udd34Abstention ou Contre sur le<strong> bail de chasse<\/strong> qui concerne l&rsquo;Espace naturel sensible (ENS) du Col du Coq, la chasse individuelle n&rsquo;\u00e9tant pas automatiquement suspendue en cas de pr\u00e9sence de scolaires sur site (mars);<\/p>\n\n\n\n<p>\ud83d\udfe2Pour les ajustements de dotation de fonctionnement des coll\u00e8ges et pour les investissements pr\u00e9vus en r\u00e9novation ou reconstruction. <a href=\"https:\/\/www.uges-isere.fr\/index.php\/2024\/03\/01\/dotation-horaire-choc-des-savoirs-austerite-budgetaire-le-groupe-uges-alerte-sur-les-moyens-des-colleges-iserois\/\" target=\"_blank\" rel=\"noreferrer noopener\">Les \u00e9lu-es UGES ont d&rsquo;ailleurs exprim\u00e9 leurs inqui\u00e9tudes sur les moyens allou\u00e9s par l&rsquo;Etat aux coll\u00e8ges is\u00e9rois suite aux annonces du Gouvernement Attal (classes de niveaux) ; <\/a><\/p>\n","protected":false},"excerpt":{"rendered":"<p>Les conseill\u00e8res et conseillers d\u00e9partementaux du groupe UGES se sont r\u00e9unis les vendredis 26 janvier et 23 f\u00e9vrier &hellip; <\/p>\n","protected":false},"author":8,"featured_media":684036,"comment_status":"open","ping_status":"open","sticky":false,"template":"","format":"standard","meta":{"footnotes":""},"categories":[349,120,277],"tags":[273,72,314,37,228,185,179,313,62],"class_list":["post-684035","post","type-post","status-publish","format-standard","has-post-thumbnail","hentry","category-349","category-commissions-permanentes","category-cp-janvier-fevrier-mars-2024","tag-adpah","tag-aide-a-domicile","tag-classes-de-niveaux","tag-colleges","tag-espaces-naturels-sensibles","tag-mineurs-non-accompagnes","tag-pdie","tag-reciprocite-2","tag-rsa"],"yoast_head":"<!-- This site is optimized with the Yoast SEO plugin v27.5 - https:\/\/yoast.com\/product\/yoast-seo-wordpress\/ -->\n<title>Retour sur les commissions permanentes de janvier, f\u00e9vrier et mars 2024 - D\u00e9partement de l&#039;Is\u00e8re<\/title>\n<meta name=\"robots\" content=\"index, follow, max-snippet:-1, max-image-preview:large, max-video-preview:-1\" \/>\n<link rel=\"canonical\" href=\"https:\/\/www.uges-isere.fr\/index.php\/2024\/03\/29\/retour-sur-les-commissions-permanente-de-janvier-fevrier-et-mars-200\/\" \/>\n<meta property=\"og:locale\" content=\"fr_FR\" \/>\n<meta property=\"og:type\" content=\"article\" \/>\n<meta property=\"og:title\" content=\"Retour sur les commissions permanentes de janvier, f\u00e9vrier et mars 2024 - D\u00e9partement de l&#039;Is\u00e8re\" \/>\n<meta property=\"og:description\" content=\"Les conseill\u00e8res et conseillers d\u00e9partementaux du groupe UGES se sont r\u00e9unis les vendredis 26 janvier et 23 f\u00e9vrier &hellip;\" \/>\n<meta property=\"og:url\" content=\"https:\/\/www.uges-isere.fr\/index.php\/2024\/03\/29\/retour-sur-les-commissions-permanente-de-janvier-fevrier-et-mars-200\/\" \/>\n<meta property=\"og:site_name\" content=\"D\u00e9partement de l&#039;Is\u00e8re\" \/>\n<meta property=\"article:publisher\" content=\"https:\/\/www.facebook.com\/LePrintemps38\" \/>\n<meta property=\"article:published_time\" content=\"2024-03-29T09:00:00+00:00\" \/>\n<meta property=\"article:modified_time\" content=\"2025-06-02T09:52:09+00:00\" \/>\n<meta property=\"og:image\" content=\"https:\/\/www.uges-isere.fr\/wp-content\/uploads\/2024\/03\/hemi-scaled.jpg\" \/>\n\t<meta property=\"og:image:width\" content=\"2560\" \/>\n\t<meta property=\"og:image:height\" content=\"2094\" \/>\n\t<meta property=\"og:image:type\" content=\"image\/jpeg\" \/>\n<meta name=\"author\" content=\"ThibaudUGES38\" \/>\n<meta name=\"twitter:card\" content=\"summary_large_image\" \/>\n<meta name=\"twitter:creator\" content=\"@GroupeUGES38\" \/>\n<meta name=\"twitter:site\" content=\"@GroupeUGES38\" \/>\n<meta name=\"twitter:label1\" content=\"\u00c9crit par\" \/>\n\t<meta name=\"twitter:data1\" content=\"ThibaudUGES38\" \/>\n\t<meta name=\"twitter:label2\" content=\"Dur\u00e9e de lecture estim\u00e9e\" \/>\n\t<meta name=\"twitter:data2\" content=\"2 minutes\" \/>\n<script type=\"application\/ld+json\" class=\"yoast-schema-graph\">{\"@context\":\"https:\\\/\\\/schema.org\",\"@graph\":[{\"@type\":\"Article\",\"@id\":\"https:\\\/\\\/www.uges-isere.fr\\\/index.php\\\/2024\\\/03\\\/29\\\/retour-sur-les-commissions-permanente-de-janvier-fevrier-et-mars-200\\\/#article\",\"isPartOf\":{\"@id\":\"https:\\\/\\\/www.uges-isere.fr\\\/index.php\\\/2024\\\/03\\\/29\\\/retour-sur-les-commissions-permanente-de-janvier-fevrier-et-mars-200\\\/\"},\"author\":{\"name\":\"ThibaudUGES38\",\"@id\":\"https:\\\/\\\/www.uges-isere.fr\\\/#\\\/schema\\\/person\\\/a200926d67119314e8837b6a085de83a\"},\"headline\":\"Retour sur les commissions permanentes de janvier, f\u00e9vrier et mars 2024\",\"datePublished\":\"2024-03-29T09:00:00+00:00\",\"dateModified\":\"2025-06-02T09:52:09+00:00\",\"mainEntityOfPage\":{\"@id\":\"https:\\\/\\\/www.uges-isere.fr\\\/index.php\\\/2024\\\/03\\\/29\\\/retour-sur-les-commissions-permanente-de-janvier-fevrier-et-mars-200\\\/\"},\"wordCount\":338,\"commentCount\":0,\"publisher\":{\"@id\":\"https:\\\/\\\/www.uges-isere.fr\\\/#organization\"},\"image\":{\"@id\":\"https:\\\/\\\/www.uges-isere.fr\\\/index.php\\\/2024\\\/03\\\/29\\\/retour-sur-les-commissions-permanente-de-janvier-fevrier-et-mars-200\\\/#primaryimage\"},\"thumbnailUrl\":\"https:\\\/\\\/www.uges-isere.fr\\\/wp-content\\\/uploads\\\/2024\\\/03\\\/hemi-scaled.jpg\",\"keywords\":[\"ADPAH\",\"aide \u00e0 domicile\",\"classes de niveaux\",\"coll\u00e8ges\",\"Espaces naturels sensibles\",\"Mineurs non accompagn\u00e9s\",\"PDIE\",\"r\u00e9ciprocit\u00e9\",\"RSA\"],\"articleSection\":[\"2024\",\"Commissions permanentes\",\"Commissions permanentes Janvier-F\u00e9vrier-Mars 2024\"],\"inLanguage\":\"fr-FR\",\"potentialAction\":[{\"@type\":\"CommentAction\",\"name\":\"Comment\",\"target\":[\"https:\\\/\\\/www.uges-isere.fr\\\/index.php\\\/2024\\\/03\\\/29\\\/retour-sur-les-commissions-permanente-de-janvier-fevrier-et-mars-200\\\/#respond\"]}]},{\"@type\":\"WebPage\",\"@id\":\"https:\\\/\\\/www.uges-isere.fr\\\/index.php\\\/2024\\\/03\\\/29\\\/retour-sur-les-commissions-permanente-de-janvier-fevrier-et-mars-200\\\/\",\"url\":\"https:\\\/\\\/www.uges-isere.fr\\\/index.php\\\/2024\\\/03\\\/29\\\/retour-sur-les-commissions-permanente-de-janvier-fevrier-et-mars-200\\\/\",\"name\":\"Retour sur les commissions permanentes de janvier, f\u00e9vrier et mars 2024 - D\u00e9partement de l&#039;Is\u00e8re\",\"isPartOf\":{\"@id\":\"https:\\\/\\\/www.uges-isere.fr\\\/#website\"},\"primaryImageOfPage\":{\"@id\":\"https:\\\/\\\/www.uges-isere.fr\\\/index.php\\\/2024\\\/03\\\/29\\\/retour-sur-les-commissions-permanente-de-janvier-fevrier-et-mars-200\\\/#primaryimage\"},\"image\":{\"@id\":\"https:\\\/\\\/www.uges-isere.fr\\\/index.php\\\/2024\\\/03\\\/29\\\/retour-sur-les-commissions-permanente-de-janvier-fevrier-et-mars-200\\\/#primaryimage\"},\"thumbnailUrl\":\"https:\\\/\\\/www.uges-isere.fr\\\/wp-content\\\/uploads\\\/2024\\\/03\\\/hemi-scaled.jpg\",\"datePublished\":\"2024-03-29T09:00:00+00:00\",\"dateModified\":\"2025-06-02T09:52:09+00:00\",\"breadcrumb\":{\"@id\":\"https:\\\/\\\/www.uges-isere.fr\\\/index.php\\\/2024\\\/03\\\/29\\\/retour-sur-les-commissions-permanente-de-janvier-fevrier-et-mars-200\\\/#breadcrumb\"},\"inLanguage\":\"fr-FR\",\"potentialAction\":[{\"@type\":\"ReadAction\",\"target\":[\"https:\\\/\\\/www.uges-isere.fr\\\/index.php\\\/2024\\\/03\\\/29\\\/retour-sur-les-commissions-permanente-de-janvier-fevrier-et-mars-200\\\/\"]}]},{\"@type\":\"ImageObject\",\"inLanguage\":\"fr-FR\",\"@id\":\"https:\\\/\\\/www.uges-isere.fr\\\/index.php\\\/2024\\\/03\\\/29\\\/retour-sur-les-commissions-permanente-de-janvier-fevrier-et-mars-200\\\/#primaryimage\",\"url\":\"https:\\\/\\\/www.uges-isere.fr\\\/wp-content\\\/uploads\\\/2024\\\/03\\\/hemi-scaled.jpg\",\"contentUrl\":\"https:\\\/\\\/www.uges-isere.fr\\\/wp-content\\\/uploads\\\/2024\\\/03\\\/hemi-scaled.jpg\",\"width\":2560,\"height\":2094},{\"@type\":\"BreadcrumbList\",\"@id\":\"https:\\\/\\\/www.uges-isere.fr\\\/index.php\\\/2024\\\/03\\\/29\\\/retour-sur-les-commissions-permanente-de-janvier-fevrier-et-mars-200\\\/#breadcrumb\",\"itemListElement\":[{\"@type\":\"ListItem\",\"position\":1,\"name\":\"Accueil\",\"item\":\"https:\\\/\\\/www.uges-isere.fr\\\/\"},{\"@type\":\"ListItem\",\"position\":2,\"name\":\"Retour sur les commissions permanentes de janvier, f\u00e9vrier et mars 2024\"}]},{\"@type\":\"WebSite\",\"@id\":\"https:\\\/\\\/www.uges-isere.fr\\\/#website\",\"url\":\"https:\\\/\\\/www.uges-isere.fr\\\/\",\"name\":\"D\u00e9partement de l&#039;Is\u00e8re\",\"description\":\"Groupe d&#039;opposition UGES\",\"publisher\":{\"@id\":\"https:\\\/\\\/www.uges-isere.fr\\\/#organization\"},\"potentialAction\":[{\"@type\":\"SearchAction\",\"target\":{\"@type\":\"EntryPoint\",\"urlTemplate\":\"https:\\\/\\\/www.uges-isere.fr\\\/?s={search_term_string}\"},\"query-input\":{\"@type\":\"PropertyValueSpecification\",\"valueRequired\":true,\"valueName\":\"search_term_string\"}}],\"inLanguage\":\"fr-FR\"},{\"@type\":\"Organization\",\"@id\":\"https:\\\/\\\/www.uges-isere.fr\\\/#organization\",\"name\":\"D\u00e9partement de l'Is\u00e8re\",\"url\":\"https:\\\/\\\/www.uges-isere.fr\\\/\",\"logo\":{\"@type\":\"ImageObject\",\"inLanguage\":\"fr-FR\",\"@id\":\"https:\\\/\\\/www.uges-isere.fr\\\/#\\\/schema\\\/logo\\\/image\\\/\",\"url\":\"https:\\\/\\\/www.uges-isere.fr\\\/wp-content\\\/uploads\\\/2021\\\/10\\\/logo-ok.png\",\"contentUrl\":\"https:\\\/\\\/www.uges-isere.fr\\\/wp-content\\\/uploads\\\/2021\\\/10\\\/logo-ok.png\",\"width\":2859,\"height\":1816,\"caption\":\"D\u00e9partement de l'Is\u00e8re\"},\"image\":{\"@id\":\"https:\\\/\\\/www.uges-isere.fr\\\/#\\\/schema\\\/logo\\\/image\\\/\"},\"sameAs\":[\"https:\\\/\\\/www.facebook.com\\\/LePrintemps38\",\"https:\\\/\\\/x.com\\\/GroupeUGES38\"]},{\"@type\":\"Person\",\"@id\":\"https:\\\/\\\/www.uges-isere.fr\\\/#\\\/schema\\\/person\\\/a200926d67119314e8837b6a085de83a\",\"name\":\"ThibaudUGES38\",\"image\":{\"@type\":\"ImageObject\",\"inLanguage\":\"fr-FR\",\"@id\":\"https:\\\/\\\/secure.gravatar.com\\\/avatar\\\/e182ebfe597e409aafe3378f828607b2b757ed94a3489b20112818296e03b151?s=96&d=mm&r=g\",\"url\":\"https:\\\/\\\/secure.gravatar.com\\\/avatar\\\/e182ebfe597e409aafe3378f828607b2b757ed94a3489b20112818296e03b151?s=96&d=mm&r=g\",\"contentUrl\":\"https:\\\/\\\/secure.gravatar.com\\\/avatar\\\/e182ebfe597e409aafe3378f828607b2b757ed94a3489b20112818296e03b151?s=96&d=mm&r=g\",\"caption\":\"ThibaudUGES38\"},\"url\":\"https:\\\/\\\/www.uges-isere.fr\\\/index.php\\\/author\\\/thibauduges38\\\/\"}]}<\/script>\n<!-- \/ Yoast SEO plugin. -->","yoast_head_json":{"title":"Retour sur les commissions permanentes de janvier, f\u00e9vrier et mars 2024 - D\u00e9partement de l&#039;Is\u00e8re","robots":{"index":"index","follow":"follow","max-snippet":"max-snippet:-1","max-image-preview":"max-image-preview:large","max-video-preview":"max-video-preview:-1"},"canonical":"https:\/\/www.uges-isere.fr\/index.php\/2024\/03\/29\/retour-sur-les-commissions-permanente-de-janvier-fevrier-et-mars-200\/","og_locale":"fr_FR","og_type":"article","og_title":"Retour sur les commissions permanentes de janvier, f\u00e9vrier et mars 2024 - D\u00e9partement de l&#039;Is\u00e8re","og_description":"Les conseill\u00e8res et conseillers d\u00e9partementaux du groupe UGES se sont r\u00e9unis les vendredis 26 janvier et 23 f\u00e9vrier &hellip;","og_url":"https:\/\/www.uges-isere.fr\/index.php\/2024\/03\/29\/retour-sur-les-commissions-permanente-de-janvier-fevrier-et-mars-200\/","og_site_name":"D\u00e9partement de l&#039;Is\u00e8re","article_publisher":"https:\/\/www.facebook.com\/LePrintemps38","article_published_time":"2024-03-29T09:00:00+00:00","article_modified_time":"2025-06-02T09:52:09+00:00","og_image":[{"width":2560,"height":2094,"url":"https:\/\/www.uges-isere.fr\/wp-content\/uploads\/2024\/03\/hemi-scaled.jpg","type":"image\/jpeg"}],"author":"ThibaudUGES38","twitter_card":"summary_large_image","twitter_creator":"@GroupeUGES38","twitter_site":"@GroupeUGES38","twitter_misc":{"\u00c9crit par":"ThibaudUGES38","Dur\u00e9e de lecture estim\u00e9e":"2 minutes"},"schema":{"@context":"https:\/\/schema.org","@graph":[{"@type":"Article","@id":"https:\/\/www.uges-isere.fr\/index.php\/2024\/03\/29\/retour-sur-les-commissions-permanente-de-janvier-fevrier-et-mars-200\/#article","isPartOf":{"@id":"https:\/\/www.uges-isere.fr\/index.php\/2024\/03\/29\/retour-sur-les-commissions-permanente-de-janvier-fevrier-et-mars-200\/"},"author":{"name":"ThibaudUGES38","@id":"https:\/\/www.uges-isere.fr\/#\/schema\/person\/a200926d67119314e8837b6a085de83a"},"headline":"Retour sur les commissions permanentes de janvier, f\u00e9vrier et mars 2024","datePublished":"2024-03-29T09:00:00+00:00","dateModified":"2025-06-02T09:52:09+00:00","mainEntityOfPage":{"@id":"https:\/\/www.uges-isere.fr\/index.php\/2024\/03\/29\/retour-sur-les-commissions-permanente-de-janvier-fevrier-et-mars-200\/"},"wordCount":338,"commentCount":0,"publisher":{"@id":"https:\/\/www.uges-isere.fr\/#organization"},"image":{"@id":"https:\/\/www.uges-isere.fr\/index.php\/2024\/03\/29\/retour-sur-les-commissions-permanente-de-janvier-fevrier-et-mars-200\/#primaryimage"},"thumbnailUrl":"https:\/\/www.uges-isere.fr\/wp-content\/uploads\/2024\/03\/hemi-scaled.jpg","keywords":["ADPAH","aide \u00e0 domicile","classes de niveaux","coll\u00e8ges","Espaces naturels sensibles","Mineurs non accompagn\u00e9s","PDIE","r\u00e9ciprocit\u00e9","RSA"],"articleSection":["2024","Commissions permanentes","Commissions permanentes Janvier-F\u00e9vrier-Mars 2024"],"inLanguage":"fr-FR","potentialAction":[{"@type":"CommentAction","name":"Comment","target":["https:\/\/www.uges-isere.fr\/index.php\/2024\/03\/29\/retour-sur-les-commissions-permanente-de-janvier-fevrier-et-mars-200\/#respond"]}]},{"@type":"WebPage","@id":"https:\/\/www.uges-isere.fr\/index.php\/2024\/03\/29\/retour-sur-les-commissions-permanente-de-janvier-fevrier-et-mars-200\/","url":"https:\/\/www.uges-isere.fr\/index.php\/2024\/03\/29\/retour-sur-les-commissions-permanente-de-janvier-fevrier-et-mars-200\/","name":"Retour sur les commissions permanentes de janvier, f\u00e9vrier et mars 2024 - D\u00e9partement de l&#039;Is\u00e8re","isPartOf":{"@id":"https:\/\/www.uges-isere.fr\/#website"},"primaryImageOfPage":{"@id":"https:\/\/www.uges-isere.fr\/index.php\/2024\/03\/29\/retour-sur-les-commissions-permanente-de-janvier-fevrier-et-mars-200\/#primaryimage"},"image":{"@id":"https:\/\/www.uges-isere.fr\/index.php\/2024\/03\/29\/retour-sur-les-commissions-permanente-de-janvier-fevrier-et-mars-200\/#primaryimage"},"thumbnailUrl":"https:\/\/www.uges-isere.fr\/wp-content\/uploads\/2024\/03\/hemi-scaled.jpg","datePublished":"2024-03-29T09:00:00+00:00","dateModified":"2025-06-02T09:52:09+00:00","breadcrumb":{"@id":"https:\/\/www.uges-isere.fr\/index.php\/2024\/03\/29\/retour-sur-les-commissions-permanente-de-janvier-fevrier-et-mars-200\/#breadcrumb"},"inLanguage":"fr-FR","potentialAction":[{"@type":"ReadAction","target":["https:\/\/www.uges-isere.fr\/index.php\/2024\/03\/29\/retour-sur-les-commissions-permanente-de-janvier-fevrier-et-mars-200\/"]}]},{"@type":"ImageObject","inLanguage":"fr-FR","@id":"https:\/\/www.uges-isere.fr\/index.php\/2024\/03\/29\/retour-sur-les-commissions-permanente-de-janvier-fevrier-et-mars-200\/#primaryimage","url":"https:\/\/www.uges-isere.fr\/wp-content\/uploads\/2024\/03\/hemi-scaled.jpg","contentUrl":"https:\/\/www.uges-isere.fr\/wp-content\/uploads\/2024\/03\/hemi-scaled.jpg","width":2560,"height":2094},{"@type":"BreadcrumbList","@id":"https:\/\/www.uges-isere.fr\/index.php\/2024\/03\/29\/retour-sur-les-commissions-permanente-de-janvier-fevrier-et-mars-200\/#breadcrumb","itemListElement":[{"@type":"ListItem","position":1,"name":"Accueil","item":"https:\/\/www.uges-isere.fr\/"},{"@type":"ListItem","position":2,"name":"Retour sur les commissions permanentes de janvier, f\u00e9vrier et mars 2024"}]},{"@type":"WebSite","@id":"https:\/\/www.uges-isere.fr\/#website","url":"https:\/\/www.uges-isere.fr\/","name":"D\u00e9partement de l&#039;Is\u00e8re","description":"Groupe d&#039;opposition UGES","publisher":{"@id":"https:\/\/www.uges-isere.fr\/#organization"},"potentialAction":[{"@type":"SearchAction","target":{"@type":"EntryPoint","urlTemplate":"https:\/\/www.uges-isere.fr\/?s={search_term_string}"},"query-input":{"@type":"PropertyValueSpecification","valueRequired":true,"valueName":"search_term_string"}}],"inLanguage":"fr-FR"},{"@type":"Organization","@id":"https:\/\/www.uges-isere.fr\/#organization","name":"D\u00e9partement de l'Is\u00e8re","url":"https:\/\/www.uges-isere.fr\/","logo":{"@type":"ImageObject","inLanguage":"fr-FR","@id":"https:\/\/www.uges-isere.fr\/#\/schema\/logo\/image\/","url":"https:\/\/www.uges-isere.fr\/wp-content\/uploads\/2021\/10\/logo-ok.png","contentUrl":"https:\/\/www.uges-isere.fr\/wp-content\/uploads\/2021\/10\/logo-ok.png","width":2859,"height":1816,"caption":"D\u00e9partement de l'Is\u00e8re"},"image":{"@id":"https:\/\/www.uges-isere.fr\/#\/schema\/logo\/image\/"},"sameAs":["https:\/\/www.facebook.com\/LePrintemps38","https:\/\/x.com\/GroupeUGES38"]},{"@type":"Person","@id":"https:\/\/www.uges-isere.fr\/#\/schema\/person\/a200926d67119314e8837b6a085de83a","name":"ThibaudUGES38","image":{"@type":"ImageObject","inLanguage":"fr-FR","@id":"https:\/\/secure.gravatar.com\/avatar\/e182ebfe597e409aafe3378f828607b2b757ed94a3489b20112818296e03b151?s=96&d=mm&r=g","url":"https:\/\/secure.gravatar.com\/avatar\/e182ebfe597e409aafe3378f828607b2b757ed94a3489b20112818296e03b151?s=96&d=mm&r=g","contentUrl":"https:\/\/secure.gravatar.com\/avatar\/e182ebfe597e409aafe3378f828607b2b757ed94a3489b20112818296e03b151?s=96&d=mm&r=g","caption":"ThibaudUGES38"},"url":"https:\/\/www.uges-isere.fr\/index.php\/author\/thibauduges38\/"}]}},"_links":{"self":[{"href":"https:\/\/www.uges-isere.fr\/index.php\/wp-json\/wp\/v2\/posts\/684035","targetHints":{"allow":["GET"]}}],"collection":[{"href":"https:\/\/www.uges-isere.fr\/index.php\/wp-json\/wp\/v2\/posts"}],"about":[{"href":"https:\/\/www.uges-isere.fr\/index.php\/wp-json\/wp\/v2\/types\/post"}],"author":[{"embeddable":true,"href":"https:\/\/www.uges-isere.fr\/index.php\/wp-json\/wp\/v2\/users\/8"}],"replies":[{"embeddable":true,"href":"https:\/\/www.uges-isere.fr\/index.php\/wp-json\/wp\/v2\/comments?post=684035"}],"version-history":[{"count":3,"href":"https:\/\/www.uges-isere.fr\/index.php\/wp-json\/wp\/v2\/posts\/684035\/revisions"}],"predecessor-version":[{"id":684039,"href":"https:\/\/www.uges-isere.fr\/index.php\/wp-json\/wp\/v2\/posts\/684035\/revisions\/684039"}],"wp:featuredmedia":[{"embeddable":true,"href":"https:\/\/www.uges-isere.fr\/index.php\/wp-json\/wp\/v2\/media\/684036"}],"wp:attachment":[{"href":"https:\/\/www.uges-isere.fr\/index.php\/wp-json\/wp\/v2\/media?parent=684035"}],"wp:term":[{"taxonomy":"category","embeddable":true,"href":"https:\/\/www.uges-isere.fr\/index.php\/wp-json\/wp\/v2\/categories?post=684035"},{"taxonomy":"post_tag","embeddable":true,"href":"https:\/\/www.uges-isere.fr\/index.php\/wp-json\/wp\/v2\/tags?post=684035"}],"curies":[{"name":"wp","href":"https:\/\/api.w.org\/{rel}","templated":true}]}}