{"id":684022,"date":"2024-03-29T14:53:19","date_gmt":"2024-03-29T13:53:19","guid":{"rendered":"https:\/\/www.uges-isere.fr\/?p=684022"},"modified":"2024-08-07T13:44:55","modified_gmt":"2024-08-07T11:44:55","slug":"nouveau-schema-departemental-des-sports-de-nature","status":"publish","type":"post","link":"https:\/\/www.uges-isere.fr\/index.php\/2024\/03\/29\/nouveau-schema-departemental-des-sports-de-nature\/","title":{"rendered":"Nouveau sch\u00e9ma d\u00e9partemental des sports de nature"},"content":{"rendered":"\n<p><strong>Daniel Bessiron est intervenu sur le nouveau Sch\u00e9ma d\u00e9partemental des sports de nature vot\u00e9 ce 29 mars 2024 en insistant sur les enjeux environnementaux et le partage des usages dans les espaces naturels.<\/strong><\/p>\n\n\n\n<p>Les Is\u00e9roises et les Is\u00e9rois aiment les sports de nature. Trois personnes sur quatre, \u00e2g\u00e9es de plus de 15 ans, d\u00e9clarent pratiquer des activit\u00e9s sportives dans la nature. Cependant, <strong>la prise en compte des limites environnementales par ce secteur est fondamentale.<\/strong> Cela peut para\u00eetre paradoxal dans le sens o\u00f9 nous connaissons tous les bienfaits de la pratique (sant\u00e9) que nous cherchons \u00e0 d\u00e9velopper d\u00e8s le plus jeune \u00e2ge.<\/p>\n\n\n\n<p>Le nouveau <strong>Sch\u00e9ma d\u00e9partemental des sports de nature de l\u2019Is\u00e8re<\/strong> a pour objectif de favoriser les loisirs de pleine nature tout en prot\u00e9geant les espaces naturels.\u00a0Il permet ainsi de faire exister les diff\u00e9rentes pratiques sportives en milieu naturel en essayant de minimiser et supprimer les impacts sur l\u2019environnement.<\/p>\n\n\n\n<p>Comme justement rappel\u00e9 dans le sch\u00e9ma, <strong>nous assistons ces derni\u00e8res ann\u00e9es \u00e0 une forte augmentation de la pratique des sports de nature<\/strong>. Cet engouement a \u00e9t\u00e9 renforc\u00e9 par la crise sanitaire, l\u2019arriv\u00e9e du VTT \u00e0 assistance \u00e9lectrique ou m\u00eame le VTT de descente. L&rsquo;Is\u00e8re, par sa pluralit\u00e9 des espaces et leur accessibilit\u00e9, offre un magnifique cadre de pratiques, c&rsquo;est un \u00e9l\u00e9ment d&rsquo;attractivit\u00e9 pour notre d\u00e9partement.<\/p>\n\n\n\n<p>L\u2019appr\u00e9hension des pratiques sportives et de loisirs de nature ne peut pas se r\u00e9aliser comme pour les autres disciplines plus classiques. Par cons\u00e9quent, plusieurs dimensions sont \u00e0 prendre en consid\u00e9ration pour <strong>g\u00e9rer durablement les activit\u00e9s et les lieux de pratique<\/strong>. C\u2019est cette complexit\u00e9, d\u2019ailleurs, qui justifie l\u2019association de tous les acteurs dans le cadre d\u2019une CDESI ( Commission D\u00e9partementale des Espaces, Sites et Itin\u00e9raires). Car elle anticipe et assume la conciliation des conflits d\u2019usages. D\u2019autant que cette mission de conciliation est compos\u00e9e d\u2019acteurs locaux.<\/p>\n\n\n\n<p><strong>Deux enjeux semblent essentiels pour les \u00e9lu-es du groupe UGES dans ce sch\u00e9ma<\/strong>, que nous retrouvons que partiellement dans l\u2019axe \u00ab Cohabitation et biodiversit\u00e9 \u00bb :<\/p>\n\n\n\n<ul class=\"wp-block-list\">\n<li>L\u2019impact environnemental de la pratique, acc\u00e9l\u00e9r\u00e9 sur certains espaces surfr\u00e9quent\u00e9s<\/li>\n\n\n\n<li>Le partage des espaces naturels<\/li>\n<\/ul>\n\n\n\n<p><strong>Concernant les enjeux environnementaux des sports de nature<\/strong>, il nous semble essentiel que tous les acteurs s\u2019engagent dans une politique de pr\u00e9vention et d\u2019\u00e9ducation. C\u2019est en r\u00e9pondant \u00e0 ces enjeux que nous p\u00e9renniserons les pratiques de sport de nature en continuant de valoriser nos territoires.<\/p>\n\n\n\n<p><strong>Sur le partage des espaces <\/strong>, l\u2019<a href=\"https:\/\/c.ledauphine.com\/sport\/2024\/03\/05\/isere-vtt-vs-forestiers-le-conflit-s-enlise-dans-le-vercors\" target=\"_blank\" rel=\"noreferrer noopener\">actualit\u00e9 r\u00e9cente <\/a>dans notre D\u00e9partement a mis en \u00e9vidence la probl\u00e9matique du partage des espaces entre pratiquants, professionnels et propri\u00e9taires. <strong>Le Vercors, la Chartreuse et plus largement tous les massifs ou pi\u00e9monts p\u00e9riurbains ont vu ses derni\u00e8res ann\u00e9es fleurir des pistes de VTT de descente hors sentiers balis\u00e9s, d\u00e9gradant ainsi les propri\u00e9t\u00e9s foresti\u00e8res et cr\u00e9ant un conflit d\u2019usage avec les sylviculteurs et les propri\u00e9taires.<\/strong> Cet exemple illustre ainsi les nouvelles probl\u00e9matiques soulev\u00e9es par une pratique en extension et la probl\u00e9matique de sa r\u00e9gulation. Car, au-del\u00e0 du conflit v\u00e9t\u00e9tistes\/forestiers\/propri\u00e9taires, elle questionne aussi le partage des espaces et la s\u00e9curit\u00e9 envers les randonneurs, les cavaliers ou encore les \u00e9leveurs.<\/p>\n\n\n\n<p>Nous pourrions \u00e9galement \u00e9voquer le <strong>partage des espaces avec les chasseurs<\/strong>, notamment sur les secteurs p\u00e9riurbains qui sont tr\u00e8s fr\u00e9quent\u00e9s ou les sites ENS du D\u00e9partement pl\u00e9biscit\u00e9s par les scolaires dans le cadre du dispositif d\u00e9partemental \u00ab En Chemin sur les ENS \u00bb.&nbsp;<strong>Ce sont tous ces conflits d\u2019usage que nous devons anticiper<\/strong> pour \u00e9chapper \u00e0 de potentiels incidents parfois dramatiques. Cela requiert une indispensable attention partenariale pour prot\u00e9ger \u00e0 la fois les pratiquants et les espaces.<\/p>\n\n\n\n<p>Notre D\u00e9partement doit ainsi \u0153uvrer en faveur du<strong> d\u00e9veloppement ma\u00eetris\u00e9 des sports de nature en d\u00e9finissant un cadre au niveau territorial.<\/strong> Il s\u2019agit rappelons le, de satisfaire l\u2019aspiration des personnes \u00e0 pratiquer des activit\u00e9s sportives en milieu naturel, en la conciliant avec les autres usages de l\u2019espace, la protection de l\u2019environnement et le respect du droit de propri\u00e9t\u00e9. <strong>Certes, les Conseils d\u00e9partementaux sont les chefs de file de cette politique publique mais n\u2019oublions pas que d\u2019autres collectivit\u00e9s ont des comp\u00e9tences et doivent aussi s\u2019impliquer dans ce domaine.<\/strong><\/p>\n","protected":false},"excerpt":{"rendered":"<p>Daniel Bessiron est intervenu sur le nouveau Sch\u00e9ma d\u00e9partemental des sports de nature vot\u00e9 ce 29 mars 2024 &hellip; <\/p>\n","protected":false},"author":8,"featured_media":684023,"comment_status":"open","ping_status":"open","sticky":false,"template":"","format":"standard","meta":{"footnotes":""},"categories":[11,276,15],"tags":[82,95,81,296,295,278,297],"class_list":["post-684022","post","type-post","status-publish","format-standard","has-post-thumbnail","hentry","category-education-jeunesse-et-sports","category-seance-publique-mars-2024","category-seances-publiques","tag-biodiversite","tag-chasse","tag-environnement","tag-espaces-naturels","tag-nature","tag-sport","tag-vtt"],"yoast_head":"<!-- This site is optimized with the Yoast SEO plugin v27.5 - https:\/\/yoast.com\/product\/yoast-seo-wordpress\/ -->\n<title>Nouveau sch\u00e9ma d\u00e9partemental des sports de nature - D\u00e9partement de l&#039;Is\u00e8re<\/title>\n<meta name=\"robots\" content=\"index, follow, max-snippet:-1, max-image-preview:large, max-video-preview:-1\" \/>\n<link rel=\"canonical\" href=\"https:\/\/www.uges-isere.fr\/index.php\/2024\/03\/29\/nouveau-schema-departemental-des-sports-de-nature\/\" \/>\n<meta property=\"og:locale\" content=\"fr_FR\" \/>\n<meta property=\"og:type\" content=\"article\" \/>\n<meta property=\"og:title\" content=\"Nouveau sch\u00e9ma d\u00e9partemental des sports de nature - D\u00e9partement de l&#039;Is\u00e8re\" \/>\n<meta property=\"og:description\" content=\"Daniel Bessiron est intervenu sur le nouveau Sch\u00e9ma d\u00e9partemental des sports de nature vot\u00e9 ce 29 mars 2024 &hellip;\" \/>\n<meta property=\"og:url\" content=\"https:\/\/www.uges-isere.fr\/index.php\/2024\/03\/29\/nouveau-schema-departemental-des-sports-de-nature\/\" \/>\n<meta property=\"og:site_name\" content=\"D\u00e9partement de l&#039;Is\u00e8re\" \/>\n<meta property=\"article:publisher\" content=\"https:\/\/www.facebook.com\/LePrintemps38\" \/>\n<meta property=\"article:published_time\" content=\"2024-03-29T13:53:19+00:00\" \/>\n<meta property=\"article:modified_time\" content=\"2024-08-07T11:44:55+00:00\" \/>\n<meta property=\"og:image\" content=\"https:\/\/www.uges-isere.fr\/wp-content\/uploads\/2024\/03\/mountaineering-455338_1280.jpg\" \/>\n\t<meta property=\"og:image:width\" content=\"1280\" \/>\n\t<meta property=\"og:image:height\" content=\"768\" \/>\n\t<meta property=\"og:image:type\" content=\"image\/jpeg\" \/>\n<meta name=\"author\" content=\"ThibaudUGES38\" \/>\n<meta name=\"twitter:card\" content=\"summary_large_image\" \/>\n<meta name=\"twitter:creator\" content=\"@GroupeUGES38\" \/>\n<meta name=\"twitter:site\" content=\"@GroupeUGES38\" \/>\n<meta name=\"twitter:label1\" content=\"\u00c9crit par\" \/>\n\t<meta name=\"twitter:data1\" content=\"ThibaudUGES38\" \/>\n\t<meta name=\"twitter:label2\" content=\"Dur\u00e9e de lecture estim\u00e9e\" \/>\n\t<meta name=\"twitter:data2\" content=\"4 minutes\" \/>\n<script type=\"application\/ld+json\" class=\"yoast-schema-graph\">{\"@context\":\"https:\\\/\\\/schema.org\",\"@graph\":[{\"@type\":\"Article\",\"@id\":\"https:\\\/\\\/www.uges-isere.fr\\\/index.php\\\/2024\\\/03\\\/29\\\/nouveau-schema-departemental-des-sports-de-nature\\\/#article\",\"isPartOf\":{\"@id\":\"https:\\\/\\\/www.uges-isere.fr\\\/index.php\\\/2024\\\/03\\\/29\\\/nouveau-schema-departemental-des-sports-de-nature\\\/\"},\"author\":{\"name\":\"ThibaudUGES38\",\"@id\":\"https:\\\/\\\/www.uges-isere.fr\\\/#\\\/schema\\\/person\\\/a200926d67119314e8837b6a085de83a\"},\"headline\":\"Nouveau sch\u00e9ma d\u00e9partemental des sports de nature\",\"datePublished\":\"2024-03-29T13:53:19+00:00\",\"dateModified\":\"2024-08-07T11:44:55+00:00\",\"mainEntityOfPage\":{\"@id\":\"https:\\\/\\\/www.uges-isere.fr\\\/index.php\\\/2024\\\/03\\\/29\\\/nouveau-schema-departemental-des-sports-de-nature\\\/\"},\"wordCount\":763,\"commentCount\":0,\"publisher\":{\"@id\":\"https:\\\/\\\/www.uges-isere.fr\\\/#organization\"},\"image\":{\"@id\":\"https:\\\/\\\/www.uges-isere.fr\\\/index.php\\\/2024\\\/03\\\/29\\\/nouveau-schema-departemental-des-sports-de-nature\\\/#primaryimage\"},\"thumbnailUrl\":\"https:\\\/\\\/www.uges-isere.fr\\\/wp-content\\\/uploads\\\/2024\\\/03\\\/mountaineering-455338_1280.jpg\",\"keywords\":[\"biodiversit\u00e9\",\"chasse\",\"environnement\",\"espaces naturels\",\"nature\",\"Sport\",\"vtt\"],\"articleSection\":[\"Education, jeunesse et sports\",\"S\u00e9ance publique - Mars 2024\",\"S\u00e9ances publiques\"],\"inLanguage\":\"fr-FR\",\"potentialAction\":[{\"@type\":\"CommentAction\",\"name\":\"Comment\",\"target\":[\"https:\\\/\\\/www.uges-isere.fr\\\/index.php\\\/2024\\\/03\\\/29\\\/nouveau-schema-departemental-des-sports-de-nature\\\/#respond\"]}]},{\"@type\":\"WebPage\",\"@id\":\"https:\\\/\\\/www.uges-isere.fr\\\/index.php\\\/2024\\\/03\\\/29\\\/nouveau-schema-departemental-des-sports-de-nature\\\/\",\"url\":\"https:\\\/\\\/www.uges-isere.fr\\\/index.php\\\/2024\\\/03\\\/29\\\/nouveau-schema-departemental-des-sports-de-nature\\\/\",\"name\":\"Nouveau sch\u00e9ma d\u00e9partemental des sports de nature - D\u00e9partement de l&#039;Is\u00e8re\",\"isPartOf\":{\"@id\":\"https:\\\/\\\/www.uges-isere.fr\\\/#website\"},\"primaryImageOfPage\":{\"@id\":\"https:\\\/\\\/www.uges-isere.fr\\\/index.php\\\/2024\\\/03\\\/29\\\/nouveau-schema-departemental-des-sports-de-nature\\\/#primaryimage\"},\"image\":{\"@id\":\"https:\\\/\\\/www.uges-isere.fr\\\/index.php\\\/2024\\\/03\\\/29\\\/nouveau-schema-departemental-des-sports-de-nature\\\/#primaryimage\"},\"thumbnailUrl\":\"https:\\\/\\\/www.uges-isere.fr\\\/wp-content\\\/uploads\\\/2024\\\/03\\\/mountaineering-455338_1280.jpg\",\"datePublished\":\"2024-03-29T13:53:19+00:00\",\"dateModified\":\"2024-08-07T11:44:55+00:00\",\"breadcrumb\":{\"@id\":\"https:\\\/\\\/www.uges-isere.fr\\\/index.php\\\/2024\\\/03\\\/29\\\/nouveau-schema-departemental-des-sports-de-nature\\\/#breadcrumb\"},\"inLanguage\":\"fr-FR\",\"potentialAction\":[{\"@type\":\"ReadAction\",\"target\":[\"https:\\\/\\\/www.uges-isere.fr\\\/index.php\\\/2024\\\/03\\\/29\\\/nouveau-schema-departemental-des-sports-de-nature\\\/\"]}]},{\"@type\":\"ImageObject\",\"inLanguage\":\"fr-FR\",\"@id\":\"https:\\\/\\\/www.uges-isere.fr\\\/index.php\\\/2024\\\/03\\\/29\\\/nouveau-schema-departemental-des-sports-de-nature\\\/#primaryimage\",\"url\":\"https:\\\/\\\/www.uges-isere.fr\\\/wp-content\\\/uploads\\\/2024\\\/03\\\/mountaineering-455338_1280.jpg\",\"contentUrl\":\"https:\\\/\\\/www.uges-isere.fr\\\/wp-content\\\/uploads\\\/2024\\\/03\\\/mountaineering-455338_1280.jpg\",\"width\":1280,\"height\":768},{\"@type\":\"BreadcrumbList\",\"@id\":\"https:\\\/\\\/www.uges-isere.fr\\\/index.php\\\/2024\\\/03\\\/29\\\/nouveau-schema-departemental-des-sports-de-nature\\\/#breadcrumb\",\"itemListElement\":[{\"@type\":\"ListItem\",\"position\":1,\"name\":\"Accueil\",\"item\":\"https:\\\/\\\/www.uges-isere.fr\\\/\"},{\"@type\":\"ListItem\",\"position\":2,\"name\":\"Nouveau sch\u00e9ma d\u00e9partemental des sports de nature\"}]},{\"@type\":\"WebSite\",\"@id\":\"https:\\\/\\\/www.uges-isere.fr\\\/#website\",\"url\":\"https:\\\/\\\/www.uges-isere.fr\\\/\",\"name\":\"D\u00e9partement de l&#039;Is\u00e8re\",\"description\":\"Groupe d&#039;opposition UGES\",\"publisher\":{\"@id\":\"https:\\\/\\\/www.uges-isere.fr\\\/#organization\"},\"potentialAction\":[{\"@type\":\"SearchAction\",\"target\":{\"@type\":\"EntryPoint\",\"urlTemplate\":\"https:\\\/\\\/www.uges-isere.fr\\\/?s={search_term_string}\"},\"query-input\":{\"@type\":\"PropertyValueSpecification\",\"valueRequired\":true,\"valueName\":\"search_term_string\"}}],\"inLanguage\":\"fr-FR\"},{\"@type\":\"Organization\",\"@id\":\"https:\\\/\\\/www.uges-isere.fr\\\/#organization\",\"name\":\"D\u00e9partement de l'Is\u00e8re\",\"url\":\"https:\\\/\\\/www.uges-isere.fr\\\/\",\"logo\":{\"@type\":\"ImageObject\",\"inLanguage\":\"fr-FR\",\"@id\":\"https:\\\/\\\/www.uges-isere.fr\\\/#\\\/schema\\\/logo\\\/image\\\/\",\"url\":\"https:\\\/\\\/www.uges-isere.fr\\\/wp-content\\\/uploads\\\/2021\\\/10\\\/logo-ok.png\",\"contentUrl\":\"https:\\\/\\\/www.uges-isere.fr\\\/wp-content\\\/uploads\\\/2021\\\/10\\\/logo-ok.png\",\"width\":2859,\"height\":1816,\"caption\":\"D\u00e9partement de l'Is\u00e8re\"},\"image\":{\"@id\":\"https:\\\/\\\/www.uges-isere.fr\\\/#\\\/schema\\\/logo\\\/image\\\/\"},\"sameAs\":[\"https:\\\/\\\/www.facebook.com\\\/LePrintemps38\",\"https:\\\/\\\/x.com\\\/GroupeUGES38\"]},{\"@type\":\"Person\",\"@id\":\"https:\\\/\\\/www.uges-isere.fr\\\/#\\\/schema\\\/person\\\/a200926d67119314e8837b6a085de83a\",\"name\":\"ThibaudUGES38\",\"image\":{\"@type\":\"ImageObject\",\"inLanguage\":\"fr-FR\",\"@id\":\"https:\\\/\\\/secure.gravatar.com\\\/avatar\\\/e182ebfe597e409aafe3378f828607b2b757ed94a3489b20112818296e03b151?s=96&d=mm&r=g\",\"url\":\"https:\\\/\\\/secure.gravatar.com\\\/avatar\\\/e182ebfe597e409aafe3378f828607b2b757ed94a3489b20112818296e03b151?s=96&d=mm&r=g\",\"contentUrl\":\"https:\\\/\\\/secure.gravatar.com\\\/avatar\\\/e182ebfe597e409aafe3378f828607b2b757ed94a3489b20112818296e03b151?s=96&d=mm&r=g\",\"caption\":\"ThibaudUGES38\"},\"url\":\"https:\\\/\\\/www.uges-isere.fr\\\/index.php\\\/author\\\/thibauduges38\\\/\"}]}<\/script>\n<!-- \/ Yoast SEO plugin. -->","yoast_head_json":{"title":"Nouveau sch\u00e9ma d\u00e9partemental des sports de nature - D\u00e9partement de l&#039;Is\u00e8re","robots":{"index":"index","follow":"follow","max-snippet":"max-snippet:-1","max-image-preview":"max-image-preview:large","max-video-preview":"max-video-preview:-1"},"canonical":"https:\/\/www.uges-isere.fr\/index.php\/2024\/03\/29\/nouveau-schema-departemental-des-sports-de-nature\/","og_locale":"fr_FR","og_type":"article","og_title":"Nouveau sch\u00e9ma d\u00e9partemental des sports de nature - D\u00e9partement de l&#039;Is\u00e8re","og_description":"Daniel Bessiron est intervenu sur le nouveau Sch\u00e9ma d\u00e9partemental des sports de nature vot\u00e9 ce 29 mars 2024 &hellip;","og_url":"https:\/\/www.uges-isere.fr\/index.php\/2024\/03\/29\/nouveau-schema-departemental-des-sports-de-nature\/","og_site_name":"D\u00e9partement de l&#039;Is\u00e8re","article_publisher":"https:\/\/www.facebook.com\/LePrintemps38","article_published_time":"2024-03-29T13:53:19+00:00","article_modified_time":"2024-08-07T11:44:55+00:00","og_image":[{"width":1280,"height":768,"url":"https:\/\/www.uges-isere.fr\/wp-content\/uploads\/2024\/03\/mountaineering-455338_1280.jpg","type":"image\/jpeg"}],"author":"ThibaudUGES38","twitter_card":"summary_large_image","twitter_creator":"@GroupeUGES38","twitter_site":"@GroupeUGES38","twitter_misc":{"\u00c9crit par":"ThibaudUGES38","Dur\u00e9e de lecture estim\u00e9e":"4 minutes"},"schema":{"@context":"https:\/\/schema.org","@graph":[{"@type":"Article","@id":"https:\/\/www.uges-isere.fr\/index.php\/2024\/03\/29\/nouveau-schema-departemental-des-sports-de-nature\/#article","isPartOf":{"@id":"https:\/\/www.uges-isere.fr\/index.php\/2024\/03\/29\/nouveau-schema-departemental-des-sports-de-nature\/"},"author":{"name":"ThibaudUGES38","@id":"https:\/\/www.uges-isere.fr\/#\/schema\/person\/a200926d67119314e8837b6a085de83a"},"headline":"Nouveau sch\u00e9ma d\u00e9partemental des sports de nature","datePublished":"2024-03-29T13:53:19+00:00","dateModified":"2024-08-07T11:44:55+00:00","mainEntityOfPage":{"@id":"https:\/\/www.uges-isere.fr\/index.php\/2024\/03\/29\/nouveau-schema-departemental-des-sports-de-nature\/"},"wordCount":763,"commentCount":0,"publisher":{"@id":"https:\/\/www.uges-isere.fr\/#organization"},"image":{"@id":"https:\/\/www.uges-isere.fr\/index.php\/2024\/03\/29\/nouveau-schema-departemental-des-sports-de-nature\/#primaryimage"},"thumbnailUrl":"https:\/\/www.uges-isere.fr\/wp-content\/uploads\/2024\/03\/mountaineering-455338_1280.jpg","keywords":["biodiversit\u00e9","chasse","environnement","espaces naturels","nature","Sport","vtt"],"articleSection":["Education, jeunesse et sports","S\u00e9ance publique - Mars 2024","S\u00e9ances publiques"],"inLanguage":"fr-FR","potentialAction":[{"@type":"CommentAction","name":"Comment","target":["https:\/\/www.uges-isere.fr\/index.php\/2024\/03\/29\/nouveau-schema-departemental-des-sports-de-nature\/#respond"]}]},{"@type":"WebPage","@id":"https:\/\/www.uges-isere.fr\/index.php\/2024\/03\/29\/nouveau-schema-departemental-des-sports-de-nature\/","url":"https:\/\/www.uges-isere.fr\/index.php\/2024\/03\/29\/nouveau-schema-departemental-des-sports-de-nature\/","name":"Nouveau sch\u00e9ma d\u00e9partemental des sports de nature - D\u00e9partement de l&#039;Is\u00e8re","isPartOf":{"@id":"https:\/\/www.uges-isere.fr\/#website"},"primaryImageOfPage":{"@id":"https:\/\/www.uges-isere.fr\/index.php\/2024\/03\/29\/nouveau-schema-departemental-des-sports-de-nature\/#primaryimage"},"image":{"@id":"https:\/\/www.uges-isere.fr\/index.php\/2024\/03\/29\/nouveau-schema-departemental-des-sports-de-nature\/#primaryimage"},"thumbnailUrl":"https:\/\/www.uges-isere.fr\/wp-content\/uploads\/2024\/03\/mountaineering-455338_1280.jpg","datePublished":"2024-03-29T13:53:19+00:00","dateModified":"2024-08-07T11:44:55+00:00","breadcrumb":{"@id":"https:\/\/www.uges-isere.fr\/index.php\/2024\/03\/29\/nouveau-schema-departemental-des-sports-de-nature\/#breadcrumb"},"inLanguage":"fr-FR","potentialAction":[{"@type":"ReadAction","target":["https:\/\/www.uges-isere.fr\/index.php\/2024\/03\/29\/nouveau-schema-departemental-des-sports-de-nature\/"]}]},{"@type":"ImageObject","inLanguage":"fr-FR","@id":"https:\/\/www.uges-isere.fr\/index.php\/2024\/03\/29\/nouveau-schema-departemental-des-sports-de-nature\/#primaryimage","url":"https:\/\/www.uges-isere.fr\/wp-content\/uploads\/2024\/03\/mountaineering-455338_1280.jpg","contentUrl":"https:\/\/www.uges-isere.fr\/wp-content\/uploads\/2024\/03\/mountaineering-455338_1280.jpg","width":1280,"height":768},{"@type":"BreadcrumbList","@id":"https:\/\/www.uges-isere.fr\/index.php\/2024\/03\/29\/nouveau-schema-departemental-des-sports-de-nature\/#breadcrumb","itemListElement":[{"@type":"ListItem","position":1,"name":"Accueil","item":"https:\/\/www.uges-isere.fr\/"},{"@type":"ListItem","position":2,"name":"Nouveau sch\u00e9ma d\u00e9partemental des sports de nature"}]},{"@type":"WebSite","@id":"https:\/\/www.uges-isere.fr\/#website","url":"https:\/\/www.uges-isere.fr\/","name":"D\u00e9partement de l&#039;Is\u00e8re","description":"Groupe d&#039;opposition UGES","publisher":{"@id":"https:\/\/www.uges-isere.fr\/#organization"},"potentialAction":[{"@type":"SearchAction","target":{"@type":"EntryPoint","urlTemplate":"https:\/\/www.uges-isere.fr\/?s={search_term_string}"},"query-input":{"@type":"PropertyValueSpecification","valueRequired":true,"valueName":"search_term_string"}}],"inLanguage":"fr-FR"},{"@type":"Organization","@id":"https:\/\/www.uges-isere.fr\/#organization","name":"D\u00e9partement de l'Is\u00e8re","url":"https:\/\/www.uges-isere.fr\/","logo":{"@type":"ImageObject","inLanguage":"fr-FR","@id":"https:\/\/www.uges-isere.fr\/#\/schema\/logo\/image\/","url":"https:\/\/www.uges-isere.fr\/wp-content\/uploads\/2021\/10\/logo-ok.png","contentUrl":"https:\/\/www.uges-isere.fr\/wp-content\/uploads\/2021\/10\/logo-ok.png","width":2859,"height":1816,"caption":"D\u00e9partement de l'Is\u00e8re"},"image":{"@id":"https:\/\/www.uges-isere.fr\/#\/schema\/logo\/image\/"},"sameAs":["https:\/\/www.facebook.com\/LePrintemps38","https:\/\/x.com\/GroupeUGES38"]},{"@type":"Person","@id":"https:\/\/www.uges-isere.fr\/#\/schema\/person\/a200926d67119314e8837b6a085de83a","name":"ThibaudUGES38","image":{"@type":"ImageObject","inLanguage":"fr-FR","@id":"https:\/\/secure.gravatar.com\/avatar\/e182ebfe597e409aafe3378f828607b2b757ed94a3489b20112818296e03b151?s=96&d=mm&r=g","url":"https:\/\/secure.gravatar.com\/avatar\/e182ebfe597e409aafe3378f828607b2b757ed94a3489b20112818296e03b151?s=96&d=mm&r=g","contentUrl":"https:\/\/secure.gravatar.com\/avatar\/e182ebfe597e409aafe3378f828607b2b757ed94a3489b20112818296e03b151?s=96&d=mm&r=g","caption":"ThibaudUGES38"},"url":"https:\/\/www.uges-isere.fr\/index.php\/author\/thibauduges38\/"}]}},"_links":{"self":[{"href":"https:\/\/www.uges-isere.fr\/index.php\/wp-json\/wp\/v2\/posts\/684022","targetHints":{"allow":["GET"]}}],"collection":[{"href":"https:\/\/www.uges-isere.fr\/index.php\/wp-json\/wp\/v2\/posts"}],"about":[{"href":"https:\/\/www.uges-isere.fr\/index.php\/wp-json\/wp\/v2\/types\/post"}],"author":[{"embeddable":true,"href":"https:\/\/www.uges-isere.fr\/index.php\/wp-json\/wp\/v2\/users\/8"}],"replies":[{"embeddable":true,"href":"https:\/\/www.uges-isere.fr\/index.php\/wp-json\/wp\/v2\/comments?post=684022"}],"version-history":[{"count":4,"href":"https:\/\/www.uges-isere.fr\/index.php\/wp-json\/wp\/v2\/posts\/684022\/revisions"}],"predecessor-version":[{"id":684086,"href":"https:\/\/www.uges-isere.fr\/index.php\/wp-json\/wp\/v2\/posts\/684022\/revisions\/684086"}],"wp:featuredmedia":[{"embeddable":true,"href":"https:\/\/www.uges-isere.fr\/index.php\/wp-json\/wp\/v2\/media\/684023"}],"wp:attachment":[{"href":"https:\/\/www.uges-isere.fr\/index.php\/wp-json\/wp\/v2\/media?parent=684022"}],"wp:term":[{"taxonomy":"category","embeddable":true,"href":"https:\/\/www.uges-isere.fr\/index.php\/wp-json\/wp\/v2\/categories?post=684022"},{"taxonomy":"post_tag","embeddable":true,"href":"https:\/\/www.uges-isere.fr\/index.php\/wp-json\/wp\/v2\/tags?post=684022"}],"curies":[{"name":"wp","href":"https:\/\/api.w.org\/{rel}","templated":true}]}}