{"id":684010,"date":"2024-03-29T11:28:40","date_gmt":"2024-03-29T10:28:40","guid":{"rendered":"https:\/\/www.uges-isere.fr\/?p=684010"},"modified":"2024-08-07T13:49:41","modified_gmt":"2024-08-07T11:49:41","slug":"accompagner-la-viticulture-iseroise-face-a-ses-defis","status":"publish","type":"post","link":"https:\/\/www.uges-isere.fr\/index.php\/2024\/03\/29\/accompagner-la-viticulture-iseroise-face-a-ses-defis\/","title":{"rendered":"Accompagner la viticulture is\u00e9roise face \u00e0 ses d\u00e9fis"},"content":{"rendered":"\n<p><em><strong>Sophie Romera est intervenue sur les aides accord\u00e9es aux viticulteurs is\u00e9rois dans le cadre des politiques r\u00e9gionales en faveur de l&rsquo;agriculture. Ces derni\u00e8res ont malheureusement \u00e9volu\u00e9 dans le mauvais sens, en supprimant les bonifications pr\u00e9vues pour la viticulture bio et celle pratiqu\u00e9e en zone de montagne.<\/strong><\/em><\/p>\n\n\n\n<p>La viticulture est un secteur agricole important dans notre d\u00e9partement. La collectivit\u00e9 d\u00e9partementale la soutient et le groupe UGES est pleinement investi dans cette d\u00e9marche. Le D\u00e9partement a conventionn\u00e9 avec la R\u00e9gion mais <strong>celle-ci a r\u00e9cemment d\u00e9cid\u00e9 de supprimer la bonification des aides financi\u00e8res \u00e0 destination de la viticulture bio et de zone de montagne.<\/strong><\/p>\n\n\n\n<p>Cette d\u00e9cision va compliquer cette agriculture qui est plus co\u00fbteuse, plus complexe, que ce soit pour le bio ou la culture en terrasse ou c\u00f4teaux pour la montagne. Parce qu&rsquo;elle entra\u00eene des surco\u00fbts, pour l&rsquo;une comme pour l&rsquo;autre. Le groupe UGES propose de d\u00e9passer le cadre m\u00eame de la convention avec la R\u00e9gion, et de r\u00e9fl\u00e9chir \u00e0 u<strong>n dispositif d\u00e9partemental pour ne pas laisser tomber les viticulteurs et viticultrices bio et de zone de montagne<\/strong>.<\/p>\n\n\n\n<p>La <strong>viticulture bio, mais aussi naturelle, la biodynamie, sont des secteurs pl\u00e9biscit\u00e9s par les consommateurs<\/strong> : la consommation de vin bio a doubl\u00e9 au niveau mondial au cours des 10 derni\u00e8res ann\u00e9es, et m\u00eame tripl\u00e9 en France. Elle maintient sa dynamique de croissance puisqu&rsquo;elle repr\u00e9sente aujourd&rsquo;hui 20% des surfaces agricoles. Continuer d&rsquo;accompagner cette activit\u00e9 c&rsquo;est soutenir un vin moins trait\u00e9 (on peut constater plus de 20 pesticides diff\u00e9rents sur un grain de raisin), et c&rsquo;est \u00e9videmment prot\u00e9ger la sant\u00e9 des agriculteurs et agricultrices. Le <strong>vin de montagne,<\/strong> lui, conna\u00eet \u00e9galement un v\u00e9ritable int\u00e9r\u00eat de la part des Is\u00e9roises et Is\u00e9rois et se d\u00e9veloppe au-del\u00e0 de notre territoire.<\/p>\n\n\n\n<p>L&rsquo;ambition du groupe UGES serait de construire un autre dispositif, d\u00e9partemental, car le D\u00e9partement en a la capacit\u00e9. Par ailleurs, il pourrait aussi \u00eatre int\u00e9ressant de pr\u00eater attention \u00e0 de<strong> nouvelles pratiques<\/strong>, comme le vin d\u00e9salcoolis\u00e9 par exemple. C&rsquo;est aussi une demande croissante, de niche encore mais qui se d\u00e9veloppe (en 2022, 29% des fran\u00e7ais ont d\u00e9clar\u00e9 avoir consomm\u00e9 ce type de boissons), et ce serait une r\u00e9flexion \u00e0 mener pour que notre collectivit\u00e9 accompagne cette nouvelle fili\u00e8re.<\/p>\n\n\n\n<p><strong>Le groupe UGES n&rsquo;oppose pas la viticulture conventionnelle et viticulture biologique \/ naturelle \/ biodynamique et de zone de montagne, mais demande de prendre en compte les complexit\u00e9s de chacune et d&rsquo;adapter l&rsquo;accompagnement de ces fili\u00e8res par le D\u00e9partement. C&rsquo;est donc cette piste de travail que nous avons propos\u00e9 \u00e0 la majorit\u00e9 d\u00e9partementale et que nous renouv\u00e8lerons autant que n\u00e9cessaire.<\/strong><\/p>\n","protected":false},"excerpt":{"rendered":"<p>Sophie Romera est intervenue sur les aides accord\u00e9es aux viticulteurs is\u00e9rois dans le cadre des politiques r\u00e9gionales en &hellip; <\/p>\n","protected":false},"author":8,"featured_media":684011,"comment_status":"open","ping_status":"open","sticky":false,"template":"","format":"standard","meta":{"footnotes":""},"categories":[10,276,15],"tags":[75,129,305,194,306,304],"class_list":["post-684010","post","type-post","status-publish","format-standard","has-post-thumbnail","hentry","category-agriculture-tourisme-montagne","category-seance-publique-mars-2024","category-seances-publiques","tag-agriculture","tag-agriculture-biologique","tag-bio","tag-montagne","tag-vin","tag-viticulture"],"yoast_head":"<!-- This site is optimized with the Yoast SEO plugin v27.5 - https:\/\/yoast.com\/product\/yoast-seo-wordpress\/ -->\n<title>Accompagner la viticulture is\u00e9roise face \u00e0 ses d\u00e9fis - D\u00e9partement de l&#039;Is\u00e8re<\/title>\n<meta name=\"robots\" content=\"index, follow, max-snippet:-1, max-image-preview:large, max-video-preview:-1\" \/>\n<link rel=\"canonical\" href=\"https:\/\/www.uges-isere.fr\/index.php\/2024\/03\/29\/accompagner-la-viticulture-iseroise-face-a-ses-defis\/\" \/>\n<meta property=\"og:locale\" content=\"fr_FR\" \/>\n<meta property=\"og:type\" content=\"article\" \/>\n<meta property=\"og:title\" content=\"Accompagner la viticulture is\u00e9roise face \u00e0 ses d\u00e9fis - D\u00e9partement de l&#039;Is\u00e8re\" \/>\n<meta property=\"og:description\" content=\"Sophie Romera est intervenue sur les aides accord\u00e9es aux viticulteurs is\u00e9rois dans le cadre des politiques r\u00e9gionales en &hellip;\" \/>\n<meta property=\"og:url\" content=\"https:\/\/www.uges-isere.fr\/index.php\/2024\/03\/29\/accompagner-la-viticulture-iseroise-face-a-ses-defis\/\" \/>\n<meta property=\"og:site_name\" content=\"D\u00e9partement de l&#039;Is\u00e8re\" \/>\n<meta property=\"article:publisher\" content=\"https:\/\/www.facebook.com\/LePrintemps38\" \/>\n<meta property=\"article:published_time\" content=\"2024-03-29T10:28:40+00:00\" \/>\n<meta property=\"article:modified_time\" content=\"2024-08-07T11:49:41+00:00\" \/>\n<meta property=\"og:image\" content=\"https:\/\/www.uges-isere.fr\/wp-content\/uploads\/2024\/03\/grapes-2656259_1280.jpg\" \/>\n\t<meta property=\"og:image:width\" content=\"1280\" \/>\n\t<meta property=\"og:image:height\" content=\"853\" \/>\n\t<meta property=\"og:image:type\" content=\"image\/jpeg\" \/>\n<meta name=\"author\" content=\"ThibaudUGES38\" \/>\n<meta name=\"twitter:card\" content=\"summary_large_image\" \/>\n<meta name=\"twitter:creator\" content=\"@GroupeUGES38\" \/>\n<meta name=\"twitter:site\" content=\"@GroupeUGES38\" \/>\n<meta name=\"twitter:label1\" content=\"\u00c9crit par\" \/>\n\t<meta name=\"twitter:data1\" content=\"ThibaudUGES38\" \/>\n\t<meta name=\"twitter:label2\" content=\"Dur\u00e9e de lecture estim\u00e9e\" \/>\n\t<meta name=\"twitter:data2\" content=\"3 minutes\" \/>\n<script type=\"application\/ld+json\" class=\"yoast-schema-graph\">{\"@context\":\"https:\\\/\\\/schema.org\",\"@graph\":[{\"@type\":\"Article\",\"@id\":\"https:\\\/\\\/www.uges-isere.fr\\\/index.php\\\/2024\\\/03\\\/29\\\/accompagner-la-viticulture-iseroise-face-a-ses-defis\\\/#article\",\"isPartOf\":{\"@id\":\"https:\\\/\\\/www.uges-isere.fr\\\/index.php\\\/2024\\\/03\\\/29\\\/accompagner-la-viticulture-iseroise-face-a-ses-defis\\\/\"},\"author\":{\"name\":\"ThibaudUGES38\",\"@id\":\"https:\\\/\\\/www.uges-isere.fr\\\/#\\\/schema\\\/person\\\/a200926d67119314e8837b6a085de83a\"},\"headline\":\"Accompagner la viticulture is\u00e9roise face \u00e0 ses d\u00e9fis\",\"datePublished\":\"2024-03-29T10:28:40+00:00\",\"dateModified\":\"2024-08-07T11:49:41+00:00\",\"mainEntityOfPage\":{\"@id\":\"https:\\\/\\\/www.uges-isere.fr\\\/index.php\\\/2024\\\/03\\\/29\\\/accompagner-la-viticulture-iseroise-face-a-ses-defis\\\/\"},\"wordCount\":473,\"commentCount\":0,\"publisher\":{\"@id\":\"https:\\\/\\\/www.uges-isere.fr\\\/#organization\"},\"image\":{\"@id\":\"https:\\\/\\\/www.uges-isere.fr\\\/index.php\\\/2024\\\/03\\\/29\\\/accompagner-la-viticulture-iseroise-face-a-ses-defis\\\/#primaryimage\"},\"thumbnailUrl\":\"https:\\\/\\\/www.uges-isere.fr\\\/wp-content\\\/uploads\\\/2024\\\/03\\\/grapes-2656259_1280.jpg\",\"keywords\":[\"agriculture\",\"agriculture biologique\",\"bio\",\"montagne\",\"vin\",\"viticulture\"],\"articleSection\":[\"Agriculture, tourisme, montagne\",\"S\u00e9ance publique - Mars 2024\",\"S\u00e9ances publiques\"],\"inLanguage\":\"fr-FR\",\"potentialAction\":[{\"@type\":\"CommentAction\",\"name\":\"Comment\",\"target\":[\"https:\\\/\\\/www.uges-isere.fr\\\/index.php\\\/2024\\\/03\\\/29\\\/accompagner-la-viticulture-iseroise-face-a-ses-defis\\\/#respond\"]}]},{\"@type\":\"WebPage\",\"@id\":\"https:\\\/\\\/www.uges-isere.fr\\\/index.php\\\/2024\\\/03\\\/29\\\/accompagner-la-viticulture-iseroise-face-a-ses-defis\\\/\",\"url\":\"https:\\\/\\\/www.uges-isere.fr\\\/index.php\\\/2024\\\/03\\\/29\\\/accompagner-la-viticulture-iseroise-face-a-ses-defis\\\/\",\"name\":\"Accompagner la viticulture is\u00e9roise face \u00e0 ses d\u00e9fis - D\u00e9partement de l&#039;Is\u00e8re\",\"isPartOf\":{\"@id\":\"https:\\\/\\\/www.uges-isere.fr\\\/#website\"},\"primaryImageOfPage\":{\"@id\":\"https:\\\/\\\/www.uges-isere.fr\\\/index.php\\\/2024\\\/03\\\/29\\\/accompagner-la-viticulture-iseroise-face-a-ses-defis\\\/#primaryimage\"},\"image\":{\"@id\":\"https:\\\/\\\/www.uges-isere.fr\\\/index.php\\\/2024\\\/03\\\/29\\\/accompagner-la-viticulture-iseroise-face-a-ses-defis\\\/#primaryimage\"},\"thumbnailUrl\":\"https:\\\/\\\/www.uges-isere.fr\\\/wp-content\\\/uploads\\\/2024\\\/03\\\/grapes-2656259_1280.jpg\",\"datePublished\":\"2024-03-29T10:28:40+00:00\",\"dateModified\":\"2024-08-07T11:49:41+00:00\",\"breadcrumb\":{\"@id\":\"https:\\\/\\\/www.uges-isere.fr\\\/index.php\\\/2024\\\/03\\\/29\\\/accompagner-la-viticulture-iseroise-face-a-ses-defis\\\/#breadcrumb\"},\"inLanguage\":\"fr-FR\",\"potentialAction\":[{\"@type\":\"ReadAction\",\"target\":[\"https:\\\/\\\/www.uges-isere.fr\\\/index.php\\\/2024\\\/03\\\/29\\\/accompagner-la-viticulture-iseroise-face-a-ses-defis\\\/\"]}]},{\"@type\":\"ImageObject\",\"inLanguage\":\"fr-FR\",\"@id\":\"https:\\\/\\\/www.uges-isere.fr\\\/index.php\\\/2024\\\/03\\\/29\\\/accompagner-la-viticulture-iseroise-face-a-ses-defis\\\/#primaryimage\",\"url\":\"https:\\\/\\\/www.uges-isere.fr\\\/wp-content\\\/uploads\\\/2024\\\/03\\\/grapes-2656259_1280.jpg\",\"contentUrl\":\"https:\\\/\\\/www.uges-isere.fr\\\/wp-content\\\/uploads\\\/2024\\\/03\\\/grapes-2656259_1280.jpg\",\"width\":1280,\"height\":853},{\"@type\":\"BreadcrumbList\",\"@id\":\"https:\\\/\\\/www.uges-isere.fr\\\/index.php\\\/2024\\\/03\\\/29\\\/accompagner-la-viticulture-iseroise-face-a-ses-defis\\\/#breadcrumb\",\"itemListElement\":[{\"@type\":\"ListItem\",\"position\":1,\"name\":\"Accueil\",\"item\":\"https:\\\/\\\/www.uges-isere.fr\\\/\"},{\"@type\":\"ListItem\",\"position\":2,\"name\":\"Accompagner la viticulture is\u00e9roise face \u00e0 ses d\u00e9fis\"}]},{\"@type\":\"WebSite\",\"@id\":\"https:\\\/\\\/www.uges-isere.fr\\\/#website\",\"url\":\"https:\\\/\\\/www.uges-isere.fr\\\/\",\"name\":\"D\u00e9partement de l&#039;Is\u00e8re\",\"description\":\"Groupe d&#039;opposition UGES\",\"publisher\":{\"@id\":\"https:\\\/\\\/www.uges-isere.fr\\\/#organization\"},\"potentialAction\":[{\"@type\":\"SearchAction\",\"target\":{\"@type\":\"EntryPoint\",\"urlTemplate\":\"https:\\\/\\\/www.uges-isere.fr\\\/?s={search_term_string}\"},\"query-input\":{\"@type\":\"PropertyValueSpecification\",\"valueRequired\":true,\"valueName\":\"search_term_string\"}}],\"inLanguage\":\"fr-FR\"},{\"@type\":\"Organization\",\"@id\":\"https:\\\/\\\/www.uges-isere.fr\\\/#organization\",\"name\":\"D\u00e9partement de l'Is\u00e8re\",\"url\":\"https:\\\/\\\/www.uges-isere.fr\\\/\",\"logo\":{\"@type\":\"ImageObject\",\"inLanguage\":\"fr-FR\",\"@id\":\"https:\\\/\\\/www.uges-isere.fr\\\/#\\\/schema\\\/logo\\\/image\\\/\",\"url\":\"https:\\\/\\\/www.uges-isere.fr\\\/wp-content\\\/uploads\\\/2021\\\/10\\\/logo-ok.png\",\"contentUrl\":\"https:\\\/\\\/www.uges-isere.fr\\\/wp-content\\\/uploads\\\/2021\\\/10\\\/logo-ok.png\",\"width\":2859,\"height\":1816,\"caption\":\"D\u00e9partement de l'Is\u00e8re\"},\"image\":{\"@id\":\"https:\\\/\\\/www.uges-isere.fr\\\/#\\\/schema\\\/logo\\\/image\\\/\"},\"sameAs\":[\"https:\\\/\\\/www.facebook.com\\\/LePrintemps38\",\"https:\\\/\\\/x.com\\\/GroupeUGES38\"]},{\"@type\":\"Person\",\"@id\":\"https:\\\/\\\/www.uges-isere.fr\\\/#\\\/schema\\\/person\\\/a200926d67119314e8837b6a085de83a\",\"name\":\"ThibaudUGES38\",\"image\":{\"@type\":\"ImageObject\",\"inLanguage\":\"fr-FR\",\"@id\":\"https:\\\/\\\/secure.gravatar.com\\\/avatar\\\/e182ebfe597e409aafe3378f828607b2b757ed94a3489b20112818296e03b151?s=96&d=mm&r=g\",\"url\":\"https:\\\/\\\/secure.gravatar.com\\\/avatar\\\/e182ebfe597e409aafe3378f828607b2b757ed94a3489b20112818296e03b151?s=96&d=mm&r=g\",\"contentUrl\":\"https:\\\/\\\/secure.gravatar.com\\\/avatar\\\/e182ebfe597e409aafe3378f828607b2b757ed94a3489b20112818296e03b151?s=96&d=mm&r=g\",\"caption\":\"ThibaudUGES38\"},\"url\":\"https:\\\/\\\/www.uges-isere.fr\\\/index.php\\\/author\\\/thibauduges38\\\/\"}]}<\/script>\n<!-- \/ Yoast SEO plugin. -->","yoast_head_json":{"title":"Accompagner la viticulture is\u00e9roise face \u00e0 ses d\u00e9fis - D\u00e9partement de l&#039;Is\u00e8re","robots":{"index":"index","follow":"follow","max-snippet":"max-snippet:-1","max-image-preview":"max-image-preview:large","max-video-preview":"max-video-preview:-1"},"canonical":"https:\/\/www.uges-isere.fr\/index.php\/2024\/03\/29\/accompagner-la-viticulture-iseroise-face-a-ses-defis\/","og_locale":"fr_FR","og_type":"article","og_title":"Accompagner la viticulture is\u00e9roise face \u00e0 ses d\u00e9fis - D\u00e9partement de l&#039;Is\u00e8re","og_description":"Sophie Romera est intervenue sur les aides accord\u00e9es aux viticulteurs is\u00e9rois dans le cadre des politiques r\u00e9gionales en &hellip;","og_url":"https:\/\/www.uges-isere.fr\/index.php\/2024\/03\/29\/accompagner-la-viticulture-iseroise-face-a-ses-defis\/","og_site_name":"D\u00e9partement de l&#039;Is\u00e8re","article_publisher":"https:\/\/www.facebook.com\/LePrintemps38","article_published_time":"2024-03-29T10:28:40+00:00","article_modified_time":"2024-08-07T11:49:41+00:00","og_image":[{"width":1280,"height":853,"url":"https:\/\/www.uges-isere.fr\/wp-content\/uploads\/2024\/03\/grapes-2656259_1280.jpg","type":"image\/jpeg"}],"author":"ThibaudUGES38","twitter_card":"summary_large_image","twitter_creator":"@GroupeUGES38","twitter_site":"@GroupeUGES38","twitter_misc":{"\u00c9crit par":"ThibaudUGES38","Dur\u00e9e de lecture estim\u00e9e":"3 minutes"},"schema":{"@context":"https:\/\/schema.org","@graph":[{"@type":"Article","@id":"https:\/\/www.uges-isere.fr\/index.php\/2024\/03\/29\/accompagner-la-viticulture-iseroise-face-a-ses-defis\/#article","isPartOf":{"@id":"https:\/\/www.uges-isere.fr\/index.php\/2024\/03\/29\/accompagner-la-viticulture-iseroise-face-a-ses-defis\/"},"author":{"name":"ThibaudUGES38","@id":"https:\/\/www.uges-isere.fr\/#\/schema\/person\/a200926d67119314e8837b6a085de83a"},"headline":"Accompagner la viticulture is\u00e9roise face \u00e0 ses d\u00e9fis","datePublished":"2024-03-29T10:28:40+00:00","dateModified":"2024-08-07T11:49:41+00:00","mainEntityOfPage":{"@id":"https:\/\/www.uges-isere.fr\/index.php\/2024\/03\/29\/accompagner-la-viticulture-iseroise-face-a-ses-defis\/"},"wordCount":473,"commentCount":0,"publisher":{"@id":"https:\/\/www.uges-isere.fr\/#organization"},"image":{"@id":"https:\/\/www.uges-isere.fr\/index.php\/2024\/03\/29\/accompagner-la-viticulture-iseroise-face-a-ses-defis\/#primaryimage"},"thumbnailUrl":"https:\/\/www.uges-isere.fr\/wp-content\/uploads\/2024\/03\/grapes-2656259_1280.jpg","keywords":["agriculture","agriculture biologique","bio","montagne","vin","viticulture"],"articleSection":["Agriculture, tourisme, montagne","S\u00e9ance publique - Mars 2024","S\u00e9ances publiques"],"inLanguage":"fr-FR","potentialAction":[{"@type":"CommentAction","name":"Comment","target":["https:\/\/www.uges-isere.fr\/index.php\/2024\/03\/29\/accompagner-la-viticulture-iseroise-face-a-ses-defis\/#respond"]}]},{"@type":"WebPage","@id":"https:\/\/www.uges-isere.fr\/index.php\/2024\/03\/29\/accompagner-la-viticulture-iseroise-face-a-ses-defis\/","url":"https:\/\/www.uges-isere.fr\/index.php\/2024\/03\/29\/accompagner-la-viticulture-iseroise-face-a-ses-defis\/","name":"Accompagner la viticulture is\u00e9roise face \u00e0 ses d\u00e9fis - D\u00e9partement de l&#039;Is\u00e8re","isPartOf":{"@id":"https:\/\/www.uges-isere.fr\/#website"},"primaryImageOfPage":{"@id":"https:\/\/www.uges-isere.fr\/index.php\/2024\/03\/29\/accompagner-la-viticulture-iseroise-face-a-ses-defis\/#primaryimage"},"image":{"@id":"https:\/\/www.uges-isere.fr\/index.php\/2024\/03\/29\/accompagner-la-viticulture-iseroise-face-a-ses-defis\/#primaryimage"},"thumbnailUrl":"https:\/\/www.uges-isere.fr\/wp-content\/uploads\/2024\/03\/grapes-2656259_1280.jpg","datePublished":"2024-03-29T10:28:40+00:00","dateModified":"2024-08-07T11:49:41+00:00","breadcrumb":{"@id":"https:\/\/www.uges-isere.fr\/index.php\/2024\/03\/29\/accompagner-la-viticulture-iseroise-face-a-ses-defis\/#breadcrumb"},"inLanguage":"fr-FR","potentialAction":[{"@type":"ReadAction","target":["https:\/\/www.uges-isere.fr\/index.php\/2024\/03\/29\/accompagner-la-viticulture-iseroise-face-a-ses-defis\/"]}]},{"@type":"ImageObject","inLanguage":"fr-FR","@id":"https:\/\/www.uges-isere.fr\/index.php\/2024\/03\/29\/accompagner-la-viticulture-iseroise-face-a-ses-defis\/#primaryimage","url":"https:\/\/www.uges-isere.fr\/wp-content\/uploads\/2024\/03\/grapes-2656259_1280.jpg","contentUrl":"https:\/\/www.uges-isere.fr\/wp-content\/uploads\/2024\/03\/grapes-2656259_1280.jpg","width":1280,"height":853},{"@type":"BreadcrumbList","@id":"https:\/\/www.uges-isere.fr\/index.php\/2024\/03\/29\/accompagner-la-viticulture-iseroise-face-a-ses-defis\/#breadcrumb","itemListElement":[{"@type":"ListItem","position":1,"name":"Accueil","item":"https:\/\/www.uges-isere.fr\/"},{"@type":"ListItem","position":2,"name":"Accompagner la viticulture is\u00e9roise face \u00e0 ses d\u00e9fis"}]},{"@type":"WebSite","@id":"https:\/\/www.uges-isere.fr\/#website","url":"https:\/\/www.uges-isere.fr\/","name":"D\u00e9partement de l&#039;Is\u00e8re","description":"Groupe d&#039;opposition UGES","publisher":{"@id":"https:\/\/www.uges-isere.fr\/#organization"},"potentialAction":[{"@type":"SearchAction","target":{"@type":"EntryPoint","urlTemplate":"https:\/\/www.uges-isere.fr\/?s={search_term_string}"},"query-input":{"@type":"PropertyValueSpecification","valueRequired":true,"valueName":"search_term_string"}}],"inLanguage":"fr-FR"},{"@type":"Organization","@id":"https:\/\/www.uges-isere.fr\/#organization","name":"D\u00e9partement de l'Is\u00e8re","url":"https:\/\/www.uges-isere.fr\/","logo":{"@type":"ImageObject","inLanguage":"fr-FR","@id":"https:\/\/www.uges-isere.fr\/#\/schema\/logo\/image\/","url":"https:\/\/www.uges-isere.fr\/wp-content\/uploads\/2021\/10\/logo-ok.png","contentUrl":"https:\/\/www.uges-isere.fr\/wp-content\/uploads\/2021\/10\/logo-ok.png","width":2859,"height":1816,"caption":"D\u00e9partement de l'Is\u00e8re"},"image":{"@id":"https:\/\/www.uges-isere.fr\/#\/schema\/logo\/image\/"},"sameAs":["https:\/\/www.facebook.com\/LePrintemps38","https:\/\/x.com\/GroupeUGES38"]},{"@type":"Person","@id":"https:\/\/www.uges-isere.fr\/#\/schema\/person\/a200926d67119314e8837b6a085de83a","name":"ThibaudUGES38","image":{"@type":"ImageObject","inLanguage":"fr-FR","@id":"https:\/\/secure.gravatar.com\/avatar\/e182ebfe597e409aafe3378f828607b2b757ed94a3489b20112818296e03b151?s=96&d=mm&r=g","url":"https:\/\/secure.gravatar.com\/avatar\/e182ebfe597e409aafe3378f828607b2b757ed94a3489b20112818296e03b151?s=96&d=mm&r=g","contentUrl":"https:\/\/secure.gravatar.com\/avatar\/e182ebfe597e409aafe3378f828607b2b757ed94a3489b20112818296e03b151?s=96&d=mm&r=g","caption":"ThibaudUGES38"},"url":"https:\/\/www.uges-isere.fr\/index.php\/author\/thibauduges38\/"}]}},"_links":{"self":[{"href":"https:\/\/www.uges-isere.fr\/index.php\/wp-json\/wp\/v2\/posts\/684010","targetHints":{"allow":["GET"]}}],"collection":[{"href":"https:\/\/www.uges-isere.fr\/index.php\/wp-json\/wp\/v2\/posts"}],"about":[{"href":"https:\/\/www.uges-isere.fr\/index.php\/wp-json\/wp\/v2\/types\/post"}],"author":[{"embeddable":true,"href":"https:\/\/www.uges-isere.fr\/index.php\/wp-json\/wp\/v2\/users\/8"}],"replies":[{"embeddable":true,"href":"https:\/\/www.uges-isere.fr\/index.php\/wp-json\/wp\/v2\/comments?post=684010"}],"version-history":[{"count":3,"href":"https:\/\/www.uges-isere.fr\/index.php\/wp-json\/wp\/v2\/posts\/684010\/revisions"}],"predecessor-version":[{"id":684092,"href":"https:\/\/www.uges-isere.fr\/index.php\/wp-json\/wp\/v2\/posts\/684010\/revisions\/684092"}],"wp:featuredmedia":[{"embeddable":true,"href":"https:\/\/www.uges-isere.fr\/index.php\/wp-json\/wp\/v2\/media\/684011"}],"wp:attachment":[{"href":"https:\/\/www.uges-isere.fr\/index.php\/wp-json\/wp\/v2\/media?parent=684010"}],"wp:term":[{"taxonomy":"category","embeddable":true,"href":"https:\/\/www.uges-isere.fr\/index.php\/wp-json\/wp\/v2\/categories?post=684010"},{"taxonomy":"post_tag","embeddable":true,"href":"https:\/\/www.uges-isere.fr\/index.php\/wp-json\/wp\/v2\/tags?post=684010"}],"curies":[{"name":"wp","href":"https:\/\/api.w.org\/{rel}","templated":true}]}}