{"id":683971,"date":"2024-02-09T19:11:00","date_gmt":"2024-02-09T18:11:00","guid":{"rendered":"https:\/\/www.uges-isere.fr\/?p=683971"},"modified":"2024-02-09T17:16:16","modified_gmt":"2024-02-09T16:16:16","slug":"face-aux-difficultes-de-ladpah-le-departement-de-lisere-doit-etre-au-rendez-vous","status":"publish","type":"post","link":"https:\/\/www.uges-isere.fr\/index.php\/2024\/02\/09\/face-aux-difficultes-de-ladpah-le-departement-de-lisere-doit-etre-au-rendez-vous\/","title":{"rendered":"Face aux difficult\u00e9s de l\u2019ADPAH, le D\u00e9partement de l\u2019Is\u00e8re doit \u00eatre au rendez-vous"},"content":{"rendered":"\n<blockquote class=\"wp-block-quote is-layout-flow wp-block-quote-is-layout-flow\">\n<p>Depuis mai 2023, l\u2019<strong>Association d\u2019Aide \u00e0 Domicile aux Personnes Ag\u00e9es ou Handicap\u00e9es (ADPAH) <\/strong>a \u00e9t\u00e9 plac\u00e9e en redressement judiciaire face aux difficult\u00e9s \u00e9conomiques que subit la structure depuis de longs mois. L\u2019ADPAH intervient en tant que Service d&rsquo;aide et d&rsquo;accompagnement \u00e0 domicile (SAAD) \u00e0 Vienne et dans 70 communes environnantes. Lanc\u00e9e en 1960, l\u2019ADPAH est un acteur historique et efficace en Is\u00e8re qui accompagne un millier de personnes gr\u00e2ce \u00e0 150 salari\u00e9s.<\/p>\n\n\n\n<p><\/p>\n\n\n\n<p><strong>La situation actuelle de la structure est pr\u00e9occupante<\/strong>, pour les personnes \u00e2g\u00e9es et personnes en situation de handicap b\u00e9n\u00e9ficiaires ainsi que pour les salari\u00e9s notamment si aucun repreneur ou projet d\u2019int\u00e9gration ne s\u2019offre \u00e0 l\u2019association rapidement. Les difficult\u00e9s rencontr\u00e9es sont malheureusement communes \u00e0 d\u2019autres structures qui souffrent aujourd\u2019hui d\u2019un mod\u00e8le de financement inefficace, d\u2019une concurrence accrue du secteur priv\u00e9 lucratif, de difficult\u00e9s de recrutement et de financement des diff\u00e9rentes revalorisations salariales, n\u00e9cessaires et n\u00e9goci\u00e9es nationalement.<\/p>\n\n\n\n<p><\/p>\n\n\n\n<p>Face \u00e0 cette situation, <strong>les \u00e9lu.e.s du groupe UGES d\u00e9plorent une nouvelle fois les choix faits par le D\u00e9partement de l\u2019Is\u00e8re pour mettre en \u0153uvre la compensation financi\u00e8re de ces revalorisations salariales, modalit\u00e9s qui ne sont favorables ni aux usager.e.s ni aux associations.<\/strong><\/p>\n\n\n\n<p><\/p>\n\n\n\n<p>Le D\u00e9partement de l\u2019Is\u00e8re, chef de file de l\u2019action sociale, doit \u00eatre aujourd\u2019hui <strong>volontariste et force de proposition pour pr\u00e9server un accompagnement de qualit\u00e9 accessible \u00e0 toutes et tous au plus proche des besoins des personnes. <\/strong>La p\u00e9riode de redressement judiciaire doit \u00eatre ainsi propice \u00e0 la recherche de solutions s\u2019appuyant sur des partenaires locaux qui connaissent bien le territoire et <strong>dans une approche non lucrative, <\/strong>afin de proposer une offre de service au plus pr\u00e8s des besoins des usagers et sans augmentation des tarifs pour les familles.<\/p>\n\n\n\n<p><\/p>\n\n\n\n<p>Les \u00e9lu.e.s UGES seront par ailleurs vigilants \u00e0 ce que l\u2019int\u00e9grit\u00e9 des services aujourd\u2019hui propos\u00e9s puissent continuer \u00e0 \u00eatre assur\u00e9s, dans le cadre d\u2019un<strong> mod\u00e8le non-lucratif portant des valeurs humanistes.<\/strong><\/p>\n<\/blockquote>\n","protected":false},"excerpt":{"rendered":"<p>Depuis mai 2023, l\u2019Association d\u2019Aide \u00e0 Domicile aux Personnes Ag\u00e9es ou Handicap\u00e9es (ADPAH) a \u00e9t\u00e9 plac\u00e9e en redressement &hellip; <\/p>\n","protected":false},"author":8,"featured_media":683961,"comment_status":"open","ping_status":"open","sticky":false,"template":"","format":"standard","meta":{"footnotes":""},"categories":[9,18],"tags":[273,72,111,71,91],"class_list":["post-683971","post","type-post","status-publish","format-standard","has-post-thumbnail","hentry","category-action-sociale","category-communique-de-presse","tag-adpah","tag-aide-a-domicile","tag-autonomie","tag-personnes-agees","tag-personnes-handicapees"],"yoast_head":"<!-- This site is optimized with the Yoast SEO plugin v27.5 - https:\/\/yoast.com\/product\/yoast-seo-wordpress\/ -->\n<title>Face aux difficult\u00e9s de l\u2019ADPAH, le D\u00e9partement de l\u2019Is\u00e8re doit \u00eatre au rendez-vous - D\u00e9partement de l&#039;Is\u00e8re<\/title>\n<meta name=\"robots\" content=\"index, follow, max-snippet:-1, max-image-preview:large, max-video-preview:-1\" \/>\n<link rel=\"canonical\" href=\"https:\/\/www.uges-isere.fr\/index.php\/2024\/02\/09\/face-aux-difficultes-de-ladpah-le-departement-de-lisere-doit-etre-au-rendez-vous\/\" \/>\n<meta property=\"og:locale\" content=\"fr_FR\" \/>\n<meta property=\"og:type\" content=\"article\" \/>\n<meta property=\"og:title\" content=\"Face aux difficult\u00e9s de l\u2019ADPAH, le D\u00e9partement de l\u2019Is\u00e8re doit \u00eatre au rendez-vous - D\u00e9partement de l&#039;Is\u00e8re\" \/>\n<meta property=\"og:description\" content=\"Depuis mai 2023, l\u2019Association d\u2019Aide \u00e0 Domicile aux Personnes Ag\u00e9es ou Handicap\u00e9es (ADPAH) a \u00e9t\u00e9 plac\u00e9e en redressement &hellip;\" \/>\n<meta property=\"og:url\" content=\"https:\/\/www.uges-isere.fr\/index.php\/2024\/02\/09\/face-aux-difficultes-de-ladpah-le-departement-de-lisere-doit-etre-au-rendez-vous\/\" \/>\n<meta property=\"og:site_name\" content=\"D\u00e9partement de l&#039;Is\u00e8re\" \/>\n<meta property=\"article:publisher\" content=\"https:\/\/www.facebook.com\/LePrintemps38\" \/>\n<meta property=\"article:published_time\" content=\"2024-02-09T18:11:00+00:00\" \/>\n<meta property=\"og:image\" content=\"https:\/\/www.uges-isere.fr\/wp-content\/uploads\/2021\/10\/wheelchair-1629490_1280.jpg\" \/>\n\t<meta property=\"og:image:width\" content=\"1280\" \/>\n\t<meta property=\"og:image:height\" content=\"898\" \/>\n\t<meta property=\"og:image:type\" content=\"image\/jpeg\" \/>\n<meta name=\"author\" content=\"ThibaudUGES38\" \/>\n<meta name=\"twitter:card\" content=\"summary_large_image\" \/>\n<meta name=\"twitter:creator\" content=\"@GroupeUGES38\" \/>\n<meta name=\"twitter:site\" content=\"@GroupeUGES38\" \/>\n<meta name=\"twitter:label1\" content=\"\u00c9crit par\" \/>\n\t<meta name=\"twitter:data1\" content=\"ThibaudUGES38\" \/>\n<script type=\"application\/ld+json\" class=\"yoast-schema-graph\">{\"@context\":\"https:\\\/\\\/schema.org\",\"@graph\":[{\"@type\":\"Article\",\"@id\":\"https:\\\/\\\/www.uges-isere.fr\\\/index.php\\\/2024\\\/02\\\/09\\\/face-aux-difficultes-de-ladpah-le-departement-de-lisere-doit-etre-au-rendez-vous\\\/#article\",\"isPartOf\":{\"@id\":\"https:\\\/\\\/www.uges-isere.fr\\\/index.php\\\/2024\\\/02\\\/09\\\/face-aux-difficultes-de-ladpah-le-departement-de-lisere-doit-etre-au-rendez-vous\\\/\"},\"author\":{\"name\":\"ThibaudUGES38\",\"@id\":\"https:\\\/\\\/www.uges-isere.fr\\\/#\\\/schema\\\/person\\\/a200926d67119314e8837b6a085de83a\"},\"headline\":\"Face aux difficult\u00e9s de l\u2019ADPAH, le D\u00e9partement de l\u2019Is\u00e8re doit \u00eatre au rendez-vous\",\"datePublished\":\"2024-02-09T18:11:00+00:00\",\"mainEntityOfPage\":{\"@id\":\"https:\\\/\\\/www.uges-isere.fr\\\/index.php\\\/2024\\\/02\\\/09\\\/face-aux-difficultes-de-ladpah-le-departement-de-lisere-doit-etre-au-rendez-vous\\\/\"},\"wordCount\":372,\"commentCount\":0,\"publisher\":{\"@id\":\"https:\\\/\\\/www.uges-isere.fr\\\/#organization\"},\"image\":{\"@id\":\"https:\\\/\\\/www.uges-isere.fr\\\/index.php\\\/2024\\\/02\\\/09\\\/face-aux-difficultes-de-ladpah-le-departement-de-lisere-doit-etre-au-rendez-vous\\\/#primaryimage\"},\"thumbnailUrl\":\"https:\\\/\\\/www.uges-isere.fr\\\/wp-content\\\/uploads\\\/2021\\\/10\\\/wheelchair-1629490_1280.jpg\",\"keywords\":[\"ADPAH\",\"aide \u00e0 domicile\",\"autonomie\",\"personnes \u00e2g\u00e9es\",\"personnes handicap\u00e9es\"],\"articleSection\":[\"Action sociale\",\"Communiqu\u00e9s de presse\"],\"inLanguage\":\"fr-FR\",\"potentialAction\":[{\"@type\":\"CommentAction\",\"name\":\"Comment\",\"target\":[\"https:\\\/\\\/www.uges-isere.fr\\\/index.php\\\/2024\\\/02\\\/09\\\/face-aux-difficultes-de-ladpah-le-departement-de-lisere-doit-etre-au-rendez-vous\\\/#respond\"]}]},{\"@type\":\"WebPage\",\"@id\":\"https:\\\/\\\/www.uges-isere.fr\\\/index.php\\\/2024\\\/02\\\/09\\\/face-aux-difficultes-de-ladpah-le-departement-de-lisere-doit-etre-au-rendez-vous\\\/\",\"url\":\"https:\\\/\\\/www.uges-isere.fr\\\/index.php\\\/2024\\\/02\\\/09\\\/face-aux-difficultes-de-ladpah-le-departement-de-lisere-doit-etre-au-rendez-vous\\\/\",\"name\":\"Face aux difficult\u00e9s de l\u2019ADPAH, le D\u00e9partement de l\u2019Is\u00e8re doit \u00eatre au rendez-vous - D\u00e9partement de l&#039;Is\u00e8re\",\"isPartOf\":{\"@id\":\"https:\\\/\\\/www.uges-isere.fr\\\/#website\"},\"primaryImageOfPage\":{\"@id\":\"https:\\\/\\\/www.uges-isere.fr\\\/index.php\\\/2024\\\/02\\\/09\\\/face-aux-difficultes-de-ladpah-le-departement-de-lisere-doit-etre-au-rendez-vous\\\/#primaryimage\"},\"image\":{\"@id\":\"https:\\\/\\\/www.uges-isere.fr\\\/index.php\\\/2024\\\/02\\\/09\\\/face-aux-difficultes-de-ladpah-le-departement-de-lisere-doit-etre-au-rendez-vous\\\/#primaryimage\"},\"thumbnailUrl\":\"https:\\\/\\\/www.uges-isere.fr\\\/wp-content\\\/uploads\\\/2021\\\/10\\\/wheelchair-1629490_1280.jpg\",\"datePublished\":\"2024-02-09T18:11:00+00:00\",\"breadcrumb\":{\"@id\":\"https:\\\/\\\/www.uges-isere.fr\\\/index.php\\\/2024\\\/02\\\/09\\\/face-aux-difficultes-de-ladpah-le-departement-de-lisere-doit-etre-au-rendez-vous\\\/#breadcrumb\"},\"inLanguage\":\"fr-FR\",\"potentialAction\":[{\"@type\":\"ReadAction\",\"target\":[\"https:\\\/\\\/www.uges-isere.fr\\\/index.php\\\/2024\\\/02\\\/09\\\/face-aux-difficultes-de-ladpah-le-departement-de-lisere-doit-etre-au-rendez-vous\\\/\"]}]},{\"@type\":\"ImageObject\",\"inLanguage\":\"fr-FR\",\"@id\":\"https:\\\/\\\/www.uges-isere.fr\\\/index.php\\\/2024\\\/02\\\/09\\\/face-aux-difficultes-de-ladpah-le-departement-de-lisere-doit-etre-au-rendez-vous\\\/#primaryimage\",\"url\":\"https:\\\/\\\/www.uges-isere.fr\\\/wp-content\\\/uploads\\\/2021\\\/10\\\/wheelchair-1629490_1280.jpg\",\"contentUrl\":\"https:\\\/\\\/www.uges-isere.fr\\\/wp-content\\\/uploads\\\/2021\\\/10\\\/wheelchair-1629490_1280.jpg\",\"width\":1280,\"height\":898},{\"@type\":\"BreadcrumbList\",\"@id\":\"https:\\\/\\\/www.uges-isere.fr\\\/index.php\\\/2024\\\/02\\\/09\\\/face-aux-difficultes-de-ladpah-le-departement-de-lisere-doit-etre-au-rendez-vous\\\/#breadcrumb\",\"itemListElement\":[{\"@type\":\"ListItem\",\"position\":1,\"name\":\"Accueil\",\"item\":\"https:\\\/\\\/www.uges-isere.fr\\\/\"},{\"@type\":\"ListItem\",\"position\":2,\"name\":\"Face aux difficult\u00e9s de l\u2019ADPAH, le D\u00e9partement de l\u2019Is\u00e8re doit \u00eatre au rendez-vous\"}]},{\"@type\":\"WebSite\",\"@id\":\"https:\\\/\\\/www.uges-isere.fr\\\/#website\",\"url\":\"https:\\\/\\\/www.uges-isere.fr\\\/\",\"name\":\"D\u00e9partement de l&#039;Is\u00e8re\",\"description\":\"Groupe d&#039;opposition UGES\",\"publisher\":{\"@id\":\"https:\\\/\\\/www.uges-isere.fr\\\/#organization\"},\"potentialAction\":[{\"@type\":\"SearchAction\",\"target\":{\"@type\":\"EntryPoint\",\"urlTemplate\":\"https:\\\/\\\/www.uges-isere.fr\\\/?s={search_term_string}\"},\"query-input\":{\"@type\":\"PropertyValueSpecification\",\"valueRequired\":true,\"valueName\":\"search_term_string\"}}],\"inLanguage\":\"fr-FR\"},{\"@type\":\"Organization\",\"@id\":\"https:\\\/\\\/www.uges-isere.fr\\\/#organization\",\"name\":\"D\u00e9partement de l'Is\u00e8re\",\"url\":\"https:\\\/\\\/www.uges-isere.fr\\\/\",\"logo\":{\"@type\":\"ImageObject\",\"inLanguage\":\"fr-FR\",\"@id\":\"https:\\\/\\\/www.uges-isere.fr\\\/#\\\/schema\\\/logo\\\/image\\\/\",\"url\":\"https:\\\/\\\/www.uges-isere.fr\\\/wp-content\\\/uploads\\\/2021\\\/10\\\/logo-ok.png\",\"contentUrl\":\"https:\\\/\\\/www.uges-isere.fr\\\/wp-content\\\/uploads\\\/2021\\\/10\\\/logo-ok.png\",\"width\":2859,\"height\":1816,\"caption\":\"D\u00e9partement de l'Is\u00e8re\"},\"image\":{\"@id\":\"https:\\\/\\\/www.uges-isere.fr\\\/#\\\/schema\\\/logo\\\/image\\\/\"},\"sameAs\":[\"https:\\\/\\\/www.facebook.com\\\/LePrintemps38\",\"https:\\\/\\\/x.com\\\/GroupeUGES38\"]},{\"@type\":\"Person\",\"@id\":\"https:\\\/\\\/www.uges-isere.fr\\\/#\\\/schema\\\/person\\\/a200926d67119314e8837b6a085de83a\",\"name\":\"ThibaudUGES38\",\"image\":{\"@type\":\"ImageObject\",\"inLanguage\":\"fr-FR\",\"@id\":\"https:\\\/\\\/secure.gravatar.com\\\/avatar\\\/e182ebfe597e409aafe3378f828607b2b757ed94a3489b20112818296e03b151?s=96&d=mm&r=g\",\"url\":\"https:\\\/\\\/secure.gravatar.com\\\/avatar\\\/e182ebfe597e409aafe3378f828607b2b757ed94a3489b20112818296e03b151?s=96&d=mm&r=g\",\"contentUrl\":\"https:\\\/\\\/secure.gravatar.com\\\/avatar\\\/e182ebfe597e409aafe3378f828607b2b757ed94a3489b20112818296e03b151?s=96&d=mm&r=g\",\"caption\":\"ThibaudUGES38\"},\"url\":\"https:\\\/\\\/www.uges-isere.fr\\\/index.php\\\/author\\\/thibauduges38\\\/\"}]}<\/script>\n<!-- \/ Yoast SEO plugin. -->","yoast_head_json":{"title":"Face aux difficult\u00e9s de l\u2019ADPAH, le D\u00e9partement de l\u2019Is\u00e8re doit \u00eatre au rendez-vous - D\u00e9partement de l&#039;Is\u00e8re","robots":{"index":"index","follow":"follow","max-snippet":"max-snippet:-1","max-image-preview":"max-image-preview:large","max-video-preview":"max-video-preview:-1"},"canonical":"https:\/\/www.uges-isere.fr\/index.php\/2024\/02\/09\/face-aux-difficultes-de-ladpah-le-departement-de-lisere-doit-etre-au-rendez-vous\/","og_locale":"fr_FR","og_type":"article","og_title":"Face aux difficult\u00e9s de l\u2019ADPAH, le D\u00e9partement de l\u2019Is\u00e8re doit \u00eatre au rendez-vous - D\u00e9partement de l&#039;Is\u00e8re","og_description":"Depuis mai 2023, l\u2019Association d\u2019Aide \u00e0 Domicile aux Personnes Ag\u00e9es ou Handicap\u00e9es (ADPAH) a \u00e9t\u00e9 plac\u00e9e en redressement &hellip;","og_url":"https:\/\/www.uges-isere.fr\/index.php\/2024\/02\/09\/face-aux-difficultes-de-ladpah-le-departement-de-lisere-doit-etre-au-rendez-vous\/","og_site_name":"D\u00e9partement de l&#039;Is\u00e8re","article_publisher":"https:\/\/www.facebook.com\/LePrintemps38","article_published_time":"2024-02-09T18:11:00+00:00","og_image":[{"width":1280,"height":898,"url":"https:\/\/www.uges-isere.fr\/wp-content\/uploads\/2021\/10\/wheelchair-1629490_1280.jpg","type":"image\/jpeg"}],"author":"ThibaudUGES38","twitter_card":"summary_large_image","twitter_creator":"@GroupeUGES38","twitter_site":"@GroupeUGES38","twitter_misc":{"\u00c9crit par":"ThibaudUGES38"},"schema":{"@context":"https:\/\/schema.org","@graph":[{"@type":"Article","@id":"https:\/\/www.uges-isere.fr\/index.php\/2024\/02\/09\/face-aux-difficultes-de-ladpah-le-departement-de-lisere-doit-etre-au-rendez-vous\/#article","isPartOf":{"@id":"https:\/\/www.uges-isere.fr\/index.php\/2024\/02\/09\/face-aux-difficultes-de-ladpah-le-departement-de-lisere-doit-etre-au-rendez-vous\/"},"author":{"name":"ThibaudUGES38","@id":"https:\/\/www.uges-isere.fr\/#\/schema\/person\/a200926d67119314e8837b6a085de83a"},"headline":"Face aux difficult\u00e9s de l\u2019ADPAH, le D\u00e9partement de l\u2019Is\u00e8re doit \u00eatre au rendez-vous","datePublished":"2024-02-09T18:11:00+00:00","mainEntityOfPage":{"@id":"https:\/\/www.uges-isere.fr\/index.php\/2024\/02\/09\/face-aux-difficultes-de-ladpah-le-departement-de-lisere-doit-etre-au-rendez-vous\/"},"wordCount":372,"commentCount":0,"publisher":{"@id":"https:\/\/www.uges-isere.fr\/#organization"},"image":{"@id":"https:\/\/www.uges-isere.fr\/index.php\/2024\/02\/09\/face-aux-difficultes-de-ladpah-le-departement-de-lisere-doit-etre-au-rendez-vous\/#primaryimage"},"thumbnailUrl":"https:\/\/www.uges-isere.fr\/wp-content\/uploads\/2021\/10\/wheelchair-1629490_1280.jpg","keywords":["ADPAH","aide \u00e0 domicile","autonomie","personnes \u00e2g\u00e9es","personnes handicap\u00e9es"],"articleSection":["Action sociale","Communiqu\u00e9s de presse"],"inLanguage":"fr-FR","potentialAction":[{"@type":"CommentAction","name":"Comment","target":["https:\/\/www.uges-isere.fr\/index.php\/2024\/02\/09\/face-aux-difficultes-de-ladpah-le-departement-de-lisere-doit-etre-au-rendez-vous\/#respond"]}]},{"@type":"WebPage","@id":"https:\/\/www.uges-isere.fr\/index.php\/2024\/02\/09\/face-aux-difficultes-de-ladpah-le-departement-de-lisere-doit-etre-au-rendez-vous\/","url":"https:\/\/www.uges-isere.fr\/index.php\/2024\/02\/09\/face-aux-difficultes-de-ladpah-le-departement-de-lisere-doit-etre-au-rendez-vous\/","name":"Face aux difficult\u00e9s de l\u2019ADPAH, le D\u00e9partement de l\u2019Is\u00e8re doit \u00eatre au rendez-vous - D\u00e9partement de l&#039;Is\u00e8re","isPartOf":{"@id":"https:\/\/www.uges-isere.fr\/#website"},"primaryImageOfPage":{"@id":"https:\/\/www.uges-isere.fr\/index.php\/2024\/02\/09\/face-aux-difficultes-de-ladpah-le-departement-de-lisere-doit-etre-au-rendez-vous\/#primaryimage"},"image":{"@id":"https:\/\/www.uges-isere.fr\/index.php\/2024\/02\/09\/face-aux-difficultes-de-ladpah-le-departement-de-lisere-doit-etre-au-rendez-vous\/#primaryimage"},"thumbnailUrl":"https:\/\/www.uges-isere.fr\/wp-content\/uploads\/2021\/10\/wheelchair-1629490_1280.jpg","datePublished":"2024-02-09T18:11:00+00:00","breadcrumb":{"@id":"https:\/\/www.uges-isere.fr\/index.php\/2024\/02\/09\/face-aux-difficultes-de-ladpah-le-departement-de-lisere-doit-etre-au-rendez-vous\/#breadcrumb"},"inLanguage":"fr-FR","potentialAction":[{"@type":"ReadAction","target":["https:\/\/www.uges-isere.fr\/index.php\/2024\/02\/09\/face-aux-difficultes-de-ladpah-le-departement-de-lisere-doit-etre-au-rendez-vous\/"]}]},{"@type":"ImageObject","inLanguage":"fr-FR","@id":"https:\/\/www.uges-isere.fr\/index.php\/2024\/02\/09\/face-aux-difficultes-de-ladpah-le-departement-de-lisere-doit-etre-au-rendez-vous\/#primaryimage","url":"https:\/\/www.uges-isere.fr\/wp-content\/uploads\/2021\/10\/wheelchair-1629490_1280.jpg","contentUrl":"https:\/\/www.uges-isere.fr\/wp-content\/uploads\/2021\/10\/wheelchair-1629490_1280.jpg","width":1280,"height":898},{"@type":"BreadcrumbList","@id":"https:\/\/www.uges-isere.fr\/index.php\/2024\/02\/09\/face-aux-difficultes-de-ladpah-le-departement-de-lisere-doit-etre-au-rendez-vous\/#breadcrumb","itemListElement":[{"@type":"ListItem","position":1,"name":"Accueil","item":"https:\/\/www.uges-isere.fr\/"},{"@type":"ListItem","position":2,"name":"Face aux difficult\u00e9s de l\u2019ADPAH, le D\u00e9partement de l\u2019Is\u00e8re doit \u00eatre au rendez-vous"}]},{"@type":"WebSite","@id":"https:\/\/www.uges-isere.fr\/#website","url":"https:\/\/www.uges-isere.fr\/","name":"D\u00e9partement de l&#039;Is\u00e8re","description":"Groupe d&#039;opposition UGES","publisher":{"@id":"https:\/\/www.uges-isere.fr\/#organization"},"potentialAction":[{"@type":"SearchAction","target":{"@type":"EntryPoint","urlTemplate":"https:\/\/www.uges-isere.fr\/?s={search_term_string}"},"query-input":{"@type":"PropertyValueSpecification","valueRequired":true,"valueName":"search_term_string"}}],"inLanguage":"fr-FR"},{"@type":"Organization","@id":"https:\/\/www.uges-isere.fr\/#organization","name":"D\u00e9partement de l'Is\u00e8re","url":"https:\/\/www.uges-isere.fr\/","logo":{"@type":"ImageObject","inLanguage":"fr-FR","@id":"https:\/\/www.uges-isere.fr\/#\/schema\/logo\/image\/","url":"https:\/\/www.uges-isere.fr\/wp-content\/uploads\/2021\/10\/logo-ok.png","contentUrl":"https:\/\/www.uges-isere.fr\/wp-content\/uploads\/2021\/10\/logo-ok.png","width":2859,"height":1816,"caption":"D\u00e9partement de l'Is\u00e8re"},"image":{"@id":"https:\/\/www.uges-isere.fr\/#\/schema\/logo\/image\/"},"sameAs":["https:\/\/www.facebook.com\/LePrintemps38","https:\/\/x.com\/GroupeUGES38"]},{"@type":"Person","@id":"https:\/\/www.uges-isere.fr\/#\/schema\/person\/a200926d67119314e8837b6a085de83a","name":"ThibaudUGES38","image":{"@type":"ImageObject","inLanguage":"fr-FR","@id":"https:\/\/secure.gravatar.com\/avatar\/e182ebfe597e409aafe3378f828607b2b757ed94a3489b20112818296e03b151?s=96&d=mm&r=g","url":"https:\/\/secure.gravatar.com\/avatar\/e182ebfe597e409aafe3378f828607b2b757ed94a3489b20112818296e03b151?s=96&d=mm&r=g","contentUrl":"https:\/\/secure.gravatar.com\/avatar\/e182ebfe597e409aafe3378f828607b2b757ed94a3489b20112818296e03b151?s=96&d=mm&r=g","caption":"ThibaudUGES38"},"url":"https:\/\/www.uges-isere.fr\/index.php\/author\/thibauduges38\/"}]}},"_links":{"self":[{"href":"https:\/\/www.uges-isere.fr\/index.php\/wp-json\/wp\/v2\/posts\/683971","targetHints":{"allow":["GET"]}}],"collection":[{"href":"https:\/\/www.uges-isere.fr\/index.php\/wp-json\/wp\/v2\/posts"}],"about":[{"href":"https:\/\/www.uges-isere.fr\/index.php\/wp-json\/wp\/v2\/types\/post"}],"author":[{"embeddable":true,"href":"https:\/\/www.uges-isere.fr\/index.php\/wp-json\/wp\/v2\/users\/8"}],"replies":[{"embeddable":true,"href":"https:\/\/www.uges-isere.fr\/index.php\/wp-json\/wp\/v2\/comments?post=683971"}],"version-history":[{"count":1,"href":"https:\/\/www.uges-isere.fr\/index.php\/wp-json\/wp\/v2\/posts\/683971\/revisions"}],"predecessor-version":[{"id":683972,"href":"https:\/\/www.uges-isere.fr\/index.php\/wp-json\/wp\/v2\/posts\/683971\/revisions\/683972"}],"wp:featuredmedia":[{"embeddable":true,"href":"https:\/\/www.uges-isere.fr\/index.php\/wp-json\/wp\/v2\/media\/683961"}],"wp:attachment":[{"href":"https:\/\/www.uges-isere.fr\/index.php\/wp-json\/wp\/v2\/media?parent=683971"}],"wp:term":[{"taxonomy":"category","embeddable":true,"href":"https:\/\/www.uges-isere.fr\/index.php\/wp-json\/wp\/v2\/categories?post=683971"},{"taxonomy":"post_tag","embeddable":true,"href":"https:\/\/www.uges-isere.fr\/index.php\/wp-json\/wp\/v2\/tags?post=683971"}],"curies":[{"name":"wp","href":"https:\/\/api.w.org\/{rel}","templated":true}]}}