{"id":683966,"date":"2023-12-21T10:29:21","date_gmt":"2023-12-21T09:29:21","guid":{"rendered":"https:\/\/www.uges-isere.fr\/?p=683966"},"modified":"2024-02-09T17:16:57","modified_gmt":"2024-02-09T16:16:57","slug":"loi-immigration-le-groupe-uges-demande-au-president-du-departement-de-lisere-de-refuser-la-preference-nationale","status":"publish","type":"post","link":"https:\/\/www.uges-isere.fr\/index.php\/2023\/12\/21\/loi-immigration-le-groupe-uges-demande-au-president-du-departement-de-lisere-de-refuser-la-preference-nationale\/","title":{"rendered":"Loi \u00ab\u00a0immigration : le groupe UGES demande au Pr\u00e9sident du D\u00e9partement de l\u2019Is\u00e8re\u00a0de refuser la \u00ab pr\u00e9f\u00e9rence nationale \u00bb"},"content":{"rendered":"\n<p>Le groupe UGES au Conseil d\u00e9partemental partage sa profonde tristesse et col\u00e8re \u00e0 l\u2019issue du vote de<strong>&nbsp;la loi \u00ab immigration \u00bb<\/strong>. Cette loi porte atteinte aux valeurs de notre R\u00e9publique, consacre la pr\u00e9f\u00e9rence nationale et remet en cause le droit du sol. Ce texte est une trahison de notre histoire, un recul pour l\u2019\u00e9galit\u00e9, la justice et une honte pour le pays des Droits de l\u2019Homme.<\/p>\n\n\n\n<p>Comme engag\u00e9 par&nbsp;<a href=\"https:\/\/x.com\/GaucheAdf\/status\/1737516953885954491?s=20\" target=\"_blank\" rel=\"noreferrer noopener\">32 D\u00e9partements de Gauche<\/a>, nous demandons au Pr\u00e9sident du D\u00e9partement de l\u2019Is\u00e8re, Jean-Pierre Barbier , de&nbsp;<strong><u>refuser d\u2019appliquer le principe de la pr\u00e9f\u00e9rence nationale pour nos a\u00een\u00e9s<\/u>, alors que la loi le pr\u00e9voit pour l\u2019Allocation Personnalis\u00e9e d\u2019Autonomie (APA)<\/strong>. L\u2019APA est une aide universelle, que l\u2019on soit pauvre ou riche, uniquement conditionn\u00e9e au fait d\u2019habiter r\u00e9guli\u00e8rement dans notre territoire et d\u2019avoir une d\u00e9pendance m\u00e9dicalement constat\u00e9e. Si cette loi \u00e9tait r\u00e9ellement mise en application,&nbsp;<strong>nous appelons le D\u00e9partement de l\u2019Is\u00e8re&nbsp;<u>\u00e0 cr\u00e9er une nouvelle allocation d\u2019autonomie<\/u>&nbsp;\u00e0 destination des b\u00e9n\u00e9ficiaires exclus par la loi.<\/strong><\/p>\n\n\n\n<p>\u00c0 travers la loi dite \u00ab\u00a0immigration\u00a0\u00bb, c\u2019est le c\u0153ur de la solidarit\u00e9 universelle, dont les D\u00e9partements sont les premiers garants, qui est attaqu\u00e9 !<\/p>\n","protected":false},"excerpt":{"rendered":"<p>Le groupe UGES au Conseil d\u00e9partemental partage sa profonde tristesse et col\u00e8re \u00e0 l\u2019issue du vote de&nbsp;la loi &hellip; <\/p>\n","protected":false},"author":8,"featured_media":682743,"comment_status":"open","ping_status":"open","sticky":false,"template":"","format":"standard","meta":{"footnotes":""},"categories":[18],"tags":[],"class_list":["post-683966","post","type-post","status-publish","format-standard","has-post-thumbnail","hentry","category-communique-de-presse"],"yoast_head":"<!-- This site is optimized with the Yoast SEO plugin v27.5 - https:\/\/yoast.com\/product\/yoast-seo-wordpress\/ -->\n<title>Loi &quot;immigration : le groupe UGES demande au Pr\u00e9sident du D\u00e9partement de l\u2019Is\u00e8re\u00a0de refuser la \u00ab pr\u00e9f\u00e9rence nationale \u00bb - D\u00e9partement de l&#039;Is\u00e8re<\/title>\n<meta name=\"robots\" content=\"index, follow, max-snippet:-1, max-image-preview:large, max-video-preview:-1\" \/>\n<link rel=\"canonical\" href=\"https:\/\/www.uges-isere.fr\/index.php\/2023\/12\/21\/loi-immigration-le-groupe-uges-demande-au-president-du-departement-de-lisere-de-refuser-la-preference-nationale\/\" \/>\n<meta property=\"og:locale\" content=\"fr_FR\" \/>\n<meta property=\"og:type\" content=\"article\" \/>\n<meta property=\"og:title\" content=\"Loi &quot;immigration : le groupe UGES demande au Pr\u00e9sident du D\u00e9partement de l\u2019Is\u00e8re\u00a0de refuser la \u00ab pr\u00e9f\u00e9rence nationale \u00bb - D\u00e9partement de l&#039;Is\u00e8re\" \/>\n<meta property=\"og:description\" content=\"Le groupe UGES au Conseil d\u00e9partemental partage sa profonde tristesse et col\u00e8re \u00e0 l\u2019issue du vote de&nbsp;la loi &hellip;\" \/>\n<meta property=\"og:url\" content=\"https:\/\/www.uges-isere.fr\/index.php\/2023\/12\/21\/loi-immigration-le-groupe-uges-demande-au-president-du-departement-de-lisere-de-refuser-la-preference-nationale\/\" \/>\n<meta property=\"og:site_name\" content=\"D\u00e9partement de l&#039;Is\u00e8re\" \/>\n<meta property=\"article:publisher\" content=\"https:\/\/www.facebook.com\/LePrintemps38\" \/>\n<meta property=\"article:published_time\" content=\"2023-12-21T09:29:21+00:00\" \/>\n<meta property=\"article:modified_time\" content=\"2024-02-09T16:16:57+00:00\" \/>\n<meta property=\"og:image\" content=\"https:\/\/www.uges-isere.fr\/wp-content\/uploads\/2022\/12\/vecteezy_a-close-up-view-of-three-thai-children-holding-hands-in_10644982_488-scaled.jpg\" \/>\n\t<meta property=\"og:image:width\" content=\"2560\" \/>\n\t<meta property=\"og:image:height\" content=\"1731\" \/>\n\t<meta property=\"og:image:type\" content=\"image\/jpeg\" \/>\n<meta name=\"author\" content=\"ThibaudUGES38\" \/>\n<meta name=\"twitter:card\" content=\"summary_large_image\" \/>\n<meta name=\"twitter:creator\" content=\"@GroupeUGES38\" \/>\n<meta name=\"twitter:site\" content=\"@GroupeUGES38\" \/>\n<meta name=\"twitter:label1\" content=\"\u00c9crit par\" \/>\n\t<meta name=\"twitter:data1\" content=\"ThibaudUGES38\" \/>\n\t<meta name=\"twitter:label2\" content=\"Dur\u00e9e de lecture estim\u00e9e\" \/>\n\t<meta name=\"twitter:data2\" content=\"1 minute\" \/>\n<script type=\"application\/ld+json\" class=\"yoast-schema-graph\">{\"@context\":\"https:\\\/\\\/schema.org\",\"@graph\":[{\"@type\":\"Article\",\"@id\":\"https:\\\/\\\/www.uges-isere.fr\\\/index.php\\\/2023\\\/12\\\/21\\\/loi-immigration-le-groupe-uges-demande-au-president-du-departement-de-lisere-de-refuser-la-preference-nationale\\\/#article\",\"isPartOf\":{\"@id\":\"https:\\\/\\\/www.uges-isere.fr\\\/index.php\\\/2023\\\/12\\\/21\\\/loi-immigration-le-groupe-uges-demande-au-president-du-departement-de-lisere-de-refuser-la-preference-nationale\\\/\"},\"author\":{\"name\":\"ThibaudUGES38\",\"@id\":\"https:\\\/\\\/www.uges-isere.fr\\\/#\\\/schema\\\/person\\\/a200926d67119314e8837b6a085de83a\"},\"headline\":\"Loi \u00ab\u00a0immigration : le groupe UGES demande au Pr\u00e9sident du D\u00e9partement de l\u2019Is\u00e8re\u00a0de refuser la \u00ab pr\u00e9f\u00e9rence nationale \u00bb\",\"datePublished\":\"2023-12-21T09:29:21+00:00\",\"dateModified\":\"2024-02-09T16:16:57+00:00\",\"mainEntityOfPage\":{\"@id\":\"https:\\\/\\\/www.uges-isere.fr\\\/index.php\\\/2023\\\/12\\\/21\\\/loi-immigration-le-groupe-uges-demande-au-president-du-departement-de-lisere-de-refuser-la-preference-nationale\\\/\"},\"wordCount\":249,\"commentCount\":0,\"publisher\":{\"@id\":\"https:\\\/\\\/www.uges-isere.fr\\\/#organization\"},\"image\":{\"@id\":\"https:\\\/\\\/www.uges-isere.fr\\\/index.php\\\/2023\\\/12\\\/21\\\/loi-immigration-le-groupe-uges-demande-au-president-du-departement-de-lisere-de-refuser-la-preference-nationale\\\/#primaryimage\"},\"thumbnailUrl\":\"https:\\\/\\\/www.uges-isere.fr\\\/wp-content\\\/uploads\\\/2022\\\/12\\\/vecteezy_a-close-up-view-of-three-thai-children-holding-hands-in_10644982_488-scaled.jpg\",\"articleSection\":[\"Communiqu\u00e9s de presse\"],\"inLanguage\":\"fr-FR\",\"potentialAction\":[{\"@type\":\"CommentAction\",\"name\":\"Comment\",\"target\":[\"https:\\\/\\\/www.uges-isere.fr\\\/index.php\\\/2023\\\/12\\\/21\\\/loi-immigration-le-groupe-uges-demande-au-president-du-departement-de-lisere-de-refuser-la-preference-nationale\\\/#respond\"]}]},{\"@type\":\"WebPage\",\"@id\":\"https:\\\/\\\/www.uges-isere.fr\\\/index.php\\\/2023\\\/12\\\/21\\\/loi-immigration-le-groupe-uges-demande-au-president-du-departement-de-lisere-de-refuser-la-preference-nationale\\\/\",\"url\":\"https:\\\/\\\/www.uges-isere.fr\\\/index.php\\\/2023\\\/12\\\/21\\\/loi-immigration-le-groupe-uges-demande-au-president-du-departement-de-lisere-de-refuser-la-preference-nationale\\\/\",\"name\":\"Loi \\\"immigration : le groupe UGES demande au Pr\u00e9sident du D\u00e9partement de l\u2019Is\u00e8re\u00a0de refuser la \u00ab pr\u00e9f\u00e9rence nationale \u00bb - D\u00e9partement de l&#039;Is\u00e8re\",\"isPartOf\":{\"@id\":\"https:\\\/\\\/www.uges-isere.fr\\\/#website\"},\"primaryImageOfPage\":{\"@id\":\"https:\\\/\\\/www.uges-isere.fr\\\/index.php\\\/2023\\\/12\\\/21\\\/loi-immigration-le-groupe-uges-demande-au-president-du-departement-de-lisere-de-refuser-la-preference-nationale\\\/#primaryimage\"},\"image\":{\"@id\":\"https:\\\/\\\/www.uges-isere.fr\\\/index.php\\\/2023\\\/12\\\/21\\\/loi-immigration-le-groupe-uges-demande-au-president-du-departement-de-lisere-de-refuser-la-preference-nationale\\\/#primaryimage\"},\"thumbnailUrl\":\"https:\\\/\\\/www.uges-isere.fr\\\/wp-content\\\/uploads\\\/2022\\\/12\\\/vecteezy_a-close-up-view-of-three-thai-children-holding-hands-in_10644982_488-scaled.jpg\",\"datePublished\":\"2023-12-21T09:29:21+00:00\",\"dateModified\":\"2024-02-09T16:16:57+00:00\",\"breadcrumb\":{\"@id\":\"https:\\\/\\\/www.uges-isere.fr\\\/index.php\\\/2023\\\/12\\\/21\\\/loi-immigration-le-groupe-uges-demande-au-president-du-departement-de-lisere-de-refuser-la-preference-nationale\\\/#breadcrumb\"},\"inLanguage\":\"fr-FR\",\"potentialAction\":[{\"@type\":\"ReadAction\",\"target\":[\"https:\\\/\\\/www.uges-isere.fr\\\/index.php\\\/2023\\\/12\\\/21\\\/loi-immigration-le-groupe-uges-demande-au-president-du-departement-de-lisere-de-refuser-la-preference-nationale\\\/\"]}]},{\"@type\":\"ImageObject\",\"inLanguage\":\"fr-FR\",\"@id\":\"https:\\\/\\\/www.uges-isere.fr\\\/index.php\\\/2023\\\/12\\\/21\\\/loi-immigration-le-groupe-uges-demande-au-president-du-departement-de-lisere-de-refuser-la-preference-nationale\\\/#primaryimage\",\"url\":\"https:\\\/\\\/www.uges-isere.fr\\\/wp-content\\\/uploads\\\/2022\\\/12\\\/vecteezy_a-close-up-view-of-three-thai-children-holding-hands-in_10644982_488-scaled.jpg\",\"contentUrl\":\"https:\\\/\\\/www.uges-isere.fr\\\/wp-content\\\/uploads\\\/2022\\\/12\\\/vecteezy_a-close-up-view-of-three-thai-children-holding-hands-in_10644982_488-scaled.jpg\",\"width\":2560,\"height\":1731,\"caption\":\"A close-up view of three Thai children holding hands in friendship and working together for success with blurred green leaves in the background.\"},{\"@type\":\"BreadcrumbList\",\"@id\":\"https:\\\/\\\/www.uges-isere.fr\\\/index.php\\\/2023\\\/12\\\/21\\\/loi-immigration-le-groupe-uges-demande-au-president-du-departement-de-lisere-de-refuser-la-preference-nationale\\\/#breadcrumb\",\"itemListElement\":[{\"@type\":\"ListItem\",\"position\":1,\"name\":\"Accueil\",\"item\":\"https:\\\/\\\/www.uges-isere.fr\\\/\"},{\"@type\":\"ListItem\",\"position\":2,\"name\":\"Loi \u00ab\u00a0immigration : le groupe UGES demande au Pr\u00e9sident du D\u00e9partement de l\u2019Is\u00e8re\u00a0de refuser la \u00ab pr\u00e9f\u00e9rence nationale \u00bb\"}]},{\"@type\":\"WebSite\",\"@id\":\"https:\\\/\\\/www.uges-isere.fr\\\/#website\",\"url\":\"https:\\\/\\\/www.uges-isere.fr\\\/\",\"name\":\"D\u00e9partement de l&#039;Is\u00e8re\",\"description\":\"Groupe d&#039;opposition UGES\",\"publisher\":{\"@id\":\"https:\\\/\\\/www.uges-isere.fr\\\/#organization\"},\"potentialAction\":[{\"@type\":\"SearchAction\",\"target\":{\"@type\":\"EntryPoint\",\"urlTemplate\":\"https:\\\/\\\/www.uges-isere.fr\\\/?s={search_term_string}\"},\"query-input\":{\"@type\":\"PropertyValueSpecification\",\"valueRequired\":true,\"valueName\":\"search_term_string\"}}],\"inLanguage\":\"fr-FR\"},{\"@type\":\"Organization\",\"@id\":\"https:\\\/\\\/www.uges-isere.fr\\\/#organization\",\"name\":\"D\u00e9partement de l'Is\u00e8re\",\"url\":\"https:\\\/\\\/www.uges-isere.fr\\\/\",\"logo\":{\"@type\":\"ImageObject\",\"inLanguage\":\"fr-FR\",\"@id\":\"https:\\\/\\\/www.uges-isere.fr\\\/#\\\/schema\\\/logo\\\/image\\\/\",\"url\":\"https:\\\/\\\/www.uges-isere.fr\\\/wp-content\\\/uploads\\\/2021\\\/10\\\/logo-ok.png\",\"contentUrl\":\"https:\\\/\\\/www.uges-isere.fr\\\/wp-content\\\/uploads\\\/2021\\\/10\\\/logo-ok.png\",\"width\":2859,\"height\":1816,\"caption\":\"D\u00e9partement de l'Is\u00e8re\"},\"image\":{\"@id\":\"https:\\\/\\\/www.uges-isere.fr\\\/#\\\/schema\\\/logo\\\/image\\\/\"},\"sameAs\":[\"https:\\\/\\\/www.facebook.com\\\/LePrintemps38\",\"https:\\\/\\\/x.com\\\/GroupeUGES38\"]},{\"@type\":\"Person\",\"@id\":\"https:\\\/\\\/www.uges-isere.fr\\\/#\\\/schema\\\/person\\\/a200926d67119314e8837b6a085de83a\",\"name\":\"ThibaudUGES38\",\"image\":{\"@type\":\"ImageObject\",\"inLanguage\":\"fr-FR\",\"@id\":\"https:\\\/\\\/secure.gravatar.com\\\/avatar\\\/e182ebfe597e409aafe3378f828607b2b757ed94a3489b20112818296e03b151?s=96&d=mm&r=g\",\"url\":\"https:\\\/\\\/secure.gravatar.com\\\/avatar\\\/e182ebfe597e409aafe3378f828607b2b757ed94a3489b20112818296e03b151?s=96&d=mm&r=g\",\"contentUrl\":\"https:\\\/\\\/secure.gravatar.com\\\/avatar\\\/e182ebfe597e409aafe3378f828607b2b757ed94a3489b20112818296e03b151?s=96&d=mm&r=g\",\"caption\":\"ThibaudUGES38\"},\"url\":\"https:\\\/\\\/www.uges-isere.fr\\\/index.php\\\/author\\\/thibauduges38\\\/\"}]}<\/script>\n<!-- \/ Yoast SEO plugin. -->","yoast_head_json":{"title":"Loi \"immigration : le groupe UGES demande au Pr\u00e9sident du D\u00e9partement de l\u2019Is\u00e8re\u00a0de refuser la \u00ab pr\u00e9f\u00e9rence nationale \u00bb - D\u00e9partement de l&#039;Is\u00e8re","robots":{"index":"index","follow":"follow","max-snippet":"max-snippet:-1","max-image-preview":"max-image-preview:large","max-video-preview":"max-video-preview:-1"},"canonical":"https:\/\/www.uges-isere.fr\/index.php\/2023\/12\/21\/loi-immigration-le-groupe-uges-demande-au-president-du-departement-de-lisere-de-refuser-la-preference-nationale\/","og_locale":"fr_FR","og_type":"article","og_title":"Loi \"immigration : le groupe UGES demande au Pr\u00e9sident du D\u00e9partement de l\u2019Is\u00e8re\u00a0de refuser la \u00ab pr\u00e9f\u00e9rence nationale \u00bb - D\u00e9partement de l&#039;Is\u00e8re","og_description":"Le groupe UGES au Conseil d\u00e9partemental partage sa profonde tristesse et col\u00e8re \u00e0 l\u2019issue du vote de&nbsp;la loi &hellip;","og_url":"https:\/\/www.uges-isere.fr\/index.php\/2023\/12\/21\/loi-immigration-le-groupe-uges-demande-au-president-du-departement-de-lisere-de-refuser-la-preference-nationale\/","og_site_name":"D\u00e9partement de l&#039;Is\u00e8re","article_publisher":"https:\/\/www.facebook.com\/LePrintemps38","article_published_time":"2023-12-21T09:29:21+00:00","article_modified_time":"2024-02-09T16:16:57+00:00","og_image":[{"width":2560,"height":1731,"url":"https:\/\/www.uges-isere.fr\/wp-content\/uploads\/2022\/12\/vecteezy_a-close-up-view-of-three-thai-children-holding-hands-in_10644982_488-scaled.jpg","type":"image\/jpeg"}],"author":"ThibaudUGES38","twitter_card":"summary_large_image","twitter_creator":"@GroupeUGES38","twitter_site":"@GroupeUGES38","twitter_misc":{"\u00c9crit par":"ThibaudUGES38","Dur\u00e9e de lecture estim\u00e9e":"1 minute"},"schema":{"@context":"https:\/\/schema.org","@graph":[{"@type":"Article","@id":"https:\/\/www.uges-isere.fr\/index.php\/2023\/12\/21\/loi-immigration-le-groupe-uges-demande-au-president-du-departement-de-lisere-de-refuser-la-preference-nationale\/#article","isPartOf":{"@id":"https:\/\/www.uges-isere.fr\/index.php\/2023\/12\/21\/loi-immigration-le-groupe-uges-demande-au-president-du-departement-de-lisere-de-refuser-la-preference-nationale\/"},"author":{"name":"ThibaudUGES38","@id":"https:\/\/www.uges-isere.fr\/#\/schema\/person\/a200926d67119314e8837b6a085de83a"},"headline":"Loi \u00ab\u00a0immigration : le groupe UGES demande au Pr\u00e9sident du D\u00e9partement de l\u2019Is\u00e8re\u00a0de refuser la \u00ab pr\u00e9f\u00e9rence nationale \u00bb","datePublished":"2023-12-21T09:29:21+00:00","dateModified":"2024-02-09T16:16:57+00:00","mainEntityOfPage":{"@id":"https:\/\/www.uges-isere.fr\/index.php\/2023\/12\/21\/loi-immigration-le-groupe-uges-demande-au-president-du-departement-de-lisere-de-refuser-la-preference-nationale\/"},"wordCount":249,"commentCount":0,"publisher":{"@id":"https:\/\/www.uges-isere.fr\/#organization"},"image":{"@id":"https:\/\/www.uges-isere.fr\/index.php\/2023\/12\/21\/loi-immigration-le-groupe-uges-demande-au-president-du-departement-de-lisere-de-refuser-la-preference-nationale\/#primaryimage"},"thumbnailUrl":"https:\/\/www.uges-isere.fr\/wp-content\/uploads\/2022\/12\/vecteezy_a-close-up-view-of-three-thai-children-holding-hands-in_10644982_488-scaled.jpg","articleSection":["Communiqu\u00e9s de presse"],"inLanguage":"fr-FR","potentialAction":[{"@type":"CommentAction","name":"Comment","target":["https:\/\/www.uges-isere.fr\/index.php\/2023\/12\/21\/loi-immigration-le-groupe-uges-demande-au-president-du-departement-de-lisere-de-refuser-la-preference-nationale\/#respond"]}]},{"@type":"WebPage","@id":"https:\/\/www.uges-isere.fr\/index.php\/2023\/12\/21\/loi-immigration-le-groupe-uges-demande-au-president-du-departement-de-lisere-de-refuser-la-preference-nationale\/","url":"https:\/\/www.uges-isere.fr\/index.php\/2023\/12\/21\/loi-immigration-le-groupe-uges-demande-au-president-du-departement-de-lisere-de-refuser-la-preference-nationale\/","name":"Loi \"immigration : le groupe UGES demande au Pr\u00e9sident du D\u00e9partement de l\u2019Is\u00e8re\u00a0de refuser la \u00ab pr\u00e9f\u00e9rence nationale \u00bb - D\u00e9partement de l&#039;Is\u00e8re","isPartOf":{"@id":"https:\/\/www.uges-isere.fr\/#website"},"primaryImageOfPage":{"@id":"https:\/\/www.uges-isere.fr\/index.php\/2023\/12\/21\/loi-immigration-le-groupe-uges-demande-au-president-du-departement-de-lisere-de-refuser-la-preference-nationale\/#primaryimage"},"image":{"@id":"https:\/\/www.uges-isere.fr\/index.php\/2023\/12\/21\/loi-immigration-le-groupe-uges-demande-au-president-du-departement-de-lisere-de-refuser-la-preference-nationale\/#primaryimage"},"thumbnailUrl":"https:\/\/www.uges-isere.fr\/wp-content\/uploads\/2022\/12\/vecteezy_a-close-up-view-of-three-thai-children-holding-hands-in_10644982_488-scaled.jpg","datePublished":"2023-12-21T09:29:21+00:00","dateModified":"2024-02-09T16:16:57+00:00","breadcrumb":{"@id":"https:\/\/www.uges-isere.fr\/index.php\/2023\/12\/21\/loi-immigration-le-groupe-uges-demande-au-president-du-departement-de-lisere-de-refuser-la-preference-nationale\/#breadcrumb"},"inLanguage":"fr-FR","potentialAction":[{"@type":"ReadAction","target":["https:\/\/www.uges-isere.fr\/index.php\/2023\/12\/21\/loi-immigration-le-groupe-uges-demande-au-president-du-departement-de-lisere-de-refuser-la-preference-nationale\/"]}]},{"@type":"ImageObject","inLanguage":"fr-FR","@id":"https:\/\/www.uges-isere.fr\/index.php\/2023\/12\/21\/loi-immigration-le-groupe-uges-demande-au-president-du-departement-de-lisere-de-refuser-la-preference-nationale\/#primaryimage","url":"https:\/\/www.uges-isere.fr\/wp-content\/uploads\/2022\/12\/vecteezy_a-close-up-view-of-three-thai-children-holding-hands-in_10644982_488-scaled.jpg","contentUrl":"https:\/\/www.uges-isere.fr\/wp-content\/uploads\/2022\/12\/vecteezy_a-close-up-view-of-three-thai-children-holding-hands-in_10644982_488-scaled.jpg","width":2560,"height":1731,"caption":"A close-up view of three Thai children holding hands in friendship and working together for success with blurred green leaves in the background."},{"@type":"BreadcrumbList","@id":"https:\/\/www.uges-isere.fr\/index.php\/2023\/12\/21\/loi-immigration-le-groupe-uges-demande-au-president-du-departement-de-lisere-de-refuser-la-preference-nationale\/#breadcrumb","itemListElement":[{"@type":"ListItem","position":1,"name":"Accueil","item":"https:\/\/www.uges-isere.fr\/"},{"@type":"ListItem","position":2,"name":"Loi \u00ab\u00a0immigration : le groupe UGES demande au Pr\u00e9sident du D\u00e9partement de l\u2019Is\u00e8re\u00a0de refuser la \u00ab pr\u00e9f\u00e9rence nationale \u00bb"}]},{"@type":"WebSite","@id":"https:\/\/www.uges-isere.fr\/#website","url":"https:\/\/www.uges-isere.fr\/","name":"D\u00e9partement de l&#039;Is\u00e8re","description":"Groupe d&#039;opposition UGES","publisher":{"@id":"https:\/\/www.uges-isere.fr\/#organization"},"potentialAction":[{"@type":"SearchAction","target":{"@type":"EntryPoint","urlTemplate":"https:\/\/www.uges-isere.fr\/?s={search_term_string}"},"query-input":{"@type":"PropertyValueSpecification","valueRequired":true,"valueName":"search_term_string"}}],"inLanguage":"fr-FR"},{"@type":"Organization","@id":"https:\/\/www.uges-isere.fr\/#organization","name":"D\u00e9partement de l'Is\u00e8re","url":"https:\/\/www.uges-isere.fr\/","logo":{"@type":"ImageObject","inLanguage":"fr-FR","@id":"https:\/\/www.uges-isere.fr\/#\/schema\/logo\/image\/","url":"https:\/\/www.uges-isere.fr\/wp-content\/uploads\/2021\/10\/logo-ok.png","contentUrl":"https:\/\/www.uges-isere.fr\/wp-content\/uploads\/2021\/10\/logo-ok.png","width":2859,"height":1816,"caption":"D\u00e9partement de l'Is\u00e8re"},"image":{"@id":"https:\/\/www.uges-isere.fr\/#\/schema\/logo\/image\/"},"sameAs":["https:\/\/www.facebook.com\/LePrintemps38","https:\/\/x.com\/GroupeUGES38"]},{"@type":"Person","@id":"https:\/\/www.uges-isere.fr\/#\/schema\/person\/a200926d67119314e8837b6a085de83a","name":"ThibaudUGES38","image":{"@type":"ImageObject","inLanguage":"fr-FR","@id":"https:\/\/secure.gravatar.com\/avatar\/e182ebfe597e409aafe3378f828607b2b757ed94a3489b20112818296e03b151?s=96&d=mm&r=g","url":"https:\/\/secure.gravatar.com\/avatar\/e182ebfe597e409aafe3378f828607b2b757ed94a3489b20112818296e03b151?s=96&d=mm&r=g","contentUrl":"https:\/\/secure.gravatar.com\/avatar\/e182ebfe597e409aafe3378f828607b2b757ed94a3489b20112818296e03b151?s=96&d=mm&r=g","caption":"ThibaudUGES38"},"url":"https:\/\/www.uges-isere.fr\/index.php\/author\/thibauduges38\/"}]}},"_links":{"self":[{"href":"https:\/\/www.uges-isere.fr\/index.php\/wp-json\/wp\/v2\/posts\/683966","targetHints":{"allow":["GET"]}}],"collection":[{"href":"https:\/\/www.uges-isere.fr\/index.php\/wp-json\/wp\/v2\/posts"}],"about":[{"href":"https:\/\/www.uges-isere.fr\/index.php\/wp-json\/wp\/v2\/types\/post"}],"author":[{"embeddable":true,"href":"https:\/\/www.uges-isere.fr\/index.php\/wp-json\/wp\/v2\/users\/8"}],"replies":[{"embeddable":true,"href":"https:\/\/www.uges-isere.fr\/index.php\/wp-json\/wp\/v2\/comments?post=683966"}],"version-history":[{"count":1,"href":"https:\/\/www.uges-isere.fr\/index.php\/wp-json\/wp\/v2\/posts\/683966\/revisions"}],"predecessor-version":[{"id":683968,"href":"https:\/\/www.uges-isere.fr\/index.php\/wp-json\/wp\/v2\/posts\/683966\/revisions\/683968"}],"wp:featuredmedia":[{"embeddable":true,"href":"https:\/\/www.uges-isere.fr\/index.php\/wp-json\/wp\/v2\/media\/682743"}],"wp:attachment":[{"href":"https:\/\/www.uges-isere.fr\/index.php\/wp-json\/wp\/v2\/media?parent=683966"}],"wp:term":[{"taxonomy":"category","embeddable":true,"href":"https:\/\/www.uges-isere.fr\/index.php\/wp-json\/wp\/v2\/categories?post=683966"},{"taxonomy":"post_tag","embeddable":true,"href":"https:\/\/www.uges-isere.fr\/index.php\/wp-json\/wp\/v2\/tags?post=683966"}],"curies":[{"name":"wp","href":"https:\/\/api.w.org\/{rel}","templated":true}]}}