{"id":683889,"date":"2023-12-13T11:04:54","date_gmt":"2023-12-13T10:04:54","guid":{"rendered":"https:\/\/www.uges-isere.fr\/?p=683889"},"modified":"2023-12-15T18:14:04","modified_gmt":"2023-12-15T17:14:04","slug":"espaces-naturels-sensibles-quel-projet-pour-le-departement","status":"publish","type":"post","link":"https:\/\/www.uges-isere.fr\/index.php\/2023\/12\/13\/espaces-naturels-sensibles-quel-projet-pour-le-departement\/","title":{"rendered":"Espaces naturels sensibles : quel projet pour le D\u00e9partement ?"},"content":{"rendered":"\n<p><strong>Gilles Strappazzon est intervenu sur le volet Environnement dans le cadre du budget 2024. Les principales actions port\u00e9es par le D\u00e9partement inscrites dans celui-ci concernent les Espaces Naturels Sensibles (ENS) et le projet \u00ab Un arbre un habitant  en Is\u00e8re\u00bb.<\/strong><\/p>\n\n\n\n<h5 class=\"wp-block-heading has-light-green-cyan-color has-text-color\"><strong>Sur les ENS, beaucoup de questions en attente de r\u00e9ponses<\/strong><\/h5>\n\n\n\n<p>Nous sommes collectivement toujours dans l\u2019attente du<strong> nouveau sch\u00e9ma d\u2019orientation des ENS<\/strong>. La prolongation du sch\u00e9ma actuel a \u00e9t\u00e9 vot\u00e9 en d\u00e9cembre 2021. Puis, la collectivit\u00e9 a adopt\u00e9 ses orientations pour la biodiversit\u00e9 en mars 2022.&nbsp;&nbsp; Il avait alors \u00e9t\u00e9 pr\u00e9cis\u00e9 que les enjeux et les d\u00e9fis actuels n\u00e9cessitaient une \u00ab<em> consolidation de la politique ENS et de son r\u00e9seau de sites, au sein du r\u00e9seau des aires prot\u00e9g\u00e9es et g\u00e9r\u00e9es, dans l\u2019objectif de pr\u00e9server sur le long terme la flore, la faune et les habitats patrimoniaux de l\u2019Is\u00e8re politique offensive de protection des espaces naturels sensibles (ENS<\/em>) \u00bb.&nbsp;&nbsp;&nbsp;&nbsp;&nbsp;&nbsp;&nbsp;&nbsp;<\/p>\n\n\n\n<p>Dans ce contexte, le prochain sch\u00e9ma qui sera pr\u00e9sent\u00e9 \u2013 aujourd\u2019hui tr\u00e8s attendu par les communes et intercommunalit\u00e9s \u2013 engagera-t-il un <strong>\u00e9largissement des p\u00e9rim\u00e8tres <\/strong>? La <strong>cr\u00e9ation de nouveaux ENS<\/strong> ? Quelles seront les modes de gestion retenus ? Quel bilan sur la gestion des sites locaux ? Nous savons par exemple que les petites communes ne b\u00e9n\u00e9ficient pas des ressources internes suffisantes pour des plans de gestion ambitieux. Nous appuierons nous sur des acteurs comp\u00e9tents et reconnus, notamment associatifs ? <strong>Toutes ces questions n&rsquo;ont pas re\u00e7u de r\u00e9ponse, la majorit\u00e9 nous renvoyant \u00e0 2024 et au futur sch\u00e9ma.<\/strong><\/p>\n\n\n\n<p>Enfin, le D\u00e9partement demande \u00ab <em>l\u00e9gitimement la reconnaissance officielle des sites ENS comme aires de protection forte <\/em>\u00bb (mars 2022). A l&rsquo;occasion du budget 2024, il est \u00e9galement rappel\u00e9 les ambitions de la<strong> strat\u00e9gie nationale des aires prot\u00e9g\u00e9es<\/strong>. Ce sont les pr\u00e9fets de R\u00e9gion qui formulent les propositions de reconnaissance des zones de protection forte. Par cons\u00e9quent, le groupe UGES s&rsquo;interroge sur la<strong> volont\u00e9 du D\u00e9partement d&rsquo;inscrire potentiellement des ENS en zone de protection forte<\/strong>. Et dans cette hypoth\u00e8se, quels modes de gestion seront mis en \u0153uvre et surtout quels moyens seront allou\u00e9s ? Pareillement, cette question sur les aires de protection forte est rest\u00e9e lettre morte.<\/p>\n\n\n\n<h5 class=\"wp-block-heading has-light-green-cyan-color has-text-color\"><strong>Sur \u00ab\u00a0Un arbre un habitant\u00a0\u00bb, les propositions du groupe UGES<\/strong><\/h5>\n\n\n\n<p>Par la voix de Daniel Bessiron,<a href=\"https:\/\/www.uges-isere.fr\/index.php\/2023\/10\/30\/un-arbre-n-habitant-donner-plus-de-moyens-aux-communes-pour-lutter-contre-les-ilots-de-chaleur-urbains\/\" target=\"_blank\" rel=\"noreferrer noopener\"> le groupe UGES est intervenu en s\u00e9ance en octobre dernier pour expliquer que l\u2019axe cadre de vie \u00e9tait pour nous mal calibr\u00e9 au regard des besoins des communes<\/a>, notamment dans les grandes aires urbaines : Pays Viennois, Voironnais et M\u00e9tropole de Grenoble. <strong>Si le D\u00e9partement ne peut pas tout assumer tout seul, il peut au regard de la \u00ab solidit\u00e9 \u00bb de son budget accompagner plus fortement<\/strong>, en relevant par exemple le plafond selon la taille des communes. La lutte contre les \u00eelots de chaleur est essentielle, mais elle ne se r\u00e9sume malheureusement pas \u00e0 la seule v\u00e9g\u00e9talisation. Nous pourrions aussi penser \u00e0 un plan de soutien aux actions entreprises pour la <strong>pr\u00e9sence de l\u2019eau en ville ou encore la question des rev\u00eatements en s\u2019appuyant sur l\u2019ADEME et l\u2019op\u00e9ration \u00ab plus fraiche ma ville \u00bb<\/strong>.<\/p>\n\n\n\n<h5 class=\"wp-block-heading has-light-green-cyan-color has-text-color\"><strong>La R\u00e9gion se d\u00e9sengage du Service Public de la Performance Energ\u00e9tique de l&rsquo;Habitat (SPPEH<\/strong>)<\/h5>\n\n\n\n<p>Le SPPEH, \u00ab France R\u00e9nov \u00bb, a \u00e9t\u00e9 cr\u00e9\u00e9 le 1er Janvier 2022. Dans ce cadre-l\u00e0, les Contrats de chaleur renouvelable sont, d\u2019une certaine mani\u00e8re, d\u00e9l\u00e9gu\u00e9s au D\u00e9partement: leurs financements sont port\u00e9s par l\u2019Etat et la R\u00e9gion. Mais, cette derni\u00e8re a fait le choix de se d\u00e9sengager du Service d&rsquo;accompagnement pour la r\u00e9novation \u00e9nerg\u00e9tique (SARE). <strong>L\u2019ANAH suppl\u00e9era donc en 2024 les manquements de la R\u00e9gion<\/strong>. Auvergne &#8211; Rh\u00f4ne Alpes est la seule R\u00e9gion Fran\u00e7aise qui a priv\u00e9 ses habitants d\u2019un service public essentiel. Une d\u00e9cision incompr\u00e9hensible. <\/p>\n","protected":false},"excerpt":{"rendered":"<p>Gilles Strappazzon est intervenu sur le volet Environnement dans le cadre du budget 2024. Les principales actions port\u00e9es &hellip; <\/p>\n","protected":false},"author":8,"featured_media":683891,"comment_status":"open","ping_status":"open","sticky":false,"template":"","format":"standard","meta":{"footnotes":""},"categories":[12,155],"tags":[77,196,228,230,231,229],"class_list":["post-683889","post","type-post","status-publish","format-standard","has-post-thumbnail","hentry","category-environnement-et-transition-ecologique","category-seance-publique-budget-primitif-2024-decembre-2023","tag-accompagner-la-transition","tag-ens","tag-espaces-naturels-sensibles","tag-ilots-de-chaleur","tag-sppeh","tag-un-arbre-un-habitant"],"yoast_head":"<!-- This site is optimized with the Yoast SEO plugin v27.5 - https:\/\/yoast.com\/product\/yoast-seo-wordpress\/ -->\n<title>Espaces naturels sensibles : quel projet pour le D\u00e9partement ? - D\u00e9partement de l&#039;Is\u00e8re<\/title>\n<meta name=\"robots\" content=\"index, follow, max-snippet:-1, max-image-preview:large, max-video-preview:-1\" \/>\n<link rel=\"canonical\" href=\"https:\/\/www.uges-isere.fr\/index.php\/2023\/12\/13\/espaces-naturels-sensibles-quel-projet-pour-le-departement\/\" \/>\n<meta property=\"og:locale\" content=\"fr_FR\" \/>\n<meta property=\"og:type\" content=\"article\" \/>\n<meta property=\"og:title\" content=\"Espaces naturels sensibles : quel projet pour le D\u00e9partement ? - D\u00e9partement de l&#039;Is\u00e8re\" \/>\n<meta property=\"og:description\" content=\"Gilles Strappazzon est intervenu sur le volet Environnement dans le cadre du budget 2024. Les principales actions port\u00e9es &hellip;\" \/>\n<meta property=\"og:url\" content=\"https:\/\/www.uges-isere.fr\/index.php\/2023\/12\/13\/espaces-naturels-sensibles-quel-projet-pour-le-departement\/\" \/>\n<meta property=\"og:site_name\" content=\"D\u00e9partement de l&#039;Is\u00e8re\" \/>\n<meta property=\"article:publisher\" content=\"https:\/\/www.facebook.com\/LePrintemps38\" \/>\n<meta property=\"article:published_time\" content=\"2023-12-13T10:04:54+00:00\" \/>\n<meta property=\"article:modified_time\" content=\"2023-12-15T17:14:04+00:00\" \/>\n<meta property=\"og:image\" content=\"https:\/\/www.uges-isere.fr\/wp-content\/uploads\/2023\/12\/landscape-4437369_1280.jpg\" \/>\n\t<meta property=\"og:image:width\" content=\"1280\" \/>\n\t<meta property=\"og:image:height\" content=\"720\" \/>\n\t<meta property=\"og:image:type\" content=\"image\/jpeg\" \/>\n<meta name=\"author\" content=\"ThibaudUGES38\" \/>\n<meta name=\"twitter:card\" content=\"summary_large_image\" \/>\n<meta name=\"twitter:creator\" content=\"@GroupeUGES38\" \/>\n<meta name=\"twitter:site\" content=\"@GroupeUGES38\" \/>\n<meta name=\"twitter:label1\" content=\"\u00c9crit par\" \/>\n\t<meta name=\"twitter:data1\" content=\"ThibaudUGES38\" \/>\n\t<meta name=\"twitter:label2\" content=\"Dur\u00e9e de lecture estim\u00e9e\" \/>\n\t<meta name=\"twitter:data2\" content=\"3 minutes\" \/>\n<script type=\"application\/ld+json\" class=\"yoast-schema-graph\">{\"@context\":\"https:\\\/\\\/schema.org\",\"@graph\":[{\"@type\":\"Article\",\"@id\":\"https:\\\/\\\/www.uges-isere.fr\\\/index.php\\\/2023\\\/12\\\/13\\\/espaces-naturels-sensibles-quel-projet-pour-le-departement\\\/#article\",\"isPartOf\":{\"@id\":\"https:\\\/\\\/www.uges-isere.fr\\\/index.php\\\/2023\\\/12\\\/13\\\/espaces-naturels-sensibles-quel-projet-pour-le-departement\\\/\"},\"author\":{\"name\":\"ThibaudUGES38\",\"@id\":\"https:\\\/\\\/www.uges-isere.fr\\\/#\\\/schema\\\/person\\\/a200926d67119314e8837b6a085de83a\"},\"headline\":\"Espaces naturels sensibles : quel projet pour le D\u00e9partement ?\",\"datePublished\":\"2023-12-13T10:04:54+00:00\",\"dateModified\":\"2023-12-15T17:14:04+00:00\",\"mainEntityOfPage\":{\"@id\":\"https:\\\/\\\/www.uges-isere.fr\\\/index.php\\\/2023\\\/12\\\/13\\\/espaces-naturels-sensibles-quel-projet-pour-le-departement\\\/\"},\"wordCount\":682,\"commentCount\":0,\"publisher\":{\"@id\":\"https:\\\/\\\/www.uges-isere.fr\\\/#organization\"},\"image\":{\"@id\":\"https:\\\/\\\/www.uges-isere.fr\\\/index.php\\\/2023\\\/12\\\/13\\\/espaces-naturels-sensibles-quel-projet-pour-le-departement\\\/#primaryimage\"},\"thumbnailUrl\":\"https:\\\/\\\/www.uges-isere.fr\\\/wp-content\\\/uploads\\\/2023\\\/12\\\/landscape-4437369_1280.jpg\",\"keywords\":[\"accompagner la transition\",\"ENS\",\"Espaces naturels sensibles\",\"\u00eelots de chaleur\",\"SPPEH\",\"Un arbre un habitant\"],\"articleSection\":[\"Environnement et transition \u00e9cologique\",\"S\u00e9ance publique (Budget primitif 2024) - D\u00e9cembre 2023\"],\"inLanguage\":\"fr-FR\",\"potentialAction\":[{\"@type\":\"CommentAction\",\"name\":\"Comment\",\"target\":[\"https:\\\/\\\/www.uges-isere.fr\\\/index.php\\\/2023\\\/12\\\/13\\\/espaces-naturels-sensibles-quel-projet-pour-le-departement\\\/#respond\"]}]},{\"@type\":\"WebPage\",\"@id\":\"https:\\\/\\\/www.uges-isere.fr\\\/index.php\\\/2023\\\/12\\\/13\\\/espaces-naturels-sensibles-quel-projet-pour-le-departement\\\/\",\"url\":\"https:\\\/\\\/www.uges-isere.fr\\\/index.php\\\/2023\\\/12\\\/13\\\/espaces-naturels-sensibles-quel-projet-pour-le-departement\\\/\",\"name\":\"Espaces naturels sensibles : quel projet pour le D\u00e9partement ? - D\u00e9partement de l&#039;Is\u00e8re\",\"isPartOf\":{\"@id\":\"https:\\\/\\\/www.uges-isere.fr\\\/#website\"},\"primaryImageOfPage\":{\"@id\":\"https:\\\/\\\/www.uges-isere.fr\\\/index.php\\\/2023\\\/12\\\/13\\\/espaces-naturels-sensibles-quel-projet-pour-le-departement\\\/#primaryimage\"},\"image\":{\"@id\":\"https:\\\/\\\/www.uges-isere.fr\\\/index.php\\\/2023\\\/12\\\/13\\\/espaces-naturels-sensibles-quel-projet-pour-le-departement\\\/#primaryimage\"},\"thumbnailUrl\":\"https:\\\/\\\/www.uges-isere.fr\\\/wp-content\\\/uploads\\\/2023\\\/12\\\/landscape-4437369_1280.jpg\",\"datePublished\":\"2023-12-13T10:04:54+00:00\",\"dateModified\":\"2023-12-15T17:14:04+00:00\",\"breadcrumb\":{\"@id\":\"https:\\\/\\\/www.uges-isere.fr\\\/index.php\\\/2023\\\/12\\\/13\\\/espaces-naturels-sensibles-quel-projet-pour-le-departement\\\/#breadcrumb\"},\"inLanguage\":\"fr-FR\",\"potentialAction\":[{\"@type\":\"ReadAction\",\"target\":[\"https:\\\/\\\/www.uges-isere.fr\\\/index.php\\\/2023\\\/12\\\/13\\\/espaces-naturels-sensibles-quel-projet-pour-le-departement\\\/\"]}]},{\"@type\":\"ImageObject\",\"inLanguage\":\"fr-FR\",\"@id\":\"https:\\\/\\\/www.uges-isere.fr\\\/index.php\\\/2023\\\/12\\\/13\\\/espaces-naturels-sensibles-quel-projet-pour-le-departement\\\/#primaryimage\",\"url\":\"https:\\\/\\\/www.uges-isere.fr\\\/wp-content\\\/uploads\\\/2023\\\/12\\\/landscape-4437369_1280.jpg\",\"contentUrl\":\"https:\\\/\\\/www.uges-isere.fr\\\/wp-content\\\/uploads\\\/2023\\\/12\\\/landscape-4437369_1280.jpg\",\"width\":1280,\"height\":720},{\"@type\":\"BreadcrumbList\",\"@id\":\"https:\\\/\\\/www.uges-isere.fr\\\/index.php\\\/2023\\\/12\\\/13\\\/espaces-naturels-sensibles-quel-projet-pour-le-departement\\\/#breadcrumb\",\"itemListElement\":[{\"@type\":\"ListItem\",\"position\":1,\"name\":\"Accueil\",\"item\":\"https:\\\/\\\/www.uges-isere.fr\\\/\"},{\"@type\":\"ListItem\",\"position\":2,\"name\":\"Espaces naturels sensibles : quel projet pour le D\u00e9partement ?\"}]},{\"@type\":\"WebSite\",\"@id\":\"https:\\\/\\\/www.uges-isere.fr\\\/#website\",\"url\":\"https:\\\/\\\/www.uges-isere.fr\\\/\",\"name\":\"D\u00e9partement de l&#039;Is\u00e8re\",\"description\":\"Groupe d&#039;opposition UGES\",\"publisher\":{\"@id\":\"https:\\\/\\\/www.uges-isere.fr\\\/#organization\"},\"potentialAction\":[{\"@type\":\"SearchAction\",\"target\":{\"@type\":\"EntryPoint\",\"urlTemplate\":\"https:\\\/\\\/www.uges-isere.fr\\\/?s={search_term_string}\"},\"query-input\":{\"@type\":\"PropertyValueSpecification\",\"valueRequired\":true,\"valueName\":\"search_term_string\"}}],\"inLanguage\":\"fr-FR\"},{\"@type\":\"Organization\",\"@id\":\"https:\\\/\\\/www.uges-isere.fr\\\/#organization\",\"name\":\"D\u00e9partement de l'Is\u00e8re\",\"url\":\"https:\\\/\\\/www.uges-isere.fr\\\/\",\"logo\":{\"@type\":\"ImageObject\",\"inLanguage\":\"fr-FR\",\"@id\":\"https:\\\/\\\/www.uges-isere.fr\\\/#\\\/schema\\\/logo\\\/image\\\/\",\"url\":\"https:\\\/\\\/www.uges-isere.fr\\\/wp-content\\\/uploads\\\/2021\\\/10\\\/logo-ok.png\",\"contentUrl\":\"https:\\\/\\\/www.uges-isere.fr\\\/wp-content\\\/uploads\\\/2021\\\/10\\\/logo-ok.png\",\"width\":2859,\"height\":1816,\"caption\":\"D\u00e9partement de l'Is\u00e8re\"},\"image\":{\"@id\":\"https:\\\/\\\/www.uges-isere.fr\\\/#\\\/schema\\\/logo\\\/image\\\/\"},\"sameAs\":[\"https:\\\/\\\/www.facebook.com\\\/LePrintemps38\",\"https:\\\/\\\/x.com\\\/GroupeUGES38\"]},{\"@type\":\"Person\",\"@id\":\"https:\\\/\\\/www.uges-isere.fr\\\/#\\\/schema\\\/person\\\/a200926d67119314e8837b6a085de83a\",\"name\":\"ThibaudUGES38\",\"image\":{\"@type\":\"ImageObject\",\"inLanguage\":\"fr-FR\",\"@id\":\"https:\\\/\\\/secure.gravatar.com\\\/avatar\\\/e182ebfe597e409aafe3378f828607b2b757ed94a3489b20112818296e03b151?s=96&d=mm&r=g\",\"url\":\"https:\\\/\\\/secure.gravatar.com\\\/avatar\\\/e182ebfe597e409aafe3378f828607b2b757ed94a3489b20112818296e03b151?s=96&d=mm&r=g\",\"contentUrl\":\"https:\\\/\\\/secure.gravatar.com\\\/avatar\\\/e182ebfe597e409aafe3378f828607b2b757ed94a3489b20112818296e03b151?s=96&d=mm&r=g\",\"caption\":\"ThibaudUGES38\"},\"url\":\"https:\\\/\\\/www.uges-isere.fr\\\/index.php\\\/author\\\/thibauduges38\\\/\"}]}<\/script>\n<!-- \/ Yoast SEO plugin. -->","yoast_head_json":{"title":"Espaces naturels sensibles : quel projet pour le D\u00e9partement ? - D\u00e9partement de l&#039;Is\u00e8re","robots":{"index":"index","follow":"follow","max-snippet":"max-snippet:-1","max-image-preview":"max-image-preview:large","max-video-preview":"max-video-preview:-1"},"canonical":"https:\/\/www.uges-isere.fr\/index.php\/2023\/12\/13\/espaces-naturels-sensibles-quel-projet-pour-le-departement\/","og_locale":"fr_FR","og_type":"article","og_title":"Espaces naturels sensibles : quel projet pour le D\u00e9partement ? - D\u00e9partement de l&#039;Is\u00e8re","og_description":"Gilles Strappazzon est intervenu sur le volet Environnement dans le cadre du budget 2024. Les principales actions port\u00e9es &hellip;","og_url":"https:\/\/www.uges-isere.fr\/index.php\/2023\/12\/13\/espaces-naturels-sensibles-quel-projet-pour-le-departement\/","og_site_name":"D\u00e9partement de l&#039;Is\u00e8re","article_publisher":"https:\/\/www.facebook.com\/LePrintemps38","article_published_time":"2023-12-13T10:04:54+00:00","article_modified_time":"2023-12-15T17:14:04+00:00","og_image":[{"width":1280,"height":720,"url":"https:\/\/www.uges-isere.fr\/wp-content\/uploads\/2023\/12\/landscape-4437369_1280.jpg","type":"image\/jpeg"}],"author":"ThibaudUGES38","twitter_card":"summary_large_image","twitter_creator":"@GroupeUGES38","twitter_site":"@GroupeUGES38","twitter_misc":{"\u00c9crit par":"ThibaudUGES38","Dur\u00e9e de lecture estim\u00e9e":"3 minutes"},"schema":{"@context":"https:\/\/schema.org","@graph":[{"@type":"Article","@id":"https:\/\/www.uges-isere.fr\/index.php\/2023\/12\/13\/espaces-naturels-sensibles-quel-projet-pour-le-departement\/#article","isPartOf":{"@id":"https:\/\/www.uges-isere.fr\/index.php\/2023\/12\/13\/espaces-naturels-sensibles-quel-projet-pour-le-departement\/"},"author":{"name":"ThibaudUGES38","@id":"https:\/\/www.uges-isere.fr\/#\/schema\/person\/a200926d67119314e8837b6a085de83a"},"headline":"Espaces naturels sensibles : quel projet pour le D\u00e9partement ?","datePublished":"2023-12-13T10:04:54+00:00","dateModified":"2023-12-15T17:14:04+00:00","mainEntityOfPage":{"@id":"https:\/\/www.uges-isere.fr\/index.php\/2023\/12\/13\/espaces-naturels-sensibles-quel-projet-pour-le-departement\/"},"wordCount":682,"commentCount":0,"publisher":{"@id":"https:\/\/www.uges-isere.fr\/#organization"},"image":{"@id":"https:\/\/www.uges-isere.fr\/index.php\/2023\/12\/13\/espaces-naturels-sensibles-quel-projet-pour-le-departement\/#primaryimage"},"thumbnailUrl":"https:\/\/www.uges-isere.fr\/wp-content\/uploads\/2023\/12\/landscape-4437369_1280.jpg","keywords":["accompagner la transition","ENS","Espaces naturels sensibles","\u00eelots de chaleur","SPPEH","Un arbre un habitant"],"articleSection":["Environnement et transition \u00e9cologique","S\u00e9ance publique (Budget primitif 2024) - D\u00e9cembre 2023"],"inLanguage":"fr-FR","potentialAction":[{"@type":"CommentAction","name":"Comment","target":["https:\/\/www.uges-isere.fr\/index.php\/2023\/12\/13\/espaces-naturels-sensibles-quel-projet-pour-le-departement\/#respond"]}]},{"@type":"WebPage","@id":"https:\/\/www.uges-isere.fr\/index.php\/2023\/12\/13\/espaces-naturels-sensibles-quel-projet-pour-le-departement\/","url":"https:\/\/www.uges-isere.fr\/index.php\/2023\/12\/13\/espaces-naturels-sensibles-quel-projet-pour-le-departement\/","name":"Espaces naturels sensibles : quel projet pour le D\u00e9partement ? - D\u00e9partement de l&#039;Is\u00e8re","isPartOf":{"@id":"https:\/\/www.uges-isere.fr\/#website"},"primaryImageOfPage":{"@id":"https:\/\/www.uges-isere.fr\/index.php\/2023\/12\/13\/espaces-naturels-sensibles-quel-projet-pour-le-departement\/#primaryimage"},"image":{"@id":"https:\/\/www.uges-isere.fr\/index.php\/2023\/12\/13\/espaces-naturels-sensibles-quel-projet-pour-le-departement\/#primaryimage"},"thumbnailUrl":"https:\/\/www.uges-isere.fr\/wp-content\/uploads\/2023\/12\/landscape-4437369_1280.jpg","datePublished":"2023-12-13T10:04:54+00:00","dateModified":"2023-12-15T17:14:04+00:00","breadcrumb":{"@id":"https:\/\/www.uges-isere.fr\/index.php\/2023\/12\/13\/espaces-naturels-sensibles-quel-projet-pour-le-departement\/#breadcrumb"},"inLanguage":"fr-FR","potentialAction":[{"@type":"ReadAction","target":["https:\/\/www.uges-isere.fr\/index.php\/2023\/12\/13\/espaces-naturels-sensibles-quel-projet-pour-le-departement\/"]}]},{"@type":"ImageObject","inLanguage":"fr-FR","@id":"https:\/\/www.uges-isere.fr\/index.php\/2023\/12\/13\/espaces-naturels-sensibles-quel-projet-pour-le-departement\/#primaryimage","url":"https:\/\/www.uges-isere.fr\/wp-content\/uploads\/2023\/12\/landscape-4437369_1280.jpg","contentUrl":"https:\/\/www.uges-isere.fr\/wp-content\/uploads\/2023\/12\/landscape-4437369_1280.jpg","width":1280,"height":720},{"@type":"BreadcrumbList","@id":"https:\/\/www.uges-isere.fr\/index.php\/2023\/12\/13\/espaces-naturels-sensibles-quel-projet-pour-le-departement\/#breadcrumb","itemListElement":[{"@type":"ListItem","position":1,"name":"Accueil","item":"https:\/\/www.uges-isere.fr\/"},{"@type":"ListItem","position":2,"name":"Espaces naturels sensibles : quel projet pour le D\u00e9partement ?"}]},{"@type":"WebSite","@id":"https:\/\/www.uges-isere.fr\/#website","url":"https:\/\/www.uges-isere.fr\/","name":"D\u00e9partement de l&#039;Is\u00e8re","description":"Groupe d&#039;opposition UGES","publisher":{"@id":"https:\/\/www.uges-isere.fr\/#organization"},"potentialAction":[{"@type":"SearchAction","target":{"@type":"EntryPoint","urlTemplate":"https:\/\/www.uges-isere.fr\/?s={search_term_string}"},"query-input":{"@type":"PropertyValueSpecification","valueRequired":true,"valueName":"search_term_string"}}],"inLanguage":"fr-FR"},{"@type":"Organization","@id":"https:\/\/www.uges-isere.fr\/#organization","name":"D\u00e9partement de l'Is\u00e8re","url":"https:\/\/www.uges-isere.fr\/","logo":{"@type":"ImageObject","inLanguage":"fr-FR","@id":"https:\/\/www.uges-isere.fr\/#\/schema\/logo\/image\/","url":"https:\/\/www.uges-isere.fr\/wp-content\/uploads\/2021\/10\/logo-ok.png","contentUrl":"https:\/\/www.uges-isere.fr\/wp-content\/uploads\/2021\/10\/logo-ok.png","width":2859,"height":1816,"caption":"D\u00e9partement de l'Is\u00e8re"},"image":{"@id":"https:\/\/www.uges-isere.fr\/#\/schema\/logo\/image\/"},"sameAs":["https:\/\/www.facebook.com\/LePrintemps38","https:\/\/x.com\/GroupeUGES38"]},{"@type":"Person","@id":"https:\/\/www.uges-isere.fr\/#\/schema\/person\/a200926d67119314e8837b6a085de83a","name":"ThibaudUGES38","image":{"@type":"ImageObject","inLanguage":"fr-FR","@id":"https:\/\/secure.gravatar.com\/avatar\/e182ebfe597e409aafe3378f828607b2b757ed94a3489b20112818296e03b151?s=96&d=mm&r=g","url":"https:\/\/secure.gravatar.com\/avatar\/e182ebfe597e409aafe3378f828607b2b757ed94a3489b20112818296e03b151?s=96&d=mm&r=g","contentUrl":"https:\/\/secure.gravatar.com\/avatar\/e182ebfe597e409aafe3378f828607b2b757ed94a3489b20112818296e03b151?s=96&d=mm&r=g","caption":"ThibaudUGES38"},"url":"https:\/\/www.uges-isere.fr\/index.php\/author\/thibauduges38\/"}]}},"_links":{"self":[{"href":"https:\/\/www.uges-isere.fr\/index.php\/wp-json\/wp\/v2\/posts\/683889","targetHints":{"allow":["GET"]}}],"collection":[{"href":"https:\/\/www.uges-isere.fr\/index.php\/wp-json\/wp\/v2\/posts"}],"about":[{"href":"https:\/\/www.uges-isere.fr\/index.php\/wp-json\/wp\/v2\/types\/post"}],"author":[{"embeddable":true,"href":"https:\/\/www.uges-isere.fr\/index.php\/wp-json\/wp\/v2\/users\/8"}],"replies":[{"embeddable":true,"href":"https:\/\/www.uges-isere.fr\/index.php\/wp-json\/wp\/v2\/comments?post=683889"}],"version-history":[{"count":3,"href":"https:\/\/www.uges-isere.fr\/index.php\/wp-json\/wp\/v2\/posts\/683889\/revisions"}],"predecessor-version":[{"id":683935,"href":"https:\/\/www.uges-isere.fr\/index.php\/wp-json\/wp\/v2\/posts\/683889\/revisions\/683935"}],"wp:featuredmedia":[{"embeddable":true,"href":"https:\/\/www.uges-isere.fr\/index.php\/wp-json\/wp\/v2\/media\/683891"}],"wp:attachment":[{"href":"https:\/\/www.uges-isere.fr\/index.php\/wp-json\/wp\/v2\/media?parent=683889"}],"wp:term":[{"taxonomy":"category","embeddable":true,"href":"https:\/\/www.uges-isere.fr\/index.php\/wp-json\/wp\/v2\/categories?post=683889"},{"taxonomy":"post_tag","embeddable":true,"href":"https:\/\/www.uges-isere.fr\/index.php\/wp-json\/wp\/v2\/tags?post=683889"}],"curies":[{"name":"wp","href":"https:\/\/api.w.org\/{rel}","templated":true}]}}