{"id":683886,"date":"2023-12-13T10:45:09","date_gmt":"2023-12-13T09:45:09","guid":{"rendered":"https:\/\/www.uges-isere.fr\/?p=683886"},"modified":"2023-12-15T20:39:39","modified_gmt":"2023-12-15T19:39:39","slug":"petit-train-de-la-mure-le-groupe-uges-exprime-ses-inquietudes-sur-la-perennite-du-modele-economique","status":"publish","type":"post","link":"https:\/\/www.uges-isere.fr\/index.php\/2023\/12\/13\/petit-train-de-la-mure-le-groupe-uges-exprime-ses-inquietudes-sur-la-perennite-du-modele-economique\/","title":{"rendered":"Petit Train de La Mure : le groupe UGES exprime ses inqui\u00e9tudes sur la p\u00e9rennit\u00e9 du mod\u00e8le \u00e9conomique"},"content":{"rendered":"\n<p><strong>A l\u2019occasion du chapitre budg\u00e9taire consacr\u00e9 \u00e0 l&rsquo;attractivit\u00e9 et au tourisme, Amandine Germain a souhait\u00e9 faire part des inqui\u00e9tudes du groupe UGES concernant le Petit Train de la Mure. <\/strong><\/p>\n\n\n\n<p>Le D\u00e9partement poursuit ses investissements financiers dans ce projet dans le budget 2024, la Commission permanente s&rsquo;est prononc\u00e9e ce 8 d\u00e9cembre sur une nouvelle hausse des tarifs du Petit Train pour \u00ab <em>permettre au d\u00e9l\u00e9gataire de faire face \u00e0 ses charges <\/em>\u00bb  (les tarifs pour une famille et 2 enfants passent de 82\u20ac \u00e0 89\u20ac par exemple).<\/p>\n\n\n\n<p>D\u2019autres projets auraient pu \u00eatre envisag\u00e9s pour soutenir la n\u00e9cessaire revitalisation du territoire de la Matheysine et continuer \u00e0 faire vivre son histoire patrimoniale et industrielle. Mais<strong> l&rsquo;opposition a fait confiance et suivi le D\u00e9partement quand il a fait le choix de relancer une D\u00e9l\u00e9gation de Service Public (DSP) pour l\u2019exploitation du Petit Train en 2017.<\/strong><\/p>\n\n\n\n<p>Aujourd\u2019hui, deux points suscitent les inqui\u00e9tudes du groupe UGES :<\/p>\n\n\n\n<ul class=\"wp-block-list\">\n<li><strong>Le mod\u00e8le \u00e9conomique<\/strong> qui repose sur 100 000 voyageurs annuels. Si nous sommes bien conscients que les deux ann\u00e9es de Covid ont impact\u00e9 la fr\u00e9quentation, le rapport d\u2019activit\u00e9s 2022 de la soci\u00e9t\u00e9 nous montre une fr\u00e9quentation largement inf\u00e9rieure aux pr\u00e9visions attendues (48 000 voyageurs) et les tendances constat\u00e9es dans les enqu\u00eates de satisfaction laissent dubitatifs.<strong> La soci\u00e9t\u00e9 gestionnaire STLM accuse un d\u00e9ficit d\u2019exploitation d\u20191,7 millions d&rsquo;euros pour 2022.<\/strong> Le groupe UGES a questionn\u00e9 la majorit\u00e9 sur les dynamiques de la saison 2023, sans r\u00e9ponse h\u00e9las. Quelles pistes sont envisag\u00e9es par le D\u00e9partement pour atteindre ces 100 000 voyageurs ? Par exemple, le projet de v\u00e9lo-rail sur la partie basse pourrait-il faire partie des pistes compl\u00e9mentaires \u00e0 explorer pour rendre plus attractif l\u2019enti\u00e8ret\u00e9 du territoire ?<\/li>\n<\/ul>\n\n\n\n<ul class=\"wp-block-list\">\n<li><strong>La bonne gestion de l\u2019argent public<\/strong>, dans un contexte o\u00f9 le D\u00e9partement a inject\u00e9 32 millions d\u2019euros au total dans ce projet depuis 2016 (fonctionnement, investissement, DSP). 32 millions qui peinent \u00e0 profiter au territoire et \u00e0 son activit\u00e9 \u00e9conomique. 32 millions qui ont donc largement d\u00e9pass\u00e9 les 20 millions d\u2019euros qui nous engageaient dans le cadre de la D\u00e9l\u00e9gation de service public.&nbsp; Si nous savons que les chantiers subissent souvent des al\u00e9as, nous pouvons toutefois l\u00e9gitimement s\u2019interroger sur la fiabilit\u00e9 des \u00e9tudes et diagnostics r\u00e9alis\u00e9s vu le montant total de l\u2019addition. <strong>Peut-on ainsi en conclure une forme de pr\u00e9cipitation ayant impact\u00e9 les finances d\u00e9partementales ? Une pr\u00e9cipitation destin\u00e9e \u00e0 assurer une mise en circulation avant les \u00e9lections d\u00e9partementales de 2021 ?<\/strong><\/li>\n<\/ul>\n\n\n\n<p>Si <strong>nous soutenons la revitalisation du territoire de la Matheysine<\/strong>, nous appelons la vigilance de l\u2019assembl\u00e9e d\u00e9partementale quant \u00e0 la bonne utilisation de ces 32 millions d\u2019euros, auxquels s\u2019ajoutent d\u2019autres financements publics (je rappelle que le D\u00e9partement a d\u2019ailleurs pr\u00eat\u00e9 de l\u2019argent \u00e0 une autre collectivit\u00e9 pour ce projet), et \u00e0 la p\u00e9rennit\u00e9 des investissements financ\u00e9s par l\u2019argent du contribuable.<\/p>\n","protected":false},"excerpt":{"rendered":"<p>A l\u2019occasion du chapitre budg\u00e9taire consacr\u00e9 \u00e0 l&rsquo;attractivit\u00e9 et au tourisme, Amandine Germain a souhait\u00e9 faire part des &hellip; <\/p>\n","protected":false},"author":8,"featured_media":683887,"comment_status":"open","ping_status":"open","sticky":false,"template":"","format":"standard","meta":{"footnotes":""},"categories":[10,155],"tags":[225,222,227,223,224,226],"class_list":["post-683886","post","type-post","status-publish","format-standard","has-post-thumbnail","hentry","category-agriculture-tourisme-montagne","category-seance-publique-budget-primitif-2024-decembre-2023","tag-attractivite","tag-la-mure","tag-matheysine","tag-petit-train-de-la-mure","tag-stlm","tag-tourisme"],"yoast_head":"<!-- This site is optimized with the Yoast SEO plugin v27.5 - https:\/\/yoast.com\/product\/yoast-seo-wordpress\/ -->\n<title>Petit Train de La Mure : le groupe UGES exprime ses inqui\u00e9tudes sur la p\u00e9rennit\u00e9 du mod\u00e8le \u00e9conomique - D\u00e9partement de l&#039;Is\u00e8re<\/title>\n<meta name=\"robots\" content=\"index, follow, max-snippet:-1, max-image-preview:large, max-video-preview:-1\" \/>\n<link rel=\"canonical\" href=\"https:\/\/www.uges-isere.fr\/index.php\/2023\/12\/13\/petit-train-de-la-mure-le-groupe-uges-exprime-ses-inquietudes-sur-la-perennite-du-modele-economique\/\" \/>\n<meta property=\"og:locale\" content=\"fr_FR\" \/>\n<meta property=\"og:type\" content=\"article\" \/>\n<meta property=\"og:title\" content=\"Petit Train de La Mure : le groupe UGES exprime ses inqui\u00e9tudes sur la p\u00e9rennit\u00e9 du mod\u00e8le \u00e9conomique - D\u00e9partement de l&#039;Is\u00e8re\" \/>\n<meta property=\"og:description\" content=\"A l\u2019occasion du chapitre budg\u00e9taire consacr\u00e9 \u00e0 l&rsquo;attractivit\u00e9 et au tourisme, Amandine Germain a souhait\u00e9 faire part des &hellip;\" \/>\n<meta property=\"og:url\" content=\"https:\/\/www.uges-isere.fr\/index.php\/2023\/12\/13\/petit-train-de-la-mure-le-groupe-uges-exprime-ses-inquietudes-sur-la-perennite-du-modele-economique\/\" \/>\n<meta property=\"og:site_name\" content=\"D\u00e9partement de l&#039;Is\u00e8re\" \/>\n<meta property=\"article:publisher\" content=\"https:\/\/www.facebook.com\/LePrintemps38\" \/>\n<meta property=\"article:published_time\" content=\"2023-12-13T09:45:09+00:00\" \/>\n<meta property=\"article:modified_time\" content=\"2023-12-15T19:39:39+00:00\" \/>\n<meta property=\"og:image\" content=\"https:\/\/www.uges-isere.fr\/wp-content\/uploads\/2023\/12\/AdobeStock_486918563-scaled.jpeg\" \/>\n\t<meta property=\"og:image:width\" content=\"2560\" \/>\n\t<meta property=\"og:image:height\" content=\"1440\" \/>\n\t<meta property=\"og:image:type\" content=\"image\/jpeg\" \/>\n<meta name=\"author\" content=\"ThibaudUGES38\" \/>\n<meta name=\"twitter:card\" content=\"summary_large_image\" \/>\n<meta name=\"twitter:creator\" content=\"@GroupeUGES38\" \/>\n<meta name=\"twitter:site\" content=\"@GroupeUGES38\" \/>\n<meta name=\"twitter:label1\" content=\"\u00c9crit par\" \/>\n\t<meta name=\"twitter:data1\" content=\"ThibaudUGES38\" \/>\n\t<meta name=\"twitter:label2\" content=\"Dur\u00e9e de lecture estim\u00e9e\" \/>\n\t<meta name=\"twitter:data2\" content=\"3 minutes\" \/>\n<script type=\"application\/ld+json\" class=\"yoast-schema-graph\">{\"@context\":\"https:\\\/\\\/schema.org\",\"@graph\":[{\"@type\":\"Article\",\"@id\":\"https:\\\/\\\/www.uges-isere.fr\\\/index.php\\\/2023\\\/12\\\/13\\\/petit-train-de-la-mure-le-groupe-uges-exprime-ses-inquietudes-sur-la-perennite-du-modele-economique\\\/#article\",\"isPartOf\":{\"@id\":\"https:\\\/\\\/www.uges-isere.fr\\\/index.php\\\/2023\\\/12\\\/13\\\/petit-train-de-la-mure-le-groupe-uges-exprime-ses-inquietudes-sur-la-perennite-du-modele-economique\\\/\"},\"author\":{\"name\":\"ThibaudUGES38\",\"@id\":\"https:\\\/\\\/www.uges-isere.fr\\\/#\\\/schema\\\/person\\\/a200926d67119314e8837b6a085de83a\"},\"headline\":\"Petit Train de La Mure : le groupe UGES exprime ses inqui\u00e9tudes sur la p\u00e9rennit\u00e9 du mod\u00e8le \u00e9conomique\",\"datePublished\":\"2023-12-13T09:45:09+00:00\",\"dateModified\":\"2023-12-15T19:39:39+00:00\",\"mainEntityOfPage\":{\"@id\":\"https:\\\/\\\/www.uges-isere.fr\\\/index.php\\\/2023\\\/12\\\/13\\\/petit-train-de-la-mure-le-groupe-uges-exprime-ses-inquietudes-sur-la-perennite-du-modele-economique\\\/\"},\"wordCount\":510,\"commentCount\":0,\"publisher\":{\"@id\":\"https:\\\/\\\/www.uges-isere.fr\\\/#organization\"},\"image\":{\"@id\":\"https:\\\/\\\/www.uges-isere.fr\\\/index.php\\\/2023\\\/12\\\/13\\\/petit-train-de-la-mure-le-groupe-uges-exprime-ses-inquietudes-sur-la-perennite-du-modele-economique\\\/#primaryimage\"},\"thumbnailUrl\":\"https:\\\/\\\/www.uges-isere.fr\\\/wp-content\\\/uploads\\\/2023\\\/12\\\/AdobeStock_486918563-scaled.jpeg\",\"keywords\":[\"Attractivit\u00e9\",\"La Mure\",\"Matheysine\",\"Petit Train de La Mure\",\"STLM\",\"Tourisme\"],\"articleSection\":[\"Agriculture, tourisme, montagne\",\"S\u00e9ance publique (Budget primitif 2024) - D\u00e9cembre 2023\"],\"inLanguage\":\"fr-FR\",\"potentialAction\":[{\"@type\":\"CommentAction\",\"name\":\"Comment\",\"target\":[\"https:\\\/\\\/www.uges-isere.fr\\\/index.php\\\/2023\\\/12\\\/13\\\/petit-train-de-la-mure-le-groupe-uges-exprime-ses-inquietudes-sur-la-perennite-du-modele-economique\\\/#respond\"]}]},{\"@type\":\"WebPage\",\"@id\":\"https:\\\/\\\/www.uges-isere.fr\\\/index.php\\\/2023\\\/12\\\/13\\\/petit-train-de-la-mure-le-groupe-uges-exprime-ses-inquietudes-sur-la-perennite-du-modele-economique\\\/\",\"url\":\"https:\\\/\\\/www.uges-isere.fr\\\/index.php\\\/2023\\\/12\\\/13\\\/petit-train-de-la-mure-le-groupe-uges-exprime-ses-inquietudes-sur-la-perennite-du-modele-economique\\\/\",\"name\":\"Petit Train de La Mure : le groupe UGES exprime ses inqui\u00e9tudes sur la p\u00e9rennit\u00e9 du mod\u00e8le \u00e9conomique - D\u00e9partement de l&#039;Is\u00e8re\",\"isPartOf\":{\"@id\":\"https:\\\/\\\/www.uges-isere.fr\\\/#website\"},\"primaryImageOfPage\":{\"@id\":\"https:\\\/\\\/www.uges-isere.fr\\\/index.php\\\/2023\\\/12\\\/13\\\/petit-train-de-la-mure-le-groupe-uges-exprime-ses-inquietudes-sur-la-perennite-du-modele-economique\\\/#primaryimage\"},\"image\":{\"@id\":\"https:\\\/\\\/www.uges-isere.fr\\\/index.php\\\/2023\\\/12\\\/13\\\/petit-train-de-la-mure-le-groupe-uges-exprime-ses-inquietudes-sur-la-perennite-du-modele-economique\\\/#primaryimage\"},\"thumbnailUrl\":\"https:\\\/\\\/www.uges-isere.fr\\\/wp-content\\\/uploads\\\/2023\\\/12\\\/AdobeStock_486918563-scaled.jpeg\",\"datePublished\":\"2023-12-13T09:45:09+00:00\",\"dateModified\":\"2023-12-15T19:39:39+00:00\",\"breadcrumb\":{\"@id\":\"https:\\\/\\\/www.uges-isere.fr\\\/index.php\\\/2023\\\/12\\\/13\\\/petit-train-de-la-mure-le-groupe-uges-exprime-ses-inquietudes-sur-la-perennite-du-modele-economique\\\/#breadcrumb\"},\"inLanguage\":\"fr-FR\",\"potentialAction\":[{\"@type\":\"ReadAction\",\"target\":[\"https:\\\/\\\/www.uges-isere.fr\\\/index.php\\\/2023\\\/12\\\/13\\\/petit-train-de-la-mure-le-groupe-uges-exprime-ses-inquietudes-sur-la-perennite-du-modele-economique\\\/\"]}]},{\"@type\":\"ImageObject\",\"inLanguage\":\"fr-FR\",\"@id\":\"https:\\\/\\\/www.uges-isere.fr\\\/index.php\\\/2023\\\/12\\\/13\\\/petit-train-de-la-mure-le-groupe-uges-exprime-ses-inquietudes-sur-la-perennite-du-modele-economique\\\/#primaryimage\",\"url\":\"https:\\\/\\\/www.uges-isere.fr\\\/wp-content\\\/uploads\\\/2023\\\/12\\\/AdobeStock_486918563-scaled.jpeg\",\"contentUrl\":\"https:\\\/\\\/www.uges-isere.fr\\\/wp-content\\\/uploads\\\/2023\\\/12\\\/AdobeStock_486918563-scaled.jpeg\",\"width\":2560,\"height\":1440},{\"@type\":\"BreadcrumbList\",\"@id\":\"https:\\\/\\\/www.uges-isere.fr\\\/index.php\\\/2023\\\/12\\\/13\\\/petit-train-de-la-mure-le-groupe-uges-exprime-ses-inquietudes-sur-la-perennite-du-modele-economique\\\/#breadcrumb\",\"itemListElement\":[{\"@type\":\"ListItem\",\"position\":1,\"name\":\"Accueil\",\"item\":\"https:\\\/\\\/www.uges-isere.fr\\\/\"},{\"@type\":\"ListItem\",\"position\":2,\"name\":\"Petit Train de La Mure : le groupe UGES exprime ses inqui\u00e9tudes sur la p\u00e9rennit\u00e9 du mod\u00e8le \u00e9conomique\"}]},{\"@type\":\"WebSite\",\"@id\":\"https:\\\/\\\/www.uges-isere.fr\\\/#website\",\"url\":\"https:\\\/\\\/www.uges-isere.fr\\\/\",\"name\":\"D\u00e9partement de l&#039;Is\u00e8re\",\"description\":\"Groupe d&#039;opposition UGES\",\"publisher\":{\"@id\":\"https:\\\/\\\/www.uges-isere.fr\\\/#organization\"},\"potentialAction\":[{\"@type\":\"SearchAction\",\"target\":{\"@type\":\"EntryPoint\",\"urlTemplate\":\"https:\\\/\\\/www.uges-isere.fr\\\/?s={search_term_string}\"},\"query-input\":{\"@type\":\"PropertyValueSpecification\",\"valueRequired\":true,\"valueName\":\"search_term_string\"}}],\"inLanguage\":\"fr-FR\"},{\"@type\":\"Organization\",\"@id\":\"https:\\\/\\\/www.uges-isere.fr\\\/#organization\",\"name\":\"D\u00e9partement de l'Is\u00e8re\",\"url\":\"https:\\\/\\\/www.uges-isere.fr\\\/\",\"logo\":{\"@type\":\"ImageObject\",\"inLanguage\":\"fr-FR\",\"@id\":\"https:\\\/\\\/www.uges-isere.fr\\\/#\\\/schema\\\/logo\\\/image\\\/\",\"url\":\"https:\\\/\\\/www.uges-isere.fr\\\/wp-content\\\/uploads\\\/2021\\\/10\\\/logo-ok.png\",\"contentUrl\":\"https:\\\/\\\/www.uges-isere.fr\\\/wp-content\\\/uploads\\\/2021\\\/10\\\/logo-ok.png\",\"width\":2859,\"height\":1816,\"caption\":\"D\u00e9partement de l'Is\u00e8re\"},\"image\":{\"@id\":\"https:\\\/\\\/www.uges-isere.fr\\\/#\\\/schema\\\/logo\\\/image\\\/\"},\"sameAs\":[\"https:\\\/\\\/www.facebook.com\\\/LePrintemps38\",\"https:\\\/\\\/x.com\\\/GroupeUGES38\"]},{\"@type\":\"Person\",\"@id\":\"https:\\\/\\\/www.uges-isere.fr\\\/#\\\/schema\\\/person\\\/a200926d67119314e8837b6a085de83a\",\"name\":\"ThibaudUGES38\",\"image\":{\"@type\":\"ImageObject\",\"inLanguage\":\"fr-FR\",\"@id\":\"https:\\\/\\\/secure.gravatar.com\\\/avatar\\\/e182ebfe597e409aafe3378f828607b2b757ed94a3489b20112818296e03b151?s=96&d=mm&r=g\",\"url\":\"https:\\\/\\\/secure.gravatar.com\\\/avatar\\\/e182ebfe597e409aafe3378f828607b2b757ed94a3489b20112818296e03b151?s=96&d=mm&r=g\",\"contentUrl\":\"https:\\\/\\\/secure.gravatar.com\\\/avatar\\\/e182ebfe597e409aafe3378f828607b2b757ed94a3489b20112818296e03b151?s=96&d=mm&r=g\",\"caption\":\"ThibaudUGES38\"},\"url\":\"https:\\\/\\\/www.uges-isere.fr\\\/index.php\\\/author\\\/thibauduges38\\\/\"}]}<\/script>\n<!-- \/ Yoast SEO plugin. -->","yoast_head_json":{"title":"Petit Train de La Mure : le groupe UGES exprime ses inqui\u00e9tudes sur la p\u00e9rennit\u00e9 du mod\u00e8le \u00e9conomique - D\u00e9partement de l&#039;Is\u00e8re","robots":{"index":"index","follow":"follow","max-snippet":"max-snippet:-1","max-image-preview":"max-image-preview:large","max-video-preview":"max-video-preview:-1"},"canonical":"https:\/\/www.uges-isere.fr\/index.php\/2023\/12\/13\/petit-train-de-la-mure-le-groupe-uges-exprime-ses-inquietudes-sur-la-perennite-du-modele-economique\/","og_locale":"fr_FR","og_type":"article","og_title":"Petit Train de La Mure : le groupe UGES exprime ses inqui\u00e9tudes sur la p\u00e9rennit\u00e9 du mod\u00e8le \u00e9conomique - D\u00e9partement de l&#039;Is\u00e8re","og_description":"A l\u2019occasion du chapitre budg\u00e9taire consacr\u00e9 \u00e0 l&rsquo;attractivit\u00e9 et au tourisme, Amandine Germain a souhait\u00e9 faire part des &hellip;","og_url":"https:\/\/www.uges-isere.fr\/index.php\/2023\/12\/13\/petit-train-de-la-mure-le-groupe-uges-exprime-ses-inquietudes-sur-la-perennite-du-modele-economique\/","og_site_name":"D\u00e9partement de l&#039;Is\u00e8re","article_publisher":"https:\/\/www.facebook.com\/LePrintemps38","article_published_time":"2023-12-13T09:45:09+00:00","article_modified_time":"2023-12-15T19:39:39+00:00","og_image":[{"width":2560,"height":1440,"url":"https:\/\/www.uges-isere.fr\/wp-content\/uploads\/2023\/12\/AdobeStock_486918563-scaled.jpeg","type":"image\/jpeg"}],"author":"ThibaudUGES38","twitter_card":"summary_large_image","twitter_creator":"@GroupeUGES38","twitter_site":"@GroupeUGES38","twitter_misc":{"\u00c9crit par":"ThibaudUGES38","Dur\u00e9e de lecture estim\u00e9e":"3 minutes"},"schema":{"@context":"https:\/\/schema.org","@graph":[{"@type":"Article","@id":"https:\/\/www.uges-isere.fr\/index.php\/2023\/12\/13\/petit-train-de-la-mure-le-groupe-uges-exprime-ses-inquietudes-sur-la-perennite-du-modele-economique\/#article","isPartOf":{"@id":"https:\/\/www.uges-isere.fr\/index.php\/2023\/12\/13\/petit-train-de-la-mure-le-groupe-uges-exprime-ses-inquietudes-sur-la-perennite-du-modele-economique\/"},"author":{"name":"ThibaudUGES38","@id":"https:\/\/www.uges-isere.fr\/#\/schema\/person\/a200926d67119314e8837b6a085de83a"},"headline":"Petit Train de La Mure : le groupe UGES exprime ses inqui\u00e9tudes sur la p\u00e9rennit\u00e9 du mod\u00e8le \u00e9conomique","datePublished":"2023-12-13T09:45:09+00:00","dateModified":"2023-12-15T19:39:39+00:00","mainEntityOfPage":{"@id":"https:\/\/www.uges-isere.fr\/index.php\/2023\/12\/13\/petit-train-de-la-mure-le-groupe-uges-exprime-ses-inquietudes-sur-la-perennite-du-modele-economique\/"},"wordCount":510,"commentCount":0,"publisher":{"@id":"https:\/\/www.uges-isere.fr\/#organization"},"image":{"@id":"https:\/\/www.uges-isere.fr\/index.php\/2023\/12\/13\/petit-train-de-la-mure-le-groupe-uges-exprime-ses-inquietudes-sur-la-perennite-du-modele-economique\/#primaryimage"},"thumbnailUrl":"https:\/\/www.uges-isere.fr\/wp-content\/uploads\/2023\/12\/AdobeStock_486918563-scaled.jpeg","keywords":["Attractivit\u00e9","La Mure","Matheysine","Petit Train de La Mure","STLM","Tourisme"],"articleSection":["Agriculture, tourisme, montagne","S\u00e9ance publique (Budget primitif 2024) - D\u00e9cembre 2023"],"inLanguage":"fr-FR","potentialAction":[{"@type":"CommentAction","name":"Comment","target":["https:\/\/www.uges-isere.fr\/index.php\/2023\/12\/13\/petit-train-de-la-mure-le-groupe-uges-exprime-ses-inquietudes-sur-la-perennite-du-modele-economique\/#respond"]}]},{"@type":"WebPage","@id":"https:\/\/www.uges-isere.fr\/index.php\/2023\/12\/13\/petit-train-de-la-mure-le-groupe-uges-exprime-ses-inquietudes-sur-la-perennite-du-modele-economique\/","url":"https:\/\/www.uges-isere.fr\/index.php\/2023\/12\/13\/petit-train-de-la-mure-le-groupe-uges-exprime-ses-inquietudes-sur-la-perennite-du-modele-economique\/","name":"Petit Train de La Mure : le groupe UGES exprime ses inqui\u00e9tudes sur la p\u00e9rennit\u00e9 du mod\u00e8le \u00e9conomique - D\u00e9partement de l&#039;Is\u00e8re","isPartOf":{"@id":"https:\/\/www.uges-isere.fr\/#website"},"primaryImageOfPage":{"@id":"https:\/\/www.uges-isere.fr\/index.php\/2023\/12\/13\/petit-train-de-la-mure-le-groupe-uges-exprime-ses-inquietudes-sur-la-perennite-du-modele-economique\/#primaryimage"},"image":{"@id":"https:\/\/www.uges-isere.fr\/index.php\/2023\/12\/13\/petit-train-de-la-mure-le-groupe-uges-exprime-ses-inquietudes-sur-la-perennite-du-modele-economique\/#primaryimage"},"thumbnailUrl":"https:\/\/www.uges-isere.fr\/wp-content\/uploads\/2023\/12\/AdobeStock_486918563-scaled.jpeg","datePublished":"2023-12-13T09:45:09+00:00","dateModified":"2023-12-15T19:39:39+00:00","breadcrumb":{"@id":"https:\/\/www.uges-isere.fr\/index.php\/2023\/12\/13\/petit-train-de-la-mure-le-groupe-uges-exprime-ses-inquietudes-sur-la-perennite-du-modele-economique\/#breadcrumb"},"inLanguage":"fr-FR","potentialAction":[{"@type":"ReadAction","target":["https:\/\/www.uges-isere.fr\/index.php\/2023\/12\/13\/petit-train-de-la-mure-le-groupe-uges-exprime-ses-inquietudes-sur-la-perennite-du-modele-economique\/"]}]},{"@type":"ImageObject","inLanguage":"fr-FR","@id":"https:\/\/www.uges-isere.fr\/index.php\/2023\/12\/13\/petit-train-de-la-mure-le-groupe-uges-exprime-ses-inquietudes-sur-la-perennite-du-modele-economique\/#primaryimage","url":"https:\/\/www.uges-isere.fr\/wp-content\/uploads\/2023\/12\/AdobeStock_486918563-scaled.jpeg","contentUrl":"https:\/\/www.uges-isere.fr\/wp-content\/uploads\/2023\/12\/AdobeStock_486918563-scaled.jpeg","width":2560,"height":1440},{"@type":"BreadcrumbList","@id":"https:\/\/www.uges-isere.fr\/index.php\/2023\/12\/13\/petit-train-de-la-mure-le-groupe-uges-exprime-ses-inquietudes-sur-la-perennite-du-modele-economique\/#breadcrumb","itemListElement":[{"@type":"ListItem","position":1,"name":"Accueil","item":"https:\/\/www.uges-isere.fr\/"},{"@type":"ListItem","position":2,"name":"Petit Train de La Mure : le groupe UGES exprime ses inqui\u00e9tudes sur la p\u00e9rennit\u00e9 du mod\u00e8le \u00e9conomique"}]},{"@type":"WebSite","@id":"https:\/\/www.uges-isere.fr\/#website","url":"https:\/\/www.uges-isere.fr\/","name":"D\u00e9partement de l&#039;Is\u00e8re","description":"Groupe d&#039;opposition UGES","publisher":{"@id":"https:\/\/www.uges-isere.fr\/#organization"},"potentialAction":[{"@type":"SearchAction","target":{"@type":"EntryPoint","urlTemplate":"https:\/\/www.uges-isere.fr\/?s={search_term_string}"},"query-input":{"@type":"PropertyValueSpecification","valueRequired":true,"valueName":"search_term_string"}}],"inLanguage":"fr-FR"},{"@type":"Organization","@id":"https:\/\/www.uges-isere.fr\/#organization","name":"D\u00e9partement de l'Is\u00e8re","url":"https:\/\/www.uges-isere.fr\/","logo":{"@type":"ImageObject","inLanguage":"fr-FR","@id":"https:\/\/www.uges-isere.fr\/#\/schema\/logo\/image\/","url":"https:\/\/www.uges-isere.fr\/wp-content\/uploads\/2021\/10\/logo-ok.png","contentUrl":"https:\/\/www.uges-isere.fr\/wp-content\/uploads\/2021\/10\/logo-ok.png","width":2859,"height":1816,"caption":"D\u00e9partement de l'Is\u00e8re"},"image":{"@id":"https:\/\/www.uges-isere.fr\/#\/schema\/logo\/image\/"},"sameAs":["https:\/\/www.facebook.com\/LePrintemps38","https:\/\/x.com\/GroupeUGES38"]},{"@type":"Person","@id":"https:\/\/www.uges-isere.fr\/#\/schema\/person\/a200926d67119314e8837b6a085de83a","name":"ThibaudUGES38","image":{"@type":"ImageObject","inLanguage":"fr-FR","@id":"https:\/\/secure.gravatar.com\/avatar\/e182ebfe597e409aafe3378f828607b2b757ed94a3489b20112818296e03b151?s=96&d=mm&r=g","url":"https:\/\/secure.gravatar.com\/avatar\/e182ebfe597e409aafe3378f828607b2b757ed94a3489b20112818296e03b151?s=96&d=mm&r=g","contentUrl":"https:\/\/secure.gravatar.com\/avatar\/e182ebfe597e409aafe3378f828607b2b757ed94a3489b20112818296e03b151?s=96&d=mm&r=g","caption":"ThibaudUGES38"},"url":"https:\/\/www.uges-isere.fr\/index.php\/author\/thibauduges38\/"}]}},"_links":{"self":[{"href":"https:\/\/www.uges-isere.fr\/index.php\/wp-json\/wp\/v2\/posts\/683886","targetHints":{"allow":["GET"]}}],"collection":[{"href":"https:\/\/www.uges-isere.fr\/index.php\/wp-json\/wp\/v2\/posts"}],"about":[{"href":"https:\/\/www.uges-isere.fr\/index.php\/wp-json\/wp\/v2\/types\/post"}],"author":[{"embeddable":true,"href":"https:\/\/www.uges-isere.fr\/index.php\/wp-json\/wp\/v2\/users\/8"}],"replies":[{"embeddable":true,"href":"https:\/\/www.uges-isere.fr\/index.php\/wp-json\/wp\/v2\/comments?post=683886"}],"version-history":[{"count":2,"href":"https:\/\/www.uges-isere.fr\/index.php\/wp-json\/wp\/v2\/posts\/683886\/revisions"}],"predecessor-version":[{"id":683936,"href":"https:\/\/www.uges-isere.fr\/index.php\/wp-json\/wp\/v2\/posts\/683886\/revisions\/683936"}],"wp:featuredmedia":[{"embeddable":true,"href":"https:\/\/www.uges-isere.fr\/index.php\/wp-json\/wp\/v2\/media\/683887"}],"wp:attachment":[{"href":"https:\/\/www.uges-isere.fr\/index.php\/wp-json\/wp\/v2\/media?parent=683886"}],"wp:term":[{"taxonomy":"category","embeddable":true,"href":"https:\/\/www.uges-isere.fr\/index.php\/wp-json\/wp\/v2\/categories?post=683886"},{"taxonomy":"post_tag","embeddable":true,"href":"https:\/\/www.uges-isere.fr\/index.php\/wp-json\/wp\/v2\/tags?post=683886"}],"curies":[{"name":"wp","href":"https:\/\/api.w.org\/{rel}","templated":true}]}}