{"id":683857,"date":"2023-12-11T00:08:49","date_gmt":"2023-12-10T23:08:49","guid":{"rendered":"https:\/\/www.uges-isere.fr\/?p=683857"},"modified":"2023-12-12T21:23:57","modified_gmt":"2023-12-12T20:23:57","slug":"insertion-et-non-recours-le-compte-ny-est-toujours-pas","status":"publish","type":"post","link":"https:\/\/www.uges-isere.fr\/index.php\/2023\/12\/11\/insertion-et-non-recours-le-compte-ny-est-toujours-pas\/","title":{"rendered":"Insertion et non recours: le compte n&rsquo;y est toujours pas"},"content":{"rendered":"\n<p>El\u00e9onore Kazazian-Balestas, conseill\u00e8re d\u00e9partementale du groupe UGES, est intervenu ce jeudi 7 d\u00e9cembre lors du<strong> d\u00e9bat budg\u00e9taire consacr\u00e9 aux politiques de solidarit\u00e9s et d&rsquo;insertion.&nbsp;&nbsp;<\/strong><\/p>\n\n\n\n<p>Avec l\u2019inflation, la flamb\u00e9e des prix et le contexte r\u00e9glementaire, les riches n\u2019ont jamais \u00e9t\u00e9 aussi riches, mais les pauvres sont de plus en plus pauvres. Les demandes d<strong>\u2019aide alimentaire<\/strong> ne cessent d&rsquo;augmenter et 1 Fran\u00e7ais sur 2 d\u00e9clare que son pouvoir d&rsquo;achat ne lui permet plus ou presque de r\u00e9pondre \u00e0 ses besoins essentiels. Les femmes, qui subissent une pr\u00e9carit\u00e9 professionnelle deux fois plus importante, <strong>et les jeunes, sont les premi\u00e8res victimes de cette pr\u00e9carit\u00e9. <\/strong>En effet, en France, un jeune sur 5 vie en dessous du seuil de pauvret\u00e9. En Is\u00e8re, le Secours catholique note que les m\u00e8res isol\u00e9es sont de plus en plus nombreuses et que le revenu m\u00e9dian des femmes accueillies a diminu\u00e9 de&nbsp; 7% en 1 an, atteignant le terrible chiffre de 538 \u20ac par mois. <\/p>\n\n\n\n<p>Ces nouvelles formes de pauvret\u00e9 nous oblige \u00e0 mieux, nous oblige \u00e0 plus et surtout nous oblige \u00e0 nous adapter. C&rsquo;est donc dans l&rsquo;attente du<strong> futur sch\u00e9ma global des solidarit\u00e9s <\/strong>que nous attendons du D\u00e9partement d\u2019\u00eatre force de propositions concr\u00e8tes en mati\u00e8re de solidarit\u00e9 avec les plus fragiles. Alors qu&rsquo;aujourd&rsquo;hui le Gouvernement stigmatise les plus pr\u00e9caires et les abandonnent, le D\u00e9partement se doit de jouer le r\u00f4le de bouclier pour prot\u00e9ger les plus d\u00e9munis. <strong>Le D\u00e9partement doit donc faire \u00e9voluer ses dispositifs d\u2019aide, pour r\u00e9pondre aux nouveaux besoins des is\u00e9roises et des is\u00e9rois.<\/strong><\/p>\n\n\n\n<p>En mati\u00e8re d\u2019insertion, l\u2019\u00e9valuation du <strong>Programme D\u00e9partemental d\u2019insertion vers l\u2019emploi (PDIE)<\/strong> a mis en exergue l\u2019importance d\u2019un accompagnement global, bien en amont de la recherche m\u00eame d\u2019emploi, et bien apr\u00e8s l\u2019obtention d\u2019un emploi. \u00catre solidaire, c&rsquo;est permettre \u00e0 tous d&rsquo;obtenir toutes les cl\u00e9s et comp\u00e9tences qui leur permettront de retrouver un emploi sur le long terme. Mais c&rsquo;est aussi <strong>s\u2019adapter aux besoins de chacun en travaillant sur tous les freins de retour \u00e0 l\u2019emploi <\/strong>en m\u00eame temps, qu\u2019ils soient sociaux ou m\u00e9dicaux par exemple. C\u2019est aussi continuer le suivi apr\u00e8s le retour \u00e0 l\u2019emploi.<\/p>\n\n\n\n<p>\u00catre solidaire c\u2019est aussi <strong>ouvrir le programme d\u2019insertion \u00e0 toutes les personnes \u00e9loign\u00e9es de l\u2019emploi<\/strong>, qu\u2019elles soient ou non b\u00e9n\u00e9ficiaires du Revenu de Solidarit\u00e9 Active (RSA), et quelque soit leur \u00e2ge, s\u00e9nior ou jeune. Les actions du Programme d\u2019insertion doivent \u00eatre coconstruites entre les diff\u00e9rents acteurs du parcours de retour vers l\u2019emploi et les appels \u00e0 projet doivent pouvoir \u00e9voluer en fonction du contexte. Le <strong>groupe UGES attend une insertion qui garantisse des parcours justes et respectueux des personnes<\/strong> et prennent en compte les obstacles r\u00e9els \u00e0 l&#8217;emploi pour mieux en lever les freins p\u00e9riph\u00e9riques tels que les probl\u00e9matiques de sant\u00e9, d\u2019illettrisme et d\u2019illectronisme, ou encore de mode de garde des enfants ou de mobilit\u00e9 par exemple.<\/p>\n\n\n\n<p>C\u2019est d\u2019ailleurs dans ce sens que<a href=\"https:\/\/www.uges-isere.fr\/index.php\/2023\/11\/17\/plf-2024-letat-doit-assurer-la-perennite-des-territoires-zero-chomeur-de-longue-duree\/\" target=\"_blank\" rel=\"noreferrer noopener\"> <strong>le groupe UGES a d\u00e9fendu le dispositif \u00ab Territoire Z\u00e9ro ch\u00f4meur Longue dur\u00e9e \u00bb<\/strong> <\/a>qui permet de lutter contre la privation d\u2019emploi pour des personnes qui en sont tr\u00e8s \u00e9loign\u00e9es. Et c\u2019est aussi en ce sens que nous souhaitons aujourd\u2019hui que le D\u00e9partement de l\u2019Is\u00e8re r\u00e9ponde pr\u00e9sent lors du prochain appel \u00e0 candidature dans l\u2019exp\u00e9rimentation<strong> \u00ab Territoire z\u00e9ro non recours \u00bb<\/strong> . Le non-recours participe \u00e0 l&rsquo;appauvrissement de la soci\u00e9t\u00e9. 1\/3 des personnes qui ont droit au RSA ne le demandent pas.<\/p>\n\n\n\n<p>L&rsquo;objectif de \u00ab Territoire 0 nous recours \u00bb est donc de d\u00e9velopper des d\u00e9marches cibl\u00e9es pour informer et accompagner les personnes sur leurs droits : RSA, prime d&rsquo;activit\u00e9, ch\u00e8que \u00e9nergie, APL et l&rsquo;acc\u00e8s au service public. D&rsquo;autres d\u00e9partements sont d\u00e9j\u00e0 engag\u00e9s, \u00e0 l&rsquo;image des Pyr\u00e9n\u00e9es- Atlantique, de la Meurthe-et-Moselle, de la Guadeloupe ou de la Gironde par exemple. <strong>Nous attendons donc du D\u00e9partement de l\u2019Is\u00e8re qu\u2019il rejoigne au plus vite l\u2019exp\u00e9rimentation qui r\u00e9pond parfaitement aux comp\u00e9tences du D\u00e9partement, chef de fil de la coh\u00e9sion sociale.<\/strong><\/p>\n","protected":false},"excerpt":{"rendered":"<p>El\u00e9onore Kazazian-Balestas, conseill\u00e8re d\u00e9partementale du groupe UGES, est intervenu ce jeudi 7 d\u00e9cembre lors du d\u00e9bat budg\u00e9taire consacr\u00e9 &hellip; <\/p>\n","protected":false},"author":8,"featured_media":683858,"comment_status":"open","ping_status":"open","sticky":false,"template":"","format":"standard","meta":{"footnotes":""},"categories":[9,155],"tags":[181,60,63,179,62,180],"class_list":["post-683857","post","type-post","status-publish","format-standard","has-post-thumbnail","hentry","category-action-sociale","category-seance-publique-budget-primitif-2024-decembre-2023","tag-cohesion-sociale","tag-insertion","tag-non-recours","tag-pdie","tag-rsa","tag-territoire-zero-chomeur"],"yoast_head":"<!-- This site is optimized with the Yoast SEO plugin v27.5 - https:\/\/yoast.com\/product\/yoast-seo-wordpress\/ -->\n<title>Insertion et non recours: le compte n&#039;y est toujours pas - D\u00e9partement de l&#039;Is\u00e8re<\/title>\n<meta name=\"robots\" content=\"index, follow, max-snippet:-1, max-image-preview:large, max-video-preview:-1\" \/>\n<link rel=\"canonical\" href=\"https:\/\/www.uges-isere.fr\/index.php\/2023\/12\/11\/insertion-et-non-recours-le-compte-ny-est-toujours-pas\/\" \/>\n<meta property=\"og:locale\" content=\"fr_FR\" \/>\n<meta property=\"og:type\" content=\"article\" \/>\n<meta property=\"og:title\" content=\"Insertion et non recours: le compte n&#039;y est toujours pas - D\u00e9partement de l&#039;Is\u00e8re\" \/>\n<meta property=\"og:description\" content=\"El\u00e9onore Kazazian-Balestas, conseill\u00e8re d\u00e9partementale du groupe UGES, est intervenu ce jeudi 7 d\u00e9cembre lors du d\u00e9bat budg\u00e9taire consacr\u00e9 &hellip;\" \/>\n<meta property=\"og:url\" content=\"https:\/\/www.uges-isere.fr\/index.php\/2023\/12\/11\/insertion-et-non-recours-le-compte-ny-est-toujours-pas\/\" \/>\n<meta property=\"og:site_name\" content=\"D\u00e9partement de l&#039;Is\u00e8re\" \/>\n<meta property=\"article:publisher\" content=\"https:\/\/www.facebook.com\/LePrintemps38\" \/>\n<meta property=\"article:published_time\" content=\"2023-12-10T23:08:49+00:00\" \/>\n<meta property=\"article:modified_time\" content=\"2023-12-12T20:23:57+00:00\" \/>\n<meta property=\"og:image\" content=\"https:\/\/www.uges-isere.fr\/wp-content\/uploads\/2023\/12\/hand-523231_1280.jpg\" \/>\n\t<meta property=\"og:image:width\" content=\"1280\" \/>\n\t<meta property=\"og:image:height\" content=\"702\" \/>\n\t<meta property=\"og:image:type\" content=\"image\/jpeg\" \/>\n<meta name=\"author\" content=\"ThibaudUGES38\" \/>\n<meta name=\"twitter:card\" content=\"summary_large_image\" \/>\n<meta name=\"twitter:creator\" content=\"@GroupeUGES38\" \/>\n<meta name=\"twitter:site\" content=\"@GroupeUGES38\" \/>\n<meta name=\"twitter:label1\" content=\"\u00c9crit par\" \/>\n\t<meta name=\"twitter:data1\" content=\"ThibaudUGES38\" \/>\n\t<meta name=\"twitter:label2\" content=\"Dur\u00e9e de lecture estim\u00e9e\" \/>\n\t<meta name=\"twitter:data2\" content=\"4 minutes\" \/>\n<script type=\"application\/ld+json\" class=\"yoast-schema-graph\">{\"@context\":\"https:\\\/\\\/schema.org\",\"@graph\":[{\"@type\":\"Article\",\"@id\":\"https:\\\/\\\/www.uges-isere.fr\\\/index.php\\\/2023\\\/12\\\/11\\\/insertion-et-non-recours-le-compte-ny-est-toujours-pas\\\/#article\",\"isPartOf\":{\"@id\":\"https:\\\/\\\/www.uges-isere.fr\\\/index.php\\\/2023\\\/12\\\/11\\\/insertion-et-non-recours-le-compte-ny-est-toujours-pas\\\/\"},\"author\":{\"name\":\"ThibaudUGES38\",\"@id\":\"https:\\\/\\\/www.uges-isere.fr\\\/#\\\/schema\\\/person\\\/a200926d67119314e8837b6a085de83a\"},\"headline\":\"Insertion et non recours: le compte n&rsquo;y est toujours pas\",\"datePublished\":\"2023-12-10T23:08:49+00:00\",\"dateModified\":\"2023-12-12T20:23:57+00:00\",\"mainEntityOfPage\":{\"@id\":\"https:\\\/\\\/www.uges-isere.fr\\\/index.php\\\/2023\\\/12\\\/11\\\/insertion-et-non-recours-le-compte-ny-est-toujours-pas\\\/\"},\"wordCount\":732,\"commentCount\":0,\"publisher\":{\"@id\":\"https:\\\/\\\/www.uges-isere.fr\\\/#organization\"},\"image\":{\"@id\":\"https:\\\/\\\/www.uges-isere.fr\\\/index.php\\\/2023\\\/12\\\/11\\\/insertion-et-non-recours-le-compte-ny-est-toujours-pas\\\/#primaryimage\"},\"thumbnailUrl\":\"https:\\\/\\\/www.uges-isere.fr\\\/wp-content\\\/uploads\\\/2023\\\/12\\\/hand-523231_1280.jpg\",\"keywords\":[\"coh\u00e9sion sociale\",\"insertion\",\"non-recours\",\"PDIE\",\"RSA\",\"Territoire Z\u00e9ro Chomeur\"],\"articleSection\":[\"Action sociale\",\"S\u00e9ance publique (Budget primitif 2024) - D\u00e9cembre 2023\"],\"inLanguage\":\"fr-FR\",\"potentialAction\":[{\"@type\":\"CommentAction\",\"name\":\"Comment\",\"target\":[\"https:\\\/\\\/www.uges-isere.fr\\\/index.php\\\/2023\\\/12\\\/11\\\/insertion-et-non-recours-le-compte-ny-est-toujours-pas\\\/#respond\"]}]},{\"@type\":\"WebPage\",\"@id\":\"https:\\\/\\\/www.uges-isere.fr\\\/index.php\\\/2023\\\/12\\\/11\\\/insertion-et-non-recours-le-compte-ny-est-toujours-pas\\\/\",\"url\":\"https:\\\/\\\/www.uges-isere.fr\\\/index.php\\\/2023\\\/12\\\/11\\\/insertion-et-non-recours-le-compte-ny-est-toujours-pas\\\/\",\"name\":\"Insertion et non recours: le compte n'y est toujours pas - D\u00e9partement de l&#039;Is\u00e8re\",\"isPartOf\":{\"@id\":\"https:\\\/\\\/www.uges-isere.fr\\\/#website\"},\"primaryImageOfPage\":{\"@id\":\"https:\\\/\\\/www.uges-isere.fr\\\/index.php\\\/2023\\\/12\\\/11\\\/insertion-et-non-recours-le-compte-ny-est-toujours-pas\\\/#primaryimage\"},\"image\":{\"@id\":\"https:\\\/\\\/www.uges-isere.fr\\\/index.php\\\/2023\\\/12\\\/11\\\/insertion-et-non-recours-le-compte-ny-est-toujours-pas\\\/#primaryimage\"},\"thumbnailUrl\":\"https:\\\/\\\/www.uges-isere.fr\\\/wp-content\\\/uploads\\\/2023\\\/12\\\/hand-523231_1280.jpg\",\"datePublished\":\"2023-12-10T23:08:49+00:00\",\"dateModified\":\"2023-12-12T20:23:57+00:00\",\"breadcrumb\":{\"@id\":\"https:\\\/\\\/www.uges-isere.fr\\\/index.php\\\/2023\\\/12\\\/11\\\/insertion-et-non-recours-le-compte-ny-est-toujours-pas\\\/#breadcrumb\"},\"inLanguage\":\"fr-FR\",\"potentialAction\":[{\"@type\":\"ReadAction\",\"target\":[\"https:\\\/\\\/www.uges-isere.fr\\\/index.php\\\/2023\\\/12\\\/11\\\/insertion-et-non-recours-le-compte-ny-est-toujours-pas\\\/\"]}]},{\"@type\":\"ImageObject\",\"inLanguage\":\"fr-FR\",\"@id\":\"https:\\\/\\\/www.uges-isere.fr\\\/index.php\\\/2023\\\/12\\\/11\\\/insertion-et-non-recours-le-compte-ny-est-toujours-pas\\\/#primaryimage\",\"url\":\"https:\\\/\\\/www.uges-isere.fr\\\/wp-content\\\/uploads\\\/2023\\\/12\\\/hand-523231_1280.jpg\",\"contentUrl\":\"https:\\\/\\\/www.uges-isere.fr\\\/wp-content\\\/uploads\\\/2023\\\/12\\\/hand-523231_1280.jpg\",\"width\":1280,\"height\":702},{\"@type\":\"BreadcrumbList\",\"@id\":\"https:\\\/\\\/www.uges-isere.fr\\\/index.php\\\/2023\\\/12\\\/11\\\/insertion-et-non-recours-le-compte-ny-est-toujours-pas\\\/#breadcrumb\",\"itemListElement\":[{\"@type\":\"ListItem\",\"position\":1,\"name\":\"Accueil\",\"item\":\"https:\\\/\\\/www.uges-isere.fr\\\/\"},{\"@type\":\"ListItem\",\"position\":2,\"name\":\"Insertion et non recours: le compte n&rsquo;y est toujours pas\"}]},{\"@type\":\"WebSite\",\"@id\":\"https:\\\/\\\/www.uges-isere.fr\\\/#website\",\"url\":\"https:\\\/\\\/www.uges-isere.fr\\\/\",\"name\":\"D\u00e9partement de l&#039;Is\u00e8re\",\"description\":\"Groupe d&#039;opposition UGES\",\"publisher\":{\"@id\":\"https:\\\/\\\/www.uges-isere.fr\\\/#organization\"},\"potentialAction\":[{\"@type\":\"SearchAction\",\"target\":{\"@type\":\"EntryPoint\",\"urlTemplate\":\"https:\\\/\\\/www.uges-isere.fr\\\/?s={search_term_string}\"},\"query-input\":{\"@type\":\"PropertyValueSpecification\",\"valueRequired\":true,\"valueName\":\"search_term_string\"}}],\"inLanguage\":\"fr-FR\"},{\"@type\":\"Organization\",\"@id\":\"https:\\\/\\\/www.uges-isere.fr\\\/#organization\",\"name\":\"D\u00e9partement de l'Is\u00e8re\",\"url\":\"https:\\\/\\\/www.uges-isere.fr\\\/\",\"logo\":{\"@type\":\"ImageObject\",\"inLanguage\":\"fr-FR\",\"@id\":\"https:\\\/\\\/www.uges-isere.fr\\\/#\\\/schema\\\/logo\\\/image\\\/\",\"url\":\"https:\\\/\\\/www.uges-isere.fr\\\/wp-content\\\/uploads\\\/2021\\\/10\\\/logo-ok.png\",\"contentUrl\":\"https:\\\/\\\/www.uges-isere.fr\\\/wp-content\\\/uploads\\\/2021\\\/10\\\/logo-ok.png\",\"width\":2859,\"height\":1816,\"caption\":\"D\u00e9partement de l'Is\u00e8re\"},\"image\":{\"@id\":\"https:\\\/\\\/www.uges-isere.fr\\\/#\\\/schema\\\/logo\\\/image\\\/\"},\"sameAs\":[\"https:\\\/\\\/www.facebook.com\\\/LePrintemps38\",\"https:\\\/\\\/x.com\\\/GroupeUGES38\"]},{\"@type\":\"Person\",\"@id\":\"https:\\\/\\\/www.uges-isere.fr\\\/#\\\/schema\\\/person\\\/a200926d67119314e8837b6a085de83a\",\"name\":\"ThibaudUGES38\",\"image\":{\"@type\":\"ImageObject\",\"inLanguage\":\"fr-FR\",\"@id\":\"https:\\\/\\\/secure.gravatar.com\\\/avatar\\\/e182ebfe597e409aafe3378f828607b2b757ed94a3489b20112818296e03b151?s=96&d=mm&r=g\",\"url\":\"https:\\\/\\\/secure.gravatar.com\\\/avatar\\\/e182ebfe597e409aafe3378f828607b2b757ed94a3489b20112818296e03b151?s=96&d=mm&r=g\",\"contentUrl\":\"https:\\\/\\\/secure.gravatar.com\\\/avatar\\\/e182ebfe597e409aafe3378f828607b2b757ed94a3489b20112818296e03b151?s=96&d=mm&r=g\",\"caption\":\"ThibaudUGES38\"},\"url\":\"https:\\\/\\\/www.uges-isere.fr\\\/index.php\\\/author\\\/thibauduges38\\\/\"}]}<\/script>\n<!-- \/ Yoast SEO plugin. -->","yoast_head_json":{"title":"Insertion et non recours: le compte n'y est toujours pas - D\u00e9partement de l&#039;Is\u00e8re","robots":{"index":"index","follow":"follow","max-snippet":"max-snippet:-1","max-image-preview":"max-image-preview:large","max-video-preview":"max-video-preview:-1"},"canonical":"https:\/\/www.uges-isere.fr\/index.php\/2023\/12\/11\/insertion-et-non-recours-le-compte-ny-est-toujours-pas\/","og_locale":"fr_FR","og_type":"article","og_title":"Insertion et non recours: le compte n'y est toujours pas - D\u00e9partement de l&#039;Is\u00e8re","og_description":"El\u00e9onore Kazazian-Balestas, conseill\u00e8re d\u00e9partementale du groupe UGES, est intervenu ce jeudi 7 d\u00e9cembre lors du d\u00e9bat budg\u00e9taire consacr\u00e9 &hellip;","og_url":"https:\/\/www.uges-isere.fr\/index.php\/2023\/12\/11\/insertion-et-non-recours-le-compte-ny-est-toujours-pas\/","og_site_name":"D\u00e9partement de l&#039;Is\u00e8re","article_publisher":"https:\/\/www.facebook.com\/LePrintemps38","article_published_time":"2023-12-10T23:08:49+00:00","article_modified_time":"2023-12-12T20:23:57+00:00","og_image":[{"width":1280,"height":702,"url":"https:\/\/www.uges-isere.fr\/wp-content\/uploads\/2023\/12\/hand-523231_1280.jpg","type":"image\/jpeg"}],"author":"ThibaudUGES38","twitter_card":"summary_large_image","twitter_creator":"@GroupeUGES38","twitter_site":"@GroupeUGES38","twitter_misc":{"\u00c9crit par":"ThibaudUGES38","Dur\u00e9e de lecture estim\u00e9e":"4 minutes"},"schema":{"@context":"https:\/\/schema.org","@graph":[{"@type":"Article","@id":"https:\/\/www.uges-isere.fr\/index.php\/2023\/12\/11\/insertion-et-non-recours-le-compte-ny-est-toujours-pas\/#article","isPartOf":{"@id":"https:\/\/www.uges-isere.fr\/index.php\/2023\/12\/11\/insertion-et-non-recours-le-compte-ny-est-toujours-pas\/"},"author":{"name":"ThibaudUGES38","@id":"https:\/\/www.uges-isere.fr\/#\/schema\/person\/a200926d67119314e8837b6a085de83a"},"headline":"Insertion et non recours: le compte n&rsquo;y est toujours pas","datePublished":"2023-12-10T23:08:49+00:00","dateModified":"2023-12-12T20:23:57+00:00","mainEntityOfPage":{"@id":"https:\/\/www.uges-isere.fr\/index.php\/2023\/12\/11\/insertion-et-non-recours-le-compte-ny-est-toujours-pas\/"},"wordCount":732,"commentCount":0,"publisher":{"@id":"https:\/\/www.uges-isere.fr\/#organization"},"image":{"@id":"https:\/\/www.uges-isere.fr\/index.php\/2023\/12\/11\/insertion-et-non-recours-le-compte-ny-est-toujours-pas\/#primaryimage"},"thumbnailUrl":"https:\/\/www.uges-isere.fr\/wp-content\/uploads\/2023\/12\/hand-523231_1280.jpg","keywords":["coh\u00e9sion sociale","insertion","non-recours","PDIE","RSA","Territoire Z\u00e9ro Chomeur"],"articleSection":["Action sociale","S\u00e9ance publique (Budget primitif 2024) - D\u00e9cembre 2023"],"inLanguage":"fr-FR","potentialAction":[{"@type":"CommentAction","name":"Comment","target":["https:\/\/www.uges-isere.fr\/index.php\/2023\/12\/11\/insertion-et-non-recours-le-compte-ny-est-toujours-pas\/#respond"]}]},{"@type":"WebPage","@id":"https:\/\/www.uges-isere.fr\/index.php\/2023\/12\/11\/insertion-et-non-recours-le-compte-ny-est-toujours-pas\/","url":"https:\/\/www.uges-isere.fr\/index.php\/2023\/12\/11\/insertion-et-non-recours-le-compte-ny-est-toujours-pas\/","name":"Insertion et non recours: le compte n'y est toujours pas - D\u00e9partement de l&#039;Is\u00e8re","isPartOf":{"@id":"https:\/\/www.uges-isere.fr\/#website"},"primaryImageOfPage":{"@id":"https:\/\/www.uges-isere.fr\/index.php\/2023\/12\/11\/insertion-et-non-recours-le-compte-ny-est-toujours-pas\/#primaryimage"},"image":{"@id":"https:\/\/www.uges-isere.fr\/index.php\/2023\/12\/11\/insertion-et-non-recours-le-compte-ny-est-toujours-pas\/#primaryimage"},"thumbnailUrl":"https:\/\/www.uges-isere.fr\/wp-content\/uploads\/2023\/12\/hand-523231_1280.jpg","datePublished":"2023-12-10T23:08:49+00:00","dateModified":"2023-12-12T20:23:57+00:00","breadcrumb":{"@id":"https:\/\/www.uges-isere.fr\/index.php\/2023\/12\/11\/insertion-et-non-recours-le-compte-ny-est-toujours-pas\/#breadcrumb"},"inLanguage":"fr-FR","potentialAction":[{"@type":"ReadAction","target":["https:\/\/www.uges-isere.fr\/index.php\/2023\/12\/11\/insertion-et-non-recours-le-compte-ny-est-toujours-pas\/"]}]},{"@type":"ImageObject","inLanguage":"fr-FR","@id":"https:\/\/www.uges-isere.fr\/index.php\/2023\/12\/11\/insertion-et-non-recours-le-compte-ny-est-toujours-pas\/#primaryimage","url":"https:\/\/www.uges-isere.fr\/wp-content\/uploads\/2023\/12\/hand-523231_1280.jpg","contentUrl":"https:\/\/www.uges-isere.fr\/wp-content\/uploads\/2023\/12\/hand-523231_1280.jpg","width":1280,"height":702},{"@type":"BreadcrumbList","@id":"https:\/\/www.uges-isere.fr\/index.php\/2023\/12\/11\/insertion-et-non-recours-le-compte-ny-est-toujours-pas\/#breadcrumb","itemListElement":[{"@type":"ListItem","position":1,"name":"Accueil","item":"https:\/\/www.uges-isere.fr\/"},{"@type":"ListItem","position":2,"name":"Insertion et non recours: le compte n&rsquo;y est toujours pas"}]},{"@type":"WebSite","@id":"https:\/\/www.uges-isere.fr\/#website","url":"https:\/\/www.uges-isere.fr\/","name":"D\u00e9partement de l&#039;Is\u00e8re","description":"Groupe d&#039;opposition UGES","publisher":{"@id":"https:\/\/www.uges-isere.fr\/#organization"},"potentialAction":[{"@type":"SearchAction","target":{"@type":"EntryPoint","urlTemplate":"https:\/\/www.uges-isere.fr\/?s={search_term_string}"},"query-input":{"@type":"PropertyValueSpecification","valueRequired":true,"valueName":"search_term_string"}}],"inLanguage":"fr-FR"},{"@type":"Organization","@id":"https:\/\/www.uges-isere.fr\/#organization","name":"D\u00e9partement de l'Is\u00e8re","url":"https:\/\/www.uges-isere.fr\/","logo":{"@type":"ImageObject","inLanguage":"fr-FR","@id":"https:\/\/www.uges-isere.fr\/#\/schema\/logo\/image\/","url":"https:\/\/www.uges-isere.fr\/wp-content\/uploads\/2021\/10\/logo-ok.png","contentUrl":"https:\/\/www.uges-isere.fr\/wp-content\/uploads\/2021\/10\/logo-ok.png","width":2859,"height":1816,"caption":"D\u00e9partement de l'Is\u00e8re"},"image":{"@id":"https:\/\/www.uges-isere.fr\/#\/schema\/logo\/image\/"},"sameAs":["https:\/\/www.facebook.com\/LePrintemps38","https:\/\/x.com\/GroupeUGES38"]},{"@type":"Person","@id":"https:\/\/www.uges-isere.fr\/#\/schema\/person\/a200926d67119314e8837b6a085de83a","name":"ThibaudUGES38","image":{"@type":"ImageObject","inLanguage":"fr-FR","@id":"https:\/\/secure.gravatar.com\/avatar\/e182ebfe597e409aafe3378f828607b2b757ed94a3489b20112818296e03b151?s=96&d=mm&r=g","url":"https:\/\/secure.gravatar.com\/avatar\/e182ebfe597e409aafe3378f828607b2b757ed94a3489b20112818296e03b151?s=96&d=mm&r=g","contentUrl":"https:\/\/secure.gravatar.com\/avatar\/e182ebfe597e409aafe3378f828607b2b757ed94a3489b20112818296e03b151?s=96&d=mm&r=g","caption":"ThibaudUGES38"},"url":"https:\/\/www.uges-isere.fr\/index.php\/author\/thibauduges38\/"}]}},"_links":{"self":[{"href":"https:\/\/www.uges-isere.fr\/index.php\/wp-json\/wp\/v2\/posts\/683857","targetHints":{"allow":["GET"]}}],"collection":[{"href":"https:\/\/www.uges-isere.fr\/index.php\/wp-json\/wp\/v2\/posts"}],"about":[{"href":"https:\/\/www.uges-isere.fr\/index.php\/wp-json\/wp\/v2\/types\/post"}],"author":[{"embeddable":true,"href":"https:\/\/www.uges-isere.fr\/index.php\/wp-json\/wp\/v2\/users\/8"}],"replies":[{"embeddable":true,"href":"https:\/\/www.uges-isere.fr\/index.php\/wp-json\/wp\/v2\/comments?post=683857"}],"version-history":[{"count":2,"href":"https:\/\/www.uges-isere.fr\/index.php\/wp-json\/wp\/v2\/posts\/683857\/revisions"}],"predecessor-version":[{"id":683879,"href":"https:\/\/www.uges-isere.fr\/index.php\/wp-json\/wp\/v2\/posts\/683857\/revisions\/683879"}],"wp:featuredmedia":[{"embeddable":true,"href":"https:\/\/www.uges-isere.fr\/index.php\/wp-json\/wp\/v2\/media\/683858"}],"wp:attachment":[{"href":"https:\/\/www.uges-isere.fr\/index.php\/wp-json\/wp\/v2\/media?parent=683857"}],"wp:term":[{"taxonomy":"category","embeddable":true,"href":"https:\/\/www.uges-isere.fr\/index.php\/wp-json\/wp\/v2\/categories?post=683857"},{"taxonomy":"post_tag","embeddable":true,"href":"https:\/\/www.uges-isere.fr\/index.php\/wp-json\/wp\/v2\/tags?post=683857"}],"curies":[{"name":"wp","href":"https:\/\/api.w.org\/{rel}","templated":true}]}}