{"id":683841,"date":"2023-11-22T15:28:57","date_gmt":"2023-11-22T14:28:57","guid":{"rendered":"https:\/\/www.uges-isere.fr\/?p=683841"},"modified":"2023-12-12T21:26:17","modified_gmt":"2023-12-12T20:26:17","slug":"debat-dorientation-budgetaire-prevenir-avant-de-guerir","status":"publish","type":"post","link":"https:\/\/www.uges-isere.fr\/index.php\/2023\/11\/22\/debat-dorientation-budgetaire-prevenir-avant-de-guerir\/","title":{"rendered":"Pr\u00e9venir avant de gu\u00e9rir"},"content":{"rendered":"\n<p><strong>Amandine Germain est intervenue au nom du groupe UGES sur le rapport d&rsquo;orientation budg\u00e9taire pour l&rsquo;ann\u00e9e 2024 pr\u00e9sent\u00e9 par la majorit\u00e9 d\u00e9partementale.<\/strong><\/p>\n\n\n\n<p>A l\u2019heure o\u00f9 le Gouvernement annonce un nouvel acte de la d\u00e9centralisation, rappelons collectivement \u00e0 l\u2019occasion de ce d\u00e9bat d\u2019orientations budg\u00e9taires, le r\u00f4le majeur des d\u00e9partements. Si l\u2019Etat lorgne souvent sur les recettes des d\u00e9partements, qu\u2019il n\u2019en oublie pas les d\u00e9penses qu\u2019ils assument, parfois seuls.<\/p>\n\n\n\n<p>Dans un contexte o\u00f9 notre pacte r\u00e9publicain est fragilis\u00e9, par un regain de tensions li\u00e9es \u00e0 la situation internationale mais aussi par une d\u00e9gradation sociale continue depuis de nombreuses ann\u00e9es,<strong> les d\u00e9partements contribuent \u00e0 garantir l\u2019unit\u00e9 d\u2019un corps social plus que jamais \u00e0 la port\u00e9e de tous les d\u00e9chirements.<\/strong><\/p>\n\n\n\n<p>Malgr\u00e9 une autonomie fiscale devenue quasi-nulle suite aux diff\u00e9rentes r\u00e9formes, et dans un contexte d\u2019inflation soudaine et galopante, <strong>les d\u00e9partements doivent amortir les chocs li\u00e9s \u00e0 l\u2019augmentation de la pr\u00e9carit\u00e9, au vieillissement de la population (cf. d\u00e9bat pr\u00e9c\u00e9dent), au nombre croissant d\u2019enfants \u00e0 prot\u00e9ger, sans oublier de prendre en compte le d\u00e9r\u00e8glement climatique dont nous sommes toutes et tous comptables<\/strong>.<\/p>\n\n\n\n<p>Depuis la crise du Covid, le taux de pauvret\u00e9 a augment\u00e9 et les in\u00e9galit\u00e9s se sont creus\u00e9es. Ces 25 derni\u00e8res ann\u00e9es, jamais autant de personnes r\u00e9sidant en logement ordinaire n\u2019avaient v\u00e9cu sous le seuil de pauvret\u00e9 (chiffres INSEE parus cette semaine). Les femmes sont les premi\u00e8res touch\u00e9es par la pauvret\u00e9 en particulier les m\u00e8res isol\u00e9es, ainsi que les jeunes. C\u2019est d\u2019ailleurs ce que note la Banque alimentaire de l\u2019Is\u00e8re (<a href=\"https:\/\/www.uges-isere.fr\/index.php\/2023\/11\/22\/banque-alimentaire-de-lisere-un-soutien-departemental-bienvenu\/\" target=\"_blank\" rel=\"noreferrer noopener\">cf. pr\u00e9c\u00e9dente d\u00e9lib\u00e9ration<\/a>) qui t\u00e9moigne d\u2019une augmentation de 30% de ses b\u00e9n\u00e9ficiaires entre 2019 et 2022.&nbsp; Elle note comme de nombreuses associations d\u2019aide alimentaire que les femmes seules avec enfants, les travailleurs pauvres, les retrait\u00e9s au minimum vieillesse ou encore les jeunes ne s\u2019en sortent pas.<\/p>\n\n\n\n<p>F<strong>orce est de constater que \u00ab les nouvelles formes de pauvret\u00e9 \u00bb que nous constations par le pass\u00e9, ce sont durablement install\u00e9es dans notre pays<\/strong> : cette situation doit nous inviter \u00e0 agir avec imagination, \u00e0 exp\u00e9rimenter, \u00e0 innover pour r\u00e9pondre \u00e0 des besoins mal pris en compte jusque -l\u00e0. Il en est de m\u00eame avec la crise d\u00e9mographique d\u00e9sormais bien amorc\u00e9e avec le vieillissement de la population qui appelle \u00e0 des r\u00e9ponses nouvelles, alors que l\u2019Etat peine \u00e0 engager une r\u00e9forme structurelle (<a href=\"https:\/\/www.uges-isere.fr\/index.php\/2023\/11\/22\/il-est-urgent-de-repenser-le-financement-des-etablissements-personnes-agees-handicapees\/\" target=\"_blank\" rel=\"noreferrer noopener\">cf. d\u00e9bat Ehpad<\/a>).<\/p>\n\n\n\n<p>Pour r\u00e9pondre \u00e0 ces d\u00e9fis, attendre le<a href=\"https:\/\/www.uges-isere.fr\/index.php\/2023\/11\/22\/schema-global-des-solidarites-ce-quattendent-les-elu-es-uges\/\" target=\"_blank\" rel=\"noreferrer noopener\"> sch\u00e9ma global des solidarit\u00e9s<\/a> cit\u00e9 longuement dans ce rapport semble bien lointain\u2026<strong> La majorit\u00e9 d\u00e9partementale \u00e9voque aussi une approche des politiques de solidarit\u00e9 en termes d\u2019 \u00ab investissement social \u00bb pour \u00ab minimiser les risques sociaux \u00bb\u2026 La n\u00e9cessit\u00e9 de \u00ab pr\u00e9venir plut\u00f4t que gu\u00e9rir \u00bb en somme !<\/strong><\/p>\n\n\n\n<p>Ce n\u2019est pas un concept nouveau, c\u2019est le moins que l\u2019on puisse dire. <strong>Aura-t-il fallu attendre 8 ans pour que la majorit\u00e9 soit enfin convaincue qu\u2019il vaut toujours mieux pr\u00e9venir plut\u00f4t que r\u00e9parer ? <\/strong>D\u2019ailleurs, en est-elle pleinement convaincue ? Cette approche c\u2019est celle que la Gauche et les Ecologistes portent depuis toujours. L\u2019humain d\u2019abord en somme ! Nous sommes visc\u00e9ralement convaincus que c\u2019est la seule voie pour garantir l\u2019unit\u00e9 du corps social et faire vivre en acte les valeurs r\u00e9publicaines. \u00ab La pr\u00e9vention des exclusions \u00bb, \u00ab l\u2019action anticip\u00e9e \u00bb, \u00ab l\u2019accompagnement pr\u00e9coce des publics \u00bb, \u00ab la consid\u00e9ration des personnes dans leur globalit\u00e9 \u00bb, \u00ab l\u2019acc\u00e8s aux droits \u00bb, \u00ab l\u2019\u00e9galit\u00e9 des chances \u00bb \u2026 tous ces concepts que la Droite d\u00e9partementale cite, nous les prenons au mot, nous prenons la majorit\u00e9 d\u00e9partementale au mot, et <strong>nous attendons donc du budget 2024 qu\u2019il soit \u00e0 la hauteur du rendez-vous et propose un investissement social massif dans la pr\u00e9vention<\/strong>.&nbsp; Le groupe UGES fera des propositions concr\u00e8tes en ce sens lors du vote du budget.<\/p>\n\n\n\n<p>Des d\u00e9partements, de notre d\u00e9partement, nous attendons aussi qu\u2019il soit force de propositions pour accompagner les territoires dans la transition \u00e9cologique aux c\u00f4t\u00e9s de l\u2019Etat, des autres collectivit\u00e9s.<\/p>\n\n\n\n<p>D\u00e9sormais,<strong> les effets du d\u00e9r\u00e8glement climatique s\u2019imposent \u00e0 nous avec violence, dans tous les territoires <\/strong>: feux de for\u00eat, s\u00e9cheresses et canicule, puis gr\u00eale ou inondations brutales ces derniers jours dont le Pas de Calais a fait les frais\u2026 notre d\u00e9partement n\u2019est pas \u00e9pargn\u00e9. Le mercredi 15 novembre, l\u2019Is\u00e8re enregistrait sa 2\u00e8me plus grande crue depuis le d\u00e9but du si\u00e8cle tandis que la Romanche d\u00e9bordait. Ces ph\u00e9nom\u00e8nes climatiques impactent tous nos territoires.<\/p>\n\n\n\n<ul class=\"wp-block-list\">\n<li>Nos<strong> territoires ruraux<\/strong>, o\u00f9 les agriculteurs doivent faire face \u00e0 des \u00e9v\u00e8nements m\u00e9t\u00e9orologiques extr\u00eames, qui r\u00e9duisent le rendement des cultures mettant ainsi en p\u00e9ril la viabilit\u00e9 de notre syst\u00e8me agricole et notre souverainet\u00e9 alimentaire (en t\u00e9moigne encore il y a quelques semaines l\u2019appel \u00e0 l\u2019aide des producteurs de noix).<\/li>\n\n\n\n<li>Nos <strong>territoires urbains<\/strong>, qui connaissent des intensit\u00e9s de chaleur jamais vues, en particulier dans les zones tr\u00e8s denses et b\u00e9tonn\u00e9es que sont les centres-villes et les quartiers prioritaires.<\/li>\n\n\n\n<li>Nos<strong> zones de montagne<\/strong> o\u00f9 les communes de moyenne montagne se posent la question de leur avenir : notamment Gresse-en-Vercors, Saint-Pierre de Chartreuse, Autrans-M\u00e9audre &#8230;<\/li>\n<\/ul>\n\n\n\n<p><strong>Il n\u2019est plus question de tergiverser ou de r\u00e9interroger les donn\u00e9es scientifiques comme la droite, il faut bien le dire, l\u2019a r\u00e9guli\u00e8rement fait ces derni\u00e8res ann\u00e9es, faisant perdre un temps pr\u00e9cieux et instillant le doute.<\/strong> Sur la question \u00e9cologique, nous pourrions ici aussi, \u00ab pr\u00e9venir plut\u00f4t que gu\u00e9rir \u00bb, mais d\u00e9sormais les faits s\u2019imposent \u00e0 nous et nous obligent \u00e0 r\u00e9agir avec force et sans d\u00e9lai, \u00e0 tous les \u00e9tages.<\/p>\n\n\n\n<p>Face aux orientations timides avanc\u00e9es dans ce rapport et au saupoudrage constat\u00e9 ces derni\u00e8res ann\u00e9es, nous attendons de ce budget 2024 une trajectoire claire et une strat\u00e9gie ambitieuse. <strong>Pour la transition \u00e9nerg\u00e9tique, pour nos Espaces Naturels Sensibles alors que certains sites peinent aujourd\u2019hui \u00e0 \u00eatre prot\u00e9g\u00e9s en l\u2019absence d\u2019un sch\u00e9ma directeur qui se fait trop attendre, pour notre souverainet\u00e9 alimentaire, et pour s\u00e9curiser la ressource en eau- pour laquelle nous attendons du D\u00e9partement qu\u2019il impulse une v\u00e9ritable strat\u00e9gie.<\/strong><\/p>\n\n\n\n<p>Enfin, comment imaginer que la jeunesse ne soit pas impact\u00e9e par la situation sociale, g\u00e9opolitique, \u00e9cologique, par la complexit\u00e9 du monde et les incertitudes li\u00e9es \u00e0 l\u2019avenir ? <strong>Parce que notre responsabilit\u00e9 est pr\u00e9cis\u00e9ment de \u00ab pr\u00e9venir plut\u00f4t que gu\u00e9rir \u00bb soyons au rendez-vous pour accompagner la jeunesse, l\u2019aider \u00e0 comprendre le monde et lui donner de l\u2019espoir.<\/strong> Alors que cette question n\u2019est pas abord\u00e9e dans ce rapport d\u2019orientations budg\u00e9taires, nous vous demandons de r\u00e9interroger cette approche \u00e0 l\u2019occasion du budget 2024. La politique \u00e9ducative du D\u00e9partement ne peut se r\u00e9sumer \u00e0 la modernisation -certes n\u00e9cessaire- de nos coll\u00e8ges, et la politique jeunesse doit se r\u00e9inventer pour r\u00e9pondre aux besoins des moins de 25 ans.<\/p>\n\n\n\n<p><strong>Notre d\u00e9partement dispose de ressources financi\u00e8res solides, la derni\u00e8re d\u00e9cision modificative budg\u00e9taire a permis d\u2019augmenter son autofinancement, le groupe UGES attend donc du budget 2024 qu\u2019il soit fid\u00e8le \u00e0&nbsp;l\u2019engagement de la majorit\u00e9 d\u00e9partementale fil rouge de ce DOB : \u00ab\u00a0pr\u00e9venir avant de gu\u00e9rir\u00a0\u00bb.<\/strong><\/p>\n","protected":false},"excerpt":{"rendered":"<p>Amandine Germain est intervenue au nom du groupe UGES sur le rapport d&rsquo;orientation budg\u00e9taire pour l&rsquo;ann\u00e9e 2024 pr\u00e9sent\u00e9 &hellip; <\/p>\n","protected":false},"author":8,"featured_media":682727,"comment_status":"open","ping_status":"open","sticky":false,"template":"","format":"standard","meta":{"footnotes":""},"categories":[154],"tags":[35,192,188,196,191,197,194,189,142,190,195,193],"class_list":["post-683841","post","type-post","status-publish","format-standard","has-post-thumbnail","hentry","category-seance-publique-dob-novembre-2023","tag-budget","tag-dereglement-climatique","tag-dob","tag-ens","tag-investissement-social","tag-jeunesse","tag-montagne","tag-pauvrete","tag-ruralite","tag-solidarites","tag-transition-energetique","tag-urbain"],"yoast_head":"<!-- This site is optimized with the Yoast SEO plugin v27.5 - https:\/\/yoast.com\/product\/yoast-seo-wordpress\/ -->\n<title>Pr\u00e9venir avant de gu\u00e9rir - D\u00e9partement de l&#039;Is\u00e8re<\/title>\n<meta name=\"robots\" content=\"index, follow, max-snippet:-1, max-image-preview:large, max-video-preview:-1\" \/>\n<link rel=\"canonical\" href=\"https:\/\/www.uges-isere.fr\/index.php\/2023\/11\/22\/debat-dorientation-budgetaire-prevenir-avant-de-guerir\/\" \/>\n<meta property=\"og:locale\" content=\"fr_FR\" \/>\n<meta property=\"og:type\" content=\"article\" \/>\n<meta property=\"og:title\" content=\"Pr\u00e9venir avant de gu\u00e9rir - D\u00e9partement de l&#039;Is\u00e8re\" \/>\n<meta property=\"og:description\" content=\"Amandine Germain est intervenue au nom du groupe UGES sur le rapport d&rsquo;orientation budg\u00e9taire pour l&rsquo;ann\u00e9e 2024 pr\u00e9sent\u00e9 &hellip;\" \/>\n<meta property=\"og:url\" content=\"https:\/\/www.uges-isere.fr\/index.php\/2023\/11\/22\/debat-dorientation-budgetaire-prevenir-avant-de-guerir\/\" \/>\n<meta property=\"og:site_name\" content=\"D\u00e9partement de l&#039;Is\u00e8re\" \/>\n<meta property=\"article:publisher\" content=\"https:\/\/www.facebook.com\/LePrintemps38\" \/>\n<meta property=\"article:published_time\" content=\"2023-11-22T14:28:57+00:00\" \/>\n<meta property=\"article:modified_time\" content=\"2023-12-12T20:26:17+00:00\" \/>\n<meta property=\"og:image\" content=\"https:\/\/www.uges-isere.fr\/wp-content\/uploads\/2022\/11\/vecteezy_miniature-businessman-speaking-on-a-podium-on-a-stack-of-coins-business-and-financial-investment-concept_2132337-scaled.jpg\" \/>\n\t<meta property=\"og:image:width\" content=\"2560\" \/>\n\t<meta property=\"og:image:height\" content=\"1707\" \/>\n\t<meta property=\"og:image:type\" content=\"image\/jpeg\" \/>\n<meta name=\"author\" content=\"ThibaudUGES38\" \/>\n<meta name=\"twitter:card\" content=\"summary_large_image\" \/>\n<meta name=\"twitter:creator\" content=\"@GroupeUGES38\" \/>\n<meta name=\"twitter:site\" content=\"@GroupeUGES38\" \/>\n<meta name=\"twitter:label1\" content=\"\u00c9crit par\" \/>\n\t<meta name=\"twitter:data1\" content=\"ThibaudUGES38\" \/>\n\t<meta name=\"twitter:label2\" content=\"Dur\u00e9e de lecture estim\u00e9e\" \/>\n\t<meta name=\"twitter:data2\" content=\"6 minutes\" \/>\n<script type=\"application\/ld+json\" class=\"yoast-schema-graph\">{\"@context\":\"https:\\\/\\\/schema.org\",\"@graph\":[{\"@type\":\"Article\",\"@id\":\"https:\\\/\\\/www.uges-isere.fr\\\/index.php\\\/2023\\\/11\\\/22\\\/debat-dorientation-budgetaire-prevenir-avant-de-guerir\\\/#article\",\"isPartOf\":{\"@id\":\"https:\\\/\\\/www.uges-isere.fr\\\/index.php\\\/2023\\\/11\\\/22\\\/debat-dorientation-budgetaire-prevenir-avant-de-guerir\\\/\"},\"author\":{\"name\":\"ThibaudUGES38\",\"@id\":\"https:\\\/\\\/www.uges-isere.fr\\\/#\\\/schema\\\/person\\\/a200926d67119314e8837b6a085de83a\"},\"headline\":\"Pr\u00e9venir avant de gu\u00e9rir\",\"datePublished\":\"2023-11-22T14:28:57+00:00\",\"dateModified\":\"2023-12-12T20:26:17+00:00\",\"mainEntityOfPage\":{\"@id\":\"https:\\\/\\\/www.uges-isere.fr\\\/index.php\\\/2023\\\/11\\\/22\\\/debat-dorientation-budgetaire-prevenir-avant-de-guerir\\\/\"},\"wordCount\":1275,\"commentCount\":0,\"publisher\":{\"@id\":\"https:\\\/\\\/www.uges-isere.fr\\\/#organization\"},\"image\":{\"@id\":\"https:\\\/\\\/www.uges-isere.fr\\\/index.php\\\/2023\\\/11\\\/22\\\/debat-dorientation-budgetaire-prevenir-avant-de-guerir\\\/#primaryimage\"},\"thumbnailUrl\":\"https:\\\/\\\/www.uges-isere.fr\\\/wp-content\\\/uploads\\\/2022\\\/11\\\/vecteezy_miniature-businessman-speaking-on-a-podium-on-a-stack-of-coins-business-and-financial-investment-concept_2132337-scaled.jpg\",\"keywords\":[\"budget\",\"d\u00e9r\u00e8glement climatique\",\"DOB\",\"ENS\",\"investissement social\",\"jeunesse\",\"montagne\",\"pauvret\u00e9\",\"ruralit\u00e9\",\"solidarit\u00e9s\",\"transition \u00e9nerg\u00e9tique\",\"urbain\"],\"articleSection\":[\"S\u00e9ance publique (D\u00e9bat d'orientation budg\u00e9taire 2024) - Novembre 2023\"],\"inLanguage\":\"fr-FR\",\"potentialAction\":[{\"@type\":\"CommentAction\",\"name\":\"Comment\",\"target\":[\"https:\\\/\\\/www.uges-isere.fr\\\/index.php\\\/2023\\\/11\\\/22\\\/debat-dorientation-budgetaire-prevenir-avant-de-guerir\\\/#respond\"]}]},{\"@type\":\"WebPage\",\"@id\":\"https:\\\/\\\/www.uges-isere.fr\\\/index.php\\\/2023\\\/11\\\/22\\\/debat-dorientation-budgetaire-prevenir-avant-de-guerir\\\/\",\"url\":\"https:\\\/\\\/www.uges-isere.fr\\\/index.php\\\/2023\\\/11\\\/22\\\/debat-dorientation-budgetaire-prevenir-avant-de-guerir\\\/\",\"name\":\"Pr\u00e9venir avant de gu\u00e9rir - D\u00e9partement de l&#039;Is\u00e8re\",\"isPartOf\":{\"@id\":\"https:\\\/\\\/www.uges-isere.fr\\\/#website\"},\"primaryImageOfPage\":{\"@id\":\"https:\\\/\\\/www.uges-isere.fr\\\/index.php\\\/2023\\\/11\\\/22\\\/debat-dorientation-budgetaire-prevenir-avant-de-guerir\\\/#primaryimage\"},\"image\":{\"@id\":\"https:\\\/\\\/www.uges-isere.fr\\\/index.php\\\/2023\\\/11\\\/22\\\/debat-dorientation-budgetaire-prevenir-avant-de-guerir\\\/#primaryimage\"},\"thumbnailUrl\":\"https:\\\/\\\/www.uges-isere.fr\\\/wp-content\\\/uploads\\\/2022\\\/11\\\/vecteezy_miniature-businessman-speaking-on-a-podium-on-a-stack-of-coins-business-and-financial-investment-concept_2132337-scaled.jpg\",\"datePublished\":\"2023-11-22T14:28:57+00:00\",\"dateModified\":\"2023-12-12T20:26:17+00:00\",\"breadcrumb\":{\"@id\":\"https:\\\/\\\/www.uges-isere.fr\\\/index.php\\\/2023\\\/11\\\/22\\\/debat-dorientation-budgetaire-prevenir-avant-de-guerir\\\/#breadcrumb\"},\"inLanguage\":\"fr-FR\",\"potentialAction\":[{\"@type\":\"ReadAction\",\"target\":[\"https:\\\/\\\/www.uges-isere.fr\\\/index.php\\\/2023\\\/11\\\/22\\\/debat-dorientation-budgetaire-prevenir-avant-de-guerir\\\/\"]}]},{\"@type\":\"ImageObject\",\"inLanguage\":\"fr-FR\",\"@id\":\"https:\\\/\\\/www.uges-isere.fr\\\/index.php\\\/2023\\\/11\\\/22\\\/debat-dorientation-budgetaire-prevenir-avant-de-guerir\\\/#primaryimage\",\"url\":\"https:\\\/\\\/www.uges-isere.fr\\\/wp-content\\\/uploads\\\/2022\\\/11\\\/vecteezy_miniature-businessman-speaking-on-a-podium-on-a-stack-of-coins-business-and-financial-investment-concept_2132337-scaled.jpg\",\"contentUrl\":\"https:\\\/\\\/www.uges-isere.fr\\\/wp-content\\\/uploads\\\/2022\\\/11\\\/vecteezy_miniature-businessman-speaking-on-a-podium-on-a-stack-of-coins-business-and-financial-investment-concept_2132337-scaled.jpg\",\"width\":2560,\"height\":1707,\"caption\":\"Miniature people : Businessman speaking on the podium , Business and finance investment concept\"},{\"@type\":\"BreadcrumbList\",\"@id\":\"https:\\\/\\\/www.uges-isere.fr\\\/index.php\\\/2023\\\/11\\\/22\\\/debat-dorientation-budgetaire-prevenir-avant-de-guerir\\\/#breadcrumb\",\"itemListElement\":[{\"@type\":\"ListItem\",\"position\":1,\"name\":\"Accueil\",\"item\":\"https:\\\/\\\/www.uges-isere.fr\\\/\"},{\"@type\":\"ListItem\",\"position\":2,\"name\":\"Pr\u00e9venir avant de gu\u00e9rir\"}]},{\"@type\":\"WebSite\",\"@id\":\"https:\\\/\\\/www.uges-isere.fr\\\/#website\",\"url\":\"https:\\\/\\\/www.uges-isere.fr\\\/\",\"name\":\"D\u00e9partement de l&#039;Is\u00e8re\",\"description\":\"Groupe d&#039;opposition UGES\",\"publisher\":{\"@id\":\"https:\\\/\\\/www.uges-isere.fr\\\/#organization\"},\"potentialAction\":[{\"@type\":\"SearchAction\",\"target\":{\"@type\":\"EntryPoint\",\"urlTemplate\":\"https:\\\/\\\/www.uges-isere.fr\\\/?s={search_term_string}\"},\"query-input\":{\"@type\":\"PropertyValueSpecification\",\"valueRequired\":true,\"valueName\":\"search_term_string\"}}],\"inLanguage\":\"fr-FR\"},{\"@type\":\"Organization\",\"@id\":\"https:\\\/\\\/www.uges-isere.fr\\\/#organization\",\"name\":\"D\u00e9partement de l'Is\u00e8re\",\"url\":\"https:\\\/\\\/www.uges-isere.fr\\\/\",\"logo\":{\"@type\":\"ImageObject\",\"inLanguage\":\"fr-FR\",\"@id\":\"https:\\\/\\\/www.uges-isere.fr\\\/#\\\/schema\\\/logo\\\/image\\\/\",\"url\":\"https:\\\/\\\/www.uges-isere.fr\\\/wp-content\\\/uploads\\\/2021\\\/10\\\/logo-ok.png\",\"contentUrl\":\"https:\\\/\\\/www.uges-isere.fr\\\/wp-content\\\/uploads\\\/2021\\\/10\\\/logo-ok.png\",\"width\":2859,\"height\":1816,\"caption\":\"D\u00e9partement de l'Is\u00e8re\"},\"image\":{\"@id\":\"https:\\\/\\\/www.uges-isere.fr\\\/#\\\/schema\\\/logo\\\/image\\\/\"},\"sameAs\":[\"https:\\\/\\\/www.facebook.com\\\/LePrintemps38\",\"https:\\\/\\\/x.com\\\/GroupeUGES38\"]},{\"@type\":\"Person\",\"@id\":\"https:\\\/\\\/www.uges-isere.fr\\\/#\\\/schema\\\/person\\\/a200926d67119314e8837b6a085de83a\",\"name\":\"ThibaudUGES38\",\"image\":{\"@type\":\"ImageObject\",\"inLanguage\":\"fr-FR\",\"@id\":\"https:\\\/\\\/secure.gravatar.com\\\/avatar\\\/e182ebfe597e409aafe3378f828607b2b757ed94a3489b20112818296e03b151?s=96&d=mm&r=g\",\"url\":\"https:\\\/\\\/secure.gravatar.com\\\/avatar\\\/e182ebfe597e409aafe3378f828607b2b757ed94a3489b20112818296e03b151?s=96&d=mm&r=g\",\"contentUrl\":\"https:\\\/\\\/secure.gravatar.com\\\/avatar\\\/e182ebfe597e409aafe3378f828607b2b757ed94a3489b20112818296e03b151?s=96&d=mm&r=g\",\"caption\":\"ThibaudUGES38\"},\"url\":\"https:\\\/\\\/www.uges-isere.fr\\\/index.php\\\/author\\\/thibauduges38\\\/\"}]}<\/script>\n<!-- \/ Yoast SEO plugin. -->","yoast_head_json":{"title":"Pr\u00e9venir avant de gu\u00e9rir - D\u00e9partement de l&#039;Is\u00e8re","robots":{"index":"index","follow":"follow","max-snippet":"max-snippet:-1","max-image-preview":"max-image-preview:large","max-video-preview":"max-video-preview:-1"},"canonical":"https:\/\/www.uges-isere.fr\/index.php\/2023\/11\/22\/debat-dorientation-budgetaire-prevenir-avant-de-guerir\/","og_locale":"fr_FR","og_type":"article","og_title":"Pr\u00e9venir avant de gu\u00e9rir - D\u00e9partement de l&#039;Is\u00e8re","og_description":"Amandine Germain est intervenue au nom du groupe UGES sur le rapport d&rsquo;orientation budg\u00e9taire pour l&rsquo;ann\u00e9e 2024 pr\u00e9sent\u00e9 &hellip;","og_url":"https:\/\/www.uges-isere.fr\/index.php\/2023\/11\/22\/debat-dorientation-budgetaire-prevenir-avant-de-guerir\/","og_site_name":"D\u00e9partement de l&#039;Is\u00e8re","article_publisher":"https:\/\/www.facebook.com\/LePrintemps38","article_published_time":"2023-11-22T14:28:57+00:00","article_modified_time":"2023-12-12T20:26:17+00:00","og_image":[{"width":2560,"height":1707,"url":"https:\/\/www.uges-isere.fr\/wp-content\/uploads\/2022\/11\/vecteezy_miniature-businessman-speaking-on-a-podium-on-a-stack-of-coins-business-and-financial-investment-concept_2132337-scaled.jpg","type":"image\/jpeg"}],"author":"ThibaudUGES38","twitter_card":"summary_large_image","twitter_creator":"@GroupeUGES38","twitter_site":"@GroupeUGES38","twitter_misc":{"\u00c9crit par":"ThibaudUGES38","Dur\u00e9e de lecture estim\u00e9e":"6 minutes"},"schema":{"@context":"https:\/\/schema.org","@graph":[{"@type":"Article","@id":"https:\/\/www.uges-isere.fr\/index.php\/2023\/11\/22\/debat-dorientation-budgetaire-prevenir-avant-de-guerir\/#article","isPartOf":{"@id":"https:\/\/www.uges-isere.fr\/index.php\/2023\/11\/22\/debat-dorientation-budgetaire-prevenir-avant-de-guerir\/"},"author":{"name":"ThibaudUGES38","@id":"https:\/\/www.uges-isere.fr\/#\/schema\/person\/a200926d67119314e8837b6a085de83a"},"headline":"Pr\u00e9venir avant de gu\u00e9rir","datePublished":"2023-11-22T14:28:57+00:00","dateModified":"2023-12-12T20:26:17+00:00","mainEntityOfPage":{"@id":"https:\/\/www.uges-isere.fr\/index.php\/2023\/11\/22\/debat-dorientation-budgetaire-prevenir-avant-de-guerir\/"},"wordCount":1275,"commentCount":0,"publisher":{"@id":"https:\/\/www.uges-isere.fr\/#organization"},"image":{"@id":"https:\/\/www.uges-isere.fr\/index.php\/2023\/11\/22\/debat-dorientation-budgetaire-prevenir-avant-de-guerir\/#primaryimage"},"thumbnailUrl":"https:\/\/www.uges-isere.fr\/wp-content\/uploads\/2022\/11\/vecteezy_miniature-businessman-speaking-on-a-podium-on-a-stack-of-coins-business-and-financial-investment-concept_2132337-scaled.jpg","keywords":["budget","d\u00e9r\u00e8glement climatique","DOB","ENS","investissement social","jeunesse","montagne","pauvret\u00e9","ruralit\u00e9","solidarit\u00e9s","transition \u00e9nerg\u00e9tique","urbain"],"articleSection":["S\u00e9ance publique (D\u00e9bat d'orientation budg\u00e9taire 2024) - Novembre 2023"],"inLanguage":"fr-FR","potentialAction":[{"@type":"CommentAction","name":"Comment","target":["https:\/\/www.uges-isere.fr\/index.php\/2023\/11\/22\/debat-dorientation-budgetaire-prevenir-avant-de-guerir\/#respond"]}]},{"@type":"WebPage","@id":"https:\/\/www.uges-isere.fr\/index.php\/2023\/11\/22\/debat-dorientation-budgetaire-prevenir-avant-de-guerir\/","url":"https:\/\/www.uges-isere.fr\/index.php\/2023\/11\/22\/debat-dorientation-budgetaire-prevenir-avant-de-guerir\/","name":"Pr\u00e9venir avant de gu\u00e9rir - D\u00e9partement de l&#039;Is\u00e8re","isPartOf":{"@id":"https:\/\/www.uges-isere.fr\/#website"},"primaryImageOfPage":{"@id":"https:\/\/www.uges-isere.fr\/index.php\/2023\/11\/22\/debat-dorientation-budgetaire-prevenir-avant-de-guerir\/#primaryimage"},"image":{"@id":"https:\/\/www.uges-isere.fr\/index.php\/2023\/11\/22\/debat-dorientation-budgetaire-prevenir-avant-de-guerir\/#primaryimage"},"thumbnailUrl":"https:\/\/www.uges-isere.fr\/wp-content\/uploads\/2022\/11\/vecteezy_miniature-businessman-speaking-on-a-podium-on-a-stack-of-coins-business-and-financial-investment-concept_2132337-scaled.jpg","datePublished":"2023-11-22T14:28:57+00:00","dateModified":"2023-12-12T20:26:17+00:00","breadcrumb":{"@id":"https:\/\/www.uges-isere.fr\/index.php\/2023\/11\/22\/debat-dorientation-budgetaire-prevenir-avant-de-guerir\/#breadcrumb"},"inLanguage":"fr-FR","potentialAction":[{"@type":"ReadAction","target":["https:\/\/www.uges-isere.fr\/index.php\/2023\/11\/22\/debat-dorientation-budgetaire-prevenir-avant-de-guerir\/"]}]},{"@type":"ImageObject","inLanguage":"fr-FR","@id":"https:\/\/www.uges-isere.fr\/index.php\/2023\/11\/22\/debat-dorientation-budgetaire-prevenir-avant-de-guerir\/#primaryimage","url":"https:\/\/www.uges-isere.fr\/wp-content\/uploads\/2022\/11\/vecteezy_miniature-businessman-speaking-on-a-podium-on-a-stack-of-coins-business-and-financial-investment-concept_2132337-scaled.jpg","contentUrl":"https:\/\/www.uges-isere.fr\/wp-content\/uploads\/2022\/11\/vecteezy_miniature-businessman-speaking-on-a-podium-on-a-stack-of-coins-business-and-financial-investment-concept_2132337-scaled.jpg","width":2560,"height":1707,"caption":"Miniature people : Businessman speaking on the podium , Business and finance investment concept"},{"@type":"BreadcrumbList","@id":"https:\/\/www.uges-isere.fr\/index.php\/2023\/11\/22\/debat-dorientation-budgetaire-prevenir-avant-de-guerir\/#breadcrumb","itemListElement":[{"@type":"ListItem","position":1,"name":"Accueil","item":"https:\/\/www.uges-isere.fr\/"},{"@type":"ListItem","position":2,"name":"Pr\u00e9venir avant de gu\u00e9rir"}]},{"@type":"WebSite","@id":"https:\/\/www.uges-isere.fr\/#website","url":"https:\/\/www.uges-isere.fr\/","name":"D\u00e9partement de l&#039;Is\u00e8re","description":"Groupe d&#039;opposition UGES","publisher":{"@id":"https:\/\/www.uges-isere.fr\/#organization"},"potentialAction":[{"@type":"SearchAction","target":{"@type":"EntryPoint","urlTemplate":"https:\/\/www.uges-isere.fr\/?s={search_term_string}"},"query-input":{"@type":"PropertyValueSpecification","valueRequired":true,"valueName":"search_term_string"}}],"inLanguage":"fr-FR"},{"@type":"Organization","@id":"https:\/\/www.uges-isere.fr\/#organization","name":"D\u00e9partement de l'Is\u00e8re","url":"https:\/\/www.uges-isere.fr\/","logo":{"@type":"ImageObject","inLanguage":"fr-FR","@id":"https:\/\/www.uges-isere.fr\/#\/schema\/logo\/image\/","url":"https:\/\/www.uges-isere.fr\/wp-content\/uploads\/2021\/10\/logo-ok.png","contentUrl":"https:\/\/www.uges-isere.fr\/wp-content\/uploads\/2021\/10\/logo-ok.png","width":2859,"height":1816,"caption":"D\u00e9partement de l'Is\u00e8re"},"image":{"@id":"https:\/\/www.uges-isere.fr\/#\/schema\/logo\/image\/"},"sameAs":["https:\/\/www.facebook.com\/LePrintemps38","https:\/\/x.com\/GroupeUGES38"]},{"@type":"Person","@id":"https:\/\/www.uges-isere.fr\/#\/schema\/person\/a200926d67119314e8837b6a085de83a","name":"ThibaudUGES38","image":{"@type":"ImageObject","inLanguage":"fr-FR","@id":"https:\/\/secure.gravatar.com\/avatar\/e182ebfe597e409aafe3378f828607b2b757ed94a3489b20112818296e03b151?s=96&d=mm&r=g","url":"https:\/\/secure.gravatar.com\/avatar\/e182ebfe597e409aafe3378f828607b2b757ed94a3489b20112818296e03b151?s=96&d=mm&r=g","contentUrl":"https:\/\/secure.gravatar.com\/avatar\/e182ebfe597e409aafe3378f828607b2b757ed94a3489b20112818296e03b151?s=96&d=mm&r=g","caption":"ThibaudUGES38"},"url":"https:\/\/www.uges-isere.fr\/index.php\/author\/thibauduges38\/"}]}},"_links":{"self":[{"href":"https:\/\/www.uges-isere.fr\/index.php\/wp-json\/wp\/v2\/posts\/683841","targetHints":{"allow":["GET"]}}],"collection":[{"href":"https:\/\/www.uges-isere.fr\/index.php\/wp-json\/wp\/v2\/posts"}],"about":[{"href":"https:\/\/www.uges-isere.fr\/index.php\/wp-json\/wp\/v2\/types\/post"}],"author":[{"embeddable":true,"href":"https:\/\/www.uges-isere.fr\/index.php\/wp-json\/wp\/v2\/users\/8"}],"replies":[{"embeddable":true,"href":"https:\/\/www.uges-isere.fr\/index.php\/wp-json\/wp\/v2\/comments?post=683841"}],"version-history":[{"count":3,"href":"https:\/\/www.uges-isere.fr\/index.php\/wp-json\/wp\/v2\/posts\/683841\/revisions"}],"predecessor-version":[{"id":683881,"href":"https:\/\/www.uges-isere.fr\/index.php\/wp-json\/wp\/v2\/posts\/683841\/revisions\/683881"}],"wp:featuredmedia":[{"embeddable":true,"href":"https:\/\/www.uges-isere.fr\/index.php\/wp-json\/wp\/v2\/media\/682727"}],"wp:attachment":[{"href":"https:\/\/www.uges-isere.fr\/index.php\/wp-json\/wp\/v2\/media?parent=683841"}],"wp:term":[{"taxonomy":"category","embeddable":true,"href":"https:\/\/www.uges-isere.fr\/index.php\/wp-json\/wp\/v2\/categories?post=683841"},{"taxonomy":"post_tag","embeddable":true,"href":"https:\/\/www.uges-isere.fr\/index.php\/wp-json\/wp\/v2\/tags?post=683841"}],"curies":[{"name":"wp","href":"https:\/\/api.w.org\/{rel}","templated":true}]}}