{"id":683825,"date":"2023-11-22T11:06:43","date_gmt":"2023-11-22T10:06:43","guid":{"rendered":"https:\/\/www.uges-isere.fr\/?p=683825"},"modified":"2023-12-12T21:29:22","modified_gmt":"2023-12-12T20:29:22","slug":"schema-global-des-solidarites-ce-quattendent-les-elu-es-uges","status":"publish","type":"post","link":"https:\/\/www.uges-isere.fr\/index.php\/2023\/11\/22\/schema-global-des-solidarites-ce-quattendent-les-elu-es-uges\/","title":{"rendered":"Sch\u00e9ma global des solidarit\u00e9s : ce qu&rsquo;attendent les \u00e9lu-es UGES"},"content":{"rendered":"\n<p><strong>Le D\u00e9partement de l&rsquo;Is\u00e8re souhaite construire pour 2027 un <a href=\"https:\/\/www.isere.fr\/Deliberations\/Delibs\/2023\/Rapport-5764.pdf\" target=\"_blank\" rel=\"noreferrer noopener\">sch\u00e9ma global des solidarit\u00e9s<\/a>, document de cadrage de l\u2019ensemble des politiques sociales du d\u00e9partement. <\/strong><\/p>\n\n\n\n<p>Si l\u2019intention est louable, tout comme l\u2019objectif d\u2019une plus grande transversalit\u00e9 dans les actions du D\u00e9partement, par la voix d&rsquo;Amandine Germain le groupe UGES souhaite toutefois s&rsquo;interroger sur le sens d\u2019une d\u00e9lib\u00e9ration qui propose d\u2019approuver un sch\u00e9ma en \u2026 2027. (\u00ab&nbsp;<em>d\u2019approuver \u00e0 l\u2019horizon 2027, l\u2019adoption d\u2019un futur sch\u00e9ma <\/em>(\u2026)&nbsp;\u00bb) . Alors \u00e0 d\u00e9faut d\u2019un sch\u00e9ma, nous aurions pu imaginer que cette d\u00e9lib\u00e9ration nous propose une m\u00e9thode pour le construire.<\/p>\n\n\n\n<p>Comme l\u2019ont fait de nombreux d\u00e9partements avant l\u2019Is\u00e8re, il aurait pu \u00eatre int\u00e9ressant \u00e0 travers cette d\u00e9lib\u00e9ration de <strong>proposer une phase de diagnostic afin d\u2019interroger l\u2019efficacit\u00e9 des dispositifs existants<\/strong> puis de lancer une <strong>d\u00e9marche de concertation<\/strong> associant les partenaires naturels du d\u00e9partement que sont les autres institutions, les associations et autant que faire se peut les personnes concern\u00e9es ou leurs repr\u00e9sentants.<\/p>\n\n\n\n<p><strong>Co-construire les politiques publiques est toujours une garantie pour r\u00e9pondre au plus pr\u00e8s aux besoins des usagers<\/strong> et toujours un gage d\u2019efficacit\u00e9 et d\u2019appropriation des politiques. C\u2019est d\u2019ailleurs ce que les \u00e9lu-es UGES proposaient dans le projet du Printemps Is\u00e9rois en 2021 \u00e0 travers l\u2019organisation d\u2019un<strong> <a href=\"https:\/\/www.uges-isere.fr\/index.php\/proposition-30\/\" target=\"_blank\" rel=\"noreferrer noopener\">Printemps des Solidarit\u00e9s.<\/a><\/strong><\/p>\n\n\n\n<p>Dans la d\u00e9lib\u00e9ration pr\u00e9sent\u00e9e par l&rsquo;ex\u00e9cutif d\u00e9partemental, il n\u2019y a ni sch\u00e9ma, ni m\u00e9thode pour y parvenir. Alors quel est l&rsquo;objet du vote ? Un projet d\u2019administration &nbsp;pour favoriser la transversalit\u00e9 \u2013 certes n\u00e9cessaire- entre les services d\u00e9partementaux  ?Cette seule intention se r\u00e9v\u00e8le un peu creuse pour nourrir une telle politique pour laquelle nous aurions pu attendre quelques ambitions pour renouer avec notre force d\u2019innovation sociale &#8230; <strong>Car n\u2019est-ce pas Monsieur le Vice-pr\u00e9sident Christophe Charles qui indiquait en commission le lundi 13 novembre que ce sch\u00e9ma \u00ab <em>ne changeait rien<\/em> \u00bb&nbsp;? <\/strong><br><br><strong>Et pourtant le contexte oblige en tant que chef de file de l\u2019action sociale<\/strong>:  hausse de 40% des personnes de plus de 75 ans en Is\u00e8re d\u2019ici 2030, dans 7 ans&nbsp;! ; difficult\u00e9s financi\u00e8res de nos Ehpad et de nos Services d\u2019aide \u00e0 domicile&nbsp;; difficult\u00e9s \u00e0 r\u00e9pondre aux besoins d\u2019accompagnement en mati\u00e8re de handicap dans un contexte o\u00f9 l\u2019Etat r\u00e9duit ses moyens&nbsp;; augmentation de la pr\u00e9carit\u00e9, en particulier des femmes et des \u00e9tudiants&nbsp;; augmentation du nombre de mineurs \u00e0 accompagner dans le cadre de la protection de l\u2019enfance\u2026 Le D\u00e9partement est attendu sur de nombreux enjeux.<\/p>\n\n\n\n<p><strong>Les \u00e9lu-es du groupe UGES attendent donc du futur sch\u00e9ma, qui sera vot\u00e9 dans \u2026 3 ans, qu\u2019il fasse des 4 points suivants des priorit\u00e9s&nbsp;:&nbsp;<\/strong><\/p>\n\n\n\n<ul class=\"wp-block-list\">\n<li><strong>Permettre \u00e0 chacun d\u2019avoir acc\u00e8s \u00e0 ses droits,<\/strong> dans un contexte o\u00f9 le non-recours aux droits est toujours aussi patent et o\u00f9 l\u2019on constate que plus les personnes sont en situation de vuln\u00e9rabilit\u00e9 plus l\u2019acc\u00e8s aux droits est un jonch\u00e9 d\u2019obstacles&nbsp;\u2013on note \u00e0 l\u2019\u00e9chelle nationale que 33&nbsp;% de ceux qui ont droit au Revenu de solidarit\u00e9 active (RSA) ne le demandent pas, soit une progression de 4&nbsp;points entre 2022 et 2021 selon le rapport publi\u00e9 le 8 novembre par le Secours catholique.<\/li>\n\n\n\n<li><strong>Assurer la continuit\u00e9 des parcours<\/strong>, pour \u00e9viter les ruptures&nbsp;; <em>(\u00e0 la sortie de l\u2019ASE, dans les parcours de soins et de prise en charge des personnes d\u00e9pendantes et\/ou en situation de handicap\u2026)&nbsp;;<\/em><\/li>\n\n\n\n<li> <strong>Faire \u00e9voluer nos dispositifs pour r\u00e9pondre \u00e0 la pr\u00e9carit\u00e9 des femmes, en particulier des m\u00e8res isol\u00e9es, et des jeunes, notamment des \u00e9tudiants,<\/strong> que nous constatons d\u2019ann\u00e9e en ann\u00e9e et dont le rapport du secours catholique&nbsp; t\u00e9moigne encore fortement, corrobor\u00e9 par les chiffres publiait par l\u2019INSEE cette semaine sur l\u2019\u00e9tat de la pauvret\u00e9 en France ;<\/li>\n\n\n\n<li><strong>Prendre en compte l\u2019attractivit\u00e9 des m\u00e9tiers des personnels de l\u2019administration d\u00e9partementale, ainsi que des \u00e9tablissements et services sociaux et m\u00e9dico-sociaux<\/strong>. Tous ces m\u00e9tiers du lien qui mettent en \u0153uvre les politiques de solidarit\u00e9 en Is\u00e8re au quotidien. Car la p\u00e9nibilit\u00e9 de leur m\u00e9tier, l\u2019augmentation de leur charge de travail et la difficult\u00e9 \u00e0 recruter t\u00e9moignent d\u2019une situation qui m\u00e9rite une mobilisation collective accrue.<\/li>\n<\/ul>\n","protected":false},"excerpt":{"rendered":"<p>Le D\u00e9partement de l&rsquo;Is\u00e8re souhaite construire pour 2027 un sch\u00e9ma global des solidarit\u00e9s, document de cadrage de l\u2019ensemble &hellip; <\/p>\n","protected":false},"author":8,"featured_media":682791,"comment_status":"open","ping_status":"open","sticky":false,"template":"","format":"standard","meta":{"footnotes":""},"categories":[9,154],"tags":[209,52,208,210,213,212,214,207,211,190],"class_list":["post-683825","post","type-post","status-publish","format-standard","has-post-thumbnail","hentry","category-action-sociale","category-seance-publique-dob-novembre-2023","tag-acces-aux-droits","tag-action-sociale","tag-chef-de-file","tag-continuite","tag-etudiants","tag-jeunes","tag-medico-social","tag-non-recours-2","tag-precarite","tag-solidarites"],"yoast_head":"<!-- This site is optimized with the Yoast SEO plugin v27.5 - https:\/\/yoast.com\/product\/yoast-seo-wordpress\/ -->\n<title>Sch\u00e9ma global des solidarit\u00e9s : ce qu&#039;attendent les \u00e9lu-es UGES - D\u00e9partement de l&#039;Is\u00e8re<\/title>\n<meta name=\"robots\" content=\"index, follow, max-snippet:-1, max-image-preview:large, max-video-preview:-1\" \/>\n<link rel=\"canonical\" href=\"https:\/\/www.uges-isere.fr\/index.php\/2023\/11\/22\/schema-global-des-solidarites-ce-quattendent-les-elu-es-uges\/\" \/>\n<meta property=\"og:locale\" content=\"fr_FR\" \/>\n<meta property=\"og:type\" content=\"article\" \/>\n<meta property=\"og:title\" content=\"Sch\u00e9ma global des solidarit\u00e9s : ce qu&#039;attendent les \u00e9lu-es UGES - D\u00e9partement de l&#039;Is\u00e8re\" \/>\n<meta property=\"og:description\" content=\"Le D\u00e9partement de l&rsquo;Is\u00e8re souhaite construire pour 2027 un sch\u00e9ma global des solidarit\u00e9s, document de cadrage de l\u2019ensemble &hellip;\" \/>\n<meta property=\"og:url\" content=\"https:\/\/www.uges-isere.fr\/index.php\/2023\/11\/22\/schema-global-des-solidarites-ce-quattendent-les-elu-es-uges\/\" \/>\n<meta property=\"og:site_name\" content=\"D\u00e9partement de l&#039;Is\u00e8re\" \/>\n<meta property=\"article:publisher\" content=\"https:\/\/www.facebook.com\/LePrintemps38\" \/>\n<meta property=\"article:published_time\" content=\"2023-11-22T10:06:43+00:00\" \/>\n<meta property=\"article:modified_time\" content=\"2023-12-12T20:29:22+00:00\" \/>\n<meta property=\"og:image\" content=\"https:\/\/www.uges-isere.fr\/wp-content\/uploads\/2022\/12\/closeup-of-diverse-people-joining-their-hands-1-scaled.jpg\" \/>\n\t<meta property=\"og:image:width\" content=\"2560\" \/>\n\t<meta property=\"og:image:height\" content=\"1440\" \/>\n\t<meta property=\"og:image:type\" content=\"image\/jpeg\" \/>\n<meta name=\"author\" content=\"ThibaudUGES38\" \/>\n<meta name=\"twitter:card\" content=\"summary_large_image\" \/>\n<meta name=\"twitter:creator\" content=\"@GroupeUGES38\" \/>\n<meta name=\"twitter:site\" content=\"@GroupeUGES38\" \/>\n<meta name=\"twitter:label1\" content=\"\u00c9crit par\" \/>\n\t<meta name=\"twitter:data1\" content=\"ThibaudUGES38\" \/>\n\t<meta name=\"twitter:label2\" content=\"Dur\u00e9e de lecture estim\u00e9e\" \/>\n\t<meta name=\"twitter:data2\" content=\"4 minutes\" \/>\n<script type=\"application\/ld+json\" class=\"yoast-schema-graph\">{\"@context\":\"https:\\\/\\\/schema.org\",\"@graph\":[{\"@type\":\"Article\",\"@id\":\"https:\\\/\\\/www.uges-isere.fr\\\/index.php\\\/2023\\\/11\\\/22\\\/schema-global-des-solidarites-ce-quattendent-les-elu-es-uges\\\/#article\",\"isPartOf\":{\"@id\":\"https:\\\/\\\/www.uges-isere.fr\\\/index.php\\\/2023\\\/11\\\/22\\\/schema-global-des-solidarites-ce-quattendent-les-elu-es-uges\\\/\"},\"author\":{\"name\":\"ThibaudUGES38\",\"@id\":\"https:\\\/\\\/www.uges-isere.fr\\\/#\\\/schema\\\/person\\\/a200926d67119314e8837b6a085de83a\"},\"headline\":\"Sch\u00e9ma global des solidarit\u00e9s : ce qu&rsquo;attendent les \u00e9lu-es UGES\",\"datePublished\":\"2023-11-22T10:06:43+00:00\",\"dateModified\":\"2023-12-12T20:29:22+00:00\",\"mainEntityOfPage\":{\"@id\":\"https:\\\/\\\/www.uges-isere.fr\\\/index.php\\\/2023\\\/11\\\/22\\\/schema-global-des-solidarites-ce-quattendent-les-elu-es-uges\\\/\"},\"wordCount\":754,\"commentCount\":0,\"publisher\":{\"@id\":\"https:\\\/\\\/www.uges-isere.fr\\\/#organization\"},\"image\":{\"@id\":\"https:\\\/\\\/www.uges-isere.fr\\\/index.php\\\/2023\\\/11\\\/22\\\/schema-global-des-solidarites-ce-quattendent-les-elu-es-uges\\\/#primaryimage\"},\"thumbnailUrl\":\"https:\\\/\\\/www.uges-isere.fr\\\/wp-content\\\/uploads\\\/2022\\\/12\\\/closeup-of-diverse-people-joining-their-hands-1-scaled.jpg\",\"keywords\":[\"acc\u00e8s aux droits\",\"action sociale\",\"chef de file\",\"continuit\u00e9\",\"\u00e9tudiants\",\"jeunes\",\"m\u00e9dico-social\",\"non recours\",\"pr\u00e9carit\u00e9\",\"solidarit\u00e9s\"],\"articleSection\":[\"Action sociale\",\"S\u00e9ance publique (D\u00e9bat d'orientation budg\u00e9taire 2024) - Novembre 2023\"],\"inLanguage\":\"fr-FR\",\"potentialAction\":[{\"@type\":\"CommentAction\",\"name\":\"Comment\",\"target\":[\"https:\\\/\\\/www.uges-isere.fr\\\/index.php\\\/2023\\\/11\\\/22\\\/schema-global-des-solidarites-ce-quattendent-les-elu-es-uges\\\/#respond\"]}]},{\"@type\":\"WebPage\",\"@id\":\"https:\\\/\\\/www.uges-isere.fr\\\/index.php\\\/2023\\\/11\\\/22\\\/schema-global-des-solidarites-ce-quattendent-les-elu-es-uges\\\/\",\"url\":\"https:\\\/\\\/www.uges-isere.fr\\\/index.php\\\/2023\\\/11\\\/22\\\/schema-global-des-solidarites-ce-quattendent-les-elu-es-uges\\\/\",\"name\":\"Sch\u00e9ma global des solidarit\u00e9s : ce qu'attendent les \u00e9lu-es UGES - D\u00e9partement de l&#039;Is\u00e8re\",\"isPartOf\":{\"@id\":\"https:\\\/\\\/www.uges-isere.fr\\\/#website\"},\"primaryImageOfPage\":{\"@id\":\"https:\\\/\\\/www.uges-isere.fr\\\/index.php\\\/2023\\\/11\\\/22\\\/schema-global-des-solidarites-ce-quattendent-les-elu-es-uges\\\/#primaryimage\"},\"image\":{\"@id\":\"https:\\\/\\\/www.uges-isere.fr\\\/index.php\\\/2023\\\/11\\\/22\\\/schema-global-des-solidarites-ce-quattendent-les-elu-es-uges\\\/#primaryimage\"},\"thumbnailUrl\":\"https:\\\/\\\/www.uges-isere.fr\\\/wp-content\\\/uploads\\\/2022\\\/12\\\/closeup-of-diverse-people-joining-their-hands-1-scaled.jpg\",\"datePublished\":\"2023-11-22T10:06:43+00:00\",\"dateModified\":\"2023-12-12T20:29:22+00:00\",\"breadcrumb\":{\"@id\":\"https:\\\/\\\/www.uges-isere.fr\\\/index.php\\\/2023\\\/11\\\/22\\\/schema-global-des-solidarites-ce-quattendent-les-elu-es-uges\\\/#breadcrumb\"},\"inLanguage\":\"fr-FR\",\"potentialAction\":[{\"@type\":\"ReadAction\",\"target\":[\"https:\\\/\\\/www.uges-isere.fr\\\/index.php\\\/2023\\\/11\\\/22\\\/schema-global-des-solidarites-ce-quattendent-les-elu-es-uges\\\/\"]}]},{\"@type\":\"ImageObject\",\"inLanguage\":\"fr-FR\",\"@id\":\"https:\\\/\\\/www.uges-isere.fr\\\/index.php\\\/2023\\\/11\\\/22\\\/schema-global-des-solidarites-ce-quattendent-les-elu-es-uges\\\/#primaryimage\",\"url\":\"https:\\\/\\\/www.uges-isere.fr\\\/wp-content\\\/uploads\\\/2022\\\/12\\\/closeup-of-diverse-people-joining-their-hands-1-scaled.jpg\",\"contentUrl\":\"https:\\\/\\\/www.uges-isere.fr\\\/wp-content\\\/uploads\\\/2022\\\/12\\\/closeup-of-diverse-people-joining-their-hands-1-scaled.jpg\",\"width\":2560,\"height\":1440,\"caption\":\"Closeup of diverse people joining their hands\"},{\"@type\":\"BreadcrumbList\",\"@id\":\"https:\\\/\\\/www.uges-isere.fr\\\/index.php\\\/2023\\\/11\\\/22\\\/schema-global-des-solidarites-ce-quattendent-les-elu-es-uges\\\/#breadcrumb\",\"itemListElement\":[{\"@type\":\"ListItem\",\"position\":1,\"name\":\"Accueil\",\"item\":\"https:\\\/\\\/www.uges-isere.fr\\\/\"},{\"@type\":\"ListItem\",\"position\":2,\"name\":\"Sch\u00e9ma global des solidarit\u00e9s : ce qu&rsquo;attendent les \u00e9lu-es UGES\"}]},{\"@type\":\"WebSite\",\"@id\":\"https:\\\/\\\/www.uges-isere.fr\\\/#website\",\"url\":\"https:\\\/\\\/www.uges-isere.fr\\\/\",\"name\":\"D\u00e9partement de l&#039;Is\u00e8re\",\"description\":\"Groupe d&#039;opposition UGES\",\"publisher\":{\"@id\":\"https:\\\/\\\/www.uges-isere.fr\\\/#organization\"},\"potentialAction\":[{\"@type\":\"SearchAction\",\"target\":{\"@type\":\"EntryPoint\",\"urlTemplate\":\"https:\\\/\\\/www.uges-isere.fr\\\/?s={search_term_string}\"},\"query-input\":{\"@type\":\"PropertyValueSpecification\",\"valueRequired\":true,\"valueName\":\"search_term_string\"}}],\"inLanguage\":\"fr-FR\"},{\"@type\":\"Organization\",\"@id\":\"https:\\\/\\\/www.uges-isere.fr\\\/#organization\",\"name\":\"D\u00e9partement de l'Is\u00e8re\",\"url\":\"https:\\\/\\\/www.uges-isere.fr\\\/\",\"logo\":{\"@type\":\"ImageObject\",\"inLanguage\":\"fr-FR\",\"@id\":\"https:\\\/\\\/www.uges-isere.fr\\\/#\\\/schema\\\/logo\\\/image\\\/\",\"url\":\"https:\\\/\\\/www.uges-isere.fr\\\/wp-content\\\/uploads\\\/2021\\\/10\\\/logo-ok.png\",\"contentUrl\":\"https:\\\/\\\/www.uges-isere.fr\\\/wp-content\\\/uploads\\\/2021\\\/10\\\/logo-ok.png\",\"width\":2859,\"height\":1816,\"caption\":\"D\u00e9partement de l'Is\u00e8re\"},\"image\":{\"@id\":\"https:\\\/\\\/www.uges-isere.fr\\\/#\\\/schema\\\/logo\\\/image\\\/\"},\"sameAs\":[\"https:\\\/\\\/www.facebook.com\\\/LePrintemps38\",\"https:\\\/\\\/x.com\\\/GroupeUGES38\"]},{\"@type\":\"Person\",\"@id\":\"https:\\\/\\\/www.uges-isere.fr\\\/#\\\/schema\\\/person\\\/a200926d67119314e8837b6a085de83a\",\"name\":\"ThibaudUGES38\",\"image\":{\"@type\":\"ImageObject\",\"inLanguage\":\"fr-FR\",\"@id\":\"https:\\\/\\\/secure.gravatar.com\\\/avatar\\\/e182ebfe597e409aafe3378f828607b2b757ed94a3489b20112818296e03b151?s=96&d=mm&r=g\",\"url\":\"https:\\\/\\\/secure.gravatar.com\\\/avatar\\\/e182ebfe597e409aafe3378f828607b2b757ed94a3489b20112818296e03b151?s=96&d=mm&r=g\",\"contentUrl\":\"https:\\\/\\\/secure.gravatar.com\\\/avatar\\\/e182ebfe597e409aafe3378f828607b2b757ed94a3489b20112818296e03b151?s=96&d=mm&r=g\",\"caption\":\"ThibaudUGES38\"},\"url\":\"https:\\\/\\\/www.uges-isere.fr\\\/index.php\\\/author\\\/thibauduges38\\\/\"}]}<\/script>\n<!-- \/ Yoast SEO plugin. -->","yoast_head_json":{"title":"Sch\u00e9ma global des solidarit\u00e9s : ce qu'attendent les \u00e9lu-es UGES - D\u00e9partement de l&#039;Is\u00e8re","robots":{"index":"index","follow":"follow","max-snippet":"max-snippet:-1","max-image-preview":"max-image-preview:large","max-video-preview":"max-video-preview:-1"},"canonical":"https:\/\/www.uges-isere.fr\/index.php\/2023\/11\/22\/schema-global-des-solidarites-ce-quattendent-les-elu-es-uges\/","og_locale":"fr_FR","og_type":"article","og_title":"Sch\u00e9ma global des solidarit\u00e9s : ce qu'attendent les \u00e9lu-es UGES - D\u00e9partement de l&#039;Is\u00e8re","og_description":"Le D\u00e9partement de l&rsquo;Is\u00e8re souhaite construire pour 2027 un sch\u00e9ma global des solidarit\u00e9s, document de cadrage de l\u2019ensemble &hellip;","og_url":"https:\/\/www.uges-isere.fr\/index.php\/2023\/11\/22\/schema-global-des-solidarites-ce-quattendent-les-elu-es-uges\/","og_site_name":"D\u00e9partement de l&#039;Is\u00e8re","article_publisher":"https:\/\/www.facebook.com\/LePrintemps38","article_published_time":"2023-11-22T10:06:43+00:00","article_modified_time":"2023-12-12T20:29:22+00:00","og_image":[{"width":2560,"height":1440,"url":"https:\/\/www.uges-isere.fr\/wp-content\/uploads\/2022\/12\/closeup-of-diverse-people-joining-their-hands-1-scaled.jpg","type":"image\/jpeg"}],"author":"ThibaudUGES38","twitter_card":"summary_large_image","twitter_creator":"@GroupeUGES38","twitter_site":"@GroupeUGES38","twitter_misc":{"\u00c9crit par":"ThibaudUGES38","Dur\u00e9e de lecture estim\u00e9e":"4 minutes"},"schema":{"@context":"https:\/\/schema.org","@graph":[{"@type":"Article","@id":"https:\/\/www.uges-isere.fr\/index.php\/2023\/11\/22\/schema-global-des-solidarites-ce-quattendent-les-elu-es-uges\/#article","isPartOf":{"@id":"https:\/\/www.uges-isere.fr\/index.php\/2023\/11\/22\/schema-global-des-solidarites-ce-quattendent-les-elu-es-uges\/"},"author":{"name":"ThibaudUGES38","@id":"https:\/\/www.uges-isere.fr\/#\/schema\/person\/a200926d67119314e8837b6a085de83a"},"headline":"Sch\u00e9ma global des solidarit\u00e9s : ce qu&rsquo;attendent les \u00e9lu-es UGES","datePublished":"2023-11-22T10:06:43+00:00","dateModified":"2023-12-12T20:29:22+00:00","mainEntityOfPage":{"@id":"https:\/\/www.uges-isere.fr\/index.php\/2023\/11\/22\/schema-global-des-solidarites-ce-quattendent-les-elu-es-uges\/"},"wordCount":754,"commentCount":0,"publisher":{"@id":"https:\/\/www.uges-isere.fr\/#organization"},"image":{"@id":"https:\/\/www.uges-isere.fr\/index.php\/2023\/11\/22\/schema-global-des-solidarites-ce-quattendent-les-elu-es-uges\/#primaryimage"},"thumbnailUrl":"https:\/\/www.uges-isere.fr\/wp-content\/uploads\/2022\/12\/closeup-of-diverse-people-joining-their-hands-1-scaled.jpg","keywords":["acc\u00e8s aux droits","action sociale","chef de file","continuit\u00e9","\u00e9tudiants","jeunes","m\u00e9dico-social","non recours","pr\u00e9carit\u00e9","solidarit\u00e9s"],"articleSection":["Action sociale","S\u00e9ance publique (D\u00e9bat d'orientation budg\u00e9taire 2024) - Novembre 2023"],"inLanguage":"fr-FR","potentialAction":[{"@type":"CommentAction","name":"Comment","target":["https:\/\/www.uges-isere.fr\/index.php\/2023\/11\/22\/schema-global-des-solidarites-ce-quattendent-les-elu-es-uges\/#respond"]}]},{"@type":"WebPage","@id":"https:\/\/www.uges-isere.fr\/index.php\/2023\/11\/22\/schema-global-des-solidarites-ce-quattendent-les-elu-es-uges\/","url":"https:\/\/www.uges-isere.fr\/index.php\/2023\/11\/22\/schema-global-des-solidarites-ce-quattendent-les-elu-es-uges\/","name":"Sch\u00e9ma global des solidarit\u00e9s : ce qu'attendent les \u00e9lu-es UGES - D\u00e9partement de l&#039;Is\u00e8re","isPartOf":{"@id":"https:\/\/www.uges-isere.fr\/#website"},"primaryImageOfPage":{"@id":"https:\/\/www.uges-isere.fr\/index.php\/2023\/11\/22\/schema-global-des-solidarites-ce-quattendent-les-elu-es-uges\/#primaryimage"},"image":{"@id":"https:\/\/www.uges-isere.fr\/index.php\/2023\/11\/22\/schema-global-des-solidarites-ce-quattendent-les-elu-es-uges\/#primaryimage"},"thumbnailUrl":"https:\/\/www.uges-isere.fr\/wp-content\/uploads\/2022\/12\/closeup-of-diverse-people-joining-their-hands-1-scaled.jpg","datePublished":"2023-11-22T10:06:43+00:00","dateModified":"2023-12-12T20:29:22+00:00","breadcrumb":{"@id":"https:\/\/www.uges-isere.fr\/index.php\/2023\/11\/22\/schema-global-des-solidarites-ce-quattendent-les-elu-es-uges\/#breadcrumb"},"inLanguage":"fr-FR","potentialAction":[{"@type":"ReadAction","target":["https:\/\/www.uges-isere.fr\/index.php\/2023\/11\/22\/schema-global-des-solidarites-ce-quattendent-les-elu-es-uges\/"]}]},{"@type":"ImageObject","inLanguage":"fr-FR","@id":"https:\/\/www.uges-isere.fr\/index.php\/2023\/11\/22\/schema-global-des-solidarites-ce-quattendent-les-elu-es-uges\/#primaryimage","url":"https:\/\/www.uges-isere.fr\/wp-content\/uploads\/2022\/12\/closeup-of-diverse-people-joining-their-hands-1-scaled.jpg","contentUrl":"https:\/\/www.uges-isere.fr\/wp-content\/uploads\/2022\/12\/closeup-of-diverse-people-joining-their-hands-1-scaled.jpg","width":2560,"height":1440,"caption":"Closeup of diverse people joining their hands"},{"@type":"BreadcrumbList","@id":"https:\/\/www.uges-isere.fr\/index.php\/2023\/11\/22\/schema-global-des-solidarites-ce-quattendent-les-elu-es-uges\/#breadcrumb","itemListElement":[{"@type":"ListItem","position":1,"name":"Accueil","item":"https:\/\/www.uges-isere.fr\/"},{"@type":"ListItem","position":2,"name":"Sch\u00e9ma global des solidarit\u00e9s : ce qu&rsquo;attendent les \u00e9lu-es UGES"}]},{"@type":"WebSite","@id":"https:\/\/www.uges-isere.fr\/#website","url":"https:\/\/www.uges-isere.fr\/","name":"D\u00e9partement de l&#039;Is\u00e8re","description":"Groupe d&#039;opposition UGES","publisher":{"@id":"https:\/\/www.uges-isere.fr\/#organization"},"potentialAction":[{"@type":"SearchAction","target":{"@type":"EntryPoint","urlTemplate":"https:\/\/www.uges-isere.fr\/?s={search_term_string}"},"query-input":{"@type":"PropertyValueSpecification","valueRequired":true,"valueName":"search_term_string"}}],"inLanguage":"fr-FR"},{"@type":"Organization","@id":"https:\/\/www.uges-isere.fr\/#organization","name":"D\u00e9partement de l'Is\u00e8re","url":"https:\/\/www.uges-isere.fr\/","logo":{"@type":"ImageObject","inLanguage":"fr-FR","@id":"https:\/\/www.uges-isere.fr\/#\/schema\/logo\/image\/","url":"https:\/\/www.uges-isere.fr\/wp-content\/uploads\/2021\/10\/logo-ok.png","contentUrl":"https:\/\/www.uges-isere.fr\/wp-content\/uploads\/2021\/10\/logo-ok.png","width":2859,"height":1816,"caption":"D\u00e9partement de l'Is\u00e8re"},"image":{"@id":"https:\/\/www.uges-isere.fr\/#\/schema\/logo\/image\/"},"sameAs":["https:\/\/www.facebook.com\/LePrintemps38","https:\/\/x.com\/GroupeUGES38"]},{"@type":"Person","@id":"https:\/\/www.uges-isere.fr\/#\/schema\/person\/a200926d67119314e8837b6a085de83a","name":"ThibaudUGES38","image":{"@type":"ImageObject","inLanguage":"fr-FR","@id":"https:\/\/secure.gravatar.com\/avatar\/e182ebfe597e409aafe3378f828607b2b757ed94a3489b20112818296e03b151?s=96&d=mm&r=g","url":"https:\/\/secure.gravatar.com\/avatar\/e182ebfe597e409aafe3378f828607b2b757ed94a3489b20112818296e03b151?s=96&d=mm&r=g","contentUrl":"https:\/\/secure.gravatar.com\/avatar\/e182ebfe597e409aafe3378f828607b2b757ed94a3489b20112818296e03b151?s=96&d=mm&r=g","caption":"ThibaudUGES38"},"url":"https:\/\/www.uges-isere.fr\/index.php\/author\/thibauduges38\/"}]}},"_links":{"self":[{"href":"https:\/\/www.uges-isere.fr\/index.php\/wp-json\/wp\/v2\/posts\/683825","targetHints":{"allow":["GET"]}}],"collection":[{"href":"https:\/\/www.uges-isere.fr\/index.php\/wp-json\/wp\/v2\/posts"}],"about":[{"href":"https:\/\/www.uges-isere.fr\/index.php\/wp-json\/wp\/v2\/types\/post"}],"author":[{"embeddable":true,"href":"https:\/\/www.uges-isere.fr\/index.php\/wp-json\/wp\/v2\/users\/8"}],"replies":[{"embeddable":true,"href":"https:\/\/www.uges-isere.fr\/index.php\/wp-json\/wp\/v2\/comments?post=683825"}],"version-history":[{"count":2,"href":"https:\/\/www.uges-isere.fr\/index.php\/wp-json\/wp\/v2\/posts\/683825\/revisions"}],"predecessor-version":[{"id":683884,"href":"https:\/\/www.uges-isere.fr\/index.php\/wp-json\/wp\/v2\/posts\/683825\/revisions\/683884"}],"wp:featuredmedia":[{"embeddable":true,"href":"https:\/\/www.uges-isere.fr\/index.php\/wp-json\/wp\/v2\/media\/682791"}],"wp:attachment":[{"href":"https:\/\/www.uges-isere.fr\/index.php\/wp-json\/wp\/v2\/media?parent=683825"}],"wp:term":[{"taxonomy":"category","embeddable":true,"href":"https:\/\/www.uges-isere.fr\/index.php\/wp-json\/wp\/v2\/categories?post=683825"},{"taxonomy":"post_tag","embeddable":true,"href":"https:\/\/www.uges-isere.fr\/index.php\/wp-json\/wp\/v2\/tags?post=683825"}],"curies":[{"name":"wp","href":"https:\/\/api.w.org\/{rel}","templated":true}]}}