{"id":683803,"date":"2023-10-31T12:16:31","date_gmt":"2023-10-31T11:16:31","guid":{"rendered":"https:\/\/www.uges-isere.fr\/?p=683803"},"modified":"2025-06-02T11:52:23","modified_gmt":"2025-06-02T09:52:23","slug":"commission-permanente-doctobre-2023","status":"publish","type":"post","link":"https:\/\/www.uges-isere.fr\/index.php\/2023\/10\/31\/commission-permanente-doctobre-2023\/","title":{"rendered":"Retour sur la commission permanente d&rsquo;octobre 2023"},"content":{"rendered":"\n<p>\u00c0 la suite de la s\u00e9ance publique consacr\u00e9e \u00e0 la D\u00e9cision modificative budg\u00e9taire, les conseill\u00e8res et conseillers d\u00e9partementaux du groupe UGES se sont r\u00e9unis pour la commission permanente d\u2019octobre&nbsp; afin de voter sur 70 d\u00e9lib\u00e9rations. Les \u00e9lu-es se sont notamment positionn\u00e9s :&nbsp;<\/p>\n\n\n\n<p>\ud83d\udfe2Pour le soutien aux associations sportives pour l\u2019organisation de leurs manifestations, la gestion de leurs sites, leur soutien aux athl\u00e8tes de la \u201cTeam Sport Is\u00e8re\u201d ou encore leurs investissements \u201csport sant\u00e9 et handicap\u201d ;&nbsp;<\/p>\n\n\n\n<p>\ud83d\udd34Contre la Convention avec l\u2019association l\u2019Oiseau bleu relative au financement de la mission d\u2019accompagnement social exerc\u00e9e par le Service d\u2019accompagnement au logement transitoire (Salto) qui a vu ses moyens divis\u00e9s par 3 depuis l\u2019arriv\u00e9e de la Droite en 2015;&nbsp;<\/p>\n\n\n\n<p>\ud83d\udfe0Abstention sur la Convention de partenariat relative \u00e0 la mission d\u2019accompagnement social de la Ma\u00eetrise d\u2019oeuvre urbaine et sociale m\u00e9tropolitaine vise \u00e0 inclure les m\u00e9nages en difficult\u00e9 de logement par la lutte contre l\u2019habitat pr\u00e9caire et l\u2019accompagnement \u00e0 la fermeture des squats et campements illicites. Le soutien du D\u00e9partement est r\u00e9duit \u00e0 la portion congrue (25 000\u20ac sur un budget total de 420 000\u20ac) alors que ces dispositifs sont le coeur de son action premi\u00e8re de solidarit\u00e9 ;<\/p>\n\n\n\n<p>\ud83d\udfe2Pour aider les structures de l\u2019insertion par l\u2019activit\u00e9 \u00e9conomique (IAE) \u00e0 am\u00e9liorer les conditions de travail des salari\u00e9s, \u00e0 adapter leurs outils de production ou leurs locaux ;<\/p>\n\n\n\n<p>\ud83d\udfe0Abstention sur la tarification de la restauration scolaire en faveur des agents d\u00e9partementaux et de l\u2019Etat. En effet, comme pour les \u00e9l\u00e8ves, le D\u00e9partement met en place un tarif unique pour les agents du D\u00e9partement sans prendre en compte leur indice (salaire), une mesure in\u00e9quitable ;<\/p>\n\n\n\n<p>\ud83d\udfe2Pour la r\u00e9novation de 726 logements du Parc social is\u00e9rois ;<\/p>\n","protected":false},"excerpt":{"rendered":"<p>\u00c0 la suite de la s\u00e9ance publique consacr\u00e9e \u00e0 la D\u00e9cision modificative budg\u00e9taire, les conseill\u00e8res et conseillers d\u00e9partementaux &hellip; <\/p>\n","protected":false},"author":8,"featured_media":683767,"comment_status":"open","ping_status":"open","sticky":false,"template":"","format":"standard","meta":{"footnotes":""},"categories":[350,153,120],"tags":[],"class_list":["post-683803","post","type-post","status-publish","format-standard","has-post-thumbnail","hentry","category-350","category-commission-permanente-octobre-2023","category-commissions-permanentes"],"yoast_head":"<!-- This site is optimized with the Yoast SEO plugin v27.5 - https:\/\/yoast.com\/product\/yoast-seo-wordpress\/ -->\n<title>Retour sur la commission permanente d&#039;octobre 2023 - D\u00e9partement de l&#039;Is\u00e8re<\/title>\n<meta name=\"robots\" content=\"index, follow, max-snippet:-1, max-image-preview:large, max-video-preview:-1\" \/>\n<link rel=\"canonical\" href=\"https:\/\/www.uges-isere.fr\/index.php\/2023\/10\/31\/commission-permanente-doctobre-2023\/\" \/>\n<meta property=\"og:locale\" content=\"fr_FR\" \/>\n<meta property=\"og:type\" content=\"article\" \/>\n<meta property=\"og:title\" content=\"Retour sur la commission permanente d&#039;octobre 2023 - D\u00e9partement de l&#039;Is\u00e8re\" \/>\n<meta property=\"og:description\" content=\"\u00c0 la suite de la s\u00e9ance publique consacr\u00e9e \u00e0 la D\u00e9cision modificative budg\u00e9taire, les conseill\u00e8res et conseillers d\u00e9partementaux &hellip;\" \/>\n<meta property=\"og:url\" content=\"https:\/\/www.uges-isere.fr\/index.php\/2023\/10\/31\/commission-permanente-doctobre-2023\/\" \/>\n<meta property=\"og:site_name\" content=\"D\u00e9partement de l&#039;Is\u00e8re\" \/>\n<meta property=\"article:publisher\" content=\"https:\/\/www.facebook.com\/LePrintemps38\" \/>\n<meta property=\"article:published_time\" content=\"2023-10-31T11:16:31+00:00\" \/>\n<meta property=\"article:modified_time\" content=\"2025-06-02T09:52:23+00:00\" \/>\n<meta property=\"og:image\" content=\"https:\/\/www.uges-isere.fr\/wp-content\/uploads\/2023\/07\/Capture-decran-2023-07-17-164305.png\" \/>\n\t<meta property=\"og:image:width\" content=\"1075\" \/>\n\t<meta property=\"og:image:height\" content=\"721\" \/>\n\t<meta property=\"og:image:type\" content=\"image\/png\" \/>\n<meta name=\"author\" content=\"ThibaudUGES38\" \/>\n<meta name=\"twitter:card\" content=\"summary_large_image\" \/>\n<meta name=\"twitter:creator\" content=\"@GroupeUGES38\" \/>\n<meta name=\"twitter:site\" content=\"@GroupeUGES38\" \/>\n<meta name=\"twitter:label1\" content=\"\u00c9crit par\" \/>\n\t<meta name=\"twitter:data1\" content=\"ThibaudUGES38\" \/>\n\t<meta name=\"twitter:label2\" content=\"Dur\u00e9e de lecture estim\u00e9e\" \/>\n\t<meta name=\"twitter:data2\" content=\"2 minutes\" \/>\n<script type=\"application\/ld+json\" class=\"yoast-schema-graph\">{\"@context\":\"https:\\\/\\\/schema.org\",\"@graph\":[{\"@type\":\"Article\",\"@id\":\"https:\\\/\\\/www.uges-isere.fr\\\/index.php\\\/2023\\\/10\\\/31\\\/commission-permanente-doctobre-2023\\\/#article\",\"isPartOf\":{\"@id\":\"https:\\\/\\\/www.uges-isere.fr\\\/index.php\\\/2023\\\/10\\\/31\\\/commission-permanente-doctobre-2023\\\/\"},\"author\":{\"name\":\"ThibaudUGES38\",\"@id\":\"https:\\\/\\\/www.uges-isere.fr\\\/#\\\/schema\\\/person\\\/a200926d67119314e8837b6a085de83a\"},\"headline\":\"Retour sur la commission permanente d&rsquo;octobre 2023\",\"datePublished\":\"2023-10-31T11:16:31+00:00\",\"dateModified\":\"2025-06-02T09:52:23+00:00\",\"mainEntityOfPage\":{\"@id\":\"https:\\\/\\\/www.uges-isere.fr\\\/index.php\\\/2023\\\/10\\\/31\\\/commission-permanente-doctobre-2023\\\/\"},\"wordCount\":311,\"commentCount\":0,\"publisher\":{\"@id\":\"https:\\\/\\\/www.uges-isere.fr\\\/#organization\"},\"image\":{\"@id\":\"https:\\\/\\\/www.uges-isere.fr\\\/index.php\\\/2023\\\/10\\\/31\\\/commission-permanente-doctobre-2023\\\/#primaryimage\"},\"thumbnailUrl\":\"https:\\\/\\\/www.uges-isere.fr\\\/wp-content\\\/uploads\\\/2023\\\/07\\\/Capture-decran-2023-07-17-164305.png\",\"articleSection\":[\"2023\",\"Commission permanente - Octobre 2023\",\"Commissions permanentes\"],\"inLanguage\":\"fr-FR\",\"potentialAction\":[{\"@type\":\"CommentAction\",\"name\":\"Comment\",\"target\":[\"https:\\\/\\\/www.uges-isere.fr\\\/index.php\\\/2023\\\/10\\\/31\\\/commission-permanente-doctobre-2023\\\/#respond\"]}]},{\"@type\":\"WebPage\",\"@id\":\"https:\\\/\\\/www.uges-isere.fr\\\/index.php\\\/2023\\\/10\\\/31\\\/commission-permanente-doctobre-2023\\\/\",\"url\":\"https:\\\/\\\/www.uges-isere.fr\\\/index.php\\\/2023\\\/10\\\/31\\\/commission-permanente-doctobre-2023\\\/\",\"name\":\"Retour sur la commission permanente d'octobre 2023 - D\u00e9partement de l&#039;Is\u00e8re\",\"isPartOf\":{\"@id\":\"https:\\\/\\\/www.uges-isere.fr\\\/#website\"},\"primaryImageOfPage\":{\"@id\":\"https:\\\/\\\/www.uges-isere.fr\\\/index.php\\\/2023\\\/10\\\/31\\\/commission-permanente-doctobre-2023\\\/#primaryimage\"},\"image\":{\"@id\":\"https:\\\/\\\/www.uges-isere.fr\\\/index.php\\\/2023\\\/10\\\/31\\\/commission-permanente-doctobre-2023\\\/#primaryimage\"},\"thumbnailUrl\":\"https:\\\/\\\/www.uges-isere.fr\\\/wp-content\\\/uploads\\\/2023\\\/07\\\/Capture-decran-2023-07-17-164305.png\",\"datePublished\":\"2023-10-31T11:16:31+00:00\",\"dateModified\":\"2025-06-02T09:52:23+00:00\",\"breadcrumb\":{\"@id\":\"https:\\\/\\\/www.uges-isere.fr\\\/index.php\\\/2023\\\/10\\\/31\\\/commission-permanente-doctobre-2023\\\/#breadcrumb\"},\"inLanguage\":\"fr-FR\",\"potentialAction\":[{\"@type\":\"ReadAction\",\"target\":[\"https:\\\/\\\/www.uges-isere.fr\\\/index.php\\\/2023\\\/10\\\/31\\\/commission-permanente-doctobre-2023\\\/\"]}]},{\"@type\":\"ImageObject\",\"inLanguage\":\"fr-FR\",\"@id\":\"https:\\\/\\\/www.uges-isere.fr\\\/index.php\\\/2023\\\/10\\\/31\\\/commission-permanente-doctobre-2023\\\/#primaryimage\",\"url\":\"https:\\\/\\\/www.uges-isere.fr\\\/wp-content\\\/uploads\\\/2023\\\/07\\\/Capture-decran-2023-07-17-164305.png\",\"contentUrl\":\"https:\\\/\\\/www.uges-isere.fr\\\/wp-content\\\/uploads\\\/2023\\\/07\\\/Capture-decran-2023-07-17-164305.png\",\"width\":1075,\"height\":721},{\"@type\":\"BreadcrumbList\",\"@id\":\"https:\\\/\\\/www.uges-isere.fr\\\/index.php\\\/2023\\\/10\\\/31\\\/commission-permanente-doctobre-2023\\\/#breadcrumb\",\"itemListElement\":[{\"@type\":\"ListItem\",\"position\":1,\"name\":\"Accueil\",\"item\":\"https:\\\/\\\/www.uges-isere.fr\\\/\"},{\"@type\":\"ListItem\",\"position\":2,\"name\":\"Retour sur la commission permanente d&rsquo;octobre 2023\"}]},{\"@type\":\"WebSite\",\"@id\":\"https:\\\/\\\/www.uges-isere.fr\\\/#website\",\"url\":\"https:\\\/\\\/www.uges-isere.fr\\\/\",\"name\":\"D\u00e9partement de l&#039;Is\u00e8re\",\"description\":\"Groupe d&#039;opposition UGES\",\"publisher\":{\"@id\":\"https:\\\/\\\/www.uges-isere.fr\\\/#organization\"},\"potentialAction\":[{\"@type\":\"SearchAction\",\"target\":{\"@type\":\"EntryPoint\",\"urlTemplate\":\"https:\\\/\\\/www.uges-isere.fr\\\/?s={search_term_string}\"},\"query-input\":{\"@type\":\"PropertyValueSpecification\",\"valueRequired\":true,\"valueName\":\"search_term_string\"}}],\"inLanguage\":\"fr-FR\"},{\"@type\":\"Organization\",\"@id\":\"https:\\\/\\\/www.uges-isere.fr\\\/#organization\",\"name\":\"D\u00e9partement de l'Is\u00e8re\",\"url\":\"https:\\\/\\\/www.uges-isere.fr\\\/\",\"logo\":{\"@type\":\"ImageObject\",\"inLanguage\":\"fr-FR\",\"@id\":\"https:\\\/\\\/www.uges-isere.fr\\\/#\\\/schema\\\/logo\\\/image\\\/\",\"url\":\"https:\\\/\\\/www.uges-isere.fr\\\/wp-content\\\/uploads\\\/2021\\\/10\\\/logo-ok.png\",\"contentUrl\":\"https:\\\/\\\/www.uges-isere.fr\\\/wp-content\\\/uploads\\\/2021\\\/10\\\/logo-ok.png\",\"width\":2859,\"height\":1816,\"caption\":\"D\u00e9partement de l'Is\u00e8re\"},\"image\":{\"@id\":\"https:\\\/\\\/www.uges-isere.fr\\\/#\\\/schema\\\/logo\\\/image\\\/\"},\"sameAs\":[\"https:\\\/\\\/www.facebook.com\\\/LePrintemps38\",\"https:\\\/\\\/x.com\\\/GroupeUGES38\"]},{\"@type\":\"Person\",\"@id\":\"https:\\\/\\\/www.uges-isere.fr\\\/#\\\/schema\\\/person\\\/a200926d67119314e8837b6a085de83a\",\"name\":\"ThibaudUGES38\",\"image\":{\"@type\":\"ImageObject\",\"inLanguage\":\"fr-FR\",\"@id\":\"https:\\\/\\\/secure.gravatar.com\\\/avatar\\\/e182ebfe597e409aafe3378f828607b2b757ed94a3489b20112818296e03b151?s=96&d=mm&r=g\",\"url\":\"https:\\\/\\\/secure.gravatar.com\\\/avatar\\\/e182ebfe597e409aafe3378f828607b2b757ed94a3489b20112818296e03b151?s=96&d=mm&r=g\",\"contentUrl\":\"https:\\\/\\\/secure.gravatar.com\\\/avatar\\\/e182ebfe597e409aafe3378f828607b2b757ed94a3489b20112818296e03b151?s=96&d=mm&r=g\",\"caption\":\"ThibaudUGES38\"},\"url\":\"https:\\\/\\\/www.uges-isere.fr\\\/index.php\\\/author\\\/thibauduges38\\\/\"}]}<\/script>\n<!-- \/ Yoast SEO plugin. -->","yoast_head_json":{"title":"Retour sur la commission permanente d'octobre 2023 - D\u00e9partement de l&#039;Is\u00e8re","robots":{"index":"index","follow":"follow","max-snippet":"max-snippet:-1","max-image-preview":"max-image-preview:large","max-video-preview":"max-video-preview:-1"},"canonical":"https:\/\/www.uges-isere.fr\/index.php\/2023\/10\/31\/commission-permanente-doctobre-2023\/","og_locale":"fr_FR","og_type":"article","og_title":"Retour sur la commission permanente d'octobre 2023 - D\u00e9partement de l&#039;Is\u00e8re","og_description":"\u00c0 la suite de la s\u00e9ance publique consacr\u00e9e \u00e0 la D\u00e9cision modificative budg\u00e9taire, les conseill\u00e8res et conseillers d\u00e9partementaux &hellip;","og_url":"https:\/\/www.uges-isere.fr\/index.php\/2023\/10\/31\/commission-permanente-doctobre-2023\/","og_site_name":"D\u00e9partement de l&#039;Is\u00e8re","article_publisher":"https:\/\/www.facebook.com\/LePrintemps38","article_published_time":"2023-10-31T11:16:31+00:00","article_modified_time":"2025-06-02T09:52:23+00:00","og_image":[{"width":1075,"height":721,"url":"https:\/\/www.uges-isere.fr\/wp-content\/uploads\/2023\/07\/Capture-decran-2023-07-17-164305.png","type":"image\/png"}],"author":"ThibaudUGES38","twitter_card":"summary_large_image","twitter_creator":"@GroupeUGES38","twitter_site":"@GroupeUGES38","twitter_misc":{"\u00c9crit par":"ThibaudUGES38","Dur\u00e9e de lecture estim\u00e9e":"2 minutes"},"schema":{"@context":"https:\/\/schema.org","@graph":[{"@type":"Article","@id":"https:\/\/www.uges-isere.fr\/index.php\/2023\/10\/31\/commission-permanente-doctobre-2023\/#article","isPartOf":{"@id":"https:\/\/www.uges-isere.fr\/index.php\/2023\/10\/31\/commission-permanente-doctobre-2023\/"},"author":{"name":"ThibaudUGES38","@id":"https:\/\/www.uges-isere.fr\/#\/schema\/person\/a200926d67119314e8837b6a085de83a"},"headline":"Retour sur la commission permanente d&rsquo;octobre 2023","datePublished":"2023-10-31T11:16:31+00:00","dateModified":"2025-06-02T09:52:23+00:00","mainEntityOfPage":{"@id":"https:\/\/www.uges-isere.fr\/index.php\/2023\/10\/31\/commission-permanente-doctobre-2023\/"},"wordCount":311,"commentCount":0,"publisher":{"@id":"https:\/\/www.uges-isere.fr\/#organization"},"image":{"@id":"https:\/\/www.uges-isere.fr\/index.php\/2023\/10\/31\/commission-permanente-doctobre-2023\/#primaryimage"},"thumbnailUrl":"https:\/\/www.uges-isere.fr\/wp-content\/uploads\/2023\/07\/Capture-decran-2023-07-17-164305.png","articleSection":["2023","Commission permanente - Octobre 2023","Commissions permanentes"],"inLanguage":"fr-FR","potentialAction":[{"@type":"CommentAction","name":"Comment","target":["https:\/\/www.uges-isere.fr\/index.php\/2023\/10\/31\/commission-permanente-doctobre-2023\/#respond"]}]},{"@type":"WebPage","@id":"https:\/\/www.uges-isere.fr\/index.php\/2023\/10\/31\/commission-permanente-doctobre-2023\/","url":"https:\/\/www.uges-isere.fr\/index.php\/2023\/10\/31\/commission-permanente-doctobre-2023\/","name":"Retour sur la commission permanente d'octobre 2023 - D\u00e9partement de l&#039;Is\u00e8re","isPartOf":{"@id":"https:\/\/www.uges-isere.fr\/#website"},"primaryImageOfPage":{"@id":"https:\/\/www.uges-isere.fr\/index.php\/2023\/10\/31\/commission-permanente-doctobre-2023\/#primaryimage"},"image":{"@id":"https:\/\/www.uges-isere.fr\/index.php\/2023\/10\/31\/commission-permanente-doctobre-2023\/#primaryimage"},"thumbnailUrl":"https:\/\/www.uges-isere.fr\/wp-content\/uploads\/2023\/07\/Capture-decran-2023-07-17-164305.png","datePublished":"2023-10-31T11:16:31+00:00","dateModified":"2025-06-02T09:52:23+00:00","breadcrumb":{"@id":"https:\/\/www.uges-isere.fr\/index.php\/2023\/10\/31\/commission-permanente-doctobre-2023\/#breadcrumb"},"inLanguage":"fr-FR","potentialAction":[{"@type":"ReadAction","target":["https:\/\/www.uges-isere.fr\/index.php\/2023\/10\/31\/commission-permanente-doctobre-2023\/"]}]},{"@type":"ImageObject","inLanguage":"fr-FR","@id":"https:\/\/www.uges-isere.fr\/index.php\/2023\/10\/31\/commission-permanente-doctobre-2023\/#primaryimage","url":"https:\/\/www.uges-isere.fr\/wp-content\/uploads\/2023\/07\/Capture-decran-2023-07-17-164305.png","contentUrl":"https:\/\/www.uges-isere.fr\/wp-content\/uploads\/2023\/07\/Capture-decran-2023-07-17-164305.png","width":1075,"height":721},{"@type":"BreadcrumbList","@id":"https:\/\/www.uges-isere.fr\/index.php\/2023\/10\/31\/commission-permanente-doctobre-2023\/#breadcrumb","itemListElement":[{"@type":"ListItem","position":1,"name":"Accueil","item":"https:\/\/www.uges-isere.fr\/"},{"@type":"ListItem","position":2,"name":"Retour sur la commission permanente d&rsquo;octobre 2023"}]},{"@type":"WebSite","@id":"https:\/\/www.uges-isere.fr\/#website","url":"https:\/\/www.uges-isere.fr\/","name":"D\u00e9partement de l&#039;Is\u00e8re","description":"Groupe d&#039;opposition UGES","publisher":{"@id":"https:\/\/www.uges-isere.fr\/#organization"},"potentialAction":[{"@type":"SearchAction","target":{"@type":"EntryPoint","urlTemplate":"https:\/\/www.uges-isere.fr\/?s={search_term_string}"},"query-input":{"@type":"PropertyValueSpecification","valueRequired":true,"valueName":"search_term_string"}}],"inLanguage":"fr-FR"},{"@type":"Organization","@id":"https:\/\/www.uges-isere.fr\/#organization","name":"D\u00e9partement de l'Is\u00e8re","url":"https:\/\/www.uges-isere.fr\/","logo":{"@type":"ImageObject","inLanguage":"fr-FR","@id":"https:\/\/www.uges-isere.fr\/#\/schema\/logo\/image\/","url":"https:\/\/www.uges-isere.fr\/wp-content\/uploads\/2021\/10\/logo-ok.png","contentUrl":"https:\/\/www.uges-isere.fr\/wp-content\/uploads\/2021\/10\/logo-ok.png","width":2859,"height":1816,"caption":"D\u00e9partement de l'Is\u00e8re"},"image":{"@id":"https:\/\/www.uges-isere.fr\/#\/schema\/logo\/image\/"},"sameAs":["https:\/\/www.facebook.com\/LePrintemps38","https:\/\/x.com\/GroupeUGES38"]},{"@type":"Person","@id":"https:\/\/www.uges-isere.fr\/#\/schema\/person\/a200926d67119314e8837b6a085de83a","name":"ThibaudUGES38","image":{"@type":"ImageObject","inLanguage":"fr-FR","@id":"https:\/\/secure.gravatar.com\/avatar\/e182ebfe597e409aafe3378f828607b2b757ed94a3489b20112818296e03b151?s=96&d=mm&r=g","url":"https:\/\/secure.gravatar.com\/avatar\/e182ebfe597e409aafe3378f828607b2b757ed94a3489b20112818296e03b151?s=96&d=mm&r=g","contentUrl":"https:\/\/secure.gravatar.com\/avatar\/e182ebfe597e409aafe3378f828607b2b757ed94a3489b20112818296e03b151?s=96&d=mm&r=g","caption":"ThibaudUGES38"},"url":"https:\/\/www.uges-isere.fr\/index.php\/author\/thibauduges38\/"}]}},"_links":{"self":[{"href":"https:\/\/www.uges-isere.fr\/index.php\/wp-json\/wp\/v2\/posts\/683803","targetHints":{"allow":["GET"]}}],"collection":[{"href":"https:\/\/www.uges-isere.fr\/index.php\/wp-json\/wp\/v2\/posts"}],"about":[{"href":"https:\/\/www.uges-isere.fr\/index.php\/wp-json\/wp\/v2\/types\/post"}],"author":[{"embeddable":true,"href":"https:\/\/www.uges-isere.fr\/index.php\/wp-json\/wp\/v2\/users\/8"}],"replies":[{"embeddable":true,"href":"https:\/\/www.uges-isere.fr\/index.php\/wp-json\/wp\/v2\/comments?post=683803"}],"version-history":[{"count":3,"href":"https:\/\/www.uges-isere.fr\/index.php\/wp-json\/wp\/v2\/posts\/683803\/revisions"}],"predecessor-version":[{"id":684361,"href":"https:\/\/www.uges-isere.fr\/index.php\/wp-json\/wp\/v2\/posts\/683803\/revisions\/684361"}],"wp:featuredmedia":[{"embeddable":true,"href":"https:\/\/www.uges-isere.fr\/index.php\/wp-json\/wp\/v2\/media\/683767"}],"wp:attachment":[{"href":"https:\/\/www.uges-isere.fr\/index.php\/wp-json\/wp\/v2\/media?parent=683803"}],"wp:term":[{"taxonomy":"category","embeddable":true,"href":"https:\/\/www.uges-isere.fr\/index.php\/wp-json\/wp\/v2\/categories?post=683803"},{"taxonomy":"post_tag","embeddable":true,"href":"https:\/\/www.uges-isere.fr\/index.php\/wp-json\/wp\/v2\/tags?post=683803"}],"curies":[{"name":"wp","href":"https:\/\/api.w.org\/{rel}","templated":true}]}}