{"id":683759,"date":"2023-07-17T16:32:03","date_gmt":"2023-07-17T14:32:03","guid":{"rendered":"https:\/\/www.uges-isere.fr\/?p=683759"},"modified":"2025-06-02T11:53:09","modified_gmt":"2025-06-02T09:53:09","slug":"commission-permanente-de-juillet","status":"publish","type":"post","link":"https:\/\/www.uges-isere.fr\/index.php\/2023\/07\/17\/commission-permanente-de-juillet\/","title":{"rendered":"Retour sur la commission permanente de juillet 2023"},"content":{"rendered":"\n<p>Les conseill\u00e8res et conseillers d\u00e9partementaux du groupe UGES se sont r\u00e9uni.es pour la commission permanente du 13 juillet afin de voter sur 100 d\u00e9lib\u00e9rations. Les \u00e9lu.es se sont notamment positionn\u00e9.es :&nbsp;<\/p>\n\n\n\n<p>\ud83d\udfe2Pour la modification du r\u00e8glement int\u00e9rieur du Fonds de solidarit\u00e9 logement (FSL). Nous d\u00e9fendons depuis 3 ans l\u2019\u00e9largissement des crit\u00e8res d\u2019acc\u00e8s au FSL et l\u2019augmentation des montants d\u2019aide. La majorit\u00e9 d\u00e9partementale fait enfin un pas en ce sens apr\u00e8s 5 ans d\u2019attentisme. (retrouvez notre communiqu\u00e9 de presse)<\/p>\n\n\n\n<p>\ud83d\udfe2Pour l\u2019avenant actant la poursuite de la convention avec la Fondation Boissel relative \u00e0 la maraude \u00e0 destination des enfants et familles en grande pr\u00e9carit\u00e9 jusqu\u2019au 31 d\u00e9cembre. Nous nous \u00e9tions oppos\u00e9s \u00e0 son arr\u00eat en avril et soutenons la poursuite de cette mission essentielle \u201cd\u2019aller vers\u201d les enfants en extr\u00eame pr\u00e9carit\u00e9.<\/p>\n\n\n\n<p>\ud83d\udd34Contre l\u2019application des nouvelles modalit\u00e9s de participation du D\u00e9partement au fonctionnement des Relais petite enfance. Le D\u00e9partement poursuit son d\u00e9sengagement dans le secteur de la petite enfance en divisant par deux son soutien aupr\u00e8s des Relais petite enfance communaux et associatifs.<\/p>\n\n\n\n<p>\ud83d\udfe2Pour la r\u00e9alisation de l\u2019\u00e9tude sur la prospective des ressources en eau et du changement climatique en Is\u00e8re afin de pr\u00e9parer l\u2019avenir.&nbsp;<\/p>\n\n\n\n<p>\ud83d\udd34\ud83d\udfe0Abstention sur l\u2019avis du D\u00e9partement de l\u2019Is\u00e8re sur le Sch\u00e9ma r\u00e9gional d\u2019am\u00e9nagement, de d\u00e9veloppement durable et d\u2019\u00e9galit\u00e9 des territoires (SRADDET). Le D\u00e9partement demande \u00e0 int\u00e9grer au r\u00e9seau d\u2019int\u00e9r\u00eat r\u00e9gional des projets d\u2019infrastructures routi\u00e8res fortement consommateurs d\u2019espaces. De m\u00eame, le D\u00e9partement souhaite que l\u2019a\u00e9roport Grenoble-Alpes Is\u00e8re soit consid\u00e9r\u00e9 comme un projet structurant afin de b\u00e9n\u00e9ficier d\u2019une enveloppe fonci\u00e8re r\u00e9gionale et poursuivre ainsi l\u2019artificialisation des sols pour d\u00e9velopper ses activit\u00e9s.&nbsp;<\/p>\n\n\n\n<p>\ud83d\udfe2Pour le Projet exp\u00e9rimental \u00ab\u00a0Berger d\u2019appui en Is\u00e8re\u00a0\u00bb. Une berg\u00e8re est embauch\u00e9e pour la p\u00e9riode estivale afin de soutenir les \u00e9leveur.ses et berger.\u00e8res en alpage en cas de difficult\u00e9s (fatigue, maladie, pr\u00e9dation\u2026)<\/p>\n\n\n\n<p>\ud83d\udfe2Pour les subventions des projets scolaires \u201c\u00e0 la d\u00e9couverte des espaces naturels sensibles\u201d afin de permettre aux jeunes is\u00e9rois de r\u00e9aliser des projets p\u00e9dagogiques sur les espaces naturels prot\u00e9g\u00e9s du d\u00e9partement.<\/p>\n\n\n\n<p>\ud83d\udfe0Abstention sur les tarifs de la restauration scolaire pour l\u2019ann\u00e9e scolaire 2023-2024. Nous d\u00e9fendons la mise en place d\u2019une tarification solidaire qui prenne en compte les ressources des familles afin de r\u00e9tablir l\u2019\u00e9quit\u00e9 dans l\u2019acc\u00e8s \u00e0 la restauration scolaire.<\/p>\n\n\n\n<p>\ud83d\udfe2Pour la subvention de fonctionnement \u00e0 l&rsquo;Association des personnels du D\u00e9partement de l\u2019Is\u00e8re qui propose \u00e0 ses adh\u00e9rent.e.s de nombreuses activit\u00e9s et prestations dans les domaines de la culture et des loisirs.<\/p>\n","protected":false},"excerpt":{"rendered":"<p>Les conseill\u00e8res et conseillers d\u00e9partementaux du groupe UGES se sont r\u00e9uni.es pour la commission permanente du 13 juillet &hellip; <\/p>\n","protected":false},"author":8,"featured_media":683767,"comment_status":"open","ping_status":"open","sticky":false,"template":"","format":"standard","meta":{"footnotes":""},"categories":[350,148,120],"tags":[124],"class_list":["post-683759","post","type-post","status-publish","format-standard","has-post-thumbnail","hentry","category-350","category-commission-permanente-juillet-2023","category-commissions-permanentes","tag-commission-permanente"],"yoast_head":"<!-- This site is optimized with the Yoast SEO plugin v27.5 - https:\/\/yoast.com\/product\/yoast-seo-wordpress\/ -->\n<title>Retour sur la commission permanente de juillet 2023 - D\u00e9partement de l&#039;Is\u00e8re<\/title>\n<meta name=\"robots\" content=\"index, follow, max-snippet:-1, max-image-preview:large, max-video-preview:-1\" \/>\n<link rel=\"canonical\" href=\"https:\/\/www.uges-isere.fr\/index.php\/2023\/07\/17\/commission-permanente-de-juillet\/\" \/>\n<meta property=\"og:locale\" content=\"fr_FR\" \/>\n<meta property=\"og:type\" content=\"article\" \/>\n<meta property=\"og:title\" content=\"Retour sur la commission permanente de juillet 2023 - D\u00e9partement de l&#039;Is\u00e8re\" \/>\n<meta property=\"og:description\" content=\"Les conseill\u00e8res et conseillers d\u00e9partementaux du groupe UGES se sont r\u00e9uni.es pour la commission permanente du 13 juillet &hellip;\" \/>\n<meta property=\"og:url\" content=\"https:\/\/www.uges-isere.fr\/index.php\/2023\/07\/17\/commission-permanente-de-juillet\/\" \/>\n<meta property=\"og:site_name\" content=\"D\u00e9partement de l&#039;Is\u00e8re\" \/>\n<meta property=\"article:publisher\" content=\"https:\/\/www.facebook.com\/LePrintemps38\" \/>\n<meta property=\"article:published_time\" content=\"2023-07-17T14:32:03+00:00\" \/>\n<meta property=\"article:modified_time\" content=\"2025-06-02T09:53:09+00:00\" \/>\n<meta property=\"og:image\" content=\"https:\/\/www.uges-isere.fr\/wp-content\/uploads\/2023\/07\/Capture-decran-2023-07-17-164305.png\" \/>\n\t<meta property=\"og:image:width\" content=\"1075\" \/>\n\t<meta property=\"og:image:height\" content=\"721\" \/>\n\t<meta property=\"og:image:type\" content=\"image\/png\" \/>\n<meta name=\"author\" content=\"ThibaudUGES38\" \/>\n<meta name=\"twitter:card\" content=\"summary_large_image\" \/>\n<meta name=\"twitter:creator\" content=\"@GroupeUGES38\" \/>\n<meta name=\"twitter:site\" content=\"@GroupeUGES38\" \/>\n<meta name=\"twitter:label1\" content=\"\u00c9crit par\" \/>\n\t<meta name=\"twitter:data1\" content=\"ThibaudUGES38\" \/>\n\t<meta name=\"twitter:label2\" content=\"Dur\u00e9e de lecture estim\u00e9e\" \/>\n\t<meta name=\"twitter:data2\" content=\"3 minutes\" \/>\n<script type=\"application\/ld+json\" class=\"yoast-schema-graph\">{\"@context\":\"https:\\\/\\\/schema.org\",\"@graph\":[{\"@type\":\"Article\",\"@id\":\"https:\\\/\\\/www.uges-isere.fr\\\/index.php\\\/2023\\\/07\\\/17\\\/commission-permanente-de-juillet\\\/#article\",\"isPartOf\":{\"@id\":\"https:\\\/\\\/www.uges-isere.fr\\\/index.php\\\/2023\\\/07\\\/17\\\/commission-permanente-de-juillet\\\/\"},\"author\":{\"name\":\"ThibaudUGES38\",\"@id\":\"https:\\\/\\\/www.uges-isere.fr\\\/#\\\/schema\\\/person\\\/a200926d67119314e8837b6a085de83a\"},\"headline\":\"Retour sur la commission permanente de juillet 2023\",\"datePublished\":\"2023-07-17T14:32:03+00:00\",\"dateModified\":\"2025-06-02T09:53:09+00:00\",\"mainEntityOfPage\":{\"@id\":\"https:\\\/\\\/www.uges-isere.fr\\\/index.php\\\/2023\\\/07\\\/17\\\/commission-permanente-de-juillet\\\/\"},\"wordCount\":497,\"commentCount\":0,\"publisher\":{\"@id\":\"https:\\\/\\\/www.uges-isere.fr\\\/#organization\"},\"image\":{\"@id\":\"https:\\\/\\\/www.uges-isere.fr\\\/index.php\\\/2023\\\/07\\\/17\\\/commission-permanente-de-juillet\\\/#primaryimage\"},\"thumbnailUrl\":\"https:\\\/\\\/www.uges-isere.fr\\\/wp-content\\\/uploads\\\/2023\\\/07\\\/Capture-decran-2023-07-17-164305.png\",\"keywords\":[\"commission permanente\"],\"articleSection\":[\"2023\",\"Commission permanente - Juillet 2023\",\"Commissions permanentes\"],\"inLanguage\":\"fr-FR\",\"potentialAction\":[{\"@type\":\"CommentAction\",\"name\":\"Comment\",\"target\":[\"https:\\\/\\\/www.uges-isere.fr\\\/index.php\\\/2023\\\/07\\\/17\\\/commission-permanente-de-juillet\\\/#respond\"]}]},{\"@type\":\"WebPage\",\"@id\":\"https:\\\/\\\/www.uges-isere.fr\\\/index.php\\\/2023\\\/07\\\/17\\\/commission-permanente-de-juillet\\\/\",\"url\":\"https:\\\/\\\/www.uges-isere.fr\\\/index.php\\\/2023\\\/07\\\/17\\\/commission-permanente-de-juillet\\\/\",\"name\":\"Retour sur la commission permanente de juillet 2023 - D\u00e9partement de l&#039;Is\u00e8re\",\"isPartOf\":{\"@id\":\"https:\\\/\\\/www.uges-isere.fr\\\/#website\"},\"primaryImageOfPage\":{\"@id\":\"https:\\\/\\\/www.uges-isere.fr\\\/index.php\\\/2023\\\/07\\\/17\\\/commission-permanente-de-juillet\\\/#primaryimage\"},\"image\":{\"@id\":\"https:\\\/\\\/www.uges-isere.fr\\\/index.php\\\/2023\\\/07\\\/17\\\/commission-permanente-de-juillet\\\/#primaryimage\"},\"thumbnailUrl\":\"https:\\\/\\\/www.uges-isere.fr\\\/wp-content\\\/uploads\\\/2023\\\/07\\\/Capture-decran-2023-07-17-164305.png\",\"datePublished\":\"2023-07-17T14:32:03+00:00\",\"dateModified\":\"2025-06-02T09:53:09+00:00\",\"breadcrumb\":{\"@id\":\"https:\\\/\\\/www.uges-isere.fr\\\/index.php\\\/2023\\\/07\\\/17\\\/commission-permanente-de-juillet\\\/#breadcrumb\"},\"inLanguage\":\"fr-FR\",\"potentialAction\":[{\"@type\":\"ReadAction\",\"target\":[\"https:\\\/\\\/www.uges-isere.fr\\\/index.php\\\/2023\\\/07\\\/17\\\/commission-permanente-de-juillet\\\/\"]}]},{\"@type\":\"ImageObject\",\"inLanguage\":\"fr-FR\",\"@id\":\"https:\\\/\\\/www.uges-isere.fr\\\/index.php\\\/2023\\\/07\\\/17\\\/commission-permanente-de-juillet\\\/#primaryimage\",\"url\":\"https:\\\/\\\/www.uges-isere.fr\\\/wp-content\\\/uploads\\\/2023\\\/07\\\/Capture-decran-2023-07-17-164305.png\",\"contentUrl\":\"https:\\\/\\\/www.uges-isere.fr\\\/wp-content\\\/uploads\\\/2023\\\/07\\\/Capture-decran-2023-07-17-164305.png\",\"width\":1075,\"height\":721},{\"@type\":\"BreadcrumbList\",\"@id\":\"https:\\\/\\\/www.uges-isere.fr\\\/index.php\\\/2023\\\/07\\\/17\\\/commission-permanente-de-juillet\\\/#breadcrumb\",\"itemListElement\":[{\"@type\":\"ListItem\",\"position\":1,\"name\":\"Accueil\",\"item\":\"https:\\\/\\\/www.uges-isere.fr\\\/\"},{\"@type\":\"ListItem\",\"position\":2,\"name\":\"Retour sur la commission permanente de juillet 2023\"}]},{\"@type\":\"WebSite\",\"@id\":\"https:\\\/\\\/www.uges-isere.fr\\\/#website\",\"url\":\"https:\\\/\\\/www.uges-isere.fr\\\/\",\"name\":\"D\u00e9partement de l&#039;Is\u00e8re\",\"description\":\"Groupe d&#039;opposition UGES\",\"publisher\":{\"@id\":\"https:\\\/\\\/www.uges-isere.fr\\\/#organization\"},\"potentialAction\":[{\"@type\":\"SearchAction\",\"target\":{\"@type\":\"EntryPoint\",\"urlTemplate\":\"https:\\\/\\\/www.uges-isere.fr\\\/?s={search_term_string}\"},\"query-input\":{\"@type\":\"PropertyValueSpecification\",\"valueRequired\":true,\"valueName\":\"search_term_string\"}}],\"inLanguage\":\"fr-FR\"},{\"@type\":\"Organization\",\"@id\":\"https:\\\/\\\/www.uges-isere.fr\\\/#organization\",\"name\":\"D\u00e9partement de l'Is\u00e8re\",\"url\":\"https:\\\/\\\/www.uges-isere.fr\\\/\",\"logo\":{\"@type\":\"ImageObject\",\"inLanguage\":\"fr-FR\",\"@id\":\"https:\\\/\\\/www.uges-isere.fr\\\/#\\\/schema\\\/logo\\\/image\\\/\",\"url\":\"https:\\\/\\\/www.uges-isere.fr\\\/wp-content\\\/uploads\\\/2021\\\/10\\\/logo-ok.png\",\"contentUrl\":\"https:\\\/\\\/www.uges-isere.fr\\\/wp-content\\\/uploads\\\/2021\\\/10\\\/logo-ok.png\",\"width\":2859,\"height\":1816,\"caption\":\"D\u00e9partement de l'Is\u00e8re\"},\"image\":{\"@id\":\"https:\\\/\\\/www.uges-isere.fr\\\/#\\\/schema\\\/logo\\\/image\\\/\"},\"sameAs\":[\"https:\\\/\\\/www.facebook.com\\\/LePrintemps38\",\"https:\\\/\\\/x.com\\\/GroupeUGES38\"]},{\"@type\":\"Person\",\"@id\":\"https:\\\/\\\/www.uges-isere.fr\\\/#\\\/schema\\\/person\\\/a200926d67119314e8837b6a085de83a\",\"name\":\"ThibaudUGES38\",\"image\":{\"@type\":\"ImageObject\",\"inLanguage\":\"fr-FR\",\"@id\":\"https:\\\/\\\/secure.gravatar.com\\\/avatar\\\/e182ebfe597e409aafe3378f828607b2b757ed94a3489b20112818296e03b151?s=96&d=mm&r=g\",\"url\":\"https:\\\/\\\/secure.gravatar.com\\\/avatar\\\/e182ebfe597e409aafe3378f828607b2b757ed94a3489b20112818296e03b151?s=96&d=mm&r=g\",\"contentUrl\":\"https:\\\/\\\/secure.gravatar.com\\\/avatar\\\/e182ebfe597e409aafe3378f828607b2b757ed94a3489b20112818296e03b151?s=96&d=mm&r=g\",\"caption\":\"ThibaudUGES38\"},\"url\":\"https:\\\/\\\/www.uges-isere.fr\\\/index.php\\\/author\\\/thibauduges38\\\/\"}]}<\/script>\n<!-- \/ Yoast SEO plugin. -->","yoast_head_json":{"title":"Retour sur la commission permanente de juillet 2023 - D\u00e9partement de l&#039;Is\u00e8re","robots":{"index":"index","follow":"follow","max-snippet":"max-snippet:-1","max-image-preview":"max-image-preview:large","max-video-preview":"max-video-preview:-1"},"canonical":"https:\/\/www.uges-isere.fr\/index.php\/2023\/07\/17\/commission-permanente-de-juillet\/","og_locale":"fr_FR","og_type":"article","og_title":"Retour sur la commission permanente de juillet 2023 - D\u00e9partement de l&#039;Is\u00e8re","og_description":"Les conseill\u00e8res et conseillers d\u00e9partementaux du groupe UGES se sont r\u00e9uni.es pour la commission permanente du 13 juillet &hellip;","og_url":"https:\/\/www.uges-isere.fr\/index.php\/2023\/07\/17\/commission-permanente-de-juillet\/","og_site_name":"D\u00e9partement de l&#039;Is\u00e8re","article_publisher":"https:\/\/www.facebook.com\/LePrintemps38","article_published_time":"2023-07-17T14:32:03+00:00","article_modified_time":"2025-06-02T09:53:09+00:00","og_image":[{"width":1075,"height":721,"url":"https:\/\/www.uges-isere.fr\/wp-content\/uploads\/2023\/07\/Capture-decran-2023-07-17-164305.png","type":"image\/png"}],"author":"ThibaudUGES38","twitter_card":"summary_large_image","twitter_creator":"@GroupeUGES38","twitter_site":"@GroupeUGES38","twitter_misc":{"\u00c9crit par":"ThibaudUGES38","Dur\u00e9e de lecture estim\u00e9e":"3 minutes"},"schema":{"@context":"https:\/\/schema.org","@graph":[{"@type":"Article","@id":"https:\/\/www.uges-isere.fr\/index.php\/2023\/07\/17\/commission-permanente-de-juillet\/#article","isPartOf":{"@id":"https:\/\/www.uges-isere.fr\/index.php\/2023\/07\/17\/commission-permanente-de-juillet\/"},"author":{"name":"ThibaudUGES38","@id":"https:\/\/www.uges-isere.fr\/#\/schema\/person\/a200926d67119314e8837b6a085de83a"},"headline":"Retour sur la commission permanente de juillet 2023","datePublished":"2023-07-17T14:32:03+00:00","dateModified":"2025-06-02T09:53:09+00:00","mainEntityOfPage":{"@id":"https:\/\/www.uges-isere.fr\/index.php\/2023\/07\/17\/commission-permanente-de-juillet\/"},"wordCount":497,"commentCount":0,"publisher":{"@id":"https:\/\/www.uges-isere.fr\/#organization"},"image":{"@id":"https:\/\/www.uges-isere.fr\/index.php\/2023\/07\/17\/commission-permanente-de-juillet\/#primaryimage"},"thumbnailUrl":"https:\/\/www.uges-isere.fr\/wp-content\/uploads\/2023\/07\/Capture-decran-2023-07-17-164305.png","keywords":["commission permanente"],"articleSection":["2023","Commission permanente - Juillet 2023","Commissions permanentes"],"inLanguage":"fr-FR","potentialAction":[{"@type":"CommentAction","name":"Comment","target":["https:\/\/www.uges-isere.fr\/index.php\/2023\/07\/17\/commission-permanente-de-juillet\/#respond"]}]},{"@type":"WebPage","@id":"https:\/\/www.uges-isere.fr\/index.php\/2023\/07\/17\/commission-permanente-de-juillet\/","url":"https:\/\/www.uges-isere.fr\/index.php\/2023\/07\/17\/commission-permanente-de-juillet\/","name":"Retour sur la commission permanente de juillet 2023 - D\u00e9partement de l&#039;Is\u00e8re","isPartOf":{"@id":"https:\/\/www.uges-isere.fr\/#website"},"primaryImageOfPage":{"@id":"https:\/\/www.uges-isere.fr\/index.php\/2023\/07\/17\/commission-permanente-de-juillet\/#primaryimage"},"image":{"@id":"https:\/\/www.uges-isere.fr\/index.php\/2023\/07\/17\/commission-permanente-de-juillet\/#primaryimage"},"thumbnailUrl":"https:\/\/www.uges-isere.fr\/wp-content\/uploads\/2023\/07\/Capture-decran-2023-07-17-164305.png","datePublished":"2023-07-17T14:32:03+00:00","dateModified":"2025-06-02T09:53:09+00:00","breadcrumb":{"@id":"https:\/\/www.uges-isere.fr\/index.php\/2023\/07\/17\/commission-permanente-de-juillet\/#breadcrumb"},"inLanguage":"fr-FR","potentialAction":[{"@type":"ReadAction","target":["https:\/\/www.uges-isere.fr\/index.php\/2023\/07\/17\/commission-permanente-de-juillet\/"]}]},{"@type":"ImageObject","inLanguage":"fr-FR","@id":"https:\/\/www.uges-isere.fr\/index.php\/2023\/07\/17\/commission-permanente-de-juillet\/#primaryimage","url":"https:\/\/www.uges-isere.fr\/wp-content\/uploads\/2023\/07\/Capture-decran-2023-07-17-164305.png","contentUrl":"https:\/\/www.uges-isere.fr\/wp-content\/uploads\/2023\/07\/Capture-decran-2023-07-17-164305.png","width":1075,"height":721},{"@type":"BreadcrumbList","@id":"https:\/\/www.uges-isere.fr\/index.php\/2023\/07\/17\/commission-permanente-de-juillet\/#breadcrumb","itemListElement":[{"@type":"ListItem","position":1,"name":"Accueil","item":"https:\/\/www.uges-isere.fr\/"},{"@type":"ListItem","position":2,"name":"Retour sur la commission permanente de juillet 2023"}]},{"@type":"WebSite","@id":"https:\/\/www.uges-isere.fr\/#website","url":"https:\/\/www.uges-isere.fr\/","name":"D\u00e9partement de l&#039;Is\u00e8re","description":"Groupe d&#039;opposition UGES","publisher":{"@id":"https:\/\/www.uges-isere.fr\/#organization"},"potentialAction":[{"@type":"SearchAction","target":{"@type":"EntryPoint","urlTemplate":"https:\/\/www.uges-isere.fr\/?s={search_term_string}"},"query-input":{"@type":"PropertyValueSpecification","valueRequired":true,"valueName":"search_term_string"}}],"inLanguage":"fr-FR"},{"@type":"Organization","@id":"https:\/\/www.uges-isere.fr\/#organization","name":"D\u00e9partement de l'Is\u00e8re","url":"https:\/\/www.uges-isere.fr\/","logo":{"@type":"ImageObject","inLanguage":"fr-FR","@id":"https:\/\/www.uges-isere.fr\/#\/schema\/logo\/image\/","url":"https:\/\/www.uges-isere.fr\/wp-content\/uploads\/2021\/10\/logo-ok.png","contentUrl":"https:\/\/www.uges-isere.fr\/wp-content\/uploads\/2021\/10\/logo-ok.png","width":2859,"height":1816,"caption":"D\u00e9partement de l'Is\u00e8re"},"image":{"@id":"https:\/\/www.uges-isere.fr\/#\/schema\/logo\/image\/"},"sameAs":["https:\/\/www.facebook.com\/LePrintemps38","https:\/\/x.com\/GroupeUGES38"]},{"@type":"Person","@id":"https:\/\/www.uges-isere.fr\/#\/schema\/person\/a200926d67119314e8837b6a085de83a","name":"ThibaudUGES38","image":{"@type":"ImageObject","inLanguage":"fr-FR","@id":"https:\/\/secure.gravatar.com\/avatar\/e182ebfe597e409aafe3378f828607b2b757ed94a3489b20112818296e03b151?s=96&d=mm&r=g","url":"https:\/\/secure.gravatar.com\/avatar\/e182ebfe597e409aafe3378f828607b2b757ed94a3489b20112818296e03b151?s=96&d=mm&r=g","contentUrl":"https:\/\/secure.gravatar.com\/avatar\/e182ebfe597e409aafe3378f828607b2b757ed94a3489b20112818296e03b151?s=96&d=mm&r=g","caption":"ThibaudUGES38"},"url":"https:\/\/www.uges-isere.fr\/index.php\/author\/thibauduges38\/"}]}},"_links":{"self":[{"href":"https:\/\/www.uges-isere.fr\/index.php\/wp-json\/wp\/v2\/posts\/683759","targetHints":{"allow":["GET"]}}],"collection":[{"href":"https:\/\/www.uges-isere.fr\/index.php\/wp-json\/wp\/v2\/posts"}],"about":[{"href":"https:\/\/www.uges-isere.fr\/index.php\/wp-json\/wp\/v2\/types\/post"}],"author":[{"embeddable":true,"href":"https:\/\/www.uges-isere.fr\/index.php\/wp-json\/wp\/v2\/users\/8"}],"replies":[{"embeddable":true,"href":"https:\/\/www.uges-isere.fr\/index.php\/wp-json\/wp\/v2\/comments?post=683759"}],"version-history":[{"count":2,"href":"https:\/\/www.uges-isere.fr\/index.php\/wp-json\/wp\/v2\/posts\/683759\/revisions"}],"predecessor-version":[{"id":684363,"href":"https:\/\/www.uges-isere.fr\/index.php\/wp-json\/wp\/v2\/posts\/683759\/revisions\/684363"}],"wp:featuredmedia":[{"embeddable":true,"href":"https:\/\/www.uges-isere.fr\/index.php\/wp-json\/wp\/v2\/media\/683767"}],"wp:attachment":[{"href":"https:\/\/www.uges-isere.fr\/index.php\/wp-json\/wp\/v2\/media?parent=683759"}],"wp:term":[{"taxonomy":"category","embeddable":true,"href":"https:\/\/www.uges-isere.fr\/index.php\/wp-json\/wp\/v2\/categories?post=683759"},{"taxonomy":"post_tag","embeddable":true,"href":"https:\/\/www.uges-isere.fr\/index.php\/wp-json\/wp\/v2\/tags?post=683759"}],"curies":[{"name":"wp","href":"https:\/\/api.w.org\/{rel}","templated":true}]}}