{"id":683742,"date":"2023-07-04T16:11:37","date_gmt":"2023-07-04T14:11:37","guid":{"rendered":"https:\/\/www.uges-isere.fr\/?p=683742"},"modified":"2023-07-04T16:11:38","modified_gmt":"2023-07-04T14:11:38","slug":"le-green-washing-de-la-majorite-departementale","status":"publish","type":"post","link":"https:\/\/www.uges-isere.fr\/index.php\/2023\/07\/04\/le-green-washing-de-la-majorite-departementale\/","title":{"rendered":"Le \u00ab\u00a0green washing\u00a0\u00bb de la majorit\u00e9 d\u00e9partementale"},"content":{"rendered":"\n<p><strong>\u00c0 l&rsquo;occasion du rapport d&rsquo;activit\u00e9 et de D\u00e9veloppement durable 2022, une disposition l\u00e9gale et obligatoire pour la collectivit\u00e9, J\u00e9r\u00f4me Cucarollo est intervenu pour d\u00e9noncer le \u00ab\u00a0green washing\u00a0\u00bb de la majorit\u00e9 d\u00e9partementale.<\/strong><\/p>\n\n\n\n<p>Ce rapport pr\u00e9sente une liste d&rsquo;actions reli\u00e9es (ou pas) au D\u00e9veloppement durable, sans \u00e9valuation par action de l&rsquo;impact carbone ou environnemental du D\u00e9partement. Le bilan de la strat\u00e9gie carbone du D\u00e9partement, dont l&rsquo;opposition a eu connaissance suite \u00e0 une saisine de la CADA en 2022, d\u00e9montre d&rsquo;ailleurs que le <strong>D\u00e9partement n&rsquo;est toujours pas \u00e0 la hauteur des enjeux de transition<\/strong>.  A la lecture de ce rapport D\u00e9veloppement durable, nous constatons que la majorit\u00e9 d\u00e9partementale se maintient dans sa <strong>politique \u00ab\u00a0des petits pas\u00a0\u00bb<\/strong> alors que nous devons amplifier nos objectifs pour \u00eatre \u00e0 la hauteur du d\u00e9fi climatique, de la chute de la biodiversit\u00e9 et du manque de ressources. <\/p>\n\n\n\n<p>La multiplication des \u00e9pisodes de canicule ou encore la rar\u00e9faction de la ressource et la baisse de sa qualit\u00e9 sont des r\u00e9alit\u00e9s auxquelles nous devons par exemple faire face. Pour cela, il faut \u00eatre<strong> ambitieux sur toutes les politiques d\u00e9partementales<\/strong>, y compris sur la <strong>politique consacr\u00e9e au r\u00e9seau routier.<\/strong>  <\/p>\n\n\n\n<p>En commission permanente, le D\u00e9partement a par exemple vot\u00e9 la <strong>reprise du projet de contournement de la commune de Saint-Savin<\/strong>. Dans le dossier de concertation r\u00e9alis\u00e9 en 2016, il \u00e9tait ainsi pr\u00e9cis\u00e9 sur les enjeux naturels que : <em>\u00ab\u00a0<strong>Plusieurs zones naturelles, prot\u00e9g\u00e9es et r\u00e9glement\u00e9es sont concern\u00e9es par la projet d&rsquo;am\u00e9nagement<\/strong>. La zone Natura 2000 de L&rsquo;Isle Cr\u00e9mieu: ce site est d&rsquo;une grande richesse \u00e9cologique et compte de nombreuses esp\u00e8ces et d&rsquo;habitats d&rsquo;int\u00e9r\u00eats prioritaires europ\u00e9ens. L&rsquo;objectif de cette politique europ\u00e9enne est de pr\u00e9server la diversit\u00e9 biologique et de favoriser les atouts naturels des territoires. Des Zones Naturelles d\u2019Int\u00e9r\u00eat Ecologique Floristique et Faunistique [&#8230;] Des trames verte et bleu [&#8230;] Des zones humides [&#8230;] <strong> L\u2019int\u00e9r\u00eat du secteur d\u2019\u00e9tude et des habitats naturels qu\u2019il abrite se traduit par la pr\u00e9sence de nombreuses esp\u00e8ces prot\u00e9g\u00e9es<\/strong> et inscrites sur les listes rouges nationale, r\u00e9gionale et locale. Ces esp\u00e8ces repr\u00e9sentent un enjeu r\u00e9glementaire et conservatoire fort\u00a0\u00bb.<\/em><\/p>\n\n\n\n<p>\u00c0 travers cet exemple, nous nous interrogeons sur le volontarisme de la majorit\u00e9 d\u00e9partementale en mati\u00e8re de d\u00e9veloppement durable. Quand serons-nous \u00e0 la hauteur des d\u00e9fis qui sont devant nous ?<\/p>\n","protected":false},"excerpt":{"rendered":"<p>\u00c0 l&rsquo;occasion du rapport d&rsquo;activit\u00e9 et de D\u00e9veloppement durable 2022, une disposition l\u00e9gale et obligatoire pour la collectivit\u00e9, &hellip; <\/p>\n","protected":false},"author":8,"featured_media":542663,"comment_status":"open","ping_status":"open","sticky":false,"template":"","format":"standard","meta":{"footnotes":""},"categories":[135],"tags":[],"class_list":["post-683742","post","type-post","status-publish","format-standard","has-post-thumbnail","hentry","category-seance-publique-juin-2023"],"yoast_head":"<!-- This site is optimized with the Yoast SEO plugin v27.5 - https:\/\/yoast.com\/product\/yoast-seo-wordpress\/ -->\n<title>Le &quot;green washing&quot; de la majorit\u00e9 d\u00e9partementale - D\u00e9partement de l&#039;Is\u00e8re<\/title>\n<meta name=\"robots\" content=\"index, follow, max-snippet:-1, max-image-preview:large, max-video-preview:-1\" \/>\n<link rel=\"canonical\" href=\"https:\/\/www.uges-isere.fr\/index.php\/2023\/07\/04\/le-green-washing-de-la-majorite-departementale\/\" \/>\n<meta property=\"og:locale\" content=\"fr_FR\" \/>\n<meta property=\"og:type\" content=\"article\" \/>\n<meta property=\"og:title\" content=\"Le &quot;green washing&quot; de la majorit\u00e9 d\u00e9partementale - D\u00e9partement de l&#039;Is\u00e8re\" \/>\n<meta property=\"og:description\" content=\"\u00c0 l&rsquo;occasion du rapport d&rsquo;activit\u00e9 et de D\u00e9veloppement durable 2022, une disposition l\u00e9gale et obligatoire pour la collectivit\u00e9, &hellip;\" \/>\n<meta property=\"og:url\" content=\"https:\/\/www.uges-isere.fr\/index.php\/2023\/07\/04\/le-green-washing-de-la-majorite-departementale\/\" \/>\n<meta property=\"og:site_name\" content=\"D\u00e9partement de l&#039;Is\u00e8re\" \/>\n<meta property=\"article:publisher\" content=\"https:\/\/www.facebook.com\/LePrintemps38\" \/>\n<meta property=\"article:published_time\" content=\"2023-07-04T14:11:37+00:00\" \/>\n<meta property=\"article:modified_time\" content=\"2023-07-04T14:11:38+00:00\" \/>\n<meta property=\"og:image\" content=\"https:\/\/www.uges-isere.fr\/wp-content\/uploads\/2022\/07\/road-g36d433ef6_1920.jpg\" \/>\n\t<meta property=\"og:image:width\" content=\"1920\" \/>\n\t<meta property=\"og:image:height\" content=\"1080\" \/>\n\t<meta property=\"og:image:type\" content=\"image\/jpeg\" \/>\n<meta name=\"author\" content=\"ThibaudUGES38\" \/>\n<meta name=\"twitter:card\" content=\"summary_large_image\" \/>\n<meta name=\"twitter:creator\" content=\"@GroupeUGES38\" \/>\n<meta name=\"twitter:site\" content=\"@GroupeUGES38\" \/>\n<meta name=\"twitter:label1\" content=\"\u00c9crit par\" \/>\n\t<meta name=\"twitter:data1\" content=\"ThibaudUGES38\" \/>\n\t<meta name=\"twitter:label2\" content=\"Dur\u00e9e de lecture estim\u00e9e\" \/>\n\t<meta name=\"twitter:data2\" content=\"2 minutes\" \/>\n<script type=\"application\/ld+json\" class=\"yoast-schema-graph\">{\"@context\":\"https:\\\/\\\/schema.org\",\"@graph\":[{\"@type\":\"Article\",\"@id\":\"https:\\\/\\\/www.uges-isere.fr\\\/index.php\\\/2023\\\/07\\\/04\\\/le-green-washing-de-la-majorite-departementale\\\/#article\",\"isPartOf\":{\"@id\":\"https:\\\/\\\/www.uges-isere.fr\\\/index.php\\\/2023\\\/07\\\/04\\\/le-green-washing-de-la-majorite-departementale\\\/\"},\"author\":{\"name\":\"ThibaudUGES38\",\"@id\":\"https:\\\/\\\/www.uges-isere.fr\\\/#\\\/schema\\\/person\\\/a200926d67119314e8837b6a085de83a\"},\"headline\":\"Le \u00ab\u00a0green washing\u00a0\u00bb de la majorit\u00e9 d\u00e9partementale\",\"datePublished\":\"2023-07-04T14:11:37+00:00\",\"dateModified\":\"2023-07-04T14:11:38+00:00\",\"mainEntityOfPage\":{\"@id\":\"https:\\\/\\\/www.uges-isere.fr\\\/index.php\\\/2023\\\/07\\\/04\\\/le-green-washing-de-la-majorite-departementale\\\/\"},\"wordCount\":421,\"commentCount\":0,\"publisher\":{\"@id\":\"https:\\\/\\\/www.uges-isere.fr\\\/#organization\"},\"image\":{\"@id\":\"https:\\\/\\\/www.uges-isere.fr\\\/index.php\\\/2023\\\/07\\\/04\\\/le-green-washing-de-la-majorite-departementale\\\/#primaryimage\"},\"thumbnailUrl\":\"https:\\\/\\\/www.uges-isere.fr\\\/wp-content\\\/uploads\\\/2022\\\/07\\\/road-g36d433ef6_1920.jpg\",\"articleSection\":[\"S\u00e9ance Publique (Budget suppl\u00e9mentaire) - Juin 2023\"],\"inLanguage\":\"fr-FR\",\"potentialAction\":[{\"@type\":\"CommentAction\",\"name\":\"Comment\",\"target\":[\"https:\\\/\\\/www.uges-isere.fr\\\/index.php\\\/2023\\\/07\\\/04\\\/le-green-washing-de-la-majorite-departementale\\\/#respond\"]}]},{\"@type\":\"WebPage\",\"@id\":\"https:\\\/\\\/www.uges-isere.fr\\\/index.php\\\/2023\\\/07\\\/04\\\/le-green-washing-de-la-majorite-departementale\\\/\",\"url\":\"https:\\\/\\\/www.uges-isere.fr\\\/index.php\\\/2023\\\/07\\\/04\\\/le-green-washing-de-la-majorite-departementale\\\/\",\"name\":\"Le \\\"green washing\\\" de la majorit\u00e9 d\u00e9partementale - D\u00e9partement de l&#039;Is\u00e8re\",\"isPartOf\":{\"@id\":\"https:\\\/\\\/www.uges-isere.fr\\\/#website\"},\"primaryImageOfPage\":{\"@id\":\"https:\\\/\\\/www.uges-isere.fr\\\/index.php\\\/2023\\\/07\\\/04\\\/le-green-washing-de-la-majorite-departementale\\\/#primaryimage\"},\"image\":{\"@id\":\"https:\\\/\\\/www.uges-isere.fr\\\/index.php\\\/2023\\\/07\\\/04\\\/le-green-washing-de-la-majorite-departementale\\\/#primaryimage\"},\"thumbnailUrl\":\"https:\\\/\\\/www.uges-isere.fr\\\/wp-content\\\/uploads\\\/2022\\\/07\\\/road-g36d433ef6_1920.jpg\",\"datePublished\":\"2023-07-04T14:11:37+00:00\",\"dateModified\":\"2023-07-04T14:11:38+00:00\",\"breadcrumb\":{\"@id\":\"https:\\\/\\\/www.uges-isere.fr\\\/index.php\\\/2023\\\/07\\\/04\\\/le-green-washing-de-la-majorite-departementale\\\/#breadcrumb\"},\"inLanguage\":\"fr-FR\",\"potentialAction\":[{\"@type\":\"ReadAction\",\"target\":[\"https:\\\/\\\/www.uges-isere.fr\\\/index.php\\\/2023\\\/07\\\/04\\\/le-green-washing-de-la-majorite-departementale\\\/\"]}]},{\"@type\":\"ImageObject\",\"inLanguage\":\"fr-FR\",\"@id\":\"https:\\\/\\\/www.uges-isere.fr\\\/index.php\\\/2023\\\/07\\\/04\\\/le-green-washing-de-la-majorite-departementale\\\/#primaryimage\",\"url\":\"https:\\\/\\\/www.uges-isere.fr\\\/wp-content\\\/uploads\\\/2022\\\/07\\\/road-g36d433ef6_1920.jpg\",\"contentUrl\":\"https:\\\/\\\/www.uges-isere.fr\\\/wp-content\\\/uploads\\\/2022\\\/07\\\/road-g36d433ef6_1920.jpg\",\"width\":1920,\"height\":1080},{\"@type\":\"BreadcrumbList\",\"@id\":\"https:\\\/\\\/www.uges-isere.fr\\\/index.php\\\/2023\\\/07\\\/04\\\/le-green-washing-de-la-majorite-departementale\\\/#breadcrumb\",\"itemListElement\":[{\"@type\":\"ListItem\",\"position\":1,\"name\":\"Accueil\",\"item\":\"https:\\\/\\\/www.uges-isere.fr\\\/\"},{\"@type\":\"ListItem\",\"position\":2,\"name\":\"Le \u00ab\u00a0green washing\u00a0\u00bb de la majorit\u00e9 d\u00e9partementale\"}]},{\"@type\":\"WebSite\",\"@id\":\"https:\\\/\\\/www.uges-isere.fr\\\/#website\",\"url\":\"https:\\\/\\\/www.uges-isere.fr\\\/\",\"name\":\"D\u00e9partement de l&#039;Is\u00e8re\",\"description\":\"Groupe d&#039;opposition UGES\",\"publisher\":{\"@id\":\"https:\\\/\\\/www.uges-isere.fr\\\/#organization\"},\"potentialAction\":[{\"@type\":\"SearchAction\",\"target\":{\"@type\":\"EntryPoint\",\"urlTemplate\":\"https:\\\/\\\/www.uges-isere.fr\\\/?s={search_term_string}\"},\"query-input\":{\"@type\":\"PropertyValueSpecification\",\"valueRequired\":true,\"valueName\":\"search_term_string\"}}],\"inLanguage\":\"fr-FR\"},{\"@type\":\"Organization\",\"@id\":\"https:\\\/\\\/www.uges-isere.fr\\\/#organization\",\"name\":\"D\u00e9partement de l'Is\u00e8re\",\"url\":\"https:\\\/\\\/www.uges-isere.fr\\\/\",\"logo\":{\"@type\":\"ImageObject\",\"inLanguage\":\"fr-FR\",\"@id\":\"https:\\\/\\\/www.uges-isere.fr\\\/#\\\/schema\\\/logo\\\/image\\\/\",\"url\":\"https:\\\/\\\/www.uges-isere.fr\\\/wp-content\\\/uploads\\\/2021\\\/10\\\/logo-ok.png\",\"contentUrl\":\"https:\\\/\\\/www.uges-isere.fr\\\/wp-content\\\/uploads\\\/2021\\\/10\\\/logo-ok.png\",\"width\":2859,\"height\":1816,\"caption\":\"D\u00e9partement de l'Is\u00e8re\"},\"image\":{\"@id\":\"https:\\\/\\\/www.uges-isere.fr\\\/#\\\/schema\\\/logo\\\/image\\\/\"},\"sameAs\":[\"https:\\\/\\\/www.facebook.com\\\/LePrintemps38\",\"https:\\\/\\\/x.com\\\/GroupeUGES38\"]},{\"@type\":\"Person\",\"@id\":\"https:\\\/\\\/www.uges-isere.fr\\\/#\\\/schema\\\/person\\\/a200926d67119314e8837b6a085de83a\",\"name\":\"ThibaudUGES38\",\"image\":{\"@type\":\"ImageObject\",\"inLanguage\":\"fr-FR\",\"@id\":\"https:\\\/\\\/secure.gravatar.com\\\/avatar\\\/e182ebfe597e409aafe3378f828607b2b757ed94a3489b20112818296e03b151?s=96&d=mm&r=g\",\"url\":\"https:\\\/\\\/secure.gravatar.com\\\/avatar\\\/e182ebfe597e409aafe3378f828607b2b757ed94a3489b20112818296e03b151?s=96&d=mm&r=g\",\"contentUrl\":\"https:\\\/\\\/secure.gravatar.com\\\/avatar\\\/e182ebfe597e409aafe3378f828607b2b757ed94a3489b20112818296e03b151?s=96&d=mm&r=g\",\"caption\":\"ThibaudUGES38\"},\"url\":\"https:\\\/\\\/www.uges-isere.fr\\\/index.php\\\/author\\\/thibauduges38\\\/\"}]}<\/script>\n<!-- \/ Yoast SEO plugin. -->","yoast_head_json":{"title":"Le \"green washing\" de la majorit\u00e9 d\u00e9partementale - D\u00e9partement de l&#039;Is\u00e8re","robots":{"index":"index","follow":"follow","max-snippet":"max-snippet:-1","max-image-preview":"max-image-preview:large","max-video-preview":"max-video-preview:-1"},"canonical":"https:\/\/www.uges-isere.fr\/index.php\/2023\/07\/04\/le-green-washing-de-la-majorite-departementale\/","og_locale":"fr_FR","og_type":"article","og_title":"Le \"green washing\" de la majorit\u00e9 d\u00e9partementale - D\u00e9partement de l&#039;Is\u00e8re","og_description":"\u00c0 l&rsquo;occasion du rapport d&rsquo;activit\u00e9 et de D\u00e9veloppement durable 2022, une disposition l\u00e9gale et obligatoire pour la collectivit\u00e9, &hellip;","og_url":"https:\/\/www.uges-isere.fr\/index.php\/2023\/07\/04\/le-green-washing-de-la-majorite-departementale\/","og_site_name":"D\u00e9partement de l&#039;Is\u00e8re","article_publisher":"https:\/\/www.facebook.com\/LePrintemps38","article_published_time":"2023-07-04T14:11:37+00:00","article_modified_time":"2023-07-04T14:11:38+00:00","og_image":[{"width":1920,"height":1080,"url":"https:\/\/www.uges-isere.fr\/wp-content\/uploads\/2022\/07\/road-g36d433ef6_1920.jpg","type":"image\/jpeg"}],"author":"ThibaudUGES38","twitter_card":"summary_large_image","twitter_creator":"@GroupeUGES38","twitter_site":"@GroupeUGES38","twitter_misc":{"\u00c9crit par":"ThibaudUGES38","Dur\u00e9e de lecture estim\u00e9e":"2 minutes"},"schema":{"@context":"https:\/\/schema.org","@graph":[{"@type":"Article","@id":"https:\/\/www.uges-isere.fr\/index.php\/2023\/07\/04\/le-green-washing-de-la-majorite-departementale\/#article","isPartOf":{"@id":"https:\/\/www.uges-isere.fr\/index.php\/2023\/07\/04\/le-green-washing-de-la-majorite-departementale\/"},"author":{"name":"ThibaudUGES38","@id":"https:\/\/www.uges-isere.fr\/#\/schema\/person\/a200926d67119314e8837b6a085de83a"},"headline":"Le \u00ab\u00a0green washing\u00a0\u00bb de la majorit\u00e9 d\u00e9partementale","datePublished":"2023-07-04T14:11:37+00:00","dateModified":"2023-07-04T14:11:38+00:00","mainEntityOfPage":{"@id":"https:\/\/www.uges-isere.fr\/index.php\/2023\/07\/04\/le-green-washing-de-la-majorite-departementale\/"},"wordCount":421,"commentCount":0,"publisher":{"@id":"https:\/\/www.uges-isere.fr\/#organization"},"image":{"@id":"https:\/\/www.uges-isere.fr\/index.php\/2023\/07\/04\/le-green-washing-de-la-majorite-departementale\/#primaryimage"},"thumbnailUrl":"https:\/\/www.uges-isere.fr\/wp-content\/uploads\/2022\/07\/road-g36d433ef6_1920.jpg","articleSection":["S\u00e9ance Publique (Budget suppl\u00e9mentaire) - Juin 2023"],"inLanguage":"fr-FR","potentialAction":[{"@type":"CommentAction","name":"Comment","target":["https:\/\/www.uges-isere.fr\/index.php\/2023\/07\/04\/le-green-washing-de-la-majorite-departementale\/#respond"]}]},{"@type":"WebPage","@id":"https:\/\/www.uges-isere.fr\/index.php\/2023\/07\/04\/le-green-washing-de-la-majorite-departementale\/","url":"https:\/\/www.uges-isere.fr\/index.php\/2023\/07\/04\/le-green-washing-de-la-majorite-departementale\/","name":"Le \"green washing\" de la majorit\u00e9 d\u00e9partementale - D\u00e9partement de l&#039;Is\u00e8re","isPartOf":{"@id":"https:\/\/www.uges-isere.fr\/#website"},"primaryImageOfPage":{"@id":"https:\/\/www.uges-isere.fr\/index.php\/2023\/07\/04\/le-green-washing-de-la-majorite-departementale\/#primaryimage"},"image":{"@id":"https:\/\/www.uges-isere.fr\/index.php\/2023\/07\/04\/le-green-washing-de-la-majorite-departementale\/#primaryimage"},"thumbnailUrl":"https:\/\/www.uges-isere.fr\/wp-content\/uploads\/2022\/07\/road-g36d433ef6_1920.jpg","datePublished":"2023-07-04T14:11:37+00:00","dateModified":"2023-07-04T14:11:38+00:00","breadcrumb":{"@id":"https:\/\/www.uges-isere.fr\/index.php\/2023\/07\/04\/le-green-washing-de-la-majorite-departementale\/#breadcrumb"},"inLanguage":"fr-FR","potentialAction":[{"@type":"ReadAction","target":["https:\/\/www.uges-isere.fr\/index.php\/2023\/07\/04\/le-green-washing-de-la-majorite-departementale\/"]}]},{"@type":"ImageObject","inLanguage":"fr-FR","@id":"https:\/\/www.uges-isere.fr\/index.php\/2023\/07\/04\/le-green-washing-de-la-majorite-departementale\/#primaryimage","url":"https:\/\/www.uges-isere.fr\/wp-content\/uploads\/2022\/07\/road-g36d433ef6_1920.jpg","contentUrl":"https:\/\/www.uges-isere.fr\/wp-content\/uploads\/2022\/07\/road-g36d433ef6_1920.jpg","width":1920,"height":1080},{"@type":"BreadcrumbList","@id":"https:\/\/www.uges-isere.fr\/index.php\/2023\/07\/04\/le-green-washing-de-la-majorite-departementale\/#breadcrumb","itemListElement":[{"@type":"ListItem","position":1,"name":"Accueil","item":"https:\/\/www.uges-isere.fr\/"},{"@type":"ListItem","position":2,"name":"Le \u00ab\u00a0green washing\u00a0\u00bb de la majorit\u00e9 d\u00e9partementale"}]},{"@type":"WebSite","@id":"https:\/\/www.uges-isere.fr\/#website","url":"https:\/\/www.uges-isere.fr\/","name":"D\u00e9partement de l&#039;Is\u00e8re","description":"Groupe d&#039;opposition UGES","publisher":{"@id":"https:\/\/www.uges-isere.fr\/#organization"},"potentialAction":[{"@type":"SearchAction","target":{"@type":"EntryPoint","urlTemplate":"https:\/\/www.uges-isere.fr\/?s={search_term_string}"},"query-input":{"@type":"PropertyValueSpecification","valueRequired":true,"valueName":"search_term_string"}}],"inLanguage":"fr-FR"},{"@type":"Organization","@id":"https:\/\/www.uges-isere.fr\/#organization","name":"D\u00e9partement de l'Is\u00e8re","url":"https:\/\/www.uges-isere.fr\/","logo":{"@type":"ImageObject","inLanguage":"fr-FR","@id":"https:\/\/www.uges-isere.fr\/#\/schema\/logo\/image\/","url":"https:\/\/www.uges-isere.fr\/wp-content\/uploads\/2021\/10\/logo-ok.png","contentUrl":"https:\/\/www.uges-isere.fr\/wp-content\/uploads\/2021\/10\/logo-ok.png","width":2859,"height":1816,"caption":"D\u00e9partement de l'Is\u00e8re"},"image":{"@id":"https:\/\/www.uges-isere.fr\/#\/schema\/logo\/image\/"},"sameAs":["https:\/\/www.facebook.com\/LePrintemps38","https:\/\/x.com\/GroupeUGES38"]},{"@type":"Person","@id":"https:\/\/www.uges-isere.fr\/#\/schema\/person\/a200926d67119314e8837b6a085de83a","name":"ThibaudUGES38","image":{"@type":"ImageObject","inLanguage":"fr-FR","@id":"https:\/\/secure.gravatar.com\/avatar\/e182ebfe597e409aafe3378f828607b2b757ed94a3489b20112818296e03b151?s=96&d=mm&r=g","url":"https:\/\/secure.gravatar.com\/avatar\/e182ebfe597e409aafe3378f828607b2b757ed94a3489b20112818296e03b151?s=96&d=mm&r=g","contentUrl":"https:\/\/secure.gravatar.com\/avatar\/e182ebfe597e409aafe3378f828607b2b757ed94a3489b20112818296e03b151?s=96&d=mm&r=g","caption":"ThibaudUGES38"},"url":"https:\/\/www.uges-isere.fr\/index.php\/author\/thibauduges38\/"}]}},"_links":{"self":[{"href":"https:\/\/www.uges-isere.fr\/index.php\/wp-json\/wp\/v2\/posts\/683742","targetHints":{"allow":["GET"]}}],"collection":[{"href":"https:\/\/www.uges-isere.fr\/index.php\/wp-json\/wp\/v2\/posts"}],"about":[{"href":"https:\/\/www.uges-isere.fr\/index.php\/wp-json\/wp\/v2\/types\/post"}],"author":[{"embeddable":true,"href":"https:\/\/www.uges-isere.fr\/index.php\/wp-json\/wp\/v2\/users\/8"}],"replies":[{"embeddable":true,"href":"https:\/\/www.uges-isere.fr\/index.php\/wp-json\/wp\/v2\/comments?post=683742"}],"version-history":[{"count":1,"href":"https:\/\/www.uges-isere.fr\/index.php\/wp-json\/wp\/v2\/posts\/683742\/revisions"}],"predecessor-version":[{"id":683743,"href":"https:\/\/www.uges-isere.fr\/index.php\/wp-json\/wp\/v2\/posts\/683742\/revisions\/683743"}],"wp:featuredmedia":[{"embeddable":true,"href":"https:\/\/www.uges-isere.fr\/index.php\/wp-json\/wp\/v2\/media\/542663"}],"wp:attachment":[{"href":"https:\/\/www.uges-isere.fr\/index.php\/wp-json\/wp\/v2\/media?parent=683742"}],"wp:term":[{"taxonomy":"category","embeddable":true,"href":"https:\/\/www.uges-isere.fr\/index.php\/wp-json\/wp\/v2\/categories?post=683742"},{"taxonomy":"post_tag","embeddable":true,"href":"https:\/\/www.uges-isere.fr\/index.php\/wp-json\/wp\/v2\/tags?post=683742"}],"curies":[{"name":"wp","href":"https:\/\/api.w.org\/{rel}","templated":true}]}}