{"id":683726,"date":"2023-06-30T16:54:38","date_gmt":"2023-06-30T14:54:38","guid":{"rendered":"https:\/\/www.uges-isere.fr\/?p=683726"},"modified":"2026-02-27T16:52:07","modified_gmt":"2026-02-27T15:52:07","slug":"etendre-les-bourses-detude-du-departement-aux-medecins-salaries","status":"publish","type":"post","link":"https:\/\/www.uges-isere.fr\/index.php\/2023\/06\/30\/etendre-les-bourses-detude-du-departement-aux-medecins-salaries\/","title":{"rendered":"Etendre les bourses d&rsquo;\u00e9tude du D\u00e9partement aux m\u00e9decins salari\u00e9s"},"content":{"rendered":"\n<p><strong>El\u00e9onore Kazazian-Balestas a pr\u00e9sent\u00e9 un <a href=\"https:\/\/www.uges-isere.fr\/wp-content\/uploads\/2023\/07\/Amendement-isere-medecin-VF.docx.pdf\" target=\"_blank\" rel=\"noreferrer noopener\">amendement<\/a> au Budget suppl\u00e9mentaire 2023 pour \u00e9tendre le dispositif de Bourses d\u2019\u00e9tude et de projet professionnel du D\u00e9partement aux \u00e9tudiant.e.s de 3<sup>\u00e8me<\/sup> cycle qui souhaitent exercer comme m\u00e9decin g\u00e9n\u00e9raliste ou chirurgien-dentiste sous la forme salariale. Cet amendement vise \u00e0 soutenir la m\u00e9decin salari\u00e9e afin de compl\u00e9ter l\u2019offre de soins dans des territoires sous dot\u00e9s.\u00a0<\/strong><\/p>\n\n\n\n<p>La question du manque de m\u00e9decins en France atteint des taux records puisque plus d\u20191 fran\u00e7ais sur dix ne dispose pas aujourd\u2019hui de m\u00e9decins traitants.<\/p>\n\n\n\n<p>Chaque Collectivit\u00e9 locale doit agir, et c\u2019est ce que le D\u00e9partement fait en Is\u00e8re, o\u00f9 l&rsquo;ensemble des \u00e9lu.es ont vot\u00e9 \u00e0 la s\u00e9ance publique du mois de juin 2022 les nouvelles orientations du dispositif <em>Is\u00e8re M\u00e9decins<\/em>, visant notamment \u00e0<strong> l\u2019attribution de bourse d\u2019\u00e9tude et de projet professionnel, pour les futurs m\u00e9decins g\u00e9n\u00e9ralistes et chirurgiens-dentistes <\/strong>souhaitant s\u2019installer en Is\u00e8re, dans une zone identifi\u00e9e comme prioritaire, afin de lutter contre les d\u00e9serts m\u00e9dicaux.<\/p>\n\n\n\n<p>Les \u00e9lu.e.s UGES partagent pleinement les choix et constats de la majorit\u00e9 d\u00e9partementale inscrits dans les conventions d\u2019attribution des bourses, notamment&nbsp;:<\/p>\n\n\n\n<ul class=\"wp-block-list\">\n<li>Que l\u2019acc\u00e8s aux soins passe avant tout par la pr\u00e9sence de m\u00e9decins g\u00e9n\u00e9ralistes sur le territoire<\/li>\n\n\n\n<li>De faire de l\u2019acc\u00e8s aux soins m\u00e9dicaux une priorit\u00e9 d\u2019action afin de permettre \u00e0 tout.e is\u00e9rois.e d\u2019\u00eatre soign\u00e9.e quelque soit la commune o\u00f9 iel r\u00e9side<\/li>\n\n\n\n<li>De mettre en place une bourse d\u2019\u00e9tude et de projet professionnel au b\u00e9n\u00e9fice des internes en m\u00e9decine g\u00e9n\u00e9rale pour les inciter \u00e0 s\u2019installer en Is\u00e8re \u00e0 l\u2019issue de leurs \u00e9tudes<\/li>\n<\/ul>\n\n\n\n<p>N\u00e9anmoins, le groupe UGES ne comprend pas pourquoi le statut professionnel du m\u00e9decin serait important quant \u00e0 l\u2019objectif principal de permettre une m\u00e9decine au plus proche des is\u00e9roises et des is\u00e9rois.<\/p>\n\n\n\n<p>Et pourtant, malgr\u00e9 l\u2019\u00e9volution d\u2019<em>Is\u00e8re M\u00e9decins<\/em> en <em>Is\u00e8re sant\u00e9<\/em> en avril dernier, <strong>le dispositif ne concerne toujours que les m\u00e9decins lib\u00e9raux et non les m\u00e9decins salari\u00e9s<\/strong>, ce qui une fois de plus ne change absolument rien pour Monsieur ou Madame X, ayant simplement besoin d\u2019un m\u00e9decin traitant.<\/p>\n\n\n\n<p>Alors, puisque&nbsp;:<\/p>\n\n\n\n<ul class=\"wp-block-list\">\n<li>La m\u00e9decine salari\u00e9e est maintenant le mod\u00e8le le plus recherch\u00e9 par les m\u00e9decins<\/li>\n\n\n\n<li>L&rsquo;ensemble des \u00e9lu.e.s souhaitent que plus de m\u00e9decins rejoignent l\u2019Is\u00e8re <\/li>\n\n\n\n<li>L&rsquo;ensemble des \u00e9lu.e.s d\u00e9partement sont attach\u00e9.es au mod\u00e8le des centres de sant\u00e9 : la majorit\u00e9 d\u00e9partementale a annonc\u00e9 la cr\u00e9ation de 3 centres de sant\u00e9s et a donc besoin d\u2019inciter les m\u00e9decins salari\u00e9s \u00e0 venir y travailler,<\/li>\n\n\n\n<li>Et enfin parce que le titre m\u00eame de l\u2019article pr\u00e9sentant <em>Is\u00e8re sant\u00e9 <\/em>sur le site du D\u00e9partement le demande&nbsp;: \u201c<em>Is\u00e8re sant\u00e9<\/em>&nbsp;: <em>le D\u00e9partement s\u2019engage toujours plus pour la sant\u00e9 des is\u00e9rois\u201d.<\/em><\/li>\n<\/ul>\n\n\n\n<p>Les \u00e9lu.e.s UGES appellent \u00e0 s&rsquo;engager encore plus dans la lutte contre les d\u00e9serts m\u00e9dicaux en <strong>modifiant les conditions d\u2019attribution des bourses <\/strong>de formation afin que TOUS les futurs m\u00e9decins g\u00e9n\u00e9ralistes et chirurgiens dentistes, acceptant de s\u2019installer en zone prioritaire de notre beau d\u00e9partement, y aient acc\u00e8s.<\/p>\n","protected":false},"excerpt":{"rendered":"<p>El\u00e9onore Kazazian-Balestas a pr\u00e9sent\u00e9 un amendement au Budget suppl\u00e9mentaire 2023 pour \u00e9tendre le dispositif de Bourses d\u2019\u00e9tude et &hellip; <\/p>\n","protected":false},"author":8,"featured_media":683728,"comment_status":"open","ping_status":"open","sticky":false,"template":"","format":"standard","meta":{"footnotes":""},"categories":[9,135],"tags":[144,145,138],"class_list":["post-683726","post","type-post","status-publish","format-standard","has-post-thumbnail","hentry","category-action-sociale","category-seance-publique-juin-2023","tag-deserts-medicaux","tag-medecine-salariee","tag-sante"],"yoast_head":"<!-- This site is optimized with the Yoast SEO plugin v27.5 - https:\/\/yoast.com\/product\/yoast-seo-wordpress\/ -->\n<title>Etendre les bourses d&#039;\u00e9tude du D\u00e9partement aux m\u00e9decins salari\u00e9s - D\u00e9partement de l&#039;Is\u00e8re<\/title>\n<meta name=\"robots\" content=\"index, follow, max-snippet:-1, max-image-preview:large, max-video-preview:-1\" \/>\n<link rel=\"canonical\" href=\"https:\/\/www.uges-isere.fr\/index.php\/2023\/06\/30\/etendre-les-bourses-detude-du-departement-aux-medecins-salaries\/\" \/>\n<meta property=\"og:locale\" content=\"fr_FR\" \/>\n<meta property=\"og:type\" content=\"article\" \/>\n<meta property=\"og:title\" content=\"Etendre les bourses d&#039;\u00e9tude du D\u00e9partement aux m\u00e9decins salari\u00e9s - D\u00e9partement de l&#039;Is\u00e8re\" \/>\n<meta property=\"og:description\" content=\"El\u00e9onore Kazazian-Balestas a pr\u00e9sent\u00e9 un amendement au Budget suppl\u00e9mentaire 2023 pour \u00e9tendre le dispositif de Bourses d\u2019\u00e9tude et &hellip;\" \/>\n<meta property=\"og:url\" content=\"https:\/\/www.uges-isere.fr\/index.php\/2023\/06\/30\/etendre-les-bourses-detude-du-departement-aux-medecins-salaries\/\" \/>\n<meta property=\"og:site_name\" content=\"D\u00e9partement de l&#039;Is\u00e8re\" \/>\n<meta property=\"article:publisher\" content=\"https:\/\/www.facebook.com\/LePrintemps38\" \/>\n<meta property=\"article:published_time\" content=\"2023-06-30T14:54:38+00:00\" \/>\n<meta property=\"article:modified_time\" content=\"2026-02-27T15:52:07+00:00\" \/>\n<meta property=\"og:image\" content=\"https:\/\/www.uges-isere.fr\/wp-content\/uploads\/2023\/06\/ELEONORE.png\" \/>\n\t<meta property=\"og:image:width\" content=\"1399\" \/>\n\t<meta property=\"og:image:height\" content=\"694\" \/>\n\t<meta property=\"og:image:type\" content=\"image\/png\" \/>\n<meta name=\"author\" content=\"ThibaudUGES38\" \/>\n<meta name=\"twitter:card\" content=\"summary_large_image\" \/>\n<meta name=\"twitter:creator\" content=\"@GroupeUGES38\" \/>\n<meta name=\"twitter:site\" content=\"@GroupeUGES38\" \/>\n<meta name=\"twitter:label1\" content=\"\u00c9crit par\" \/>\n\t<meta name=\"twitter:data1\" content=\"ThibaudUGES38\" \/>\n\t<meta name=\"twitter:label2\" content=\"Dur\u00e9e de lecture estim\u00e9e\" \/>\n\t<meta name=\"twitter:data2\" content=\"3 minutes\" \/>\n<script type=\"application\/ld+json\" class=\"yoast-schema-graph\">{\"@context\":\"https:\\\/\\\/schema.org\",\"@graph\":[{\"@type\":\"Article\",\"@id\":\"https:\\\/\\\/www.uges-isere.fr\\\/index.php\\\/2023\\\/06\\\/30\\\/etendre-les-bourses-detude-du-departement-aux-medecins-salaries\\\/#article\",\"isPartOf\":{\"@id\":\"https:\\\/\\\/www.uges-isere.fr\\\/index.php\\\/2023\\\/06\\\/30\\\/etendre-les-bourses-detude-du-departement-aux-medecins-salaries\\\/\"},\"author\":{\"name\":\"ThibaudUGES38\",\"@id\":\"https:\\\/\\\/www.uges-isere.fr\\\/#\\\/schema\\\/person\\\/a200926d67119314e8837b6a085de83a\"},\"headline\":\"Etendre les bourses d&rsquo;\u00e9tude du D\u00e9partement aux m\u00e9decins salari\u00e9s\",\"datePublished\":\"2023-06-30T14:54:38+00:00\",\"dateModified\":\"2026-02-27T15:52:07+00:00\",\"mainEntityOfPage\":{\"@id\":\"https:\\\/\\\/www.uges-isere.fr\\\/index.php\\\/2023\\\/06\\\/30\\\/etendre-les-bourses-detude-du-departement-aux-medecins-salaries\\\/\"},\"wordCount\":591,\"commentCount\":0,\"publisher\":{\"@id\":\"https:\\\/\\\/www.uges-isere.fr\\\/#organization\"},\"image\":{\"@id\":\"https:\\\/\\\/www.uges-isere.fr\\\/index.php\\\/2023\\\/06\\\/30\\\/etendre-les-bourses-detude-du-departement-aux-medecins-salaries\\\/#primaryimage\"},\"thumbnailUrl\":\"https:\\\/\\\/www.uges-isere.fr\\\/wp-content\\\/uploads\\\/2023\\\/06\\\/istockphoto-1026367516-612x612-1.jpg\",\"keywords\":[\"d\u00e9serts m\u00e9dicaux\",\"m\u00e9decine salari\u00e9e\",\"sant\u00e9\"],\"articleSection\":[\"Action sociale\",\"S\u00e9ance Publique (Budget suppl\u00e9mentaire) - Juin 2023\"],\"inLanguage\":\"fr-FR\",\"potentialAction\":[{\"@type\":\"CommentAction\",\"name\":\"Comment\",\"target\":[\"https:\\\/\\\/www.uges-isere.fr\\\/index.php\\\/2023\\\/06\\\/30\\\/etendre-les-bourses-detude-du-departement-aux-medecins-salaries\\\/#respond\"]}]},{\"@type\":\"WebPage\",\"@id\":\"https:\\\/\\\/www.uges-isere.fr\\\/index.php\\\/2023\\\/06\\\/30\\\/etendre-les-bourses-detude-du-departement-aux-medecins-salaries\\\/\",\"url\":\"https:\\\/\\\/www.uges-isere.fr\\\/index.php\\\/2023\\\/06\\\/30\\\/etendre-les-bourses-detude-du-departement-aux-medecins-salaries\\\/\",\"name\":\"Etendre les bourses d'\u00e9tude du D\u00e9partement aux m\u00e9decins salari\u00e9s - D\u00e9partement de l&#039;Is\u00e8re\",\"isPartOf\":{\"@id\":\"https:\\\/\\\/www.uges-isere.fr\\\/#website\"},\"primaryImageOfPage\":{\"@id\":\"https:\\\/\\\/www.uges-isere.fr\\\/index.php\\\/2023\\\/06\\\/30\\\/etendre-les-bourses-detude-du-departement-aux-medecins-salaries\\\/#primaryimage\"},\"image\":{\"@id\":\"https:\\\/\\\/www.uges-isere.fr\\\/index.php\\\/2023\\\/06\\\/30\\\/etendre-les-bourses-detude-du-departement-aux-medecins-salaries\\\/#primaryimage\"},\"thumbnailUrl\":\"https:\\\/\\\/www.uges-isere.fr\\\/wp-content\\\/uploads\\\/2023\\\/06\\\/istockphoto-1026367516-612x612-1.jpg\",\"datePublished\":\"2023-06-30T14:54:38+00:00\",\"dateModified\":\"2026-02-27T15:52:07+00:00\",\"breadcrumb\":{\"@id\":\"https:\\\/\\\/www.uges-isere.fr\\\/index.php\\\/2023\\\/06\\\/30\\\/etendre-les-bourses-detude-du-departement-aux-medecins-salaries\\\/#breadcrumb\"},\"inLanguage\":\"fr-FR\",\"potentialAction\":[{\"@type\":\"ReadAction\",\"target\":[\"https:\\\/\\\/www.uges-isere.fr\\\/index.php\\\/2023\\\/06\\\/30\\\/etendre-les-bourses-detude-du-departement-aux-medecins-salaries\\\/\"]}]},{\"@type\":\"ImageObject\",\"inLanguage\":\"fr-FR\",\"@id\":\"https:\\\/\\\/www.uges-isere.fr\\\/index.php\\\/2023\\\/06\\\/30\\\/etendre-les-bourses-detude-du-departement-aux-medecins-salaries\\\/#primaryimage\",\"url\":\"https:\\\/\\\/www.uges-isere.fr\\\/wp-content\\\/uploads\\\/2023\\\/06\\\/istockphoto-1026367516-612x612-1.jpg\",\"contentUrl\":\"https:\\\/\\\/www.uges-isere.fr\\\/wp-content\\\/uploads\\\/2023\\\/06\\\/istockphoto-1026367516-612x612-1.jpg\",\"width\":612,\"height\":408,\"caption\":\"Doctor talking to the patient about menopause and treatment in future.\"},{\"@type\":\"BreadcrumbList\",\"@id\":\"https:\\\/\\\/www.uges-isere.fr\\\/index.php\\\/2023\\\/06\\\/30\\\/etendre-les-bourses-detude-du-departement-aux-medecins-salaries\\\/#breadcrumb\",\"itemListElement\":[{\"@type\":\"ListItem\",\"position\":1,\"name\":\"Accueil\",\"item\":\"https:\\\/\\\/www.uges-isere.fr\\\/\"},{\"@type\":\"ListItem\",\"position\":2,\"name\":\"Etendre les bourses d&rsquo;\u00e9tude du D\u00e9partement aux m\u00e9decins salari\u00e9s\"}]},{\"@type\":\"WebSite\",\"@id\":\"https:\\\/\\\/www.uges-isere.fr\\\/#website\",\"url\":\"https:\\\/\\\/www.uges-isere.fr\\\/\",\"name\":\"D\u00e9partement de l&#039;Is\u00e8re\",\"description\":\"Groupe d&#039;opposition UGES\",\"publisher\":{\"@id\":\"https:\\\/\\\/www.uges-isere.fr\\\/#organization\"},\"potentialAction\":[{\"@type\":\"SearchAction\",\"target\":{\"@type\":\"EntryPoint\",\"urlTemplate\":\"https:\\\/\\\/www.uges-isere.fr\\\/?s={search_term_string}\"},\"query-input\":{\"@type\":\"PropertyValueSpecification\",\"valueRequired\":true,\"valueName\":\"search_term_string\"}}],\"inLanguage\":\"fr-FR\"},{\"@type\":\"Organization\",\"@id\":\"https:\\\/\\\/www.uges-isere.fr\\\/#organization\",\"name\":\"D\u00e9partement de l'Is\u00e8re\",\"url\":\"https:\\\/\\\/www.uges-isere.fr\\\/\",\"logo\":{\"@type\":\"ImageObject\",\"inLanguage\":\"fr-FR\",\"@id\":\"https:\\\/\\\/www.uges-isere.fr\\\/#\\\/schema\\\/logo\\\/image\\\/\",\"url\":\"https:\\\/\\\/www.uges-isere.fr\\\/wp-content\\\/uploads\\\/2021\\\/10\\\/logo-ok.png\",\"contentUrl\":\"https:\\\/\\\/www.uges-isere.fr\\\/wp-content\\\/uploads\\\/2021\\\/10\\\/logo-ok.png\",\"width\":2859,\"height\":1816,\"caption\":\"D\u00e9partement de l'Is\u00e8re\"},\"image\":{\"@id\":\"https:\\\/\\\/www.uges-isere.fr\\\/#\\\/schema\\\/logo\\\/image\\\/\"},\"sameAs\":[\"https:\\\/\\\/www.facebook.com\\\/LePrintemps38\",\"https:\\\/\\\/x.com\\\/GroupeUGES38\"]},{\"@type\":\"Person\",\"@id\":\"https:\\\/\\\/www.uges-isere.fr\\\/#\\\/schema\\\/person\\\/a200926d67119314e8837b6a085de83a\",\"name\":\"ThibaudUGES38\",\"image\":{\"@type\":\"ImageObject\",\"inLanguage\":\"fr-FR\",\"@id\":\"https:\\\/\\\/secure.gravatar.com\\\/avatar\\\/e182ebfe597e409aafe3378f828607b2b757ed94a3489b20112818296e03b151?s=96&d=mm&r=g\",\"url\":\"https:\\\/\\\/secure.gravatar.com\\\/avatar\\\/e182ebfe597e409aafe3378f828607b2b757ed94a3489b20112818296e03b151?s=96&d=mm&r=g\",\"contentUrl\":\"https:\\\/\\\/secure.gravatar.com\\\/avatar\\\/e182ebfe597e409aafe3378f828607b2b757ed94a3489b20112818296e03b151?s=96&d=mm&r=g\",\"caption\":\"ThibaudUGES38\"},\"url\":\"https:\\\/\\\/www.uges-isere.fr\\\/index.php\\\/author\\\/thibauduges38\\\/\"}]}<\/script>\n<!-- \/ Yoast SEO plugin. -->","yoast_head_json":{"title":"Etendre les bourses d'\u00e9tude du D\u00e9partement aux m\u00e9decins salari\u00e9s - D\u00e9partement de l&#039;Is\u00e8re","robots":{"index":"index","follow":"follow","max-snippet":"max-snippet:-1","max-image-preview":"max-image-preview:large","max-video-preview":"max-video-preview:-1"},"canonical":"https:\/\/www.uges-isere.fr\/index.php\/2023\/06\/30\/etendre-les-bourses-detude-du-departement-aux-medecins-salaries\/","og_locale":"fr_FR","og_type":"article","og_title":"Etendre les bourses d'\u00e9tude du D\u00e9partement aux m\u00e9decins salari\u00e9s - D\u00e9partement de l&#039;Is\u00e8re","og_description":"El\u00e9onore Kazazian-Balestas a pr\u00e9sent\u00e9 un amendement au Budget suppl\u00e9mentaire 2023 pour \u00e9tendre le dispositif de Bourses d\u2019\u00e9tude et &hellip;","og_url":"https:\/\/www.uges-isere.fr\/index.php\/2023\/06\/30\/etendre-les-bourses-detude-du-departement-aux-medecins-salaries\/","og_site_name":"D\u00e9partement de l&#039;Is\u00e8re","article_publisher":"https:\/\/www.facebook.com\/LePrintemps38","article_published_time":"2023-06-30T14:54:38+00:00","article_modified_time":"2026-02-27T15:52:07+00:00","og_image":[{"width":1399,"height":694,"url":"https:\/\/www.uges-isere.fr\/wp-content\/uploads\/2023\/06\/ELEONORE.png","type":"image\/png"}],"author":"ThibaudUGES38","twitter_card":"summary_large_image","twitter_creator":"@GroupeUGES38","twitter_site":"@GroupeUGES38","twitter_misc":{"\u00c9crit par":"ThibaudUGES38","Dur\u00e9e de lecture estim\u00e9e":"3 minutes"},"schema":{"@context":"https:\/\/schema.org","@graph":[{"@type":"Article","@id":"https:\/\/www.uges-isere.fr\/index.php\/2023\/06\/30\/etendre-les-bourses-detude-du-departement-aux-medecins-salaries\/#article","isPartOf":{"@id":"https:\/\/www.uges-isere.fr\/index.php\/2023\/06\/30\/etendre-les-bourses-detude-du-departement-aux-medecins-salaries\/"},"author":{"name":"ThibaudUGES38","@id":"https:\/\/www.uges-isere.fr\/#\/schema\/person\/a200926d67119314e8837b6a085de83a"},"headline":"Etendre les bourses d&rsquo;\u00e9tude du D\u00e9partement aux m\u00e9decins salari\u00e9s","datePublished":"2023-06-30T14:54:38+00:00","dateModified":"2026-02-27T15:52:07+00:00","mainEntityOfPage":{"@id":"https:\/\/www.uges-isere.fr\/index.php\/2023\/06\/30\/etendre-les-bourses-detude-du-departement-aux-medecins-salaries\/"},"wordCount":591,"commentCount":0,"publisher":{"@id":"https:\/\/www.uges-isere.fr\/#organization"},"image":{"@id":"https:\/\/www.uges-isere.fr\/index.php\/2023\/06\/30\/etendre-les-bourses-detude-du-departement-aux-medecins-salaries\/#primaryimage"},"thumbnailUrl":"https:\/\/www.uges-isere.fr\/wp-content\/uploads\/2023\/06\/istockphoto-1026367516-612x612-1.jpg","keywords":["d\u00e9serts m\u00e9dicaux","m\u00e9decine salari\u00e9e","sant\u00e9"],"articleSection":["Action sociale","S\u00e9ance Publique (Budget suppl\u00e9mentaire) - Juin 2023"],"inLanguage":"fr-FR","potentialAction":[{"@type":"CommentAction","name":"Comment","target":["https:\/\/www.uges-isere.fr\/index.php\/2023\/06\/30\/etendre-les-bourses-detude-du-departement-aux-medecins-salaries\/#respond"]}]},{"@type":"WebPage","@id":"https:\/\/www.uges-isere.fr\/index.php\/2023\/06\/30\/etendre-les-bourses-detude-du-departement-aux-medecins-salaries\/","url":"https:\/\/www.uges-isere.fr\/index.php\/2023\/06\/30\/etendre-les-bourses-detude-du-departement-aux-medecins-salaries\/","name":"Etendre les bourses d'\u00e9tude du D\u00e9partement aux m\u00e9decins salari\u00e9s - D\u00e9partement de l&#039;Is\u00e8re","isPartOf":{"@id":"https:\/\/www.uges-isere.fr\/#website"},"primaryImageOfPage":{"@id":"https:\/\/www.uges-isere.fr\/index.php\/2023\/06\/30\/etendre-les-bourses-detude-du-departement-aux-medecins-salaries\/#primaryimage"},"image":{"@id":"https:\/\/www.uges-isere.fr\/index.php\/2023\/06\/30\/etendre-les-bourses-detude-du-departement-aux-medecins-salaries\/#primaryimage"},"thumbnailUrl":"https:\/\/www.uges-isere.fr\/wp-content\/uploads\/2023\/06\/istockphoto-1026367516-612x612-1.jpg","datePublished":"2023-06-30T14:54:38+00:00","dateModified":"2026-02-27T15:52:07+00:00","breadcrumb":{"@id":"https:\/\/www.uges-isere.fr\/index.php\/2023\/06\/30\/etendre-les-bourses-detude-du-departement-aux-medecins-salaries\/#breadcrumb"},"inLanguage":"fr-FR","potentialAction":[{"@type":"ReadAction","target":["https:\/\/www.uges-isere.fr\/index.php\/2023\/06\/30\/etendre-les-bourses-detude-du-departement-aux-medecins-salaries\/"]}]},{"@type":"ImageObject","inLanguage":"fr-FR","@id":"https:\/\/www.uges-isere.fr\/index.php\/2023\/06\/30\/etendre-les-bourses-detude-du-departement-aux-medecins-salaries\/#primaryimage","url":"https:\/\/www.uges-isere.fr\/wp-content\/uploads\/2023\/06\/istockphoto-1026367516-612x612-1.jpg","contentUrl":"https:\/\/www.uges-isere.fr\/wp-content\/uploads\/2023\/06\/istockphoto-1026367516-612x612-1.jpg","width":612,"height":408,"caption":"Doctor talking to the patient about menopause and treatment in future."},{"@type":"BreadcrumbList","@id":"https:\/\/www.uges-isere.fr\/index.php\/2023\/06\/30\/etendre-les-bourses-detude-du-departement-aux-medecins-salaries\/#breadcrumb","itemListElement":[{"@type":"ListItem","position":1,"name":"Accueil","item":"https:\/\/www.uges-isere.fr\/"},{"@type":"ListItem","position":2,"name":"Etendre les bourses d&rsquo;\u00e9tude du D\u00e9partement aux m\u00e9decins salari\u00e9s"}]},{"@type":"WebSite","@id":"https:\/\/www.uges-isere.fr\/#website","url":"https:\/\/www.uges-isere.fr\/","name":"D\u00e9partement de l&#039;Is\u00e8re","description":"Groupe d&#039;opposition UGES","publisher":{"@id":"https:\/\/www.uges-isere.fr\/#organization"},"potentialAction":[{"@type":"SearchAction","target":{"@type":"EntryPoint","urlTemplate":"https:\/\/www.uges-isere.fr\/?s={search_term_string}"},"query-input":{"@type":"PropertyValueSpecification","valueRequired":true,"valueName":"search_term_string"}}],"inLanguage":"fr-FR"},{"@type":"Organization","@id":"https:\/\/www.uges-isere.fr\/#organization","name":"D\u00e9partement de l'Is\u00e8re","url":"https:\/\/www.uges-isere.fr\/","logo":{"@type":"ImageObject","inLanguage":"fr-FR","@id":"https:\/\/www.uges-isere.fr\/#\/schema\/logo\/image\/","url":"https:\/\/www.uges-isere.fr\/wp-content\/uploads\/2021\/10\/logo-ok.png","contentUrl":"https:\/\/www.uges-isere.fr\/wp-content\/uploads\/2021\/10\/logo-ok.png","width":2859,"height":1816,"caption":"D\u00e9partement de l'Is\u00e8re"},"image":{"@id":"https:\/\/www.uges-isere.fr\/#\/schema\/logo\/image\/"},"sameAs":["https:\/\/www.facebook.com\/LePrintemps38","https:\/\/x.com\/GroupeUGES38"]},{"@type":"Person","@id":"https:\/\/www.uges-isere.fr\/#\/schema\/person\/a200926d67119314e8837b6a085de83a","name":"ThibaudUGES38","image":{"@type":"ImageObject","inLanguage":"fr-FR","@id":"https:\/\/secure.gravatar.com\/avatar\/e182ebfe597e409aafe3378f828607b2b757ed94a3489b20112818296e03b151?s=96&d=mm&r=g","url":"https:\/\/secure.gravatar.com\/avatar\/e182ebfe597e409aafe3378f828607b2b757ed94a3489b20112818296e03b151?s=96&d=mm&r=g","contentUrl":"https:\/\/secure.gravatar.com\/avatar\/e182ebfe597e409aafe3378f828607b2b757ed94a3489b20112818296e03b151?s=96&d=mm&r=g","caption":"ThibaudUGES38"},"url":"https:\/\/www.uges-isere.fr\/index.php\/author\/thibauduges38\/"}]}},"_links":{"self":[{"href":"https:\/\/www.uges-isere.fr\/index.php\/wp-json\/wp\/v2\/posts\/683726","targetHints":{"allow":["GET"]}}],"collection":[{"href":"https:\/\/www.uges-isere.fr\/index.php\/wp-json\/wp\/v2\/posts"}],"about":[{"href":"https:\/\/www.uges-isere.fr\/index.php\/wp-json\/wp\/v2\/types\/post"}],"author":[{"embeddable":true,"href":"https:\/\/www.uges-isere.fr\/index.php\/wp-json\/wp\/v2\/users\/8"}],"replies":[{"embeddable":true,"href":"https:\/\/www.uges-isere.fr\/index.php\/wp-json\/wp\/v2\/comments?post=683726"}],"version-history":[{"count":2,"href":"https:\/\/www.uges-isere.fr\/index.php\/wp-json\/wp\/v2\/posts\/683726\/revisions"}],"predecessor-version":[{"id":683741,"href":"https:\/\/www.uges-isere.fr\/index.php\/wp-json\/wp\/v2\/posts\/683726\/revisions\/683741"}],"wp:featuredmedia":[{"embeddable":true,"href":"https:\/\/www.uges-isere.fr\/index.php\/wp-json\/wp\/v2\/media\/683728"}],"wp:attachment":[{"href":"https:\/\/www.uges-isere.fr\/index.php\/wp-json\/wp\/v2\/media?parent=683726"}],"wp:term":[{"taxonomy":"category","embeddable":true,"href":"https:\/\/www.uges-isere.fr\/index.php\/wp-json\/wp\/v2\/categories?post=683726"},{"taxonomy":"post_tag","embeddable":true,"href":"https:\/\/www.uges-isere.fr\/index.php\/wp-json\/wp\/v2\/tags?post=683726"}],"curies":[{"name":"wp","href":"https:\/\/api.w.org\/{rel}","templated":true}]}}