{"id":683716,"date":"2023-06-30T16:25:38","date_gmt":"2023-06-30T14:25:38","guid":{"rendered":"https:\/\/www.uges-isere.fr\/?p=683716"},"modified":"2023-06-30T16:25:38","modified_gmt":"2023-06-30T14:25:38","slug":"accompagner-la-reduction-des-emissions-de-ges-du-tourisme-iserois","status":"publish","type":"post","link":"https:\/\/www.uges-isere.fr\/index.php\/2023\/06\/30\/accompagner-la-reduction-des-emissions-de-ges-du-tourisme-iserois\/","title":{"rendered":"Accompagner la r\u00e9duction des \u00e9missions de GES du tourisme is\u00e9rois"},"content":{"rendered":"\n<p><strong>A l\u2019occasion du rapport sur les missions d\u2019Is\u00e8re Attractivit\u00e9, agence au service du d\u00e9veloppement touristique, le groupe UGES a d\u00e9pos\u00e9 un amendement en\u00a0S\u00e9ance publique : \u00ab\u00a0Pr\u00e9parer l\u2019avenir : accompagner la r\u00e9duction des \u00e9missions de GES du tourisme is\u00e9rois\u00a0\u00bb, pr\u00e9sent\u00e9 par J\u00e9r\u00f4me Cucarrollo.<\/strong><\/p>\n\n\n\n<p>Le budget tourisme du D\u00e9partement est cons\u00e9quent avec 6,28 millions d\u2019euros inscrits en 2023. 3 millions d\u2019euros sont orient\u00e9s vers le d\u00e9veloppement touristique des territoires \u00e0 travers les CPAI (Contrat de performance des Alpes de l&rsquo;Is\u00e8re) Montagne et les CPAI Plaine. <strong>L\u2019investissement du D\u00e9partement g\u00e9n\u00e8re un effet levier de plusieurs millions dans les territoires ce qui fait du tourisme un secteur \u00e9conomique cl\u00e9 en Is\u00e8re<\/strong>.<\/p>\n\n\n\n<p>N\u00e9anmoins, ce secteur ne peut \u00eatre analys\u00e9 uniquement \u00e0 l\u2019aune du prisme \u00e9conomique. En effet, le tourisme g\u00e9n\u00e8re \u00e9galement des impacts environnementaux et climatiques importants. Le transport, l\u2019h\u00e9bergement, la restauration, les infrastructures li\u00e9es au tourisme sont des sources d\u2019\u00e9missions de gaz \u00e0 effet de serre. En France, les mobilit\u00e9s touristiques (transport aller\/retour et sur place) repr\u00e9sentent 77% des \u00e9missions de gaz \u00e0 effet de serre du secteur. Le transport a\u00e9rien repr\u00e9sente \u00e0 lui seul 40% des \u00e9missions du tourisme fran\u00e7ais.<\/p>\n\n\n\n<p>Le D\u00e9partement s\u2019est engag\u00e9 \u00e0 travers sa Strat\u00e9gie Air Climat \u00c9nergie \u00e0 r\u00e9duire ses \u00e9missions de gaz \u00e0 effet de serre. En tant que collectivit\u00e9, il participe \u00e0 l\u2019atteinte des objectifs europ\u00e9ens et nationaux de r\u00e9duction de 55% des \u00e9missions de GES d\u2019ici 2030 et de neutralit\u00e9 carbone en 2050.&nbsp;<\/p>\n\n\n\n<p>Le D\u00e9partement et Is\u00e8re Attractivit\u00e9 se f\u00e9licitent de leur capacit\u00e9 \u00e0 orienter les investissements touristiques. Selon l\u2019agence, chaque euro investi par le D\u00e9partement entra\u00eene 13\u20ac d\u2019investissement.&nbsp;<\/p>\n\n\n\n<p>D\u00e8s lors, la responsabilit\u00e9 du D\u00e9partement et de son agence est immense au regard de sa capacit\u00e9 \u00e0 tracer le chemin d\u2019un&nbsp;tourisme bas carbone afin de faire sa part dans la r\u00e9duction des \u00e9missions de gaz \u00e0 effet de serre. Afin de se doter d\u2019une visibilit\u00e9 sur l\u2019empreinte carbone du secteur du tourisme en Is\u00e8re, il est n\u00e9cessaire que le D\u00e9partement mette en place un <strong>bilan carbone des activit\u00e9s touristiques du territoire<\/strong>.<\/p>\n\n\n\n<p>Ainsi, l&rsquo;amendement visait \u00e0 ce qu&rsquo;Is\u00e8re Attractivit\u00e9 se dote d\u2019une troisi\u00e8me mission : <strong>quantifier les \u00e9missions de gaz \u00e0 effet de serre produites par les diff\u00e9rents secteurs du tourisme<\/strong>. Ce bilan carbone aurait permis de r\u00e9pondre \u00e0 trois objectifs : identifier les secteurs touristiques les plus \u00e9metteurs, construire une politique de tourisme durable en fonction de l\u2019empreinte carbone des activit\u00e9s, inciter et sensibiliser les acteurs \u00e9conomiques \u00e0 investir dans un mod\u00e8le touristique bas carbone.<\/p>\n","protected":false},"excerpt":{"rendered":"<p>A l\u2019occasion du rapport sur les missions d\u2019Is\u00e8re Attractivit\u00e9, agence au service du d\u00e9veloppement touristique, le groupe UGES &hellip; <\/p>\n","protected":false},"author":8,"featured_media":683718,"comment_status":"open","ping_status":"open","sticky":false,"template":"","format":"standard","meta":{"footnotes":""},"categories":[10,135],"tags":[140,141],"class_list":["post-683716","post","type-post","status-publish","format-standard","has-post-thumbnail","hentry","category-agriculture-tourisme-montagne","category-seance-publique-juin-2023","tag-tourisme-durable","tag-transition"],"yoast_head":"<!-- This site is optimized with the Yoast SEO plugin v27.5 - https:\/\/yoast.com\/product\/yoast-seo-wordpress\/ -->\n<title>Accompagner la r\u00e9duction des \u00e9missions de GES du tourisme is\u00e9rois - D\u00e9partement de l&#039;Is\u00e8re<\/title>\n<meta name=\"robots\" content=\"index, follow, max-snippet:-1, max-image-preview:large, max-video-preview:-1\" \/>\n<link rel=\"canonical\" href=\"https:\/\/www.uges-isere.fr\/index.php\/2023\/06\/30\/accompagner-la-reduction-des-emissions-de-ges-du-tourisme-iserois\/\" \/>\n<meta property=\"og:locale\" content=\"fr_FR\" \/>\n<meta property=\"og:type\" content=\"article\" \/>\n<meta property=\"og:title\" content=\"Accompagner la r\u00e9duction des \u00e9missions de GES du tourisme is\u00e9rois - D\u00e9partement de l&#039;Is\u00e8re\" \/>\n<meta property=\"og:description\" content=\"A l\u2019occasion du rapport sur les missions d\u2019Is\u00e8re Attractivit\u00e9, agence au service du d\u00e9veloppement touristique, le groupe UGES &hellip;\" \/>\n<meta property=\"og:url\" content=\"https:\/\/www.uges-isere.fr\/index.php\/2023\/06\/30\/accompagner-la-reduction-des-emissions-de-ges-du-tourisme-iserois\/\" \/>\n<meta property=\"og:site_name\" content=\"D\u00e9partement de l&#039;Is\u00e8re\" \/>\n<meta property=\"article:publisher\" content=\"https:\/\/www.facebook.com\/LePrintemps38\" \/>\n<meta property=\"article:published_time\" content=\"2023-06-30T14:25:38+00:00\" \/>\n<meta property=\"og:image\" content=\"https:\/\/www.uges-isere.fr\/wp-content\/uploads\/2023\/06\/JEROME.png\" \/>\n\t<meta property=\"og:image:width\" content=\"1383\" \/>\n\t<meta property=\"og:image:height\" content=\"685\" \/>\n\t<meta property=\"og:image:type\" content=\"image\/png\" \/>\n<meta name=\"author\" content=\"ThibaudUGES38\" \/>\n<meta name=\"twitter:card\" content=\"summary_large_image\" \/>\n<meta name=\"twitter:creator\" content=\"@GroupeUGES38\" \/>\n<meta name=\"twitter:site\" content=\"@GroupeUGES38\" \/>\n<meta name=\"twitter:label1\" content=\"\u00c9crit par\" \/>\n\t<meta name=\"twitter:data1\" content=\"ThibaudUGES38\" \/>\n\t<meta name=\"twitter:label2\" content=\"Dur\u00e9e de lecture estim\u00e9e\" \/>\n\t<meta name=\"twitter:data2\" content=\"3 minutes\" \/>\n<script type=\"application\/ld+json\" class=\"yoast-schema-graph\">{\"@context\":\"https:\\\/\\\/schema.org\",\"@graph\":[{\"@type\":\"Article\",\"@id\":\"https:\\\/\\\/www.uges-isere.fr\\\/index.php\\\/2023\\\/06\\\/30\\\/accompagner-la-reduction-des-emissions-de-ges-du-tourisme-iserois\\\/#article\",\"isPartOf\":{\"@id\":\"https:\\\/\\\/www.uges-isere.fr\\\/index.php\\\/2023\\\/06\\\/30\\\/accompagner-la-reduction-des-emissions-de-ges-du-tourisme-iserois\\\/\"},\"author\":{\"name\":\"ThibaudUGES38\",\"@id\":\"https:\\\/\\\/www.uges-isere.fr\\\/#\\\/schema\\\/person\\\/a200926d67119314e8837b6a085de83a\"},\"headline\":\"Accompagner la r\u00e9duction des \u00e9missions de GES du tourisme is\u00e9rois\",\"datePublished\":\"2023-06-30T14:25:38+00:00\",\"mainEntityOfPage\":{\"@id\":\"https:\\\/\\\/www.uges-isere.fr\\\/index.php\\\/2023\\\/06\\\/30\\\/accompagner-la-reduction-des-emissions-de-ges-du-tourisme-iserois\\\/\"},\"wordCount\":469,\"commentCount\":0,\"publisher\":{\"@id\":\"https:\\\/\\\/www.uges-isere.fr\\\/#organization\"},\"image\":{\"@id\":\"https:\\\/\\\/www.uges-isere.fr\\\/index.php\\\/2023\\\/06\\\/30\\\/accompagner-la-reduction-des-emissions-de-ges-du-tourisme-iserois\\\/#primaryimage\"},\"thumbnailUrl\":\"https:\\\/\\\/www.uges-isere.fr\\\/wp-content\\\/uploads\\\/2023\\\/06\\\/istockphoto-475680439-612x612-1.jpg\",\"keywords\":[\"tourisme durable\",\"transition\"],\"articleSection\":[\"Agriculture, tourisme, montagne\",\"S\u00e9ance Publique (Budget suppl\u00e9mentaire) - Juin 2023\"],\"inLanguage\":\"fr-FR\",\"potentialAction\":[{\"@type\":\"CommentAction\",\"name\":\"Comment\",\"target\":[\"https:\\\/\\\/www.uges-isere.fr\\\/index.php\\\/2023\\\/06\\\/30\\\/accompagner-la-reduction-des-emissions-de-ges-du-tourisme-iserois\\\/#respond\"]}]},{\"@type\":\"WebPage\",\"@id\":\"https:\\\/\\\/www.uges-isere.fr\\\/index.php\\\/2023\\\/06\\\/30\\\/accompagner-la-reduction-des-emissions-de-ges-du-tourisme-iserois\\\/\",\"url\":\"https:\\\/\\\/www.uges-isere.fr\\\/index.php\\\/2023\\\/06\\\/30\\\/accompagner-la-reduction-des-emissions-de-ges-du-tourisme-iserois\\\/\",\"name\":\"Accompagner la r\u00e9duction des \u00e9missions de GES du tourisme is\u00e9rois - D\u00e9partement de l&#039;Is\u00e8re\",\"isPartOf\":{\"@id\":\"https:\\\/\\\/www.uges-isere.fr\\\/#website\"},\"primaryImageOfPage\":{\"@id\":\"https:\\\/\\\/www.uges-isere.fr\\\/index.php\\\/2023\\\/06\\\/30\\\/accompagner-la-reduction-des-emissions-de-ges-du-tourisme-iserois\\\/#primaryimage\"},\"image\":{\"@id\":\"https:\\\/\\\/www.uges-isere.fr\\\/index.php\\\/2023\\\/06\\\/30\\\/accompagner-la-reduction-des-emissions-de-ges-du-tourisme-iserois\\\/#primaryimage\"},\"thumbnailUrl\":\"https:\\\/\\\/www.uges-isere.fr\\\/wp-content\\\/uploads\\\/2023\\\/06\\\/istockphoto-475680439-612x612-1.jpg\",\"datePublished\":\"2023-06-30T14:25:38+00:00\",\"breadcrumb\":{\"@id\":\"https:\\\/\\\/www.uges-isere.fr\\\/index.php\\\/2023\\\/06\\\/30\\\/accompagner-la-reduction-des-emissions-de-ges-du-tourisme-iserois\\\/#breadcrumb\"},\"inLanguage\":\"fr-FR\",\"potentialAction\":[{\"@type\":\"ReadAction\",\"target\":[\"https:\\\/\\\/www.uges-isere.fr\\\/index.php\\\/2023\\\/06\\\/30\\\/accompagner-la-reduction-des-emissions-de-ges-du-tourisme-iserois\\\/\"]}]},{\"@type\":\"ImageObject\",\"inLanguage\":\"fr-FR\",\"@id\":\"https:\\\/\\\/www.uges-isere.fr\\\/index.php\\\/2023\\\/06\\\/30\\\/accompagner-la-reduction-des-emissions-de-ges-du-tourisme-iserois\\\/#primaryimage\",\"url\":\"https:\\\/\\\/www.uges-isere.fr\\\/wp-content\\\/uploads\\\/2023\\\/06\\\/istockphoto-475680439-612x612-1.jpg\",\"contentUrl\":\"https:\\\/\\\/www.uges-isere.fr\\\/wp-content\\\/uploads\\\/2023\\\/06\\\/istockphoto-475680439-612x612-1.jpg\",\"width\":612,\"height\":408,\"caption\":\"Two male mountain bike riders enjoy a cross country trail in British Columbia, Canada.\"},{\"@type\":\"BreadcrumbList\",\"@id\":\"https:\\\/\\\/www.uges-isere.fr\\\/index.php\\\/2023\\\/06\\\/30\\\/accompagner-la-reduction-des-emissions-de-ges-du-tourisme-iserois\\\/#breadcrumb\",\"itemListElement\":[{\"@type\":\"ListItem\",\"position\":1,\"name\":\"Accueil\",\"item\":\"https:\\\/\\\/www.uges-isere.fr\\\/\"},{\"@type\":\"ListItem\",\"position\":2,\"name\":\"Accompagner la r\u00e9duction des \u00e9missions de GES du tourisme is\u00e9rois\"}]},{\"@type\":\"WebSite\",\"@id\":\"https:\\\/\\\/www.uges-isere.fr\\\/#website\",\"url\":\"https:\\\/\\\/www.uges-isere.fr\\\/\",\"name\":\"D\u00e9partement de l&#039;Is\u00e8re\",\"description\":\"Groupe d&#039;opposition UGES\",\"publisher\":{\"@id\":\"https:\\\/\\\/www.uges-isere.fr\\\/#organization\"},\"potentialAction\":[{\"@type\":\"SearchAction\",\"target\":{\"@type\":\"EntryPoint\",\"urlTemplate\":\"https:\\\/\\\/www.uges-isere.fr\\\/?s={search_term_string}\"},\"query-input\":{\"@type\":\"PropertyValueSpecification\",\"valueRequired\":true,\"valueName\":\"search_term_string\"}}],\"inLanguage\":\"fr-FR\"},{\"@type\":\"Organization\",\"@id\":\"https:\\\/\\\/www.uges-isere.fr\\\/#organization\",\"name\":\"D\u00e9partement de l'Is\u00e8re\",\"url\":\"https:\\\/\\\/www.uges-isere.fr\\\/\",\"logo\":{\"@type\":\"ImageObject\",\"inLanguage\":\"fr-FR\",\"@id\":\"https:\\\/\\\/www.uges-isere.fr\\\/#\\\/schema\\\/logo\\\/image\\\/\",\"url\":\"https:\\\/\\\/www.uges-isere.fr\\\/wp-content\\\/uploads\\\/2021\\\/10\\\/logo-ok.png\",\"contentUrl\":\"https:\\\/\\\/www.uges-isere.fr\\\/wp-content\\\/uploads\\\/2021\\\/10\\\/logo-ok.png\",\"width\":2859,\"height\":1816,\"caption\":\"D\u00e9partement de l'Is\u00e8re\"},\"image\":{\"@id\":\"https:\\\/\\\/www.uges-isere.fr\\\/#\\\/schema\\\/logo\\\/image\\\/\"},\"sameAs\":[\"https:\\\/\\\/www.facebook.com\\\/LePrintemps38\",\"https:\\\/\\\/x.com\\\/GroupeUGES38\"]},{\"@type\":\"Person\",\"@id\":\"https:\\\/\\\/www.uges-isere.fr\\\/#\\\/schema\\\/person\\\/a200926d67119314e8837b6a085de83a\",\"name\":\"ThibaudUGES38\",\"image\":{\"@type\":\"ImageObject\",\"inLanguage\":\"fr-FR\",\"@id\":\"https:\\\/\\\/secure.gravatar.com\\\/avatar\\\/e182ebfe597e409aafe3378f828607b2b757ed94a3489b20112818296e03b151?s=96&d=mm&r=g\",\"url\":\"https:\\\/\\\/secure.gravatar.com\\\/avatar\\\/e182ebfe597e409aafe3378f828607b2b757ed94a3489b20112818296e03b151?s=96&d=mm&r=g\",\"contentUrl\":\"https:\\\/\\\/secure.gravatar.com\\\/avatar\\\/e182ebfe597e409aafe3378f828607b2b757ed94a3489b20112818296e03b151?s=96&d=mm&r=g\",\"caption\":\"ThibaudUGES38\"},\"url\":\"https:\\\/\\\/www.uges-isere.fr\\\/index.php\\\/author\\\/thibauduges38\\\/\"}]}<\/script>\n<!-- \/ Yoast SEO plugin. -->","yoast_head_json":{"title":"Accompagner la r\u00e9duction des \u00e9missions de GES du tourisme is\u00e9rois - D\u00e9partement de l&#039;Is\u00e8re","robots":{"index":"index","follow":"follow","max-snippet":"max-snippet:-1","max-image-preview":"max-image-preview:large","max-video-preview":"max-video-preview:-1"},"canonical":"https:\/\/www.uges-isere.fr\/index.php\/2023\/06\/30\/accompagner-la-reduction-des-emissions-de-ges-du-tourisme-iserois\/","og_locale":"fr_FR","og_type":"article","og_title":"Accompagner la r\u00e9duction des \u00e9missions de GES du tourisme is\u00e9rois - D\u00e9partement de l&#039;Is\u00e8re","og_description":"A l\u2019occasion du rapport sur les missions d\u2019Is\u00e8re Attractivit\u00e9, agence au service du d\u00e9veloppement touristique, le groupe UGES &hellip;","og_url":"https:\/\/www.uges-isere.fr\/index.php\/2023\/06\/30\/accompagner-la-reduction-des-emissions-de-ges-du-tourisme-iserois\/","og_site_name":"D\u00e9partement de l&#039;Is\u00e8re","article_publisher":"https:\/\/www.facebook.com\/LePrintemps38","article_published_time":"2023-06-30T14:25:38+00:00","og_image":[{"width":1383,"height":685,"url":"https:\/\/www.uges-isere.fr\/wp-content\/uploads\/2023\/06\/JEROME.png","type":"image\/png"}],"author":"ThibaudUGES38","twitter_card":"summary_large_image","twitter_creator":"@GroupeUGES38","twitter_site":"@GroupeUGES38","twitter_misc":{"\u00c9crit par":"ThibaudUGES38","Dur\u00e9e de lecture estim\u00e9e":"3 minutes"},"schema":{"@context":"https:\/\/schema.org","@graph":[{"@type":"Article","@id":"https:\/\/www.uges-isere.fr\/index.php\/2023\/06\/30\/accompagner-la-reduction-des-emissions-de-ges-du-tourisme-iserois\/#article","isPartOf":{"@id":"https:\/\/www.uges-isere.fr\/index.php\/2023\/06\/30\/accompagner-la-reduction-des-emissions-de-ges-du-tourisme-iserois\/"},"author":{"name":"ThibaudUGES38","@id":"https:\/\/www.uges-isere.fr\/#\/schema\/person\/a200926d67119314e8837b6a085de83a"},"headline":"Accompagner la r\u00e9duction des \u00e9missions de GES du tourisme is\u00e9rois","datePublished":"2023-06-30T14:25:38+00:00","mainEntityOfPage":{"@id":"https:\/\/www.uges-isere.fr\/index.php\/2023\/06\/30\/accompagner-la-reduction-des-emissions-de-ges-du-tourisme-iserois\/"},"wordCount":469,"commentCount":0,"publisher":{"@id":"https:\/\/www.uges-isere.fr\/#organization"},"image":{"@id":"https:\/\/www.uges-isere.fr\/index.php\/2023\/06\/30\/accompagner-la-reduction-des-emissions-de-ges-du-tourisme-iserois\/#primaryimage"},"thumbnailUrl":"https:\/\/www.uges-isere.fr\/wp-content\/uploads\/2023\/06\/istockphoto-475680439-612x612-1.jpg","keywords":["tourisme durable","transition"],"articleSection":["Agriculture, tourisme, montagne","S\u00e9ance Publique (Budget suppl\u00e9mentaire) - Juin 2023"],"inLanguage":"fr-FR","potentialAction":[{"@type":"CommentAction","name":"Comment","target":["https:\/\/www.uges-isere.fr\/index.php\/2023\/06\/30\/accompagner-la-reduction-des-emissions-de-ges-du-tourisme-iserois\/#respond"]}]},{"@type":"WebPage","@id":"https:\/\/www.uges-isere.fr\/index.php\/2023\/06\/30\/accompagner-la-reduction-des-emissions-de-ges-du-tourisme-iserois\/","url":"https:\/\/www.uges-isere.fr\/index.php\/2023\/06\/30\/accompagner-la-reduction-des-emissions-de-ges-du-tourisme-iserois\/","name":"Accompagner la r\u00e9duction des \u00e9missions de GES du tourisme is\u00e9rois - D\u00e9partement de l&#039;Is\u00e8re","isPartOf":{"@id":"https:\/\/www.uges-isere.fr\/#website"},"primaryImageOfPage":{"@id":"https:\/\/www.uges-isere.fr\/index.php\/2023\/06\/30\/accompagner-la-reduction-des-emissions-de-ges-du-tourisme-iserois\/#primaryimage"},"image":{"@id":"https:\/\/www.uges-isere.fr\/index.php\/2023\/06\/30\/accompagner-la-reduction-des-emissions-de-ges-du-tourisme-iserois\/#primaryimage"},"thumbnailUrl":"https:\/\/www.uges-isere.fr\/wp-content\/uploads\/2023\/06\/istockphoto-475680439-612x612-1.jpg","datePublished":"2023-06-30T14:25:38+00:00","breadcrumb":{"@id":"https:\/\/www.uges-isere.fr\/index.php\/2023\/06\/30\/accompagner-la-reduction-des-emissions-de-ges-du-tourisme-iserois\/#breadcrumb"},"inLanguage":"fr-FR","potentialAction":[{"@type":"ReadAction","target":["https:\/\/www.uges-isere.fr\/index.php\/2023\/06\/30\/accompagner-la-reduction-des-emissions-de-ges-du-tourisme-iserois\/"]}]},{"@type":"ImageObject","inLanguage":"fr-FR","@id":"https:\/\/www.uges-isere.fr\/index.php\/2023\/06\/30\/accompagner-la-reduction-des-emissions-de-ges-du-tourisme-iserois\/#primaryimage","url":"https:\/\/www.uges-isere.fr\/wp-content\/uploads\/2023\/06\/istockphoto-475680439-612x612-1.jpg","contentUrl":"https:\/\/www.uges-isere.fr\/wp-content\/uploads\/2023\/06\/istockphoto-475680439-612x612-1.jpg","width":612,"height":408,"caption":"Two male mountain bike riders enjoy a cross country trail in British Columbia, Canada."},{"@type":"BreadcrumbList","@id":"https:\/\/www.uges-isere.fr\/index.php\/2023\/06\/30\/accompagner-la-reduction-des-emissions-de-ges-du-tourisme-iserois\/#breadcrumb","itemListElement":[{"@type":"ListItem","position":1,"name":"Accueil","item":"https:\/\/www.uges-isere.fr\/"},{"@type":"ListItem","position":2,"name":"Accompagner la r\u00e9duction des \u00e9missions de GES du tourisme is\u00e9rois"}]},{"@type":"WebSite","@id":"https:\/\/www.uges-isere.fr\/#website","url":"https:\/\/www.uges-isere.fr\/","name":"D\u00e9partement de l&#039;Is\u00e8re","description":"Groupe d&#039;opposition UGES","publisher":{"@id":"https:\/\/www.uges-isere.fr\/#organization"},"potentialAction":[{"@type":"SearchAction","target":{"@type":"EntryPoint","urlTemplate":"https:\/\/www.uges-isere.fr\/?s={search_term_string}"},"query-input":{"@type":"PropertyValueSpecification","valueRequired":true,"valueName":"search_term_string"}}],"inLanguage":"fr-FR"},{"@type":"Organization","@id":"https:\/\/www.uges-isere.fr\/#organization","name":"D\u00e9partement de l'Is\u00e8re","url":"https:\/\/www.uges-isere.fr\/","logo":{"@type":"ImageObject","inLanguage":"fr-FR","@id":"https:\/\/www.uges-isere.fr\/#\/schema\/logo\/image\/","url":"https:\/\/www.uges-isere.fr\/wp-content\/uploads\/2021\/10\/logo-ok.png","contentUrl":"https:\/\/www.uges-isere.fr\/wp-content\/uploads\/2021\/10\/logo-ok.png","width":2859,"height":1816,"caption":"D\u00e9partement de l'Is\u00e8re"},"image":{"@id":"https:\/\/www.uges-isere.fr\/#\/schema\/logo\/image\/"},"sameAs":["https:\/\/www.facebook.com\/LePrintemps38","https:\/\/x.com\/GroupeUGES38"]},{"@type":"Person","@id":"https:\/\/www.uges-isere.fr\/#\/schema\/person\/a200926d67119314e8837b6a085de83a","name":"ThibaudUGES38","image":{"@type":"ImageObject","inLanguage":"fr-FR","@id":"https:\/\/secure.gravatar.com\/avatar\/e182ebfe597e409aafe3378f828607b2b757ed94a3489b20112818296e03b151?s=96&d=mm&r=g","url":"https:\/\/secure.gravatar.com\/avatar\/e182ebfe597e409aafe3378f828607b2b757ed94a3489b20112818296e03b151?s=96&d=mm&r=g","contentUrl":"https:\/\/secure.gravatar.com\/avatar\/e182ebfe597e409aafe3378f828607b2b757ed94a3489b20112818296e03b151?s=96&d=mm&r=g","caption":"ThibaudUGES38"},"url":"https:\/\/www.uges-isere.fr\/index.php\/author\/thibauduges38\/"}]}},"_links":{"self":[{"href":"https:\/\/www.uges-isere.fr\/index.php\/wp-json\/wp\/v2\/posts\/683716","targetHints":{"allow":["GET"]}}],"collection":[{"href":"https:\/\/www.uges-isere.fr\/index.php\/wp-json\/wp\/v2\/posts"}],"about":[{"href":"https:\/\/www.uges-isere.fr\/index.php\/wp-json\/wp\/v2\/types\/post"}],"author":[{"embeddable":true,"href":"https:\/\/www.uges-isere.fr\/index.php\/wp-json\/wp\/v2\/users\/8"}],"replies":[{"embeddable":true,"href":"https:\/\/www.uges-isere.fr\/index.php\/wp-json\/wp\/v2\/comments?post=683716"}],"version-history":[{"count":1,"href":"https:\/\/www.uges-isere.fr\/index.php\/wp-json\/wp\/v2\/posts\/683716\/revisions"}],"predecessor-version":[{"id":683719,"href":"https:\/\/www.uges-isere.fr\/index.php\/wp-json\/wp\/v2\/posts\/683716\/revisions\/683719"}],"wp:featuredmedia":[{"embeddable":true,"href":"https:\/\/www.uges-isere.fr\/index.php\/wp-json\/wp\/v2\/media\/683718"}],"wp:attachment":[{"href":"https:\/\/www.uges-isere.fr\/index.php\/wp-json\/wp\/v2\/media?parent=683716"}],"wp:term":[{"taxonomy":"category","embeddable":true,"href":"https:\/\/www.uges-isere.fr\/index.php\/wp-json\/wp\/v2\/categories?post=683716"},{"taxonomy":"post_tag","embeddable":true,"href":"https:\/\/www.uges-isere.fr\/index.php\/wp-json\/wp\/v2\/tags?post=683716"}],"curies":[{"name":"wp","href":"https:\/\/api.w.org\/{rel}","templated":true}]}}