{"id":683710,"date":"2023-06-30T15:32:39","date_gmt":"2023-06-30T13:32:39","guid":{"rendered":"https:\/\/www.uges-isere.fr\/?p=683710"},"modified":"2023-06-30T16:29:59","modified_gmt":"2023-06-30T14:29:59","slug":"683710","status":"publish","type":"post","link":"https:\/\/www.uges-isere.fr\/index.php\/2023\/06\/30\/683710\/","title":{"rendered":"Soutenir des services de soin de proximit\u00e9"},"content":{"rendered":"\n<p><strong>Lors de la s\u00e9ance publique du 30 juin, Daniel Bessiron est intervenu sur le soutien financier du D\u00e9partement au projet de r\u00e9novation de l&rsquo;h\u00f4pital Michallon. Les \u00e9lu.es UGES sont favorables \u00e0 la participation financi\u00e8re du D\u00e9partement pour ce projet qui permettra l&rsquo;am\u00e9lioration des prises en charge et de meilleures conditions de travail pour le personnel hospitalier. Le groupe UGES souhaite que des engagements aussi ambitieux soient pris pour les 3 autres p\u00f4les du CHUGA dont l&rsquo;H\u00f4pital Sud.<\/strong><\/p>\n\n\n\n<p>Le Centre hospitalier universitaire Grenoble Alpes joue un r\u00f4le majeur et indispensable \u00e0 l\u2019\u00e9chelle de la grande agglom\u00e9ration grenobloise et du D\u00e9partement de l\u2019Is\u00e8re. Son activit\u00e9 m\u00e9dicale repr\u00e9sente 432 000 journ\u00e9es d\u2019hospitalisation, 39 000 interventions chirurgicales, 14 000 interventions du SAMU, 3 800 naissances et 142 000 passages aux urgences. Et c\u2019est plus de 9 000 agents hospitaliers qui travaillent au service des patient.e.s.<\/p>\n\n\n\n<p>Un plan d&rsquo;investissement ambitieux a donc \u00e9t\u00e9 \u00e9tudi\u00e9 par la direction du CHUGA, qui recherche \u00e0 ce jour un soutien politique et financier pour sa r\u00e9alisation.<\/p>\n\n\n\n<p>De toute \u00e9vidence cela fait suite aux diff\u00e9rents engagements pris par l\u2019\u00c9tat en juin 2021 et ceux de son ministre des solidarit\u00e9s et de la sant\u00e9 de l\u2019\u00e9poque M. Olivier V\u00e9ran.<\/p>\n\n\n\n<p>En effet dans le cadre du S\u00e9gur de la Sant\u00e9, le gouvernement annon\u00e7ait une nouvelle m\u00e9thode d\u2019investissement en rupture avec les principes engag\u00e9s ces dix derni\u00e8res ann\u00e9es en \u00e9voquant que les actions futures seraient focalis\u00e9es sur le projet m\u00e9dical \u00e0 l\u2019\u00e9chelle du territoire en r\u00e9ponse aux besoins de soins.<\/p>\n\n\n\n<p>Ce rapport pr\u00e9sente un <strong>projet ambitieux de sch\u00e9ma directeur pour la r\u00e9novation compl\u00e8te du site de Michallon<\/strong>. Il repr\u00e9sente une d\u00e9pense de 496 M \u20ac sur trois phases qui s\u2019\u00e9chelonneront sur 2029, 2032 et 2035.<\/p>\n\n\n\n<p>Outre le plan de financement pr\u00e9visionnel qui a \u00e9t\u00e9 \u00e9labor\u00e9 avec une aide du Minist\u00e8re de la sant\u00e9 de 171 M \u20ac, de 30 M \u20ac de l\u2019Agence r\u00e9gionale de sant\u00e9 (ARS), un autofinancement global de 245 M \u20ac qui reposera \u00e0 la fois sur 59 M \u20ac de pr\u00e9l\u00e8vement sur fonds de roulement sur la dur\u00e9e totale de l\u2019op\u00e9ration et d\u2019un emprunt de 186 M \u20ac, ainsi qu&rsquo;un besoin de financement compl\u00e9mentaire de 50 M \u20ac.<\/p>\n\n\n\n<p>Ce dernier montant de <strong>50 M \u20ac fait appel \u00e0 l\u2019engagement des collectivit\u00e9s territoriales<\/strong> (ville de Grenoble, Grenoble Alpes M\u00e9tropole, Le D\u00e9partement de l\u2019Is\u00e8re et la R\u00e9gion Auvergne Rh\u00f4ne Alpes).<\/p>\n\n\n\n<p>Les \u00e9lu.e.s s&rsquo;interrogent sur le montant des participations des autres collectivit\u00e9s et des \u00e9changes que la D\u00e9partement a d\u00fb avoir \u00e0 ce sujet avec les autres acteurs institutionnels concern\u00e9s.<\/p>\n\n\n\n<p>Il ne s\u2019agit pas de remettre en cause l\u2019int\u00e9r\u00eat de ce projet mais d\u2019attirer aussi l&rsquo;attention sur la situation de l\u2019H\u00f4pital Sud.<\/p>\n\n\n\n<p>Cet \u00e9tablissement repr\u00e9sente un service public de sant\u00e9 d\u00e9terminant pour la M\u00e9tropole, la ville d\u2019\u00c9chirolles et plus largement pour le grand sud grenoblois.<\/p>\n\n\n\n<p>Construit pour les JO de 1968, il est \u00e0 la pointe dans la prise en charge des pathologies li\u00e9es aux sports et il accueille en nombre les victimes d\u2019accidents li\u00e9s aux activit\u00e9s de montagne.<\/p>\n\n\n\n<p>Par le pass\u00e9 et \u00e0 plusieurs reprises, les 4 blocs op\u00e9ratoires de l\u2019H\u00f4pital Sud ont \u00e9t\u00e9 menac\u00e9s de fermeture. Se rajoute aussi la crainte pour le service des urgences et de celui des hospitalisations de la fili\u00e8re orthop\u00e9die.<\/p>\n\n\n\n<p>Les \u00e9lu.es UGES ont tenu \u00e0 rappeler que l\u2019activit\u00e9 de ce premier \u00ab trauma center \u00bb de France se r\u00e9v\u00e8le dynamique car \u00e0 lui seul, il assure plus de 16 000 passages aux urgences, 56 000 interventions d\u2019imagerie et plus de 21 000 consultations d\u2019orthop\u00e9die<br>et traumatologie.<\/p>\n\n\n\n<p>A travers ce plan d&rsquo;investissement port\u00e9 par le CHUGA, le groupe UGES aurait souhait\u00e9, afin de rassurer tout le monde, qu\u2019une <strong>r\u00e9flexion plus \u00e9labor\u00e9e soit engag\u00e9e sur les 3 indispensables p\u00f4les du CHU<\/strong> : Michallon, l\u2019H\u00f4pital Sud et celui de Voiron. Il aurait pu \u00eatre \u00e9galement int\u00e9gr\u00e9 une r\u00e9flexion concernant l\u2019avenir des urgences de la Mutualiste ou des difficult\u00e9s rencontr\u00e9es par le CHAI.<\/p>\n\n\n\n<p><strong><mark style=\"background-color:rgba(0, 0, 0, 0)\" class=\"has-inline-color has-vivid-red-color\">La n\u00e9cessit\u00e9 de maintenir des services de soin de proximit\u00e9 \u00e0 l\u2019\u00e9chelle des territoires Is\u00e9rois se r\u00e9v\u00e8le indispensable et d\u00e9terminante.<\/mark><\/strong><\/p>\n\n\n\n<p>Les \u00e9lu.e.s UGES soutiennent la participation financi\u00e8re du D\u00e9partement de l\u2019Is\u00e8re \u00e0 hauteur de 15 M\u20ac mais demandent de <strong>faire preuve de vigilance et exigent des engagements concernant l\u2019avenir des \u00e9tablissements hospitaliers cit\u00e9s pr\u00e9c\u00e9demment<\/strong>.<\/p>\n","protected":false},"excerpt":{"rendered":"<p>Lors de la s\u00e9ance publique du 30 juin, Daniel Bessiron est intervenu sur le soutien financier du D\u00e9partement &hellip; <\/p>\n","protected":false},"author":8,"featured_media":683711,"comment_status":"open","ping_status":"open","sticky":false,"template":"","format":"standard","meta":{"footnotes":""},"categories":[9,135],"tags":[139,138],"class_list":["post-683710","post","type-post","status-publish","format-standard","has-post-thumbnail","hentry","category-action-sociale","category-seance-publique-juin-2023","tag-renovation","tag-sante"],"yoast_head":"<!-- This site is optimized with the Yoast SEO plugin v27.5 - https:\/\/yoast.com\/product\/yoast-seo-wordpress\/ -->\n<title>Soutenir des services de soin de proximit\u00e9 - D\u00e9partement de l&#039;Is\u00e8re<\/title>\n<meta name=\"robots\" content=\"index, follow, max-snippet:-1, max-image-preview:large, max-video-preview:-1\" \/>\n<link rel=\"canonical\" href=\"https:\/\/www.uges-isere.fr\/index.php\/2023\/06\/30\/683710\/\" \/>\n<meta property=\"og:locale\" content=\"fr_FR\" \/>\n<meta property=\"og:type\" content=\"article\" \/>\n<meta property=\"og:title\" content=\"Soutenir des services de soin de proximit\u00e9 - D\u00e9partement de l&#039;Is\u00e8re\" \/>\n<meta property=\"og:description\" content=\"Lors de la s\u00e9ance publique du 30 juin, Daniel Bessiron est intervenu sur le soutien financier du D\u00e9partement &hellip;\" \/>\n<meta property=\"og:url\" content=\"https:\/\/www.uges-isere.fr\/index.php\/2023\/06\/30\/683710\/\" \/>\n<meta property=\"og:site_name\" content=\"D\u00e9partement de l&#039;Is\u00e8re\" \/>\n<meta property=\"article:publisher\" content=\"https:\/\/www.facebook.com\/LePrintemps38\" \/>\n<meta property=\"article:published_time\" content=\"2023-06-30T13:32:39+00:00\" \/>\n<meta property=\"article:modified_time\" content=\"2023-06-30T14:29:59+00:00\" \/>\n<meta property=\"og:image\" content=\"https:\/\/www.uges-isere.fr\/wp-content\/uploads\/2023\/06\/DANIEL.png\" \/>\n\t<meta property=\"og:image:width\" content=\"1408\" \/>\n\t<meta property=\"og:image:height\" content=\"729\" \/>\n\t<meta property=\"og:image:type\" content=\"image\/png\" \/>\n<meta name=\"author\" content=\"ThibaudUGES38\" \/>\n<meta name=\"twitter:card\" content=\"summary_large_image\" \/>\n<meta name=\"twitter:creator\" content=\"@GroupeUGES38\" \/>\n<meta name=\"twitter:site\" content=\"@GroupeUGES38\" \/>\n<meta name=\"twitter:label1\" content=\"\u00c9crit par\" \/>\n\t<meta name=\"twitter:data1\" content=\"ThibaudUGES38\" \/>\n\t<meta name=\"twitter:label2\" content=\"Dur\u00e9e de lecture estim\u00e9e\" \/>\n\t<meta name=\"twitter:data2\" content=\"4 minutes\" \/>\n<script type=\"application\/ld+json\" class=\"yoast-schema-graph\">{\"@context\":\"https:\\\/\\\/schema.org\",\"@graph\":[{\"@type\":\"Article\",\"@id\":\"https:\\\/\\\/www.uges-isere.fr\\\/index.php\\\/2023\\\/06\\\/30\\\/683710\\\/#article\",\"isPartOf\":{\"@id\":\"https:\\\/\\\/www.uges-isere.fr\\\/index.php\\\/2023\\\/06\\\/30\\\/683710\\\/\"},\"author\":{\"name\":\"ThibaudUGES38\",\"@id\":\"https:\\\/\\\/www.uges-isere.fr\\\/#\\\/schema\\\/person\\\/a200926d67119314e8837b6a085de83a\"},\"headline\":\"Soutenir des services de soin de proximit\u00e9\",\"datePublished\":\"2023-06-30T13:32:39+00:00\",\"dateModified\":\"2023-06-30T14:29:59+00:00\",\"mainEntityOfPage\":{\"@id\":\"https:\\\/\\\/www.uges-isere.fr\\\/index.php\\\/2023\\\/06\\\/30\\\/683710\\\/\"},\"wordCount\":772,\"commentCount\":0,\"publisher\":{\"@id\":\"https:\\\/\\\/www.uges-isere.fr\\\/#organization\"},\"image\":{\"@id\":\"https:\\\/\\\/www.uges-isere.fr\\\/index.php\\\/2023\\\/06\\\/30\\\/683710\\\/#primaryimage\"},\"thumbnailUrl\":\"https:\\\/\\\/www.uges-isere.fr\\\/wp-content\\\/uploads\\\/2023\\\/06\\\/istockphoto-531844679-612x612-1.jpg\",\"keywords\":[\"r\u00e9novation\",\"sant\u00e9\"],\"articleSection\":[\"Action sociale\",\"S\u00e9ance Publique (Budget suppl\u00e9mentaire) - Juin 2023\"],\"inLanguage\":\"fr-FR\",\"potentialAction\":[{\"@type\":\"CommentAction\",\"name\":\"Comment\",\"target\":[\"https:\\\/\\\/www.uges-isere.fr\\\/index.php\\\/2023\\\/06\\\/30\\\/683710\\\/#respond\"]}]},{\"@type\":\"WebPage\",\"@id\":\"https:\\\/\\\/www.uges-isere.fr\\\/index.php\\\/2023\\\/06\\\/30\\\/683710\\\/\",\"url\":\"https:\\\/\\\/www.uges-isere.fr\\\/index.php\\\/2023\\\/06\\\/30\\\/683710\\\/\",\"name\":\"Soutenir des services de soin de proximit\u00e9 - D\u00e9partement de l&#039;Is\u00e8re\",\"isPartOf\":{\"@id\":\"https:\\\/\\\/www.uges-isere.fr\\\/#website\"},\"primaryImageOfPage\":{\"@id\":\"https:\\\/\\\/www.uges-isere.fr\\\/index.php\\\/2023\\\/06\\\/30\\\/683710\\\/#primaryimage\"},\"image\":{\"@id\":\"https:\\\/\\\/www.uges-isere.fr\\\/index.php\\\/2023\\\/06\\\/30\\\/683710\\\/#primaryimage\"},\"thumbnailUrl\":\"https:\\\/\\\/www.uges-isere.fr\\\/wp-content\\\/uploads\\\/2023\\\/06\\\/istockphoto-531844679-612x612-1.jpg\",\"datePublished\":\"2023-06-30T13:32:39+00:00\",\"dateModified\":\"2023-06-30T14:29:59+00:00\",\"breadcrumb\":{\"@id\":\"https:\\\/\\\/www.uges-isere.fr\\\/index.php\\\/2023\\\/06\\\/30\\\/683710\\\/#breadcrumb\"},\"inLanguage\":\"fr-FR\",\"potentialAction\":[{\"@type\":\"ReadAction\",\"target\":[\"https:\\\/\\\/www.uges-isere.fr\\\/index.php\\\/2023\\\/06\\\/30\\\/683710\\\/\"]}]},{\"@type\":\"ImageObject\",\"inLanguage\":\"fr-FR\",\"@id\":\"https:\\\/\\\/www.uges-isere.fr\\\/index.php\\\/2023\\\/06\\\/30\\\/683710\\\/#primaryimage\",\"url\":\"https:\\\/\\\/www.uges-isere.fr\\\/wp-content\\\/uploads\\\/2023\\\/06\\\/istockphoto-531844679-612x612-1.jpg\",\"contentUrl\":\"https:\\\/\\\/www.uges-isere.fr\\\/wp-content\\\/uploads\\\/2023\\\/06\\\/istockphoto-531844679-612x612-1.jpg\",\"width\":612,\"height\":399,\"caption\":\"Rays of light in the corridor of the hospital.\"},{\"@type\":\"BreadcrumbList\",\"@id\":\"https:\\\/\\\/www.uges-isere.fr\\\/index.php\\\/2023\\\/06\\\/30\\\/683710\\\/#breadcrumb\",\"itemListElement\":[{\"@type\":\"ListItem\",\"position\":1,\"name\":\"Accueil\",\"item\":\"https:\\\/\\\/www.uges-isere.fr\\\/\"},{\"@type\":\"ListItem\",\"position\":2,\"name\":\"Soutenir des services de soin de proximit\u00e9\"}]},{\"@type\":\"WebSite\",\"@id\":\"https:\\\/\\\/www.uges-isere.fr\\\/#website\",\"url\":\"https:\\\/\\\/www.uges-isere.fr\\\/\",\"name\":\"D\u00e9partement de l&#039;Is\u00e8re\",\"description\":\"Groupe d&#039;opposition UGES\",\"publisher\":{\"@id\":\"https:\\\/\\\/www.uges-isere.fr\\\/#organization\"},\"potentialAction\":[{\"@type\":\"SearchAction\",\"target\":{\"@type\":\"EntryPoint\",\"urlTemplate\":\"https:\\\/\\\/www.uges-isere.fr\\\/?s={search_term_string}\"},\"query-input\":{\"@type\":\"PropertyValueSpecification\",\"valueRequired\":true,\"valueName\":\"search_term_string\"}}],\"inLanguage\":\"fr-FR\"},{\"@type\":\"Organization\",\"@id\":\"https:\\\/\\\/www.uges-isere.fr\\\/#organization\",\"name\":\"D\u00e9partement de l'Is\u00e8re\",\"url\":\"https:\\\/\\\/www.uges-isere.fr\\\/\",\"logo\":{\"@type\":\"ImageObject\",\"inLanguage\":\"fr-FR\",\"@id\":\"https:\\\/\\\/www.uges-isere.fr\\\/#\\\/schema\\\/logo\\\/image\\\/\",\"url\":\"https:\\\/\\\/www.uges-isere.fr\\\/wp-content\\\/uploads\\\/2021\\\/10\\\/logo-ok.png\",\"contentUrl\":\"https:\\\/\\\/www.uges-isere.fr\\\/wp-content\\\/uploads\\\/2021\\\/10\\\/logo-ok.png\",\"width\":2859,\"height\":1816,\"caption\":\"D\u00e9partement de l'Is\u00e8re\"},\"image\":{\"@id\":\"https:\\\/\\\/www.uges-isere.fr\\\/#\\\/schema\\\/logo\\\/image\\\/\"},\"sameAs\":[\"https:\\\/\\\/www.facebook.com\\\/LePrintemps38\",\"https:\\\/\\\/x.com\\\/GroupeUGES38\"]},{\"@type\":\"Person\",\"@id\":\"https:\\\/\\\/www.uges-isere.fr\\\/#\\\/schema\\\/person\\\/a200926d67119314e8837b6a085de83a\",\"name\":\"ThibaudUGES38\",\"image\":{\"@type\":\"ImageObject\",\"inLanguage\":\"fr-FR\",\"@id\":\"https:\\\/\\\/secure.gravatar.com\\\/avatar\\\/e182ebfe597e409aafe3378f828607b2b757ed94a3489b20112818296e03b151?s=96&d=mm&r=g\",\"url\":\"https:\\\/\\\/secure.gravatar.com\\\/avatar\\\/e182ebfe597e409aafe3378f828607b2b757ed94a3489b20112818296e03b151?s=96&d=mm&r=g\",\"contentUrl\":\"https:\\\/\\\/secure.gravatar.com\\\/avatar\\\/e182ebfe597e409aafe3378f828607b2b757ed94a3489b20112818296e03b151?s=96&d=mm&r=g\",\"caption\":\"ThibaudUGES38\"},\"url\":\"https:\\\/\\\/www.uges-isere.fr\\\/index.php\\\/author\\\/thibauduges38\\\/\"}]}<\/script>\n<!-- \/ Yoast SEO plugin. -->","yoast_head_json":{"title":"Soutenir des services de soin de proximit\u00e9 - D\u00e9partement de l&#039;Is\u00e8re","robots":{"index":"index","follow":"follow","max-snippet":"max-snippet:-1","max-image-preview":"max-image-preview:large","max-video-preview":"max-video-preview:-1"},"canonical":"https:\/\/www.uges-isere.fr\/index.php\/2023\/06\/30\/683710\/","og_locale":"fr_FR","og_type":"article","og_title":"Soutenir des services de soin de proximit\u00e9 - D\u00e9partement de l&#039;Is\u00e8re","og_description":"Lors de la s\u00e9ance publique du 30 juin, Daniel Bessiron est intervenu sur le soutien financier du D\u00e9partement &hellip;","og_url":"https:\/\/www.uges-isere.fr\/index.php\/2023\/06\/30\/683710\/","og_site_name":"D\u00e9partement de l&#039;Is\u00e8re","article_publisher":"https:\/\/www.facebook.com\/LePrintemps38","article_published_time":"2023-06-30T13:32:39+00:00","article_modified_time":"2023-06-30T14:29:59+00:00","og_image":[{"width":1408,"height":729,"url":"https:\/\/www.uges-isere.fr\/wp-content\/uploads\/2023\/06\/DANIEL.png","type":"image\/png"}],"author":"ThibaudUGES38","twitter_card":"summary_large_image","twitter_creator":"@GroupeUGES38","twitter_site":"@GroupeUGES38","twitter_misc":{"\u00c9crit par":"ThibaudUGES38","Dur\u00e9e de lecture estim\u00e9e":"4 minutes"},"schema":{"@context":"https:\/\/schema.org","@graph":[{"@type":"Article","@id":"https:\/\/www.uges-isere.fr\/index.php\/2023\/06\/30\/683710\/#article","isPartOf":{"@id":"https:\/\/www.uges-isere.fr\/index.php\/2023\/06\/30\/683710\/"},"author":{"name":"ThibaudUGES38","@id":"https:\/\/www.uges-isere.fr\/#\/schema\/person\/a200926d67119314e8837b6a085de83a"},"headline":"Soutenir des services de soin de proximit\u00e9","datePublished":"2023-06-30T13:32:39+00:00","dateModified":"2023-06-30T14:29:59+00:00","mainEntityOfPage":{"@id":"https:\/\/www.uges-isere.fr\/index.php\/2023\/06\/30\/683710\/"},"wordCount":772,"commentCount":0,"publisher":{"@id":"https:\/\/www.uges-isere.fr\/#organization"},"image":{"@id":"https:\/\/www.uges-isere.fr\/index.php\/2023\/06\/30\/683710\/#primaryimage"},"thumbnailUrl":"https:\/\/www.uges-isere.fr\/wp-content\/uploads\/2023\/06\/istockphoto-531844679-612x612-1.jpg","keywords":["r\u00e9novation","sant\u00e9"],"articleSection":["Action sociale","S\u00e9ance Publique (Budget suppl\u00e9mentaire) - Juin 2023"],"inLanguage":"fr-FR","potentialAction":[{"@type":"CommentAction","name":"Comment","target":["https:\/\/www.uges-isere.fr\/index.php\/2023\/06\/30\/683710\/#respond"]}]},{"@type":"WebPage","@id":"https:\/\/www.uges-isere.fr\/index.php\/2023\/06\/30\/683710\/","url":"https:\/\/www.uges-isere.fr\/index.php\/2023\/06\/30\/683710\/","name":"Soutenir des services de soin de proximit\u00e9 - D\u00e9partement de l&#039;Is\u00e8re","isPartOf":{"@id":"https:\/\/www.uges-isere.fr\/#website"},"primaryImageOfPage":{"@id":"https:\/\/www.uges-isere.fr\/index.php\/2023\/06\/30\/683710\/#primaryimage"},"image":{"@id":"https:\/\/www.uges-isere.fr\/index.php\/2023\/06\/30\/683710\/#primaryimage"},"thumbnailUrl":"https:\/\/www.uges-isere.fr\/wp-content\/uploads\/2023\/06\/istockphoto-531844679-612x612-1.jpg","datePublished":"2023-06-30T13:32:39+00:00","dateModified":"2023-06-30T14:29:59+00:00","breadcrumb":{"@id":"https:\/\/www.uges-isere.fr\/index.php\/2023\/06\/30\/683710\/#breadcrumb"},"inLanguage":"fr-FR","potentialAction":[{"@type":"ReadAction","target":["https:\/\/www.uges-isere.fr\/index.php\/2023\/06\/30\/683710\/"]}]},{"@type":"ImageObject","inLanguage":"fr-FR","@id":"https:\/\/www.uges-isere.fr\/index.php\/2023\/06\/30\/683710\/#primaryimage","url":"https:\/\/www.uges-isere.fr\/wp-content\/uploads\/2023\/06\/istockphoto-531844679-612x612-1.jpg","contentUrl":"https:\/\/www.uges-isere.fr\/wp-content\/uploads\/2023\/06\/istockphoto-531844679-612x612-1.jpg","width":612,"height":399,"caption":"Rays of light in the corridor of the hospital."},{"@type":"BreadcrumbList","@id":"https:\/\/www.uges-isere.fr\/index.php\/2023\/06\/30\/683710\/#breadcrumb","itemListElement":[{"@type":"ListItem","position":1,"name":"Accueil","item":"https:\/\/www.uges-isere.fr\/"},{"@type":"ListItem","position":2,"name":"Soutenir des services de soin de proximit\u00e9"}]},{"@type":"WebSite","@id":"https:\/\/www.uges-isere.fr\/#website","url":"https:\/\/www.uges-isere.fr\/","name":"D\u00e9partement de l&#039;Is\u00e8re","description":"Groupe d&#039;opposition UGES","publisher":{"@id":"https:\/\/www.uges-isere.fr\/#organization"},"potentialAction":[{"@type":"SearchAction","target":{"@type":"EntryPoint","urlTemplate":"https:\/\/www.uges-isere.fr\/?s={search_term_string}"},"query-input":{"@type":"PropertyValueSpecification","valueRequired":true,"valueName":"search_term_string"}}],"inLanguage":"fr-FR"},{"@type":"Organization","@id":"https:\/\/www.uges-isere.fr\/#organization","name":"D\u00e9partement de l'Is\u00e8re","url":"https:\/\/www.uges-isere.fr\/","logo":{"@type":"ImageObject","inLanguage":"fr-FR","@id":"https:\/\/www.uges-isere.fr\/#\/schema\/logo\/image\/","url":"https:\/\/www.uges-isere.fr\/wp-content\/uploads\/2021\/10\/logo-ok.png","contentUrl":"https:\/\/www.uges-isere.fr\/wp-content\/uploads\/2021\/10\/logo-ok.png","width":2859,"height":1816,"caption":"D\u00e9partement de l'Is\u00e8re"},"image":{"@id":"https:\/\/www.uges-isere.fr\/#\/schema\/logo\/image\/"},"sameAs":["https:\/\/www.facebook.com\/LePrintemps38","https:\/\/x.com\/GroupeUGES38"]},{"@type":"Person","@id":"https:\/\/www.uges-isere.fr\/#\/schema\/person\/a200926d67119314e8837b6a085de83a","name":"ThibaudUGES38","image":{"@type":"ImageObject","inLanguage":"fr-FR","@id":"https:\/\/secure.gravatar.com\/avatar\/e182ebfe597e409aafe3378f828607b2b757ed94a3489b20112818296e03b151?s=96&d=mm&r=g","url":"https:\/\/secure.gravatar.com\/avatar\/e182ebfe597e409aafe3378f828607b2b757ed94a3489b20112818296e03b151?s=96&d=mm&r=g","contentUrl":"https:\/\/secure.gravatar.com\/avatar\/e182ebfe597e409aafe3378f828607b2b757ed94a3489b20112818296e03b151?s=96&d=mm&r=g","caption":"ThibaudUGES38"},"url":"https:\/\/www.uges-isere.fr\/index.php\/author\/thibauduges38\/"}]}},"_links":{"self":[{"href":"https:\/\/www.uges-isere.fr\/index.php\/wp-json\/wp\/v2\/posts\/683710","targetHints":{"allow":["GET"]}}],"collection":[{"href":"https:\/\/www.uges-isere.fr\/index.php\/wp-json\/wp\/v2\/posts"}],"about":[{"href":"https:\/\/www.uges-isere.fr\/index.php\/wp-json\/wp\/v2\/types\/post"}],"author":[{"embeddable":true,"href":"https:\/\/www.uges-isere.fr\/index.php\/wp-json\/wp\/v2\/users\/8"}],"replies":[{"embeddable":true,"href":"https:\/\/www.uges-isere.fr\/index.php\/wp-json\/wp\/v2\/comments?post=683710"}],"version-history":[{"count":3,"href":"https:\/\/www.uges-isere.fr\/index.php\/wp-json\/wp\/v2\/posts\/683710\/revisions"}],"predecessor-version":[{"id":683721,"href":"https:\/\/www.uges-isere.fr\/index.php\/wp-json\/wp\/v2\/posts\/683710\/revisions\/683721"}],"wp:featuredmedia":[{"embeddable":true,"href":"https:\/\/www.uges-isere.fr\/index.php\/wp-json\/wp\/v2\/media\/683711"}],"wp:attachment":[{"href":"https:\/\/www.uges-isere.fr\/index.php\/wp-json\/wp\/v2\/media?parent=683710"}],"wp:term":[{"taxonomy":"category","embeddable":true,"href":"https:\/\/www.uges-isere.fr\/index.php\/wp-json\/wp\/v2\/categories?post=683710"},{"taxonomy":"post_tag","embeddable":true,"href":"https:\/\/www.uges-isere.fr\/index.php\/wp-json\/wp\/v2\/tags?post=683710"}],"curies":[{"name":"wp","href":"https:\/\/api.w.org\/{rel}","templated":true}]}}