{"id":683690,"date":"2023-06-20T18:11:58","date_gmt":"2023-06-20T16:11:58","guid":{"rendered":"https:\/\/www.uges-isere.fr\/?p=683690"},"modified":"2023-06-20T18:14:58","modified_gmt":"2023-06-20T16:14:58","slug":"clap-de-fin-pour-la-deuxieme-edition-des-initiatives-grenobloises","status":"publish","type":"post","link":"https:\/\/www.uges-isere.fr\/index.php\/2023\/06\/20\/clap-de-fin-pour-la-deuxieme-edition-des-initiatives-grenobloises\/","title":{"rendered":"Clap de fin pour la deuxi\u00e8me \u00e9dition des Initiatives Grenobloises !"},"content":{"rendered":"\n<p>Les habitant.e.s de Grenoble ont r\u00e9pondu pr\u00e9sent.e.s cette ann\u00e9e encore avec <strong>pr\u00e8s de 1100 votant.e.s !<\/strong> Cet engouement d\u00e9montre l\u2019importance de cr\u00e9er des espaces de participation et de lien entre \u00e9lu.e.s et citoyen.nes.<\/p>\n\n\n\n<p>C\u2019est dans cette optique d\u2019association des citoyen.ne.s aux d\u00e9cisions des \u00e9lu.e.s que les Initiatives Grenobloises ont vu le jour en 2022. Au vu du succ\u00e8s de la premi\u00e8re \u00e9dition, le dispositif a \u00e9t\u00e9 renouvel\u00e9 cette ann\u00e9e sous une nouvelle forme.<\/p>\n\n\n\n<p>En effet, en se basant sur les retours d\u2019exp\u00e9rience des associations, deux laur\u00e9ats sont r\u00e9compens\u00e9s cette ann\u00e9e afin de soutenir le d\u00e9veloppement de nouveaux projets dans l\u2019agglom\u00e9ration grenobloise. Chaque laur\u00e9at obtient une subvention de 10 000 euros issue de la mutualisation des enveloppes d\u00e9di\u00e9es aux \u201cInitiatives Locales\u201d des 4 cantons grenoblois.&nbsp;<\/p>\n\n\n\n<p>Les projets devaient s\u2019inscrire dans les th\u00e9matiques suivantes : solidarit\u00e9 et coh\u00e9sion sociale, culture, sport, environnement, \u00e9ducation populaire ou lutte contre les discriminations.<\/p>\n\n\n\n<p>Sur la base de ces crit\u00e8res, <strong>13 projets ont \u00e9t\u00e9 retenus<\/strong> :<\/p>\n\n\n\n<p>\u00b7 &nbsp; &nbsp; &nbsp; \u201cBouger pendant\u201d l\u2019\u00e9t\u00e9 de l\u2019association Capables<\/p>\n\n\n\n<p>\u00b7 &nbsp; &nbsp; &nbsp; \u201cLe premier supermarch\u00e9 participatif\u201d de l\u2019association l\u2019El\u00e8f\u00e0n<\/p>\n\n\n\n<p>\u00b7 &nbsp; &nbsp; &nbsp; \u201cLa mobile\u201d de l\u2019association Episol<\/p>\n\n\n\n<p>\u00b7 &nbsp; &nbsp; &nbsp; \u201cLa Coupe \u00e0 la maison\u201d de l\u2019association FC2A<\/p>\n\n\n\n<p>\u00b7 &nbsp; &nbsp; &nbsp; \u201cInt\u00e9gration par le sport pour toutes et tous\u201d de l\u2019association Humacoop-Amel France<\/p>\n\n\n\n<p>\u00b7 &nbsp; &nbsp; &nbsp; \u201cPr\u00e9vention violences sexistes ; tous engag\u00e9s !\u201d de l\u2019association Issue de secours&nbsp;<\/p>\n\n\n\n<p>\u00b7 &nbsp; &nbsp; &nbsp; \u201cStreet Jazz\u201d de l\u2019association Jazz Club de Grenoble<\/p>\n\n\n\n<p>\u00b7 &nbsp; &nbsp; &nbsp; \u201cMonp\u2019tit concert\u201d de l&rsquo;association La Fabrique Op\u00e9ra&nbsp;<\/p>\n\n\n\n<p>\u00b7 &nbsp; &nbsp; &nbsp; \u201cEspace photographique \u00e0 la Villeneuve\u201d de l\u2019association La Maison de l\u2019image<\/p>\n\n\n\n<p>\u00b7 &nbsp; &nbsp; &nbsp; \u201cHistoire de lire\u201d de l\u2019association Les sept familles<\/p>\n\n\n\n<p>\u00b7 &nbsp; &nbsp; &nbsp; \u201cSport et Seconde main\u201d de l\u2019association Recyclerie sportive<\/p>\n\n\n\n<p>\u00b7 &nbsp; &nbsp; &nbsp; \u201cAteliers artistiques\u201d de l\u2019association Solexine<\/p>\n\n\n\n<p>\u00b7 &nbsp; &nbsp; &nbsp; \u201cTDN Open Air\u201d de l\u2019association The Dare Night<\/p>\n\n\n\n<p>Les Grenoblois.es \u00e2g\u00e9.es de plus de 16 ans ont \u00e9t\u00e9 invit\u00e9.es \u00e0 d\u00e9couvrir ces projets puis \u00e0 voter pour leurs deux projets pr\u00e9f\u00e9r\u00e9s du 3 au 18 juin. Voici les r\u00e9sultats complets :<\/p>\n\n\n\n<p><strong><mark style=\"background-color:rgba(0, 0, 0, 0)\" class=\"has-inline-color has-vivid-red-color\">A l\u2019issue de ce vote citoyen num\u00e9rique, les deux laur\u00e9ats de l\u2019\u00e9dition 2023 sont le projet \u00ab TDN Open Air \u00bb port\u00e9 par The Dare Night et \u00ab Le premier supermarch\u00e9 participatif \u00bb de l\u2019El\u00e9f\u00e0n.<\/mark><\/strong><\/p>\n\n\n\n<p><strong>TDN Open<\/strong> air a pour objet la diffusion des musiques \u00e9lectroniques \u00e0 travers des dj sets et performances live locaux mais aussi nationaux, gratuits et en plein centre-ville de Grenoble pendant la p\u00e9riode estivale.<\/p>\n\n\n\n<p>Le <strong>projet de l\u2019El\u00e9f\u00e0n<\/strong> est tourn\u00e9 vers l\u2019ouverture d\u2019un supermarch\u00e9 participatif, coop\u00e9ratif, non-lucratif, et responsable dans l\u2019\u00e9coquartier Flaubert. L&rsquo;objectif est de permettre \u00e0 toutes et tous d\u2019acc\u00e9der \u00e0 une consommation de qualit\u00e9.<\/p>\n\n\n\n<p><strong>Un grand merci \u00e0 toutes les associations et aux participant.e.s !<\/strong><\/p>\n\n\n\n<p><strong>Quelle est la prochaine \u00e9tape ?<\/strong> Les subventions pour TDN Open air et le supermarch\u00e9 participatif L\u2019El\u00e9fan seront pr\u00e9sent\u00e9es par les 8 conseill\u00e8res et conseillers d\u00e9partementaux des cantons de Grenoble dans le cadre des \u00ab Initiatives locales \u00bb au vote de la Commission Permanente de septembre.<\/p>\n\n\n\n<p><strong>Et ensuite ?<\/strong> Les Initiatives grenobloises permettent d\u2019encourager la participation citoyenne \u00e0 la vie locale, favoriser la transparence de l\u2019utilisation de l\u2019argent public et soutenir le d\u00e9veloppement des projets associatifs grenoblois. Ainsi, les \u00e9lu.e.s souhaitent inscrire les Initiatives Grenobloises dans le long-terme et les faire \u00e9voluer vers une plus grande participation des citoyen.ne.s tout au long du dispositif. C\u2019est dans ce sens que <strong>les conseill\u00e8res et conseillers d\u00e9partementaux de Grenoble vont \u00eatre \u00e0 l&rsquo;\u00e9coute des associations et des habitant.e.s afin d\u2019\u00e9changer sur leurs retours d\u2019exp\u00e9rience et leurs id\u00e9es pour les prochaines \u00e9ditions.&nbsp;<\/strong><\/p>\n\n\n\n<p>Voici un framaform pour partager vos r\u00e9flexions :<strong><mark style=\"background-color:rgba(0, 0, 0, 0)\" class=\"has-inline-color has-pale-cyan-blue-color\"> https:\/\/framaforms.org\/retours-dexperience-sur-les-initiatives-grenobloises-1686758087<\/mark><\/strong><\/p>\n","protected":false},"excerpt":{"rendered":"<p>Les habitant.e.s de Grenoble ont r\u00e9pondu pr\u00e9sent.e.s cette ann\u00e9e encore avec pr\u00e8s de 1100 votant.e.s ! Cet engouement &hellip; <\/p>\n","protected":false},"author":8,"featured_media":683691,"comment_status":"open","ping_status":"open","sticky":false,"template":"","format":"standard","meta":{"footnotes":""},"categories":[102],"tags":[134],"class_list":["post-683690","post","type-post","status-publish","format-standard","has-post-thumbnail","hentry","category-les-initiatives-grenobloises-edition-2023","tag-democratie"],"yoast_head":"<!-- This site is optimized with the Yoast SEO plugin v27.5 - https:\/\/yoast.com\/product\/yoast-seo-wordpress\/ -->\n<title>Clap de fin pour la deuxi\u00e8me \u00e9dition des Initiatives Grenobloises ! - D\u00e9partement de l&#039;Is\u00e8re<\/title>\n<meta name=\"robots\" content=\"index, follow, max-snippet:-1, max-image-preview:large, max-video-preview:-1\" \/>\n<link rel=\"canonical\" href=\"https:\/\/www.uges-isere.fr\/index.php\/2023\/06\/20\/clap-de-fin-pour-la-deuxieme-edition-des-initiatives-grenobloises\/\" \/>\n<meta property=\"og:locale\" content=\"fr_FR\" \/>\n<meta property=\"og:type\" content=\"article\" \/>\n<meta property=\"og:title\" content=\"Clap de fin pour la deuxi\u00e8me \u00e9dition des Initiatives Grenobloises ! - D\u00e9partement de l&#039;Is\u00e8re\" \/>\n<meta property=\"og:description\" content=\"Les habitant.e.s de Grenoble ont r\u00e9pondu pr\u00e9sent.e.s cette ann\u00e9e encore avec pr\u00e8s de 1100 votant.e.s ! Cet engouement &hellip;\" \/>\n<meta property=\"og:url\" content=\"https:\/\/www.uges-isere.fr\/index.php\/2023\/06\/20\/clap-de-fin-pour-la-deuxieme-edition-des-initiatives-grenobloises\/\" \/>\n<meta property=\"og:site_name\" content=\"D\u00e9partement de l&#039;Is\u00e8re\" \/>\n<meta property=\"article:publisher\" content=\"https:\/\/www.facebook.com\/LePrintemps38\" \/>\n<meta property=\"article:published_time\" content=\"2023-06-20T16:11:58+00:00\" \/>\n<meta property=\"article:modified_time\" content=\"2023-06-20T16:14:58+00:00\" \/>\n<meta property=\"og:image\" content=\"https:\/\/www.uges-isere.fr\/wp-content\/uploads\/2023\/06\/Bleu-Or-Paillettes-Fete-des-Peres-Reconnaissance-Reseaux-Sociaux-Publication-1.png\" \/>\n\t<meta property=\"og:image:width\" content=\"940\" \/>\n\t<meta property=\"og:image:height\" content=\"788\" \/>\n\t<meta property=\"og:image:type\" content=\"image\/png\" \/>\n<meta name=\"author\" content=\"ThibaudUGES38\" \/>\n<meta name=\"twitter:card\" content=\"summary_large_image\" \/>\n<meta name=\"twitter:creator\" content=\"@GroupeUGES38\" \/>\n<meta name=\"twitter:site\" content=\"@GroupeUGES38\" \/>\n<meta name=\"twitter:label1\" content=\"\u00c9crit par\" \/>\n\t<meta name=\"twitter:data1\" content=\"ThibaudUGES38\" \/>\n\t<meta name=\"twitter:label2\" content=\"Dur\u00e9e de lecture estim\u00e9e\" \/>\n\t<meta name=\"twitter:data2\" content=\"3 minutes\" \/>\n<script type=\"application\/ld+json\" class=\"yoast-schema-graph\">{\"@context\":\"https:\\\/\\\/schema.org\",\"@graph\":[{\"@type\":\"Article\",\"@id\":\"https:\\\/\\\/www.uges-isere.fr\\\/index.php\\\/2023\\\/06\\\/20\\\/clap-de-fin-pour-la-deuxieme-edition-des-initiatives-grenobloises\\\/#article\",\"isPartOf\":{\"@id\":\"https:\\\/\\\/www.uges-isere.fr\\\/index.php\\\/2023\\\/06\\\/20\\\/clap-de-fin-pour-la-deuxieme-edition-des-initiatives-grenobloises\\\/\"},\"author\":{\"name\":\"ThibaudUGES38\",\"@id\":\"https:\\\/\\\/www.uges-isere.fr\\\/#\\\/schema\\\/person\\\/a200926d67119314e8837b6a085de83a\"},\"headline\":\"Clap de fin pour la deuxi\u00e8me \u00e9dition des Initiatives Grenobloises !\",\"datePublished\":\"2023-06-20T16:11:58+00:00\",\"dateModified\":\"2023-06-20T16:14:58+00:00\",\"mainEntityOfPage\":{\"@id\":\"https:\\\/\\\/www.uges-isere.fr\\\/index.php\\\/2023\\\/06\\\/20\\\/clap-de-fin-pour-la-deuxieme-edition-des-initiatives-grenobloises\\\/\"},\"wordCount\":693,\"commentCount\":0,\"publisher\":{\"@id\":\"https:\\\/\\\/www.uges-isere.fr\\\/#organization\"},\"image\":{\"@id\":\"https:\\\/\\\/www.uges-isere.fr\\\/index.php\\\/2023\\\/06\\\/20\\\/clap-de-fin-pour-la-deuxieme-edition-des-initiatives-grenobloises\\\/#primaryimage\"},\"thumbnailUrl\":\"https:\\\/\\\/www.uges-isere.fr\\\/wp-content\\\/uploads\\\/2023\\\/06\\\/Bleu-Or-Paillettes-Fete-des-Peres-Reconnaissance-Reseaux-Sociaux-Publication-1.png\",\"keywords\":[\"d\u00e9mocratie\"],\"articleSection\":[\"Les Initiatives Grenobloises : \u00e9dition 2023\"],\"inLanguage\":\"fr-FR\",\"potentialAction\":[{\"@type\":\"CommentAction\",\"name\":\"Comment\",\"target\":[\"https:\\\/\\\/www.uges-isere.fr\\\/index.php\\\/2023\\\/06\\\/20\\\/clap-de-fin-pour-la-deuxieme-edition-des-initiatives-grenobloises\\\/#respond\"]}]},{\"@type\":\"WebPage\",\"@id\":\"https:\\\/\\\/www.uges-isere.fr\\\/index.php\\\/2023\\\/06\\\/20\\\/clap-de-fin-pour-la-deuxieme-edition-des-initiatives-grenobloises\\\/\",\"url\":\"https:\\\/\\\/www.uges-isere.fr\\\/index.php\\\/2023\\\/06\\\/20\\\/clap-de-fin-pour-la-deuxieme-edition-des-initiatives-grenobloises\\\/\",\"name\":\"Clap de fin pour la deuxi\u00e8me \u00e9dition des Initiatives Grenobloises ! - D\u00e9partement de l&#039;Is\u00e8re\",\"isPartOf\":{\"@id\":\"https:\\\/\\\/www.uges-isere.fr\\\/#website\"},\"primaryImageOfPage\":{\"@id\":\"https:\\\/\\\/www.uges-isere.fr\\\/index.php\\\/2023\\\/06\\\/20\\\/clap-de-fin-pour-la-deuxieme-edition-des-initiatives-grenobloises\\\/#primaryimage\"},\"image\":{\"@id\":\"https:\\\/\\\/www.uges-isere.fr\\\/index.php\\\/2023\\\/06\\\/20\\\/clap-de-fin-pour-la-deuxieme-edition-des-initiatives-grenobloises\\\/#primaryimage\"},\"thumbnailUrl\":\"https:\\\/\\\/www.uges-isere.fr\\\/wp-content\\\/uploads\\\/2023\\\/06\\\/Bleu-Or-Paillettes-Fete-des-Peres-Reconnaissance-Reseaux-Sociaux-Publication-1.png\",\"datePublished\":\"2023-06-20T16:11:58+00:00\",\"dateModified\":\"2023-06-20T16:14:58+00:00\",\"breadcrumb\":{\"@id\":\"https:\\\/\\\/www.uges-isere.fr\\\/index.php\\\/2023\\\/06\\\/20\\\/clap-de-fin-pour-la-deuxieme-edition-des-initiatives-grenobloises\\\/#breadcrumb\"},\"inLanguage\":\"fr-FR\",\"potentialAction\":[{\"@type\":\"ReadAction\",\"target\":[\"https:\\\/\\\/www.uges-isere.fr\\\/index.php\\\/2023\\\/06\\\/20\\\/clap-de-fin-pour-la-deuxieme-edition-des-initiatives-grenobloises\\\/\"]}]},{\"@type\":\"ImageObject\",\"inLanguage\":\"fr-FR\",\"@id\":\"https:\\\/\\\/www.uges-isere.fr\\\/index.php\\\/2023\\\/06\\\/20\\\/clap-de-fin-pour-la-deuxieme-edition-des-initiatives-grenobloises\\\/#primaryimage\",\"url\":\"https:\\\/\\\/www.uges-isere.fr\\\/wp-content\\\/uploads\\\/2023\\\/06\\\/Bleu-Or-Paillettes-Fete-des-Peres-Reconnaissance-Reseaux-Sociaux-Publication-1.png\",\"contentUrl\":\"https:\\\/\\\/www.uges-isere.fr\\\/wp-content\\\/uploads\\\/2023\\\/06\\\/Bleu-Or-Paillettes-Fete-des-Peres-Reconnaissance-Reseaux-Sociaux-Publication-1.png\",\"width\":940,\"height\":788},{\"@type\":\"BreadcrumbList\",\"@id\":\"https:\\\/\\\/www.uges-isere.fr\\\/index.php\\\/2023\\\/06\\\/20\\\/clap-de-fin-pour-la-deuxieme-edition-des-initiatives-grenobloises\\\/#breadcrumb\",\"itemListElement\":[{\"@type\":\"ListItem\",\"position\":1,\"name\":\"Accueil\",\"item\":\"https:\\\/\\\/www.uges-isere.fr\\\/\"},{\"@type\":\"ListItem\",\"position\":2,\"name\":\"Clap de fin pour la deuxi\u00e8me \u00e9dition des Initiatives Grenobloises !\"}]},{\"@type\":\"WebSite\",\"@id\":\"https:\\\/\\\/www.uges-isere.fr\\\/#website\",\"url\":\"https:\\\/\\\/www.uges-isere.fr\\\/\",\"name\":\"D\u00e9partement de l&#039;Is\u00e8re\",\"description\":\"Groupe d&#039;opposition UGES\",\"publisher\":{\"@id\":\"https:\\\/\\\/www.uges-isere.fr\\\/#organization\"},\"potentialAction\":[{\"@type\":\"SearchAction\",\"target\":{\"@type\":\"EntryPoint\",\"urlTemplate\":\"https:\\\/\\\/www.uges-isere.fr\\\/?s={search_term_string}\"},\"query-input\":{\"@type\":\"PropertyValueSpecification\",\"valueRequired\":true,\"valueName\":\"search_term_string\"}}],\"inLanguage\":\"fr-FR\"},{\"@type\":\"Organization\",\"@id\":\"https:\\\/\\\/www.uges-isere.fr\\\/#organization\",\"name\":\"D\u00e9partement de l'Is\u00e8re\",\"url\":\"https:\\\/\\\/www.uges-isere.fr\\\/\",\"logo\":{\"@type\":\"ImageObject\",\"inLanguage\":\"fr-FR\",\"@id\":\"https:\\\/\\\/www.uges-isere.fr\\\/#\\\/schema\\\/logo\\\/image\\\/\",\"url\":\"https:\\\/\\\/www.uges-isere.fr\\\/wp-content\\\/uploads\\\/2021\\\/10\\\/logo-ok.png\",\"contentUrl\":\"https:\\\/\\\/www.uges-isere.fr\\\/wp-content\\\/uploads\\\/2021\\\/10\\\/logo-ok.png\",\"width\":2859,\"height\":1816,\"caption\":\"D\u00e9partement de l'Is\u00e8re\"},\"image\":{\"@id\":\"https:\\\/\\\/www.uges-isere.fr\\\/#\\\/schema\\\/logo\\\/image\\\/\"},\"sameAs\":[\"https:\\\/\\\/www.facebook.com\\\/LePrintemps38\",\"https:\\\/\\\/x.com\\\/GroupeUGES38\"]},{\"@type\":\"Person\",\"@id\":\"https:\\\/\\\/www.uges-isere.fr\\\/#\\\/schema\\\/person\\\/a200926d67119314e8837b6a085de83a\",\"name\":\"ThibaudUGES38\",\"image\":{\"@type\":\"ImageObject\",\"inLanguage\":\"fr-FR\",\"@id\":\"https:\\\/\\\/secure.gravatar.com\\\/avatar\\\/e182ebfe597e409aafe3378f828607b2b757ed94a3489b20112818296e03b151?s=96&d=mm&r=g\",\"url\":\"https:\\\/\\\/secure.gravatar.com\\\/avatar\\\/e182ebfe597e409aafe3378f828607b2b757ed94a3489b20112818296e03b151?s=96&d=mm&r=g\",\"contentUrl\":\"https:\\\/\\\/secure.gravatar.com\\\/avatar\\\/e182ebfe597e409aafe3378f828607b2b757ed94a3489b20112818296e03b151?s=96&d=mm&r=g\",\"caption\":\"ThibaudUGES38\"},\"url\":\"https:\\\/\\\/www.uges-isere.fr\\\/index.php\\\/author\\\/thibauduges38\\\/\"}]}<\/script>\n<!-- \/ Yoast SEO plugin. -->","yoast_head_json":{"title":"Clap de fin pour la deuxi\u00e8me \u00e9dition des Initiatives Grenobloises ! - D\u00e9partement de l&#039;Is\u00e8re","robots":{"index":"index","follow":"follow","max-snippet":"max-snippet:-1","max-image-preview":"max-image-preview:large","max-video-preview":"max-video-preview:-1"},"canonical":"https:\/\/www.uges-isere.fr\/index.php\/2023\/06\/20\/clap-de-fin-pour-la-deuxieme-edition-des-initiatives-grenobloises\/","og_locale":"fr_FR","og_type":"article","og_title":"Clap de fin pour la deuxi\u00e8me \u00e9dition des Initiatives Grenobloises ! - D\u00e9partement de l&#039;Is\u00e8re","og_description":"Les habitant.e.s de Grenoble ont r\u00e9pondu pr\u00e9sent.e.s cette ann\u00e9e encore avec pr\u00e8s de 1100 votant.e.s ! Cet engouement &hellip;","og_url":"https:\/\/www.uges-isere.fr\/index.php\/2023\/06\/20\/clap-de-fin-pour-la-deuxieme-edition-des-initiatives-grenobloises\/","og_site_name":"D\u00e9partement de l&#039;Is\u00e8re","article_publisher":"https:\/\/www.facebook.com\/LePrintemps38","article_published_time":"2023-06-20T16:11:58+00:00","article_modified_time":"2023-06-20T16:14:58+00:00","og_image":[{"width":940,"height":788,"url":"https:\/\/www.uges-isere.fr\/wp-content\/uploads\/2023\/06\/Bleu-Or-Paillettes-Fete-des-Peres-Reconnaissance-Reseaux-Sociaux-Publication-1.png","type":"image\/png"}],"author":"ThibaudUGES38","twitter_card":"summary_large_image","twitter_creator":"@GroupeUGES38","twitter_site":"@GroupeUGES38","twitter_misc":{"\u00c9crit par":"ThibaudUGES38","Dur\u00e9e de lecture estim\u00e9e":"3 minutes"},"schema":{"@context":"https:\/\/schema.org","@graph":[{"@type":"Article","@id":"https:\/\/www.uges-isere.fr\/index.php\/2023\/06\/20\/clap-de-fin-pour-la-deuxieme-edition-des-initiatives-grenobloises\/#article","isPartOf":{"@id":"https:\/\/www.uges-isere.fr\/index.php\/2023\/06\/20\/clap-de-fin-pour-la-deuxieme-edition-des-initiatives-grenobloises\/"},"author":{"name":"ThibaudUGES38","@id":"https:\/\/www.uges-isere.fr\/#\/schema\/person\/a200926d67119314e8837b6a085de83a"},"headline":"Clap de fin pour la deuxi\u00e8me \u00e9dition des Initiatives Grenobloises !","datePublished":"2023-06-20T16:11:58+00:00","dateModified":"2023-06-20T16:14:58+00:00","mainEntityOfPage":{"@id":"https:\/\/www.uges-isere.fr\/index.php\/2023\/06\/20\/clap-de-fin-pour-la-deuxieme-edition-des-initiatives-grenobloises\/"},"wordCount":693,"commentCount":0,"publisher":{"@id":"https:\/\/www.uges-isere.fr\/#organization"},"image":{"@id":"https:\/\/www.uges-isere.fr\/index.php\/2023\/06\/20\/clap-de-fin-pour-la-deuxieme-edition-des-initiatives-grenobloises\/#primaryimage"},"thumbnailUrl":"https:\/\/www.uges-isere.fr\/wp-content\/uploads\/2023\/06\/Bleu-Or-Paillettes-Fete-des-Peres-Reconnaissance-Reseaux-Sociaux-Publication-1.png","keywords":["d\u00e9mocratie"],"articleSection":["Les Initiatives Grenobloises : \u00e9dition 2023"],"inLanguage":"fr-FR","potentialAction":[{"@type":"CommentAction","name":"Comment","target":["https:\/\/www.uges-isere.fr\/index.php\/2023\/06\/20\/clap-de-fin-pour-la-deuxieme-edition-des-initiatives-grenobloises\/#respond"]}]},{"@type":"WebPage","@id":"https:\/\/www.uges-isere.fr\/index.php\/2023\/06\/20\/clap-de-fin-pour-la-deuxieme-edition-des-initiatives-grenobloises\/","url":"https:\/\/www.uges-isere.fr\/index.php\/2023\/06\/20\/clap-de-fin-pour-la-deuxieme-edition-des-initiatives-grenobloises\/","name":"Clap de fin pour la deuxi\u00e8me \u00e9dition des Initiatives Grenobloises ! - D\u00e9partement de l&#039;Is\u00e8re","isPartOf":{"@id":"https:\/\/www.uges-isere.fr\/#website"},"primaryImageOfPage":{"@id":"https:\/\/www.uges-isere.fr\/index.php\/2023\/06\/20\/clap-de-fin-pour-la-deuxieme-edition-des-initiatives-grenobloises\/#primaryimage"},"image":{"@id":"https:\/\/www.uges-isere.fr\/index.php\/2023\/06\/20\/clap-de-fin-pour-la-deuxieme-edition-des-initiatives-grenobloises\/#primaryimage"},"thumbnailUrl":"https:\/\/www.uges-isere.fr\/wp-content\/uploads\/2023\/06\/Bleu-Or-Paillettes-Fete-des-Peres-Reconnaissance-Reseaux-Sociaux-Publication-1.png","datePublished":"2023-06-20T16:11:58+00:00","dateModified":"2023-06-20T16:14:58+00:00","breadcrumb":{"@id":"https:\/\/www.uges-isere.fr\/index.php\/2023\/06\/20\/clap-de-fin-pour-la-deuxieme-edition-des-initiatives-grenobloises\/#breadcrumb"},"inLanguage":"fr-FR","potentialAction":[{"@type":"ReadAction","target":["https:\/\/www.uges-isere.fr\/index.php\/2023\/06\/20\/clap-de-fin-pour-la-deuxieme-edition-des-initiatives-grenobloises\/"]}]},{"@type":"ImageObject","inLanguage":"fr-FR","@id":"https:\/\/www.uges-isere.fr\/index.php\/2023\/06\/20\/clap-de-fin-pour-la-deuxieme-edition-des-initiatives-grenobloises\/#primaryimage","url":"https:\/\/www.uges-isere.fr\/wp-content\/uploads\/2023\/06\/Bleu-Or-Paillettes-Fete-des-Peres-Reconnaissance-Reseaux-Sociaux-Publication-1.png","contentUrl":"https:\/\/www.uges-isere.fr\/wp-content\/uploads\/2023\/06\/Bleu-Or-Paillettes-Fete-des-Peres-Reconnaissance-Reseaux-Sociaux-Publication-1.png","width":940,"height":788},{"@type":"BreadcrumbList","@id":"https:\/\/www.uges-isere.fr\/index.php\/2023\/06\/20\/clap-de-fin-pour-la-deuxieme-edition-des-initiatives-grenobloises\/#breadcrumb","itemListElement":[{"@type":"ListItem","position":1,"name":"Accueil","item":"https:\/\/www.uges-isere.fr\/"},{"@type":"ListItem","position":2,"name":"Clap de fin pour la deuxi\u00e8me \u00e9dition des Initiatives Grenobloises !"}]},{"@type":"WebSite","@id":"https:\/\/www.uges-isere.fr\/#website","url":"https:\/\/www.uges-isere.fr\/","name":"D\u00e9partement de l&#039;Is\u00e8re","description":"Groupe d&#039;opposition UGES","publisher":{"@id":"https:\/\/www.uges-isere.fr\/#organization"},"potentialAction":[{"@type":"SearchAction","target":{"@type":"EntryPoint","urlTemplate":"https:\/\/www.uges-isere.fr\/?s={search_term_string}"},"query-input":{"@type":"PropertyValueSpecification","valueRequired":true,"valueName":"search_term_string"}}],"inLanguage":"fr-FR"},{"@type":"Organization","@id":"https:\/\/www.uges-isere.fr\/#organization","name":"D\u00e9partement de l'Is\u00e8re","url":"https:\/\/www.uges-isere.fr\/","logo":{"@type":"ImageObject","inLanguage":"fr-FR","@id":"https:\/\/www.uges-isere.fr\/#\/schema\/logo\/image\/","url":"https:\/\/www.uges-isere.fr\/wp-content\/uploads\/2021\/10\/logo-ok.png","contentUrl":"https:\/\/www.uges-isere.fr\/wp-content\/uploads\/2021\/10\/logo-ok.png","width":2859,"height":1816,"caption":"D\u00e9partement de l'Is\u00e8re"},"image":{"@id":"https:\/\/www.uges-isere.fr\/#\/schema\/logo\/image\/"},"sameAs":["https:\/\/www.facebook.com\/LePrintemps38","https:\/\/x.com\/GroupeUGES38"]},{"@type":"Person","@id":"https:\/\/www.uges-isere.fr\/#\/schema\/person\/a200926d67119314e8837b6a085de83a","name":"ThibaudUGES38","image":{"@type":"ImageObject","inLanguage":"fr-FR","@id":"https:\/\/secure.gravatar.com\/avatar\/e182ebfe597e409aafe3378f828607b2b757ed94a3489b20112818296e03b151?s=96&d=mm&r=g","url":"https:\/\/secure.gravatar.com\/avatar\/e182ebfe597e409aafe3378f828607b2b757ed94a3489b20112818296e03b151?s=96&d=mm&r=g","contentUrl":"https:\/\/secure.gravatar.com\/avatar\/e182ebfe597e409aafe3378f828607b2b757ed94a3489b20112818296e03b151?s=96&d=mm&r=g","caption":"ThibaudUGES38"},"url":"https:\/\/www.uges-isere.fr\/index.php\/author\/thibauduges38\/"}]}},"_links":{"self":[{"href":"https:\/\/www.uges-isere.fr\/index.php\/wp-json\/wp\/v2\/posts\/683690","targetHints":{"allow":["GET"]}}],"collection":[{"href":"https:\/\/www.uges-isere.fr\/index.php\/wp-json\/wp\/v2\/posts"}],"about":[{"href":"https:\/\/www.uges-isere.fr\/index.php\/wp-json\/wp\/v2\/types\/post"}],"author":[{"embeddable":true,"href":"https:\/\/www.uges-isere.fr\/index.php\/wp-json\/wp\/v2\/users\/8"}],"replies":[{"embeddable":true,"href":"https:\/\/www.uges-isere.fr\/index.php\/wp-json\/wp\/v2\/comments?post=683690"}],"version-history":[{"count":2,"href":"https:\/\/www.uges-isere.fr\/index.php\/wp-json\/wp\/v2\/posts\/683690\/revisions"}],"predecessor-version":[{"id":683694,"href":"https:\/\/www.uges-isere.fr\/index.php\/wp-json\/wp\/v2\/posts\/683690\/revisions\/683694"}],"wp:featuredmedia":[{"embeddable":true,"href":"https:\/\/www.uges-isere.fr\/index.php\/wp-json\/wp\/v2\/media\/683691"}],"wp:attachment":[{"href":"https:\/\/www.uges-isere.fr\/index.php\/wp-json\/wp\/v2\/media?parent=683690"}],"wp:term":[{"taxonomy":"category","embeddable":true,"href":"https:\/\/www.uges-isere.fr\/index.php\/wp-json\/wp\/v2\/categories?post=683690"},{"taxonomy":"post_tag","embeddable":true,"href":"https:\/\/www.uges-isere.fr\/index.php\/wp-json\/wp\/v2\/tags?post=683690"}],"curies":[{"name":"wp","href":"https:\/\/api.w.org\/{rel}","templated":true}]}}