{"id":683060,"date":"2023-01-28T14:00:00","date_gmt":"2023-01-28T13:00:00","guid":{"rendered":"https:\/\/www.uges-isere.fr\/?p=683060"},"modified":"2023-04-28T14:07:51","modified_gmt":"2023-04-28T12:07:51","slug":"commission-permanente-de-janvier","status":"publish","type":"post","link":"https:\/\/www.uges-isere.fr\/index.php\/2023\/01\/28\/commission-permanente-de-janvier\/","title":{"rendered":"Commission permanente de janvier"},"content":{"rendered":"\n<p>Les conseill\u00e8res et conseillers d\u00e9partementaux \u00e9taient r\u00e9unis ce vendredi 27 janvier pour la premi\u00e8re commission permanente de l\u2019ann\u00e9e. 86 d\u00e9lib\u00e9rations \u00e9taient pr\u00e9sent\u00e9es au vote de l\u2019assembl\u00e9e d\u00e9partementale.\u00a0<\/p>\n\n\n\n<p>Les \u00e9lu.es du groupe UGES se sont notamment exprim\u00e9.es :<\/p>\n\n\n\n<p><img loading=\"lazy\" decoding=\"async\" width=\"19\" height=\"19\" src=\"blob:https:\/\/www.uges-isere.fr\/33f123d6-2f34-4ab6-ba22-a144a1af35ce\" alt=\"\ud83d\udfe2\"> Pour les conventions relatives \u00e0 l\u2019accueil de jeunes \u00e2g\u00e9s de 18 \u00e0 21 ans par les associations Ozanam et RIVHAJ.<\/p>\n\n\n\n<p><img loading=\"lazy\" decoding=\"async\" width=\"19\" height=\"19\" src=\"blob:https:\/\/www.uges-isere.fr\/ab72fb58-bea8-4b39-86b4-127b365ee2fb\" alt=\"\ud83d\udd34\"> Contre les conditions de d\u00e9livrance des ch\u00e8ques d\u2019accompagnement personnalis\u00e9 (CAP) alimentaires-hygi\u00e8ne qui rendent plus\u00a0 difficile l\u2019acc\u00e8s \u00e0 ce droit.<\/p>\n\n\n\n<p><img loading=\"lazy\" decoding=\"async\" width=\"19\" height=\"19\" src=\"blob:https:\/\/www.uges-isere.fr\/0aa23d43-71cf-40d7-9b5a-15c8981eae91\" alt=\"\ud83d\udfe2\">\u00a0 Pour le financement de travaux d\u2019investissement dans le cadre de projets d\u2019habitat inclusif pour les personnes \u00e2g\u00e9es ainsi que des financements de l\u2019aide \u00e0 la vie partag\u00e9e (AVP) attribu\u00e9s \u00e0 7 porteurs via la CNSA.<\/p>\n\n\n\n<p><img loading=\"lazy\" decoding=\"async\" width=\"19\" height=\"19\" src=\"blob:https:\/\/www.uges-isere.fr\/fb5b611e-5061-4782-ba0b-be5ae6c227ac\" alt=\"\ud83d\udfe0\"> Abstention sur le prolongement des conventions avec les associations de pr\u00e9vention sp\u00e9cialis\u00e9e, car les orientations d\u00e9partementales n\u2019ont pas \u00e9volu\u00e9 depuis 5 ans, restreignant ainsi les territoires d\u2019intervention et le nombre de jeunes concern\u00e9s.<\/p>\n\n\n\n<p><img loading=\"lazy\" decoding=\"async\" width=\"19\" height=\"19\" src=\"blob:https:\/\/www.uges-isere.fr\/06a903a0-9444-4908-bf9e-deb71ca1dddc\" alt=\"\ud83d\udfe2\"> Pour les programmes de suivi de la qualit\u00e9 des eaux souterraines et superficielles de l\u2019Is\u00e8re dont les \u00e9tudes sont primordiales pour pr\u00e9server ce bien commun.<\/p>\n\n\n\n<p><img loading=\"lazy\" decoding=\"async\" width=\"19\" height=\"19\" src=\"blob:https:\/\/www.uges-isere.fr\/4222d1d9-a8a8-41e9-a76a-cdeaf96a0812\" alt=\"\ud83d\udfe0\"> <img loading=\"lazy\" decoding=\"async\" width=\"19\" height=\"19\" src=\"blob:https:\/\/www.uges-isere.fr\/fd81382c-5338-4e19-8b3f-cc2aa5ca1976\" alt=\"\ud83d\udd34\"> Abstention ou contre les investissements mirobolants relatifs \u00e0 la construction de b\u00e2timent de l\u2019\u00c9cole Nationale de l\u2019Aviation Civile implant\u00e9 sur l&rsquo;a\u00e9roport Grenoble-Saint-Geoirs.<\/p>\n\n\n\n<p><img loading=\"lazy\" decoding=\"async\" width=\"19\" height=\"19\" src=\"blob:https:\/\/www.uges-isere.fr\/a1901a98-df04-4705-ad44-3cd894c9eaea\" alt=\"\ud83d\udfe2\"> Pour soutenir les Is\u00e9roises et Is\u00e9rois dans la r\u00e9novation thermique et la mise en accessibilit\u00e9 de leur logement.<\/p>\n\n\n\n<p><img loading=\"lazy\" decoding=\"async\" width=\"19\" height=\"19\" src=\"blob:https:\/\/www.uges-isere.fr\/e16bc1d1-76b8-4d35-9fa0-e5d0d473f135\" alt=\"\ud83d\udfe0\"> Abstention sur le transfert de la Route nationale 85 (Laffrey-Corps) dans le giron d\u00e9partemental, ne b\u00e9n\u00e9ficiant pas des informations n\u00e9cessaires sur les investissements pr\u00e9vus qui risquent d\u2019impacter fortement le budget du D\u00e9partement du au regard de l\u2019entretien qu\u2019exige cet axe routier.\u00a0<\/p>\n\n\n\n<p><img loading=\"lazy\" decoding=\"async\" width=\"19\" height=\"19\" src=\"blob:https:\/\/www.uges-isere.fr\/abe5739a-b77e-4de0-b187-5bc7e8105735\" alt=\"\ud83d\udfe2\"> Pour les conventions et engagements financiers qui concernent la suppression du passage \u00e0 niveau de Brignoud sur la commune de Villard-Bonnot en restant vigilants sur l\u2019impact environnemental de ces travaux.<\/p>\n\n\n\n<p><img loading=\"lazy\" decoding=\"async\" width=\"19\" height=\"19\" src=\"blob:https:\/\/www.uges-isere.fr\/3a0f6e17-1570-4eca-a873-ce0c30069685\" alt=\"\ud83d\udfe2\"> Pour des investissements dans les \u00e9quipements des coll\u00e8ges is\u00e9rois et les aides permettant le transport des coll\u00e9giennes et coll\u00e9giens sur les sites sportifs (EPS).<\/p>\n\n\n\n<p><img loading=\"lazy\" decoding=\"async\" width=\"19\" height=\"19\" src=\"blob:https:\/\/www.uges-isere.fr\/48d130d3-514f-42e3-a32f-0b8160906103\" alt=\"\ud83d\udfe0\">\u00a0 Abstention sur une convention concernant le CAUE (Conseil d\u2019Architecture, d\u2019Urbanisme et de l\u2019Environnement) dont le changement de gouvernance nous appelle \u00e0 la vigilance sur ce dossier.<\/p>\n","protected":false},"excerpt":{"rendered":"<p>Les conseill\u00e8res et conseillers d\u00e9partementaux \u00e9taient r\u00e9unis ce vendredi 27 janvier pour la premi\u00e8re commission permanente de l\u2019ann\u00e9e. &hellip; <\/p>\n","protected":false},"author":8,"featured_media":683062,"comment_status":"open","ping_status":"open","sticky":false,"template":"","format":"standard","meta":{"footnotes":""},"categories":[121],"tags":[124],"class_list":["post-683060","post","type-post","status-publish","format-standard","has-post-thumbnail","hentry","category-commission-permanente-janvier-2023","tag-commission-permanente"],"yoast_head":"<!-- This site is optimized with the Yoast SEO plugin v27.5 - https:\/\/yoast.com\/product\/yoast-seo-wordpress\/ -->\n<title>Commission permanente de janvier - D\u00e9partement de l&#039;Is\u00e8re<\/title>\n<meta name=\"robots\" content=\"index, follow, max-snippet:-1, max-image-preview:large, max-video-preview:-1\" \/>\n<link rel=\"canonical\" href=\"https:\/\/www.uges-isere.fr\/index.php\/2023\/01\/28\/commission-permanente-de-janvier\/\" \/>\n<meta property=\"og:locale\" content=\"fr_FR\" \/>\n<meta property=\"og:type\" content=\"article\" \/>\n<meta property=\"og:title\" content=\"Commission permanente de janvier - D\u00e9partement de l&#039;Is\u00e8re\" \/>\n<meta property=\"og:description\" content=\"Les conseill\u00e8res et conseillers d\u00e9partementaux \u00e9taient r\u00e9unis ce vendredi 27 janvier pour la premi\u00e8re commission permanente de l\u2019ann\u00e9e. &hellip;\" \/>\n<meta property=\"og:url\" content=\"https:\/\/www.uges-isere.fr\/index.php\/2023\/01\/28\/commission-permanente-de-janvier\/\" \/>\n<meta property=\"og:site_name\" content=\"D\u00e9partement de l&#039;Is\u00e8re\" \/>\n<meta property=\"article:publisher\" content=\"https:\/\/www.facebook.com\/LePrintemps38\" \/>\n<meta property=\"article:published_time\" content=\"2023-01-28T13:00:00+00:00\" \/>\n<meta property=\"article:modified_time\" content=\"2023-04-28T12:07:51+00:00\" \/>\n<meta property=\"og:image\" content=\"https:\/\/www.uges-isere.fr\/wp-content\/uploads\/2023\/01\/LOGOOOOOO.jpg\" \/>\n\t<meta property=\"og:image:width\" content=\"282\" \/>\n\t<meta property=\"og:image:height\" content=\"179\" \/>\n\t<meta property=\"og:image:type\" content=\"image\/jpeg\" \/>\n<meta name=\"author\" content=\"ThibaudUGES38\" \/>\n<meta name=\"twitter:card\" content=\"summary_large_image\" \/>\n<meta name=\"twitter:creator\" content=\"@GroupeUGES38\" \/>\n<meta name=\"twitter:site\" content=\"@GroupeUGES38\" \/>\n<meta name=\"twitter:label1\" content=\"\u00c9crit par\" \/>\n\t<meta name=\"twitter:data1\" content=\"ThibaudUGES38\" \/>\n\t<meta name=\"twitter:label2\" content=\"Dur\u00e9e de lecture estim\u00e9e\" \/>\n\t<meta name=\"twitter:data2\" content=\"5 minutes\" \/>\n<script type=\"application\/ld+json\" class=\"yoast-schema-graph\">{\"@context\":\"https:\\\/\\\/schema.org\",\"@graph\":[{\"@type\":\"Article\",\"@id\":\"https:\\\/\\\/www.uges-isere.fr\\\/index.php\\\/2023\\\/01\\\/28\\\/commission-permanente-de-janvier\\\/#article\",\"isPartOf\":{\"@id\":\"https:\\\/\\\/www.uges-isere.fr\\\/index.php\\\/2023\\\/01\\\/28\\\/commission-permanente-de-janvier\\\/\"},\"author\":{\"name\":\"ThibaudUGES38\",\"@id\":\"https:\\\/\\\/www.uges-isere.fr\\\/#\\\/schema\\\/person\\\/a200926d67119314e8837b6a085de83a\"},\"headline\":\"Commission permanente de janvier\",\"datePublished\":\"2023-01-28T13:00:00+00:00\",\"dateModified\":\"2023-04-28T12:07:51+00:00\",\"mainEntityOfPage\":{\"@id\":\"https:\\\/\\\/www.uges-isere.fr\\\/index.php\\\/2023\\\/01\\\/28\\\/commission-permanente-de-janvier\\\/\"},\"wordCount\":381,\"commentCount\":0,\"publisher\":{\"@id\":\"https:\\\/\\\/www.uges-isere.fr\\\/#organization\"},\"image\":{\"@id\":\"https:\\\/\\\/www.uges-isere.fr\\\/index.php\\\/2023\\\/01\\\/28\\\/commission-permanente-de-janvier\\\/#primaryimage\"},\"thumbnailUrl\":\"https:\\\/\\\/www.uges-isere.fr\\\/wp-content\\\/uploads\\\/2023\\\/01\\\/LOGOOOOOO.jpg\",\"keywords\":[\"commission permanente\"],\"articleSection\":[\"Commission permanente - Janvier 2023\"],\"inLanguage\":\"fr-FR\",\"potentialAction\":[{\"@type\":\"CommentAction\",\"name\":\"Comment\",\"target\":[\"https:\\\/\\\/www.uges-isere.fr\\\/index.php\\\/2023\\\/01\\\/28\\\/commission-permanente-de-janvier\\\/#respond\"]}]},{\"@type\":\"WebPage\",\"@id\":\"https:\\\/\\\/www.uges-isere.fr\\\/index.php\\\/2023\\\/01\\\/28\\\/commission-permanente-de-janvier\\\/\",\"url\":\"https:\\\/\\\/www.uges-isere.fr\\\/index.php\\\/2023\\\/01\\\/28\\\/commission-permanente-de-janvier\\\/\",\"name\":\"Commission permanente de janvier - D\u00e9partement de l&#039;Is\u00e8re\",\"isPartOf\":{\"@id\":\"https:\\\/\\\/www.uges-isere.fr\\\/#website\"},\"primaryImageOfPage\":{\"@id\":\"https:\\\/\\\/www.uges-isere.fr\\\/index.php\\\/2023\\\/01\\\/28\\\/commission-permanente-de-janvier\\\/#primaryimage\"},\"image\":{\"@id\":\"https:\\\/\\\/www.uges-isere.fr\\\/index.php\\\/2023\\\/01\\\/28\\\/commission-permanente-de-janvier\\\/#primaryimage\"},\"thumbnailUrl\":\"https:\\\/\\\/www.uges-isere.fr\\\/wp-content\\\/uploads\\\/2023\\\/01\\\/LOGOOOOOO.jpg\",\"datePublished\":\"2023-01-28T13:00:00+00:00\",\"dateModified\":\"2023-04-28T12:07:51+00:00\",\"breadcrumb\":{\"@id\":\"https:\\\/\\\/www.uges-isere.fr\\\/index.php\\\/2023\\\/01\\\/28\\\/commission-permanente-de-janvier\\\/#breadcrumb\"},\"inLanguage\":\"fr-FR\",\"potentialAction\":[{\"@type\":\"ReadAction\",\"target\":[\"https:\\\/\\\/www.uges-isere.fr\\\/index.php\\\/2023\\\/01\\\/28\\\/commission-permanente-de-janvier\\\/\"]}]},{\"@type\":\"ImageObject\",\"inLanguage\":\"fr-FR\",\"@id\":\"https:\\\/\\\/www.uges-isere.fr\\\/index.php\\\/2023\\\/01\\\/28\\\/commission-permanente-de-janvier\\\/#primaryimage\",\"url\":\"https:\\\/\\\/www.uges-isere.fr\\\/wp-content\\\/uploads\\\/2023\\\/01\\\/LOGOOOOOO.jpg\",\"contentUrl\":\"https:\\\/\\\/www.uges-isere.fr\\\/wp-content\\\/uploads\\\/2023\\\/01\\\/LOGOOOOOO.jpg\",\"width\":282,\"height\":179},{\"@type\":\"BreadcrumbList\",\"@id\":\"https:\\\/\\\/www.uges-isere.fr\\\/index.php\\\/2023\\\/01\\\/28\\\/commission-permanente-de-janvier\\\/#breadcrumb\",\"itemListElement\":[{\"@type\":\"ListItem\",\"position\":1,\"name\":\"Accueil\",\"item\":\"https:\\\/\\\/www.uges-isere.fr\\\/\"},{\"@type\":\"ListItem\",\"position\":2,\"name\":\"Commission permanente de janvier\"}]},{\"@type\":\"WebSite\",\"@id\":\"https:\\\/\\\/www.uges-isere.fr\\\/#website\",\"url\":\"https:\\\/\\\/www.uges-isere.fr\\\/\",\"name\":\"D\u00e9partement de l&#039;Is\u00e8re\",\"description\":\"Groupe d&#039;opposition UGES\",\"publisher\":{\"@id\":\"https:\\\/\\\/www.uges-isere.fr\\\/#organization\"},\"potentialAction\":[{\"@type\":\"SearchAction\",\"target\":{\"@type\":\"EntryPoint\",\"urlTemplate\":\"https:\\\/\\\/www.uges-isere.fr\\\/?s={search_term_string}\"},\"query-input\":{\"@type\":\"PropertyValueSpecification\",\"valueRequired\":true,\"valueName\":\"search_term_string\"}}],\"inLanguage\":\"fr-FR\"},{\"@type\":\"Organization\",\"@id\":\"https:\\\/\\\/www.uges-isere.fr\\\/#organization\",\"name\":\"D\u00e9partement de l'Is\u00e8re\",\"url\":\"https:\\\/\\\/www.uges-isere.fr\\\/\",\"logo\":{\"@type\":\"ImageObject\",\"inLanguage\":\"fr-FR\",\"@id\":\"https:\\\/\\\/www.uges-isere.fr\\\/#\\\/schema\\\/logo\\\/image\\\/\",\"url\":\"https:\\\/\\\/www.uges-isere.fr\\\/wp-content\\\/uploads\\\/2021\\\/10\\\/logo-ok.png\",\"contentUrl\":\"https:\\\/\\\/www.uges-isere.fr\\\/wp-content\\\/uploads\\\/2021\\\/10\\\/logo-ok.png\",\"width\":2859,\"height\":1816,\"caption\":\"D\u00e9partement de l'Is\u00e8re\"},\"image\":{\"@id\":\"https:\\\/\\\/www.uges-isere.fr\\\/#\\\/schema\\\/logo\\\/image\\\/\"},\"sameAs\":[\"https:\\\/\\\/www.facebook.com\\\/LePrintemps38\",\"https:\\\/\\\/x.com\\\/GroupeUGES38\"]},{\"@type\":\"Person\",\"@id\":\"https:\\\/\\\/www.uges-isere.fr\\\/#\\\/schema\\\/person\\\/a200926d67119314e8837b6a085de83a\",\"name\":\"ThibaudUGES38\",\"image\":{\"@type\":\"ImageObject\",\"inLanguage\":\"fr-FR\",\"@id\":\"https:\\\/\\\/secure.gravatar.com\\\/avatar\\\/e182ebfe597e409aafe3378f828607b2b757ed94a3489b20112818296e03b151?s=96&d=mm&r=g\",\"url\":\"https:\\\/\\\/secure.gravatar.com\\\/avatar\\\/e182ebfe597e409aafe3378f828607b2b757ed94a3489b20112818296e03b151?s=96&d=mm&r=g\",\"contentUrl\":\"https:\\\/\\\/secure.gravatar.com\\\/avatar\\\/e182ebfe597e409aafe3378f828607b2b757ed94a3489b20112818296e03b151?s=96&d=mm&r=g\",\"caption\":\"ThibaudUGES38\"},\"url\":\"https:\\\/\\\/www.uges-isere.fr\\\/index.php\\\/author\\\/thibauduges38\\\/\"}]}<\/script>\n<!-- \/ Yoast SEO plugin. -->","yoast_head_json":{"title":"Commission permanente de janvier - D\u00e9partement de l&#039;Is\u00e8re","robots":{"index":"index","follow":"follow","max-snippet":"max-snippet:-1","max-image-preview":"max-image-preview:large","max-video-preview":"max-video-preview:-1"},"canonical":"https:\/\/www.uges-isere.fr\/index.php\/2023\/01\/28\/commission-permanente-de-janvier\/","og_locale":"fr_FR","og_type":"article","og_title":"Commission permanente de janvier - D\u00e9partement de l&#039;Is\u00e8re","og_description":"Les conseill\u00e8res et conseillers d\u00e9partementaux \u00e9taient r\u00e9unis ce vendredi 27 janvier pour la premi\u00e8re commission permanente de l\u2019ann\u00e9e. &hellip;","og_url":"https:\/\/www.uges-isere.fr\/index.php\/2023\/01\/28\/commission-permanente-de-janvier\/","og_site_name":"D\u00e9partement de l&#039;Is\u00e8re","article_publisher":"https:\/\/www.facebook.com\/LePrintemps38","article_published_time":"2023-01-28T13:00:00+00:00","article_modified_time":"2023-04-28T12:07:51+00:00","og_image":[{"width":282,"height":179,"url":"https:\/\/www.uges-isere.fr\/wp-content\/uploads\/2023\/01\/LOGOOOOOO.jpg","type":"image\/jpeg"}],"author":"ThibaudUGES38","twitter_card":"summary_large_image","twitter_creator":"@GroupeUGES38","twitter_site":"@GroupeUGES38","twitter_misc":{"\u00c9crit par":"ThibaudUGES38","Dur\u00e9e de lecture estim\u00e9e":"5 minutes"},"schema":{"@context":"https:\/\/schema.org","@graph":[{"@type":"Article","@id":"https:\/\/www.uges-isere.fr\/index.php\/2023\/01\/28\/commission-permanente-de-janvier\/#article","isPartOf":{"@id":"https:\/\/www.uges-isere.fr\/index.php\/2023\/01\/28\/commission-permanente-de-janvier\/"},"author":{"name":"ThibaudUGES38","@id":"https:\/\/www.uges-isere.fr\/#\/schema\/person\/a200926d67119314e8837b6a085de83a"},"headline":"Commission permanente de janvier","datePublished":"2023-01-28T13:00:00+00:00","dateModified":"2023-04-28T12:07:51+00:00","mainEntityOfPage":{"@id":"https:\/\/www.uges-isere.fr\/index.php\/2023\/01\/28\/commission-permanente-de-janvier\/"},"wordCount":381,"commentCount":0,"publisher":{"@id":"https:\/\/www.uges-isere.fr\/#organization"},"image":{"@id":"https:\/\/www.uges-isere.fr\/index.php\/2023\/01\/28\/commission-permanente-de-janvier\/#primaryimage"},"thumbnailUrl":"https:\/\/www.uges-isere.fr\/wp-content\/uploads\/2023\/01\/LOGOOOOOO.jpg","keywords":["commission permanente"],"articleSection":["Commission permanente - Janvier 2023"],"inLanguage":"fr-FR","potentialAction":[{"@type":"CommentAction","name":"Comment","target":["https:\/\/www.uges-isere.fr\/index.php\/2023\/01\/28\/commission-permanente-de-janvier\/#respond"]}]},{"@type":"WebPage","@id":"https:\/\/www.uges-isere.fr\/index.php\/2023\/01\/28\/commission-permanente-de-janvier\/","url":"https:\/\/www.uges-isere.fr\/index.php\/2023\/01\/28\/commission-permanente-de-janvier\/","name":"Commission permanente de janvier - D\u00e9partement de l&#039;Is\u00e8re","isPartOf":{"@id":"https:\/\/www.uges-isere.fr\/#website"},"primaryImageOfPage":{"@id":"https:\/\/www.uges-isere.fr\/index.php\/2023\/01\/28\/commission-permanente-de-janvier\/#primaryimage"},"image":{"@id":"https:\/\/www.uges-isere.fr\/index.php\/2023\/01\/28\/commission-permanente-de-janvier\/#primaryimage"},"thumbnailUrl":"https:\/\/www.uges-isere.fr\/wp-content\/uploads\/2023\/01\/LOGOOOOOO.jpg","datePublished":"2023-01-28T13:00:00+00:00","dateModified":"2023-04-28T12:07:51+00:00","breadcrumb":{"@id":"https:\/\/www.uges-isere.fr\/index.php\/2023\/01\/28\/commission-permanente-de-janvier\/#breadcrumb"},"inLanguage":"fr-FR","potentialAction":[{"@type":"ReadAction","target":["https:\/\/www.uges-isere.fr\/index.php\/2023\/01\/28\/commission-permanente-de-janvier\/"]}]},{"@type":"ImageObject","inLanguage":"fr-FR","@id":"https:\/\/www.uges-isere.fr\/index.php\/2023\/01\/28\/commission-permanente-de-janvier\/#primaryimage","url":"https:\/\/www.uges-isere.fr\/wp-content\/uploads\/2023\/01\/LOGOOOOOO.jpg","contentUrl":"https:\/\/www.uges-isere.fr\/wp-content\/uploads\/2023\/01\/LOGOOOOOO.jpg","width":282,"height":179},{"@type":"BreadcrumbList","@id":"https:\/\/www.uges-isere.fr\/index.php\/2023\/01\/28\/commission-permanente-de-janvier\/#breadcrumb","itemListElement":[{"@type":"ListItem","position":1,"name":"Accueil","item":"https:\/\/www.uges-isere.fr\/"},{"@type":"ListItem","position":2,"name":"Commission permanente de janvier"}]},{"@type":"WebSite","@id":"https:\/\/www.uges-isere.fr\/#website","url":"https:\/\/www.uges-isere.fr\/","name":"D\u00e9partement de l&#039;Is\u00e8re","description":"Groupe d&#039;opposition UGES","publisher":{"@id":"https:\/\/www.uges-isere.fr\/#organization"},"potentialAction":[{"@type":"SearchAction","target":{"@type":"EntryPoint","urlTemplate":"https:\/\/www.uges-isere.fr\/?s={search_term_string}"},"query-input":{"@type":"PropertyValueSpecification","valueRequired":true,"valueName":"search_term_string"}}],"inLanguage":"fr-FR"},{"@type":"Organization","@id":"https:\/\/www.uges-isere.fr\/#organization","name":"D\u00e9partement de l'Is\u00e8re","url":"https:\/\/www.uges-isere.fr\/","logo":{"@type":"ImageObject","inLanguage":"fr-FR","@id":"https:\/\/www.uges-isere.fr\/#\/schema\/logo\/image\/","url":"https:\/\/www.uges-isere.fr\/wp-content\/uploads\/2021\/10\/logo-ok.png","contentUrl":"https:\/\/www.uges-isere.fr\/wp-content\/uploads\/2021\/10\/logo-ok.png","width":2859,"height":1816,"caption":"D\u00e9partement de l'Is\u00e8re"},"image":{"@id":"https:\/\/www.uges-isere.fr\/#\/schema\/logo\/image\/"},"sameAs":["https:\/\/www.facebook.com\/LePrintemps38","https:\/\/x.com\/GroupeUGES38"]},{"@type":"Person","@id":"https:\/\/www.uges-isere.fr\/#\/schema\/person\/a200926d67119314e8837b6a085de83a","name":"ThibaudUGES38","image":{"@type":"ImageObject","inLanguage":"fr-FR","@id":"https:\/\/secure.gravatar.com\/avatar\/e182ebfe597e409aafe3378f828607b2b757ed94a3489b20112818296e03b151?s=96&d=mm&r=g","url":"https:\/\/secure.gravatar.com\/avatar\/e182ebfe597e409aafe3378f828607b2b757ed94a3489b20112818296e03b151?s=96&d=mm&r=g","contentUrl":"https:\/\/secure.gravatar.com\/avatar\/e182ebfe597e409aafe3378f828607b2b757ed94a3489b20112818296e03b151?s=96&d=mm&r=g","caption":"ThibaudUGES38"},"url":"https:\/\/www.uges-isere.fr\/index.php\/author\/thibauduges38\/"}]}},"_links":{"self":[{"href":"https:\/\/www.uges-isere.fr\/index.php\/wp-json\/wp\/v2\/posts\/683060","targetHints":{"allow":["GET"]}}],"collection":[{"href":"https:\/\/www.uges-isere.fr\/index.php\/wp-json\/wp\/v2\/posts"}],"about":[{"href":"https:\/\/www.uges-isere.fr\/index.php\/wp-json\/wp\/v2\/types\/post"}],"author":[{"embeddable":true,"href":"https:\/\/www.uges-isere.fr\/index.php\/wp-json\/wp\/v2\/users\/8"}],"replies":[{"embeddable":true,"href":"https:\/\/www.uges-isere.fr\/index.php\/wp-json\/wp\/v2\/comments?post=683060"}],"version-history":[{"count":1,"href":"https:\/\/www.uges-isere.fr\/index.php\/wp-json\/wp\/v2\/posts\/683060\/revisions"}],"predecessor-version":[{"id":683061,"href":"https:\/\/www.uges-isere.fr\/index.php\/wp-json\/wp\/v2\/posts\/683060\/revisions\/683061"}],"wp:featuredmedia":[{"embeddable":true,"href":"https:\/\/www.uges-isere.fr\/index.php\/wp-json\/wp\/v2\/media\/683062"}],"wp:attachment":[{"href":"https:\/\/www.uges-isere.fr\/index.php\/wp-json\/wp\/v2\/media?parent=683060"}],"wp:term":[{"taxonomy":"category","embeddable":true,"href":"https:\/\/www.uges-isere.fr\/index.php\/wp-json\/wp\/v2\/categories?post=683060"},{"taxonomy":"post_tag","embeddable":true,"href":"https:\/\/www.uges-isere.fr\/index.php\/wp-json\/wp\/v2\/tags?post=683060"}],"curies":[{"name":"wp","href":"https:\/\/api.w.org\/{rel}","templated":true}]}}