{"id":683001,"date":"2023-03-31T15:27:09","date_gmt":"2023-03-31T13:27:09","guid":{"rendered":"https:\/\/www.uges-isere.fr\/?p=683001"},"modified":"2023-04-03T12:02:36","modified_gmt":"2023-04-03T10:02:36","slug":"nouveau-schema-autonomie-une-majorite-departementale-qui-ne-change-pas-les-choses-mais-les-mots","status":"publish","type":"post","link":"https:\/\/www.uges-isere.fr\/index.php\/2023\/03\/31\/nouveau-schema-autonomie-une-majorite-departementale-qui-ne-change-pas-les-choses-mais-les-mots\/","title":{"rendered":"Nouveau sch\u00e9ma autonomie : une majorit\u00e9 d\u00e9partementale qui ne change pas les choses mais les mots !"},"content":{"rendered":"\n<p><strong>Lors de la s\u00e9ance publique du 31 mars 2023, la majorit\u00e9 d\u00e9partementale a pr\u00e9sent\u00e9 les axes et orientations du sch\u00e9ma de l\u2019autonomie et des handicaps 2022-2026. Ce sch\u00e9ma oriente les politiques du D\u00e9partement pour les personnes \u00e2g\u00e9es et les personnes en situation de handicap pour les 5 ann\u00e9es \u00e0 venir. Amandine Germain, conseill\u00e8re d\u00e9partementale de Grenoble 4, est intervenue pour introduire la position du groupe UGES sur ce sch\u00e9ma. Si nous partageons certaines de ces orientations, des volets entiers ne sont que peu abord\u00e9s : le handicap, les places en EHPAD, le r\u00e9pit des aidant.es. De m\u00eame, ce sch\u00e9ma fait surtout office de d\u00e9claration d\u2019intentions plus que d\u2019un plan d\u2019actions chiffr\u00e9 et budg\u00e9t\u00e9. Sur ce point,  il y a de quoi s&rsquo;interroger au vu de la r\u00e9duction du budget d\u00e9di\u00e9 aux personnes \u00e2g\u00e9es pour 2023 vot\u00e9 par la majorit\u00e9 en d\u00e9cembre dernier, dans un contexte de recettes en hausse. <\/strong><\/p>\n\n\n\n<p>Nous le savons, l\u2019esp\u00e9rance de vie progresse, mais l\u2019esp\u00e9rance de vie en bonne sant\u00e9, elle, stagne&nbsp;: 65,9 ans pour les femmes et 64,4 ans pour les hommes. Ce constat clair, rappel\u00e9 dans le sch\u00e9ma de l\u2019autonomie et des handicaps, devrait conduire \u00e0 des politiques locales et nationales qui accompagnent mieux cette p\u00e9riode de vie. La r\u00e9forme des retraites impos\u00e9e par le gouvernement, sourd \u00e0 la mobilisation massive et l\u00e9gitime du peuple fran\u00e7ais, rel\u00e8ve d\u2019une logique purement comptable qui oublie finalement l\u2019\u00e9panouissement auquel chacun est en droit d\u2019aspirer apr\u00e8s plusieurs d\u00e9cennies d\u2019engagement et de travail. Dans une moindre mesure, le sch\u00e9ma d\u00e9partemental propos\u00e9 par votre majorit\u00e9, dont nous partageons le constat et certaines orientations, peine \u00e0 d\u00e9voiler de v\u00e9ritables moyens face \u00e0 cet immense d\u00e9fi. <\/p>\n\n\n\n<p>Alors que nous \u00e9tions en plein Covid, l\u2019ONU d\u00e9clarait la d\u00e9cennie 2021-2030 comme la \u00ab&nbsp;<em>d\u00e9cennie pour le vieillissement en bonne sant\u00e9<\/em>&nbsp;\u00bb, tandis qu\u2019en France le bien vieillir a \u00e9t\u00e9 annonc\u00e9 comme un axe de travail prioritaire du Conseil National de la Refondation. Nous attendons donc toujours du Gouvernement qu\u2019il mette enfin en place les dispositifs sur le grand \u00e2ge et l\u2019autonomie tant promis et sans cesse repouss\u00e9s.<\/p>\n\n\n\n<p>Perdre son autonomie, vieillir, vivre avec un handicap, ne doit pas se traduire par cette mise \u00e0 l\u2019\u00e9cart sur le plan social et par l\u2019absence de consid\u00e9ration des personnes et de leurs accompagnants. Long\u00e9vit\u00e9, incapacit\u00e9s, fragilit\u00e9s ne repr\u00e9sentent pas uniquement des co\u00fbts. Cette logique comptable, nous le savons, conduit \u00e0 une impasse et \u00e0 des risques graves de d\u00e9rives, que nous avons la responsabilit\u00e9 de d\u00e9noncer en proposant d\u2019autres voies dans lesquelles l\u2019humain doit \u00eatre la priorit\u00e9.<\/p>\n\n\n\n<p>C\u2019est dire l\u2019enjeu du sch\u00e9ma autonomie et des handicaps qui, au-del\u00e0 des aspects techniques pour ce qui rel\u00e8ve du m\u00e9dico-social, doit r\u00e9pondre \u00e0 cette exigence majeure du bien vivre et bien vieillir, quelle que soit sa condition, dans un contexte o\u00f9 l\u2019accompagnement des personnes est parfois indigne d\u2019un pays riche comme le n\u00f4tre. La responsabilit\u00e9 de ces d\u00e9faillances repose essentiellement sur le manque de moyens humains, donc le manque d\u2019investissement dans des emplois essentiels, non d\u00e9localisables et pourtant peu reconnus et valoris\u00e9s, alors m\u00eame que les familles paient pourtant des sommes exorbitantes.<\/p>\n\n\n\n<p>Concernant le sch\u00e9ma de l\u2019autonomie et des handicaps, si nous nous retrouvons sur quelques grandes lignes, <strong>nous regrettons que la question du handicap soit quasi absente des orientations propos\u00e9es<\/strong>.<\/p>\n\n\n\n<p>Nous souhaitons une soci\u00e9t\u00e9 plus inclusive, qui permette \u00e0 chacun d\u2019exercer sa citoyennet\u00e9, et nous pensons que les actions d\u2019aller-vers sont tout \u00e0 fait essentielles pour assurer la pr\u00e9vention des personnes. Sur ce point toutefois, la majorit\u00e9 mentionne le r\u00f4le majeur des aidants &#8211; et il l\u2019est -, en d\u00e9veloppant quelques pistes plut\u00f4t timides. Plus globalement sur ce point-l\u00e0, comme sur d\u2019autres, nous notons surtout des intentions, avec peu d\u2019actions concr\u00e8tes, aucun indicateur de suivi dans le temps, pas d\u2019objectifs partag\u00e9s et des moyens qui restent flous\u2026<strong>Ce qui nous fait dire que ce sch\u00e9ma fait surtout office de d\u00e9claration d\u2019intentions plus que d\u2019un plan d\u2019actions chiffr\u00e9 et budg\u00e9t\u00e9.<\/strong><\/p>\n\n\n\n<p>Comme la majorit\u00e9 d\u00e9partementale, nous soutenons la n\u00e9cessit\u00e9 de prendre en compte la situation individuelle de chacun, \u00e0 chaque \u00e9tape de son parcours de vie, pour y r\u00e9pondre au plus pr\u00e8s. A cet \u00e9gard, s\u2019il nous faut bien s\u00fbr conforter le maintien \u00e0 domicile, alors que 9 personnes sur 10 souhaitent vieillir chez elles (92% en Is\u00e8re),<strong> \u00ab&nbsp;<em>le virage domiciliaire<\/em>&nbsp;\u00bb tel que la majorit\u00e9 l\u2019\u00e9voque ne peut \u00eatre la seule r\u00e9ponse apport\u00e9e<\/strong>. Les EHPAD continuent d\u2019\u00eatre la solution pour les personnes tr\u00e8s d\u00e9pendantes ou aux pathologies lourdes. Rentrer en EHPAD est rarement un choix enthousiasmant, et la probl\u00e9matique ne se r\u00e9sume donc pas au bon vouloir des personnes. Dans la majeure partie du temps le choix d\u2019entrer en EHPAD est guid\u00e9 par la n\u00e9cessit\u00e9.<\/p>\n\n\n\n<p>Il nous faut donc conjuguer tous ces besoins sociaux&nbsp;: faciliter par tous les moyens, lorsque c\u2019est possible, le maintien \u00e0 domicile et imaginer des solutions innovantes en mati\u00e8re d\u2019h\u00e9bergement. A cet \u00e9gard, nous soutenons les initiatives en mati\u00e8re d\u2019habitat interm\u00e9diaire et inclusif, nous soutenons aussi le d\u00e9veloppement des r\u00e9sidences autonomie, des espaces de vie partag\u00e9s ou encore la modernisation de nos EHPAD. Cela n\u2019exclut pourtant pas la n\u00e9cessit\u00e9 d\u2019accompagner les \u00e9tablissements dont la situation financi\u00e8re est toujours tr\u00e8s fragile. Les taux directeurs des \u00e9tablissements que la majorit\u00e9 a vot\u00e9 ne permettent tout simplement pas aux \u00e9tablissements de faire face \u00e0 l\u2019inflation.<\/p>\n\n\n\n<p>Cela n\u2019exclut pas non plus de porter une ambition sur la cr\u00e9ation de nouvelles places en \u00e9tablissement. L\u2019inclusion, dont nous partageons pleinement les valeurs, ne doit jamais \u00eatre pr\u00e9texte \u00e0 r\u00e9duire les moyens des \u00e9tablissements, pour les personnes \u00e2g\u00e9es d\u00e9pendantes comme pour les personnes en situation de handicap (<em>\u00e0 cet \u00e9gard la d\u00e9cision de l\u2019Agence R\u00e9gionale de Sant\u00e9, donc l\u2019Etat! de supprimer 65 places en Institut M\u00e9dico Educatif est un scandale compte tenu des listes d\u2019attente dans notre d\u00e9partement<\/em>). <strong>Nous notons \u00e0 ce titre que le sujet des places est quasiment absente du sch\u00e9ma, prolongement du bilan d\u00e9sastreux de la majorit\u00e9 en la mati\u00e8re et certainement signe de sa r\u00e9signation face \u00e0 l\u2019Agence R\u00e9gionale de Sant\u00e9 (ARS).<\/strong><\/p>\n\n\n\n<ul class=\"wp-block-list\">\n<li>Dans le sch\u00e9ma 2016-2022, l&rsquo;objectif fix\u00e9 \u00e9tait de 1266 places en EHPAD, 200 en r\u00e9sidences autonomie, et 187 dans le champ du handicap. Le bilan est aujourd\u2019hui de 282 places en EHPAD ouvertes depuis 2016 dont la plupart \u00e9taient initi\u00e9es dans le pr\u00e9c\u00e9dent sch\u00e9ma port\u00e9 par Gis\u00e8le Perez alors VP en charge de l\u2019autonomie.<\/li>\n\n\n\n<li>La majorit\u00e9 a revu \u00e0 la baisse son ambition en f\u00e9vrier 2020, mais visiblement esp\u00e9rait encore, puisque Jean-Pierre Barbier indiquait dans un communiqu\u00e9 de presse avoir un objectif de cr\u00e9ation de 1000 places, mais cette fois EHPAD et R\u00e9sidences autonomie confondues.<\/li>\n\n\n\n<li>Aujourd\u2019hui, plus d\u2019objectifs, plus d\u2019ambition. La majorit\u00e9 d\u00e9partementale s&rsquo;est r\u00e9sign\u00e9e face au d\u00e9sengagement de l\u2019ARS de notre d\u00e9partement.<\/li>\n<\/ul>\n\n\n\n<p><strong>Comme Jean-Pierre Barbier aime le dire, il faut dire ce qu\u2019on fait et faire ce qu\u2019on dit. Mais quand la majorit\u00e9 ne fait rien et ne dit rien, nous on le dit.&nbsp;<\/strong><\/p>\n\n\n\n<p><strong>Finalement, ce sch\u00e9ma autonomie repose essentiellement sur les Services d\u2019Aide \u00e0 Domicile. <\/strong>Si la nouvelle organisation territoriale que propos\u00e9e peut sans doute \u00eatre pertinente<strong>, elle n\u2019\u00e9lude toutefois pas le fait que les choix budg\u00e9taires de la majorit\u00e9 ont fragilis\u00e9 ces structures.<\/strong><\/p>\n\n\n\n<p>Les \u00e9lu.es de la majorit\u00e9 font notamment le choix de ne pas financer plusieurs revalorisations de salaire dans le secteur (<em>avenant 44, 51, 52 aux accords de branche<\/em>) alors que la loi les y oblige ce qui met en difficult\u00e9 les structures employeurs. C\u2019est sans \u00e9voquer la question des bonus horaires ou des conditions de financement injustes de l\u2019avenant 43, celui que la majorit\u00e9 a daign\u00e9 compenser, mais en augmentant le tarif \u00e0 l\u2019usager contrairement \u00e0 quasiment tous les autres d\u00e9partements de France qui ont fait le choix d\u2019une dotation globale. <\/p>\n\n\n\n<p>Si nous partageons la plupart des grandes orientations de ce sch\u00e9ma, elles ne nous font pas oublier la r\u00e9duction de 6% du budget d\u00e9di\u00e9 aux personnes \u00e2g\u00e9es pour 2023 que la majorit\u00e9 a vot\u00e9 en d\u00e9cembre dernier, dans un contexte de recettes en hausse. Budget qui a des cons\u00e9quences directes sur la qualit\u00e9 du service rendu aux usagers comme sur leur facture.<\/p>\n","protected":false},"excerpt":{"rendered":"<p>Lors de la s\u00e9ance publique du 31 mars 2023, la majorit\u00e9 d\u00e9partementale a pr\u00e9sent\u00e9 les axes et orientations &hellip; <\/p>\n","protected":false},"author":8,"featured_media":683002,"comment_status":"open","ping_status":"open","sticky":false,"template":"","format":"standard","meta":{"footnotes":""},"categories":[9,110],"tags":[72,111,112],"class_list":["post-683001","post","type-post","status-publish","format-standard","has-post-thumbnail","hentry","category-action-sociale","category-seance-publique-mars-2023","tag-aide-a-domicile","tag-autonomie","tag-handicap"],"yoast_head":"<!-- This site is optimized with the Yoast SEO plugin v27.5 - https:\/\/yoast.com\/product\/yoast-seo-wordpress\/ -->\n<title>Nouveau sch\u00e9ma autonomie : une majorit\u00e9 d\u00e9partementale qui ne change pas les choses mais les mots ! - D\u00e9partement de l&#039;Is\u00e8re<\/title>\n<meta name=\"robots\" content=\"index, follow, max-snippet:-1, max-image-preview:large, max-video-preview:-1\" \/>\n<link rel=\"canonical\" href=\"https:\/\/www.uges-isere.fr\/index.php\/2023\/03\/31\/nouveau-schema-autonomie-une-majorite-departementale-qui-ne-change-pas-les-choses-mais-les-mots\/\" \/>\n<meta property=\"og:locale\" content=\"fr_FR\" \/>\n<meta property=\"og:type\" content=\"article\" \/>\n<meta property=\"og:title\" content=\"Nouveau sch\u00e9ma autonomie : une majorit\u00e9 d\u00e9partementale qui ne change pas les choses mais les mots ! - D\u00e9partement de l&#039;Is\u00e8re\" \/>\n<meta property=\"og:description\" content=\"Lors de la s\u00e9ance publique du 31 mars 2023, la majorit\u00e9 d\u00e9partementale a pr\u00e9sent\u00e9 les axes et orientations &hellip;\" \/>\n<meta property=\"og:url\" content=\"https:\/\/www.uges-isere.fr\/index.php\/2023\/03\/31\/nouveau-schema-autonomie-une-majorite-departementale-qui-ne-change-pas-les-choses-mais-les-mots\/\" \/>\n<meta property=\"og:site_name\" content=\"D\u00e9partement de l&#039;Is\u00e8re\" \/>\n<meta property=\"article:publisher\" content=\"https:\/\/www.facebook.com\/LePrintemps38\" \/>\n<meta property=\"article:published_time\" content=\"2023-03-31T13:27:09+00:00\" \/>\n<meta property=\"article:modified_time\" content=\"2023-04-03T10:02:36+00:00\" \/>\n<meta property=\"og:image\" content=\"https:\/\/www.uges-isere.fr\/wp-content\/uploads\/2023\/03\/Sans-titre-1-1024x819.png\" \/>\n\t<meta property=\"og:image:width\" content=\"1024\" \/>\n\t<meta property=\"og:image:height\" content=\"819\" \/>\n\t<meta property=\"og:image:type\" content=\"image\/png\" \/>\n<meta name=\"author\" content=\"ThibaudUGES38\" \/>\n<meta name=\"twitter:card\" content=\"summary_large_image\" \/>\n<meta name=\"twitter:creator\" content=\"@GroupeUGES38\" \/>\n<meta name=\"twitter:site\" content=\"@GroupeUGES38\" \/>\n<meta name=\"twitter:label1\" content=\"\u00c9crit par\" \/>\n\t<meta name=\"twitter:data1\" content=\"ThibaudUGES38\" \/>\n\t<meta name=\"twitter:label2\" content=\"Dur\u00e9e de lecture estim\u00e9e\" \/>\n\t<meta name=\"twitter:data2\" content=\"7 minutes\" \/>\n<script type=\"application\/ld+json\" class=\"yoast-schema-graph\">{\"@context\":\"https:\\\/\\\/schema.org\",\"@graph\":[{\"@type\":\"Article\",\"@id\":\"https:\\\/\\\/www.uges-isere.fr\\\/index.php\\\/2023\\\/03\\\/31\\\/nouveau-schema-autonomie-une-majorite-departementale-qui-ne-change-pas-les-choses-mais-les-mots\\\/#article\",\"isPartOf\":{\"@id\":\"https:\\\/\\\/www.uges-isere.fr\\\/index.php\\\/2023\\\/03\\\/31\\\/nouveau-schema-autonomie-une-majorite-departementale-qui-ne-change-pas-les-choses-mais-les-mots\\\/\"},\"author\":{\"name\":\"ThibaudUGES38\",\"@id\":\"https:\\\/\\\/www.uges-isere.fr\\\/#\\\/schema\\\/person\\\/a200926d67119314e8837b6a085de83a\"},\"headline\":\"Nouveau sch\u00e9ma autonomie : une majorit\u00e9 d\u00e9partementale qui ne change pas les choses mais les mots !\",\"datePublished\":\"2023-03-31T13:27:09+00:00\",\"dateModified\":\"2023-04-03T10:02:36+00:00\",\"mainEntityOfPage\":{\"@id\":\"https:\\\/\\\/www.uges-isere.fr\\\/index.php\\\/2023\\\/03\\\/31\\\/nouveau-schema-autonomie-une-majorite-departementale-qui-ne-change-pas-les-choses-mais-les-mots\\\/\"},\"wordCount\":1503,\"commentCount\":0,\"publisher\":{\"@id\":\"https:\\\/\\\/www.uges-isere.fr\\\/#organization\"},\"image\":{\"@id\":\"https:\\\/\\\/www.uges-isere.fr\\\/index.php\\\/2023\\\/03\\\/31\\\/nouveau-schema-autonomie-une-majorite-departementale-qui-ne-change-pas-les-choses-mais-les-mots\\\/#primaryimage\"},\"thumbnailUrl\":\"https:\\\/\\\/www.uges-isere.fr\\\/wp-content\\\/uploads\\\/2023\\\/03\\\/dddddddddddddddddddd.webp\",\"keywords\":[\"aide \u00e0 domicile\",\"autonomie\",\"handicap\"],\"articleSection\":[\"Action sociale\",\"S\u00e9ance Publique - Mars 2023\"],\"inLanguage\":\"fr-FR\",\"potentialAction\":[{\"@type\":\"CommentAction\",\"name\":\"Comment\",\"target\":[\"https:\\\/\\\/www.uges-isere.fr\\\/index.php\\\/2023\\\/03\\\/31\\\/nouveau-schema-autonomie-une-majorite-departementale-qui-ne-change-pas-les-choses-mais-les-mots\\\/#respond\"]}]},{\"@type\":\"WebPage\",\"@id\":\"https:\\\/\\\/www.uges-isere.fr\\\/index.php\\\/2023\\\/03\\\/31\\\/nouveau-schema-autonomie-une-majorite-departementale-qui-ne-change-pas-les-choses-mais-les-mots\\\/\",\"url\":\"https:\\\/\\\/www.uges-isere.fr\\\/index.php\\\/2023\\\/03\\\/31\\\/nouveau-schema-autonomie-une-majorite-departementale-qui-ne-change-pas-les-choses-mais-les-mots\\\/\",\"name\":\"Nouveau sch\u00e9ma autonomie : une majorit\u00e9 d\u00e9partementale qui ne change pas les choses mais les mots ! - D\u00e9partement de l&#039;Is\u00e8re\",\"isPartOf\":{\"@id\":\"https:\\\/\\\/www.uges-isere.fr\\\/#website\"},\"primaryImageOfPage\":{\"@id\":\"https:\\\/\\\/www.uges-isere.fr\\\/index.php\\\/2023\\\/03\\\/31\\\/nouveau-schema-autonomie-une-majorite-departementale-qui-ne-change-pas-les-choses-mais-les-mots\\\/#primaryimage\"},\"image\":{\"@id\":\"https:\\\/\\\/www.uges-isere.fr\\\/index.php\\\/2023\\\/03\\\/31\\\/nouveau-schema-autonomie-une-majorite-departementale-qui-ne-change-pas-les-choses-mais-les-mots\\\/#primaryimage\"},\"thumbnailUrl\":\"https:\\\/\\\/www.uges-isere.fr\\\/wp-content\\\/uploads\\\/2023\\\/03\\\/dddddddddddddddddddd.webp\",\"datePublished\":\"2023-03-31T13:27:09+00:00\",\"dateModified\":\"2023-04-03T10:02:36+00:00\",\"breadcrumb\":{\"@id\":\"https:\\\/\\\/www.uges-isere.fr\\\/index.php\\\/2023\\\/03\\\/31\\\/nouveau-schema-autonomie-une-majorite-departementale-qui-ne-change-pas-les-choses-mais-les-mots\\\/#breadcrumb\"},\"inLanguage\":\"fr-FR\",\"potentialAction\":[{\"@type\":\"ReadAction\",\"target\":[\"https:\\\/\\\/www.uges-isere.fr\\\/index.php\\\/2023\\\/03\\\/31\\\/nouveau-schema-autonomie-une-majorite-departementale-qui-ne-change-pas-les-choses-mais-les-mots\\\/\"]}]},{\"@type\":\"ImageObject\",\"inLanguage\":\"fr-FR\",\"@id\":\"https:\\\/\\\/www.uges-isere.fr\\\/index.php\\\/2023\\\/03\\\/31\\\/nouveau-schema-autonomie-une-majorite-departementale-qui-ne-change-pas-les-choses-mais-les-mots\\\/#primaryimage\",\"url\":\"https:\\\/\\\/www.uges-isere.fr\\\/wp-content\\\/uploads\\\/2023\\\/03\\\/dddddddddddddddddddd.webp\",\"contentUrl\":\"https:\\\/\\\/www.uges-isere.fr\\\/wp-content\\\/uploads\\\/2023\\\/03\\\/dddddddddddddddddddd.webp\",\"width\":600,\"height\":400},{\"@type\":\"BreadcrumbList\",\"@id\":\"https:\\\/\\\/www.uges-isere.fr\\\/index.php\\\/2023\\\/03\\\/31\\\/nouveau-schema-autonomie-une-majorite-departementale-qui-ne-change-pas-les-choses-mais-les-mots\\\/#breadcrumb\",\"itemListElement\":[{\"@type\":\"ListItem\",\"position\":1,\"name\":\"Accueil\",\"item\":\"https:\\\/\\\/www.uges-isere.fr\\\/\"},{\"@type\":\"ListItem\",\"position\":2,\"name\":\"Nouveau sch\u00e9ma autonomie : une majorit\u00e9 d\u00e9partementale qui ne change pas les choses mais les mots !\"}]},{\"@type\":\"WebSite\",\"@id\":\"https:\\\/\\\/www.uges-isere.fr\\\/#website\",\"url\":\"https:\\\/\\\/www.uges-isere.fr\\\/\",\"name\":\"D\u00e9partement de l&#039;Is\u00e8re\",\"description\":\"Groupe d&#039;opposition UGES\",\"publisher\":{\"@id\":\"https:\\\/\\\/www.uges-isere.fr\\\/#organization\"},\"potentialAction\":[{\"@type\":\"SearchAction\",\"target\":{\"@type\":\"EntryPoint\",\"urlTemplate\":\"https:\\\/\\\/www.uges-isere.fr\\\/?s={search_term_string}\"},\"query-input\":{\"@type\":\"PropertyValueSpecification\",\"valueRequired\":true,\"valueName\":\"search_term_string\"}}],\"inLanguage\":\"fr-FR\"},{\"@type\":\"Organization\",\"@id\":\"https:\\\/\\\/www.uges-isere.fr\\\/#organization\",\"name\":\"D\u00e9partement de l'Is\u00e8re\",\"url\":\"https:\\\/\\\/www.uges-isere.fr\\\/\",\"logo\":{\"@type\":\"ImageObject\",\"inLanguage\":\"fr-FR\",\"@id\":\"https:\\\/\\\/www.uges-isere.fr\\\/#\\\/schema\\\/logo\\\/image\\\/\",\"url\":\"https:\\\/\\\/www.uges-isere.fr\\\/wp-content\\\/uploads\\\/2021\\\/10\\\/logo-ok.png\",\"contentUrl\":\"https:\\\/\\\/www.uges-isere.fr\\\/wp-content\\\/uploads\\\/2021\\\/10\\\/logo-ok.png\",\"width\":2859,\"height\":1816,\"caption\":\"D\u00e9partement de l'Is\u00e8re\"},\"image\":{\"@id\":\"https:\\\/\\\/www.uges-isere.fr\\\/#\\\/schema\\\/logo\\\/image\\\/\"},\"sameAs\":[\"https:\\\/\\\/www.facebook.com\\\/LePrintemps38\",\"https:\\\/\\\/x.com\\\/GroupeUGES38\"]},{\"@type\":\"Person\",\"@id\":\"https:\\\/\\\/www.uges-isere.fr\\\/#\\\/schema\\\/person\\\/a200926d67119314e8837b6a085de83a\",\"name\":\"ThibaudUGES38\",\"image\":{\"@type\":\"ImageObject\",\"inLanguage\":\"fr-FR\",\"@id\":\"https:\\\/\\\/secure.gravatar.com\\\/avatar\\\/e182ebfe597e409aafe3378f828607b2b757ed94a3489b20112818296e03b151?s=96&d=mm&r=g\",\"url\":\"https:\\\/\\\/secure.gravatar.com\\\/avatar\\\/e182ebfe597e409aafe3378f828607b2b757ed94a3489b20112818296e03b151?s=96&d=mm&r=g\",\"contentUrl\":\"https:\\\/\\\/secure.gravatar.com\\\/avatar\\\/e182ebfe597e409aafe3378f828607b2b757ed94a3489b20112818296e03b151?s=96&d=mm&r=g\",\"caption\":\"ThibaudUGES38\"},\"url\":\"https:\\\/\\\/www.uges-isere.fr\\\/index.php\\\/author\\\/thibauduges38\\\/\"}]}<\/script>\n<!-- \/ Yoast SEO plugin. -->","yoast_head_json":{"title":"Nouveau sch\u00e9ma autonomie : une majorit\u00e9 d\u00e9partementale qui ne change pas les choses mais les mots ! - D\u00e9partement de l&#039;Is\u00e8re","robots":{"index":"index","follow":"follow","max-snippet":"max-snippet:-1","max-image-preview":"max-image-preview:large","max-video-preview":"max-video-preview:-1"},"canonical":"https:\/\/www.uges-isere.fr\/index.php\/2023\/03\/31\/nouveau-schema-autonomie-une-majorite-departementale-qui-ne-change-pas-les-choses-mais-les-mots\/","og_locale":"fr_FR","og_type":"article","og_title":"Nouveau sch\u00e9ma autonomie : une majorit\u00e9 d\u00e9partementale qui ne change pas les choses mais les mots ! - D\u00e9partement de l&#039;Is\u00e8re","og_description":"Lors de la s\u00e9ance publique du 31 mars 2023, la majorit\u00e9 d\u00e9partementale a pr\u00e9sent\u00e9 les axes et orientations &hellip;","og_url":"https:\/\/www.uges-isere.fr\/index.php\/2023\/03\/31\/nouveau-schema-autonomie-une-majorite-departementale-qui-ne-change-pas-les-choses-mais-les-mots\/","og_site_name":"D\u00e9partement de l&#039;Is\u00e8re","article_publisher":"https:\/\/www.facebook.com\/LePrintemps38","article_published_time":"2023-03-31T13:27:09+00:00","article_modified_time":"2023-04-03T10:02:36+00:00","og_image":[{"width":1024,"height":819,"url":"https:\/\/www.uges-isere.fr\/wp-content\/uploads\/2023\/03\/Sans-titre-1-1024x819.png","type":"image\/png"}],"author":"ThibaudUGES38","twitter_card":"summary_large_image","twitter_creator":"@GroupeUGES38","twitter_site":"@GroupeUGES38","twitter_misc":{"\u00c9crit par":"ThibaudUGES38","Dur\u00e9e de lecture estim\u00e9e":"7 minutes"},"schema":{"@context":"https:\/\/schema.org","@graph":[{"@type":"Article","@id":"https:\/\/www.uges-isere.fr\/index.php\/2023\/03\/31\/nouveau-schema-autonomie-une-majorite-departementale-qui-ne-change-pas-les-choses-mais-les-mots\/#article","isPartOf":{"@id":"https:\/\/www.uges-isere.fr\/index.php\/2023\/03\/31\/nouveau-schema-autonomie-une-majorite-departementale-qui-ne-change-pas-les-choses-mais-les-mots\/"},"author":{"name":"ThibaudUGES38","@id":"https:\/\/www.uges-isere.fr\/#\/schema\/person\/a200926d67119314e8837b6a085de83a"},"headline":"Nouveau sch\u00e9ma autonomie : une majorit\u00e9 d\u00e9partementale qui ne change pas les choses mais les mots !","datePublished":"2023-03-31T13:27:09+00:00","dateModified":"2023-04-03T10:02:36+00:00","mainEntityOfPage":{"@id":"https:\/\/www.uges-isere.fr\/index.php\/2023\/03\/31\/nouveau-schema-autonomie-une-majorite-departementale-qui-ne-change-pas-les-choses-mais-les-mots\/"},"wordCount":1503,"commentCount":0,"publisher":{"@id":"https:\/\/www.uges-isere.fr\/#organization"},"image":{"@id":"https:\/\/www.uges-isere.fr\/index.php\/2023\/03\/31\/nouveau-schema-autonomie-une-majorite-departementale-qui-ne-change-pas-les-choses-mais-les-mots\/#primaryimage"},"thumbnailUrl":"https:\/\/www.uges-isere.fr\/wp-content\/uploads\/2023\/03\/dddddddddddddddddddd.webp","keywords":["aide \u00e0 domicile","autonomie","handicap"],"articleSection":["Action sociale","S\u00e9ance Publique - Mars 2023"],"inLanguage":"fr-FR","potentialAction":[{"@type":"CommentAction","name":"Comment","target":["https:\/\/www.uges-isere.fr\/index.php\/2023\/03\/31\/nouveau-schema-autonomie-une-majorite-departementale-qui-ne-change-pas-les-choses-mais-les-mots\/#respond"]}]},{"@type":"WebPage","@id":"https:\/\/www.uges-isere.fr\/index.php\/2023\/03\/31\/nouveau-schema-autonomie-une-majorite-departementale-qui-ne-change-pas-les-choses-mais-les-mots\/","url":"https:\/\/www.uges-isere.fr\/index.php\/2023\/03\/31\/nouveau-schema-autonomie-une-majorite-departementale-qui-ne-change-pas-les-choses-mais-les-mots\/","name":"Nouveau sch\u00e9ma autonomie : une majorit\u00e9 d\u00e9partementale qui ne change pas les choses mais les mots ! - D\u00e9partement de l&#039;Is\u00e8re","isPartOf":{"@id":"https:\/\/www.uges-isere.fr\/#website"},"primaryImageOfPage":{"@id":"https:\/\/www.uges-isere.fr\/index.php\/2023\/03\/31\/nouveau-schema-autonomie-une-majorite-departementale-qui-ne-change-pas-les-choses-mais-les-mots\/#primaryimage"},"image":{"@id":"https:\/\/www.uges-isere.fr\/index.php\/2023\/03\/31\/nouveau-schema-autonomie-une-majorite-departementale-qui-ne-change-pas-les-choses-mais-les-mots\/#primaryimage"},"thumbnailUrl":"https:\/\/www.uges-isere.fr\/wp-content\/uploads\/2023\/03\/dddddddddddddddddddd.webp","datePublished":"2023-03-31T13:27:09+00:00","dateModified":"2023-04-03T10:02:36+00:00","breadcrumb":{"@id":"https:\/\/www.uges-isere.fr\/index.php\/2023\/03\/31\/nouveau-schema-autonomie-une-majorite-departementale-qui-ne-change-pas-les-choses-mais-les-mots\/#breadcrumb"},"inLanguage":"fr-FR","potentialAction":[{"@type":"ReadAction","target":["https:\/\/www.uges-isere.fr\/index.php\/2023\/03\/31\/nouveau-schema-autonomie-une-majorite-departementale-qui-ne-change-pas-les-choses-mais-les-mots\/"]}]},{"@type":"ImageObject","inLanguage":"fr-FR","@id":"https:\/\/www.uges-isere.fr\/index.php\/2023\/03\/31\/nouveau-schema-autonomie-une-majorite-departementale-qui-ne-change-pas-les-choses-mais-les-mots\/#primaryimage","url":"https:\/\/www.uges-isere.fr\/wp-content\/uploads\/2023\/03\/dddddddddddddddddddd.webp","contentUrl":"https:\/\/www.uges-isere.fr\/wp-content\/uploads\/2023\/03\/dddddddddddddddddddd.webp","width":600,"height":400},{"@type":"BreadcrumbList","@id":"https:\/\/www.uges-isere.fr\/index.php\/2023\/03\/31\/nouveau-schema-autonomie-une-majorite-departementale-qui-ne-change-pas-les-choses-mais-les-mots\/#breadcrumb","itemListElement":[{"@type":"ListItem","position":1,"name":"Accueil","item":"https:\/\/www.uges-isere.fr\/"},{"@type":"ListItem","position":2,"name":"Nouveau sch\u00e9ma autonomie : une majorit\u00e9 d\u00e9partementale qui ne change pas les choses mais les mots !"}]},{"@type":"WebSite","@id":"https:\/\/www.uges-isere.fr\/#website","url":"https:\/\/www.uges-isere.fr\/","name":"D\u00e9partement de l&#039;Is\u00e8re","description":"Groupe d&#039;opposition UGES","publisher":{"@id":"https:\/\/www.uges-isere.fr\/#organization"},"potentialAction":[{"@type":"SearchAction","target":{"@type":"EntryPoint","urlTemplate":"https:\/\/www.uges-isere.fr\/?s={search_term_string}"},"query-input":{"@type":"PropertyValueSpecification","valueRequired":true,"valueName":"search_term_string"}}],"inLanguage":"fr-FR"},{"@type":"Organization","@id":"https:\/\/www.uges-isere.fr\/#organization","name":"D\u00e9partement de l'Is\u00e8re","url":"https:\/\/www.uges-isere.fr\/","logo":{"@type":"ImageObject","inLanguage":"fr-FR","@id":"https:\/\/www.uges-isere.fr\/#\/schema\/logo\/image\/","url":"https:\/\/www.uges-isere.fr\/wp-content\/uploads\/2021\/10\/logo-ok.png","contentUrl":"https:\/\/www.uges-isere.fr\/wp-content\/uploads\/2021\/10\/logo-ok.png","width":2859,"height":1816,"caption":"D\u00e9partement de l'Is\u00e8re"},"image":{"@id":"https:\/\/www.uges-isere.fr\/#\/schema\/logo\/image\/"},"sameAs":["https:\/\/www.facebook.com\/LePrintemps38","https:\/\/x.com\/GroupeUGES38"]},{"@type":"Person","@id":"https:\/\/www.uges-isere.fr\/#\/schema\/person\/a200926d67119314e8837b6a085de83a","name":"ThibaudUGES38","image":{"@type":"ImageObject","inLanguage":"fr-FR","@id":"https:\/\/secure.gravatar.com\/avatar\/e182ebfe597e409aafe3378f828607b2b757ed94a3489b20112818296e03b151?s=96&d=mm&r=g","url":"https:\/\/secure.gravatar.com\/avatar\/e182ebfe597e409aafe3378f828607b2b757ed94a3489b20112818296e03b151?s=96&d=mm&r=g","contentUrl":"https:\/\/secure.gravatar.com\/avatar\/e182ebfe597e409aafe3378f828607b2b757ed94a3489b20112818296e03b151?s=96&d=mm&r=g","caption":"ThibaudUGES38"},"url":"https:\/\/www.uges-isere.fr\/index.php\/author\/thibauduges38\/"}]}},"_links":{"self":[{"href":"https:\/\/www.uges-isere.fr\/index.php\/wp-json\/wp\/v2\/posts\/683001","targetHints":{"allow":["GET"]}}],"collection":[{"href":"https:\/\/www.uges-isere.fr\/index.php\/wp-json\/wp\/v2\/posts"}],"about":[{"href":"https:\/\/www.uges-isere.fr\/index.php\/wp-json\/wp\/v2\/types\/post"}],"author":[{"embeddable":true,"href":"https:\/\/www.uges-isere.fr\/index.php\/wp-json\/wp\/v2\/users\/8"}],"replies":[{"embeddable":true,"href":"https:\/\/www.uges-isere.fr\/index.php\/wp-json\/wp\/v2\/comments?post=683001"}],"version-history":[{"count":2,"href":"https:\/\/www.uges-isere.fr\/index.php\/wp-json\/wp\/v2\/posts\/683001\/revisions"}],"predecessor-version":[{"id":683035,"href":"https:\/\/www.uges-isere.fr\/index.php\/wp-json\/wp\/v2\/posts\/683001\/revisions\/683035"}],"wp:featuredmedia":[{"embeddable":true,"href":"https:\/\/www.uges-isere.fr\/index.php\/wp-json\/wp\/v2\/media\/683002"}],"wp:attachment":[{"href":"https:\/\/www.uges-isere.fr\/index.php\/wp-json\/wp\/v2\/media?parent=683001"}],"wp:term":[{"taxonomy":"category","embeddable":true,"href":"https:\/\/www.uges-isere.fr\/index.php\/wp-json\/wp\/v2\/categories?post=683001"},{"taxonomy":"post_tag","embeddable":true,"href":"https:\/\/www.uges-isere.fr\/index.php\/wp-json\/wp\/v2\/tags?post=683001"}],"curies":[{"name":"wp","href":"https:\/\/api.w.org\/{rel}","templated":true}]}}