{"id":682821,"date":"2022-11-24T12:39:00","date_gmt":"2022-11-24T11:39:00","guid":{"rendered":"https:\/\/www.uges-isere.fr\/?p=682821"},"modified":"2023-02-15T14:36:42","modified_gmt":"2023-02-15T13:36:42","slug":"pour-un-departement-aux-cotes-des-personnes-agees-et-handicapees","status":"publish","type":"post","link":"https:\/\/www.uges-isere.fr\/index.php\/2022\/11\/24\/pour-un-departement-aux-cotes-des-personnes-agees-et-handicapees\/","title":{"rendered":"Pour un D\u00e9partement aux c\u00f4t\u00e9s des personnes \u00e2g\u00e9es et handicap\u00e9es"},"content":{"rendered":"\n<p><strong>Lors du D\u00e9part d&rsquo;orientation budg\u00e9taire, Sophie Romera, conseill\u00e8re d\u00e9partementale de Grenoble 1, est intervenue pour faire part de l&rsquo;attention port\u00e9e par les \u00e9lu.e.s UGES \u00e0 l&rsquo;action du D\u00e9partement aupr\u00e8s des personnes \u00e2g\u00e9es et handicap\u00e9es. En coh\u00e9rence avec le positionnement du groupe sur la tarification 2023 Enfance et Famille, les \u00e9lu.e.s UGES sont \u00e9galement tr\u00e8s mobilis\u00e9.e.s sur le soutien aux \u00e9tablissements et services d\u00e9di\u00e9s aux personnes \u00e2g\u00e9es et handicap\u00e9es.<\/strong><\/p>\n\n\n\n<p>L\u2019\u00e9chelle de proximit\u00e9 que constitue le D\u00e9partement est primordiale dans l\u2019accompagnement au quotidien de ces structures et services, mais aussi des is\u00e9roises et des is\u00e9rois qui les fr\u00e9quentent ou les utilisent.<\/p>\n\n\n\n<p>Sans un soutien de taille du service public, ces \u00e9tablissements iront aux devants de grandes difficult\u00e9s et seront contraints de r\u00e9percuter sur l\u2019usager les besoins de recettes n\u00e9cessaires \u00e0 leur fonctionnement. Nous parlons ici des personnes \u00e2g\u00e9es et handicap\u00e9es.<\/p>\n\n\n\n<p>Le contexte inflationniste actuel nous oblige : <strong>nous ne devons laisser personne au bord du chemin, ni \u00e9tablissement ni usager<\/strong>. Dans cette optique, l\u2019\u00e9volution du forfait d\u00e9pendance comprenant l\u2019augmentation du point GIR est tr\u00e8s positive. De m\u00eame, l\u2019incitation financi\u00e8re \u00e0 la cr\u00e9ation d\u2019unit\u00e9s personnes handicap\u00e9es \u00e2g\u00e9es et d\u2019unit\u00e9s g\u00e9rontopsychiatriques en Is\u00e8re est une d\u00e9marche innovante que nous saluons.<\/p>\n\n\n\n<p><strong>Les \u00e9lu.e.s UGES esp\u00e8rent que le taux d\u2019\u00e9volution de + 1,10 % propos\u00e9 par la majorit\u00e9 d\u00e9partementale r\u00e9pondra aux r\u00e9centes revalorisations salariales dans les \u00e9tablissements<\/strong>. N\u00e9anmoins, \u00e0 titre d\u2019exemple, la baisse des financements d\u00e9partementaux pour les r\u00e9sidences autonomie vot\u00e9e en septembre dernier en Commission Permanente (sur laquelle le groupe UGES s&rsquo;est abstenu et a alert\u00e9 la majorit\u00e9 d\u00e9partementale), conjugu\u00e9e \u00e0 la hausse des prix de l\u2019\u00e9nergie, <strong>pourrait engendrer des cons\u00e9quences directes sur les personnes \u00e2g\u00e9es r\u00e9sidentes<\/strong>, qui risquent de voir leur facture augmenter de fa\u00e7on cons\u00e9quente. C\u2019est d\u00e9j\u00e0 le cas \u00e0 certains endroits et <strong>nous y sommes vigilants<\/strong>.<\/p>\n\n\n\n<p>N\u2019oublions pas que les situations \u00e9conomiques et sociales des personnes \u00e2g\u00e9es et handicap\u00e9es sont loin d\u2019\u00eatre simples. <strong>Sans accompagnement fort des collectivit\u00e9s locales, elles ne pourraient pas se loger ou vivre d\u00e9cemment<\/strong>.<\/p>\n\n\n\n<p>Il est de notre de notre ressort et de notre comp\u00e9tence d\u2019agir, de fa\u00e7on ambitieuse. Nous avons, a minima, une obligation de moyens pour faire en sorte d\u2019adoucir leurs conditions de vie, leur permettre d\u2019oublier leurs difficult\u00e9s. En somme, les prot\u00e9ger pour qu\u2019ils et elles puissent vivre comme les autres. Par cons\u00e9quent, le groupe UGES reste attentif et s&rsquo;est abstenu sur ce rapport.<\/p>\n","protected":false},"excerpt":{"rendered":"<p>Lors du D\u00e9part d&rsquo;orientation budg\u00e9taire, Sophie Romera, conseill\u00e8re d\u00e9partementale de Grenoble 1, est intervenue pour faire part de &hellip; <\/p>\n","protected":false},"author":8,"featured_media":682823,"comment_status":"open","ping_status":"open","sticky":false,"template":"","format":"standard","meta":{"footnotes":""},"categories":[9,56],"tags":[92,71,91],"class_list":["post-682821","post","type-post","status-publish","format-standard","has-post-thumbnail","hentry","category-action-sociale","category-seance-publique-debat-dorientation-budgetaire-novembre-2022","tag-orientations-tarification","tag-personnes-agees","tag-personnes-handicapees"],"yoast_head":"<!-- This site is optimized with the Yoast SEO plugin v27.5 - https:\/\/yoast.com\/product\/yoast-seo-wordpress\/ -->\n<title>Pour un D\u00e9partement aux c\u00f4t\u00e9s des personnes \u00e2g\u00e9es et handicap\u00e9es - D\u00e9partement de l&#039;Is\u00e8re<\/title>\n<meta name=\"robots\" content=\"index, follow, max-snippet:-1, max-image-preview:large, max-video-preview:-1\" \/>\n<link rel=\"canonical\" href=\"https:\/\/www.uges-isere.fr\/index.php\/2022\/11\/24\/pour-un-departement-aux-cotes-des-personnes-agees-et-handicapees\/\" \/>\n<meta property=\"og:locale\" content=\"fr_FR\" \/>\n<meta property=\"og:type\" content=\"article\" \/>\n<meta property=\"og:title\" content=\"Pour un D\u00e9partement aux c\u00f4t\u00e9s des personnes \u00e2g\u00e9es et handicap\u00e9es - D\u00e9partement de l&#039;Is\u00e8re\" \/>\n<meta property=\"og:description\" content=\"Lors du D\u00e9part d&rsquo;orientation budg\u00e9taire, Sophie Romera, conseill\u00e8re d\u00e9partementale de Grenoble 1, est intervenue pour faire part de &hellip;\" \/>\n<meta property=\"og:url\" content=\"https:\/\/www.uges-isere.fr\/index.php\/2022\/11\/24\/pour-un-departement-aux-cotes-des-personnes-agees-et-handicapees\/\" \/>\n<meta property=\"og:site_name\" content=\"D\u00e9partement de l&#039;Is\u00e8re\" \/>\n<meta property=\"article:publisher\" content=\"https:\/\/www.facebook.com\/LePrintemps38\" \/>\n<meta property=\"article:published_time\" content=\"2022-11-24T11:39:00+00:00\" \/>\n<meta property=\"article:modified_time\" content=\"2023-02-15T13:36:42+00:00\" \/>\n<meta property=\"og:image\" content=\"https:\/\/www.uges-isere.fr\/wp-content\/uploads\/2022\/12\/vecteezy_doctor-or-nurse-caregiver-with-senior-man-in-a-wheelchair_11106346_100-scaled.jpg\" \/>\n\t<meta property=\"og:image:width\" content=\"2560\" \/>\n\t<meta property=\"og:image:height\" content=\"1180\" \/>\n\t<meta property=\"og:image:type\" content=\"image\/jpeg\" \/>\n<meta name=\"author\" content=\"ThibaudUGES38\" \/>\n<meta name=\"twitter:card\" content=\"summary_large_image\" \/>\n<meta name=\"twitter:creator\" content=\"@GroupeUGES38\" \/>\n<meta name=\"twitter:site\" content=\"@GroupeUGES38\" \/>\n<meta name=\"twitter:label1\" content=\"\u00c9crit par\" \/>\n\t<meta name=\"twitter:data1\" content=\"ThibaudUGES38\" \/>\n\t<meta name=\"twitter:label2\" content=\"Dur\u00e9e de lecture estim\u00e9e\" \/>\n\t<meta name=\"twitter:data2\" content=\"2 minutes\" \/>\n<script type=\"application\/ld+json\" class=\"yoast-schema-graph\">{\"@context\":\"https:\\\/\\\/schema.org\",\"@graph\":[{\"@type\":\"Article\",\"@id\":\"https:\\\/\\\/www.uges-isere.fr\\\/index.php\\\/2022\\\/11\\\/24\\\/pour-un-departement-aux-cotes-des-personnes-agees-et-handicapees\\\/#article\",\"isPartOf\":{\"@id\":\"https:\\\/\\\/www.uges-isere.fr\\\/index.php\\\/2022\\\/11\\\/24\\\/pour-un-departement-aux-cotes-des-personnes-agees-et-handicapees\\\/\"},\"author\":{\"name\":\"ThibaudUGES38\",\"@id\":\"https:\\\/\\\/www.uges-isere.fr\\\/#\\\/schema\\\/person\\\/a200926d67119314e8837b6a085de83a\"},\"headline\":\"Pour un D\u00e9partement aux c\u00f4t\u00e9s des personnes \u00e2g\u00e9es et handicap\u00e9es\",\"datePublished\":\"2022-11-24T11:39:00+00:00\",\"dateModified\":\"2023-02-15T13:36:42+00:00\",\"mainEntityOfPage\":{\"@id\":\"https:\\\/\\\/www.uges-isere.fr\\\/index.php\\\/2022\\\/11\\\/24\\\/pour-un-departement-aux-cotes-des-personnes-agees-et-handicapees\\\/\"},\"wordCount\":479,\"commentCount\":0,\"publisher\":{\"@id\":\"https:\\\/\\\/www.uges-isere.fr\\\/#organization\"},\"image\":{\"@id\":\"https:\\\/\\\/www.uges-isere.fr\\\/index.php\\\/2022\\\/11\\\/24\\\/pour-un-departement-aux-cotes-des-personnes-agees-et-handicapees\\\/#primaryimage\"},\"thumbnailUrl\":\"https:\\\/\\\/www.uges-isere.fr\\\/wp-content\\\/uploads\\\/2022\\\/12\\\/vecteezy_doctor-or-nurse-caregiver-with-senior-man-in-a-wheelchair_11106346_100-scaled.jpg\",\"keywords\":[\"orientations tarification\",\"personnes \u00e2g\u00e9es\",\"personnes handicap\u00e9es\"],\"articleSection\":[\"Action sociale\",\"S\u00e9ance Publique (D\u00e9bat d'orientation budg\u00e9taire 2023) - Novembre 2022\"],\"inLanguage\":\"fr-FR\",\"potentialAction\":[{\"@type\":\"CommentAction\",\"name\":\"Comment\",\"target\":[\"https:\\\/\\\/www.uges-isere.fr\\\/index.php\\\/2022\\\/11\\\/24\\\/pour-un-departement-aux-cotes-des-personnes-agees-et-handicapees\\\/#respond\"]}]},{\"@type\":\"WebPage\",\"@id\":\"https:\\\/\\\/www.uges-isere.fr\\\/index.php\\\/2022\\\/11\\\/24\\\/pour-un-departement-aux-cotes-des-personnes-agees-et-handicapees\\\/\",\"url\":\"https:\\\/\\\/www.uges-isere.fr\\\/index.php\\\/2022\\\/11\\\/24\\\/pour-un-departement-aux-cotes-des-personnes-agees-et-handicapees\\\/\",\"name\":\"Pour un D\u00e9partement aux c\u00f4t\u00e9s des personnes \u00e2g\u00e9es et handicap\u00e9es - D\u00e9partement de l&#039;Is\u00e8re\",\"isPartOf\":{\"@id\":\"https:\\\/\\\/www.uges-isere.fr\\\/#website\"},\"primaryImageOfPage\":{\"@id\":\"https:\\\/\\\/www.uges-isere.fr\\\/index.php\\\/2022\\\/11\\\/24\\\/pour-un-departement-aux-cotes-des-personnes-agees-et-handicapees\\\/#primaryimage\"},\"image\":{\"@id\":\"https:\\\/\\\/www.uges-isere.fr\\\/index.php\\\/2022\\\/11\\\/24\\\/pour-un-departement-aux-cotes-des-personnes-agees-et-handicapees\\\/#primaryimage\"},\"thumbnailUrl\":\"https:\\\/\\\/www.uges-isere.fr\\\/wp-content\\\/uploads\\\/2022\\\/12\\\/vecteezy_doctor-or-nurse-caregiver-with-senior-man-in-a-wheelchair_11106346_100-scaled.jpg\",\"datePublished\":\"2022-11-24T11:39:00+00:00\",\"dateModified\":\"2023-02-15T13:36:42+00:00\",\"breadcrumb\":{\"@id\":\"https:\\\/\\\/www.uges-isere.fr\\\/index.php\\\/2022\\\/11\\\/24\\\/pour-un-departement-aux-cotes-des-personnes-agees-et-handicapees\\\/#breadcrumb\"},\"inLanguage\":\"fr-FR\",\"potentialAction\":[{\"@type\":\"ReadAction\",\"target\":[\"https:\\\/\\\/www.uges-isere.fr\\\/index.php\\\/2022\\\/11\\\/24\\\/pour-un-departement-aux-cotes-des-personnes-agees-et-handicapees\\\/\"]}]},{\"@type\":\"ImageObject\",\"inLanguage\":\"fr-FR\",\"@id\":\"https:\\\/\\\/www.uges-isere.fr\\\/index.php\\\/2022\\\/11\\\/24\\\/pour-un-departement-aux-cotes-des-personnes-agees-et-handicapees\\\/#primaryimage\",\"url\":\"https:\\\/\\\/www.uges-isere.fr\\\/wp-content\\\/uploads\\\/2022\\\/12\\\/vecteezy_doctor-or-nurse-caregiver-with-senior-man-in-a-wheelchair_11106346_100-scaled.jpg\",\"contentUrl\":\"https:\\\/\\\/www.uges-isere.fr\\\/wp-content\\\/uploads\\\/2022\\\/12\\\/vecteezy_doctor-or-nurse-caregiver-with-senior-man-in-a-wheelchair_11106346_100-scaled.jpg\",\"width\":2560,\"height\":1180,\"caption\":\"Doctor or nurse caregiver with senior man in a wheelchair wearing protective masks at home or nursing home\"},{\"@type\":\"BreadcrumbList\",\"@id\":\"https:\\\/\\\/www.uges-isere.fr\\\/index.php\\\/2022\\\/11\\\/24\\\/pour-un-departement-aux-cotes-des-personnes-agees-et-handicapees\\\/#breadcrumb\",\"itemListElement\":[{\"@type\":\"ListItem\",\"position\":1,\"name\":\"Accueil\",\"item\":\"https:\\\/\\\/www.uges-isere.fr\\\/\"},{\"@type\":\"ListItem\",\"position\":2,\"name\":\"Pour un D\u00e9partement aux c\u00f4t\u00e9s des personnes \u00e2g\u00e9es et handicap\u00e9es\"}]},{\"@type\":\"WebSite\",\"@id\":\"https:\\\/\\\/www.uges-isere.fr\\\/#website\",\"url\":\"https:\\\/\\\/www.uges-isere.fr\\\/\",\"name\":\"D\u00e9partement de l&#039;Is\u00e8re\",\"description\":\"Groupe d&#039;opposition UGES\",\"publisher\":{\"@id\":\"https:\\\/\\\/www.uges-isere.fr\\\/#organization\"},\"potentialAction\":[{\"@type\":\"SearchAction\",\"target\":{\"@type\":\"EntryPoint\",\"urlTemplate\":\"https:\\\/\\\/www.uges-isere.fr\\\/?s={search_term_string}\"},\"query-input\":{\"@type\":\"PropertyValueSpecification\",\"valueRequired\":true,\"valueName\":\"search_term_string\"}}],\"inLanguage\":\"fr-FR\"},{\"@type\":\"Organization\",\"@id\":\"https:\\\/\\\/www.uges-isere.fr\\\/#organization\",\"name\":\"D\u00e9partement de l'Is\u00e8re\",\"url\":\"https:\\\/\\\/www.uges-isere.fr\\\/\",\"logo\":{\"@type\":\"ImageObject\",\"inLanguage\":\"fr-FR\",\"@id\":\"https:\\\/\\\/www.uges-isere.fr\\\/#\\\/schema\\\/logo\\\/image\\\/\",\"url\":\"https:\\\/\\\/www.uges-isere.fr\\\/wp-content\\\/uploads\\\/2021\\\/10\\\/logo-ok.png\",\"contentUrl\":\"https:\\\/\\\/www.uges-isere.fr\\\/wp-content\\\/uploads\\\/2021\\\/10\\\/logo-ok.png\",\"width\":2859,\"height\":1816,\"caption\":\"D\u00e9partement de l'Is\u00e8re\"},\"image\":{\"@id\":\"https:\\\/\\\/www.uges-isere.fr\\\/#\\\/schema\\\/logo\\\/image\\\/\"},\"sameAs\":[\"https:\\\/\\\/www.facebook.com\\\/LePrintemps38\",\"https:\\\/\\\/x.com\\\/GroupeUGES38\"]},{\"@type\":\"Person\",\"@id\":\"https:\\\/\\\/www.uges-isere.fr\\\/#\\\/schema\\\/person\\\/a200926d67119314e8837b6a085de83a\",\"name\":\"ThibaudUGES38\",\"image\":{\"@type\":\"ImageObject\",\"inLanguage\":\"fr-FR\",\"@id\":\"https:\\\/\\\/secure.gravatar.com\\\/avatar\\\/e182ebfe597e409aafe3378f828607b2b757ed94a3489b20112818296e03b151?s=96&d=mm&r=g\",\"url\":\"https:\\\/\\\/secure.gravatar.com\\\/avatar\\\/e182ebfe597e409aafe3378f828607b2b757ed94a3489b20112818296e03b151?s=96&d=mm&r=g\",\"contentUrl\":\"https:\\\/\\\/secure.gravatar.com\\\/avatar\\\/e182ebfe597e409aafe3378f828607b2b757ed94a3489b20112818296e03b151?s=96&d=mm&r=g\",\"caption\":\"ThibaudUGES38\"},\"url\":\"https:\\\/\\\/www.uges-isere.fr\\\/index.php\\\/author\\\/thibauduges38\\\/\"}]}<\/script>\n<!-- \/ Yoast SEO plugin. -->","yoast_head_json":{"title":"Pour un D\u00e9partement aux c\u00f4t\u00e9s des personnes \u00e2g\u00e9es et handicap\u00e9es - D\u00e9partement de l&#039;Is\u00e8re","robots":{"index":"index","follow":"follow","max-snippet":"max-snippet:-1","max-image-preview":"max-image-preview:large","max-video-preview":"max-video-preview:-1"},"canonical":"https:\/\/www.uges-isere.fr\/index.php\/2022\/11\/24\/pour-un-departement-aux-cotes-des-personnes-agees-et-handicapees\/","og_locale":"fr_FR","og_type":"article","og_title":"Pour un D\u00e9partement aux c\u00f4t\u00e9s des personnes \u00e2g\u00e9es et handicap\u00e9es - D\u00e9partement de l&#039;Is\u00e8re","og_description":"Lors du D\u00e9part d&rsquo;orientation budg\u00e9taire, Sophie Romera, conseill\u00e8re d\u00e9partementale de Grenoble 1, est intervenue pour faire part de &hellip;","og_url":"https:\/\/www.uges-isere.fr\/index.php\/2022\/11\/24\/pour-un-departement-aux-cotes-des-personnes-agees-et-handicapees\/","og_site_name":"D\u00e9partement de l&#039;Is\u00e8re","article_publisher":"https:\/\/www.facebook.com\/LePrintemps38","article_published_time":"2022-11-24T11:39:00+00:00","article_modified_time":"2023-02-15T13:36:42+00:00","og_image":[{"width":2560,"height":1180,"url":"https:\/\/www.uges-isere.fr\/wp-content\/uploads\/2022\/12\/vecteezy_doctor-or-nurse-caregiver-with-senior-man-in-a-wheelchair_11106346_100-scaled.jpg","type":"image\/jpeg"}],"author":"ThibaudUGES38","twitter_card":"summary_large_image","twitter_creator":"@GroupeUGES38","twitter_site":"@GroupeUGES38","twitter_misc":{"\u00c9crit par":"ThibaudUGES38","Dur\u00e9e de lecture estim\u00e9e":"2 minutes"},"schema":{"@context":"https:\/\/schema.org","@graph":[{"@type":"Article","@id":"https:\/\/www.uges-isere.fr\/index.php\/2022\/11\/24\/pour-un-departement-aux-cotes-des-personnes-agees-et-handicapees\/#article","isPartOf":{"@id":"https:\/\/www.uges-isere.fr\/index.php\/2022\/11\/24\/pour-un-departement-aux-cotes-des-personnes-agees-et-handicapees\/"},"author":{"name":"ThibaudUGES38","@id":"https:\/\/www.uges-isere.fr\/#\/schema\/person\/a200926d67119314e8837b6a085de83a"},"headline":"Pour un D\u00e9partement aux c\u00f4t\u00e9s des personnes \u00e2g\u00e9es et handicap\u00e9es","datePublished":"2022-11-24T11:39:00+00:00","dateModified":"2023-02-15T13:36:42+00:00","mainEntityOfPage":{"@id":"https:\/\/www.uges-isere.fr\/index.php\/2022\/11\/24\/pour-un-departement-aux-cotes-des-personnes-agees-et-handicapees\/"},"wordCount":479,"commentCount":0,"publisher":{"@id":"https:\/\/www.uges-isere.fr\/#organization"},"image":{"@id":"https:\/\/www.uges-isere.fr\/index.php\/2022\/11\/24\/pour-un-departement-aux-cotes-des-personnes-agees-et-handicapees\/#primaryimage"},"thumbnailUrl":"https:\/\/www.uges-isere.fr\/wp-content\/uploads\/2022\/12\/vecteezy_doctor-or-nurse-caregiver-with-senior-man-in-a-wheelchair_11106346_100-scaled.jpg","keywords":["orientations tarification","personnes \u00e2g\u00e9es","personnes handicap\u00e9es"],"articleSection":["Action sociale","S\u00e9ance Publique (D\u00e9bat d'orientation budg\u00e9taire 2023) - Novembre 2022"],"inLanguage":"fr-FR","potentialAction":[{"@type":"CommentAction","name":"Comment","target":["https:\/\/www.uges-isere.fr\/index.php\/2022\/11\/24\/pour-un-departement-aux-cotes-des-personnes-agees-et-handicapees\/#respond"]}]},{"@type":"WebPage","@id":"https:\/\/www.uges-isere.fr\/index.php\/2022\/11\/24\/pour-un-departement-aux-cotes-des-personnes-agees-et-handicapees\/","url":"https:\/\/www.uges-isere.fr\/index.php\/2022\/11\/24\/pour-un-departement-aux-cotes-des-personnes-agees-et-handicapees\/","name":"Pour un D\u00e9partement aux c\u00f4t\u00e9s des personnes \u00e2g\u00e9es et handicap\u00e9es - D\u00e9partement de l&#039;Is\u00e8re","isPartOf":{"@id":"https:\/\/www.uges-isere.fr\/#website"},"primaryImageOfPage":{"@id":"https:\/\/www.uges-isere.fr\/index.php\/2022\/11\/24\/pour-un-departement-aux-cotes-des-personnes-agees-et-handicapees\/#primaryimage"},"image":{"@id":"https:\/\/www.uges-isere.fr\/index.php\/2022\/11\/24\/pour-un-departement-aux-cotes-des-personnes-agees-et-handicapees\/#primaryimage"},"thumbnailUrl":"https:\/\/www.uges-isere.fr\/wp-content\/uploads\/2022\/12\/vecteezy_doctor-or-nurse-caregiver-with-senior-man-in-a-wheelchair_11106346_100-scaled.jpg","datePublished":"2022-11-24T11:39:00+00:00","dateModified":"2023-02-15T13:36:42+00:00","breadcrumb":{"@id":"https:\/\/www.uges-isere.fr\/index.php\/2022\/11\/24\/pour-un-departement-aux-cotes-des-personnes-agees-et-handicapees\/#breadcrumb"},"inLanguage":"fr-FR","potentialAction":[{"@type":"ReadAction","target":["https:\/\/www.uges-isere.fr\/index.php\/2022\/11\/24\/pour-un-departement-aux-cotes-des-personnes-agees-et-handicapees\/"]}]},{"@type":"ImageObject","inLanguage":"fr-FR","@id":"https:\/\/www.uges-isere.fr\/index.php\/2022\/11\/24\/pour-un-departement-aux-cotes-des-personnes-agees-et-handicapees\/#primaryimage","url":"https:\/\/www.uges-isere.fr\/wp-content\/uploads\/2022\/12\/vecteezy_doctor-or-nurse-caregiver-with-senior-man-in-a-wheelchair_11106346_100-scaled.jpg","contentUrl":"https:\/\/www.uges-isere.fr\/wp-content\/uploads\/2022\/12\/vecteezy_doctor-or-nurse-caregiver-with-senior-man-in-a-wheelchair_11106346_100-scaled.jpg","width":2560,"height":1180,"caption":"Doctor or nurse caregiver with senior man in a wheelchair wearing protective masks at home or nursing home"},{"@type":"BreadcrumbList","@id":"https:\/\/www.uges-isere.fr\/index.php\/2022\/11\/24\/pour-un-departement-aux-cotes-des-personnes-agees-et-handicapees\/#breadcrumb","itemListElement":[{"@type":"ListItem","position":1,"name":"Accueil","item":"https:\/\/www.uges-isere.fr\/"},{"@type":"ListItem","position":2,"name":"Pour un D\u00e9partement aux c\u00f4t\u00e9s des personnes \u00e2g\u00e9es et handicap\u00e9es"}]},{"@type":"WebSite","@id":"https:\/\/www.uges-isere.fr\/#website","url":"https:\/\/www.uges-isere.fr\/","name":"D\u00e9partement de l&#039;Is\u00e8re","description":"Groupe d&#039;opposition UGES","publisher":{"@id":"https:\/\/www.uges-isere.fr\/#organization"},"potentialAction":[{"@type":"SearchAction","target":{"@type":"EntryPoint","urlTemplate":"https:\/\/www.uges-isere.fr\/?s={search_term_string}"},"query-input":{"@type":"PropertyValueSpecification","valueRequired":true,"valueName":"search_term_string"}}],"inLanguage":"fr-FR"},{"@type":"Organization","@id":"https:\/\/www.uges-isere.fr\/#organization","name":"D\u00e9partement de l'Is\u00e8re","url":"https:\/\/www.uges-isere.fr\/","logo":{"@type":"ImageObject","inLanguage":"fr-FR","@id":"https:\/\/www.uges-isere.fr\/#\/schema\/logo\/image\/","url":"https:\/\/www.uges-isere.fr\/wp-content\/uploads\/2021\/10\/logo-ok.png","contentUrl":"https:\/\/www.uges-isere.fr\/wp-content\/uploads\/2021\/10\/logo-ok.png","width":2859,"height":1816,"caption":"D\u00e9partement de l'Is\u00e8re"},"image":{"@id":"https:\/\/www.uges-isere.fr\/#\/schema\/logo\/image\/"},"sameAs":["https:\/\/www.facebook.com\/LePrintemps38","https:\/\/x.com\/GroupeUGES38"]},{"@type":"Person","@id":"https:\/\/www.uges-isere.fr\/#\/schema\/person\/a200926d67119314e8837b6a085de83a","name":"ThibaudUGES38","image":{"@type":"ImageObject","inLanguage":"fr-FR","@id":"https:\/\/secure.gravatar.com\/avatar\/e182ebfe597e409aafe3378f828607b2b757ed94a3489b20112818296e03b151?s=96&d=mm&r=g","url":"https:\/\/secure.gravatar.com\/avatar\/e182ebfe597e409aafe3378f828607b2b757ed94a3489b20112818296e03b151?s=96&d=mm&r=g","contentUrl":"https:\/\/secure.gravatar.com\/avatar\/e182ebfe597e409aafe3378f828607b2b757ed94a3489b20112818296e03b151?s=96&d=mm&r=g","caption":"ThibaudUGES38"},"url":"https:\/\/www.uges-isere.fr\/index.php\/author\/thibauduges38\/"}]}},"_links":{"self":[{"href":"https:\/\/www.uges-isere.fr\/index.php\/wp-json\/wp\/v2\/posts\/682821","targetHints":{"allow":["GET"]}}],"collection":[{"href":"https:\/\/www.uges-isere.fr\/index.php\/wp-json\/wp\/v2\/posts"}],"about":[{"href":"https:\/\/www.uges-isere.fr\/index.php\/wp-json\/wp\/v2\/types\/post"}],"author":[{"embeddable":true,"href":"https:\/\/www.uges-isere.fr\/index.php\/wp-json\/wp\/v2\/users\/8"}],"replies":[{"embeddable":true,"href":"https:\/\/www.uges-isere.fr\/index.php\/wp-json\/wp\/v2\/comments?post=682821"}],"version-history":[{"count":1,"href":"https:\/\/www.uges-isere.fr\/index.php\/wp-json\/wp\/v2\/posts\/682821\/revisions"}],"predecessor-version":[{"id":682824,"href":"https:\/\/www.uges-isere.fr\/index.php\/wp-json\/wp\/v2\/posts\/682821\/revisions\/682824"}],"wp:featuredmedia":[{"embeddable":true,"href":"https:\/\/www.uges-isere.fr\/index.php\/wp-json\/wp\/v2\/media\/682823"}],"wp:attachment":[{"href":"https:\/\/www.uges-isere.fr\/index.php\/wp-json\/wp\/v2\/media?parent=682821"}],"wp:term":[{"taxonomy":"category","embeddable":true,"href":"https:\/\/www.uges-isere.fr\/index.php\/wp-json\/wp\/v2\/categories?post=682821"},{"taxonomy":"post_tag","embeddable":true,"href":"https:\/\/www.uges-isere.fr\/index.php\/wp-json\/wp\/v2\/tags?post=682821"}],"curies":[{"name":"wp","href":"https:\/\/api.w.org\/{rel}","templated":true}]}}