{"id":682811,"date":"2022-11-24T12:22:00","date_gmt":"2022-11-24T11:22:00","guid":{"rendered":"https:\/\/www.uges-isere.fr\/?p=682811"},"modified":"2023-02-15T14:36:50","modified_gmt":"2023-02-15T13:36:50","slug":"orientations-des-depenses-budgetaires-des-etablissements-et-services-de-lenfance-et-de-la-famille-le-groupe-uges-reste-vigilant","status":"publish","type":"post","link":"https:\/\/www.uges-isere.fr\/index.php\/2022\/11\/24\/orientations-des-depenses-budgetaires-des-etablissements-et-services-de-lenfance-et-de-la-famille-le-groupe-uges-reste-vigilant\/","title":{"rendered":"Tarification 2023 Enfance et famille : le groupe UGES reste vigilant"},"content":{"rendered":"\n<p><strong>Sophie Romera, conseill\u00e8re d\u00e9partementale de Grenoble 1, est intervenue en S\u00e9ance publique sur les orientations de la tarification 2023 des \u00e9tablissements et services de l\u2019enfance et de la famille. Le groupe UGES prend acte de la hausse du taux d&rsquo;\u00e9volution des d\u00e9penses budg\u00e9taires et sera attentif \u00e0 ce que le D\u00e9partement soit aux cot\u00e9s des structures en cas d&rsquo;augmentation des d\u00e9penses budg\u00e9taires.<\/strong><\/p>\n\n\n\n<p>L\u2019\u00e9volution de la valeur du point d\u2019indice de la Fonction Publique et notamment hospitali\u00e8re pr\u00e9sentement, ainsi que la revalorisation des salaires des personnels param\u00e9dicaux et socio\u00e9ducatifs \u00e9tait tr\u00e8s attendue. D\u2019autant plus attendue que c\u2019est la plus importante depuis plus de 35 ans. <em>Mais suffira-t-elle pour compenser l\u2019inflation et emp\u00eacher le grignotage ann\u00e9e apr\u00e8s ann\u00e9e du pouvoir d\u2019achat ?<\/em> <strong>Certainement pas<\/strong>.<\/p>\n\n\n\n<p><em>Compensera-t-elle les horaires de travail difficiles et les conditions d\u2019exercice de ces m\u00e9tiers, qui constituent la principale raison du turn-over consid\u00e9rable dans ce secteur ?<\/em> <strong>La r\u00e9ponse est encore non<\/strong>.<\/p>\n\n\n\n<p>N\u00e9anmoins, le D\u00e9partement doit s&rsquo;assurer, en tant que chef de file de l\u2019action sociale, que cette d\u00e9pense suppl\u00e9mentaire de personnel soit soutenable pour les diff\u00e9rentes structures du secteur et<strong> doit les accompagner financi\u00e8rement dans ce sens<\/strong>.<\/p>\n\n\n\n<p>La hausse du taux d\u2019\u00e9volution de +1,10 % que propose la majorit\u00e9 pour les d\u00e9penses budg\u00e9taires des \u00e9tablissements et services sociaux, doit, entre autres, couvrir cette \u00e9volution. C\u2019\u00e9tait notamment l\u2019objet du questionnement des \u00e9lu.e.s UGES en commission Action Sociale. <strong>Il est essentiel que la tarification 2023 permette de couvrir ces charges de personnel<\/strong>. La majorit\u00e9 d\u00e9partementale a r\u00e9pondu par l\u2019affirmative, nous en avons pris acte.<\/p>\n\n\n\n<p>Pour autant, une attention particuli\u00e8re reste n\u00e9cessaire car d\u2019autres types de d\u00e9penses vont ind\u00e9niablement grever ces budgets. La crise \u00e9nerg\u00e9tique que nous traversons, qui rend toute pr\u00e9vision plus que difficile, nous emp\u00eache d\u2019y voir clair. Elle impacte les d\u00e9penses d\u2019alimentation, mais aussi bien d\u2019autres cat\u00e9gories de produits de consommation courante dont les \u00e9tablissements sociaux ont besoin au quotidien.<\/p>\n\n\n\n<p><strong>Le D\u00e9partement a affirm\u00e9 qu&rsquo;il r\u00e9pondra pr\u00e9sent, nous notons cet engagement<\/strong>. Cependant nous devons rester attentifs et vigilants. C\u2019est pourquoi le groupe UGES s&rsquo;est abstenu sur ce rapport.<\/p>\n","protected":false},"excerpt":{"rendered":"<p>Sophie Romera, conseill\u00e8re d\u00e9partementale de Grenoble 1, est intervenue en S\u00e9ance publique sur les orientations de la tarification &hellip; <\/p>\n","protected":false},"author":8,"featured_media":682786,"comment_status":"open","ping_status":"open","sticky":false,"template":"","format":"standard","meta":{"footnotes":""},"categories":[9,56],"tags":[66,67,88,89,90],"class_list":["post-682811","post","type-post","status-publish","format-standard","has-post-thumbnail","hentry","category-action-sociale","category-seance-publique-debat-dorientation-budgetaire-novembre-2022","tag-enfance","tag-famille","tag-orientation-depenses-budgetaires","tag-point-dindice","tag-revalorisation-salariale"],"yoast_head":"<!-- This site is optimized with the Yoast SEO plugin v27.5 - https:\/\/yoast.com\/product\/yoast-seo-wordpress\/ -->\n<title>Tarification 2023 Enfance et famille : le groupe UGES reste vigilant - D\u00e9partement de l&#039;Is\u00e8re<\/title>\n<meta name=\"robots\" content=\"index, follow, max-snippet:-1, max-image-preview:large, max-video-preview:-1\" \/>\n<link rel=\"canonical\" href=\"https:\/\/www.uges-isere.fr\/index.php\/2022\/11\/24\/orientations-des-depenses-budgetaires-des-etablissements-et-services-de-lenfance-et-de-la-famille-le-groupe-uges-reste-vigilant\/\" \/>\n<meta property=\"og:locale\" content=\"fr_FR\" \/>\n<meta property=\"og:type\" content=\"article\" \/>\n<meta property=\"og:title\" content=\"Tarification 2023 Enfance et famille : le groupe UGES reste vigilant - D\u00e9partement de l&#039;Is\u00e8re\" \/>\n<meta property=\"og:description\" content=\"Sophie Romera, conseill\u00e8re d\u00e9partementale de Grenoble 1, est intervenue en S\u00e9ance publique sur les orientations de la tarification &hellip;\" \/>\n<meta property=\"og:url\" content=\"https:\/\/www.uges-isere.fr\/index.php\/2022\/11\/24\/orientations-des-depenses-budgetaires-des-etablissements-et-services-de-lenfance-et-de-la-famille-le-groupe-uges-reste-vigilant\/\" \/>\n<meta property=\"og:site_name\" content=\"D\u00e9partement de l&#039;Is\u00e8re\" \/>\n<meta property=\"article:publisher\" content=\"https:\/\/www.facebook.com\/LePrintemps38\" \/>\n<meta property=\"article:published_time\" content=\"2022-11-24T11:22:00+00:00\" \/>\n<meta property=\"article:modified_time\" content=\"2023-02-15T13:36:50+00:00\" \/>\n<meta property=\"og:image\" content=\"https:\/\/www.uges-isere.fr\/wp-content\/uploads\/2022\/12\/connected-in-circle-paper-people-scaled.jpg\" \/>\n\t<meta property=\"og:image:width\" content=\"2560\" \/>\n\t<meta property=\"og:image:height\" content=\"1709\" \/>\n\t<meta property=\"og:image:type\" content=\"image\/jpeg\" \/>\n<meta name=\"author\" content=\"ThibaudUGES38\" \/>\n<meta name=\"twitter:card\" content=\"summary_large_image\" \/>\n<meta name=\"twitter:creator\" content=\"@GroupeUGES38\" \/>\n<meta name=\"twitter:site\" content=\"@GroupeUGES38\" \/>\n<meta name=\"twitter:label1\" content=\"\u00c9crit par\" \/>\n\t<meta name=\"twitter:data1\" content=\"ThibaudUGES38\" \/>\n\t<meta name=\"twitter:label2\" content=\"Dur\u00e9e de lecture estim\u00e9e\" \/>\n\t<meta name=\"twitter:data2\" content=\"2 minutes\" \/>\n<script type=\"application\/ld+json\" class=\"yoast-schema-graph\">{\"@context\":\"https:\\\/\\\/schema.org\",\"@graph\":[{\"@type\":\"Article\",\"@id\":\"https:\\\/\\\/www.uges-isere.fr\\\/index.php\\\/2022\\\/11\\\/24\\\/orientations-des-depenses-budgetaires-des-etablissements-et-services-de-lenfance-et-de-la-famille-le-groupe-uges-reste-vigilant\\\/#article\",\"isPartOf\":{\"@id\":\"https:\\\/\\\/www.uges-isere.fr\\\/index.php\\\/2022\\\/11\\\/24\\\/orientations-des-depenses-budgetaires-des-etablissements-et-services-de-lenfance-et-de-la-famille-le-groupe-uges-reste-vigilant\\\/\"},\"author\":{\"name\":\"ThibaudUGES38\",\"@id\":\"https:\\\/\\\/www.uges-isere.fr\\\/#\\\/schema\\\/person\\\/a200926d67119314e8837b6a085de83a\"},\"headline\":\"Tarification 2023 Enfance et famille : le groupe UGES reste vigilant\",\"datePublished\":\"2022-11-24T11:22:00+00:00\",\"dateModified\":\"2023-02-15T13:36:50+00:00\",\"mainEntityOfPage\":{\"@id\":\"https:\\\/\\\/www.uges-isere.fr\\\/index.php\\\/2022\\\/11\\\/24\\\/orientations-des-depenses-budgetaires-des-etablissements-et-services-de-lenfance-et-de-la-famille-le-groupe-uges-reste-vigilant\\\/\"},\"wordCount\":403,\"commentCount\":0,\"publisher\":{\"@id\":\"https:\\\/\\\/www.uges-isere.fr\\\/#organization\"},\"image\":{\"@id\":\"https:\\\/\\\/www.uges-isere.fr\\\/index.php\\\/2022\\\/11\\\/24\\\/orientations-des-depenses-budgetaires-des-etablissements-et-services-de-lenfance-et-de-la-famille-le-groupe-uges-reste-vigilant\\\/#primaryimage\"},\"thumbnailUrl\":\"https:\\\/\\\/www.uges-isere.fr\\\/wp-content\\\/uploads\\\/2022\\\/12\\\/connected-in-circle-paper-people-scaled.jpg\",\"keywords\":[\"enfance\",\"famille\",\"orientation d\u00e9penses budg\u00e9taires\",\"point d&#039;indice\",\"revalorisation salariale\"],\"articleSection\":[\"Action sociale\",\"S\u00e9ance Publique (D\u00e9bat d'orientation budg\u00e9taire 2023) - Novembre 2022\"],\"inLanguage\":\"fr-FR\",\"potentialAction\":[{\"@type\":\"CommentAction\",\"name\":\"Comment\",\"target\":[\"https:\\\/\\\/www.uges-isere.fr\\\/index.php\\\/2022\\\/11\\\/24\\\/orientations-des-depenses-budgetaires-des-etablissements-et-services-de-lenfance-et-de-la-famille-le-groupe-uges-reste-vigilant\\\/#respond\"]}]},{\"@type\":\"WebPage\",\"@id\":\"https:\\\/\\\/www.uges-isere.fr\\\/index.php\\\/2022\\\/11\\\/24\\\/orientations-des-depenses-budgetaires-des-etablissements-et-services-de-lenfance-et-de-la-famille-le-groupe-uges-reste-vigilant\\\/\",\"url\":\"https:\\\/\\\/www.uges-isere.fr\\\/index.php\\\/2022\\\/11\\\/24\\\/orientations-des-depenses-budgetaires-des-etablissements-et-services-de-lenfance-et-de-la-famille-le-groupe-uges-reste-vigilant\\\/\",\"name\":\"Tarification 2023 Enfance et famille : le groupe UGES reste vigilant - D\u00e9partement de l&#039;Is\u00e8re\",\"isPartOf\":{\"@id\":\"https:\\\/\\\/www.uges-isere.fr\\\/#website\"},\"primaryImageOfPage\":{\"@id\":\"https:\\\/\\\/www.uges-isere.fr\\\/index.php\\\/2022\\\/11\\\/24\\\/orientations-des-depenses-budgetaires-des-etablissements-et-services-de-lenfance-et-de-la-famille-le-groupe-uges-reste-vigilant\\\/#primaryimage\"},\"image\":{\"@id\":\"https:\\\/\\\/www.uges-isere.fr\\\/index.php\\\/2022\\\/11\\\/24\\\/orientations-des-depenses-budgetaires-des-etablissements-et-services-de-lenfance-et-de-la-famille-le-groupe-uges-reste-vigilant\\\/#primaryimage\"},\"thumbnailUrl\":\"https:\\\/\\\/www.uges-isere.fr\\\/wp-content\\\/uploads\\\/2022\\\/12\\\/connected-in-circle-paper-people-scaled.jpg\",\"datePublished\":\"2022-11-24T11:22:00+00:00\",\"dateModified\":\"2023-02-15T13:36:50+00:00\",\"breadcrumb\":{\"@id\":\"https:\\\/\\\/www.uges-isere.fr\\\/index.php\\\/2022\\\/11\\\/24\\\/orientations-des-depenses-budgetaires-des-etablissements-et-services-de-lenfance-et-de-la-famille-le-groupe-uges-reste-vigilant\\\/#breadcrumb\"},\"inLanguage\":\"fr-FR\",\"potentialAction\":[{\"@type\":\"ReadAction\",\"target\":[\"https:\\\/\\\/www.uges-isere.fr\\\/index.php\\\/2022\\\/11\\\/24\\\/orientations-des-depenses-budgetaires-des-etablissements-et-services-de-lenfance-et-de-la-famille-le-groupe-uges-reste-vigilant\\\/\"]}]},{\"@type\":\"ImageObject\",\"inLanguage\":\"fr-FR\",\"@id\":\"https:\\\/\\\/www.uges-isere.fr\\\/index.php\\\/2022\\\/11\\\/24\\\/orientations-des-depenses-budgetaires-des-etablissements-et-services-de-lenfance-et-de-la-famille-le-groupe-uges-reste-vigilant\\\/#primaryimage\",\"url\":\"https:\\\/\\\/www.uges-isere.fr\\\/wp-content\\\/uploads\\\/2022\\\/12\\\/connected-in-circle-paper-people-scaled.jpg\",\"contentUrl\":\"https:\\\/\\\/www.uges-isere.fr\\\/wp-content\\\/uploads\\\/2022\\\/12\\\/connected-in-circle-paper-people-scaled.jpg\",\"width\":2560,\"height\":1709},{\"@type\":\"BreadcrumbList\",\"@id\":\"https:\\\/\\\/www.uges-isere.fr\\\/index.php\\\/2022\\\/11\\\/24\\\/orientations-des-depenses-budgetaires-des-etablissements-et-services-de-lenfance-et-de-la-famille-le-groupe-uges-reste-vigilant\\\/#breadcrumb\",\"itemListElement\":[{\"@type\":\"ListItem\",\"position\":1,\"name\":\"Accueil\",\"item\":\"https:\\\/\\\/www.uges-isere.fr\\\/\"},{\"@type\":\"ListItem\",\"position\":2,\"name\":\"Tarification 2023 Enfance et famille : le groupe UGES reste vigilant\"}]},{\"@type\":\"WebSite\",\"@id\":\"https:\\\/\\\/www.uges-isere.fr\\\/#website\",\"url\":\"https:\\\/\\\/www.uges-isere.fr\\\/\",\"name\":\"D\u00e9partement de l&#039;Is\u00e8re\",\"description\":\"Groupe d&#039;opposition UGES\",\"publisher\":{\"@id\":\"https:\\\/\\\/www.uges-isere.fr\\\/#organization\"},\"potentialAction\":[{\"@type\":\"SearchAction\",\"target\":{\"@type\":\"EntryPoint\",\"urlTemplate\":\"https:\\\/\\\/www.uges-isere.fr\\\/?s={search_term_string}\"},\"query-input\":{\"@type\":\"PropertyValueSpecification\",\"valueRequired\":true,\"valueName\":\"search_term_string\"}}],\"inLanguage\":\"fr-FR\"},{\"@type\":\"Organization\",\"@id\":\"https:\\\/\\\/www.uges-isere.fr\\\/#organization\",\"name\":\"D\u00e9partement de l'Is\u00e8re\",\"url\":\"https:\\\/\\\/www.uges-isere.fr\\\/\",\"logo\":{\"@type\":\"ImageObject\",\"inLanguage\":\"fr-FR\",\"@id\":\"https:\\\/\\\/www.uges-isere.fr\\\/#\\\/schema\\\/logo\\\/image\\\/\",\"url\":\"https:\\\/\\\/www.uges-isere.fr\\\/wp-content\\\/uploads\\\/2021\\\/10\\\/logo-ok.png\",\"contentUrl\":\"https:\\\/\\\/www.uges-isere.fr\\\/wp-content\\\/uploads\\\/2021\\\/10\\\/logo-ok.png\",\"width\":2859,\"height\":1816,\"caption\":\"D\u00e9partement de l'Is\u00e8re\"},\"image\":{\"@id\":\"https:\\\/\\\/www.uges-isere.fr\\\/#\\\/schema\\\/logo\\\/image\\\/\"},\"sameAs\":[\"https:\\\/\\\/www.facebook.com\\\/LePrintemps38\",\"https:\\\/\\\/x.com\\\/GroupeUGES38\"]},{\"@type\":\"Person\",\"@id\":\"https:\\\/\\\/www.uges-isere.fr\\\/#\\\/schema\\\/person\\\/a200926d67119314e8837b6a085de83a\",\"name\":\"ThibaudUGES38\",\"image\":{\"@type\":\"ImageObject\",\"inLanguage\":\"fr-FR\",\"@id\":\"https:\\\/\\\/secure.gravatar.com\\\/avatar\\\/e182ebfe597e409aafe3378f828607b2b757ed94a3489b20112818296e03b151?s=96&d=mm&r=g\",\"url\":\"https:\\\/\\\/secure.gravatar.com\\\/avatar\\\/e182ebfe597e409aafe3378f828607b2b757ed94a3489b20112818296e03b151?s=96&d=mm&r=g\",\"contentUrl\":\"https:\\\/\\\/secure.gravatar.com\\\/avatar\\\/e182ebfe597e409aafe3378f828607b2b757ed94a3489b20112818296e03b151?s=96&d=mm&r=g\",\"caption\":\"ThibaudUGES38\"},\"url\":\"https:\\\/\\\/www.uges-isere.fr\\\/index.php\\\/author\\\/thibauduges38\\\/\"}]}<\/script>\n<!-- \/ Yoast SEO plugin. -->","yoast_head_json":{"title":"Tarification 2023 Enfance et famille : le groupe UGES reste vigilant - D\u00e9partement de l&#039;Is\u00e8re","robots":{"index":"index","follow":"follow","max-snippet":"max-snippet:-1","max-image-preview":"max-image-preview:large","max-video-preview":"max-video-preview:-1"},"canonical":"https:\/\/www.uges-isere.fr\/index.php\/2022\/11\/24\/orientations-des-depenses-budgetaires-des-etablissements-et-services-de-lenfance-et-de-la-famille-le-groupe-uges-reste-vigilant\/","og_locale":"fr_FR","og_type":"article","og_title":"Tarification 2023 Enfance et famille : le groupe UGES reste vigilant - D\u00e9partement de l&#039;Is\u00e8re","og_description":"Sophie Romera, conseill\u00e8re d\u00e9partementale de Grenoble 1, est intervenue en S\u00e9ance publique sur les orientations de la tarification &hellip;","og_url":"https:\/\/www.uges-isere.fr\/index.php\/2022\/11\/24\/orientations-des-depenses-budgetaires-des-etablissements-et-services-de-lenfance-et-de-la-famille-le-groupe-uges-reste-vigilant\/","og_site_name":"D\u00e9partement de l&#039;Is\u00e8re","article_publisher":"https:\/\/www.facebook.com\/LePrintemps38","article_published_time":"2022-11-24T11:22:00+00:00","article_modified_time":"2023-02-15T13:36:50+00:00","og_image":[{"width":2560,"height":1709,"url":"https:\/\/www.uges-isere.fr\/wp-content\/uploads\/2022\/12\/connected-in-circle-paper-people-scaled.jpg","type":"image\/jpeg"}],"author":"ThibaudUGES38","twitter_card":"summary_large_image","twitter_creator":"@GroupeUGES38","twitter_site":"@GroupeUGES38","twitter_misc":{"\u00c9crit par":"ThibaudUGES38","Dur\u00e9e de lecture estim\u00e9e":"2 minutes"},"schema":{"@context":"https:\/\/schema.org","@graph":[{"@type":"Article","@id":"https:\/\/www.uges-isere.fr\/index.php\/2022\/11\/24\/orientations-des-depenses-budgetaires-des-etablissements-et-services-de-lenfance-et-de-la-famille-le-groupe-uges-reste-vigilant\/#article","isPartOf":{"@id":"https:\/\/www.uges-isere.fr\/index.php\/2022\/11\/24\/orientations-des-depenses-budgetaires-des-etablissements-et-services-de-lenfance-et-de-la-famille-le-groupe-uges-reste-vigilant\/"},"author":{"name":"ThibaudUGES38","@id":"https:\/\/www.uges-isere.fr\/#\/schema\/person\/a200926d67119314e8837b6a085de83a"},"headline":"Tarification 2023 Enfance et famille : le groupe UGES reste vigilant","datePublished":"2022-11-24T11:22:00+00:00","dateModified":"2023-02-15T13:36:50+00:00","mainEntityOfPage":{"@id":"https:\/\/www.uges-isere.fr\/index.php\/2022\/11\/24\/orientations-des-depenses-budgetaires-des-etablissements-et-services-de-lenfance-et-de-la-famille-le-groupe-uges-reste-vigilant\/"},"wordCount":403,"commentCount":0,"publisher":{"@id":"https:\/\/www.uges-isere.fr\/#organization"},"image":{"@id":"https:\/\/www.uges-isere.fr\/index.php\/2022\/11\/24\/orientations-des-depenses-budgetaires-des-etablissements-et-services-de-lenfance-et-de-la-famille-le-groupe-uges-reste-vigilant\/#primaryimage"},"thumbnailUrl":"https:\/\/www.uges-isere.fr\/wp-content\/uploads\/2022\/12\/connected-in-circle-paper-people-scaled.jpg","keywords":["enfance","famille","orientation d\u00e9penses budg\u00e9taires","point d&#039;indice","revalorisation salariale"],"articleSection":["Action sociale","S\u00e9ance Publique (D\u00e9bat d'orientation budg\u00e9taire 2023) - Novembre 2022"],"inLanguage":"fr-FR","potentialAction":[{"@type":"CommentAction","name":"Comment","target":["https:\/\/www.uges-isere.fr\/index.php\/2022\/11\/24\/orientations-des-depenses-budgetaires-des-etablissements-et-services-de-lenfance-et-de-la-famille-le-groupe-uges-reste-vigilant\/#respond"]}]},{"@type":"WebPage","@id":"https:\/\/www.uges-isere.fr\/index.php\/2022\/11\/24\/orientations-des-depenses-budgetaires-des-etablissements-et-services-de-lenfance-et-de-la-famille-le-groupe-uges-reste-vigilant\/","url":"https:\/\/www.uges-isere.fr\/index.php\/2022\/11\/24\/orientations-des-depenses-budgetaires-des-etablissements-et-services-de-lenfance-et-de-la-famille-le-groupe-uges-reste-vigilant\/","name":"Tarification 2023 Enfance et famille : le groupe UGES reste vigilant - D\u00e9partement de l&#039;Is\u00e8re","isPartOf":{"@id":"https:\/\/www.uges-isere.fr\/#website"},"primaryImageOfPage":{"@id":"https:\/\/www.uges-isere.fr\/index.php\/2022\/11\/24\/orientations-des-depenses-budgetaires-des-etablissements-et-services-de-lenfance-et-de-la-famille-le-groupe-uges-reste-vigilant\/#primaryimage"},"image":{"@id":"https:\/\/www.uges-isere.fr\/index.php\/2022\/11\/24\/orientations-des-depenses-budgetaires-des-etablissements-et-services-de-lenfance-et-de-la-famille-le-groupe-uges-reste-vigilant\/#primaryimage"},"thumbnailUrl":"https:\/\/www.uges-isere.fr\/wp-content\/uploads\/2022\/12\/connected-in-circle-paper-people-scaled.jpg","datePublished":"2022-11-24T11:22:00+00:00","dateModified":"2023-02-15T13:36:50+00:00","breadcrumb":{"@id":"https:\/\/www.uges-isere.fr\/index.php\/2022\/11\/24\/orientations-des-depenses-budgetaires-des-etablissements-et-services-de-lenfance-et-de-la-famille-le-groupe-uges-reste-vigilant\/#breadcrumb"},"inLanguage":"fr-FR","potentialAction":[{"@type":"ReadAction","target":["https:\/\/www.uges-isere.fr\/index.php\/2022\/11\/24\/orientations-des-depenses-budgetaires-des-etablissements-et-services-de-lenfance-et-de-la-famille-le-groupe-uges-reste-vigilant\/"]}]},{"@type":"ImageObject","inLanguage":"fr-FR","@id":"https:\/\/www.uges-isere.fr\/index.php\/2022\/11\/24\/orientations-des-depenses-budgetaires-des-etablissements-et-services-de-lenfance-et-de-la-famille-le-groupe-uges-reste-vigilant\/#primaryimage","url":"https:\/\/www.uges-isere.fr\/wp-content\/uploads\/2022\/12\/connected-in-circle-paper-people-scaled.jpg","contentUrl":"https:\/\/www.uges-isere.fr\/wp-content\/uploads\/2022\/12\/connected-in-circle-paper-people-scaled.jpg","width":2560,"height":1709},{"@type":"BreadcrumbList","@id":"https:\/\/www.uges-isere.fr\/index.php\/2022\/11\/24\/orientations-des-depenses-budgetaires-des-etablissements-et-services-de-lenfance-et-de-la-famille-le-groupe-uges-reste-vigilant\/#breadcrumb","itemListElement":[{"@type":"ListItem","position":1,"name":"Accueil","item":"https:\/\/www.uges-isere.fr\/"},{"@type":"ListItem","position":2,"name":"Tarification 2023 Enfance et famille : le groupe UGES reste vigilant"}]},{"@type":"WebSite","@id":"https:\/\/www.uges-isere.fr\/#website","url":"https:\/\/www.uges-isere.fr\/","name":"D\u00e9partement de l&#039;Is\u00e8re","description":"Groupe d&#039;opposition UGES","publisher":{"@id":"https:\/\/www.uges-isere.fr\/#organization"},"potentialAction":[{"@type":"SearchAction","target":{"@type":"EntryPoint","urlTemplate":"https:\/\/www.uges-isere.fr\/?s={search_term_string}"},"query-input":{"@type":"PropertyValueSpecification","valueRequired":true,"valueName":"search_term_string"}}],"inLanguage":"fr-FR"},{"@type":"Organization","@id":"https:\/\/www.uges-isere.fr\/#organization","name":"D\u00e9partement de l'Is\u00e8re","url":"https:\/\/www.uges-isere.fr\/","logo":{"@type":"ImageObject","inLanguage":"fr-FR","@id":"https:\/\/www.uges-isere.fr\/#\/schema\/logo\/image\/","url":"https:\/\/www.uges-isere.fr\/wp-content\/uploads\/2021\/10\/logo-ok.png","contentUrl":"https:\/\/www.uges-isere.fr\/wp-content\/uploads\/2021\/10\/logo-ok.png","width":2859,"height":1816,"caption":"D\u00e9partement de l'Is\u00e8re"},"image":{"@id":"https:\/\/www.uges-isere.fr\/#\/schema\/logo\/image\/"},"sameAs":["https:\/\/www.facebook.com\/LePrintemps38","https:\/\/x.com\/GroupeUGES38"]},{"@type":"Person","@id":"https:\/\/www.uges-isere.fr\/#\/schema\/person\/a200926d67119314e8837b6a085de83a","name":"ThibaudUGES38","image":{"@type":"ImageObject","inLanguage":"fr-FR","@id":"https:\/\/secure.gravatar.com\/avatar\/e182ebfe597e409aafe3378f828607b2b757ed94a3489b20112818296e03b151?s=96&d=mm&r=g","url":"https:\/\/secure.gravatar.com\/avatar\/e182ebfe597e409aafe3378f828607b2b757ed94a3489b20112818296e03b151?s=96&d=mm&r=g","contentUrl":"https:\/\/secure.gravatar.com\/avatar\/e182ebfe597e409aafe3378f828607b2b757ed94a3489b20112818296e03b151?s=96&d=mm&r=g","caption":"ThibaudUGES38"},"url":"https:\/\/www.uges-isere.fr\/index.php\/author\/thibauduges38\/"}]}},"_links":{"self":[{"href":"https:\/\/www.uges-isere.fr\/index.php\/wp-json\/wp\/v2\/posts\/682811","targetHints":{"allow":["GET"]}}],"collection":[{"href":"https:\/\/www.uges-isere.fr\/index.php\/wp-json\/wp\/v2\/posts"}],"about":[{"href":"https:\/\/www.uges-isere.fr\/index.php\/wp-json\/wp\/v2\/types\/post"}],"author":[{"embeddable":true,"href":"https:\/\/www.uges-isere.fr\/index.php\/wp-json\/wp\/v2\/users\/8"}],"replies":[{"embeddable":true,"href":"https:\/\/www.uges-isere.fr\/index.php\/wp-json\/wp\/v2\/comments?post=682811"}],"version-history":[{"count":2,"href":"https:\/\/www.uges-isere.fr\/index.php\/wp-json\/wp\/v2\/posts\/682811\/revisions"}],"predecessor-version":[{"id":682822,"href":"https:\/\/www.uges-isere.fr\/index.php\/wp-json\/wp\/v2\/posts\/682811\/revisions\/682822"}],"wp:featuredmedia":[{"embeddable":true,"href":"https:\/\/www.uges-isere.fr\/index.php\/wp-json\/wp\/v2\/media\/682786"}],"wp:attachment":[{"href":"https:\/\/www.uges-isere.fr\/index.php\/wp-json\/wp\/v2\/media?parent=682811"}],"wp:term":[{"taxonomy":"category","embeddable":true,"href":"https:\/\/www.uges-isere.fr\/index.php\/wp-json\/wp\/v2\/categories?post=682811"},{"taxonomy":"post_tag","embeddable":true,"href":"https:\/\/www.uges-isere.fr\/index.php\/wp-json\/wp\/v2\/tags?post=682811"}],"curies":[{"name":"wp","href":"https:\/\/api.w.org\/{rel}","templated":true}]}}