{"id":682788,"date":"2022-11-21T10:39:59","date_gmt":"2022-11-21T09:39:59","guid":{"rendered":"https:\/\/www.uges-isere.fr\/?p=682788"},"modified":"2022-12-12T10:49:57","modified_gmt":"2022-12-12T09:49:57","slug":"tribune-pour-un-departement-solidaire-et-prospectif","status":"publish","type":"post","link":"https:\/\/www.uges-isere.fr\/index.php\/2022\/11\/21\/tribune-pour-un-departement-solidaire-et-prospectif\/","title":{"rendered":"TRIBUNE &#8211; POUR UN DEPARTEMENT SOLIDAIRE ET PROSPECTIF"},"content":{"rendered":"\n<p>En tant que chef de file de l\u2019action sociale, il est de sa responsabilit\u00e9 d\u2019impl\u00e9menter des politiques de soutien aux habitant.e.s : \u00e9largir l\u2019acc\u00e8s au Fonds de Solidarit\u00e9 pour le Logement, soutenir les services d\u2019aide \u00e0 domicile. Tel est le r\u00f4le d\u2019un D\u00e9partement et telles furent nos demandes en s\u00e9ance publique. Nous regrettons son manque d&rsquo;ambition et d&rsquo;anticipation en contexte de crise.<\/p>\n\n\n\n<p>Afin de d\u00e9fendre la qualit\u00e9 du service public et en solidarit\u00e9 avec les communes nous avons propos\u00e9 un v\u0153u pour pr\u00e9server l\u2019autonomie fiscale des collectivit\u00e9s locales. La suppression de la CVAE inscrite dans le PLF pour 2023 engendrera une perte de 8 milliards d\u2019euros aux collectivit\u00e9s locales. Il est primordial de nous adresser au gouvernement pour contester cette mesure.<br>Le refus de la majorit\u00e9 de voter ce v\u0153u illustre un d\u00e9calage entre les discours prof\u00e9r\u00e9s et les actes adopt\u00e9s. Nous attendons du D\u00e9partement qu\u2019il porte une vision du territoire en ad\u00e9quation avec ses missions de solidarit\u00e9 humaine et territoriale et qu\u2019il d\u00e9fende cette vision aupr\u00e8s des autres acteurs : de la R\u00e9gion, de l\u2019Etat. Comme en atteste le contrat de plan Etat-R\u00e9gion 2021-2027, cette vision n\u2019existe pas.<\/p>\n\n\n\n<p>La d\u00e9cision modificative t\u00e9moigne d\u2019un D\u00e9partement en tr\u00e8s bonne sant\u00e9 financi\u00e8re. Pourtant, celui-ci en profite pour r\u00e9duire son emprunt de plus de 30 millions d&rsquo;euros. Au vu de la crise \u00e9conomique et sociale, pourquoi ces millions ne sont pas investis dans les solidarit\u00e9s humaines ?<\/p>\n","protected":false},"excerpt":{"rendered":"<p>En tant que chef de file de l\u2019action sociale, il est de sa responsabilit\u00e9 d\u2019impl\u00e9menter des politiques de &hellip; <\/p>\n","protected":false},"author":8,"featured_media":682791,"comment_status":"open","ping_status":"open","sticky":false,"template":"","format":"standard","meta":{"footnotes":""},"categories":[20],"tags":[],"class_list":["post-682788","post","type-post","status-publish","format-standard","has-post-thumbnail","hentry","category-expressions-tribune"],"yoast_head":"<!-- This site is optimized with the Yoast SEO plugin v27.5 - https:\/\/yoast.com\/product\/yoast-seo-wordpress\/ -->\n<title>TRIBUNE - POUR UN DEPARTEMENT SOLIDAIRE ET PROSPECTIF - D\u00e9partement de l&#039;Is\u00e8re<\/title>\n<meta name=\"robots\" content=\"index, follow, max-snippet:-1, max-image-preview:large, max-video-preview:-1\" \/>\n<link rel=\"canonical\" href=\"https:\/\/www.uges-isere.fr\/index.php\/2022\/11\/21\/tribune-pour-un-departement-solidaire-et-prospectif\/\" \/>\n<meta property=\"og:locale\" content=\"fr_FR\" \/>\n<meta property=\"og:type\" content=\"article\" \/>\n<meta property=\"og:title\" content=\"TRIBUNE - POUR UN DEPARTEMENT SOLIDAIRE ET PROSPECTIF - D\u00e9partement de l&#039;Is\u00e8re\" \/>\n<meta property=\"og:description\" content=\"En tant que chef de file de l\u2019action sociale, il est de sa responsabilit\u00e9 d\u2019impl\u00e9menter des politiques de &hellip;\" \/>\n<meta property=\"og:url\" content=\"https:\/\/www.uges-isere.fr\/index.php\/2022\/11\/21\/tribune-pour-un-departement-solidaire-et-prospectif\/\" \/>\n<meta property=\"og:site_name\" content=\"D\u00e9partement de l&#039;Is\u00e8re\" \/>\n<meta property=\"article:publisher\" content=\"https:\/\/www.facebook.com\/LePrintemps38\" \/>\n<meta property=\"article:published_time\" content=\"2022-11-21T09:39:59+00:00\" \/>\n<meta property=\"article:modified_time\" content=\"2022-12-12T09:49:57+00:00\" \/>\n<meta property=\"og:image\" content=\"https:\/\/www.uges-isere.fr\/wp-content\/uploads\/2022\/12\/closeup-of-diverse-people-joining-their-hands-1-scaled.jpg\" \/>\n\t<meta property=\"og:image:width\" content=\"2560\" \/>\n\t<meta property=\"og:image:height\" content=\"1440\" \/>\n\t<meta property=\"og:image:type\" content=\"image\/jpeg\" \/>\n<meta name=\"author\" content=\"ThibaudUGES38\" \/>\n<meta name=\"twitter:card\" content=\"summary_large_image\" \/>\n<meta name=\"twitter:creator\" content=\"@GroupeUGES38\" \/>\n<meta name=\"twitter:site\" content=\"@GroupeUGES38\" \/>\n<meta name=\"twitter:label1\" content=\"\u00c9crit par\" \/>\n\t<meta name=\"twitter:data1\" content=\"ThibaudUGES38\" \/>\n\t<meta name=\"twitter:label2\" content=\"Dur\u00e9e de lecture estim\u00e9e\" \/>\n\t<meta name=\"twitter:data2\" content=\"2 minutes\" \/>\n<script type=\"application\/ld+json\" class=\"yoast-schema-graph\">{\"@context\":\"https:\\\/\\\/schema.org\",\"@graph\":[{\"@type\":\"Article\",\"@id\":\"https:\\\/\\\/www.uges-isere.fr\\\/index.php\\\/2022\\\/11\\\/21\\\/tribune-pour-un-departement-solidaire-et-prospectif\\\/#article\",\"isPartOf\":{\"@id\":\"https:\\\/\\\/www.uges-isere.fr\\\/index.php\\\/2022\\\/11\\\/21\\\/tribune-pour-un-departement-solidaire-et-prospectif\\\/\"},\"author\":{\"name\":\"ThibaudUGES38\",\"@id\":\"https:\\\/\\\/www.uges-isere.fr\\\/#\\\/schema\\\/person\\\/a200926d67119314e8837b6a085de83a\"},\"headline\":\"TRIBUNE &#8211; POUR UN DEPARTEMENT SOLIDAIRE ET PROSPECTIF\",\"datePublished\":\"2022-11-21T09:39:59+00:00\",\"dateModified\":\"2022-12-12T09:49:57+00:00\",\"mainEntityOfPage\":{\"@id\":\"https:\\\/\\\/www.uges-isere.fr\\\/index.php\\\/2022\\\/11\\\/21\\\/tribune-pour-un-departement-solidaire-et-prospectif\\\/\"},\"wordCount\":277,\"commentCount\":0,\"publisher\":{\"@id\":\"https:\\\/\\\/www.uges-isere.fr\\\/#organization\"},\"image\":{\"@id\":\"https:\\\/\\\/www.uges-isere.fr\\\/index.php\\\/2022\\\/11\\\/21\\\/tribune-pour-un-departement-solidaire-et-prospectif\\\/#primaryimage\"},\"thumbnailUrl\":\"https:\\\/\\\/www.uges-isere.fr\\\/wp-content\\\/uploads\\\/2022\\\/12\\\/closeup-of-diverse-people-joining-their-hands-1-scaled.jpg\",\"articleSection\":[\"Expressions - Tribune\"],\"inLanguage\":\"fr-FR\",\"potentialAction\":[{\"@type\":\"CommentAction\",\"name\":\"Comment\",\"target\":[\"https:\\\/\\\/www.uges-isere.fr\\\/index.php\\\/2022\\\/11\\\/21\\\/tribune-pour-un-departement-solidaire-et-prospectif\\\/#respond\"]}]},{\"@type\":\"WebPage\",\"@id\":\"https:\\\/\\\/www.uges-isere.fr\\\/index.php\\\/2022\\\/11\\\/21\\\/tribune-pour-un-departement-solidaire-et-prospectif\\\/\",\"url\":\"https:\\\/\\\/www.uges-isere.fr\\\/index.php\\\/2022\\\/11\\\/21\\\/tribune-pour-un-departement-solidaire-et-prospectif\\\/\",\"name\":\"TRIBUNE - POUR UN DEPARTEMENT SOLIDAIRE ET PROSPECTIF - D\u00e9partement de l&#039;Is\u00e8re\",\"isPartOf\":{\"@id\":\"https:\\\/\\\/www.uges-isere.fr\\\/#website\"},\"primaryImageOfPage\":{\"@id\":\"https:\\\/\\\/www.uges-isere.fr\\\/index.php\\\/2022\\\/11\\\/21\\\/tribune-pour-un-departement-solidaire-et-prospectif\\\/#primaryimage\"},\"image\":{\"@id\":\"https:\\\/\\\/www.uges-isere.fr\\\/index.php\\\/2022\\\/11\\\/21\\\/tribune-pour-un-departement-solidaire-et-prospectif\\\/#primaryimage\"},\"thumbnailUrl\":\"https:\\\/\\\/www.uges-isere.fr\\\/wp-content\\\/uploads\\\/2022\\\/12\\\/closeup-of-diverse-people-joining-their-hands-1-scaled.jpg\",\"datePublished\":\"2022-11-21T09:39:59+00:00\",\"dateModified\":\"2022-12-12T09:49:57+00:00\",\"breadcrumb\":{\"@id\":\"https:\\\/\\\/www.uges-isere.fr\\\/index.php\\\/2022\\\/11\\\/21\\\/tribune-pour-un-departement-solidaire-et-prospectif\\\/#breadcrumb\"},\"inLanguage\":\"fr-FR\",\"potentialAction\":[{\"@type\":\"ReadAction\",\"target\":[\"https:\\\/\\\/www.uges-isere.fr\\\/index.php\\\/2022\\\/11\\\/21\\\/tribune-pour-un-departement-solidaire-et-prospectif\\\/\"]}]},{\"@type\":\"ImageObject\",\"inLanguage\":\"fr-FR\",\"@id\":\"https:\\\/\\\/www.uges-isere.fr\\\/index.php\\\/2022\\\/11\\\/21\\\/tribune-pour-un-departement-solidaire-et-prospectif\\\/#primaryimage\",\"url\":\"https:\\\/\\\/www.uges-isere.fr\\\/wp-content\\\/uploads\\\/2022\\\/12\\\/closeup-of-diverse-people-joining-their-hands-1-scaled.jpg\",\"contentUrl\":\"https:\\\/\\\/www.uges-isere.fr\\\/wp-content\\\/uploads\\\/2022\\\/12\\\/closeup-of-diverse-people-joining-their-hands-1-scaled.jpg\",\"width\":2560,\"height\":1440,\"caption\":\"Closeup of diverse people joining their hands\"},{\"@type\":\"BreadcrumbList\",\"@id\":\"https:\\\/\\\/www.uges-isere.fr\\\/index.php\\\/2022\\\/11\\\/21\\\/tribune-pour-un-departement-solidaire-et-prospectif\\\/#breadcrumb\",\"itemListElement\":[{\"@type\":\"ListItem\",\"position\":1,\"name\":\"Accueil\",\"item\":\"https:\\\/\\\/www.uges-isere.fr\\\/\"},{\"@type\":\"ListItem\",\"position\":2,\"name\":\"TRIBUNE &#8211; POUR UN DEPARTEMENT SOLIDAIRE ET PROSPECTIF\"}]},{\"@type\":\"WebSite\",\"@id\":\"https:\\\/\\\/www.uges-isere.fr\\\/#website\",\"url\":\"https:\\\/\\\/www.uges-isere.fr\\\/\",\"name\":\"D\u00e9partement de l&#039;Is\u00e8re\",\"description\":\"Groupe d&#039;opposition UGES\",\"publisher\":{\"@id\":\"https:\\\/\\\/www.uges-isere.fr\\\/#organization\"},\"potentialAction\":[{\"@type\":\"SearchAction\",\"target\":{\"@type\":\"EntryPoint\",\"urlTemplate\":\"https:\\\/\\\/www.uges-isere.fr\\\/?s={search_term_string}\"},\"query-input\":{\"@type\":\"PropertyValueSpecification\",\"valueRequired\":true,\"valueName\":\"search_term_string\"}}],\"inLanguage\":\"fr-FR\"},{\"@type\":\"Organization\",\"@id\":\"https:\\\/\\\/www.uges-isere.fr\\\/#organization\",\"name\":\"D\u00e9partement de l'Is\u00e8re\",\"url\":\"https:\\\/\\\/www.uges-isere.fr\\\/\",\"logo\":{\"@type\":\"ImageObject\",\"inLanguage\":\"fr-FR\",\"@id\":\"https:\\\/\\\/www.uges-isere.fr\\\/#\\\/schema\\\/logo\\\/image\\\/\",\"url\":\"https:\\\/\\\/www.uges-isere.fr\\\/wp-content\\\/uploads\\\/2021\\\/10\\\/logo-ok.png\",\"contentUrl\":\"https:\\\/\\\/www.uges-isere.fr\\\/wp-content\\\/uploads\\\/2021\\\/10\\\/logo-ok.png\",\"width\":2859,\"height\":1816,\"caption\":\"D\u00e9partement de l'Is\u00e8re\"},\"image\":{\"@id\":\"https:\\\/\\\/www.uges-isere.fr\\\/#\\\/schema\\\/logo\\\/image\\\/\"},\"sameAs\":[\"https:\\\/\\\/www.facebook.com\\\/LePrintemps38\",\"https:\\\/\\\/x.com\\\/GroupeUGES38\"]},{\"@type\":\"Person\",\"@id\":\"https:\\\/\\\/www.uges-isere.fr\\\/#\\\/schema\\\/person\\\/a200926d67119314e8837b6a085de83a\",\"name\":\"ThibaudUGES38\",\"image\":{\"@type\":\"ImageObject\",\"inLanguage\":\"fr-FR\",\"@id\":\"https:\\\/\\\/secure.gravatar.com\\\/avatar\\\/e182ebfe597e409aafe3378f828607b2b757ed94a3489b20112818296e03b151?s=96&d=mm&r=g\",\"url\":\"https:\\\/\\\/secure.gravatar.com\\\/avatar\\\/e182ebfe597e409aafe3378f828607b2b757ed94a3489b20112818296e03b151?s=96&d=mm&r=g\",\"contentUrl\":\"https:\\\/\\\/secure.gravatar.com\\\/avatar\\\/e182ebfe597e409aafe3378f828607b2b757ed94a3489b20112818296e03b151?s=96&d=mm&r=g\",\"caption\":\"ThibaudUGES38\"},\"url\":\"https:\\\/\\\/www.uges-isere.fr\\\/index.php\\\/author\\\/thibauduges38\\\/\"}]}<\/script>\n<!-- \/ Yoast SEO plugin. -->","yoast_head_json":{"title":"TRIBUNE - POUR UN DEPARTEMENT SOLIDAIRE ET PROSPECTIF - D\u00e9partement de l&#039;Is\u00e8re","robots":{"index":"index","follow":"follow","max-snippet":"max-snippet:-1","max-image-preview":"max-image-preview:large","max-video-preview":"max-video-preview:-1"},"canonical":"https:\/\/www.uges-isere.fr\/index.php\/2022\/11\/21\/tribune-pour-un-departement-solidaire-et-prospectif\/","og_locale":"fr_FR","og_type":"article","og_title":"TRIBUNE - POUR UN DEPARTEMENT SOLIDAIRE ET PROSPECTIF - D\u00e9partement de l&#039;Is\u00e8re","og_description":"En tant que chef de file de l\u2019action sociale, il est de sa responsabilit\u00e9 d\u2019impl\u00e9menter des politiques de &hellip;","og_url":"https:\/\/www.uges-isere.fr\/index.php\/2022\/11\/21\/tribune-pour-un-departement-solidaire-et-prospectif\/","og_site_name":"D\u00e9partement de l&#039;Is\u00e8re","article_publisher":"https:\/\/www.facebook.com\/LePrintemps38","article_published_time":"2022-11-21T09:39:59+00:00","article_modified_time":"2022-12-12T09:49:57+00:00","og_image":[{"width":2560,"height":1440,"url":"https:\/\/www.uges-isere.fr\/wp-content\/uploads\/2022\/12\/closeup-of-diverse-people-joining-their-hands-1-scaled.jpg","type":"image\/jpeg"}],"author":"ThibaudUGES38","twitter_card":"summary_large_image","twitter_creator":"@GroupeUGES38","twitter_site":"@GroupeUGES38","twitter_misc":{"\u00c9crit par":"ThibaudUGES38","Dur\u00e9e de lecture estim\u00e9e":"2 minutes"},"schema":{"@context":"https:\/\/schema.org","@graph":[{"@type":"Article","@id":"https:\/\/www.uges-isere.fr\/index.php\/2022\/11\/21\/tribune-pour-un-departement-solidaire-et-prospectif\/#article","isPartOf":{"@id":"https:\/\/www.uges-isere.fr\/index.php\/2022\/11\/21\/tribune-pour-un-departement-solidaire-et-prospectif\/"},"author":{"name":"ThibaudUGES38","@id":"https:\/\/www.uges-isere.fr\/#\/schema\/person\/a200926d67119314e8837b6a085de83a"},"headline":"TRIBUNE &#8211; POUR UN DEPARTEMENT SOLIDAIRE ET PROSPECTIF","datePublished":"2022-11-21T09:39:59+00:00","dateModified":"2022-12-12T09:49:57+00:00","mainEntityOfPage":{"@id":"https:\/\/www.uges-isere.fr\/index.php\/2022\/11\/21\/tribune-pour-un-departement-solidaire-et-prospectif\/"},"wordCount":277,"commentCount":0,"publisher":{"@id":"https:\/\/www.uges-isere.fr\/#organization"},"image":{"@id":"https:\/\/www.uges-isere.fr\/index.php\/2022\/11\/21\/tribune-pour-un-departement-solidaire-et-prospectif\/#primaryimage"},"thumbnailUrl":"https:\/\/www.uges-isere.fr\/wp-content\/uploads\/2022\/12\/closeup-of-diverse-people-joining-their-hands-1-scaled.jpg","articleSection":["Expressions - Tribune"],"inLanguage":"fr-FR","potentialAction":[{"@type":"CommentAction","name":"Comment","target":["https:\/\/www.uges-isere.fr\/index.php\/2022\/11\/21\/tribune-pour-un-departement-solidaire-et-prospectif\/#respond"]}]},{"@type":"WebPage","@id":"https:\/\/www.uges-isere.fr\/index.php\/2022\/11\/21\/tribune-pour-un-departement-solidaire-et-prospectif\/","url":"https:\/\/www.uges-isere.fr\/index.php\/2022\/11\/21\/tribune-pour-un-departement-solidaire-et-prospectif\/","name":"TRIBUNE - POUR UN DEPARTEMENT SOLIDAIRE ET PROSPECTIF - D\u00e9partement de l&#039;Is\u00e8re","isPartOf":{"@id":"https:\/\/www.uges-isere.fr\/#website"},"primaryImageOfPage":{"@id":"https:\/\/www.uges-isere.fr\/index.php\/2022\/11\/21\/tribune-pour-un-departement-solidaire-et-prospectif\/#primaryimage"},"image":{"@id":"https:\/\/www.uges-isere.fr\/index.php\/2022\/11\/21\/tribune-pour-un-departement-solidaire-et-prospectif\/#primaryimage"},"thumbnailUrl":"https:\/\/www.uges-isere.fr\/wp-content\/uploads\/2022\/12\/closeup-of-diverse-people-joining-their-hands-1-scaled.jpg","datePublished":"2022-11-21T09:39:59+00:00","dateModified":"2022-12-12T09:49:57+00:00","breadcrumb":{"@id":"https:\/\/www.uges-isere.fr\/index.php\/2022\/11\/21\/tribune-pour-un-departement-solidaire-et-prospectif\/#breadcrumb"},"inLanguage":"fr-FR","potentialAction":[{"@type":"ReadAction","target":["https:\/\/www.uges-isere.fr\/index.php\/2022\/11\/21\/tribune-pour-un-departement-solidaire-et-prospectif\/"]}]},{"@type":"ImageObject","inLanguage":"fr-FR","@id":"https:\/\/www.uges-isere.fr\/index.php\/2022\/11\/21\/tribune-pour-un-departement-solidaire-et-prospectif\/#primaryimage","url":"https:\/\/www.uges-isere.fr\/wp-content\/uploads\/2022\/12\/closeup-of-diverse-people-joining-their-hands-1-scaled.jpg","contentUrl":"https:\/\/www.uges-isere.fr\/wp-content\/uploads\/2022\/12\/closeup-of-diverse-people-joining-their-hands-1-scaled.jpg","width":2560,"height":1440,"caption":"Closeup of diverse people joining their hands"},{"@type":"BreadcrumbList","@id":"https:\/\/www.uges-isere.fr\/index.php\/2022\/11\/21\/tribune-pour-un-departement-solidaire-et-prospectif\/#breadcrumb","itemListElement":[{"@type":"ListItem","position":1,"name":"Accueil","item":"https:\/\/www.uges-isere.fr\/"},{"@type":"ListItem","position":2,"name":"TRIBUNE &#8211; POUR UN DEPARTEMENT SOLIDAIRE ET PROSPECTIF"}]},{"@type":"WebSite","@id":"https:\/\/www.uges-isere.fr\/#website","url":"https:\/\/www.uges-isere.fr\/","name":"D\u00e9partement de l&#039;Is\u00e8re","description":"Groupe d&#039;opposition UGES","publisher":{"@id":"https:\/\/www.uges-isere.fr\/#organization"},"potentialAction":[{"@type":"SearchAction","target":{"@type":"EntryPoint","urlTemplate":"https:\/\/www.uges-isere.fr\/?s={search_term_string}"},"query-input":{"@type":"PropertyValueSpecification","valueRequired":true,"valueName":"search_term_string"}}],"inLanguage":"fr-FR"},{"@type":"Organization","@id":"https:\/\/www.uges-isere.fr\/#organization","name":"D\u00e9partement de l'Is\u00e8re","url":"https:\/\/www.uges-isere.fr\/","logo":{"@type":"ImageObject","inLanguage":"fr-FR","@id":"https:\/\/www.uges-isere.fr\/#\/schema\/logo\/image\/","url":"https:\/\/www.uges-isere.fr\/wp-content\/uploads\/2021\/10\/logo-ok.png","contentUrl":"https:\/\/www.uges-isere.fr\/wp-content\/uploads\/2021\/10\/logo-ok.png","width":2859,"height":1816,"caption":"D\u00e9partement de l'Is\u00e8re"},"image":{"@id":"https:\/\/www.uges-isere.fr\/#\/schema\/logo\/image\/"},"sameAs":["https:\/\/www.facebook.com\/LePrintemps38","https:\/\/x.com\/GroupeUGES38"]},{"@type":"Person","@id":"https:\/\/www.uges-isere.fr\/#\/schema\/person\/a200926d67119314e8837b6a085de83a","name":"ThibaudUGES38","image":{"@type":"ImageObject","inLanguage":"fr-FR","@id":"https:\/\/secure.gravatar.com\/avatar\/e182ebfe597e409aafe3378f828607b2b757ed94a3489b20112818296e03b151?s=96&d=mm&r=g","url":"https:\/\/secure.gravatar.com\/avatar\/e182ebfe597e409aafe3378f828607b2b757ed94a3489b20112818296e03b151?s=96&d=mm&r=g","contentUrl":"https:\/\/secure.gravatar.com\/avatar\/e182ebfe597e409aafe3378f828607b2b757ed94a3489b20112818296e03b151?s=96&d=mm&r=g","caption":"ThibaudUGES38"},"url":"https:\/\/www.uges-isere.fr\/index.php\/author\/thibauduges38\/"}]}},"_links":{"self":[{"href":"https:\/\/www.uges-isere.fr\/index.php\/wp-json\/wp\/v2\/posts\/682788","targetHints":{"allow":["GET"]}}],"collection":[{"href":"https:\/\/www.uges-isere.fr\/index.php\/wp-json\/wp\/v2\/posts"}],"about":[{"href":"https:\/\/www.uges-isere.fr\/index.php\/wp-json\/wp\/v2\/types\/post"}],"author":[{"embeddable":true,"href":"https:\/\/www.uges-isere.fr\/index.php\/wp-json\/wp\/v2\/users\/8"}],"replies":[{"embeddable":true,"href":"https:\/\/www.uges-isere.fr\/index.php\/wp-json\/wp\/v2\/comments?post=682788"}],"version-history":[{"count":1,"href":"https:\/\/www.uges-isere.fr\/index.php\/wp-json\/wp\/v2\/posts\/682788\/revisions"}],"predecessor-version":[{"id":682792,"href":"https:\/\/www.uges-isere.fr\/index.php\/wp-json\/wp\/v2\/posts\/682788\/revisions\/682792"}],"wp:featuredmedia":[{"embeddable":true,"href":"https:\/\/www.uges-isere.fr\/index.php\/wp-json\/wp\/v2\/media\/682791"}],"wp:attachment":[{"href":"https:\/\/www.uges-isere.fr\/index.php\/wp-json\/wp\/v2\/media?parent=682788"}],"wp:term":[{"taxonomy":"category","embeddable":true,"href":"https:\/\/www.uges-isere.fr\/index.php\/wp-json\/wp\/v2\/categories?post=682788"},{"taxonomy":"post_tag","embeddable":true,"href":"https:\/\/www.uges-isere.fr\/index.php\/wp-json\/wp\/v2\/tags?post=682788"}],"curies":[{"name":"wp","href":"https:\/\/api.w.org\/{rel}","templated":true}]}}