{"id":682769,"date":"2022-12-09T16:50:15","date_gmt":"2022-12-09T15:50:15","guid":{"rendered":"https:\/\/www.uges-isere.fr\/?p=682769"},"modified":"2023-02-15T14:35:56","modified_gmt":"2023-02-15T13:35:56","slug":"que-prevoit-le-departement-sur-les-espaces-naturels-sensibles-le-groupe-uges-reste-attentif","status":"publish","type":"post","link":"https:\/\/www.uges-isere.fr\/index.php\/2022\/12\/09\/que-prevoit-le-departement-sur-les-espaces-naturels-sensibles-le-groupe-uges-reste-attentif\/","title":{"rendered":"Que pr\u00e9voit le D\u00e9partement sur les Espaces naturels sensibles ? Le groupe UGES reste attentif"},"content":{"rendered":"\n<p><strong>Lors de la S\u00e9ance publique d\u00e9di\u00e9e au Budget primitif, Marie Questiaux, conseill\u00e8re d\u00e9partementale d&rsquo;Oisans-Romanche, a interrog\u00e9 la majorit\u00e9 sur le volet Environnement et d\u00e9veloppement durable<\/strong>. <\/p>\n\n\n\n<p>La partie principale du budget de cette politique concerne les espaces naturels sensibles. Le d\u00e9partement g\u00e8re ses propres ENS mais aide aussi les communes sur les ENS locaux. <strong>Des remont\u00e9es du terrain nous font craindre un arr\u00eat de ce soutien sur certains ENS ou sur les projets en-cours sous pr\u00e9texte que les ENS co\u00fbteraient trop chers<\/strong>. Nous avons donc pos\u00e9 la question en commission du p\u00e9rim\u00e8tre pour 2023 : <strong><mark style=\"background-color:rgba(0, 0, 0, 0)\" class=\"has-inline-color has-vivid-red-color\"><em>allait-il s\u2019\u00e9tendre, rester le m\u00eame ou se r\u00e9duire ?<\/em><\/mark><\/strong> La r\u00e9ponse nous a \u00e9t\u00e9 donn\u00e9e que des r\u00e9flexions sont en cours et qu\u2019il est trop t\u00f4t pour en parler. Nous esp\u00e9rons vivement que le D\u00e9partement sera pr\u00e9sent pour soutenir les projets en cours et l\u2019ensemble des ENS existants car rappelons-le si n\u00e9cessaire, prot\u00e9ger la biodiversit\u00e9 c\u2019est prot\u00e9ger notre qualit\u00e9 de vie. Sous-utiliser les recettes de la taxe d\u2019am\u00e9nagement serait un signal politique tr\u00e8s fort contre la protection de l\u2019environnement.<\/p>\n\n\n\n<p>Malaise dans les rangs et r\u00e9ponse du Pr\u00e9sident du D\u00e9partement de l&rsquo;Is\u00e8re : \u00ab\u00a0<em>On a fait des am\u00e9nagements sur le pr\u00e9c\u00e9dent mandat avec un certain nombre de mesures, il est temps de revoir le sch\u00e9ma et de voir ce qui se passe au niveau des ENS<\/em>.\u00a0\u00bb A suivre. <\/p>\n","protected":false},"excerpt":{"rendered":"<p>Lors de la S\u00e9ance publique d\u00e9di\u00e9e au Budget primitif, Marie Questiaux, conseill\u00e8re d\u00e9partementale d&rsquo;Oisans-Romanche, a interrog\u00e9 la majorit\u00e9 &hellip; <\/p>\n","protected":false},"author":8,"featured_media":389484,"comment_status":"open","ping_status":"open","sticky":false,"template":"","format":"standard","meta":{"footnotes":""},"categories":[12,65],"tags":[82,81,83],"class_list":["post-682769","post","type-post","status-publish","format-standard","has-post-thumbnail","hentry","category-environnement-et-transition-ecologique","category-seance-publique-decembre-2022","tag-biodiversite","tag-environnement","tag-preservation"],"yoast_head":"<!-- This site is optimized with the Yoast SEO plugin v27.5 - https:\/\/yoast.com\/product\/yoast-seo-wordpress\/ -->\n<title>Que pr\u00e9voit le D\u00e9partement sur les Espaces naturels sensibles ? Le groupe UGES reste attentif - D\u00e9partement de l&#039;Is\u00e8re<\/title>\n<meta name=\"robots\" content=\"index, follow, max-snippet:-1, max-image-preview:large, max-video-preview:-1\" \/>\n<link rel=\"canonical\" href=\"https:\/\/www.uges-isere.fr\/index.php\/2022\/12\/09\/que-prevoit-le-departement-sur-les-espaces-naturels-sensibles-le-groupe-uges-reste-attentif\/\" \/>\n<meta property=\"og:locale\" content=\"fr_FR\" \/>\n<meta property=\"og:type\" content=\"article\" \/>\n<meta property=\"og:title\" content=\"Que pr\u00e9voit le D\u00e9partement sur les Espaces naturels sensibles ? Le groupe UGES reste attentif - D\u00e9partement de l&#039;Is\u00e8re\" \/>\n<meta property=\"og:description\" content=\"Lors de la S\u00e9ance publique d\u00e9di\u00e9e au Budget primitif, Marie Questiaux, conseill\u00e8re d\u00e9partementale d&rsquo;Oisans-Romanche, a interrog\u00e9 la majorit\u00e9 &hellip;\" \/>\n<meta property=\"og:url\" content=\"https:\/\/www.uges-isere.fr\/index.php\/2022\/12\/09\/que-prevoit-le-departement-sur-les-espaces-naturels-sensibles-le-groupe-uges-reste-attentif\/\" \/>\n<meta property=\"og:site_name\" content=\"D\u00e9partement de l&#039;Is\u00e8re\" \/>\n<meta property=\"article:publisher\" content=\"https:\/\/www.facebook.com\/LePrintemps38\" \/>\n<meta property=\"article:published_time\" content=\"2022-12-09T15:50:15+00:00\" \/>\n<meta property=\"article:modified_time\" content=\"2023-02-15T13:35:56+00:00\" \/>\n<meta property=\"og:image\" content=\"https:\/\/www.uges-isere.fr\/wp-content\/uploads\/2022\/12\/INTER-MARIIIIIE.png\" \/>\n\t<meta property=\"og:image:width\" content=\"886\" \/>\n\t<meta property=\"og:image:height\" content=\"505\" \/>\n\t<meta property=\"og:image:type\" content=\"image\/png\" \/>\n<meta name=\"author\" content=\"ThibaudUGES38\" \/>\n<meta name=\"twitter:card\" content=\"summary_large_image\" \/>\n<meta name=\"twitter:creator\" content=\"@GroupeUGES38\" \/>\n<meta name=\"twitter:site\" content=\"@GroupeUGES38\" \/>\n<meta name=\"twitter:label1\" content=\"\u00c9crit par\" \/>\n\t<meta name=\"twitter:data1\" content=\"ThibaudUGES38\" \/>\n\t<meta name=\"twitter:label2\" content=\"Dur\u00e9e de lecture estim\u00e9e\" \/>\n\t<meta name=\"twitter:data2\" content=\"2 minutes\" \/>\n<script type=\"application\/ld+json\" class=\"yoast-schema-graph\">{\"@context\":\"https:\\\/\\\/schema.org\",\"@graph\":[{\"@type\":\"Article\",\"@id\":\"https:\\\/\\\/www.uges-isere.fr\\\/index.php\\\/2022\\\/12\\\/09\\\/que-prevoit-le-departement-sur-les-espaces-naturels-sensibles-le-groupe-uges-reste-attentif\\\/#article\",\"isPartOf\":{\"@id\":\"https:\\\/\\\/www.uges-isere.fr\\\/index.php\\\/2022\\\/12\\\/09\\\/que-prevoit-le-departement-sur-les-espaces-naturels-sensibles-le-groupe-uges-reste-attentif\\\/\"},\"author\":{\"name\":\"ThibaudUGES38\",\"@id\":\"https:\\\/\\\/www.uges-isere.fr\\\/#\\\/schema\\\/person\\\/a200926d67119314e8837b6a085de83a\"},\"headline\":\"Que pr\u00e9voit le D\u00e9partement sur les Espaces naturels sensibles ? Le groupe UGES reste attentif\",\"datePublished\":\"2022-12-09T15:50:15+00:00\",\"dateModified\":\"2023-02-15T13:35:56+00:00\",\"mainEntityOfPage\":{\"@id\":\"https:\\\/\\\/www.uges-isere.fr\\\/index.php\\\/2022\\\/12\\\/09\\\/que-prevoit-le-departement-sur-les-espaces-naturels-sensibles-le-groupe-uges-reste-attentif\\\/\"},\"wordCount\":275,\"commentCount\":0,\"publisher\":{\"@id\":\"https:\\\/\\\/www.uges-isere.fr\\\/#organization\"},\"image\":{\"@id\":\"https:\\\/\\\/www.uges-isere.fr\\\/index.php\\\/2022\\\/12\\\/09\\\/que-prevoit-le-departement-sur-les-espaces-naturels-sensibles-le-groupe-uges-reste-attentif\\\/#primaryimage\"},\"thumbnailUrl\":\"https:\\\/\\\/www.uges-isere.fr\\\/wp-content\\\/uploads\\\/2022\\\/03\\\/mountain-g6d988dacc_1920.jpg\",\"keywords\":[\"biodiversit\u00e9\",\"environnement\",\"pr\u00e9servation\"],\"articleSection\":[\"Environnement et transition \u00e9cologique\",\"S\u00e9ance Publique (Budget Primitif 2023) - D\u00e9cembre 2022\"],\"inLanguage\":\"fr-FR\",\"potentialAction\":[{\"@type\":\"CommentAction\",\"name\":\"Comment\",\"target\":[\"https:\\\/\\\/www.uges-isere.fr\\\/index.php\\\/2022\\\/12\\\/09\\\/que-prevoit-le-departement-sur-les-espaces-naturels-sensibles-le-groupe-uges-reste-attentif\\\/#respond\"]}]},{\"@type\":\"WebPage\",\"@id\":\"https:\\\/\\\/www.uges-isere.fr\\\/index.php\\\/2022\\\/12\\\/09\\\/que-prevoit-le-departement-sur-les-espaces-naturels-sensibles-le-groupe-uges-reste-attentif\\\/\",\"url\":\"https:\\\/\\\/www.uges-isere.fr\\\/index.php\\\/2022\\\/12\\\/09\\\/que-prevoit-le-departement-sur-les-espaces-naturels-sensibles-le-groupe-uges-reste-attentif\\\/\",\"name\":\"Que pr\u00e9voit le D\u00e9partement sur les Espaces naturels sensibles ? Le groupe UGES reste attentif - D\u00e9partement de l&#039;Is\u00e8re\",\"isPartOf\":{\"@id\":\"https:\\\/\\\/www.uges-isere.fr\\\/#website\"},\"primaryImageOfPage\":{\"@id\":\"https:\\\/\\\/www.uges-isere.fr\\\/index.php\\\/2022\\\/12\\\/09\\\/que-prevoit-le-departement-sur-les-espaces-naturels-sensibles-le-groupe-uges-reste-attentif\\\/#primaryimage\"},\"image\":{\"@id\":\"https:\\\/\\\/www.uges-isere.fr\\\/index.php\\\/2022\\\/12\\\/09\\\/que-prevoit-le-departement-sur-les-espaces-naturels-sensibles-le-groupe-uges-reste-attentif\\\/#primaryimage\"},\"thumbnailUrl\":\"https:\\\/\\\/www.uges-isere.fr\\\/wp-content\\\/uploads\\\/2022\\\/03\\\/mountain-g6d988dacc_1920.jpg\",\"datePublished\":\"2022-12-09T15:50:15+00:00\",\"dateModified\":\"2023-02-15T13:35:56+00:00\",\"breadcrumb\":{\"@id\":\"https:\\\/\\\/www.uges-isere.fr\\\/index.php\\\/2022\\\/12\\\/09\\\/que-prevoit-le-departement-sur-les-espaces-naturels-sensibles-le-groupe-uges-reste-attentif\\\/#breadcrumb\"},\"inLanguage\":\"fr-FR\",\"potentialAction\":[{\"@type\":\"ReadAction\",\"target\":[\"https:\\\/\\\/www.uges-isere.fr\\\/index.php\\\/2022\\\/12\\\/09\\\/que-prevoit-le-departement-sur-les-espaces-naturels-sensibles-le-groupe-uges-reste-attentif\\\/\"]}]},{\"@type\":\"ImageObject\",\"inLanguage\":\"fr-FR\",\"@id\":\"https:\\\/\\\/www.uges-isere.fr\\\/index.php\\\/2022\\\/12\\\/09\\\/que-prevoit-le-departement-sur-les-espaces-naturels-sensibles-le-groupe-uges-reste-attentif\\\/#primaryimage\",\"url\":\"https:\\\/\\\/www.uges-isere.fr\\\/wp-content\\\/uploads\\\/2022\\\/03\\\/mountain-g6d988dacc_1920.jpg\",\"contentUrl\":\"https:\\\/\\\/www.uges-isere.fr\\\/wp-content\\\/uploads\\\/2022\\\/03\\\/mountain-g6d988dacc_1920.jpg\",\"width\":1920,\"height\":1280},{\"@type\":\"BreadcrumbList\",\"@id\":\"https:\\\/\\\/www.uges-isere.fr\\\/index.php\\\/2022\\\/12\\\/09\\\/que-prevoit-le-departement-sur-les-espaces-naturels-sensibles-le-groupe-uges-reste-attentif\\\/#breadcrumb\",\"itemListElement\":[{\"@type\":\"ListItem\",\"position\":1,\"name\":\"Accueil\",\"item\":\"https:\\\/\\\/www.uges-isere.fr\\\/\"},{\"@type\":\"ListItem\",\"position\":2,\"name\":\"Que pr\u00e9voit le D\u00e9partement sur les Espaces naturels sensibles ? Le groupe UGES reste attentif\"}]},{\"@type\":\"WebSite\",\"@id\":\"https:\\\/\\\/www.uges-isere.fr\\\/#website\",\"url\":\"https:\\\/\\\/www.uges-isere.fr\\\/\",\"name\":\"D\u00e9partement de l&#039;Is\u00e8re\",\"description\":\"Groupe d&#039;opposition UGES\",\"publisher\":{\"@id\":\"https:\\\/\\\/www.uges-isere.fr\\\/#organization\"},\"potentialAction\":[{\"@type\":\"SearchAction\",\"target\":{\"@type\":\"EntryPoint\",\"urlTemplate\":\"https:\\\/\\\/www.uges-isere.fr\\\/?s={search_term_string}\"},\"query-input\":{\"@type\":\"PropertyValueSpecification\",\"valueRequired\":true,\"valueName\":\"search_term_string\"}}],\"inLanguage\":\"fr-FR\"},{\"@type\":\"Organization\",\"@id\":\"https:\\\/\\\/www.uges-isere.fr\\\/#organization\",\"name\":\"D\u00e9partement de l'Is\u00e8re\",\"url\":\"https:\\\/\\\/www.uges-isere.fr\\\/\",\"logo\":{\"@type\":\"ImageObject\",\"inLanguage\":\"fr-FR\",\"@id\":\"https:\\\/\\\/www.uges-isere.fr\\\/#\\\/schema\\\/logo\\\/image\\\/\",\"url\":\"https:\\\/\\\/www.uges-isere.fr\\\/wp-content\\\/uploads\\\/2021\\\/10\\\/logo-ok.png\",\"contentUrl\":\"https:\\\/\\\/www.uges-isere.fr\\\/wp-content\\\/uploads\\\/2021\\\/10\\\/logo-ok.png\",\"width\":2859,\"height\":1816,\"caption\":\"D\u00e9partement de l'Is\u00e8re\"},\"image\":{\"@id\":\"https:\\\/\\\/www.uges-isere.fr\\\/#\\\/schema\\\/logo\\\/image\\\/\"},\"sameAs\":[\"https:\\\/\\\/www.facebook.com\\\/LePrintemps38\",\"https:\\\/\\\/x.com\\\/GroupeUGES38\"]},{\"@type\":\"Person\",\"@id\":\"https:\\\/\\\/www.uges-isere.fr\\\/#\\\/schema\\\/person\\\/a200926d67119314e8837b6a085de83a\",\"name\":\"ThibaudUGES38\",\"image\":{\"@type\":\"ImageObject\",\"inLanguage\":\"fr-FR\",\"@id\":\"https:\\\/\\\/secure.gravatar.com\\\/avatar\\\/e182ebfe597e409aafe3378f828607b2b757ed94a3489b20112818296e03b151?s=96&d=mm&r=g\",\"url\":\"https:\\\/\\\/secure.gravatar.com\\\/avatar\\\/e182ebfe597e409aafe3378f828607b2b757ed94a3489b20112818296e03b151?s=96&d=mm&r=g\",\"contentUrl\":\"https:\\\/\\\/secure.gravatar.com\\\/avatar\\\/e182ebfe597e409aafe3378f828607b2b757ed94a3489b20112818296e03b151?s=96&d=mm&r=g\",\"caption\":\"ThibaudUGES38\"},\"url\":\"https:\\\/\\\/www.uges-isere.fr\\\/index.php\\\/author\\\/thibauduges38\\\/\"}]}<\/script>\n<!-- \/ Yoast SEO plugin. -->","yoast_head_json":{"title":"Que pr\u00e9voit le D\u00e9partement sur les Espaces naturels sensibles ? Le groupe UGES reste attentif - D\u00e9partement de l&#039;Is\u00e8re","robots":{"index":"index","follow":"follow","max-snippet":"max-snippet:-1","max-image-preview":"max-image-preview:large","max-video-preview":"max-video-preview:-1"},"canonical":"https:\/\/www.uges-isere.fr\/index.php\/2022\/12\/09\/que-prevoit-le-departement-sur-les-espaces-naturels-sensibles-le-groupe-uges-reste-attentif\/","og_locale":"fr_FR","og_type":"article","og_title":"Que pr\u00e9voit le D\u00e9partement sur les Espaces naturels sensibles ? Le groupe UGES reste attentif - D\u00e9partement de l&#039;Is\u00e8re","og_description":"Lors de la S\u00e9ance publique d\u00e9di\u00e9e au Budget primitif, Marie Questiaux, conseill\u00e8re d\u00e9partementale d&rsquo;Oisans-Romanche, a interrog\u00e9 la majorit\u00e9 &hellip;","og_url":"https:\/\/www.uges-isere.fr\/index.php\/2022\/12\/09\/que-prevoit-le-departement-sur-les-espaces-naturels-sensibles-le-groupe-uges-reste-attentif\/","og_site_name":"D\u00e9partement de l&#039;Is\u00e8re","article_publisher":"https:\/\/www.facebook.com\/LePrintemps38","article_published_time":"2022-12-09T15:50:15+00:00","article_modified_time":"2023-02-15T13:35:56+00:00","og_image":[{"width":886,"height":505,"url":"https:\/\/www.uges-isere.fr\/wp-content\/uploads\/2022\/12\/INTER-MARIIIIIE.png","type":"image\/png"}],"author":"ThibaudUGES38","twitter_card":"summary_large_image","twitter_creator":"@GroupeUGES38","twitter_site":"@GroupeUGES38","twitter_misc":{"\u00c9crit par":"ThibaudUGES38","Dur\u00e9e de lecture estim\u00e9e":"2 minutes"},"schema":{"@context":"https:\/\/schema.org","@graph":[{"@type":"Article","@id":"https:\/\/www.uges-isere.fr\/index.php\/2022\/12\/09\/que-prevoit-le-departement-sur-les-espaces-naturels-sensibles-le-groupe-uges-reste-attentif\/#article","isPartOf":{"@id":"https:\/\/www.uges-isere.fr\/index.php\/2022\/12\/09\/que-prevoit-le-departement-sur-les-espaces-naturels-sensibles-le-groupe-uges-reste-attentif\/"},"author":{"name":"ThibaudUGES38","@id":"https:\/\/www.uges-isere.fr\/#\/schema\/person\/a200926d67119314e8837b6a085de83a"},"headline":"Que pr\u00e9voit le D\u00e9partement sur les Espaces naturels sensibles ? Le groupe UGES reste attentif","datePublished":"2022-12-09T15:50:15+00:00","dateModified":"2023-02-15T13:35:56+00:00","mainEntityOfPage":{"@id":"https:\/\/www.uges-isere.fr\/index.php\/2022\/12\/09\/que-prevoit-le-departement-sur-les-espaces-naturels-sensibles-le-groupe-uges-reste-attentif\/"},"wordCount":275,"commentCount":0,"publisher":{"@id":"https:\/\/www.uges-isere.fr\/#organization"},"image":{"@id":"https:\/\/www.uges-isere.fr\/index.php\/2022\/12\/09\/que-prevoit-le-departement-sur-les-espaces-naturels-sensibles-le-groupe-uges-reste-attentif\/#primaryimage"},"thumbnailUrl":"https:\/\/www.uges-isere.fr\/wp-content\/uploads\/2022\/03\/mountain-g6d988dacc_1920.jpg","keywords":["biodiversit\u00e9","environnement","pr\u00e9servation"],"articleSection":["Environnement et transition \u00e9cologique","S\u00e9ance Publique (Budget Primitif 2023) - D\u00e9cembre 2022"],"inLanguage":"fr-FR","potentialAction":[{"@type":"CommentAction","name":"Comment","target":["https:\/\/www.uges-isere.fr\/index.php\/2022\/12\/09\/que-prevoit-le-departement-sur-les-espaces-naturels-sensibles-le-groupe-uges-reste-attentif\/#respond"]}]},{"@type":"WebPage","@id":"https:\/\/www.uges-isere.fr\/index.php\/2022\/12\/09\/que-prevoit-le-departement-sur-les-espaces-naturels-sensibles-le-groupe-uges-reste-attentif\/","url":"https:\/\/www.uges-isere.fr\/index.php\/2022\/12\/09\/que-prevoit-le-departement-sur-les-espaces-naturels-sensibles-le-groupe-uges-reste-attentif\/","name":"Que pr\u00e9voit le D\u00e9partement sur les Espaces naturels sensibles ? Le groupe UGES reste attentif - D\u00e9partement de l&#039;Is\u00e8re","isPartOf":{"@id":"https:\/\/www.uges-isere.fr\/#website"},"primaryImageOfPage":{"@id":"https:\/\/www.uges-isere.fr\/index.php\/2022\/12\/09\/que-prevoit-le-departement-sur-les-espaces-naturels-sensibles-le-groupe-uges-reste-attentif\/#primaryimage"},"image":{"@id":"https:\/\/www.uges-isere.fr\/index.php\/2022\/12\/09\/que-prevoit-le-departement-sur-les-espaces-naturels-sensibles-le-groupe-uges-reste-attentif\/#primaryimage"},"thumbnailUrl":"https:\/\/www.uges-isere.fr\/wp-content\/uploads\/2022\/03\/mountain-g6d988dacc_1920.jpg","datePublished":"2022-12-09T15:50:15+00:00","dateModified":"2023-02-15T13:35:56+00:00","breadcrumb":{"@id":"https:\/\/www.uges-isere.fr\/index.php\/2022\/12\/09\/que-prevoit-le-departement-sur-les-espaces-naturels-sensibles-le-groupe-uges-reste-attentif\/#breadcrumb"},"inLanguage":"fr-FR","potentialAction":[{"@type":"ReadAction","target":["https:\/\/www.uges-isere.fr\/index.php\/2022\/12\/09\/que-prevoit-le-departement-sur-les-espaces-naturels-sensibles-le-groupe-uges-reste-attentif\/"]}]},{"@type":"ImageObject","inLanguage":"fr-FR","@id":"https:\/\/www.uges-isere.fr\/index.php\/2022\/12\/09\/que-prevoit-le-departement-sur-les-espaces-naturels-sensibles-le-groupe-uges-reste-attentif\/#primaryimage","url":"https:\/\/www.uges-isere.fr\/wp-content\/uploads\/2022\/03\/mountain-g6d988dacc_1920.jpg","contentUrl":"https:\/\/www.uges-isere.fr\/wp-content\/uploads\/2022\/03\/mountain-g6d988dacc_1920.jpg","width":1920,"height":1280},{"@type":"BreadcrumbList","@id":"https:\/\/www.uges-isere.fr\/index.php\/2022\/12\/09\/que-prevoit-le-departement-sur-les-espaces-naturels-sensibles-le-groupe-uges-reste-attentif\/#breadcrumb","itemListElement":[{"@type":"ListItem","position":1,"name":"Accueil","item":"https:\/\/www.uges-isere.fr\/"},{"@type":"ListItem","position":2,"name":"Que pr\u00e9voit le D\u00e9partement sur les Espaces naturels sensibles ? Le groupe UGES reste attentif"}]},{"@type":"WebSite","@id":"https:\/\/www.uges-isere.fr\/#website","url":"https:\/\/www.uges-isere.fr\/","name":"D\u00e9partement de l&#039;Is\u00e8re","description":"Groupe d&#039;opposition UGES","publisher":{"@id":"https:\/\/www.uges-isere.fr\/#organization"},"potentialAction":[{"@type":"SearchAction","target":{"@type":"EntryPoint","urlTemplate":"https:\/\/www.uges-isere.fr\/?s={search_term_string}"},"query-input":{"@type":"PropertyValueSpecification","valueRequired":true,"valueName":"search_term_string"}}],"inLanguage":"fr-FR"},{"@type":"Organization","@id":"https:\/\/www.uges-isere.fr\/#organization","name":"D\u00e9partement de l'Is\u00e8re","url":"https:\/\/www.uges-isere.fr\/","logo":{"@type":"ImageObject","inLanguage":"fr-FR","@id":"https:\/\/www.uges-isere.fr\/#\/schema\/logo\/image\/","url":"https:\/\/www.uges-isere.fr\/wp-content\/uploads\/2021\/10\/logo-ok.png","contentUrl":"https:\/\/www.uges-isere.fr\/wp-content\/uploads\/2021\/10\/logo-ok.png","width":2859,"height":1816,"caption":"D\u00e9partement de l'Is\u00e8re"},"image":{"@id":"https:\/\/www.uges-isere.fr\/#\/schema\/logo\/image\/"},"sameAs":["https:\/\/www.facebook.com\/LePrintemps38","https:\/\/x.com\/GroupeUGES38"]},{"@type":"Person","@id":"https:\/\/www.uges-isere.fr\/#\/schema\/person\/a200926d67119314e8837b6a085de83a","name":"ThibaudUGES38","image":{"@type":"ImageObject","inLanguage":"fr-FR","@id":"https:\/\/secure.gravatar.com\/avatar\/e182ebfe597e409aafe3378f828607b2b757ed94a3489b20112818296e03b151?s=96&d=mm&r=g","url":"https:\/\/secure.gravatar.com\/avatar\/e182ebfe597e409aafe3378f828607b2b757ed94a3489b20112818296e03b151?s=96&d=mm&r=g","contentUrl":"https:\/\/secure.gravatar.com\/avatar\/e182ebfe597e409aafe3378f828607b2b757ed94a3489b20112818296e03b151?s=96&d=mm&r=g","caption":"ThibaudUGES38"},"url":"https:\/\/www.uges-isere.fr\/index.php\/author\/thibauduges38\/"}]}},"_links":{"self":[{"href":"https:\/\/www.uges-isere.fr\/index.php\/wp-json\/wp\/v2\/posts\/682769","targetHints":{"allow":["GET"]}}],"collection":[{"href":"https:\/\/www.uges-isere.fr\/index.php\/wp-json\/wp\/v2\/posts"}],"about":[{"href":"https:\/\/www.uges-isere.fr\/index.php\/wp-json\/wp\/v2\/types\/post"}],"author":[{"embeddable":true,"href":"https:\/\/www.uges-isere.fr\/index.php\/wp-json\/wp\/v2\/users\/8"}],"replies":[{"embeddable":true,"href":"https:\/\/www.uges-isere.fr\/index.php\/wp-json\/wp\/v2\/comments?post=682769"}],"version-history":[{"count":1,"href":"https:\/\/www.uges-isere.fr\/index.php\/wp-json\/wp\/v2\/posts\/682769\/revisions"}],"predecessor-version":[{"id":682771,"href":"https:\/\/www.uges-isere.fr\/index.php\/wp-json\/wp\/v2\/posts\/682769\/revisions\/682771"}],"wp:featuredmedia":[{"embeddable":true,"href":"https:\/\/www.uges-isere.fr\/index.php\/wp-json\/wp\/v2\/media\/389484"}],"wp:attachment":[{"href":"https:\/\/www.uges-isere.fr\/index.php\/wp-json\/wp\/v2\/media?parent=682769"}],"wp:term":[{"taxonomy":"category","embeddable":true,"href":"https:\/\/www.uges-isere.fr\/index.php\/wp-json\/wp\/v2\/categories?post=682769"},{"taxonomy":"post_tag","embeddable":true,"href":"https:\/\/www.uges-isere.fr\/index.php\/wp-json\/wp\/v2\/tags?post=682769"}],"curies":[{"name":"wp","href":"https:\/\/api.w.org\/{rel}","templated":true}]}}