{"id":682759,"date":"2022-12-09T16:15:35","date_gmt":"2022-12-09T15:15:35","guid":{"rendered":"https:\/\/www.uges-isere.fr\/?p=682759"},"modified":"2022-12-09T19:51:56","modified_gmt":"2022-12-09T18:51:56","slug":"education-la-majorite-departementale-fait-le-choix-de-contribuer-a-faire-une-ecole-a-deux-vitesses","status":"publish","type":"post","link":"https:\/\/www.uges-isere.fr\/index.php\/2022\/12\/09\/education-la-majorite-departementale-fait-le-choix-de-contribuer-a-faire-une-ecole-a-deux-vitesses\/","title":{"rendered":"Education : la majorit\u00e9 d\u00e9partementale porte le choix de contribuer \u00e0 faire une \u00e9cole \u00e0 deux vitesses\u00a0"},"content":{"rendered":"\n<p>A l\u2019occasion de la d\u00e9lib\u00e9ration concernant le Plan de R\u00e9novation des coll\u00e8ges (octobre 2021), par la voix de Simon Billouet, le groupe UGES a interrog\u00e9 la majorit\u00e9 d\u00e9partementale sur l<strong>a mixit\u00e9 sociale et la s\u00e9gr\u00e9gation scolaire dans les coll\u00e8ges is\u00e9rois<\/strong>.<\/p>\n\n\n\n<p>La Vice-Pr\u00e9sidente \u00e0 l\u2019Education avait signifi\u00e9 que le D\u00e9partement travaillait sur cette question, <em>\u00ab&nbsp;parce que la mixit\u00e9 sociale, tout le monde en parle, tout le monde en veut, mais personne ne l\u2019applique et nous allons l\u2019appliquer<\/em>&nbsp;\u00bb. C\u2019\u00e9tait aussi ce qu\u2019avait indiqu\u00e9 M. le Pr\u00e9sident \u00e0 la rentr\u00e9e 2019 au micro du Dauphin\u00e9 Lib\u00e9r\u00e9.<\/p>\n\n\n\n<p>Comme le rappelle le Conseil national d\u2019\u00e9valuation du syst\u00e8me scolaire, la s\u00e9gr\u00e9gation scolaire a un effet d\u00e9vastateur, d\u00e9plorant <em>\u00ab&nbsp;\u00e9chec et d\u00e9crochage scolaires, du racisme, des pr\u00e9jug\u00e9s, des d\u00e9rives extr\u00e9mistes, effritement de la solidarit\u00e9 sociale, probl\u00e8mes de sant\u00e9 publique, \u00e9puisement des enseignants<\/em>.&nbsp;\u00bb<\/p>\n\n\n\n<p>Le Minist\u00e8re de l\u2019Education nationale, contraint par une d\u00e9cision de justice, a rendu publique l\u2019\u00e9tude relative aux <strong>Indices de Positionnement Social (IPS)<\/strong> des coll\u00e8ges<strong>. Le classement des IPS d\u00e9montre de tr\u00e8s profondes disparit\u00e9s entre les coll\u00e8ges is\u00e9rois et particuli\u00e8rement ceux situ\u00e9s dans l\u2019agglom\u00e9ration grenobloise<\/strong>. Nous  sommes ainsi pleinement concern\u00e9s par cette question de mixit\u00e9 sociale.<\/p>\n\n\n\n<p>Des solutions existent : le groupe UGES avait ainsi \u00e9voqu\u00e9 l&rsquo;an dernier l\u2019<strong>exp\u00e9rimentation port\u00e9e par le Conseil d\u00e9partemental de Haute-Garonne<\/strong> \u00e0 travers une politique ambitieuse d\u2019affectation des \u00e9l\u00e8ves des quartiers les plus d\u00e9favoris\u00e9s dans d\u2019autres coll\u00e8ges de l\u2019agglom\u00e9ration, le tout accompagn\u00e9 par une offre de transport pris en charge volontairement par le D\u00e9partement. Cette exp\u00e9rimentation produit des r\u00e9sultats plus que prometteurs et pourrait \u00eatre \u00e9largie \u00e0 plusieurs agglom\u00e9rations comme celle de Grenoble.<\/p>\n\n\n\n<p>Au-del\u00e0 de cette exp\u00e9rimentation,<strong> la publication des Indices de Positionnement Social nous pousse \u00e0 regarder la disparit\u00e9 sociale qui existe entre les coll\u00e8ges priv\u00e9s et publics.<\/strong><\/p>\n\n\n\n<p>Lors des d\u00e9bats du pr\u00e9c\u00e9dent Budget primitif, M. le Pr\u00e9sident d\u00e9clarait&nbsp;: \u00ab&nbsp;<em>Je suis d\u00e9sol\u00e9, il n\u2019y a pas que des parents ais\u00e9s dans le priv\u00e9, loin de l\u00e0 <\/em>\u00bb, et M.Chriqui rench\u00e9rissait \u00ab&nbsp;<em>nos coll\u00e8ges priv\u00e9s accueillent des enfants de toutes sensibilit\u00e9s&nbsp;<\/em>\u00bb. La r\u00e9alit\u00e9 des chiffres mise en lumi\u00e8re par cette \u00e9tude sur les IPS est que dans les 700 coll\u00e8ges les moins favoris\u00e9s dans notre pays, seul 23 sont priv\u00e9s. Dans les 700 plus favoris\u00e9s, 424 sont priv\u00e9s.<\/p>\n\n\n\n<p>Et dans notre D\u00e9partement&nbsp;? <strong>Sur les 5 coll\u00e8ges les plus favoris\u00e9s du D\u00e9partement, 4 sont priv\u00e9s. Et \u00e0 contrario, sur les 20 coll\u00e8ges les plus d\u00e9favoris\u00e9s, 19 sont publics.<\/strong> Ces chiffres, ce sont la r\u00e9alit\u00e9, et ces chiffres ne sont pas contest\u00e9s. Par exemple, Philippe Delorme, le secr\u00e9taire g\u00e9n\u00e9ral de l\u2019enseignement catholique&nbsp;d\u00e9clarait r\u00e9cemment: <em>\u00ab Les familles les plus d\u00e9munies ne postulent pas chez nous<\/em> (dans les coll\u00e8ges priv\u00e9s)\u00bb en ajoutant aussi que \u00ab <em>l\u2019entre-soi n\u2019est pas quelque chose de souhaitable<\/em> \u00bb.<\/p>\n\n\n\n<p>C\u2019est pour cette raison que les \u00e9lu-es du groupe UGES avaient propos\u00e9 en 2021 un amendement visant \u00e0 moduler l\u2019aide apport\u00e9e aux coll\u00e8ges priv\u00e9es selon le respect de la carte scolaire et de la mixit\u00e9 sociale. Par exemple\u00a0: non loin de l\u2019h\u00e9micycle d\u00e9partemental, \u00e0 moins de 300 m\u00e8tres de distance, nous avons deux coll\u00e8ges dont les IPS moyens diff\u00e8rent de plus de 40 points. Sur un indice qui va de 38 \u00e0 179, 40 points de diff\u00e9rence en moyenne\u00a0!<\/p>\n\n\n\n<p><strong>En poursuivant sa politique d\u2019aider les coll\u00e8ges priv\u00e9s au taux maximum quelle que soit leur politique de recrutement, la majorit\u00e9 d\u00e9partementale fait le choix de contribuer \u00e0 faire une \u00e9cole \u00e0 deux vitesses&nbsp;: une \u00e9cole o\u00f9 on donne moins \u00e0 ceux qui en ont le moins.<\/strong><\/p>\n","protected":false},"excerpt":{"rendered":"<p>A l\u2019occasion de la d\u00e9lib\u00e9ration concernant le Plan de R\u00e9novation des coll\u00e8ges (octobre 2021), par la voix de &hellip; <\/p>\n","protected":false},"author":8,"featured_media":339187,"comment_status":"open","ping_status":"open","sticky":false,"template":"","format":"standard","meta":{"footnotes":""},"categories":[11,65],"tags":[],"class_list":["post-682759","post","type-post","status-publish","format-standard","has-post-thumbnail","hentry","category-education-jeunesse-et-sports","category-seance-publique-decembre-2022"],"yoast_head":"<!-- This site is optimized with the Yoast SEO plugin v27.5 - https:\/\/yoast.com\/product\/yoast-seo-wordpress\/ -->\n<title>Education : la majorit\u00e9 d\u00e9partementale porte le choix de contribuer \u00e0 faire une \u00e9cole \u00e0 deux vitesses\u00a0 - D\u00e9partement de l&#039;Is\u00e8re<\/title>\n<meta name=\"robots\" content=\"index, follow, max-snippet:-1, max-image-preview:large, max-video-preview:-1\" \/>\n<link rel=\"canonical\" href=\"https:\/\/www.uges-isere.fr\/index.php\/2022\/12\/09\/education-la-majorite-departementale-fait-le-choix-de-contribuer-a-faire-une-ecole-a-deux-vitesses\/\" \/>\n<meta property=\"og:locale\" content=\"fr_FR\" \/>\n<meta property=\"og:type\" content=\"article\" \/>\n<meta property=\"og:title\" content=\"Education : la majorit\u00e9 d\u00e9partementale porte le choix de contribuer \u00e0 faire une \u00e9cole \u00e0 deux vitesses\u00a0 - D\u00e9partement de l&#039;Is\u00e8re\" \/>\n<meta property=\"og:description\" content=\"A l\u2019occasion de la d\u00e9lib\u00e9ration concernant le Plan de R\u00e9novation des coll\u00e8ges (octobre 2021), par la voix de &hellip;\" \/>\n<meta property=\"og:url\" content=\"https:\/\/www.uges-isere.fr\/index.php\/2022\/12\/09\/education-la-majorite-departementale-fait-le-choix-de-contribuer-a-faire-une-ecole-a-deux-vitesses\/\" \/>\n<meta property=\"og:site_name\" content=\"D\u00e9partement de l&#039;Is\u00e8re\" \/>\n<meta property=\"article:publisher\" content=\"https:\/\/www.facebook.com\/LePrintemps38\" \/>\n<meta property=\"article:published_time\" content=\"2022-12-09T15:15:35+00:00\" \/>\n<meta property=\"article:modified_time\" content=\"2022-12-09T18:51:56+00:00\" \/>\n<meta property=\"og:image\" content=\"https:\/\/www.uges-isere.fr\/wp-content\/uploads\/2022\/01\/classroom-g17f98ea98_1920.jpg\" \/>\n\t<meta property=\"og:image:width\" content=\"1920\" \/>\n\t<meta property=\"og:image:height\" content=\"1372\" \/>\n\t<meta property=\"og:image:type\" content=\"image\/jpeg\" \/>\n<meta name=\"author\" content=\"ThibaudUGES38\" \/>\n<meta name=\"twitter:card\" content=\"summary_large_image\" \/>\n<meta name=\"twitter:creator\" content=\"@GroupeUGES38\" \/>\n<meta name=\"twitter:site\" content=\"@GroupeUGES38\" \/>\n<meta name=\"twitter:label1\" content=\"\u00c9crit par\" \/>\n\t<meta name=\"twitter:data1\" content=\"ThibaudUGES38\" \/>\n\t<meta name=\"twitter:label2\" content=\"Dur\u00e9e de lecture estim\u00e9e\" \/>\n\t<meta name=\"twitter:data2\" content=\"3 minutes\" \/>\n<script type=\"application\/ld+json\" class=\"yoast-schema-graph\">{\"@context\":\"https:\\\/\\\/schema.org\",\"@graph\":[{\"@type\":\"Article\",\"@id\":\"https:\\\/\\\/www.uges-isere.fr\\\/index.php\\\/2022\\\/12\\\/09\\\/education-la-majorite-departementale-fait-le-choix-de-contribuer-a-faire-une-ecole-a-deux-vitesses\\\/#article\",\"isPartOf\":{\"@id\":\"https:\\\/\\\/www.uges-isere.fr\\\/index.php\\\/2022\\\/12\\\/09\\\/education-la-majorite-departementale-fait-le-choix-de-contribuer-a-faire-une-ecole-a-deux-vitesses\\\/\"},\"author\":{\"name\":\"ThibaudUGES38\",\"@id\":\"https:\\\/\\\/www.uges-isere.fr\\\/#\\\/schema\\\/person\\\/a200926d67119314e8837b6a085de83a\"},\"headline\":\"Education : la majorit\u00e9 d\u00e9partementale porte le choix de contribuer \u00e0 faire une \u00e9cole \u00e0 deux vitesses\u00a0\",\"datePublished\":\"2022-12-09T15:15:35+00:00\",\"dateModified\":\"2022-12-09T18:51:56+00:00\",\"mainEntityOfPage\":{\"@id\":\"https:\\\/\\\/www.uges-isere.fr\\\/index.php\\\/2022\\\/12\\\/09\\\/education-la-majorite-departementale-fait-le-choix-de-contribuer-a-faire-une-ecole-a-deux-vitesses\\\/\"},\"wordCount\":688,\"commentCount\":0,\"publisher\":{\"@id\":\"https:\\\/\\\/www.uges-isere.fr\\\/#organization\"},\"image\":{\"@id\":\"https:\\\/\\\/www.uges-isere.fr\\\/index.php\\\/2022\\\/12\\\/09\\\/education-la-majorite-departementale-fait-le-choix-de-contribuer-a-faire-une-ecole-a-deux-vitesses\\\/#primaryimage\"},\"thumbnailUrl\":\"https:\\\/\\\/www.uges-isere.fr\\\/wp-content\\\/uploads\\\/2022\\\/01\\\/classroom-g17f98ea98_1920.jpg\",\"articleSection\":[\"Education, jeunesse et sports\",\"S\u00e9ance Publique (Budget Primitif 2023) - D\u00e9cembre 2022\"],\"inLanguage\":\"fr-FR\",\"potentialAction\":[{\"@type\":\"CommentAction\",\"name\":\"Comment\",\"target\":[\"https:\\\/\\\/www.uges-isere.fr\\\/index.php\\\/2022\\\/12\\\/09\\\/education-la-majorite-departementale-fait-le-choix-de-contribuer-a-faire-une-ecole-a-deux-vitesses\\\/#respond\"]}]},{\"@type\":\"WebPage\",\"@id\":\"https:\\\/\\\/www.uges-isere.fr\\\/index.php\\\/2022\\\/12\\\/09\\\/education-la-majorite-departementale-fait-le-choix-de-contribuer-a-faire-une-ecole-a-deux-vitesses\\\/\",\"url\":\"https:\\\/\\\/www.uges-isere.fr\\\/index.php\\\/2022\\\/12\\\/09\\\/education-la-majorite-departementale-fait-le-choix-de-contribuer-a-faire-une-ecole-a-deux-vitesses\\\/\",\"name\":\"Education : la majorit\u00e9 d\u00e9partementale porte le choix de contribuer \u00e0 faire une \u00e9cole \u00e0 deux vitesses\u00a0 - D\u00e9partement de l&#039;Is\u00e8re\",\"isPartOf\":{\"@id\":\"https:\\\/\\\/www.uges-isere.fr\\\/#website\"},\"primaryImageOfPage\":{\"@id\":\"https:\\\/\\\/www.uges-isere.fr\\\/index.php\\\/2022\\\/12\\\/09\\\/education-la-majorite-departementale-fait-le-choix-de-contribuer-a-faire-une-ecole-a-deux-vitesses\\\/#primaryimage\"},\"image\":{\"@id\":\"https:\\\/\\\/www.uges-isere.fr\\\/index.php\\\/2022\\\/12\\\/09\\\/education-la-majorite-departementale-fait-le-choix-de-contribuer-a-faire-une-ecole-a-deux-vitesses\\\/#primaryimage\"},\"thumbnailUrl\":\"https:\\\/\\\/www.uges-isere.fr\\\/wp-content\\\/uploads\\\/2022\\\/01\\\/classroom-g17f98ea98_1920.jpg\",\"datePublished\":\"2022-12-09T15:15:35+00:00\",\"dateModified\":\"2022-12-09T18:51:56+00:00\",\"breadcrumb\":{\"@id\":\"https:\\\/\\\/www.uges-isere.fr\\\/index.php\\\/2022\\\/12\\\/09\\\/education-la-majorite-departementale-fait-le-choix-de-contribuer-a-faire-une-ecole-a-deux-vitesses\\\/#breadcrumb\"},\"inLanguage\":\"fr-FR\",\"potentialAction\":[{\"@type\":\"ReadAction\",\"target\":[\"https:\\\/\\\/www.uges-isere.fr\\\/index.php\\\/2022\\\/12\\\/09\\\/education-la-majorite-departementale-fait-le-choix-de-contribuer-a-faire-une-ecole-a-deux-vitesses\\\/\"]}]},{\"@type\":\"ImageObject\",\"inLanguage\":\"fr-FR\",\"@id\":\"https:\\\/\\\/www.uges-isere.fr\\\/index.php\\\/2022\\\/12\\\/09\\\/education-la-majorite-departementale-fait-le-choix-de-contribuer-a-faire-une-ecole-a-deux-vitesses\\\/#primaryimage\",\"url\":\"https:\\\/\\\/www.uges-isere.fr\\\/wp-content\\\/uploads\\\/2022\\\/01\\\/classroom-g17f98ea98_1920.jpg\",\"contentUrl\":\"https:\\\/\\\/www.uges-isere.fr\\\/wp-content\\\/uploads\\\/2022\\\/01\\\/classroom-g17f98ea98_1920.jpg\",\"width\":1920,\"height\":1372},{\"@type\":\"BreadcrumbList\",\"@id\":\"https:\\\/\\\/www.uges-isere.fr\\\/index.php\\\/2022\\\/12\\\/09\\\/education-la-majorite-departementale-fait-le-choix-de-contribuer-a-faire-une-ecole-a-deux-vitesses\\\/#breadcrumb\",\"itemListElement\":[{\"@type\":\"ListItem\",\"position\":1,\"name\":\"Accueil\",\"item\":\"https:\\\/\\\/www.uges-isere.fr\\\/\"},{\"@type\":\"ListItem\",\"position\":2,\"name\":\"Education : la majorit\u00e9 d\u00e9partementale porte le choix de contribuer \u00e0 faire une \u00e9cole \u00e0 deux vitesses\u00a0\"}]},{\"@type\":\"WebSite\",\"@id\":\"https:\\\/\\\/www.uges-isere.fr\\\/#website\",\"url\":\"https:\\\/\\\/www.uges-isere.fr\\\/\",\"name\":\"D\u00e9partement de l&#039;Is\u00e8re\",\"description\":\"Groupe d&#039;opposition UGES\",\"publisher\":{\"@id\":\"https:\\\/\\\/www.uges-isere.fr\\\/#organization\"},\"potentialAction\":[{\"@type\":\"SearchAction\",\"target\":{\"@type\":\"EntryPoint\",\"urlTemplate\":\"https:\\\/\\\/www.uges-isere.fr\\\/?s={search_term_string}\"},\"query-input\":{\"@type\":\"PropertyValueSpecification\",\"valueRequired\":true,\"valueName\":\"search_term_string\"}}],\"inLanguage\":\"fr-FR\"},{\"@type\":\"Organization\",\"@id\":\"https:\\\/\\\/www.uges-isere.fr\\\/#organization\",\"name\":\"D\u00e9partement de l'Is\u00e8re\",\"url\":\"https:\\\/\\\/www.uges-isere.fr\\\/\",\"logo\":{\"@type\":\"ImageObject\",\"inLanguage\":\"fr-FR\",\"@id\":\"https:\\\/\\\/www.uges-isere.fr\\\/#\\\/schema\\\/logo\\\/image\\\/\",\"url\":\"https:\\\/\\\/www.uges-isere.fr\\\/wp-content\\\/uploads\\\/2021\\\/10\\\/logo-ok.png\",\"contentUrl\":\"https:\\\/\\\/www.uges-isere.fr\\\/wp-content\\\/uploads\\\/2021\\\/10\\\/logo-ok.png\",\"width\":2859,\"height\":1816,\"caption\":\"D\u00e9partement de l'Is\u00e8re\"},\"image\":{\"@id\":\"https:\\\/\\\/www.uges-isere.fr\\\/#\\\/schema\\\/logo\\\/image\\\/\"},\"sameAs\":[\"https:\\\/\\\/www.facebook.com\\\/LePrintemps38\",\"https:\\\/\\\/x.com\\\/GroupeUGES38\"]},{\"@type\":\"Person\",\"@id\":\"https:\\\/\\\/www.uges-isere.fr\\\/#\\\/schema\\\/person\\\/a200926d67119314e8837b6a085de83a\",\"name\":\"ThibaudUGES38\",\"image\":{\"@type\":\"ImageObject\",\"inLanguage\":\"fr-FR\",\"@id\":\"https:\\\/\\\/secure.gravatar.com\\\/avatar\\\/e182ebfe597e409aafe3378f828607b2b757ed94a3489b20112818296e03b151?s=96&d=mm&r=g\",\"url\":\"https:\\\/\\\/secure.gravatar.com\\\/avatar\\\/e182ebfe597e409aafe3378f828607b2b757ed94a3489b20112818296e03b151?s=96&d=mm&r=g\",\"contentUrl\":\"https:\\\/\\\/secure.gravatar.com\\\/avatar\\\/e182ebfe597e409aafe3378f828607b2b757ed94a3489b20112818296e03b151?s=96&d=mm&r=g\",\"caption\":\"ThibaudUGES38\"},\"url\":\"https:\\\/\\\/www.uges-isere.fr\\\/index.php\\\/author\\\/thibauduges38\\\/\"}]}<\/script>\n<!-- \/ Yoast SEO plugin. -->","yoast_head_json":{"title":"Education : la majorit\u00e9 d\u00e9partementale porte le choix de contribuer \u00e0 faire une \u00e9cole \u00e0 deux vitesses\u00a0 - D\u00e9partement de l&#039;Is\u00e8re","robots":{"index":"index","follow":"follow","max-snippet":"max-snippet:-1","max-image-preview":"max-image-preview:large","max-video-preview":"max-video-preview:-1"},"canonical":"https:\/\/www.uges-isere.fr\/index.php\/2022\/12\/09\/education-la-majorite-departementale-fait-le-choix-de-contribuer-a-faire-une-ecole-a-deux-vitesses\/","og_locale":"fr_FR","og_type":"article","og_title":"Education : la majorit\u00e9 d\u00e9partementale porte le choix de contribuer \u00e0 faire une \u00e9cole \u00e0 deux vitesses\u00a0 - D\u00e9partement de l&#039;Is\u00e8re","og_description":"A l\u2019occasion de la d\u00e9lib\u00e9ration concernant le Plan de R\u00e9novation des coll\u00e8ges (octobre 2021), par la voix de &hellip;","og_url":"https:\/\/www.uges-isere.fr\/index.php\/2022\/12\/09\/education-la-majorite-departementale-fait-le-choix-de-contribuer-a-faire-une-ecole-a-deux-vitesses\/","og_site_name":"D\u00e9partement de l&#039;Is\u00e8re","article_publisher":"https:\/\/www.facebook.com\/LePrintemps38","article_published_time":"2022-12-09T15:15:35+00:00","article_modified_time":"2022-12-09T18:51:56+00:00","og_image":[{"width":1920,"height":1372,"url":"https:\/\/www.uges-isere.fr\/wp-content\/uploads\/2022\/01\/classroom-g17f98ea98_1920.jpg","type":"image\/jpeg"}],"author":"ThibaudUGES38","twitter_card":"summary_large_image","twitter_creator":"@GroupeUGES38","twitter_site":"@GroupeUGES38","twitter_misc":{"\u00c9crit par":"ThibaudUGES38","Dur\u00e9e de lecture estim\u00e9e":"3 minutes"},"schema":{"@context":"https:\/\/schema.org","@graph":[{"@type":"Article","@id":"https:\/\/www.uges-isere.fr\/index.php\/2022\/12\/09\/education-la-majorite-departementale-fait-le-choix-de-contribuer-a-faire-une-ecole-a-deux-vitesses\/#article","isPartOf":{"@id":"https:\/\/www.uges-isere.fr\/index.php\/2022\/12\/09\/education-la-majorite-departementale-fait-le-choix-de-contribuer-a-faire-une-ecole-a-deux-vitesses\/"},"author":{"name":"ThibaudUGES38","@id":"https:\/\/www.uges-isere.fr\/#\/schema\/person\/a200926d67119314e8837b6a085de83a"},"headline":"Education : la majorit\u00e9 d\u00e9partementale porte le choix de contribuer \u00e0 faire une \u00e9cole \u00e0 deux vitesses\u00a0","datePublished":"2022-12-09T15:15:35+00:00","dateModified":"2022-12-09T18:51:56+00:00","mainEntityOfPage":{"@id":"https:\/\/www.uges-isere.fr\/index.php\/2022\/12\/09\/education-la-majorite-departementale-fait-le-choix-de-contribuer-a-faire-une-ecole-a-deux-vitesses\/"},"wordCount":688,"commentCount":0,"publisher":{"@id":"https:\/\/www.uges-isere.fr\/#organization"},"image":{"@id":"https:\/\/www.uges-isere.fr\/index.php\/2022\/12\/09\/education-la-majorite-departementale-fait-le-choix-de-contribuer-a-faire-une-ecole-a-deux-vitesses\/#primaryimage"},"thumbnailUrl":"https:\/\/www.uges-isere.fr\/wp-content\/uploads\/2022\/01\/classroom-g17f98ea98_1920.jpg","articleSection":["Education, jeunesse et sports","S\u00e9ance Publique (Budget Primitif 2023) - D\u00e9cembre 2022"],"inLanguage":"fr-FR","potentialAction":[{"@type":"CommentAction","name":"Comment","target":["https:\/\/www.uges-isere.fr\/index.php\/2022\/12\/09\/education-la-majorite-departementale-fait-le-choix-de-contribuer-a-faire-une-ecole-a-deux-vitesses\/#respond"]}]},{"@type":"WebPage","@id":"https:\/\/www.uges-isere.fr\/index.php\/2022\/12\/09\/education-la-majorite-departementale-fait-le-choix-de-contribuer-a-faire-une-ecole-a-deux-vitesses\/","url":"https:\/\/www.uges-isere.fr\/index.php\/2022\/12\/09\/education-la-majorite-departementale-fait-le-choix-de-contribuer-a-faire-une-ecole-a-deux-vitesses\/","name":"Education : la majorit\u00e9 d\u00e9partementale porte le choix de contribuer \u00e0 faire une \u00e9cole \u00e0 deux vitesses\u00a0 - D\u00e9partement de l&#039;Is\u00e8re","isPartOf":{"@id":"https:\/\/www.uges-isere.fr\/#website"},"primaryImageOfPage":{"@id":"https:\/\/www.uges-isere.fr\/index.php\/2022\/12\/09\/education-la-majorite-departementale-fait-le-choix-de-contribuer-a-faire-une-ecole-a-deux-vitesses\/#primaryimage"},"image":{"@id":"https:\/\/www.uges-isere.fr\/index.php\/2022\/12\/09\/education-la-majorite-departementale-fait-le-choix-de-contribuer-a-faire-une-ecole-a-deux-vitesses\/#primaryimage"},"thumbnailUrl":"https:\/\/www.uges-isere.fr\/wp-content\/uploads\/2022\/01\/classroom-g17f98ea98_1920.jpg","datePublished":"2022-12-09T15:15:35+00:00","dateModified":"2022-12-09T18:51:56+00:00","breadcrumb":{"@id":"https:\/\/www.uges-isere.fr\/index.php\/2022\/12\/09\/education-la-majorite-departementale-fait-le-choix-de-contribuer-a-faire-une-ecole-a-deux-vitesses\/#breadcrumb"},"inLanguage":"fr-FR","potentialAction":[{"@type":"ReadAction","target":["https:\/\/www.uges-isere.fr\/index.php\/2022\/12\/09\/education-la-majorite-departementale-fait-le-choix-de-contribuer-a-faire-une-ecole-a-deux-vitesses\/"]}]},{"@type":"ImageObject","inLanguage":"fr-FR","@id":"https:\/\/www.uges-isere.fr\/index.php\/2022\/12\/09\/education-la-majorite-departementale-fait-le-choix-de-contribuer-a-faire-une-ecole-a-deux-vitesses\/#primaryimage","url":"https:\/\/www.uges-isere.fr\/wp-content\/uploads\/2022\/01\/classroom-g17f98ea98_1920.jpg","contentUrl":"https:\/\/www.uges-isere.fr\/wp-content\/uploads\/2022\/01\/classroom-g17f98ea98_1920.jpg","width":1920,"height":1372},{"@type":"BreadcrumbList","@id":"https:\/\/www.uges-isere.fr\/index.php\/2022\/12\/09\/education-la-majorite-departementale-fait-le-choix-de-contribuer-a-faire-une-ecole-a-deux-vitesses\/#breadcrumb","itemListElement":[{"@type":"ListItem","position":1,"name":"Accueil","item":"https:\/\/www.uges-isere.fr\/"},{"@type":"ListItem","position":2,"name":"Education : la majorit\u00e9 d\u00e9partementale porte le choix de contribuer \u00e0 faire une \u00e9cole \u00e0 deux vitesses\u00a0"}]},{"@type":"WebSite","@id":"https:\/\/www.uges-isere.fr\/#website","url":"https:\/\/www.uges-isere.fr\/","name":"D\u00e9partement de l&#039;Is\u00e8re","description":"Groupe d&#039;opposition UGES","publisher":{"@id":"https:\/\/www.uges-isere.fr\/#organization"},"potentialAction":[{"@type":"SearchAction","target":{"@type":"EntryPoint","urlTemplate":"https:\/\/www.uges-isere.fr\/?s={search_term_string}"},"query-input":{"@type":"PropertyValueSpecification","valueRequired":true,"valueName":"search_term_string"}}],"inLanguage":"fr-FR"},{"@type":"Organization","@id":"https:\/\/www.uges-isere.fr\/#organization","name":"D\u00e9partement de l'Is\u00e8re","url":"https:\/\/www.uges-isere.fr\/","logo":{"@type":"ImageObject","inLanguage":"fr-FR","@id":"https:\/\/www.uges-isere.fr\/#\/schema\/logo\/image\/","url":"https:\/\/www.uges-isere.fr\/wp-content\/uploads\/2021\/10\/logo-ok.png","contentUrl":"https:\/\/www.uges-isere.fr\/wp-content\/uploads\/2021\/10\/logo-ok.png","width":2859,"height":1816,"caption":"D\u00e9partement de l'Is\u00e8re"},"image":{"@id":"https:\/\/www.uges-isere.fr\/#\/schema\/logo\/image\/"},"sameAs":["https:\/\/www.facebook.com\/LePrintemps38","https:\/\/x.com\/GroupeUGES38"]},{"@type":"Person","@id":"https:\/\/www.uges-isere.fr\/#\/schema\/person\/a200926d67119314e8837b6a085de83a","name":"ThibaudUGES38","image":{"@type":"ImageObject","inLanguage":"fr-FR","@id":"https:\/\/secure.gravatar.com\/avatar\/e182ebfe597e409aafe3378f828607b2b757ed94a3489b20112818296e03b151?s=96&d=mm&r=g","url":"https:\/\/secure.gravatar.com\/avatar\/e182ebfe597e409aafe3378f828607b2b757ed94a3489b20112818296e03b151?s=96&d=mm&r=g","contentUrl":"https:\/\/secure.gravatar.com\/avatar\/e182ebfe597e409aafe3378f828607b2b757ed94a3489b20112818296e03b151?s=96&d=mm&r=g","caption":"ThibaudUGES38"},"url":"https:\/\/www.uges-isere.fr\/index.php\/author\/thibauduges38\/"}]}},"_links":{"self":[{"href":"https:\/\/www.uges-isere.fr\/index.php\/wp-json\/wp\/v2\/posts\/682759","targetHints":{"allow":["GET"]}}],"collection":[{"href":"https:\/\/www.uges-isere.fr\/index.php\/wp-json\/wp\/v2\/posts"}],"about":[{"href":"https:\/\/www.uges-isere.fr\/index.php\/wp-json\/wp\/v2\/types\/post"}],"author":[{"embeddable":true,"href":"https:\/\/www.uges-isere.fr\/index.php\/wp-json\/wp\/v2\/users\/8"}],"replies":[{"embeddable":true,"href":"https:\/\/www.uges-isere.fr\/index.php\/wp-json\/wp\/v2\/comments?post=682759"}],"version-history":[{"count":3,"href":"https:\/\/www.uges-isere.fr\/index.php\/wp-json\/wp\/v2\/posts\/682759\/revisions"}],"predecessor-version":[{"id":682784,"href":"https:\/\/www.uges-isere.fr\/index.php\/wp-json\/wp\/v2\/posts\/682759\/revisions\/682784"}],"wp:featuredmedia":[{"embeddable":true,"href":"https:\/\/www.uges-isere.fr\/index.php\/wp-json\/wp\/v2\/media\/339187"}],"wp:attachment":[{"href":"https:\/\/www.uges-isere.fr\/index.php\/wp-json\/wp\/v2\/media?parent=682759"}],"wp:term":[{"taxonomy":"category","embeddable":true,"href":"https:\/\/www.uges-isere.fr\/index.php\/wp-json\/wp\/v2\/categories?post=682759"},{"taxonomy":"post_tag","embeddable":true,"href":"https:\/\/www.uges-isere.fr\/index.php\/wp-json\/wp\/v2\/tags?post=682759"}],"curies":[{"name":"wp","href":"https:\/\/api.w.org\/{rel}","templated":true}]}}