{"id":657978,"date":"2022-10-25T17:37:35","date_gmt":"2022-10-25T15:37:35","guid":{"rendered":"https:\/\/www.uges-isere.fr\/?p=657978"},"modified":"2023-02-15T14:38:38","modified_gmt":"2023-02-15T13:38:38","slug":"que-fait-le-chef-de-file-de-laction-sociale-une-decision-modificative-du-budget-sans-ambition-ni-anticipation","status":"publish","type":"post","link":"https:\/\/www.uges-isere.fr\/index.php\/2022\/10\/25\/que-fait-le-chef-de-file-de-laction-sociale-une-decision-modificative-du-budget-sans-ambition-ni-anticipation\/","title":{"rendered":"Que fait le chef de file de l&rsquo;action sociale ? Une d\u00e9cision modificative du budget sans ambition ni anticipation"},"content":{"rendered":"\n<p><strong>Dossier phare de la s\u00e9ance publique du 21 octobre : la d\u00e9cision modificative pour 2022. L&rsquo;occasion pour le D\u00e9partement de l&rsquo;Is\u00e8re d&rsquo;int\u00e9grer de nouvelles d\u00e9penses non pr\u00e9vues dans le budget ainsi que leur financement. Et sur ce point, ce ne sont pas les recettes qui manquent. Pourtant, le D\u00e9partement ne renforce pas son investissement dans les politiques de solidarit\u00e9s humaines. Simon Billouet, conseiller d\u00e9partemental de Grenoble 3, est intervenu pour rappeler qu&rsquo;en tant que chef de file de l&rsquo;action sociale, il est de la responsabilit\u00e9 du D\u00e9partement d&rsquo;accompagner les habitant.e.s \u00e0 travers cette crise \u00e9conomique et sociale. <\/strong><\/p>\n\n\n\n<p>La d\u00e9cision budg\u00e9taire modificative qui a \u00e9t\u00e9 pr\u00e9sent\u00e9e en s\u00e9ance publique t\u00e9moigne d&rsquo;un D\u00e9partement en bonne, en tr\u00e8s bonne sant\u00e9 financi\u00e8re. La hausse des recettes est importante et permet d&rsquo;absorber l&rsquo;augmentation des charges : on ne peut que s&rsquo;en f\u00e9liciter. Toutefois, le fait que le D\u00e9partement profite de cette occasion pour <strong>augmenter sa capacit\u00e9 d&rsquo;autofinancement<\/strong> de plus de trente millions d&rsquo;euros ne peut que nous interroger.<\/p>\n\n\n\n<p><mark style=\"background-color:rgba(0, 0, 0, 0)\" class=\"has-inline-color has-vivid-red-color\"><strong>Dans un contexte d&rsquo;une crise environnementale, climatique, et surtout \u00e9conomique et sociale, le D\u00e9partement n&rsquo;aurait-il pas pu investir plus utilement cet argent ?<\/strong><\/mark><\/p>\n\n\n\n<p>Nous comprenons, certes, l&rsquo;inqui\u00e9tude des collectivit\u00e9s locales quant \u00e0 la pr\u00e9servation de leur autonomie fiscale et financi\u00e8re. Les contrats de Cahors, le remplacement de la taxe fonci\u00e8re, la suppression de la CVAE, sont autant de mesures d\u00e9cid\u00e9es par l&rsquo;ex\u00e9cutif national au pouvoir depuis 2017, qui p\u00e8sent au quotidien sur toutes les mairies, et bien s\u00fbr \u00e9galement sur le D\u00e9partement. Face \u00e0 ces mesures, nous pensons primordial de <strong>s&rsquo;adresser au gouvernement pour lui exposer les probl\u00e8mes concrets qui se posent aux collectivit\u00e9s<\/strong>. En ce sens, nous nous r\u00e9jouissons de la r\u00e9cente prise de parole du pr\u00e9sident du D\u00e9partement au Congr\u00e8s des Maires de l&rsquo;Is\u00e8re. Pourtant, la majorit\u00e9 d\u00e9partementale s&rsquo;\u00e9tend de LREM \u00e0 Reconqu\u00eate : tous les mouvements qui la composent se retrouvent-ils dans la s\u00e9v\u00e8re critique du rapport qu&rsquo;instaure le gouvernement avec les collectivit\u00e9s locales ? Est-ce l&rsquo;explication du <strong>refus de la majorit\u00e9 d\u00e9partementale de voter avec nous le v\u0153u pour la pr\u00e9servation de l&rsquo;autonomie fiscale et financi\u00e8re des collectivit\u00e9s locales <\/strong>? <\/p>\n\n\n\n<p>Bien que nous partageons les critiques du pr\u00e9sident du D\u00e9partement de l&rsquo;Is\u00e8re, nous constatons que toutefois, le D\u00e9partement n&rsquo;est pas dans une situation financi\u00e8re dangereuse. Puisque selon le rapport financier qui nous a \u00e9t\u00e9 pr\u00e9sent\u00e9 plus t\u00f4t, \u00ab le D\u00e9partement conserve une situation financi\u00e8re saine. Il pr\u00e9sente notamment un taux d&rsquo;endettement moins \u00e9lev\u00e9 que la moyenne des D\u00e9partements de m\u00eame strate. \u00bb<\/p>\n\n\n\n<p>Dans ces conditions, en \u00e9largissant le plafond de ressources pour acc\u00e9der au <strong>fonds de solidarit\u00e9 pour le logement<\/strong>, en soutenant plus largement les <strong>services d&rsquo;aide \u00e0 domicile<\/strong>, en aidant davantage la<strong> protection de l&rsquo;enfance<\/strong>, le D\u00e9partement pourrait<strong> <\/strong>jouer pleinement <strong>son r\u00f4le de chef de file de l&rsquo;action sociale<\/strong>. Cela aiderait les m\u00e9nages les plus modestes, mais aussi les classes moyennes, les familles monoparentales, qui sont tou.te.s dans une situation particuli\u00e8rement difficile et dans un contexte global assez sombre, \u00e0 affronter cette situation. <\/p>\n\n\n\n<p>Nous constatons avec regret,<strong> ce manque d&rsquo;ambition et d&rsquo;anticipation du D\u00e9partement dans un contexte de crise<\/strong>. Cette d\u00e9cision modificative nous semble aller dans la droite ligne du budget : de simples ajustements dans un contexte de crise exceptionnelle et d&rsquo;inflation record.<\/p>\n\n\n\n<p>En cons\u00e9quence, les \u00e9lu.e.s du groupe UGES ont vot\u00e9 contre ce rapport.<\/p>\n\n\n\n<figure class=\"wp-block-video\"><video height=\"680\" style=\"aspect-ratio: 1280 \/ 680;\" width=\"1280\" controls src=\"https:\/\/www.uges-isere.fr\/wp-content\/uploads\/2022\/10\/seance-publique-Departement-de-lIsere-21-October-2022-inter-Simon.mp4\"><\/video><\/figure>\n","protected":false},"excerpt":{"rendered":"<p>Dossier phare de la s\u00e9ance publique du 21 octobre : la d\u00e9cision modificative pour 2022. L&rsquo;occasion pour le &hellip; <\/p>\n","protected":false},"author":8,"featured_media":659352,"comment_status":"closed","ping_status":"closed","sticky":false,"template":"","format":"standard","meta":{"footnotes":""},"categories":[9,34,15],"tags":[52,50,51],"class_list":["post-657978","post","type-post","status-publish","format-standard","has-post-thumbnail","hentry","category-action-sociale","category-seance-publique-decision-modificative-octobre-2022","category-seances-publiques","tag-action-sociale","tag-decision-modificative-du-budget","tag-solidarites-humaines"],"yoast_head":"<!-- This site is optimized with the Yoast SEO plugin v27.5 - https:\/\/yoast.com\/product\/yoast-seo-wordpress\/ -->\n<title>Que fait le chef de file de l&#039;action sociale ? Une d\u00e9cision modificative du budget sans ambition ni anticipation - D\u00e9partement de l&#039;Is\u00e8re<\/title>\n<meta name=\"robots\" content=\"index, follow, max-snippet:-1, max-image-preview:large, max-video-preview:-1\" \/>\n<link rel=\"canonical\" href=\"https:\/\/www.uges-isere.fr\/index.php\/2022\/10\/25\/que-fait-le-chef-de-file-de-laction-sociale-une-decision-modificative-du-budget-sans-ambition-ni-anticipation\/\" \/>\n<meta property=\"og:locale\" content=\"fr_FR\" \/>\n<meta property=\"og:type\" content=\"article\" \/>\n<meta property=\"og:title\" content=\"Que fait le chef de file de l&#039;action sociale ? Une d\u00e9cision modificative du budget sans ambition ni anticipation - D\u00e9partement de l&#039;Is\u00e8re\" \/>\n<meta property=\"og:description\" content=\"Dossier phare de la s\u00e9ance publique du 21 octobre : la d\u00e9cision modificative pour 2022. L&rsquo;occasion pour le &hellip;\" \/>\n<meta property=\"og:url\" content=\"https:\/\/www.uges-isere.fr\/index.php\/2022\/10\/25\/que-fait-le-chef-de-file-de-laction-sociale-une-decision-modificative-du-budget-sans-ambition-ni-anticipation\/\" \/>\n<meta property=\"og:site_name\" content=\"D\u00e9partement de l&#039;Is\u00e8re\" \/>\n<meta property=\"article:publisher\" content=\"https:\/\/www.facebook.com\/LePrintemps38\" \/>\n<meta property=\"article:published_time\" content=\"2022-10-25T15:37:35+00:00\" \/>\n<meta property=\"article:modified_time\" content=\"2023-02-15T13:38:38+00:00\" \/>\n<meta property=\"og:image\" content=\"https:\/\/www.uges-isere.fr\/wp-content\/uploads\/2022\/10\/Capture-decran-2022-10-26-11521-BLOG.png\" \/>\n\t<meta property=\"og:image:width\" content=\"868\" \/>\n\t<meta property=\"og:image:height\" content=\"457\" \/>\n\t<meta property=\"og:image:type\" content=\"image\/png\" \/>\n<meta name=\"author\" content=\"ThibaudUGES38\" \/>\n<meta name=\"twitter:card\" content=\"summary_large_image\" \/>\n<meta name=\"twitter:creator\" content=\"@GroupeUGES38\" \/>\n<meta name=\"twitter:site\" content=\"@GroupeUGES38\" \/>\n<meta name=\"twitter:label1\" content=\"\u00c9crit par\" \/>\n\t<meta name=\"twitter:data1\" content=\"ThibaudUGES38\" \/>\n\t<meta name=\"twitter:label2\" content=\"Dur\u00e9e de lecture estim\u00e9e\" \/>\n\t<meta name=\"twitter:data2\" content=\"3 minutes\" \/>\n<script type=\"application\/ld+json\" class=\"yoast-schema-graph\">{\"@context\":\"https:\\\/\\\/schema.org\",\"@graph\":[{\"@type\":\"Article\",\"@id\":\"https:\\\/\\\/www.uges-isere.fr\\\/index.php\\\/2022\\\/10\\\/25\\\/que-fait-le-chef-de-file-de-laction-sociale-une-decision-modificative-du-budget-sans-ambition-ni-anticipation\\\/#article\",\"isPartOf\":{\"@id\":\"https:\\\/\\\/www.uges-isere.fr\\\/index.php\\\/2022\\\/10\\\/25\\\/que-fait-le-chef-de-file-de-laction-sociale-une-decision-modificative-du-budget-sans-ambition-ni-anticipation\\\/\"},\"author\":{\"name\":\"ThibaudUGES38\",\"@id\":\"https:\\\/\\\/www.uges-isere.fr\\\/#\\\/schema\\\/person\\\/a200926d67119314e8837b6a085de83a\"},\"headline\":\"Que fait le chef de file de l&rsquo;action sociale ? Une d\u00e9cision modificative du budget sans ambition ni anticipation\",\"datePublished\":\"2022-10-25T15:37:35+00:00\",\"dateModified\":\"2023-02-15T13:38:38+00:00\",\"mainEntityOfPage\":{\"@id\":\"https:\\\/\\\/www.uges-isere.fr\\\/index.php\\\/2022\\\/10\\\/25\\\/que-fait-le-chef-de-file-de-laction-sociale-une-decision-modificative-du-budget-sans-ambition-ni-anticipation\\\/\"},\"wordCount\":623,\"publisher\":{\"@id\":\"https:\\\/\\\/www.uges-isere.fr\\\/#organization\"},\"image\":{\"@id\":\"https:\\\/\\\/www.uges-isere.fr\\\/index.php\\\/2022\\\/10\\\/25\\\/que-fait-le-chef-de-file-de-laction-sociale-une-decision-modificative-du-budget-sans-ambition-ni-anticipation\\\/#primaryimage\"},\"thumbnailUrl\":\"https:\\\/\\\/www.uges-isere.fr\\\/wp-content\\\/uploads\\\/2022\\\/10\\\/vecteezy_closeup-money-of-banknotes-and-coins_3613795-scaled.jpg\",\"keywords\":[\"action sociale\",\"d\u00e9cision modificative du budget\",\"solidarit\u00e9s humaines\"],\"articleSection\":[\"Action sociale\",\"S\u00e9ance Publique (D\u00e9cision Modificative) - Octobre 2022\",\"S\u00e9ances publiques\"],\"inLanguage\":\"fr-FR\"},{\"@type\":\"WebPage\",\"@id\":\"https:\\\/\\\/www.uges-isere.fr\\\/index.php\\\/2022\\\/10\\\/25\\\/que-fait-le-chef-de-file-de-laction-sociale-une-decision-modificative-du-budget-sans-ambition-ni-anticipation\\\/\",\"url\":\"https:\\\/\\\/www.uges-isere.fr\\\/index.php\\\/2022\\\/10\\\/25\\\/que-fait-le-chef-de-file-de-laction-sociale-une-decision-modificative-du-budget-sans-ambition-ni-anticipation\\\/\",\"name\":\"Que fait le chef de file de l'action sociale ? Une d\u00e9cision modificative du budget sans ambition ni anticipation - D\u00e9partement de l&#039;Is\u00e8re\",\"isPartOf\":{\"@id\":\"https:\\\/\\\/www.uges-isere.fr\\\/#website\"},\"primaryImageOfPage\":{\"@id\":\"https:\\\/\\\/www.uges-isere.fr\\\/index.php\\\/2022\\\/10\\\/25\\\/que-fait-le-chef-de-file-de-laction-sociale-une-decision-modificative-du-budget-sans-ambition-ni-anticipation\\\/#primaryimage\"},\"image\":{\"@id\":\"https:\\\/\\\/www.uges-isere.fr\\\/index.php\\\/2022\\\/10\\\/25\\\/que-fait-le-chef-de-file-de-laction-sociale-une-decision-modificative-du-budget-sans-ambition-ni-anticipation\\\/#primaryimage\"},\"thumbnailUrl\":\"https:\\\/\\\/www.uges-isere.fr\\\/wp-content\\\/uploads\\\/2022\\\/10\\\/vecteezy_closeup-money-of-banknotes-and-coins_3613795-scaled.jpg\",\"datePublished\":\"2022-10-25T15:37:35+00:00\",\"dateModified\":\"2023-02-15T13:38:38+00:00\",\"breadcrumb\":{\"@id\":\"https:\\\/\\\/www.uges-isere.fr\\\/index.php\\\/2022\\\/10\\\/25\\\/que-fait-le-chef-de-file-de-laction-sociale-une-decision-modificative-du-budget-sans-ambition-ni-anticipation\\\/#breadcrumb\"},\"inLanguage\":\"fr-FR\",\"potentialAction\":[{\"@type\":\"ReadAction\",\"target\":[\"https:\\\/\\\/www.uges-isere.fr\\\/index.php\\\/2022\\\/10\\\/25\\\/que-fait-le-chef-de-file-de-laction-sociale-une-decision-modificative-du-budget-sans-ambition-ni-anticipation\\\/\"]}]},{\"@type\":\"ImageObject\",\"inLanguage\":\"fr-FR\",\"@id\":\"https:\\\/\\\/www.uges-isere.fr\\\/index.php\\\/2022\\\/10\\\/25\\\/que-fait-le-chef-de-file-de-laction-sociale-une-decision-modificative-du-budget-sans-ambition-ni-anticipation\\\/#primaryimage\",\"url\":\"https:\\\/\\\/www.uges-isere.fr\\\/wp-content\\\/uploads\\\/2022\\\/10\\\/vecteezy_closeup-money-of-banknotes-and-coins_3613795-scaled.jpg\",\"contentUrl\":\"https:\\\/\\\/www.uges-isere.fr\\\/wp-content\\\/uploads\\\/2022\\\/10\\\/vecteezy_closeup-money-of-banknotes-and-coins_3613795-scaled.jpg\",\"width\":2560,\"height\":1709,\"caption\":\"closeup. money of banknotes and coins\"},{\"@type\":\"BreadcrumbList\",\"@id\":\"https:\\\/\\\/www.uges-isere.fr\\\/index.php\\\/2022\\\/10\\\/25\\\/que-fait-le-chef-de-file-de-laction-sociale-une-decision-modificative-du-budget-sans-ambition-ni-anticipation\\\/#breadcrumb\",\"itemListElement\":[{\"@type\":\"ListItem\",\"position\":1,\"name\":\"Accueil\",\"item\":\"https:\\\/\\\/www.uges-isere.fr\\\/\"},{\"@type\":\"ListItem\",\"position\":2,\"name\":\"Que fait le chef de file de l&rsquo;action sociale ? Une d\u00e9cision modificative du budget sans ambition ni anticipation\"}]},{\"@type\":\"WebSite\",\"@id\":\"https:\\\/\\\/www.uges-isere.fr\\\/#website\",\"url\":\"https:\\\/\\\/www.uges-isere.fr\\\/\",\"name\":\"D\u00e9partement de l&#039;Is\u00e8re\",\"description\":\"Groupe d&#039;opposition UGES\",\"publisher\":{\"@id\":\"https:\\\/\\\/www.uges-isere.fr\\\/#organization\"},\"potentialAction\":[{\"@type\":\"SearchAction\",\"target\":{\"@type\":\"EntryPoint\",\"urlTemplate\":\"https:\\\/\\\/www.uges-isere.fr\\\/?s={search_term_string}\"},\"query-input\":{\"@type\":\"PropertyValueSpecification\",\"valueRequired\":true,\"valueName\":\"search_term_string\"}}],\"inLanguage\":\"fr-FR\"},{\"@type\":\"Organization\",\"@id\":\"https:\\\/\\\/www.uges-isere.fr\\\/#organization\",\"name\":\"D\u00e9partement de l'Is\u00e8re\",\"url\":\"https:\\\/\\\/www.uges-isere.fr\\\/\",\"logo\":{\"@type\":\"ImageObject\",\"inLanguage\":\"fr-FR\",\"@id\":\"https:\\\/\\\/www.uges-isere.fr\\\/#\\\/schema\\\/logo\\\/image\\\/\",\"url\":\"https:\\\/\\\/www.uges-isere.fr\\\/wp-content\\\/uploads\\\/2021\\\/10\\\/logo-ok.png\",\"contentUrl\":\"https:\\\/\\\/www.uges-isere.fr\\\/wp-content\\\/uploads\\\/2021\\\/10\\\/logo-ok.png\",\"width\":2859,\"height\":1816,\"caption\":\"D\u00e9partement de l'Is\u00e8re\"},\"image\":{\"@id\":\"https:\\\/\\\/www.uges-isere.fr\\\/#\\\/schema\\\/logo\\\/image\\\/\"},\"sameAs\":[\"https:\\\/\\\/www.facebook.com\\\/LePrintemps38\",\"https:\\\/\\\/x.com\\\/GroupeUGES38\"]},{\"@type\":\"Person\",\"@id\":\"https:\\\/\\\/www.uges-isere.fr\\\/#\\\/schema\\\/person\\\/a200926d67119314e8837b6a085de83a\",\"name\":\"ThibaudUGES38\",\"image\":{\"@type\":\"ImageObject\",\"inLanguage\":\"fr-FR\",\"@id\":\"https:\\\/\\\/secure.gravatar.com\\\/avatar\\\/e182ebfe597e409aafe3378f828607b2b757ed94a3489b20112818296e03b151?s=96&d=mm&r=g\",\"url\":\"https:\\\/\\\/secure.gravatar.com\\\/avatar\\\/e182ebfe597e409aafe3378f828607b2b757ed94a3489b20112818296e03b151?s=96&d=mm&r=g\",\"contentUrl\":\"https:\\\/\\\/secure.gravatar.com\\\/avatar\\\/e182ebfe597e409aafe3378f828607b2b757ed94a3489b20112818296e03b151?s=96&d=mm&r=g\",\"caption\":\"ThibaudUGES38\"},\"url\":\"https:\\\/\\\/www.uges-isere.fr\\\/index.php\\\/author\\\/thibauduges38\\\/\"}]}<\/script>\n<!-- \/ Yoast SEO plugin. -->","yoast_head_json":{"title":"Que fait le chef de file de l'action sociale ? Une d\u00e9cision modificative du budget sans ambition ni anticipation - D\u00e9partement de l&#039;Is\u00e8re","robots":{"index":"index","follow":"follow","max-snippet":"max-snippet:-1","max-image-preview":"max-image-preview:large","max-video-preview":"max-video-preview:-1"},"canonical":"https:\/\/www.uges-isere.fr\/index.php\/2022\/10\/25\/que-fait-le-chef-de-file-de-laction-sociale-une-decision-modificative-du-budget-sans-ambition-ni-anticipation\/","og_locale":"fr_FR","og_type":"article","og_title":"Que fait le chef de file de l'action sociale ? Une d\u00e9cision modificative du budget sans ambition ni anticipation - D\u00e9partement de l&#039;Is\u00e8re","og_description":"Dossier phare de la s\u00e9ance publique du 21 octobre : la d\u00e9cision modificative pour 2022. L&rsquo;occasion pour le &hellip;","og_url":"https:\/\/www.uges-isere.fr\/index.php\/2022\/10\/25\/que-fait-le-chef-de-file-de-laction-sociale-une-decision-modificative-du-budget-sans-ambition-ni-anticipation\/","og_site_name":"D\u00e9partement de l&#039;Is\u00e8re","article_publisher":"https:\/\/www.facebook.com\/LePrintemps38","article_published_time":"2022-10-25T15:37:35+00:00","article_modified_time":"2023-02-15T13:38:38+00:00","og_image":[{"width":868,"height":457,"url":"https:\/\/www.uges-isere.fr\/wp-content\/uploads\/2022\/10\/Capture-decran-2022-10-26-11521-BLOG.png","type":"image\/png"}],"author":"ThibaudUGES38","twitter_card":"summary_large_image","twitter_creator":"@GroupeUGES38","twitter_site":"@GroupeUGES38","twitter_misc":{"\u00c9crit par":"ThibaudUGES38","Dur\u00e9e de lecture estim\u00e9e":"3 minutes"},"schema":{"@context":"https:\/\/schema.org","@graph":[{"@type":"Article","@id":"https:\/\/www.uges-isere.fr\/index.php\/2022\/10\/25\/que-fait-le-chef-de-file-de-laction-sociale-une-decision-modificative-du-budget-sans-ambition-ni-anticipation\/#article","isPartOf":{"@id":"https:\/\/www.uges-isere.fr\/index.php\/2022\/10\/25\/que-fait-le-chef-de-file-de-laction-sociale-une-decision-modificative-du-budget-sans-ambition-ni-anticipation\/"},"author":{"name":"ThibaudUGES38","@id":"https:\/\/www.uges-isere.fr\/#\/schema\/person\/a200926d67119314e8837b6a085de83a"},"headline":"Que fait le chef de file de l&rsquo;action sociale ? Une d\u00e9cision modificative du budget sans ambition ni anticipation","datePublished":"2022-10-25T15:37:35+00:00","dateModified":"2023-02-15T13:38:38+00:00","mainEntityOfPage":{"@id":"https:\/\/www.uges-isere.fr\/index.php\/2022\/10\/25\/que-fait-le-chef-de-file-de-laction-sociale-une-decision-modificative-du-budget-sans-ambition-ni-anticipation\/"},"wordCount":623,"publisher":{"@id":"https:\/\/www.uges-isere.fr\/#organization"},"image":{"@id":"https:\/\/www.uges-isere.fr\/index.php\/2022\/10\/25\/que-fait-le-chef-de-file-de-laction-sociale-une-decision-modificative-du-budget-sans-ambition-ni-anticipation\/#primaryimage"},"thumbnailUrl":"https:\/\/www.uges-isere.fr\/wp-content\/uploads\/2022\/10\/vecteezy_closeup-money-of-banknotes-and-coins_3613795-scaled.jpg","keywords":["action sociale","d\u00e9cision modificative du budget","solidarit\u00e9s humaines"],"articleSection":["Action sociale","S\u00e9ance Publique (D\u00e9cision Modificative) - Octobre 2022","S\u00e9ances publiques"],"inLanguage":"fr-FR"},{"@type":"WebPage","@id":"https:\/\/www.uges-isere.fr\/index.php\/2022\/10\/25\/que-fait-le-chef-de-file-de-laction-sociale-une-decision-modificative-du-budget-sans-ambition-ni-anticipation\/","url":"https:\/\/www.uges-isere.fr\/index.php\/2022\/10\/25\/que-fait-le-chef-de-file-de-laction-sociale-une-decision-modificative-du-budget-sans-ambition-ni-anticipation\/","name":"Que fait le chef de file de l'action sociale ? Une d\u00e9cision modificative du budget sans ambition ni anticipation - D\u00e9partement de l&#039;Is\u00e8re","isPartOf":{"@id":"https:\/\/www.uges-isere.fr\/#website"},"primaryImageOfPage":{"@id":"https:\/\/www.uges-isere.fr\/index.php\/2022\/10\/25\/que-fait-le-chef-de-file-de-laction-sociale-une-decision-modificative-du-budget-sans-ambition-ni-anticipation\/#primaryimage"},"image":{"@id":"https:\/\/www.uges-isere.fr\/index.php\/2022\/10\/25\/que-fait-le-chef-de-file-de-laction-sociale-une-decision-modificative-du-budget-sans-ambition-ni-anticipation\/#primaryimage"},"thumbnailUrl":"https:\/\/www.uges-isere.fr\/wp-content\/uploads\/2022\/10\/vecteezy_closeup-money-of-banknotes-and-coins_3613795-scaled.jpg","datePublished":"2022-10-25T15:37:35+00:00","dateModified":"2023-02-15T13:38:38+00:00","breadcrumb":{"@id":"https:\/\/www.uges-isere.fr\/index.php\/2022\/10\/25\/que-fait-le-chef-de-file-de-laction-sociale-une-decision-modificative-du-budget-sans-ambition-ni-anticipation\/#breadcrumb"},"inLanguage":"fr-FR","potentialAction":[{"@type":"ReadAction","target":["https:\/\/www.uges-isere.fr\/index.php\/2022\/10\/25\/que-fait-le-chef-de-file-de-laction-sociale-une-decision-modificative-du-budget-sans-ambition-ni-anticipation\/"]}]},{"@type":"ImageObject","inLanguage":"fr-FR","@id":"https:\/\/www.uges-isere.fr\/index.php\/2022\/10\/25\/que-fait-le-chef-de-file-de-laction-sociale-une-decision-modificative-du-budget-sans-ambition-ni-anticipation\/#primaryimage","url":"https:\/\/www.uges-isere.fr\/wp-content\/uploads\/2022\/10\/vecteezy_closeup-money-of-banknotes-and-coins_3613795-scaled.jpg","contentUrl":"https:\/\/www.uges-isere.fr\/wp-content\/uploads\/2022\/10\/vecteezy_closeup-money-of-banknotes-and-coins_3613795-scaled.jpg","width":2560,"height":1709,"caption":"closeup. money of banknotes and coins"},{"@type":"BreadcrumbList","@id":"https:\/\/www.uges-isere.fr\/index.php\/2022\/10\/25\/que-fait-le-chef-de-file-de-laction-sociale-une-decision-modificative-du-budget-sans-ambition-ni-anticipation\/#breadcrumb","itemListElement":[{"@type":"ListItem","position":1,"name":"Accueil","item":"https:\/\/www.uges-isere.fr\/"},{"@type":"ListItem","position":2,"name":"Que fait le chef de file de l&rsquo;action sociale ? Une d\u00e9cision modificative du budget sans ambition ni anticipation"}]},{"@type":"WebSite","@id":"https:\/\/www.uges-isere.fr\/#website","url":"https:\/\/www.uges-isere.fr\/","name":"D\u00e9partement de l&#039;Is\u00e8re","description":"Groupe d&#039;opposition UGES","publisher":{"@id":"https:\/\/www.uges-isere.fr\/#organization"},"potentialAction":[{"@type":"SearchAction","target":{"@type":"EntryPoint","urlTemplate":"https:\/\/www.uges-isere.fr\/?s={search_term_string}"},"query-input":{"@type":"PropertyValueSpecification","valueRequired":true,"valueName":"search_term_string"}}],"inLanguage":"fr-FR"},{"@type":"Organization","@id":"https:\/\/www.uges-isere.fr\/#organization","name":"D\u00e9partement de l'Is\u00e8re","url":"https:\/\/www.uges-isere.fr\/","logo":{"@type":"ImageObject","inLanguage":"fr-FR","@id":"https:\/\/www.uges-isere.fr\/#\/schema\/logo\/image\/","url":"https:\/\/www.uges-isere.fr\/wp-content\/uploads\/2021\/10\/logo-ok.png","contentUrl":"https:\/\/www.uges-isere.fr\/wp-content\/uploads\/2021\/10\/logo-ok.png","width":2859,"height":1816,"caption":"D\u00e9partement de l'Is\u00e8re"},"image":{"@id":"https:\/\/www.uges-isere.fr\/#\/schema\/logo\/image\/"},"sameAs":["https:\/\/www.facebook.com\/LePrintemps38","https:\/\/x.com\/GroupeUGES38"]},{"@type":"Person","@id":"https:\/\/www.uges-isere.fr\/#\/schema\/person\/a200926d67119314e8837b6a085de83a","name":"ThibaudUGES38","image":{"@type":"ImageObject","inLanguage":"fr-FR","@id":"https:\/\/secure.gravatar.com\/avatar\/e182ebfe597e409aafe3378f828607b2b757ed94a3489b20112818296e03b151?s=96&d=mm&r=g","url":"https:\/\/secure.gravatar.com\/avatar\/e182ebfe597e409aafe3378f828607b2b757ed94a3489b20112818296e03b151?s=96&d=mm&r=g","contentUrl":"https:\/\/secure.gravatar.com\/avatar\/e182ebfe597e409aafe3378f828607b2b757ed94a3489b20112818296e03b151?s=96&d=mm&r=g","caption":"ThibaudUGES38"},"url":"https:\/\/www.uges-isere.fr\/index.php\/author\/thibauduges38\/"}]}},"_links":{"self":[{"href":"https:\/\/www.uges-isere.fr\/index.php\/wp-json\/wp\/v2\/posts\/657978","targetHints":{"allow":["GET"]}}],"collection":[{"href":"https:\/\/www.uges-isere.fr\/index.php\/wp-json\/wp\/v2\/posts"}],"about":[{"href":"https:\/\/www.uges-isere.fr\/index.php\/wp-json\/wp\/v2\/types\/post"}],"author":[{"embeddable":true,"href":"https:\/\/www.uges-isere.fr\/index.php\/wp-json\/wp\/v2\/users\/8"}],"replies":[{"embeddable":true,"href":"https:\/\/www.uges-isere.fr\/index.php\/wp-json\/wp\/v2\/comments?post=657978"}],"version-history":[{"count":4,"href":"https:\/\/www.uges-isere.fr\/index.php\/wp-json\/wp\/v2\/posts\/657978\/revisions"}],"predecessor-version":[{"id":659379,"href":"https:\/\/www.uges-isere.fr\/index.php\/wp-json\/wp\/v2\/posts\/657978\/revisions\/659379"}],"wp:featuredmedia":[{"embeddable":true,"href":"https:\/\/www.uges-isere.fr\/index.php\/wp-json\/wp\/v2\/media\/659352"}],"wp:attachment":[{"href":"https:\/\/www.uges-isere.fr\/index.php\/wp-json\/wp\/v2\/media?parent=657978"}],"wp:term":[{"taxonomy":"category","embeddable":true,"href":"https:\/\/www.uges-isere.fr\/index.php\/wp-json\/wp\/v2\/categories?post=657978"},{"taxonomy":"post_tag","embeddable":true,"href":"https:\/\/www.uges-isere.fr\/index.php\/wp-json\/wp\/v2\/tags?post=657978"}],"curies":[{"name":"wp","href":"https:\/\/api.w.org\/{rel}","templated":true}]}}