{"id":657879,"date":"2022-10-25T16:59:45","date_gmt":"2022-10-25T14:59:45","guid":{"rendered":"https:\/\/www.uges-isere.fr\/?p=657879"},"modified":"2023-02-15T14:38:51","modified_gmt":"2023-02-15T13:38:51","slug":"pour-un-departement-qui-accompagne-les-colleges-a-faire-face-a-la-crise-energetique","status":"publish","type":"post","link":"https:\/\/www.uges-isere.fr\/index.php\/2022\/10\/25\/pour-un-departement-qui-accompagne-les-colleges-a-faire-face-a-la-crise-energetique\/","title":{"rendered":"Pour un accompagnement renforc\u00e9 des coll\u00e8ges face \u00e0 la crise \u00e9nerg\u00e9tique"},"content":{"rendered":"\n<p><strong>Lors de la s\u00e9ance publique du 21 octobre, les \u00e9lu.e.s du groupe UGES ont tenu \u00e0 rappeler le r\u00f4le de soutien du D\u00e9partement aux coll\u00e8ges. Soutien qui se doit d&rsquo;\u00eatre renforc\u00e9 au vu de l&rsquo;explosion des co\u00fbts de l&rsquo;\u00e9nergie. Ainsi, Fran\u00e7oise Gerbier s&rsquo;est exprim\u00e9e sur les dotations de fonctionnement 2023 des coll\u00e8ges publics et cit\u00e9s mixtes. Ces dotations, accord\u00e9es par le D\u00e9partement de l&rsquo;Is\u00e8re, sont insuffisantes. Bien que ce dernier ait toujours \u00e9t\u00e9 pr\u00e9sent pour les \u00e9tablissements, d&rsquo;autres d\u00e9partements ont adopt\u00e9 une posture proactive et mis en place des mesures exceptionnelles pour soutenir les coll\u00e8ges. <\/strong><\/p>\n\n\n\n<p>Les coll\u00e8ges sont confront\u00e9s \u00e0 une flamb\u00e9e des prix de l\u2019\u00e9nergie depuis de nombreux mois, et cette hausse ne fait que s\u2019amplifier. Les co\u00fbts de chauffage, d\u2019\u00e9lectricit\u00e9 et d\u2019eau repr\u00e9sentent plus de la moiti\u00e9 du budget de fonctionnement des coll\u00e8ges. La majorit\u00e9 d\u00e9partementale a propos\u00e9 de voter des <strong>dotations de fonctionnement dont les \u00e9lu.e.s savent d\u00e9j\u00e0 qu\u2019elles seront insuffisantes<\/strong>. Bien s\u00fbr, les \u00e9lu.e.s du groupe UGES ont vot\u00e9 ces dotations, mais elles auraient pu <strong>\u00eatre major\u00e9es pour anticiper les dotations compl\u00e9mentaires <\/strong>qui forc\u00e9ment viendront en cours d\u2019ann\u00e9e.<\/p>\n\n\n\n<p>Nous faisons confiance aux services du D\u00e9partement pour que les \u00e9tablissements soient soutenus autant que de besoin, mais dans d\u2019autres d\u00e9partements, tous bords politiques confondus, <strong>des dotations exceptionnelles ont \u00e9t\u00e9 accord\u00e9es aux coll\u00e8ges<\/strong>, \u00e0 l\u2019image de la Mayenne ou de la Vienne. Certains D\u00e9partements se placent m\u00eame v\u00e9ritablement en garde-fou, et <strong>int\u00e8grent directement dans leur budget les d\u00e9penses \u00e9nerg\u00e9tiques des coll\u00e8ges<\/strong>. Cette prise en charge rassure les partenaires, parents, enseignant.e.s, agent.e.s d\u00e9partementaux, gestionnaires qui nous font part en Conseil d&rsquo;Administration de leur inqui\u00e9tude.<\/p>\n\n\n\n<p>Au vu de l\u2019aust\u00e9rit\u00e9 mise en place par le gouvernement, les \u00e9tablissements publics attendent plus que jamais du soutien. La rentr\u00e9e de septembre a bien montr\u00e9 les manques en enseignants titulaires, les rectorats contraint d&#8217;embaucher au pied lev\u00e9 des contractuels, le manque \u00e9galement de personnel comme les infirmi\u00e8res, les m\u00e9decins scolaires, les AESH<em>.<\/em><\/p>\n\n\n\n<p><strong>Les \u00e9lu.e.s du groupe UGES resterons tr\u00e8s attentifs au fait que tous les enfants, enseignant.e.s et partenaires des coll\u00e8ges puissent travailler dans de bonnes conditions. La confiance entre le D\u00e9partement et les coll\u00e8ges est, de longue date, de mise dans ce domaine et nous souhaitons que cela reste vrai surtout en cette p\u00e9riode incertaine.<\/strong><\/p>\n\n\n\n<figure class=\"wp-block-video\"><video height=\"680\" style=\"aspect-ratio: 1280 \/ 680;\" width=\"1280\" controls src=\"https:\/\/www.uges-isere.fr\/wp-content\/uploads\/2022\/10\/seance-publique-Departement-de-lIsere-21-October-2022-inter-Francoise.mp4\"><\/video><\/figure>\n\n\n\n<p><\/p>\n","protected":false},"excerpt":{"rendered":"<p>Lors de la s\u00e9ance publique du 21 octobre, les \u00e9lu.e.s du groupe UGES ont tenu \u00e0 rappeler le &hellip; <\/p>\n","protected":false},"author":8,"featured_media":657923,"comment_status":"closed","ping_status":"closed","sticky":false,"template":"","format":"standard","meta":{"footnotes":""},"categories":[11,34,15],"tags":[37,48,49],"class_list":["post-657879","post","type-post","status-publish","format-standard","has-post-thumbnail","hentry","category-education-jeunesse-et-sports","category-seance-publique-decision-modificative-octobre-2022","category-seances-publiques","tag-colleges","tag-crise-energetique","tag-dotation-exceptionnelle"],"yoast_head":"<!-- This site is optimized with the Yoast SEO plugin v27.5 - https:\/\/yoast.com\/product\/yoast-seo-wordpress\/ -->\n<title>Pour un accompagnement renforc\u00e9 des coll\u00e8ges face \u00e0 la crise \u00e9nerg\u00e9tique - D\u00e9partement de l&#039;Is\u00e8re<\/title>\n<meta name=\"robots\" content=\"index, follow, max-snippet:-1, max-image-preview:large, max-video-preview:-1\" \/>\n<link rel=\"canonical\" href=\"https:\/\/www.uges-isere.fr\/index.php\/2022\/10\/25\/pour-un-departement-qui-accompagne-les-colleges-a-faire-face-a-la-crise-energetique\/\" \/>\n<meta property=\"og:locale\" content=\"fr_FR\" \/>\n<meta property=\"og:type\" content=\"article\" \/>\n<meta property=\"og:title\" content=\"Pour un accompagnement renforc\u00e9 des coll\u00e8ges face \u00e0 la crise \u00e9nerg\u00e9tique - D\u00e9partement de l&#039;Is\u00e8re\" \/>\n<meta property=\"og:description\" content=\"Lors de la s\u00e9ance publique du 21 octobre, les \u00e9lu.e.s du groupe UGES ont tenu \u00e0 rappeler le &hellip;\" \/>\n<meta property=\"og:url\" content=\"https:\/\/www.uges-isere.fr\/index.php\/2022\/10\/25\/pour-un-departement-qui-accompagne-les-colleges-a-faire-face-a-la-crise-energetique\/\" \/>\n<meta property=\"og:site_name\" content=\"D\u00e9partement de l&#039;Is\u00e8re\" \/>\n<meta property=\"article:publisher\" content=\"https:\/\/www.facebook.com\/LePrintemps38\" \/>\n<meta property=\"article:published_time\" content=\"2022-10-25T14:59:45+00:00\" \/>\n<meta property=\"article:modified_time\" content=\"2023-02-15T13:38:51+00:00\" \/>\n<meta property=\"og:image\" content=\"https:\/\/www.uges-isere.fr\/wp-content\/uploads\/2022\/10\/Capture-decran-2022-10-21-110945.png\" \/>\n\t<meta property=\"og:image:width\" content=\"943\" \/>\n\t<meta property=\"og:image:height\" content=\"537\" \/>\n\t<meta property=\"og:image:type\" content=\"image\/png\" \/>\n<meta name=\"author\" content=\"ThibaudUGES38\" \/>\n<meta name=\"twitter:card\" content=\"summary_large_image\" \/>\n<meta name=\"twitter:creator\" content=\"@GroupeUGES38\" \/>\n<meta name=\"twitter:site\" content=\"@GroupeUGES38\" \/>\n<meta name=\"twitter:label1\" content=\"\u00c9crit par\" \/>\n\t<meta name=\"twitter:data1\" content=\"ThibaudUGES38\" \/>\n\t<meta name=\"twitter:label2\" content=\"Dur\u00e9e de lecture estim\u00e9e\" \/>\n\t<meta name=\"twitter:data2\" content=\"2 minutes\" \/>\n<script type=\"application\/ld+json\" class=\"yoast-schema-graph\">{\"@context\":\"https:\\\/\\\/schema.org\",\"@graph\":[{\"@type\":\"Article\",\"@id\":\"https:\\\/\\\/www.uges-isere.fr\\\/index.php\\\/2022\\\/10\\\/25\\\/pour-un-departement-qui-accompagne-les-colleges-a-faire-face-a-la-crise-energetique\\\/#article\",\"isPartOf\":{\"@id\":\"https:\\\/\\\/www.uges-isere.fr\\\/index.php\\\/2022\\\/10\\\/25\\\/pour-un-departement-qui-accompagne-les-colleges-a-faire-face-a-la-crise-energetique\\\/\"},\"author\":{\"name\":\"ThibaudUGES38\",\"@id\":\"https:\\\/\\\/www.uges-isere.fr\\\/#\\\/schema\\\/person\\\/a200926d67119314e8837b6a085de83a\"},\"headline\":\"Pour un accompagnement renforc\u00e9 des coll\u00e8ges face \u00e0 la crise \u00e9nerg\u00e9tique\",\"datePublished\":\"2022-10-25T14:59:45+00:00\",\"dateModified\":\"2023-02-15T13:38:51+00:00\",\"mainEntityOfPage\":{\"@id\":\"https:\\\/\\\/www.uges-isere.fr\\\/index.php\\\/2022\\\/10\\\/25\\\/pour-un-departement-qui-accompagne-les-colleges-a-faire-face-a-la-crise-energetique\\\/\"},\"wordCount\":454,\"publisher\":{\"@id\":\"https:\\\/\\\/www.uges-isere.fr\\\/#organization\"},\"image\":{\"@id\":\"https:\\\/\\\/www.uges-isere.fr\\\/index.php\\\/2022\\\/10\\\/25\\\/pour-un-departement-qui-accompagne-les-colleges-a-faire-face-a-la-crise-energetique\\\/#primaryimage\"},\"thumbnailUrl\":\"https:\\\/\\\/www.uges-isere.fr\\\/wp-content\\\/uploads\\\/2022\\\/10\\\/vecteezy_back-to-school-background-with-school-supplies-background_2420849-scaled.jpg\",\"keywords\":[\"coll\u00e8ges\",\"crise \u00e9nerg\u00e9tique\",\"dotation exceptionnelle\"],\"articleSection\":[\"Education, jeunesse et sports\",\"S\u00e9ance Publique (D\u00e9cision Modificative) - Octobre 2022\",\"S\u00e9ances publiques\"],\"inLanguage\":\"fr-FR\"},{\"@type\":\"WebPage\",\"@id\":\"https:\\\/\\\/www.uges-isere.fr\\\/index.php\\\/2022\\\/10\\\/25\\\/pour-un-departement-qui-accompagne-les-colleges-a-faire-face-a-la-crise-energetique\\\/\",\"url\":\"https:\\\/\\\/www.uges-isere.fr\\\/index.php\\\/2022\\\/10\\\/25\\\/pour-un-departement-qui-accompagne-les-colleges-a-faire-face-a-la-crise-energetique\\\/\",\"name\":\"Pour un accompagnement renforc\u00e9 des coll\u00e8ges face \u00e0 la crise \u00e9nerg\u00e9tique - D\u00e9partement de l&#039;Is\u00e8re\",\"isPartOf\":{\"@id\":\"https:\\\/\\\/www.uges-isere.fr\\\/#website\"},\"primaryImageOfPage\":{\"@id\":\"https:\\\/\\\/www.uges-isere.fr\\\/index.php\\\/2022\\\/10\\\/25\\\/pour-un-departement-qui-accompagne-les-colleges-a-faire-face-a-la-crise-energetique\\\/#primaryimage\"},\"image\":{\"@id\":\"https:\\\/\\\/www.uges-isere.fr\\\/index.php\\\/2022\\\/10\\\/25\\\/pour-un-departement-qui-accompagne-les-colleges-a-faire-face-a-la-crise-energetique\\\/#primaryimage\"},\"thumbnailUrl\":\"https:\\\/\\\/www.uges-isere.fr\\\/wp-content\\\/uploads\\\/2022\\\/10\\\/vecteezy_back-to-school-background-with-school-supplies-background_2420849-scaled.jpg\",\"datePublished\":\"2022-10-25T14:59:45+00:00\",\"dateModified\":\"2023-02-15T13:38:51+00:00\",\"breadcrumb\":{\"@id\":\"https:\\\/\\\/www.uges-isere.fr\\\/index.php\\\/2022\\\/10\\\/25\\\/pour-un-departement-qui-accompagne-les-colleges-a-faire-face-a-la-crise-energetique\\\/#breadcrumb\"},\"inLanguage\":\"fr-FR\",\"potentialAction\":[{\"@type\":\"ReadAction\",\"target\":[\"https:\\\/\\\/www.uges-isere.fr\\\/index.php\\\/2022\\\/10\\\/25\\\/pour-un-departement-qui-accompagne-les-colleges-a-faire-face-a-la-crise-energetique\\\/\"]}]},{\"@type\":\"ImageObject\",\"inLanguage\":\"fr-FR\",\"@id\":\"https:\\\/\\\/www.uges-isere.fr\\\/index.php\\\/2022\\\/10\\\/25\\\/pour-un-departement-qui-accompagne-les-colleges-a-faire-face-a-la-crise-energetique\\\/#primaryimage\",\"url\":\"https:\\\/\\\/www.uges-isere.fr\\\/wp-content\\\/uploads\\\/2022\\\/10\\\/vecteezy_back-to-school-background-with-school-supplies-background_2420849-scaled.jpg\",\"contentUrl\":\"https:\\\/\\\/www.uges-isere.fr\\\/wp-content\\\/uploads\\\/2022\\\/10\\\/vecteezy_back-to-school-background-with-school-supplies-background_2420849-scaled.jpg\",\"width\":2560,\"height\":1898,\"caption\":\"Back to school background with school supplies background\"},{\"@type\":\"BreadcrumbList\",\"@id\":\"https:\\\/\\\/www.uges-isere.fr\\\/index.php\\\/2022\\\/10\\\/25\\\/pour-un-departement-qui-accompagne-les-colleges-a-faire-face-a-la-crise-energetique\\\/#breadcrumb\",\"itemListElement\":[{\"@type\":\"ListItem\",\"position\":1,\"name\":\"Accueil\",\"item\":\"https:\\\/\\\/www.uges-isere.fr\\\/\"},{\"@type\":\"ListItem\",\"position\":2,\"name\":\"Pour un accompagnement renforc\u00e9 des coll\u00e8ges face \u00e0 la crise \u00e9nerg\u00e9tique\"}]},{\"@type\":\"WebSite\",\"@id\":\"https:\\\/\\\/www.uges-isere.fr\\\/#website\",\"url\":\"https:\\\/\\\/www.uges-isere.fr\\\/\",\"name\":\"D\u00e9partement de l&#039;Is\u00e8re\",\"description\":\"Groupe d&#039;opposition UGES\",\"publisher\":{\"@id\":\"https:\\\/\\\/www.uges-isere.fr\\\/#organization\"},\"potentialAction\":[{\"@type\":\"SearchAction\",\"target\":{\"@type\":\"EntryPoint\",\"urlTemplate\":\"https:\\\/\\\/www.uges-isere.fr\\\/?s={search_term_string}\"},\"query-input\":{\"@type\":\"PropertyValueSpecification\",\"valueRequired\":true,\"valueName\":\"search_term_string\"}}],\"inLanguage\":\"fr-FR\"},{\"@type\":\"Organization\",\"@id\":\"https:\\\/\\\/www.uges-isere.fr\\\/#organization\",\"name\":\"D\u00e9partement de l'Is\u00e8re\",\"url\":\"https:\\\/\\\/www.uges-isere.fr\\\/\",\"logo\":{\"@type\":\"ImageObject\",\"inLanguage\":\"fr-FR\",\"@id\":\"https:\\\/\\\/www.uges-isere.fr\\\/#\\\/schema\\\/logo\\\/image\\\/\",\"url\":\"https:\\\/\\\/www.uges-isere.fr\\\/wp-content\\\/uploads\\\/2021\\\/10\\\/logo-ok.png\",\"contentUrl\":\"https:\\\/\\\/www.uges-isere.fr\\\/wp-content\\\/uploads\\\/2021\\\/10\\\/logo-ok.png\",\"width\":2859,\"height\":1816,\"caption\":\"D\u00e9partement de l'Is\u00e8re\"},\"image\":{\"@id\":\"https:\\\/\\\/www.uges-isere.fr\\\/#\\\/schema\\\/logo\\\/image\\\/\"},\"sameAs\":[\"https:\\\/\\\/www.facebook.com\\\/LePrintemps38\",\"https:\\\/\\\/x.com\\\/GroupeUGES38\"]},{\"@type\":\"Person\",\"@id\":\"https:\\\/\\\/www.uges-isere.fr\\\/#\\\/schema\\\/person\\\/a200926d67119314e8837b6a085de83a\",\"name\":\"ThibaudUGES38\",\"image\":{\"@type\":\"ImageObject\",\"inLanguage\":\"fr-FR\",\"@id\":\"https:\\\/\\\/secure.gravatar.com\\\/avatar\\\/e182ebfe597e409aafe3378f828607b2b757ed94a3489b20112818296e03b151?s=96&d=mm&r=g\",\"url\":\"https:\\\/\\\/secure.gravatar.com\\\/avatar\\\/e182ebfe597e409aafe3378f828607b2b757ed94a3489b20112818296e03b151?s=96&d=mm&r=g\",\"contentUrl\":\"https:\\\/\\\/secure.gravatar.com\\\/avatar\\\/e182ebfe597e409aafe3378f828607b2b757ed94a3489b20112818296e03b151?s=96&d=mm&r=g\",\"caption\":\"ThibaudUGES38\"},\"url\":\"https:\\\/\\\/www.uges-isere.fr\\\/index.php\\\/author\\\/thibauduges38\\\/\"}]}<\/script>\n<!-- \/ Yoast SEO plugin. -->","yoast_head_json":{"title":"Pour un accompagnement renforc\u00e9 des coll\u00e8ges face \u00e0 la crise \u00e9nerg\u00e9tique - D\u00e9partement de l&#039;Is\u00e8re","robots":{"index":"index","follow":"follow","max-snippet":"max-snippet:-1","max-image-preview":"max-image-preview:large","max-video-preview":"max-video-preview:-1"},"canonical":"https:\/\/www.uges-isere.fr\/index.php\/2022\/10\/25\/pour-un-departement-qui-accompagne-les-colleges-a-faire-face-a-la-crise-energetique\/","og_locale":"fr_FR","og_type":"article","og_title":"Pour un accompagnement renforc\u00e9 des coll\u00e8ges face \u00e0 la crise \u00e9nerg\u00e9tique - D\u00e9partement de l&#039;Is\u00e8re","og_description":"Lors de la s\u00e9ance publique du 21 octobre, les \u00e9lu.e.s du groupe UGES ont tenu \u00e0 rappeler le &hellip;","og_url":"https:\/\/www.uges-isere.fr\/index.php\/2022\/10\/25\/pour-un-departement-qui-accompagne-les-colleges-a-faire-face-a-la-crise-energetique\/","og_site_name":"D\u00e9partement de l&#039;Is\u00e8re","article_publisher":"https:\/\/www.facebook.com\/LePrintemps38","article_published_time":"2022-10-25T14:59:45+00:00","article_modified_time":"2023-02-15T13:38:51+00:00","og_image":[{"width":943,"height":537,"url":"https:\/\/www.uges-isere.fr\/wp-content\/uploads\/2022\/10\/Capture-decran-2022-10-21-110945.png","type":"image\/png"}],"author":"ThibaudUGES38","twitter_card":"summary_large_image","twitter_creator":"@GroupeUGES38","twitter_site":"@GroupeUGES38","twitter_misc":{"\u00c9crit par":"ThibaudUGES38","Dur\u00e9e de lecture estim\u00e9e":"2 minutes"},"schema":{"@context":"https:\/\/schema.org","@graph":[{"@type":"Article","@id":"https:\/\/www.uges-isere.fr\/index.php\/2022\/10\/25\/pour-un-departement-qui-accompagne-les-colleges-a-faire-face-a-la-crise-energetique\/#article","isPartOf":{"@id":"https:\/\/www.uges-isere.fr\/index.php\/2022\/10\/25\/pour-un-departement-qui-accompagne-les-colleges-a-faire-face-a-la-crise-energetique\/"},"author":{"name":"ThibaudUGES38","@id":"https:\/\/www.uges-isere.fr\/#\/schema\/person\/a200926d67119314e8837b6a085de83a"},"headline":"Pour un accompagnement renforc\u00e9 des coll\u00e8ges face \u00e0 la crise \u00e9nerg\u00e9tique","datePublished":"2022-10-25T14:59:45+00:00","dateModified":"2023-02-15T13:38:51+00:00","mainEntityOfPage":{"@id":"https:\/\/www.uges-isere.fr\/index.php\/2022\/10\/25\/pour-un-departement-qui-accompagne-les-colleges-a-faire-face-a-la-crise-energetique\/"},"wordCount":454,"publisher":{"@id":"https:\/\/www.uges-isere.fr\/#organization"},"image":{"@id":"https:\/\/www.uges-isere.fr\/index.php\/2022\/10\/25\/pour-un-departement-qui-accompagne-les-colleges-a-faire-face-a-la-crise-energetique\/#primaryimage"},"thumbnailUrl":"https:\/\/www.uges-isere.fr\/wp-content\/uploads\/2022\/10\/vecteezy_back-to-school-background-with-school-supplies-background_2420849-scaled.jpg","keywords":["coll\u00e8ges","crise \u00e9nerg\u00e9tique","dotation exceptionnelle"],"articleSection":["Education, jeunesse et sports","S\u00e9ance Publique (D\u00e9cision Modificative) - Octobre 2022","S\u00e9ances publiques"],"inLanguage":"fr-FR"},{"@type":"WebPage","@id":"https:\/\/www.uges-isere.fr\/index.php\/2022\/10\/25\/pour-un-departement-qui-accompagne-les-colleges-a-faire-face-a-la-crise-energetique\/","url":"https:\/\/www.uges-isere.fr\/index.php\/2022\/10\/25\/pour-un-departement-qui-accompagne-les-colleges-a-faire-face-a-la-crise-energetique\/","name":"Pour un accompagnement renforc\u00e9 des coll\u00e8ges face \u00e0 la crise \u00e9nerg\u00e9tique - D\u00e9partement de l&#039;Is\u00e8re","isPartOf":{"@id":"https:\/\/www.uges-isere.fr\/#website"},"primaryImageOfPage":{"@id":"https:\/\/www.uges-isere.fr\/index.php\/2022\/10\/25\/pour-un-departement-qui-accompagne-les-colleges-a-faire-face-a-la-crise-energetique\/#primaryimage"},"image":{"@id":"https:\/\/www.uges-isere.fr\/index.php\/2022\/10\/25\/pour-un-departement-qui-accompagne-les-colleges-a-faire-face-a-la-crise-energetique\/#primaryimage"},"thumbnailUrl":"https:\/\/www.uges-isere.fr\/wp-content\/uploads\/2022\/10\/vecteezy_back-to-school-background-with-school-supplies-background_2420849-scaled.jpg","datePublished":"2022-10-25T14:59:45+00:00","dateModified":"2023-02-15T13:38:51+00:00","breadcrumb":{"@id":"https:\/\/www.uges-isere.fr\/index.php\/2022\/10\/25\/pour-un-departement-qui-accompagne-les-colleges-a-faire-face-a-la-crise-energetique\/#breadcrumb"},"inLanguage":"fr-FR","potentialAction":[{"@type":"ReadAction","target":["https:\/\/www.uges-isere.fr\/index.php\/2022\/10\/25\/pour-un-departement-qui-accompagne-les-colleges-a-faire-face-a-la-crise-energetique\/"]}]},{"@type":"ImageObject","inLanguage":"fr-FR","@id":"https:\/\/www.uges-isere.fr\/index.php\/2022\/10\/25\/pour-un-departement-qui-accompagne-les-colleges-a-faire-face-a-la-crise-energetique\/#primaryimage","url":"https:\/\/www.uges-isere.fr\/wp-content\/uploads\/2022\/10\/vecteezy_back-to-school-background-with-school-supplies-background_2420849-scaled.jpg","contentUrl":"https:\/\/www.uges-isere.fr\/wp-content\/uploads\/2022\/10\/vecteezy_back-to-school-background-with-school-supplies-background_2420849-scaled.jpg","width":2560,"height":1898,"caption":"Back to school background with school supplies background"},{"@type":"BreadcrumbList","@id":"https:\/\/www.uges-isere.fr\/index.php\/2022\/10\/25\/pour-un-departement-qui-accompagne-les-colleges-a-faire-face-a-la-crise-energetique\/#breadcrumb","itemListElement":[{"@type":"ListItem","position":1,"name":"Accueil","item":"https:\/\/www.uges-isere.fr\/"},{"@type":"ListItem","position":2,"name":"Pour un accompagnement renforc\u00e9 des coll\u00e8ges face \u00e0 la crise \u00e9nerg\u00e9tique"}]},{"@type":"WebSite","@id":"https:\/\/www.uges-isere.fr\/#website","url":"https:\/\/www.uges-isere.fr\/","name":"D\u00e9partement de l&#039;Is\u00e8re","description":"Groupe d&#039;opposition UGES","publisher":{"@id":"https:\/\/www.uges-isere.fr\/#organization"},"potentialAction":[{"@type":"SearchAction","target":{"@type":"EntryPoint","urlTemplate":"https:\/\/www.uges-isere.fr\/?s={search_term_string}"},"query-input":{"@type":"PropertyValueSpecification","valueRequired":true,"valueName":"search_term_string"}}],"inLanguage":"fr-FR"},{"@type":"Organization","@id":"https:\/\/www.uges-isere.fr\/#organization","name":"D\u00e9partement de l'Is\u00e8re","url":"https:\/\/www.uges-isere.fr\/","logo":{"@type":"ImageObject","inLanguage":"fr-FR","@id":"https:\/\/www.uges-isere.fr\/#\/schema\/logo\/image\/","url":"https:\/\/www.uges-isere.fr\/wp-content\/uploads\/2021\/10\/logo-ok.png","contentUrl":"https:\/\/www.uges-isere.fr\/wp-content\/uploads\/2021\/10\/logo-ok.png","width":2859,"height":1816,"caption":"D\u00e9partement de l'Is\u00e8re"},"image":{"@id":"https:\/\/www.uges-isere.fr\/#\/schema\/logo\/image\/"},"sameAs":["https:\/\/www.facebook.com\/LePrintemps38","https:\/\/x.com\/GroupeUGES38"]},{"@type":"Person","@id":"https:\/\/www.uges-isere.fr\/#\/schema\/person\/a200926d67119314e8837b6a085de83a","name":"ThibaudUGES38","image":{"@type":"ImageObject","inLanguage":"fr-FR","@id":"https:\/\/secure.gravatar.com\/avatar\/e182ebfe597e409aafe3378f828607b2b757ed94a3489b20112818296e03b151?s=96&d=mm&r=g","url":"https:\/\/secure.gravatar.com\/avatar\/e182ebfe597e409aafe3378f828607b2b757ed94a3489b20112818296e03b151?s=96&d=mm&r=g","contentUrl":"https:\/\/secure.gravatar.com\/avatar\/e182ebfe597e409aafe3378f828607b2b757ed94a3489b20112818296e03b151?s=96&d=mm&r=g","caption":"ThibaudUGES38"},"url":"https:\/\/www.uges-isere.fr\/index.php\/author\/thibauduges38\/"}]}},"_links":{"self":[{"href":"https:\/\/www.uges-isere.fr\/index.php\/wp-json\/wp\/v2\/posts\/657879","targetHints":{"allow":["GET"]}}],"collection":[{"href":"https:\/\/www.uges-isere.fr\/index.php\/wp-json\/wp\/v2\/posts"}],"about":[{"href":"https:\/\/www.uges-isere.fr\/index.php\/wp-json\/wp\/v2\/types\/post"}],"author":[{"embeddable":true,"href":"https:\/\/www.uges-isere.fr\/index.php\/wp-json\/wp\/v2\/users\/8"}],"replies":[{"embeddable":true,"href":"https:\/\/www.uges-isere.fr\/index.php\/wp-json\/wp\/v2\/comments?post=657879"}],"version-history":[{"count":3,"href":"https:\/\/www.uges-isere.fr\/index.php\/wp-json\/wp\/v2\/posts\/657879\/revisions"}],"predecessor-version":[{"id":657972,"href":"https:\/\/www.uges-isere.fr\/index.php\/wp-json\/wp\/v2\/posts\/657879\/revisions\/657972"}],"wp:featuredmedia":[{"embeddable":true,"href":"https:\/\/www.uges-isere.fr\/index.php\/wp-json\/wp\/v2\/media\/657923"}],"wp:attachment":[{"href":"https:\/\/www.uges-isere.fr\/index.php\/wp-json\/wp\/v2\/media?parent=657879"}],"wp:term":[{"taxonomy":"category","embeddable":true,"href":"https:\/\/www.uges-isere.fr\/index.php\/wp-json\/wp\/v2\/categories?post=657879"},{"taxonomy":"post_tag","embeddable":true,"href":"https:\/\/www.uges-isere.fr\/index.php\/wp-json\/wp\/v2\/tags?post=657879"}],"curies":[{"name":"wp","href":"https:\/\/api.w.org\/{rel}","templated":true}]}}